{"id":160548,"date":"2023-06-18T06:21:26","date_gmt":"2023-06-18T10:21:26","guid":{"rendered":"https:\/\/www.eldiario.net\/portal\/?p=160548"},"modified":"2023-06-18T06:21:26","modified_gmt":"2023-06-18T10:21:26","slug":"explotadores-de-piedra-echan-a-dinamitazos-a-policias-y-periodistas","status":"publish","type":"post","link":"https:\/\/www.eldiario.net\/portal\/2023\/06\/18\/explotadores-de-piedra-echan-a-dinamitazos-a-policias-y-periodistas\/","title":{"rendered":"Explotadores de piedra echan a  dinamitazos a polic\u00edas y periodistas"},"content":{"rendered":"<p>Un grupo de trabajadores de la Cooperativa Minera No Met\u00e1lica \u201cLa Luminosa\u201d ech\u00f3 a plan de dinamitazos a una delegaci\u00f3n de polic\u00edas y periodistas que acompa\u00f1aron a funcionarios municipales al colocado de letreros de \u00e1rea verde, en las inmediaciones del cerro San Pedro, ubicado en el municipio de Oruro de la provincia de Cercado de ese departamento.<br \/>\nEste hecho ocurri\u00f3 la tarde del viernes. La acci\u00f3n de conservaci\u00f3n responder\u00eda al cumplimiento de una resoluci\u00f3n constitucional que autoriz\u00f3 tomar medidas contra la explotaci\u00f3n de la famosa piedra azul, m\u00e1s conocida como granito, muy cotizada en el \u00e1rea de construcci\u00f3n por su poder de resistencia y tambi\u00e9n es utilizada para realizar esculturas.<br \/>\nNo es la primera vez que los cooperativistas resisten una acci\u00f3n de la Alcald\u00eda de Oruro. En julio de 2013 asumieron la misma actitud, cuando la gesti\u00f3n de la entonces alcaldesa Ross\u00edo Pimentel intent\u00f3 poner orden y cobrar regal\u00edas a los cooperativistas que extraen alrededor de 100 toneladas por d\u00edas.<br \/>\nLa Asociaci\u00f3n de Periodistas y el Sindicato de Trabajadores de la Prensa de Oruro expresaron su repudio a la violenta reacci\u00f3n de los mineros, quienes atacaron con piedras y dinamitas a los periodistas que acompa\u00f1aron a la delegaci\u00f3n municipal.<br \/>\nRechazan las agresiones f\u00edsicas sufridas y exigen garant\u00edas para el desarrollo de su trabajo informativo y la reposici\u00f3n inmediata de sus herramientas de trabajo que se vieron afectadas por la violenta acci\u00f3n de los cooperativistas que, seg\u00fan expertos, est\u00e1n destruyendo uno de los cerros m\u00e1s grandes e hist\u00f3ricos de la mitolog\u00eda orure\u00f1a.<br \/>\nLas acciones de conservaci\u00f3n datan desde 1987 cuando se coloc\u00f3 un Escudo de Bolivia con piedras pintadas de blanco a cargo de 800 militares de la Segunda Divisi\u00f3n del Ej\u00e9rcito y el regimiento Eliodoro Camacho. El 2012 se propuso un proyecto de ley para declarar al Cerro San Pedro como patrimonio natural, hist\u00f3rico, cultural y tur\u00edstico departamental.<br \/>\nEl a\u00f1o pasado los vecinos del Distrito 2 de la ciudad capital se movilizaron contra la explotaci\u00f3n de piedra, a cargo de las cooperativas Luminosa y San Rom\u00e1n, porque (seg\u00fan los vecinos) la actividad productiva provoca da\u00f1os al subsuelo y genera asentamientos humanos clandestinos. (Oruro, Erbol).<\/p>\n<p>PIE DE FOTO: Cerro San Pedro, municipio de Oruro.<br \/>\nFoto:RRSS<\/p>\n","protected":false},"excerpt":{"rendered":"<p>Un grupo de trabajadores de la Cooperativa Minera No Met\u00e1lica \u201cLa Luminosa\u201d ech\u00f3 a plan de dinamitazos a una delegaci\u00f3n de polic\u00edas y periodistas que acompa\u00f1aron a funcionarios municipales al colocado de letreros de \u00e1rea verde, en las inmediaciones del cerro San Pedro, ubicado en el municipio de Oruro de la provincia de Cercado de [&hellip;]<\/p>\n","protected":false},"author":1,"featured_media":0,"comment_status":"closed","ping_status":"closed","sticky":false,"template":"","format":"standard","meta":{"_acf_changed":false,"footnotes":""},"categories":[12],"tags":[],"class_list":["post-160548","post","type-post","status-publish","format-standard","category-nacional"],"acf":{"antetitulo":""},"yoast_head":"<!-- This site is optimized with the Yoast SEO plugin v28.3 - https:\/\/yoast.com\/product\/yoast-seo-wordpress\/ -->\n<title>Explotadores de piedra echan a dinamitazos a polic\u00edas y periodistas - El Diario - Bolivia<\/title>\n<meta name=\"robots\" content=\"index, follow, max-snippet:-1, max-image-preview:large, max-video-preview:-1\" \/>\n<link rel=\"canonical\" href=\"https:\/\/www.eldiario.net\/portal\/2023\/06\/18\/explotadores-de-piedra-echan-a-dinamitazos-a-policias-y-periodistas\/\" \/>\n<meta property=\"og:locale\" content=\"es_ES\" \/>\n<meta property=\"og:type\" content=\"article\" \/>\n<meta property=\"og:title\" content=\"Explotadores de piedra echan a dinamitazos a polic\u00edas y periodistas - El Diario - Bolivia\" \/>\n<meta property=\"og:description\" content=\"Un grupo de trabajadores de la Cooperativa Minera No Met\u00e1lica \u201cLa Luminosa\u201d ech\u00f3 a plan de dinamitazos a una delegaci\u00f3n de polic\u00edas y periodistas que acompa\u00f1aron a funcionarios municipales al colocado de letreros de \u00e1rea verde, en las inmediaciones del cerro San Pedro, ubicado en el municipio de Oruro de la provincia de Cercado de [&hellip;]\" \/>\n<meta property=\"og:url\" content=\"https:\/\/www.eldiario.net\/portal\/2023\/06\/18\/explotadores-de-piedra-echan-a-dinamitazos-a-policias-y-periodistas\/\" \/>\n<meta property=\"og:site_name\" content=\"El Diario - Bolivia\" \/>\n<meta property=\"article:publisher\" content=\"https:\/\/www.facebook.com\/eldiario.bolivia\/\" \/>\n<meta property=\"article:published_time\" content=\"2023-06-18T10:21:26+00:00\" \/>\n<meta name=\"author\" content=\"Jeanette\" \/>\n<meta name=\"twitter:card\" content=\"summary_large_image\" \/>\n<meta name=\"twitter:creator\" content=\"@eldiario_net\" \/>\n<meta name=\"twitter:site\" content=\"@eldiario_net\" \/>\n<meta name=\"twitter:label1\" content=\"Escrito por\" \/>\n\t<meta name=\"twitter:data1\" content=\"Jeanette\" \/>\n\t<meta name=\"twitter:label2\" content=\"Tiempo de lectura\" \/>\n\t<meta name=\"twitter:data2\" content=\"2 minutos\" \/>\n<script type=\"application\/ld+json\" class=\"yoast-schema-graph\">{\"@context\":\"https:\\\/\\\/schema.org\",\"@graph\":[{\"@type\":\"Article\",\"@id\":\"https:\\\/\\\/www.eldiario.net\\\/portal\\\/2023\\\/06\\\/18\\\/explotadores-de-piedra-echan-a-dinamitazos-a-policias-y-periodistas\\\/#article\",\"isPartOf\":{\"@id\":\"https:\\\/\\\/www.eldiario.net\\\/portal\\\/2023\\\/06\\\/18\\\/explotadores-de-piedra-echan-a-dinamitazos-a-policias-y-periodistas\\\/\"},\"author\":{\"name\":\"Jeanette\",\"@id\":\"https:\\\/\\\/www.eldiario.net\\\/portal\\\/#\\\/schema\\\/person\\\/f46445640444750d7d753ccd04ae01b7\"},\"headline\":\"Explotadores de piedra echan a dinamitazos a polic\u00edas y periodistas\",\"datePublished\":\"2023-06-18T10:21:26+00:00\",\"mainEntityOfPage\":{\"@id\":\"https:\\\/\\\/www.eldiario.net\\\/portal\\\/2023\\\/06\\\/18\\\/explotadores-de-piedra-echan-a-dinamitazos-a-policias-y-periodistas\\\/\"},\"wordCount\":412,\"publisher\":{\"@id\":\"https:\\\/\\\/www.eldiario.net\\\/portal\\\/#organization\"},\"articleSection\":[\"Nacional\"],\"inLanguage\":\"es\"},{\"@type\":\"WebPage\",\"@id\":\"https:\\\/\\\/www.eldiario.net\\\/portal\\\/2023\\\/06\\\/18\\\/explotadores-de-piedra-echan-a-dinamitazos-a-policias-y-periodistas\\\/\",\"url\":\"https:\\\/\\\/www.eldiario.net\\\/portal\\\/2023\\\/06\\\/18\\\/explotadores-de-piedra-echan-a-dinamitazos-a-policias-y-periodistas\\\/\",\"name\":\"Explotadores de piedra echan a dinamitazos a polic\u00edas y periodistas - El Diario - Bolivia\",\"isPartOf\":{\"@id\":\"https:\\\/\\\/www.eldiario.net\\\/portal\\\/#website\"},\"datePublished\":\"2023-06-18T10:21:26+00:00\",\"breadcrumb\":{\"@id\":\"https:\\\/\\\/www.eldiario.net\\\/portal\\\/2023\\\/06\\\/18\\\/explotadores-de-piedra-echan-a-dinamitazos-a-policias-y-periodistas\\\/#breadcrumb\"},\"inLanguage\":\"es\",\"potentialAction\":[{\"@type\":\"ReadAction\",\"target\":[\"https:\\\/\\\/www.eldiario.net\\\/portal\\\/2023\\\/06\\\/18\\\/explotadores-de-piedra-echan-a-dinamitazos-a-policias-y-periodistas\\\/\"]}]},{\"@type\":\"BreadcrumbList\",\"@id\":\"https:\\\/\\\/www.eldiario.net\\\/portal\\\/2023\\\/06\\\/18\\\/explotadores-de-piedra-echan-a-dinamitazos-a-policias-y-periodistas\\\/#breadcrumb\",\"itemListElement\":[{\"@type\":\"ListItem\",\"position\":1,\"name\":\"Portada\",\"item\":\"https:\\\/\\\/www.eldiario.net\\\/portal\\\/\"},{\"@type\":\"ListItem\",\"position\":2,\"name\":\"Explotadores de piedra echan a dinamitazos a polic\u00edas y periodistas\"}]},{\"@type\":\"WebSite\",\"@id\":\"https:\\\/\\\/www.eldiario.net\\\/portal\\\/#website\",\"url\":\"https:\\\/\\\/www.eldiario.net\\\/portal\\\/\",\"name\":\"El Diario - Decano de la prensa nacional\",\"description\":\"El Diario - Decano de la prensa nacional\",\"publisher\":{\"@id\":\"https:\\\/\\\/www.eldiario.net\\\/portal\\\/#organization\"},\"potentialAction\":[{\"@type\":\"SearchAction\",\"target\":{\"@type\":\"EntryPoint\",\"urlTemplate\":\"https:\\\/\\\/www.eldiario.net\\\/portal\\\/?s={search_term_string}\"},\"query-input\":{\"@type\":\"PropertyValueSpecification\",\"valueRequired\":true,\"valueName\":\"search_term_string\"}}],\"inLanguage\":\"es\"},{\"@type\":\"Organization\",\"@id\":\"https:\\\/\\\/www.eldiario.net\\\/portal\\\/#organization\",\"name\":\"El Diario - Decano de la prensa nacional\",\"url\":\"https:\\\/\\\/www.eldiario.net\\\/portal\\\/\",\"logo\":{\"@type\":\"ImageObject\",\"inLanguage\":\"es\",\"@id\":\"https:\\\/\\\/www.eldiario.net\\\/portal\\\/#\\\/schema\\\/logo\\\/image\\\/\",\"url\":\"https:\\\/\\\/www.eldiario.net\\\/portal\\\/wp-content\\\/uploads\\\/2023\\\/07\\\/logo_ED.jpg\",\"contentUrl\":\"https:\\\/\\\/www.eldiario.net\\\/portal\\\/wp-content\\\/uploads\\\/2023\\\/07\\\/logo_ED.jpg\",\"width\":272,\"height\":52,\"caption\":\"El Diario - Decano de la prensa nacional\"},\"image\":{\"@id\":\"https:\\\/\\\/www.eldiario.net\\\/portal\\\/#\\\/schema\\\/logo\\\/image\\\/\"},\"sameAs\":[\"https:\\\/\\\/www.facebook.com\\\/eldiario.bolivia\\\/\",\"https:\\\/\\\/x.com\\\/eldiario_net\"]},{\"@type\":\"Person\",\"@id\":\"https:\\\/\\\/www.eldiario.net\\\/portal\\\/#\\\/schema\\\/person\\\/f46445640444750d7d753ccd04ae01b7\",\"name\":\"Jeanette\",\"image\":{\"@type\":\"ImageObject\",\"inLanguage\":\"es\",\"@id\":\"https:\\\/\\\/secure.gravatar.com\\\/avatar\\\/3ea2118a5f7dad2b7138b1187a6b7ee55f160b9968b66013c3a3ef39dd7e5798?s=96&d=mm&r=g\",\"url\":\"https:\\\/\\\/secure.gravatar.com\\\/avatar\\\/3ea2118a5f7dad2b7138b1187a6b7ee55f160b9968b66013c3a3ef39dd7e5798?s=96&d=mm&r=g\",\"contentUrl\":\"https:\\\/\\\/secure.gravatar.com\\\/avatar\\\/3ea2118a5f7dad2b7138b1187a6b7ee55f160b9968b66013c3a3ef39dd7e5798?s=96&d=mm&r=g\",\"caption\":\"Jeanette\"},\"sameAs\":[\"https:\\\/\\\/www.eldiario.net\\\/portal\"],\"url\":\"https:\\\/\\\/www.eldiario.net\\\/portal\\\/author\\\/jeanette\\\/\"}]}<\/script>\n<!-- \/ Yoast SEO plugin. -->","yoast_head_json":{"title":"Explotadores de piedra echan a dinamitazos a polic\u00edas y periodistas - El Diario - Bolivia","robots":{"index":"index","follow":"follow","max-snippet":"max-snippet:-1","max-image-preview":"max-image-preview:large","max-video-preview":"max-video-preview:-1"},"canonical":"https:\/\/www.eldiario.net\/portal\/2023\/06\/18\/explotadores-de-piedra-echan-a-dinamitazos-a-policias-y-periodistas\/","og_locale":"es_ES","og_type":"article","og_title":"Explotadores de piedra echan a dinamitazos a polic\u00edas y periodistas - El Diario - Bolivia","og_description":"Un grupo de trabajadores de la Cooperativa Minera No Met\u00e1lica \u201cLa Luminosa\u201d ech\u00f3 a plan de dinamitazos a una delegaci\u00f3n de polic\u00edas y periodistas que acompa\u00f1aron a funcionarios municipales al colocado de letreros de \u00e1rea verde, en las inmediaciones del cerro San Pedro, ubicado en el municipio de Oruro de la provincia de Cercado de [&hellip;]","og_url":"https:\/\/www.eldiario.net\/portal\/2023\/06\/18\/explotadores-de-piedra-echan-a-dinamitazos-a-policias-y-periodistas\/","og_site_name":"El Diario - Bolivia","article_publisher":"https:\/\/www.facebook.com\/eldiario.bolivia\/","article_published_time":"2023-06-18T10:21:26+00:00","author":"Jeanette","twitter_card":"summary_large_image","twitter_creator":"@eldiario_net","twitter_site":"@eldiario_net","twitter_misc":{"Escrito por":"Jeanette","Tiempo de lectura":"2 minutos"},"schema":{"@context":"https:\/\/schema.org","@graph":[{"@type":"Article","@id":"https:\/\/www.eldiario.net\/portal\/2023\/06\/18\/explotadores-de-piedra-echan-a-dinamitazos-a-policias-y-periodistas\/#article","isPartOf":{"@id":"https:\/\/www.eldiario.net\/portal\/2023\/06\/18\/explotadores-de-piedra-echan-a-dinamitazos-a-policias-y-periodistas\/"},"author":{"name":"Jeanette","@id":"https:\/\/www.eldiario.net\/portal\/#\/schema\/person\/f46445640444750d7d753ccd04ae01b7"},"headline":"Explotadores de piedra echan a dinamitazos a polic\u00edas y periodistas","datePublished":"2023-06-18T10:21:26+00:00","mainEntityOfPage":{"@id":"https:\/\/www.eldiario.net\/portal\/2023\/06\/18\/explotadores-de-piedra-echan-a-dinamitazos-a-policias-y-periodistas\/"},"wordCount":412,"publisher":{"@id":"https:\/\/www.eldiario.net\/portal\/#organization"},"articleSection":["Nacional"],"inLanguage":"es"},{"@type":"WebPage","@id":"https:\/\/www.eldiario.net\/portal\/2023\/06\/18\/explotadores-de-piedra-echan-a-dinamitazos-a-policias-y-periodistas\/","url":"https:\/\/www.eldiario.net\/portal\/2023\/06\/18\/explotadores-de-piedra-echan-a-dinamitazos-a-policias-y-periodistas\/","name":"Explotadores de piedra echan a dinamitazos a polic\u00edas y periodistas - El Diario - Bolivia","isPartOf":{"@id":"https:\/\/www.eldiario.net\/portal\/#website"},"datePublished":"2023-06-18T10:21:26+00:00","breadcrumb":{"@id":"https:\/\/www.eldiario.net\/portal\/2023\/06\/18\/explotadores-de-piedra-echan-a-dinamitazos-a-policias-y-periodistas\/#breadcrumb"},"inLanguage":"es","potentialAction":[{"@type":"ReadAction","target":["https:\/\/www.eldiario.net\/portal\/2023\/06\/18\/explotadores-de-piedra-echan-a-dinamitazos-a-policias-y-periodistas\/"]}]},{"@type":"BreadcrumbList","@id":"https:\/\/www.eldiario.net\/portal\/2023\/06\/18\/explotadores-de-piedra-echan-a-dinamitazos-a-policias-y-periodistas\/#breadcrumb","itemListElement":[{"@type":"ListItem","position":1,"name":"Portada","item":"https:\/\/www.eldiario.net\/portal\/"},{"@type":"ListItem","position":2,"name":"Explotadores de piedra echan a dinamitazos a polic\u00edas y periodistas"}]},{"@type":"WebSite","@id":"https:\/\/www.eldiario.net\/portal\/#website","url":"https:\/\/www.eldiario.net\/portal\/","name":"El Diario - Decano de la prensa nacional","description":"El Diario - Decano de la prensa nacional","publisher":{"@id":"https:\/\/www.eldiario.net\/portal\/#organization"},"potentialAction":[{"@type":"SearchAction","target":{"@type":"EntryPoint","urlTemplate":"https:\/\/www.eldiario.net\/portal\/?s={search_term_string}"},"query-input":{"@type":"PropertyValueSpecification","valueRequired":true,"valueName":"search_term_string"}}],"inLanguage":"es"},{"@type":"Organization","@id":"https:\/\/www.eldiario.net\/portal\/#organization","name":"El Diario - Decano de la prensa nacional","url":"https:\/\/www.eldiario.net\/portal\/","logo":{"@type":"ImageObject","inLanguage":"es","@id":"https:\/\/www.eldiario.net\/portal\/#\/schema\/logo\/image\/","url":"https:\/\/www.eldiario.net\/portal\/wp-content\/uploads\/2023\/07\/logo_ED.jpg","contentUrl":"https:\/\/www.eldiario.net\/portal\/wp-content\/uploads\/2023\/07\/logo_ED.jpg","width":272,"height":52,"caption":"El Diario - Decano de la prensa nacional"},"image":{"@id":"https:\/\/www.eldiario.net\/portal\/#\/schema\/logo\/image\/"},"sameAs":["https:\/\/www.facebook.com\/eldiario.bolivia\/","https:\/\/x.com\/eldiario_net"]},{"@type":"Person","@id":"https:\/\/www.eldiario.net\/portal\/#\/schema\/person\/f46445640444750d7d753ccd04ae01b7","name":"Jeanette","image":{"@type":"ImageObject","inLanguage":"es","@id":"https:\/\/secure.gravatar.com\/avatar\/3ea2118a5f7dad2b7138b1187a6b7ee55f160b9968b66013c3a3ef39dd7e5798?s=96&d=mm&r=g","url":"https:\/\/secure.gravatar.com\/avatar\/3ea2118a5f7dad2b7138b1187a6b7ee55f160b9968b66013c3a3ef39dd7e5798?s=96&d=mm&r=g","contentUrl":"https:\/\/secure.gravatar.com\/avatar\/3ea2118a5f7dad2b7138b1187a6b7ee55f160b9968b66013c3a3ef39dd7e5798?s=96&d=mm&r=g","caption":"Jeanette"},"sameAs":["https:\/\/www.eldiario.net\/portal"],"url":"https:\/\/www.eldiario.net\/portal\/author\/jeanette\/"}]}},"_links":{"self":[{"href":"https:\/\/www.eldiario.net\/portal\/wp-json\/wp\/v2\/posts\/160548","targetHints":{"allow":["GET"]}}],"collection":[{"href":"https:\/\/www.eldiario.net\/portal\/wp-json\/wp\/v2\/posts"}],"about":[{"href":"https:\/\/www.eldiario.net\/portal\/wp-json\/wp\/v2\/types\/post"}],"author":[{"embeddable":true,"href":"https:\/\/www.eldiario.net\/portal\/wp-json\/wp\/v2\/users\/1"}],"replies":[{"embeddable":true,"href":"https:\/\/www.eldiario.net\/portal\/wp-json\/wp\/v2\/comments?post=160548"}],"version-history":[{"count":0,"href":"https:\/\/www.eldiario.net\/portal\/wp-json\/wp\/v2\/posts\/160548\/revisions"}],"wp:attachment":[{"href":"https:\/\/www.eldiario.net\/portal\/wp-json\/wp\/v2\/media?parent=160548"}],"wp:term":[{"taxonomy":"category","embeddable":true,"href":"https:\/\/www.eldiario.net\/portal\/wp-json\/wp\/v2\/categories?post=160548"},{"taxonomy":"post_tag","embeddable":true,"href":"https:\/\/www.eldiario.net\/portal\/wp-json\/wp\/v2\/tags?post=160548"}],"curies":[{"name":"wp","href":"https:\/\/api.w.org\/{rel}","templated":true}]}}