{"id":160546,"date":"2023-06-18T06:20:57","date_gmt":"2023-06-18T10:20:57","guid":{"rendered":"https:\/\/www.eldiario.net\/portal\/?p=160546"},"modified":"2023-06-18T06:20:57","modified_gmt":"2023-06-18T10:20:57","slug":"san-julian-y-el-puente-trabajan-para-reducir-impacto-de-las-inundaciones","status":"publish","type":"post","link":"https:\/\/www.eldiario.net\/portal\/2023\/06\/18\/san-julian-y-el-puente-trabajan-para-reducir-impacto-de-las-inundaciones\/","title":{"rendered":"San Juli\u00e1n y El Puente trabajan para  reducir impacto de las inundaciones"},"content":{"rendered":"<p>Autoridades del Gobierno y de los municipios de San Juli\u00e1n y El Puente, en el departamento de Santa Cruz, realizan trabajos con maquinaria pesada para reducir el impacto de inminentes inundaciones, tras el paso del agua por comunidades de Cuatro Ca\u00f1adas y Okinawa.<br \/>\nEl viceministro de Defensa Civil, Juan Carlos Calvimontes, inform\u00f3 que se espera que en tres o cuatro d\u00edas el agua que baja de Cuatro Ca\u00f1adas y Okinawa, comunidades que ya superan las inundaciones, llegue hasta San Juli\u00e1n y El Puente.<br \/>\nLa autoridad gubernamental expres\u00f3 su preocupaci\u00f3n por el golpe de agua que se pueda dar especialmente en comunidades de El Puente en los siguientes d\u00edas, debido a que esa regi\u00f3n se encuentra en un nivel m\u00e1s bajo. Calvimontes explic\u00f3 que cerca de 15 rescatistas se dirigieron a San Juli\u00e1n y El Puente para realizar trabajos de prevenci\u00f3n ante la llegada de agua.<br \/>\nParalelamente, inform\u00f3 que se realizan trabajos de apertura de drenajes artificiales, con maquinaria pesada, incluso con la apertura de canales en plataformas camineras, para evitar que el agua se estanque en comunidades de San Juli\u00e1n y El Puente.<br \/>\nEl domingo, una fuerte lluvia en la regi\u00f3n caus\u00f3 inundaciones en los municipios de Cuatro Ca\u00f1adas y Okinawa, donde al menos 280 familias se vieron damnificadas y otras 2.000 afectadas. Cultivos, especialmente de trigo, se vieron afectados.<br \/>\nEl viceministro de Defensa Civil sostuvo que a\u00fan es prematuro hacer una evaluaci\u00f3n sobre las p\u00e9rdidas econ\u00f3micas que deja esta inundaci\u00f3n en esa regi\u00f3n del departamento cruce\u00f1o, ya que algunos productores esperan recuperar parte de sus cultivos. (Santa Cruz, Br\u00fajula Digital).<\/p>\n","protected":false},"excerpt":{"rendered":"<p>Autoridades del Gobierno y de los municipios de San Juli\u00e1n y El Puente, en el departamento de Santa Cruz, realizan trabajos con maquinaria pesada para reducir el impacto de inminentes inundaciones, tras el paso del agua por comunidades de Cuatro Ca\u00f1adas y Okinawa. El viceministro de Defensa Civil, Juan Carlos Calvimontes, inform\u00f3 que se espera [&hellip;]<\/p>\n","protected":false},"author":1,"featured_media":0,"comment_status":"closed","ping_status":"closed","sticky":false,"template":"","format":"standard","meta":{"_acf_changed":false,"footnotes":""},"categories":[12],"tags":[],"class_list":["post-160546","post","type-post","status-publish","format-standard","category-nacional"],"acf":{"antetitulo":""},"yoast_head":"<!-- This site is optimized with the Yoast SEO plugin v28.3 - https:\/\/yoast.com\/product\/yoast-seo-wordpress\/ -->\n<title>San Juli\u00e1n y El Puente trabajan para reducir impacto de las inundaciones - El Diario - Bolivia<\/title>\n<meta name=\"robots\" content=\"index, follow, max-snippet:-1, max-image-preview:large, max-video-preview:-1\" \/>\n<link rel=\"canonical\" href=\"https:\/\/www.eldiario.net\/portal\/2023\/06\/18\/san-julian-y-el-puente-trabajan-para-reducir-impacto-de-las-inundaciones\/\" \/>\n<meta property=\"og:locale\" content=\"es_ES\" \/>\n<meta property=\"og:type\" content=\"article\" \/>\n<meta property=\"og:title\" content=\"San Juli\u00e1n y El Puente trabajan para reducir impacto de las inundaciones - El Diario - Bolivia\" \/>\n<meta property=\"og:description\" content=\"Autoridades del Gobierno y de los municipios de San Juli\u00e1n y El Puente, en el departamento de Santa Cruz, realizan trabajos con maquinaria pesada para reducir el impacto de inminentes inundaciones, tras el paso del agua por comunidades de Cuatro Ca\u00f1adas y Okinawa. El viceministro de Defensa Civil, Juan Carlos Calvimontes, inform\u00f3 que se espera [&hellip;]\" \/>\n<meta property=\"og:url\" content=\"https:\/\/www.eldiario.net\/portal\/2023\/06\/18\/san-julian-y-el-puente-trabajan-para-reducir-impacto-de-las-inundaciones\/\" \/>\n<meta property=\"og:site_name\" content=\"El Diario - Bolivia\" \/>\n<meta property=\"article:publisher\" content=\"https:\/\/www.facebook.com\/eldiario.bolivia\/\" \/>\n<meta property=\"article:published_time\" content=\"2023-06-18T10:20:57+00:00\" \/>\n<meta name=\"author\" content=\"Jeanette\" \/>\n<meta name=\"twitter:card\" content=\"summary_large_image\" \/>\n<meta name=\"twitter:creator\" content=\"@eldiario_net\" \/>\n<meta name=\"twitter:site\" content=\"@eldiario_net\" \/>\n<meta name=\"twitter:label1\" content=\"Escrito por\" \/>\n\t<meta name=\"twitter:data1\" content=\"Jeanette\" \/>\n\t<meta name=\"twitter:label2\" content=\"Tiempo de lectura\" \/>\n\t<meta name=\"twitter:data2\" content=\"2 minutos\" \/>\n<script type=\"application\/ld+json\" class=\"yoast-schema-graph\">{\"@context\":\"https:\\\/\\\/schema.org\",\"@graph\":[{\"@type\":\"Article\",\"@id\":\"https:\\\/\\\/www.eldiario.net\\\/portal\\\/2023\\\/06\\\/18\\\/san-julian-y-el-puente-trabajan-para-reducir-impacto-de-las-inundaciones\\\/#article\",\"isPartOf\":{\"@id\":\"https:\\\/\\\/www.eldiario.net\\\/portal\\\/2023\\\/06\\\/18\\\/san-julian-y-el-puente-trabajan-para-reducir-impacto-de-las-inundaciones\\\/\"},\"author\":{\"name\":\"Jeanette\",\"@id\":\"https:\\\/\\\/www.eldiario.net\\\/portal\\\/#\\\/schema\\\/person\\\/f46445640444750d7d753ccd04ae01b7\"},\"headline\":\"San Juli\u00e1n y El Puente trabajan para reducir impacto de las inundaciones\",\"datePublished\":\"2023-06-18T10:20:57+00:00\",\"mainEntityOfPage\":{\"@id\":\"https:\\\/\\\/www.eldiario.net\\\/portal\\\/2023\\\/06\\\/18\\\/san-julian-y-el-puente-trabajan-para-reducir-impacto-de-las-inundaciones\\\/\"},\"wordCount\":293,\"publisher\":{\"@id\":\"https:\\\/\\\/www.eldiario.net\\\/portal\\\/#organization\"},\"articleSection\":[\"Nacional\"],\"inLanguage\":\"es\"},{\"@type\":\"WebPage\",\"@id\":\"https:\\\/\\\/www.eldiario.net\\\/portal\\\/2023\\\/06\\\/18\\\/san-julian-y-el-puente-trabajan-para-reducir-impacto-de-las-inundaciones\\\/\",\"url\":\"https:\\\/\\\/www.eldiario.net\\\/portal\\\/2023\\\/06\\\/18\\\/san-julian-y-el-puente-trabajan-para-reducir-impacto-de-las-inundaciones\\\/\",\"name\":\"San Juli\u00e1n y El Puente trabajan para reducir impacto de las inundaciones - El Diario - Bolivia\",\"isPartOf\":{\"@id\":\"https:\\\/\\\/www.eldiario.net\\\/portal\\\/#website\"},\"datePublished\":\"2023-06-18T10:20:57+00:00\",\"breadcrumb\":{\"@id\":\"https:\\\/\\\/www.eldiario.net\\\/portal\\\/2023\\\/06\\\/18\\\/san-julian-y-el-puente-trabajan-para-reducir-impacto-de-las-inundaciones\\\/#breadcrumb\"},\"inLanguage\":\"es\",\"potentialAction\":[{\"@type\":\"ReadAction\",\"target\":[\"https:\\\/\\\/www.eldiario.net\\\/portal\\\/2023\\\/06\\\/18\\\/san-julian-y-el-puente-trabajan-para-reducir-impacto-de-las-inundaciones\\\/\"]}]},{\"@type\":\"BreadcrumbList\",\"@id\":\"https:\\\/\\\/www.eldiario.net\\\/portal\\\/2023\\\/06\\\/18\\\/san-julian-y-el-puente-trabajan-para-reducir-impacto-de-las-inundaciones\\\/#breadcrumb\",\"itemListElement\":[{\"@type\":\"ListItem\",\"position\":1,\"name\":\"Portada\",\"item\":\"https:\\\/\\\/www.eldiario.net\\\/portal\\\/\"},{\"@type\":\"ListItem\",\"position\":2,\"name\":\"San Juli\u00e1n y El Puente trabajan para reducir impacto de las inundaciones\"}]},{\"@type\":\"WebSite\",\"@id\":\"https:\\\/\\\/www.eldiario.net\\\/portal\\\/#website\",\"url\":\"https:\\\/\\\/www.eldiario.net\\\/portal\\\/\",\"name\":\"El Diario - Decano de la prensa nacional\",\"description\":\"El Diario - Decano de la prensa nacional\",\"publisher\":{\"@id\":\"https:\\\/\\\/www.eldiario.net\\\/portal\\\/#organization\"},\"potentialAction\":[{\"@type\":\"SearchAction\",\"target\":{\"@type\":\"EntryPoint\",\"urlTemplate\":\"https:\\\/\\\/www.eldiario.net\\\/portal\\\/?s={search_term_string}\"},\"query-input\":{\"@type\":\"PropertyValueSpecification\",\"valueRequired\":true,\"valueName\":\"search_term_string\"}}],\"inLanguage\":\"es\"},{\"@type\":\"Organization\",\"@id\":\"https:\\\/\\\/www.eldiario.net\\\/portal\\\/#organization\",\"name\":\"El Diario - Decano de la prensa nacional\",\"url\":\"https:\\\/\\\/www.eldiario.net\\\/portal\\\/\",\"logo\":{\"@type\":\"ImageObject\",\"inLanguage\":\"es\",\"@id\":\"https:\\\/\\\/www.eldiario.net\\\/portal\\\/#\\\/schema\\\/logo\\\/image\\\/\",\"url\":\"https:\\\/\\\/www.eldiario.net\\\/portal\\\/wp-content\\\/uploads\\\/2023\\\/07\\\/logo_ED.jpg\",\"contentUrl\":\"https:\\\/\\\/www.eldiario.net\\\/portal\\\/wp-content\\\/uploads\\\/2023\\\/07\\\/logo_ED.jpg\",\"width\":272,\"height\":52,\"caption\":\"El Diario - Decano de la prensa nacional\"},\"image\":{\"@id\":\"https:\\\/\\\/www.eldiario.net\\\/portal\\\/#\\\/schema\\\/logo\\\/image\\\/\"},\"sameAs\":[\"https:\\\/\\\/www.facebook.com\\\/eldiario.bolivia\\\/\",\"https:\\\/\\\/x.com\\\/eldiario_net\"]},{\"@type\":\"Person\",\"@id\":\"https:\\\/\\\/www.eldiario.net\\\/portal\\\/#\\\/schema\\\/person\\\/f46445640444750d7d753ccd04ae01b7\",\"name\":\"Jeanette\",\"image\":{\"@type\":\"ImageObject\",\"inLanguage\":\"es\",\"@id\":\"https:\\\/\\\/secure.gravatar.com\\\/avatar\\\/3ea2118a5f7dad2b7138b1187a6b7ee55f160b9968b66013c3a3ef39dd7e5798?s=96&d=mm&r=g\",\"url\":\"https:\\\/\\\/secure.gravatar.com\\\/avatar\\\/3ea2118a5f7dad2b7138b1187a6b7ee55f160b9968b66013c3a3ef39dd7e5798?s=96&d=mm&r=g\",\"contentUrl\":\"https:\\\/\\\/secure.gravatar.com\\\/avatar\\\/3ea2118a5f7dad2b7138b1187a6b7ee55f160b9968b66013c3a3ef39dd7e5798?s=96&d=mm&r=g\",\"caption\":\"Jeanette\"},\"sameAs\":[\"https:\\\/\\\/www.eldiario.net\\\/portal\"],\"url\":\"https:\\\/\\\/www.eldiario.net\\\/portal\\\/author\\\/jeanette\\\/\"}]}<\/script>\n<!-- \/ Yoast SEO plugin. -->","yoast_head_json":{"title":"San Juli\u00e1n y El Puente trabajan para reducir impacto de las inundaciones - El Diario - Bolivia","robots":{"index":"index","follow":"follow","max-snippet":"max-snippet:-1","max-image-preview":"max-image-preview:large","max-video-preview":"max-video-preview:-1"},"canonical":"https:\/\/www.eldiario.net\/portal\/2023\/06\/18\/san-julian-y-el-puente-trabajan-para-reducir-impacto-de-las-inundaciones\/","og_locale":"es_ES","og_type":"article","og_title":"San Juli\u00e1n y El Puente trabajan para reducir impacto de las inundaciones - El Diario - Bolivia","og_description":"Autoridades del Gobierno y de los municipios de San Juli\u00e1n y El Puente, en el departamento de Santa Cruz, realizan trabajos con maquinaria pesada para reducir el impacto de inminentes inundaciones, tras el paso del agua por comunidades de Cuatro Ca\u00f1adas y Okinawa. El viceministro de Defensa Civil, Juan Carlos Calvimontes, inform\u00f3 que se espera [&hellip;]","og_url":"https:\/\/www.eldiario.net\/portal\/2023\/06\/18\/san-julian-y-el-puente-trabajan-para-reducir-impacto-de-las-inundaciones\/","og_site_name":"El Diario - Bolivia","article_publisher":"https:\/\/www.facebook.com\/eldiario.bolivia\/","article_published_time":"2023-06-18T10:20:57+00:00","author":"Jeanette","twitter_card":"summary_large_image","twitter_creator":"@eldiario_net","twitter_site":"@eldiario_net","twitter_misc":{"Escrito por":"Jeanette","Tiempo de lectura":"2 minutos"},"schema":{"@context":"https:\/\/schema.org","@graph":[{"@type":"Article","@id":"https:\/\/www.eldiario.net\/portal\/2023\/06\/18\/san-julian-y-el-puente-trabajan-para-reducir-impacto-de-las-inundaciones\/#article","isPartOf":{"@id":"https:\/\/www.eldiario.net\/portal\/2023\/06\/18\/san-julian-y-el-puente-trabajan-para-reducir-impacto-de-las-inundaciones\/"},"author":{"name":"Jeanette","@id":"https:\/\/www.eldiario.net\/portal\/#\/schema\/person\/f46445640444750d7d753ccd04ae01b7"},"headline":"San Juli\u00e1n y El Puente trabajan para reducir impacto de las inundaciones","datePublished":"2023-06-18T10:20:57+00:00","mainEntityOfPage":{"@id":"https:\/\/www.eldiario.net\/portal\/2023\/06\/18\/san-julian-y-el-puente-trabajan-para-reducir-impacto-de-las-inundaciones\/"},"wordCount":293,"publisher":{"@id":"https:\/\/www.eldiario.net\/portal\/#organization"},"articleSection":["Nacional"],"inLanguage":"es"},{"@type":"WebPage","@id":"https:\/\/www.eldiario.net\/portal\/2023\/06\/18\/san-julian-y-el-puente-trabajan-para-reducir-impacto-de-las-inundaciones\/","url":"https:\/\/www.eldiario.net\/portal\/2023\/06\/18\/san-julian-y-el-puente-trabajan-para-reducir-impacto-de-las-inundaciones\/","name":"San Juli\u00e1n y El Puente trabajan para reducir impacto de las inundaciones - El Diario - Bolivia","isPartOf":{"@id":"https:\/\/www.eldiario.net\/portal\/#website"},"datePublished":"2023-06-18T10:20:57+00:00","breadcrumb":{"@id":"https:\/\/www.eldiario.net\/portal\/2023\/06\/18\/san-julian-y-el-puente-trabajan-para-reducir-impacto-de-las-inundaciones\/#breadcrumb"},"inLanguage":"es","potentialAction":[{"@type":"ReadAction","target":["https:\/\/www.eldiario.net\/portal\/2023\/06\/18\/san-julian-y-el-puente-trabajan-para-reducir-impacto-de-las-inundaciones\/"]}]},{"@type":"BreadcrumbList","@id":"https:\/\/www.eldiario.net\/portal\/2023\/06\/18\/san-julian-y-el-puente-trabajan-para-reducir-impacto-de-las-inundaciones\/#breadcrumb","itemListElement":[{"@type":"ListItem","position":1,"name":"Portada","item":"https:\/\/www.eldiario.net\/portal\/"},{"@type":"ListItem","position":2,"name":"San Juli\u00e1n y El Puente trabajan para reducir impacto de las inundaciones"}]},{"@type":"WebSite","@id":"https:\/\/www.eldiario.net\/portal\/#website","url":"https:\/\/www.eldiario.net\/portal\/","name":"El Diario - Decano de la prensa nacional","description":"El Diario - Decano de la prensa nacional","publisher":{"@id":"https:\/\/www.eldiario.net\/portal\/#organization"},"potentialAction":[{"@type":"SearchAction","target":{"@type":"EntryPoint","urlTemplate":"https:\/\/www.eldiario.net\/portal\/?s={search_term_string}"},"query-input":{"@type":"PropertyValueSpecification","valueRequired":true,"valueName":"search_term_string"}}],"inLanguage":"es"},{"@type":"Organization","@id":"https:\/\/www.eldiario.net\/portal\/#organization","name":"El Diario - Decano de la prensa nacional","url":"https:\/\/www.eldiario.net\/portal\/","logo":{"@type":"ImageObject","inLanguage":"es","@id":"https:\/\/www.eldiario.net\/portal\/#\/schema\/logo\/image\/","url":"https:\/\/www.eldiario.net\/portal\/wp-content\/uploads\/2023\/07\/logo_ED.jpg","contentUrl":"https:\/\/www.eldiario.net\/portal\/wp-content\/uploads\/2023\/07\/logo_ED.jpg","width":272,"height":52,"caption":"El Diario - Decano de la prensa nacional"},"image":{"@id":"https:\/\/www.eldiario.net\/portal\/#\/schema\/logo\/image\/"},"sameAs":["https:\/\/www.facebook.com\/eldiario.bolivia\/","https:\/\/x.com\/eldiario_net"]},{"@type":"Person","@id":"https:\/\/www.eldiario.net\/portal\/#\/schema\/person\/f46445640444750d7d753ccd04ae01b7","name":"Jeanette","image":{"@type":"ImageObject","inLanguage":"es","@id":"https:\/\/secure.gravatar.com\/avatar\/3ea2118a5f7dad2b7138b1187a6b7ee55f160b9968b66013c3a3ef39dd7e5798?s=96&d=mm&r=g","url":"https:\/\/secure.gravatar.com\/avatar\/3ea2118a5f7dad2b7138b1187a6b7ee55f160b9968b66013c3a3ef39dd7e5798?s=96&d=mm&r=g","contentUrl":"https:\/\/secure.gravatar.com\/avatar\/3ea2118a5f7dad2b7138b1187a6b7ee55f160b9968b66013c3a3ef39dd7e5798?s=96&d=mm&r=g","caption":"Jeanette"},"sameAs":["https:\/\/www.eldiario.net\/portal"],"url":"https:\/\/www.eldiario.net\/portal\/author\/jeanette\/"}]}},"_links":{"self":[{"href":"https:\/\/www.eldiario.net\/portal\/wp-json\/wp\/v2\/posts\/160546","targetHints":{"allow":["GET"]}}],"collection":[{"href":"https:\/\/www.eldiario.net\/portal\/wp-json\/wp\/v2\/posts"}],"about":[{"href":"https:\/\/www.eldiario.net\/portal\/wp-json\/wp\/v2\/types\/post"}],"author":[{"embeddable":true,"href":"https:\/\/www.eldiario.net\/portal\/wp-json\/wp\/v2\/users\/1"}],"replies":[{"embeddable":true,"href":"https:\/\/www.eldiario.net\/portal\/wp-json\/wp\/v2\/comments?post=160546"}],"version-history":[{"count":0,"href":"https:\/\/www.eldiario.net\/portal\/wp-json\/wp\/v2\/posts\/160546\/revisions"}],"wp:attachment":[{"href":"https:\/\/www.eldiario.net\/portal\/wp-json\/wp\/v2\/media?parent=160546"}],"wp:term":[{"taxonomy":"category","embeddable":true,"href":"https:\/\/www.eldiario.net\/portal\/wp-json\/wp\/v2\/categories?post=160546"},{"taxonomy":"post_tag","embeddable":true,"href":"https:\/\/www.eldiario.net\/portal\/wp-json\/wp\/v2\/tags?post=160546"}],"curies":[{"name":"wp","href":"https:\/\/api.w.org\/{rel}","templated":true}]}}