{"id":160543,"date":"2023-06-17T09:35:11","date_gmt":"2023-06-17T13:35:11","guid":{"rendered":"https:\/\/www.eldiario.net\/portal\/?p=160543"},"modified":"2023-06-17T09:35:11","modified_gmt":"2023-06-17T13:35:11","slug":"clavijo-se-ubica-quinto-en-la-sub-23-de-la-vuelta-a-colombia","status":"publish","type":"post","link":"https:\/\/www.eldiario.net\/portal\/2023\/06\/17\/clavijo-se-ubica-quinto-en-la-sub-23-de-la-vuelta-a-colombia\/","title":{"rendered":"Clavijo se ubica quinto en la Sub-23 de la Vuelta a Colombia"},"content":{"rendered":"<p>En una jornada bastante lluviosa el ciclista colombiano Brayan Clavijo (del equipo boliviano de ciclismo P\u00edo Rico Alcald\u00eda La Vega) se situ\u00f3 en el quinto lugar de la Sub-23 en el Pr\u00f3logo de la Vuelta a Colombia que arranc\u00f3 este viernes con 7,8 kil\u00f3metros.<\/p>\n<p>P\u00edo Rico inici\u00f3 su segunda participaci\u00f3n en esta prueba que es de las m\u00e1s importantes en Latinoam\u00e9rica.<\/p>\n<p>Acudi\u00f3 con siete pedalistas: los bolivianos Jos\u00e9 Manuel Aramayo, Eduardo Moyata y Wilber Rodr\u00edguez, adem\u00e1s de los colombianos Clavijo, Camilo Castiblanco, Esteban Guerrero y Juan Felipe Rodr\u00edguez.<\/p>\n<p>En total ser\u00e1n 10 d\u00edas de competencia: un Pr\u00f3logo y nueve etapas con un trayecto final de 1.411 kil\u00f3metros.<\/p>\n<p>Participan 166 ciclistas que pertenecen a 25 equipos y que pasar\u00e1n por siete departamentos: <strong>Casanare, Boyac\u00e1, Cundinamarca, Tolima, Risaralda, Caldas y Antioquia<\/strong><strong>.<\/strong><\/p>\n<p><strong>La carrera<\/strong><\/p>\n<p>Fue un d\u00eda bastante lluvioso y ello origin\u00f3 que haya algunas ca\u00eddas por parte de los ciclistas, aunque nada de gravedad.<\/p>\n<p>El Pr\u00f3logo solo tuvo 7,8 km de distancia y el mejor de P\u00edo Rico fue Clavijo en la Sub-23 al terminar en la quinta casilla con un tiempo de 11 minutos, 5 segundos y 25 cent\u00e9simas, a 23 segundos del m\u00e1s veloz, el cafetero Santiago Ram\u00edrez (Orgullo Paisa Antioquia, con 10\u201942\u201d58).<\/p>\n<p>Aramayo acab\u00f3 en el puesto 32 en esta categor\u00eda (11\u201938\u201d77), mientras que Juan Felipe Rodr\u00edguez se ubic\u00f3 en el 45\u00b0 (11\u201958\u201d24).<\/p>\n<p>En la clasificaci\u00f3n general el m\u00e1s destacado de P\u00edo Rico fue Castiblanco al ubicarse en el 41\u00b0 (11\u201904\u201d79). Los otros acabaron en los siguientes puestos: Clavijo, en el 43\u00b0 (11\u201905\u201d25); Guerrero, 105\u00b0 (11\u201937\u201d80); Aramayo, 109\u00b0 (11\u201938\u201d77); Wilber Rodr\u00edguez, 123\u00b0 (11\u201947\u201d07); Moyata (133\u00b0 (11h53\u201975\u201d); y Juan Felipe Rodr\u00edguez, 137\u00b0 (11\u201958\u201d24).<\/p>\n<p>El ganador del pr\u00f3logo y primer l\u00edder de la competencia es el colombiano Miguel \u00c1ngel L\u00f3pez (Team Medell\u00edn, 10\u201905\u201d97), escoltado por sus compatriotas Fabio Duarte (Team Medell\u00edn, 10\u201922\u201d14) y Rodrigo Contreras (COL Potencia Vida, 10\u201923\u201d86).<\/p>\n<p><strong>Lo que viene<\/strong><\/p>\n<p>Este s\u00e1bado se correr\u00e1 la primera etapa con la distancia m\u00e1s extensa de toda la carrera: 197,3 km.<\/p>\n<p>Nuevamente Yopal ser\u00e1 el centro de la prueba y entregar\u00e1 dos premios de monta\u00f1a de cuarta categor\u00eda.<\/p>\n","protected":false},"excerpt":{"rendered":"<p>En una jornada bastante lluviosa el ciclista colombiano Brayan Clavijo (del equipo boliviano de ciclismo P\u00edo Rico Alcald\u00eda La Vega) se situ\u00f3 en el quinto lugar de la Sub-23 en el Pr\u00f3logo de la Vuelta a Colombia que arranc\u00f3 este viernes con 7,8 kil\u00f3metros. P\u00edo Rico inici\u00f3 su segunda participaci\u00f3n en esta prueba que es [&hellip;]<\/p>\n","protected":false},"author":2,"featured_media":160544,"comment_status":"closed","ping_status":"closed","sticky":false,"template":"","format":"standard","meta":{"_acf_changed":false,"footnotes":""},"categories":[6],"tags":[],"class_list":["post-160543","post","type-post","status-publish","format-standard","has-post-thumbnail","category-deportes"],"acf":{"antetitulo":""},"yoast_head":"<!-- This site is optimized with the Yoast SEO plugin v28.4 - https:\/\/yoast.com\/product\/yoast-seo-wordpress\/ -->\n<title>Clavijo se ubica quinto en la Sub-23 de la Vuelta a Colombia - El Diario - Bolivia<\/title>\n<meta name=\"robots\" content=\"index, follow, max-snippet:-1, max-image-preview:large, max-video-preview:-1\" \/>\n<link rel=\"canonical\" href=\"https:\/\/www.eldiario.net\/portal\/2023\/06\/17\/clavijo-se-ubica-quinto-en-la-sub-23-de-la-vuelta-a-colombia\/\" \/>\n<meta property=\"og:locale\" content=\"es_ES\" \/>\n<meta property=\"og:type\" content=\"article\" \/>\n<meta property=\"og:title\" content=\"Clavijo se ubica quinto en la Sub-23 de la Vuelta a Colombia - El Diario - Bolivia\" \/>\n<meta property=\"og:description\" content=\"En una jornada bastante lluviosa el ciclista colombiano Brayan Clavijo (del equipo boliviano de ciclismo P\u00edo Rico Alcald\u00eda La Vega) se situ\u00f3 en el quinto lugar de la Sub-23 en el Pr\u00f3logo de la Vuelta a Colombia que arranc\u00f3 este viernes con 7,8 kil\u00f3metros. P\u00edo Rico inici\u00f3 su segunda participaci\u00f3n en esta prueba que es [&hellip;]\" \/>\n<meta property=\"og:url\" content=\"https:\/\/www.eldiario.net\/portal\/2023\/06\/17\/clavijo-se-ubica-quinto-en-la-sub-23-de-la-vuelta-a-colombia\/\" \/>\n<meta property=\"og:site_name\" content=\"El Diario - Bolivia\" \/>\n<meta property=\"article:publisher\" content=\"https:\/\/www.facebook.com\/eldiario.bolivia\/\" \/>\n<meta property=\"article:published_time\" content=\"2023-06-17T13:35:11+00:00\" \/>\n<meta property=\"og:image\" content=\"https:\/\/www.eldiario.net\/portal\/wp-content\/uploads\/2023\/06\/WhatsApp-Image-2023-06-17-at-09.25.44.jpeg\" \/>\n\t<meta property=\"og:image:width\" content=\"1600\" \/>\n\t<meta property=\"og:image:height\" content=\"1066\" \/>\n\t<meta property=\"og:image:type\" content=\"image\/jpeg\" \/>\n<meta name=\"author\" content=\"luis Camacho\" \/>\n<meta name=\"twitter:card\" content=\"summary_large_image\" \/>\n<meta name=\"twitter:creator\" content=\"@eldiario_net\" \/>\n<meta name=\"twitter:site\" content=\"@eldiario_net\" \/>\n<meta name=\"twitter:label1\" content=\"Escrito por\" \/>\n\t<meta name=\"twitter:data1\" content=\"luis Camacho\" \/>\n\t<meta name=\"twitter:label2\" content=\"Tiempo de lectura\" \/>\n\t<meta name=\"twitter:data2\" content=\"2 minutos\" \/>\n<script type=\"application\/ld+json\" class=\"yoast-schema-graph\">{\"@context\":\"https:\\\/\\\/schema.org\",\"@graph\":[{\"@type\":\"Article\",\"@id\":\"https:\\\/\\\/www.eldiario.net\\\/portal\\\/2023\\\/06\\\/17\\\/clavijo-se-ubica-quinto-en-la-sub-23-de-la-vuelta-a-colombia\\\/#article\",\"isPartOf\":{\"@id\":\"https:\\\/\\\/www.eldiario.net\\\/portal\\\/2023\\\/06\\\/17\\\/clavijo-se-ubica-quinto-en-la-sub-23-de-la-vuelta-a-colombia\\\/\"},\"author\":{\"name\":\"luis Camacho\",\"@id\":\"https:\\\/\\\/www.eldiario.net\\\/portal\\\/#\\\/schema\\\/person\\\/c1a5d38e458b10c8ebd62f4189b82bbc\"},\"headline\":\"Clavijo se ubica quinto en la Sub-23 de la Vuelta a Colombia\",\"datePublished\":\"2023-06-17T13:35:11+00:00\",\"mainEntityOfPage\":{\"@id\":\"https:\\\/\\\/www.eldiario.net\\\/portal\\\/2023\\\/06\\\/17\\\/clavijo-se-ubica-quinto-en-la-sub-23-de-la-vuelta-a-colombia\\\/\"},\"wordCount\":365,\"publisher\":{\"@id\":\"https:\\\/\\\/www.eldiario.net\\\/portal\\\/#organization\"},\"image\":{\"@id\":\"https:\\\/\\\/www.eldiario.net\\\/portal\\\/2023\\\/06\\\/17\\\/clavijo-se-ubica-quinto-en-la-sub-23-de-la-vuelta-a-colombia\\\/#primaryimage\"},\"thumbnailUrl\":\"https:\\\/\\\/www.eldiario.net\\\/portal\\\/wp-content\\\/uploads\\\/2023\\\/06\\\/WhatsApp-Image-2023-06-17-at-09.25.44.jpeg\",\"articleSection\":[\"Deportes\"],\"inLanguage\":\"es\"},{\"@type\":\"WebPage\",\"@id\":\"https:\\\/\\\/www.eldiario.net\\\/portal\\\/2023\\\/06\\\/17\\\/clavijo-se-ubica-quinto-en-la-sub-23-de-la-vuelta-a-colombia\\\/\",\"url\":\"https:\\\/\\\/www.eldiario.net\\\/portal\\\/2023\\\/06\\\/17\\\/clavijo-se-ubica-quinto-en-la-sub-23-de-la-vuelta-a-colombia\\\/\",\"name\":\"Clavijo se ubica quinto en la Sub-23 de la Vuelta a Colombia - El Diario - Bolivia\",\"isPartOf\":{\"@id\":\"https:\\\/\\\/www.eldiario.net\\\/portal\\\/#website\"},\"primaryImageOfPage\":{\"@id\":\"https:\\\/\\\/www.eldiario.net\\\/portal\\\/2023\\\/06\\\/17\\\/clavijo-se-ubica-quinto-en-la-sub-23-de-la-vuelta-a-colombia\\\/#primaryimage\"},\"image\":{\"@id\":\"https:\\\/\\\/www.eldiario.net\\\/portal\\\/2023\\\/06\\\/17\\\/clavijo-se-ubica-quinto-en-la-sub-23-de-la-vuelta-a-colombia\\\/#primaryimage\"},\"thumbnailUrl\":\"https:\\\/\\\/www.eldiario.net\\\/portal\\\/wp-content\\\/uploads\\\/2023\\\/06\\\/WhatsApp-Image-2023-06-17-at-09.25.44.jpeg\",\"datePublished\":\"2023-06-17T13:35:11+00:00\",\"breadcrumb\":{\"@id\":\"https:\\\/\\\/www.eldiario.net\\\/portal\\\/2023\\\/06\\\/17\\\/clavijo-se-ubica-quinto-en-la-sub-23-de-la-vuelta-a-colombia\\\/#breadcrumb\"},\"inLanguage\":\"es\",\"potentialAction\":[{\"@type\":\"ReadAction\",\"target\":[\"https:\\\/\\\/www.eldiario.net\\\/portal\\\/2023\\\/06\\\/17\\\/clavijo-se-ubica-quinto-en-la-sub-23-de-la-vuelta-a-colombia\\\/\"]}]},{\"@type\":\"ImageObject\",\"inLanguage\":\"es\",\"@id\":\"https:\\\/\\\/www.eldiario.net\\\/portal\\\/2023\\\/06\\\/17\\\/clavijo-se-ubica-quinto-en-la-sub-23-de-la-vuelta-a-colombia\\\/#primaryimage\",\"url\":\"https:\\\/\\\/www.eldiario.net\\\/portal\\\/wp-content\\\/uploads\\\/2023\\\/06\\\/WhatsApp-Image-2023-06-17-at-09.25.44.jpeg\",\"contentUrl\":\"https:\\\/\\\/www.eldiario.net\\\/portal\\\/wp-content\\\/uploads\\\/2023\\\/06\\\/WhatsApp-Image-2023-06-17-at-09.25.44.jpeg\",\"width\":1600,\"height\":1066},{\"@type\":\"BreadcrumbList\",\"@id\":\"https:\\\/\\\/www.eldiario.net\\\/portal\\\/2023\\\/06\\\/17\\\/clavijo-se-ubica-quinto-en-la-sub-23-de-la-vuelta-a-colombia\\\/#breadcrumb\",\"itemListElement\":[{\"@type\":\"ListItem\",\"position\":1,\"name\":\"Portada\",\"item\":\"https:\\\/\\\/www.eldiario.net\\\/portal\\\/\"},{\"@type\":\"ListItem\",\"position\":2,\"name\":\"Clavijo se ubica quinto en la Sub-23 de la Vuelta a Colombia\"}]},{\"@type\":\"WebSite\",\"@id\":\"https:\\\/\\\/www.eldiario.net\\\/portal\\\/#website\",\"url\":\"https:\\\/\\\/www.eldiario.net\\\/portal\\\/\",\"name\":\"El Diario - Decano de la prensa nacional\",\"description\":\"El Diario - Decano de la prensa nacional\",\"publisher\":{\"@id\":\"https:\\\/\\\/www.eldiario.net\\\/portal\\\/#organization\"},\"potentialAction\":[{\"@type\":\"SearchAction\",\"target\":{\"@type\":\"EntryPoint\",\"urlTemplate\":\"https:\\\/\\\/www.eldiario.net\\\/portal\\\/?s={search_term_string}\"},\"query-input\":{\"@type\":\"PropertyValueSpecification\",\"valueRequired\":true,\"valueName\":\"search_term_string\"}}],\"inLanguage\":\"es\"},{\"@type\":\"Organization\",\"@id\":\"https:\\\/\\\/www.eldiario.net\\\/portal\\\/#organization\",\"name\":\"El Diario - Decano de la prensa nacional\",\"url\":\"https:\\\/\\\/www.eldiario.net\\\/portal\\\/\",\"logo\":{\"@type\":\"ImageObject\",\"inLanguage\":\"es\",\"@id\":\"https:\\\/\\\/www.eldiario.net\\\/portal\\\/#\\\/schema\\\/logo\\\/image\\\/\",\"url\":\"https:\\\/\\\/www.eldiario.net\\\/portal\\\/wp-content\\\/uploads\\\/2023\\\/07\\\/logo_ED.jpg\",\"contentUrl\":\"https:\\\/\\\/www.eldiario.net\\\/portal\\\/wp-content\\\/uploads\\\/2023\\\/07\\\/logo_ED.jpg\",\"width\":272,\"height\":52,\"caption\":\"El Diario - Decano de la prensa nacional\"},\"image\":{\"@id\":\"https:\\\/\\\/www.eldiario.net\\\/portal\\\/#\\\/schema\\\/logo\\\/image\\\/\"},\"sameAs\":[\"https:\\\/\\\/www.facebook.com\\\/eldiario.bolivia\\\/\",\"https:\\\/\\\/x.com\\\/eldiario_net\"]},{\"@type\":\"Person\",\"@id\":\"https:\\\/\\\/www.eldiario.net\\\/portal\\\/#\\\/schema\\\/person\\\/c1a5d38e458b10c8ebd62f4189b82bbc\",\"name\":\"luis Camacho\",\"image\":{\"@type\":\"ImageObject\",\"inLanguage\":\"es\",\"@id\":\"https:\\\/\\\/secure.gravatar.com\\\/avatar\\\/69ecb836b3826d5a2501bf06ab2a2f2c8ab211cc846758f395df21684cb38313?s=96&d=mm&r=g\",\"url\":\"https:\\\/\\\/secure.gravatar.com\\\/avatar\\\/69ecb836b3826d5a2501bf06ab2a2f2c8ab211cc846758f395df21684cb38313?s=96&d=mm&r=g\",\"contentUrl\":\"https:\\\/\\\/secure.gravatar.com\\\/avatar\\\/69ecb836b3826d5a2501bf06ab2a2f2c8ab211cc846758f395df21684cb38313?s=96&d=mm&r=g\",\"caption\":\"luis Camacho\"},\"url\":\"https:\\\/\\\/www.eldiario.net\\\/portal\\\/author\\\/luis\\\/\"}]}<\/script>\n<!-- \/ Yoast SEO plugin. -->","yoast_head_json":{"title":"Clavijo se ubica quinto en la Sub-23 de la Vuelta a Colombia - El Diario - Bolivia","robots":{"index":"index","follow":"follow","max-snippet":"max-snippet:-1","max-image-preview":"max-image-preview:large","max-video-preview":"max-video-preview:-1"},"canonical":"https:\/\/www.eldiario.net\/portal\/2023\/06\/17\/clavijo-se-ubica-quinto-en-la-sub-23-de-la-vuelta-a-colombia\/","og_locale":"es_ES","og_type":"article","og_title":"Clavijo se ubica quinto en la Sub-23 de la Vuelta a Colombia - El Diario - Bolivia","og_description":"En una jornada bastante lluviosa el ciclista colombiano Brayan Clavijo (del equipo boliviano de ciclismo P\u00edo Rico Alcald\u00eda La Vega) se situ\u00f3 en el quinto lugar de la Sub-23 en el Pr\u00f3logo de la Vuelta a Colombia que arranc\u00f3 este viernes con 7,8 kil\u00f3metros. P\u00edo Rico inici\u00f3 su segunda participaci\u00f3n en esta prueba que es [&hellip;]","og_url":"https:\/\/www.eldiario.net\/portal\/2023\/06\/17\/clavijo-se-ubica-quinto-en-la-sub-23-de-la-vuelta-a-colombia\/","og_site_name":"El Diario - Bolivia","article_publisher":"https:\/\/www.facebook.com\/eldiario.bolivia\/","article_published_time":"2023-06-17T13:35:11+00:00","og_image":[{"width":1600,"height":1066,"url":"https:\/\/www.eldiario.net\/portal\/wp-content\/uploads\/2023\/06\/WhatsApp-Image-2023-06-17-at-09.25.44.jpeg","type":"image\/jpeg"}],"author":"luis Camacho","twitter_card":"summary_large_image","twitter_creator":"@eldiario_net","twitter_site":"@eldiario_net","twitter_misc":{"Escrito por":"luis Camacho","Tiempo de lectura":"2 minutos"},"schema":{"@context":"https:\/\/schema.org","@graph":[{"@type":"Article","@id":"https:\/\/www.eldiario.net\/portal\/2023\/06\/17\/clavijo-se-ubica-quinto-en-la-sub-23-de-la-vuelta-a-colombia\/#article","isPartOf":{"@id":"https:\/\/www.eldiario.net\/portal\/2023\/06\/17\/clavijo-se-ubica-quinto-en-la-sub-23-de-la-vuelta-a-colombia\/"},"author":{"name":"luis Camacho","@id":"https:\/\/www.eldiario.net\/portal\/#\/schema\/person\/c1a5d38e458b10c8ebd62f4189b82bbc"},"headline":"Clavijo se ubica quinto en la Sub-23 de la Vuelta a Colombia","datePublished":"2023-06-17T13:35:11+00:00","mainEntityOfPage":{"@id":"https:\/\/www.eldiario.net\/portal\/2023\/06\/17\/clavijo-se-ubica-quinto-en-la-sub-23-de-la-vuelta-a-colombia\/"},"wordCount":365,"publisher":{"@id":"https:\/\/www.eldiario.net\/portal\/#organization"},"image":{"@id":"https:\/\/www.eldiario.net\/portal\/2023\/06\/17\/clavijo-se-ubica-quinto-en-la-sub-23-de-la-vuelta-a-colombia\/#primaryimage"},"thumbnailUrl":"https:\/\/www.eldiario.net\/portal\/wp-content\/uploads\/2023\/06\/WhatsApp-Image-2023-06-17-at-09.25.44.jpeg","articleSection":["Deportes"],"inLanguage":"es"},{"@type":"WebPage","@id":"https:\/\/www.eldiario.net\/portal\/2023\/06\/17\/clavijo-se-ubica-quinto-en-la-sub-23-de-la-vuelta-a-colombia\/","url":"https:\/\/www.eldiario.net\/portal\/2023\/06\/17\/clavijo-se-ubica-quinto-en-la-sub-23-de-la-vuelta-a-colombia\/","name":"Clavijo se ubica quinto en la Sub-23 de la Vuelta a Colombia - El Diario - Bolivia","isPartOf":{"@id":"https:\/\/www.eldiario.net\/portal\/#website"},"primaryImageOfPage":{"@id":"https:\/\/www.eldiario.net\/portal\/2023\/06\/17\/clavijo-se-ubica-quinto-en-la-sub-23-de-la-vuelta-a-colombia\/#primaryimage"},"image":{"@id":"https:\/\/www.eldiario.net\/portal\/2023\/06\/17\/clavijo-se-ubica-quinto-en-la-sub-23-de-la-vuelta-a-colombia\/#primaryimage"},"thumbnailUrl":"https:\/\/www.eldiario.net\/portal\/wp-content\/uploads\/2023\/06\/WhatsApp-Image-2023-06-17-at-09.25.44.jpeg","datePublished":"2023-06-17T13:35:11+00:00","breadcrumb":{"@id":"https:\/\/www.eldiario.net\/portal\/2023\/06\/17\/clavijo-se-ubica-quinto-en-la-sub-23-de-la-vuelta-a-colombia\/#breadcrumb"},"inLanguage":"es","potentialAction":[{"@type":"ReadAction","target":["https:\/\/www.eldiario.net\/portal\/2023\/06\/17\/clavijo-se-ubica-quinto-en-la-sub-23-de-la-vuelta-a-colombia\/"]}]},{"@type":"ImageObject","inLanguage":"es","@id":"https:\/\/www.eldiario.net\/portal\/2023\/06\/17\/clavijo-se-ubica-quinto-en-la-sub-23-de-la-vuelta-a-colombia\/#primaryimage","url":"https:\/\/www.eldiario.net\/portal\/wp-content\/uploads\/2023\/06\/WhatsApp-Image-2023-06-17-at-09.25.44.jpeg","contentUrl":"https:\/\/www.eldiario.net\/portal\/wp-content\/uploads\/2023\/06\/WhatsApp-Image-2023-06-17-at-09.25.44.jpeg","width":1600,"height":1066},{"@type":"BreadcrumbList","@id":"https:\/\/www.eldiario.net\/portal\/2023\/06\/17\/clavijo-se-ubica-quinto-en-la-sub-23-de-la-vuelta-a-colombia\/#breadcrumb","itemListElement":[{"@type":"ListItem","position":1,"name":"Portada","item":"https:\/\/www.eldiario.net\/portal\/"},{"@type":"ListItem","position":2,"name":"Clavijo se ubica quinto en la Sub-23 de la Vuelta a Colombia"}]},{"@type":"WebSite","@id":"https:\/\/www.eldiario.net\/portal\/#website","url":"https:\/\/www.eldiario.net\/portal\/","name":"El Diario - Decano de la prensa nacional","description":"El Diario - Decano de la prensa nacional","publisher":{"@id":"https:\/\/www.eldiario.net\/portal\/#organization"},"potentialAction":[{"@type":"SearchAction","target":{"@type":"EntryPoint","urlTemplate":"https:\/\/www.eldiario.net\/portal\/?s={search_term_string}"},"query-input":{"@type":"PropertyValueSpecification","valueRequired":true,"valueName":"search_term_string"}}],"inLanguage":"es"},{"@type":"Organization","@id":"https:\/\/www.eldiario.net\/portal\/#organization","name":"El Diario - Decano de la prensa nacional","url":"https:\/\/www.eldiario.net\/portal\/","logo":{"@type":"ImageObject","inLanguage":"es","@id":"https:\/\/www.eldiario.net\/portal\/#\/schema\/logo\/image\/","url":"https:\/\/www.eldiario.net\/portal\/wp-content\/uploads\/2023\/07\/logo_ED.jpg","contentUrl":"https:\/\/www.eldiario.net\/portal\/wp-content\/uploads\/2023\/07\/logo_ED.jpg","width":272,"height":52,"caption":"El Diario - Decano de la prensa nacional"},"image":{"@id":"https:\/\/www.eldiario.net\/portal\/#\/schema\/logo\/image\/"},"sameAs":["https:\/\/www.facebook.com\/eldiario.bolivia\/","https:\/\/x.com\/eldiario_net"]},{"@type":"Person","@id":"https:\/\/www.eldiario.net\/portal\/#\/schema\/person\/c1a5d38e458b10c8ebd62f4189b82bbc","name":"luis Camacho","image":{"@type":"ImageObject","inLanguage":"es","@id":"https:\/\/secure.gravatar.com\/avatar\/69ecb836b3826d5a2501bf06ab2a2f2c8ab211cc846758f395df21684cb38313?s=96&d=mm&r=g","url":"https:\/\/secure.gravatar.com\/avatar\/69ecb836b3826d5a2501bf06ab2a2f2c8ab211cc846758f395df21684cb38313?s=96&d=mm&r=g","contentUrl":"https:\/\/secure.gravatar.com\/avatar\/69ecb836b3826d5a2501bf06ab2a2f2c8ab211cc846758f395df21684cb38313?s=96&d=mm&r=g","caption":"luis Camacho"},"url":"https:\/\/www.eldiario.net\/portal\/author\/luis\/"}]}},"_links":{"self":[{"href":"https:\/\/www.eldiario.net\/portal\/wp-json\/wp\/v2\/posts\/160543","targetHints":{"allow":["GET"]}}],"collection":[{"href":"https:\/\/www.eldiario.net\/portal\/wp-json\/wp\/v2\/posts"}],"about":[{"href":"https:\/\/www.eldiario.net\/portal\/wp-json\/wp\/v2\/types\/post"}],"author":[{"embeddable":true,"href":"https:\/\/www.eldiario.net\/portal\/wp-json\/wp\/v2\/users\/2"}],"replies":[{"embeddable":true,"href":"https:\/\/www.eldiario.net\/portal\/wp-json\/wp\/v2\/comments?post=160543"}],"version-history":[{"count":0,"href":"https:\/\/www.eldiario.net\/portal\/wp-json\/wp\/v2\/posts\/160543\/revisions"}],"wp:featuredmedia":[{"embeddable":true,"href":"https:\/\/www.eldiario.net\/portal\/wp-json\/wp\/v2\/media\/160544"}],"wp:attachment":[{"href":"https:\/\/www.eldiario.net\/portal\/wp-json\/wp\/v2\/media?parent=160543"}],"wp:term":[{"taxonomy":"category","embeddable":true,"href":"https:\/\/www.eldiario.net\/portal\/wp-json\/wp\/v2\/categories?post=160543"},{"taxonomy":"post_tag","embeddable":true,"href":"https:\/\/www.eldiario.net\/portal\/wp-json\/wp\/v2\/tags?post=160543"}],"curies":[{"name":"wp","href":"https:\/\/api.w.org\/{rel}","templated":true}]}}