{"id":160484,"date":"2023-06-17T06:47:15","date_gmt":"2023-06-17T10:47:15","guid":{"rendered":"https:\/\/www.eldiario.net\/portal\/?p=160484"},"modified":"2023-06-17T06:47:15","modified_gmt":"2023-06-17T10:47:15","slug":"ernesto-aguayo-y-maya-bizarroque-estrenan-la-academia-del-saber","status":"publish","type":"post","link":"https:\/\/www.eldiario.net\/portal\/2023\/06\/17\/ernesto-aguayo-y-maya-bizarroque-estrenan-la-academia-del-saber\/","title":{"rendered":"Ernesto Aguayo y Maya Bizarroque  estrenan La Academia del Saber"},"content":{"rendered":"<p>Ernesto \u201cBayo\u201d Aguayo y Maya Bizarroque son la pareja explosiva que conducir\u00e1 <em>La Academia del Saber<\/em>, la nueva propuesta televisiva de Bolivia TV.<\/p>\n<p>El programa ser\u00e1 estrenado hoy, 17 de junio, e ir\u00e1 los s\u00e1bados y domingos, de 20:00 a 21:30, bajo la producci\u00f3n de Hans C\u00e1ceres.<\/p>\n<p><em>La Academia del Saber<\/em> es un programa de concursos que combinar\u00e1 entretenimiento, educaci\u00f3n y competencia de conocimientos.<\/p>\n<p>Tras 20 a\u00f1os de carrera, Aguayo, licenciado en comunicaci\u00f3n, con especializaci\u00f3n en periodismo interpretativo y producci\u00f3n audiovisual, volver\u00e1 a las pantallas despu\u00e9s de una prolongada ausencia. Creador de estrategias en marketing y publicidad, \u201cBayo\u201d, como se recordar\u00e1, hizo radio y televisi\u00f3n en medios como la Red Uno, ATB, Bolivisi\u00f3n, Bolivia TV, Radio Fides, Melod\u00eda y Radio Ciudad.<\/p>\n<p>\u201cSoy presentador de televisi\u00f3n, locutor y actor de voz; y tuve la suerte de conducir diferentes formatos de programas en televisi\u00f3n y radio. Hice show, revistas, noticieros y formatos period\u00edsticos\u201d, rememor\u00f3 Ernesto (E) en la charla que sostuvo con La Gu\u00eda junto a Maya Bizarroque (M).<\/p>\n<p><strong>LG: \u00bfQu\u00e9 fue de tu vida, Ernesto, hace alg\u00fan tiempo no sab\u00edamos de ti?<\/strong><\/p>\n<p>E: Bueno, las pantallas siempre me han cautivado. De hecho, cuando dej\u00e9 de trabajar en televisi\u00f3n, me fui simb\u00f3licamente al otro lado de la pantalla, ya que llevo adelante una productora publicitaria y creamos videos, spots, audios, documentales y todo lo que sea audiovisual. Entonces ese trabajo de ser creativo o producir audiovisuales de alto impacto te consume tiempo y estaba en esa labor.<\/p>\n<p><strong>LG: \u00bfQu\u00e9 te convenci\u00f3 para volver a la pantalla chica?<\/strong><\/p>\n<p>E: Volver a la TV es un reto, es volver al primer amor en la comunicaci\u00f3n, o el segundo amor porque nac\u00ed en la radio y esa es una pasi\u00f3n casi sagrada para m\u00ed (sonr\u00ede). Y en este proyecto (<em>La Academia del Saber<\/em>) se conjugan varias cosas que me llamaron la atenci\u00f3n. Primero, que es un formato de concursos, luego, que nunca se ha trabajado en un programa de entretenimiento que incluya contenidos educativos. Es un gran desaf\u00edo convertir a la f\u00edsica, la qu\u00edmica o las matem\u00e1ticas en entretenidas y atractivas. Y este es hoy un desaf\u00edo compartido por todo el equipo y el canal.<\/p>\n<p><strong>LG: Danos detalles de la flamante propuesta de Bolivia TV, \u00bfde qu\u00e9 trata el programa?<\/strong><\/p>\n<p>E: <em>La Academia del Saber<\/em> es un programa de concursos para estudiantes. El equipo de producci\u00f3n ha recorrido centenares de colegios de las ciudades de La Paz y El Alto, logrando convocar a 150 de los mejores alumnos, con los mejores promedios. Y de \u00e9stos llegan tan solo 48 finalistas que se presentan para jugarse la clasificaci\u00f3n en cada programa, rumbo a la final, donde el ganador se llevar\u00e1 50.000 mil bolivianos. En cada programa estaremos dando m\u00e1s detalles.<\/p>\n<p><strong>LG: \u00bfQui\u00e9nes forman parte del equipo de producci\u00f3n?<\/strong><\/p>\n<p>E: Esta es una producci\u00f3n novedosa de Bolivia TV, en la que participa todo el equipo t\u00e9cnico y humano del canal. El programa ser\u00e1 transmitido desde los estudios de la ciudad de El Alto, que est\u00e1n entre los m\u00e1s grandes del medio. Los contenidos educativos, preguntas, sectores y din\u00e1micas son proporcionados por el Ministerio de Educaci\u00f3n. La producci\u00f3n est\u00e1 a cargo de Hans C\u00e1ceres y todo su equipo y en la conducci\u00f3n Maya Bizarroque y un servidor.<\/p>\n<p><strong>LG: \u00bfCu\u00e1l es tu expectativa respecto al impacto del programa?<\/strong><\/p>\n<p>E: La expectativa es grande. Como dec\u00eda, es un reto grande y de mucha responsabilidad para todo el equipo, ya que hacer televisi\u00f3n depende del trabajo de much\u00edsimas personas. Lo bonito es trabajar con j\u00f3venes que est\u00e1n comenzando a construir un futuro, y me gusta colaborar con esos objetivos y que logren competir sanamente.<\/p>\n<p><strong>LG: Y t\u00fa, Maya, recu\u00e9rdanos un poco acerca de tu formaci\u00f3n y trayectoria en los medios.<\/strong><\/p>\n<p>M: Claro, soy licenciada en comunicaci\u00f3n social, diplomada en Gesti\u00f3n de redes sociales, Nuevas tecnolog\u00edas para radio, Emprendedurismo en medios de comunicaci\u00f3n, Educaci\u00f3n Superior y Relaciones P\u00fablicas.<\/p>\n<p>Soy locutora y productora de radio desde 2012.\u00a0 Comenc\u00e9 en televisi\u00f3n en RTP como presentadora de programas de entretenimiento, posteriormente pas\u00e9 por Palenque TV y ahora estoy en Bolivia TV.<\/p>\n<p><strong>LG: \u00bfQu\u00e9 est\u00e1s haciendo actualmente?<\/strong><\/p>\n<p>M: Nunca hice pausa (en mi carrera). Me mantuve haciendo radio y televisi\u00f3n de manera continua y cada vez m\u00e1s profesional. Actualmente estoy en <em>Es Latino Radio<\/em>. Produzco y conduzco el programa <em>Noche de buenas<\/em>, que va de lunes a viernes, de 19:00 a 21:00 horas.<\/p>\n<p>Prensa es otra de mis pasiones. Formo parte del departamento de prensa de Bolivia TV. Soy conductora en la revista <em>El 7<\/em> a las 6, que va de lunes a viernes, de 6 a 9 de la ma\u00f1ana. Y, claro, tambi\u00e9n debo salir en cobertura de prensa y unidades m\u00f3viles durante el resto de la ma\u00f1ana.<\/p>\n<p><strong>LG: \u00bfCu\u00e1les son tus expectativas sobre La Academia del Saber?<\/strong><\/p>\n<p>M: Tengo expectativas muy altas por la responsabilidad de llevar adelante un programa \u00fanico y diferente a los que actualmente hay en la TV boliviana, un programa dedicado a conocer e incentivar el nivel de conocimiento de nuestros estudiantes.<\/p>\n<p><strong>LG: \u00bfQu\u00e9 tal la qu\u00edmica con Ernesto? <\/strong><\/p>\n<p>M: Desde el primer momento tuvimos mucha qu\u00edmica por la energ\u00eda y vibra positiva. Tenemos una producci\u00f3n y ambiente llenos de luz para trabajar en equipo, que pienso que es muy importante para llevar adelante este proyecto.<\/p>\n<p><strong>LG: \u00bfQu\u00e9 significa conducir un programa de concursos y qu\u00e9 les dices a los j\u00f3venes estudiantes que participar\u00e1n en La Academia del Saber?<\/strong><\/p>\n<p>M: Es la primera vez que hago un programa de concursos y estoy emocionada y con actitud positiva. Llevar adelante un programa de estas caracter\u00edsticas es un trabajo de equipo impresionante. Son m\u00e1s de 30 personas trabajando para que este programa tenga el \u00e9xito esperado.<\/p>\n<p>Los participantes son estudiantes de distintos colegios. Y mi mensaje va para ellos, que sigan persiguiendo sus sue\u00f1os, pues con estudio y dedicaci\u00f3n pueden lograr todo lo que se propongan.<\/p>\n<div id='gallery-1' class='gallery galleryid-160484 gallery-columns-3 gallery-size-medium'><figure class='gallery-item'>\n\t\t\t<div class='gallery-icon landscape'>\n\t\t\t\t<a href='https:\/\/www.eldiario.net\/portal\/2023\/06\/17\/ernesto-aguayo-y-maya-bizarroque-estrenan-la-academia-del-saber\/academia-1-principal\/'><img loading=\"lazy\" decoding=\"async\" width=\"300\" height=\"210\" src=\"https:\/\/www.eldiario.net\/portal\/wp-content\/uploads\/2023\/06\/academia-1-PRINCIPAL-300x210.jpeg\" class=\"attachment-medium size-medium\" alt=\"\" srcset=\"https:\/\/www.eldiario.net\/portal\/wp-content\/uploads\/2023\/06\/academia-1-PRINCIPAL-300x210.jpeg 300w, https:\/\/www.eldiario.net\/portal\/wp-content\/uploads\/2023\/06\/academia-1-PRINCIPAL-768x537.jpeg 768w, https:\/\/www.eldiario.net\/portal\/wp-content\/uploads\/2023\/06\/academia-1-PRINCIPAL-696x486.jpeg 696w, https:\/\/www.eldiario.net\/portal\/wp-content\/uploads\/2023\/06\/academia-1-PRINCIPAL.jpeg 940w\" sizes=\"auto, (max-width: 300px) 100vw, 300px\" \/><\/a>\n\t\t\t<\/div><\/figure><figure class='gallery-item'>\n\t\t\t<div class='gallery-icon landscape'>\n\t\t\t\t<a href='https:\/\/www.eldiario.net\/portal\/2023\/06\/17\/ernesto-aguayo-y-maya-bizarroque-estrenan-la-academia-del-saber\/academia-2\/'><img loading=\"lazy\" decoding=\"async\" width=\"300\" height=\"225\" src=\"https:\/\/www.eldiario.net\/portal\/wp-content\/uploads\/2023\/06\/academia-2-300x225.jpg\" class=\"attachment-medium size-medium\" alt=\"\" srcset=\"https:\/\/www.eldiario.net\/portal\/wp-content\/uploads\/2023\/06\/academia-2-300x225.jpg 300w, https:\/\/www.eldiario.net\/portal\/wp-content\/uploads\/2023\/06\/academia-2-1024x768.jpg 1024w, https:\/\/www.eldiario.net\/portal\/wp-content\/uploads\/2023\/06\/academia-2-768x576.jpg 768w, https:\/\/www.eldiario.net\/portal\/wp-content\/uploads\/2023\/06\/academia-2-1536x1152.jpg 1536w, https:\/\/www.eldiario.net\/portal\/wp-content\/uploads\/2023\/06\/academia-2-696x522.jpg 696w, https:\/\/www.eldiario.net\/portal\/wp-content\/uploads\/2023\/06\/academia-2-1068x801.jpg 1068w, https:\/\/www.eldiario.net\/portal\/wp-content\/uploads\/2023\/06\/academia-2.jpg 1600w\" sizes=\"auto, (max-width: 300px) 100vw, 300px\" \/><\/a>\n\t\t\t<\/div><\/figure><figure class='gallery-item'>\n\t\t\t<div class='gallery-icon landscape'>\n\t\t\t\t<a href='https:\/\/www.eldiario.net\/portal\/2023\/06\/17\/ernesto-aguayo-y-maya-bizarroque-estrenan-la-academia-del-saber\/ernesto-5\/'><img loading=\"lazy\" decoding=\"async\" width=\"300\" height=\"169\" src=\"https:\/\/www.eldiario.net\/portal\/wp-content\/uploads\/2023\/06\/ernesto-5-300x169.jpeg\" class=\"attachment-medium size-medium\" alt=\"\" srcset=\"https:\/\/www.eldiario.net\/portal\/wp-content\/uploads\/2023\/06\/ernesto-5-300x169.jpeg 300w, https:\/\/www.eldiario.net\/portal\/wp-content\/uploads\/2023\/06\/ernesto-5-1024x576.jpeg 1024w, https:\/\/www.eldiario.net\/portal\/wp-content\/uploads\/2023\/06\/ernesto-5-768x432.jpeg 768w, https:\/\/www.eldiario.net\/portal\/wp-content\/uploads\/2023\/06\/ernesto-5-696x392.jpeg 696w, https:\/\/www.eldiario.net\/portal\/wp-content\/uploads\/2023\/06\/ernesto-5-1068x601.jpeg 1068w, https:\/\/www.eldiario.net\/portal\/wp-content\/uploads\/2023\/06\/ernesto-5.jpeg 1280w\" sizes=\"auto, (max-width: 300px) 100vw, 300px\" \/><\/a>\n\t\t\t<\/div><\/figure><figure class='gallery-item'>\n\t\t\t<div class='gallery-icon landscape'>\n\t\t\t\t<a href='https:\/\/www.eldiario.net\/portal\/2023\/06\/17\/ernesto-aguayo-y-maya-bizarroque-estrenan-la-academia-del-saber\/ernesto-aguayo-3\/'><img loading=\"lazy\" decoding=\"async\" width=\"300\" height=\"300\" src=\"https:\/\/www.eldiario.net\/portal\/wp-content\/uploads\/2023\/06\/Ernesto-Aguayo-3-300x300.jpeg\" class=\"attachment-medium size-medium\" alt=\"\" srcset=\"https:\/\/www.eldiario.net\/portal\/wp-content\/uploads\/2023\/06\/Ernesto-Aguayo-3-300x300.jpeg 300w, https:\/\/www.eldiario.net\/portal\/wp-content\/uploads\/2023\/06\/Ernesto-Aguayo-3-150x150.jpeg 150w, https:\/\/www.eldiario.net\/portal\/wp-content\/uploads\/2023\/06\/Ernesto-Aguayo-3.jpeg 526w\" sizes=\"auto, (max-width: 300px) 100vw, 300px\" \/><\/a>\n\t\t\t<\/div><\/figure><figure class='gallery-item'>\n\t\t\t<div class='gallery-icon portrait'>\n\t\t\t\t<a href='https:\/\/www.eldiario.net\/portal\/2023\/06\/17\/ernesto-aguayo-y-maya-bizarroque-estrenan-la-academia-del-saber\/maya-6\/'><img loading=\"lazy\" decoding=\"async\" width=\"243\" height=\"300\" src=\"https:\/\/www.eldiario.net\/portal\/wp-content\/uploads\/2023\/06\/Maya-6-243x300.jpg\" class=\"attachment-medium size-medium\" alt=\"\" srcset=\"https:\/\/www.eldiario.net\/portal\/wp-content\/uploads\/2023\/06\/Maya-6-243x300.jpg 243w, https:\/\/www.eldiario.net\/portal\/wp-content\/uploads\/2023\/06\/Maya-6-829x1024.jpg 829w, https:\/\/www.eldiario.net\/portal\/wp-content\/uploads\/2023\/06\/Maya-6-768x948.jpg 768w, https:\/\/www.eldiario.net\/portal\/wp-content\/uploads\/2023\/06\/Maya-6-324x400.jpg 324w, https:\/\/www.eldiario.net\/portal\/wp-content\/uploads\/2023\/06\/Maya-6-696x859.jpg 696w, https:\/\/www.eldiario.net\/portal\/wp-content\/uploads\/2023\/06\/Maya-6.jpg 921w\" sizes=\"auto, (max-width: 243px) 100vw, 243px\" \/><\/a>\n\t\t\t<\/div><\/figure><figure class='gallery-item'>\n\t\t\t<div class='gallery-icon landscape'>\n\t\t\t\t<a href='https:\/\/www.eldiario.net\/portal\/2023\/06\/17\/ernesto-aguayo-y-maya-bizarroque-estrenan-la-academia-del-saber\/maya-bizarroque-4\/'><img loading=\"lazy\" decoding=\"async\" width=\"300\" height=\"296\" src=\"https:\/\/www.eldiario.net\/portal\/wp-content\/uploads\/2023\/06\/Maya-Bizarroque-4-300x296.jpg\" class=\"attachment-medium size-medium\" alt=\"\" srcset=\"https:\/\/www.eldiario.net\/portal\/wp-content\/uploads\/2023\/06\/Maya-Bizarroque-4-300x296.jpg 300w, https:\/\/www.eldiario.net\/portal\/wp-content\/uploads\/2023\/06\/Maya-Bizarroque-4-768x757.jpg 768w, https:\/\/www.eldiario.net\/portal\/wp-content\/uploads\/2023\/06\/Maya-Bizarroque-4-696x686.jpg 696w, https:\/\/www.eldiario.net\/portal\/wp-content\/uploads\/2023\/06\/Maya-Bizarroque-4.jpg 921w\" sizes=\"auto, (max-width: 300px) 100vw, 300px\" \/><\/a>\n\t\t\t<\/div><\/figure>\n\t\t<\/div>\n\n","protected":false},"excerpt":{"rendered":"<p>Ernesto \u201cBayo\u201d Aguayo y Maya Bizarroque son la pareja explosiva que conducir\u00e1 La Academia del Saber, la nueva propuesta televisiva de Bolivia TV. El programa ser\u00e1 estrenado hoy, 17 de junio, e ir\u00e1 los s\u00e1bados y domingos, de 20:00 a 21:30, bajo la producci\u00f3n de Hans C\u00e1ceres. La Academia del Saber es un programa de [&hellip;]<\/p>\n","protected":false},"author":1,"featured_media":160485,"comment_status":"closed","ping_status":"closed","sticky":false,"template":"","format":"standard","meta":{"_acf_changed":false,"footnotes":""},"categories":[41],"tags":[],"class_list":["post-160484","post","type-post","status-publish","format-standard","has-post-thumbnail","category-la-guia"],"acf":{"antetitulo":""},"yoast_head":"<!-- This site is optimized with the Yoast SEO plugin v28.4 - https:\/\/yoast.com\/product\/yoast-seo-wordpress\/ -->\n<title>Ernesto Aguayo y Maya Bizarroque estrenan La Academia del Saber - El Diario - Bolivia<\/title>\n<meta name=\"robots\" content=\"index, follow, max-snippet:-1, max-image-preview:large, max-video-preview:-1\" \/>\n<link rel=\"canonical\" href=\"https:\/\/www.eldiario.net\/portal\/2023\/06\/17\/ernesto-aguayo-y-maya-bizarroque-estrenan-la-academia-del-saber\/\" \/>\n<meta property=\"og:locale\" content=\"es_ES\" \/>\n<meta property=\"og:type\" content=\"article\" \/>\n<meta property=\"og:title\" content=\"Ernesto Aguayo y Maya Bizarroque estrenan La Academia del Saber - El Diario - Bolivia\" \/>\n<meta property=\"og:description\" content=\"Ernesto \u201cBayo\u201d Aguayo y Maya Bizarroque son la pareja explosiva que conducir\u00e1 La Academia del Saber, la nueva propuesta televisiva de Bolivia TV. El programa ser\u00e1 estrenado hoy, 17 de junio, e ir\u00e1 los s\u00e1bados y domingos, de 20:00 a 21:30, bajo la producci\u00f3n de Hans C\u00e1ceres. La Academia del Saber es un programa de [&hellip;]\" \/>\n<meta property=\"og:url\" content=\"https:\/\/www.eldiario.net\/portal\/2023\/06\/17\/ernesto-aguayo-y-maya-bizarroque-estrenan-la-academia-del-saber\/\" \/>\n<meta property=\"og:site_name\" content=\"El Diario - Bolivia\" \/>\n<meta property=\"article:publisher\" content=\"https:\/\/www.facebook.com\/eldiario.bolivia\/\" \/>\n<meta property=\"article:published_time\" content=\"2023-06-17T10:47:15+00:00\" \/>\n<meta property=\"og:image\" content=\"https:\/\/www.eldiario.net\/portal\/wp-content\/uploads\/2023\/06\/academia-1-PRINCIPAL.jpeg\" \/>\n\t<meta property=\"og:image:width\" content=\"940\" \/>\n\t<meta property=\"og:image:height\" content=\"657\" \/>\n\t<meta property=\"og:image:type\" content=\"image\/jpeg\" \/>\n<meta name=\"author\" content=\"Jeanette\" \/>\n<meta name=\"twitter:card\" content=\"summary_large_image\" \/>\n<meta name=\"twitter:creator\" content=\"@eldiario_net\" \/>\n<meta name=\"twitter:site\" content=\"@eldiario_net\" \/>\n<meta name=\"twitter:label1\" content=\"Escrito por\" \/>\n\t<meta name=\"twitter:data1\" content=\"Jeanette\" \/>\n\t<meta name=\"twitter:label2\" content=\"Tiempo de lectura\" \/>\n\t<meta name=\"twitter:data2\" content=\"5 minutos\" \/>\n<script type=\"application\/ld+json\" class=\"yoast-schema-graph\">{\"@context\":\"https:\\\/\\\/schema.org\",\"@graph\":[{\"@type\":\"Article\",\"@id\":\"https:\\\/\\\/www.eldiario.net\\\/portal\\\/2023\\\/06\\\/17\\\/ernesto-aguayo-y-maya-bizarroque-estrenan-la-academia-del-saber\\\/#article\",\"isPartOf\":{\"@id\":\"https:\\\/\\\/www.eldiario.net\\\/portal\\\/2023\\\/06\\\/17\\\/ernesto-aguayo-y-maya-bizarroque-estrenan-la-academia-del-saber\\\/\"},\"author\":{\"name\":\"Jeanette\",\"@id\":\"https:\\\/\\\/www.eldiario.net\\\/portal\\\/#\\\/schema\\\/person\\\/2c57cf2b7a7ae032e449e4c9b1019eac\"},\"headline\":\"Ernesto Aguayo y Maya Bizarroque estrenan La Academia del Saber\",\"datePublished\":\"2023-06-17T10:47:15+00:00\",\"mainEntityOfPage\":{\"@id\":\"https:\\\/\\\/www.eldiario.net\\\/portal\\\/2023\\\/06\\\/17\\\/ernesto-aguayo-y-maya-bizarroque-estrenan-la-academia-del-saber\\\/\"},\"wordCount\":1049,\"publisher\":{\"@id\":\"https:\\\/\\\/www.eldiario.net\\\/portal\\\/#organization\"},\"image\":{\"@id\":\"https:\\\/\\\/www.eldiario.net\\\/portal\\\/2023\\\/06\\\/17\\\/ernesto-aguayo-y-maya-bizarroque-estrenan-la-academia-del-saber\\\/#primaryimage\"},\"thumbnailUrl\":\"https:\\\/\\\/www.eldiario.net\\\/portal\\\/wp-content\\\/uploads\\\/2023\\\/06\\\/academia-1-PRINCIPAL.jpeg\",\"articleSection\":[\"La Gu\u00eda\"],\"inLanguage\":\"es\"},{\"@type\":\"WebPage\",\"@id\":\"https:\\\/\\\/www.eldiario.net\\\/portal\\\/2023\\\/06\\\/17\\\/ernesto-aguayo-y-maya-bizarroque-estrenan-la-academia-del-saber\\\/\",\"url\":\"https:\\\/\\\/www.eldiario.net\\\/portal\\\/2023\\\/06\\\/17\\\/ernesto-aguayo-y-maya-bizarroque-estrenan-la-academia-del-saber\\\/\",\"name\":\"Ernesto Aguayo y Maya Bizarroque estrenan La Academia del Saber - El Diario - Bolivia\",\"isPartOf\":{\"@id\":\"https:\\\/\\\/www.eldiario.net\\\/portal\\\/#website\"},\"primaryImageOfPage\":{\"@id\":\"https:\\\/\\\/www.eldiario.net\\\/portal\\\/2023\\\/06\\\/17\\\/ernesto-aguayo-y-maya-bizarroque-estrenan-la-academia-del-saber\\\/#primaryimage\"},\"image\":{\"@id\":\"https:\\\/\\\/www.eldiario.net\\\/portal\\\/2023\\\/06\\\/17\\\/ernesto-aguayo-y-maya-bizarroque-estrenan-la-academia-del-saber\\\/#primaryimage\"},\"thumbnailUrl\":\"https:\\\/\\\/www.eldiario.net\\\/portal\\\/wp-content\\\/uploads\\\/2023\\\/06\\\/academia-1-PRINCIPAL.jpeg\",\"datePublished\":\"2023-06-17T10:47:15+00:00\",\"breadcrumb\":{\"@id\":\"https:\\\/\\\/www.eldiario.net\\\/portal\\\/2023\\\/06\\\/17\\\/ernesto-aguayo-y-maya-bizarroque-estrenan-la-academia-del-saber\\\/#breadcrumb\"},\"inLanguage\":\"es\",\"potentialAction\":[{\"@type\":\"ReadAction\",\"target\":[\"https:\\\/\\\/www.eldiario.net\\\/portal\\\/2023\\\/06\\\/17\\\/ernesto-aguayo-y-maya-bizarroque-estrenan-la-academia-del-saber\\\/\"]}]},{\"@type\":\"ImageObject\",\"inLanguage\":\"es\",\"@id\":\"https:\\\/\\\/www.eldiario.net\\\/portal\\\/2023\\\/06\\\/17\\\/ernesto-aguayo-y-maya-bizarroque-estrenan-la-academia-del-saber\\\/#primaryimage\",\"url\":\"https:\\\/\\\/www.eldiario.net\\\/portal\\\/wp-content\\\/uploads\\\/2023\\\/06\\\/academia-1-PRINCIPAL.jpeg\",\"contentUrl\":\"https:\\\/\\\/www.eldiario.net\\\/portal\\\/wp-content\\\/uploads\\\/2023\\\/06\\\/academia-1-PRINCIPAL.jpeg\",\"width\":940,\"height\":657},{\"@type\":\"BreadcrumbList\",\"@id\":\"https:\\\/\\\/www.eldiario.net\\\/portal\\\/2023\\\/06\\\/17\\\/ernesto-aguayo-y-maya-bizarroque-estrenan-la-academia-del-saber\\\/#breadcrumb\",\"itemListElement\":[{\"@type\":\"ListItem\",\"position\":1,\"name\":\"Portada\",\"item\":\"https:\\\/\\\/www.eldiario.net\\\/portal\\\/\"},{\"@type\":\"ListItem\",\"position\":2,\"name\":\"Ernesto Aguayo y Maya Bizarroque estrenan La Academia del Saber\"}]},{\"@type\":\"WebSite\",\"@id\":\"https:\\\/\\\/www.eldiario.net\\\/portal\\\/#website\",\"url\":\"https:\\\/\\\/www.eldiario.net\\\/portal\\\/\",\"name\":\"El Diario - Decano de la prensa nacional\",\"description\":\"El Diario - Decano de la prensa nacional\",\"publisher\":{\"@id\":\"https:\\\/\\\/www.eldiario.net\\\/portal\\\/#organization\"},\"potentialAction\":[{\"@type\":\"SearchAction\",\"target\":{\"@type\":\"EntryPoint\",\"urlTemplate\":\"https:\\\/\\\/www.eldiario.net\\\/portal\\\/?s={search_term_string}\"},\"query-input\":{\"@type\":\"PropertyValueSpecification\",\"valueRequired\":true,\"valueName\":\"search_term_string\"}}],\"inLanguage\":\"es\"},{\"@type\":\"Organization\",\"@id\":\"https:\\\/\\\/www.eldiario.net\\\/portal\\\/#organization\",\"name\":\"El Diario - Decano de la prensa nacional\",\"url\":\"https:\\\/\\\/www.eldiario.net\\\/portal\\\/\",\"logo\":{\"@type\":\"ImageObject\",\"inLanguage\":\"es\",\"@id\":\"https:\\\/\\\/www.eldiario.net\\\/portal\\\/#\\\/schema\\\/logo\\\/image\\\/\",\"url\":\"https:\\\/\\\/www.eldiario.net\\\/portal\\\/wp-content\\\/uploads\\\/2023\\\/07\\\/logo_ED.jpg\",\"contentUrl\":\"https:\\\/\\\/www.eldiario.net\\\/portal\\\/wp-content\\\/uploads\\\/2023\\\/07\\\/logo_ED.jpg\",\"width\":272,\"height\":52,\"caption\":\"El Diario - Decano de la prensa nacional\"},\"image\":{\"@id\":\"https:\\\/\\\/www.eldiario.net\\\/portal\\\/#\\\/schema\\\/logo\\\/image\\\/\"},\"sameAs\":[\"https:\\\/\\\/www.facebook.com\\\/eldiario.bolivia\\\/\",\"https:\\\/\\\/x.com\\\/eldiario_net\"]},{\"@type\":\"Person\",\"@id\":\"https:\\\/\\\/www.eldiario.net\\\/portal\\\/#\\\/schema\\\/person\\\/2c57cf2b7a7ae032e449e4c9b1019eac\",\"name\":\"Jeanette\",\"image\":{\"@type\":\"ImageObject\",\"inLanguage\":\"es\",\"@id\":\"https:\\\/\\\/secure.gravatar.com\\\/avatar\\\/3ea2118a5f7dad2b7138b1187a6b7ee55f160b9968b66013c3a3ef39dd7e5798?s=96&d=mm&r=g\",\"url\":\"https:\\\/\\\/secure.gravatar.com\\\/avatar\\\/3ea2118a5f7dad2b7138b1187a6b7ee55f160b9968b66013c3a3ef39dd7e5798?s=96&d=mm&r=g\",\"contentUrl\":\"https:\\\/\\\/secure.gravatar.com\\\/avatar\\\/3ea2118a5f7dad2b7138b1187a6b7ee55f160b9968b66013c3a3ef39dd7e5798?s=96&d=mm&r=g\",\"caption\":\"Jeanette\"},\"sameAs\":[\"https:\\\/\\\/www.eldiario.net\\\/portal\"],\"url\":\"https:\\\/\\\/www.eldiario.net\\\/portal\\\/author\\\/jeanette\\\/\"}]}<\/script>\n<!-- \/ Yoast SEO plugin. -->","yoast_head_json":{"title":"Ernesto Aguayo y Maya Bizarroque estrenan La Academia del Saber - El Diario - Bolivia","robots":{"index":"index","follow":"follow","max-snippet":"max-snippet:-1","max-image-preview":"max-image-preview:large","max-video-preview":"max-video-preview:-1"},"canonical":"https:\/\/www.eldiario.net\/portal\/2023\/06\/17\/ernesto-aguayo-y-maya-bizarroque-estrenan-la-academia-del-saber\/","og_locale":"es_ES","og_type":"article","og_title":"Ernesto Aguayo y Maya Bizarroque estrenan La Academia del Saber - El Diario - Bolivia","og_description":"Ernesto \u201cBayo\u201d Aguayo y Maya Bizarroque son la pareja explosiva que conducir\u00e1 La Academia del Saber, la nueva propuesta televisiva de Bolivia TV. El programa ser\u00e1 estrenado hoy, 17 de junio, e ir\u00e1 los s\u00e1bados y domingos, de 20:00 a 21:30, bajo la producci\u00f3n de Hans C\u00e1ceres. La Academia del Saber es un programa de [&hellip;]","og_url":"https:\/\/www.eldiario.net\/portal\/2023\/06\/17\/ernesto-aguayo-y-maya-bizarroque-estrenan-la-academia-del-saber\/","og_site_name":"El Diario - Bolivia","article_publisher":"https:\/\/www.facebook.com\/eldiario.bolivia\/","article_published_time":"2023-06-17T10:47:15+00:00","og_image":[{"width":940,"height":657,"url":"https:\/\/www.eldiario.net\/portal\/wp-content\/uploads\/2023\/06\/academia-1-PRINCIPAL.jpeg","type":"image\/jpeg"}],"author":"Jeanette","twitter_card":"summary_large_image","twitter_creator":"@eldiario_net","twitter_site":"@eldiario_net","twitter_misc":{"Escrito por":"Jeanette","Tiempo de lectura":"5 minutos"},"schema":{"@context":"https:\/\/schema.org","@graph":[{"@type":"Article","@id":"https:\/\/www.eldiario.net\/portal\/2023\/06\/17\/ernesto-aguayo-y-maya-bizarroque-estrenan-la-academia-del-saber\/#article","isPartOf":{"@id":"https:\/\/www.eldiario.net\/portal\/2023\/06\/17\/ernesto-aguayo-y-maya-bizarroque-estrenan-la-academia-del-saber\/"},"author":{"name":"Jeanette","@id":"https:\/\/www.eldiario.net\/portal\/#\/schema\/person\/2c57cf2b7a7ae032e449e4c9b1019eac"},"headline":"Ernesto Aguayo y Maya Bizarroque estrenan La Academia del Saber","datePublished":"2023-06-17T10:47:15+00:00","mainEntityOfPage":{"@id":"https:\/\/www.eldiario.net\/portal\/2023\/06\/17\/ernesto-aguayo-y-maya-bizarroque-estrenan-la-academia-del-saber\/"},"wordCount":1049,"publisher":{"@id":"https:\/\/www.eldiario.net\/portal\/#organization"},"image":{"@id":"https:\/\/www.eldiario.net\/portal\/2023\/06\/17\/ernesto-aguayo-y-maya-bizarroque-estrenan-la-academia-del-saber\/#primaryimage"},"thumbnailUrl":"https:\/\/www.eldiario.net\/portal\/wp-content\/uploads\/2023\/06\/academia-1-PRINCIPAL.jpeg","articleSection":["La Gu\u00eda"],"inLanguage":"es"},{"@type":"WebPage","@id":"https:\/\/www.eldiario.net\/portal\/2023\/06\/17\/ernesto-aguayo-y-maya-bizarroque-estrenan-la-academia-del-saber\/","url":"https:\/\/www.eldiario.net\/portal\/2023\/06\/17\/ernesto-aguayo-y-maya-bizarroque-estrenan-la-academia-del-saber\/","name":"Ernesto Aguayo y Maya Bizarroque estrenan La Academia del Saber - El Diario - Bolivia","isPartOf":{"@id":"https:\/\/www.eldiario.net\/portal\/#website"},"primaryImageOfPage":{"@id":"https:\/\/www.eldiario.net\/portal\/2023\/06\/17\/ernesto-aguayo-y-maya-bizarroque-estrenan-la-academia-del-saber\/#primaryimage"},"image":{"@id":"https:\/\/www.eldiario.net\/portal\/2023\/06\/17\/ernesto-aguayo-y-maya-bizarroque-estrenan-la-academia-del-saber\/#primaryimage"},"thumbnailUrl":"https:\/\/www.eldiario.net\/portal\/wp-content\/uploads\/2023\/06\/academia-1-PRINCIPAL.jpeg","datePublished":"2023-06-17T10:47:15+00:00","breadcrumb":{"@id":"https:\/\/www.eldiario.net\/portal\/2023\/06\/17\/ernesto-aguayo-y-maya-bizarroque-estrenan-la-academia-del-saber\/#breadcrumb"},"inLanguage":"es","potentialAction":[{"@type":"ReadAction","target":["https:\/\/www.eldiario.net\/portal\/2023\/06\/17\/ernesto-aguayo-y-maya-bizarroque-estrenan-la-academia-del-saber\/"]}]},{"@type":"ImageObject","inLanguage":"es","@id":"https:\/\/www.eldiario.net\/portal\/2023\/06\/17\/ernesto-aguayo-y-maya-bizarroque-estrenan-la-academia-del-saber\/#primaryimage","url":"https:\/\/www.eldiario.net\/portal\/wp-content\/uploads\/2023\/06\/academia-1-PRINCIPAL.jpeg","contentUrl":"https:\/\/www.eldiario.net\/portal\/wp-content\/uploads\/2023\/06\/academia-1-PRINCIPAL.jpeg","width":940,"height":657},{"@type":"BreadcrumbList","@id":"https:\/\/www.eldiario.net\/portal\/2023\/06\/17\/ernesto-aguayo-y-maya-bizarroque-estrenan-la-academia-del-saber\/#breadcrumb","itemListElement":[{"@type":"ListItem","position":1,"name":"Portada","item":"https:\/\/www.eldiario.net\/portal\/"},{"@type":"ListItem","position":2,"name":"Ernesto Aguayo y Maya Bizarroque estrenan La Academia del Saber"}]},{"@type":"WebSite","@id":"https:\/\/www.eldiario.net\/portal\/#website","url":"https:\/\/www.eldiario.net\/portal\/","name":"El Diario - Decano de la prensa nacional","description":"El Diario - Decano de la prensa nacional","publisher":{"@id":"https:\/\/www.eldiario.net\/portal\/#organization"},"potentialAction":[{"@type":"SearchAction","target":{"@type":"EntryPoint","urlTemplate":"https:\/\/www.eldiario.net\/portal\/?s={search_term_string}"},"query-input":{"@type":"PropertyValueSpecification","valueRequired":true,"valueName":"search_term_string"}}],"inLanguage":"es"},{"@type":"Organization","@id":"https:\/\/www.eldiario.net\/portal\/#organization","name":"El Diario - Decano de la prensa nacional","url":"https:\/\/www.eldiario.net\/portal\/","logo":{"@type":"ImageObject","inLanguage":"es","@id":"https:\/\/www.eldiario.net\/portal\/#\/schema\/logo\/image\/","url":"https:\/\/www.eldiario.net\/portal\/wp-content\/uploads\/2023\/07\/logo_ED.jpg","contentUrl":"https:\/\/www.eldiario.net\/portal\/wp-content\/uploads\/2023\/07\/logo_ED.jpg","width":272,"height":52,"caption":"El Diario - Decano de la prensa nacional"},"image":{"@id":"https:\/\/www.eldiario.net\/portal\/#\/schema\/logo\/image\/"},"sameAs":["https:\/\/www.facebook.com\/eldiario.bolivia\/","https:\/\/x.com\/eldiario_net"]},{"@type":"Person","@id":"https:\/\/www.eldiario.net\/portal\/#\/schema\/person\/2c57cf2b7a7ae032e449e4c9b1019eac","name":"Jeanette","image":{"@type":"ImageObject","inLanguage":"es","@id":"https:\/\/secure.gravatar.com\/avatar\/3ea2118a5f7dad2b7138b1187a6b7ee55f160b9968b66013c3a3ef39dd7e5798?s=96&d=mm&r=g","url":"https:\/\/secure.gravatar.com\/avatar\/3ea2118a5f7dad2b7138b1187a6b7ee55f160b9968b66013c3a3ef39dd7e5798?s=96&d=mm&r=g","contentUrl":"https:\/\/secure.gravatar.com\/avatar\/3ea2118a5f7dad2b7138b1187a6b7ee55f160b9968b66013c3a3ef39dd7e5798?s=96&d=mm&r=g","caption":"Jeanette"},"sameAs":["https:\/\/www.eldiario.net\/portal"],"url":"https:\/\/www.eldiario.net\/portal\/author\/jeanette\/"}]}},"_links":{"self":[{"href":"https:\/\/www.eldiario.net\/portal\/wp-json\/wp\/v2\/posts\/160484","targetHints":{"allow":["GET"]}}],"collection":[{"href":"https:\/\/www.eldiario.net\/portal\/wp-json\/wp\/v2\/posts"}],"about":[{"href":"https:\/\/www.eldiario.net\/portal\/wp-json\/wp\/v2\/types\/post"}],"author":[{"embeddable":true,"href":"https:\/\/www.eldiario.net\/portal\/wp-json\/wp\/v2\/users\/1"}],"replies":[{"embeddable":true,"href":"https:\/\/www.eldiario.net\/portal\/wp-json\/wp\/v2\/comments?post=160484"}],"version-history":[{"count":0,"href":"https:\/\/www.eldiario.net\/portal\/wp-json\/wp\/v2\/posts\/160484\/revisions"}],"wp:featuredmedia":[{"embeddable":true,"href":"https:\/\/www.eldiario.net\/portal\/wp-json\/wp\/v2\/media\/160485"}],"wp:attachment":[{"href":"https:\/\/www.eldiario.net\/portal\/wp-json\/wp\/v2\/media?parent=160484"}],"wp:term":[{"taxonomy":"category","embeddable":true,"href":"https:\/\/www.eldiario.net\/portal\/wp-json\/wp\/v2\/categories?post=160484"},{"taxonomy":"post_tag","embeddable":true,"href":"https:\/\/www.eldiario.net\/portal\/wp-json\/wp\/v2\/tags?post=160484"}],"curies":[{"name":"wp","href":"https:\/\/api.w.org\/{rel}","templated":true}]}}