{"id":160461,"date":"2023-06-17T06:42:12","date_gmt":"2023-06-17T10:42:12","guid":{"rendered":"https:\/\/www.eldiario.net\/portal\/?p=160461"},"modified":"2023-06-17T06:42:12","modified_gmt":"2023-06-17T10:42:12","slug":"jimenez-un-dr-en-el-arco","status":"publish","type":"post","link":"https:\/\/www.eldiario.net\/portal\/2023\/06\/17\/jimenez-un-dr-en-el-arco\/","title":{"rendered":"JIM\u00c9NEZ, UN DR.  EN EL ARCO"},"content":{"rendered":"<p>Era una tarde no muy lejana, en la sala de espera del despacho del Ministro de Salud, un reducido grupo de representantes odont\u00f3logos aguardaban la reuni\u00f3n con la autoridad para realizar una gesti\u00f3n en favor de sus colegas.<br \/>\nPor encima de sus lentes, la secretaria del Ministro fijaba la mirada en uno de los visitantes. Luego de dar la bienvenida al grupo, se dirigi\u00f3 al despacho con notorio entusiasmo y pese a que este tipo de misiones suelen demorar horas, esta vez, la autoridad no tard\u00f3 ni diez minutos para salir al encuentro de los profesionales.<br \/>\nUn apret\u00f3n de manos sincero y sonrisa mezclada con frenes\u00ed y admiraci\u00f3n dirigi\u00f3 hacia el presidente del Colegio de Odont\u00f3logos quien encabezaba la comitiva. Este a su vez, buscaba afanoso en su billetera, una tarjeta de presentaci\u00f3n para identificarse.<br \/>\nEl Ministro, inesperadamente le exclam\u00f3:<br \/>\n\u201cNo se moleste en dejarme su tarjeta, \u00bfqui\u00e9n no lo conoce a usted?. En todo caso, yo deber\u00eda presentarme como su genuino admirador, Dr. Carlos Conrado Jim\u00e9nez\u201d, le dijo. De ah\u00ed en m\u00e1s, es posible que la delegaci\u00f3n en cuesti\u00f3n haya resultado exitosa.<br \/>\nEl Dr. Jim\u00e9nez fue uno de los m\u00e1s grandes guardavallas que tuvo nuestro pa\u00eds. Quien ahora es un profesional honroso y de servicio a la salud bucal de la sociedad; no se cansa de agradecer a la vida y al f\u00fatbol por haber escalado tanto en su vida personal.<br \/>\n\u201cSoy un agradecido con la vida y con el f\u00fatbol, porque gracias a la popularidad que me dio este deporte, ahora soy un profesional exitoso al servicio de mi pa\u00eds\u201d, afirma el ignaciano, Carlos Conrado Jim\u00e9nez, el entrevistado de RETRO F\u00daTBOL. Esa modestia lo hace grande porque en realidad, su \u00e9xito se debe a su propio sacrificio.<br \/>\nNo fue dif\u00edcil ubicarlo, puesto que su popularidad en las redes sociales es amplia, pese a que dej\u00f3 el f\u00fatbol profesional hace 41 a\u00f1os. Su amabilidad y respeto con los medios de comunicaci\u00f3n y el periodismo, siempre fue su mejor rasgo, y esta vez no fue la excepci\u00f3n.<br \/>\n\u201cDesde que nac\u00ed, la vida me premi\u00f3. Tuve una infancia muy feliz y creo que toda mi generaci\u00f3n la tuvo. Nac\u00ed en San Ignacio de Velasco, soy chiquitano; pero cuando era muy peque\u00f1o a\u00fan, mi familia se traslad\u00f3 a Santa Cruz de Sierra. En aquel tiempo, crecer en esta ciudad era un privilegio, ten\u00eda muy pocos habitantes, no m\u00e1s de 150 mil, entonces casi todos nos conoc\u00edamos entre nosotros y los ni\u00f1os \u00e9ramos amigos, incluso viviendo en diferentes barrios. Nuestros padres nos permit\u00edan ciertas libertades porque no exist\u00eda el peligro. En las noches y atardeceres era muy lindo reunirnos a jugar con pelota en las calles que eran de tierra, sin zapatillas incluso. Era un requisito jugar \u2018pata pilas\u2019 (descalzos); en la calle de tierra pon\u00edamos dos palitos que era el arco y d\u00e1bamos rienda suelta a nuestra afici\u00f3n. Form\u00e1bamos equipos de 6 o 7 ni\u00f1os y el que perd\u00eda sal\u00eda y el que aguantaba m\u00e1s era el campe\u00f3n. Como jug\u00e1bamos con pelota de goma, cuando esta se pinchaba, el due\u00f1o de la pelota se molestaba y se iba. Y los dem\u00e1s qued\u00e1bamos desconcertados y tristes. Luego decimos fabricarnos pelotas de trapo y no rog\u00e1bamos a nadie\u2026\u201d, r\u00ede con nostalgia al recordar su infancia.<br \/>\nCarlos Conrado tuvo un paso directo al profesionalismo, revela que no jug\u00f3 en equipos de la asociaci\u00f3n, m\u00e1s bien en los de barrio o de colegios.<br \/>\n\u201cCuando yo estaba en colegio, 5to. de secundaria, recib\u00ed una invitaci\u00f3n de un dirigente de Real Santa Cruz que era un equipo de primera divisi\u00f3n. Para m\u00ed fue un halago y lo acept\u00e9, a pesar que en ese tiempo no recib\u00edamos plata. El lunes ya estaba firmando contrato. Por entonces, el firmar para un equipo era pertenecer al club de por vida\u201d, recuerda.<br \/>\nEn 1966 debut\u00f3 con Real Santa Cruz en un partido contra Oriente Petrolero y a partir de ese momento, comenz\u00f3 una carrera vertiginosa y ascendente.<br \/>\n\u201cEse d\u00eda nos llenaron la canasta (r\u00ede), 7 a 1 nos ganaron. Me dec\u00edan \u2018Seven Up\u2019, pero (esa broma) no me desalent\u00f3\u2026\u201d.<br \/>\nA sus 18 a\u00f1os se traslad\u00f3 a Sucre, para iniciar sus estudios en la Facultad de Odontolog\u00eda de la Universidad San Francisco Xavier de Chuquisaca porque en Santa Cruz no hab\u00eda la carrera.<br \/>\n\u201cYo pens\u00e9 que mi incursi\u00f3n en el f\u00fatbol terminar\u00eda ah\u00ed, pero paralelamente a mis estudios, jugu\u00e9 en el club Universitario y as\u00ed continu\u00e9\u201d, cuenta.<br \/>\nSu plantel, ese a\u00f1o sali\u00f3 campe\u00f3n chuquisaque\u00f1o y particip\u00f3 en la Copa Sim\u00f3n Bol\u00edvar. Luego fich\u00f3 para Chaco Petrolero de La Paz en 1971, que hab\u00eda clasificado para la Copa Libertadores de Am\u00e9rica. Un a\u00f1o despu\u00e9s, nuevamente particip\u00f3 el mismo torneo internacional, tambi\u00e9n con el \u201crefinero\u201d.<br \/>\n\u201cDecid\u00ed por La Paz y no Santa Cruz, donde era visto por varios clubes, debido a que all\u00ed pod\u00eda continuar con mis estudios universitarios\u201d, revela.<br \/>\nEn aquel tiempo fue pretendido por The Strongest cuyo entrenador era Freddy Valda. En 1974 pas\u00f3 a la filas de Bol\u00edvar y fue el mismo a\u00f1o en que se gradu\u00f3 de odont\u00f3logo.<br \/>\n\u201cA Bol\u00edvar no le iba muy bien en el campeonato y Mario Mercado compraba los pases de los mejores jugadores y \u00a1yo estaba entre ellos!. Tuve la suerte de jugar tres Copas Libertadores defendiendo el arco celeste. Fue una etapa buen\u00edsima y gloriosa. La fanaticada era extrema y el apoyo al club, incondicional\u201d, remarca.<br \/>\n\u201cBol\u00edvar fue el equipo en el que m\u00e1s \u00e9xitos tuve. La parte m\u00e1s grande de mi coraz\u00f3n se qued\u00f3 en Bol\u00edvar\u201d, sentencia; pero jam\u00e1s desmerece el cari\u00f1o y agradecimiento que tiene por otros clubes que lo cobijaron como Real Santa Cruz y Blooming.<br \/>\nRecuerda que su vida en La Paz era complicada, pero no imposible. El ejercer su profesi\u00f3n de dentista era otra de sus prioridades, aunque su carrera de futbolista le copaba todo el tiempo porque el equipo entrenaba en doble turno.<br \/>\n\u201cTen\u00eda mi consultorio en la calle Loayza, donde atend\u00eda a partir de las 17:30. Todos mis pacientes eran futbolistas\u201d, a\u00f1ade y sonr\u00ede.<br \/>\nJim\u00e9nez jug\u00f3 12 a\u00f1os para la Academia pace\u00f1a y form\u00f3 parte de 10 seleccionados de Bolivia, incluido aquel que en 1977 dej\u00f3 en el camino a Uruguay y Venezuela. Cuando luego, la Confederaci\u00f3n determin\u00f3 aplicar un nuevo sistema (nunca antes registrado); era un minitorneo o \u201cliguilla\u201d que se jug\u00f3 en Cali (Colombia) y donde el equipo boliviano sufri\u00f3 la hecatombe. Jim\u00e9nez, a pesar de tener una fuerte lesi\u00f3n, jug\u00f3 como titular en el primer partido contra Brasil, en el que volvi\u00f3 a resentirse y tuvo que ser sustituido. La selecci\u00f3n perdi\u00f3 8-0 contra Brasil y 5-0 contra Per\u00fa.<br \/>\nEn ese \u00ednterin y luego de dos lesiones, milit\u00f3 en Blooming y despu\u00e9s pas\u00f3 al f\u00fatbol de Brasil, en el club Coritiba. All\u00ed, aparte de jugar, hizo cursos de especializaci\u00f3n para su profesi\u00f3n, aspecto que parece imposible para cualquier futbolista que milita en el extranjero.<br \/>\nPese a ser pretendido por el Sao Paulo, de manera prematura, dej\u00f3 el f\u00fatbol en 1982 a la edad de 33 a\u00f1os.<br \/>\n\u201cDej\u00e9 el f\u00fatbol porque consider\u00e9 que cumpl\u00ed una etapa de vida y pas\u00e9 a dedicarme plenamente a mi otra pasi\u00f3n que es la Odontolog\u00eda\u201d, manifiesta. \u201cEra mucha actividad y me sent\u00eda cansado\u201d, a\u00f1ade.<br \/>\nPese a esta determinaci\u00f3n sigui\u00f3 en la senda del f\u00fatbol como dirigente. Fue parte de la Federaci\u00f3n Boliviana de F\u00fatbol donde lleg\u00f3 incluso a postularse para ser el principal titular.<br \/>\nSu capacidad de organizaci\u00f3n y confianza que genera en los dem\u00e1s, hizo tambi\u00e9n que Carlos Conrado sea la cabeza de Colegio de Odont\u00f3logos de Bolivia y del Colegio de Odont\u00f3logos de Santa Cruz, en varias oportunidades. Este gremio, actualmente tiene- en la capital cruce\u00f1a- una envidiable infraestructura que se levant\u00f3 durante la gesti\u00f3n de nuestro entrevistado.<br \/>\nActualmente, el Dr. Jim\u00e9nez posee una cl\u00ednica odontol\u00f3gica muy prestigiosa en Santa Cruz de Sierra, donde trabaja con su hija Paola Andrea, quien tambi\u00e9n le sigui\u00f3 los pasos profesionales.<br \/>\n\u201cLo que me dej\u00f3 el f\u00fatbol reci\u00e9n lo empec\u00e9 a sentir cuando dej\u00e9 de jugar. Por mi nombre se me abren muchas puertas. Puedo decir que el f\u00fatbol me abri\u00f3 las puertas al \u00e9xito profesional\u201d, afirma.<br \/>\nDe manera consecuente, al igual que la mayor\u00eda de sus colegas exfutbolistas entrevistados por EL DIARIO, piensa que en el f\u00fatbol de ayer se jugaba m\u00e1s por amor a la camiseta y por el honor que por el dinero. \u201cEn mi tiempo, el m\u00e1ximo orgullo que ten\u00edamos era vestir la casaca de la Bolivia\u201d, asegura.<br \/>\nLa enriquecedora conversaci\u00f3n con el \u201cDr. del arco\u201d fue solo una m\u00ednima parte de la experiencia ejemplar de este gran boliviano, que con su historia de vida demuestra a las generaciones actuales que cuando se quiere, se puede. \u00c9l fue un gran deportista y a la vez forj\u00f3 una excepcional carrera profesional en base a estudio, superaci\u00f3n, sacrificio y constancia.<br \/>\nEl gran Carlos Conrado Jim\u00e9nez es un ejemplo de correcci\u00f3n, inteligencia y excelencia para los bolivianos.<br \/>\n\u201cNunca quise que me hicieran una despedida del f\u00fatbol porque el f\u00fatbol lo llevo hasta ahora en mi vida\u201d, asegura y con gesto gentil concluye la entrevista. El tiempo y el espacio quedaron cortos, lo que simplemente lleva a decirle \u00a1Gracias por tanto!.<\/p>\n<blockquote><p>&#8216;El f\u00fatbol me abri\u00f3 las puertas al \u00e9xito profesional&#8217;<\/p><\/blockquote>\n<p>FICHA<br \/>\nNombre: Carlos Conrado Jim\u00e9nez Hurtado.<br \/>\nLugar de nacimiento: Ignacio de Velasco (Santa Cruz).<br \/>\nFecha de Nacimiento: 10 de febrero de 1948.<br \/>\nLugar de radicatoria actual: Santa Cruz de Sierra.Ocupaci\u00f3n actual: Doctor Cirujano Dentista<br \/>\nFamilia: Paola Andrea, Carlos, Diego (hijos) y cuatro nietos.<\/p>\n<p><em><strong>GHILKA SANABRIA<\/strong><\/em><\/p>\n<div id='gallery-1' class='gallery galleryid-160461 gallery-columns-3 gallery-size-medium'><figure class='gallery-item'>\n\t\t\t<div class='gallery-icon landscape'>\n\t\t\t\t<a href='https:\/\/www.eldiario.net\/portal\/2023\/06\/17\/jimenez-un-dr-en-el-arco\/foto-1-a-2\/'><img loading=\"lazy\" decoding=\"async\" width=\"300\" height=\"269\" src=\"https:\/\/www.eldiario.net\/portal\/wp-content\/uploads\/2023\/06\/FOTO-1-A-300x269.jpg\" class=\"attachment-medium size-medium\" alt=\"\" aria-describedby=\"gallery-1-160462\" srcset=\"https:\/\/www.eldiario.net\/portal\/wp-content\/uploads\/2023\/06\/FOTO-1-A-300x269.jpg 300w, https:\/\/www.eldiario.net\/portal\/wp-content\/uploads\/2023\/06\/FOTO-1-A-768x687.jpg 768w, https:\/\/www.eldiario.net\/portal\/wp-content\/uploads\/2023\/06\/FOTO-1-A-696x623.jpg 696w, https:\/\/www.eldiario.net\/portal\/wp-content\/uploads\/2023\/06\/FOTO-1-A.jpg 1000w\" sizes=\"auto, (max-width: 300px) 100vw, 300px\" \/><\/a>\n\t\t\t<\/div>\n\t\t\t\t<figcaption class='wp-caption-text gallery-caption' id='gallery-1-160462'>\n\t\t\t\t  Un profesional de la Odontolg\u00eda y tambi\u00e9n del f\u00fatbol.\n\t\t\t\t<\/figcaption><\/figure><figure class='gallery-item'>\n\t\t\t<div class='gallery-icon landscape'>\n\t\t\t\t<a href='https:\/\/www.eldiario.net\/portal\/2023\/06\/17\/jimenez-un-dr-en-el-arco\/foto-8-13\/'><img loading=\"lazy\" decoding=\"async\" width=\"300\" height=\"298\" src=\"https:\/\/www.eldiario.net\/portal\/wp-content\/uploads\/2023\/06\/FOTO-8-2-300x298.jpg\" class=\"attachment-medium size-medium\" alt=\"\" aria-describedby=\"gallery-1-160463\" srcset=\"https:\/\/www.eldiario.net\/portal\/wp-content\/uploads\/2023\/06\/FOTO-8-2-300x298.jpg 300w, https:\/\/www.eldiario.net\/portal\/wp-content\/uploads\/2023\/06\/FOTO-8-2-150x150.jpg 150w, https:\/\/www.eldiario.net\/portal\/wp-content\/uploads\/2023\/06\/FOTO-8-2-768x763.jpg 768w, https:\/\/www.eldiario.net\/portal\/wp-content\/uploads\/2023\/06\/FOTO-8-2-696x692.jpg 696w, https:\/\/www.eldiario.net\/portal\/wp-content\/uploads\/2023\/06\/FOTO-8-2.jpg 1000w\" sizes=\"auto, (max-width: 300px) 100vw, 300px\" \/><\/a>\n\t\t\t<\/div>\n\t\t\t\t<figcaption class='wp-caption-text gallery-caption' id='gallery-1-160463'>\n\t\t\t\t  Jim\u00e9nez se siente orgulloso  de ser boliviano.\n\t\t\t\t<\/figcaption><\/figure><figure class='gallery-item'>\n\t\t\t<div class='gallery-icon portrait'>\n\t\t\t\t<a href='https:\/\/www.eldiario.net\/portal\/2023\/06\/17\/jimenez-un-dr-en-el-arco\/foto-3-56\/'><img loading=\"lazy\" decoding=\"async\" width=\"230\" height=\"300\" src=\"https:\/\/www.eldiario.net\/portal\/wp-content\/uploads\/2023\/06\/FOTO-3-2-230x300.jpg\" class=\"attachment-medium size-medium\" alt=\"\" aria-describedby=\"gallery-1-160464\" srcset=\"https:\/\/www.eldiario.net\/portal\/wp-content\/uploads\/2023\/06\/FOTO-3-2-230x300.jpg 230w, https:\/\/www.eldiario.net\/portal\/wp-content\/uploads\/2023\/06\/FOTO-3-2-785x1024.jpg 785w, https:\/\/www.eldiario.net\/portal\/wp-content\/uploads\/2023\/06\/FOTO-3-2-768x1001.jpg 768w, https:\/\/www.eldiario.net\/portal\/wp-content\/uploads\/2023\/06\/FOTO-3-2-696x908.jpg 696w, https:\/\/www.eldiario.net\/portal\/wp-content\/uploads\/2023\/06\/FOTO-3-2.jpg 1000w\" sizes=\"auto, (max-width: 230px) 100vw, 230px\" \/><\/a>\n\t\t\t<\/div>\n\t\t\t\t<figcaption class='wp-caption-text gallery-caption' id='gallery-1-160464'>\n\t\t\t\t  Grandes valores del retrof\u00fatbol nacional.\n\t\t\t\t<\/figcaption><\/figure><figure class='gallery-item'>\n\t\t\t<div class='gallery-icon portrait'>\n\t\t\t\t<a href='https:\/\/www.eldiario.net\/portal\/2023\/06\/17\/jimenez-un-dr-en-el-arco\/foto-1-b\/'><img loading=\"lazy\" decoding=\"async\" width=\"198\" height=\"300\" src=\"https:\/\/www.eldiario.net\/portal\/wp-content\/uploads\/2023\/06\/FOTO-1-B-198x300.jpg\" class=\"attachment-medium size-medium\" alt=\"\" aria-describedby=\"gallery-1-160465\" srcset=\"https:\/\/www.eldiario.net\/portal\/wp-content\/uploads\/2023\/06\/FOTO-1-B-198x300.jpg 198w, https:\/\/www.eldiario.net\/portal\/wp-content\/uploads\/2023\/06\/FOTO-1-B-677x1024.jpg 677w, https:\/\/www.eldiario.net\/portal\/wp-content\/uploads\/2023\/06\/FOTO-1-B-768x1162.jpg 768w, https:\/\/www.eldiario.net\/portal\/wp-content\/uploads\/2023\/06\/FOTO-1-B-696x1053.jpg 696w, https:\/\/www.eldiario.net\/portal\/wp-content\/uploads\/2023\/06\/FOTO-1-B.jpg 1000w\" sizes=\"auto, (max-width: 198px) 100vw, 198px\" \/><\/a>\n\t\t\t<\/div>\n\t\t\t\t<figcaption class='wp-caption-text gallery-caption' id='gallery-1-160465'>\n\t\t\t\t  Un profesional de la Odontolg\u00eda y tambi\u00e9n del f\u00fatbol.\n\t\t\t\t<\/figcaption><\/figure><figure class='gallery-item'>\n\t\t\t<div class='gallery-icon portrait'>\n\t\t\t\t<a href='https:\/\/www.eldiario.net\/portal\/2023\/06\/17\/jimenez-un-dr-en-el-arco\/foto-2-a-3\/'><img loading=\"lazy\" decoding=\"async\" width=\"169\" height=\"300\" src=\"https:\/\/www.eldiario.net\/portal\/wp-content\/uploads\/2023\/06\/FOTO-2-A-169x300.jpg\" class=\"attachment-medium size-medium\" alt=\"\" aria-describedby=\"gallery-1-160466\" srcset=\"https:\/\/www.eldiario.net\/portal\/wp-content\/uploads\/2023\/06\/FOTO-2-A-169x300.jpg 169w, https:\/\/www.eldiario.net\/portal\/wp-content\/uploads\/2023\/06\/FOTO-2-A-576x1024.jpg 576w, https:\/\/www.eldiario.net\/portal\/wp-content\/uploads\/2023\/06\/FOTO-2-A-768x1366.jpg 768w, https:\/\/www.eldiario.net\/portal\/wp-content\/uploads\/2023\/06\/FOTO-2-A-864x1536.jpg 864w, https:\/\/www.eldiario.net\/portal\/wp-content\/uploads\/2023\/06\/FOTO-2-A-696x1237.jpg 696w, https:\/\/www.eldiario.net\/portal\/wp-content\/uploads\/2023\/06\/FOTO-2-A.jpg 1000w\" sizes=\"auto, (max-width: 169px) 100vw, 169px\" \/><\/a>\n\t\t\t<\/div>\n\t\t\t\t<figcaption class='wp-caption-text gallery-caption' id='gallery-1-160466'>\n\t\t\t\t  Con sus hijos y nietos\n\t\t\t\t<\/figcaption><\/figure><figure class='gallery-item'>\n\t\t\t<div class='gallery-icon portrait'>\n\t\t\t\t<a href='https:\/\/www.eldiario.net\/portal\/2023\/06\/17\/jimenez-un-dr-en-el-arco\/foto-2-b\/'><img loading=\"lazy\" decoding=\"async\" width=\"223\" height=\"300\" src=\"https:\/\/www.eldiario.net\/portal\/wp-content\/uploads\/2023\/06\/FOTO-2-B-223x300.jpg\" class=\"attachment-medium size-medium\" alt=\"\" srcset=\"https:\/\/www.eldiario.net\/portal\/wp-content\/uploads\/2023\/06\/FOTO-2-B-223x300.jpg 223w, https:\/\/www.eldiario.net\/portal\/wp-content\/uploads\/2023\/06\/FOTO-2-B-760x1024.jpg 760w, https:\/\/www.eldiario.net\/portal\/wp-content\/uploads\/2023\/06\/FOTO-2-B-768x1034.jpg 768w, https:\/\/www.eldiario.net\/portal\/wp-content\/uploads\/2023\/06\/FOTO-2-B-696x938.jpg 696w, https:\/\/www.eldiario.net\/portal\/wp-content\/uploads\/2023\/06\/FOTO-2-B.jpg 1000w\" sizes=\"auto, (max-width: 223px) 100vw, 223px\" \/><\/a>\n\t\t\t<\/div><\/figure><figure class='gallery-item'>\n\t\t\t<div class='gallery-icon landscape'>\n\t\t\t\t<a href='https:\/\/www.eldiario.net\/portal\/2023\/06\/17\/jimenez-un-dr-en-el-arco\/foto-4-49\/'><img loading=\"lazy\" decoding=\"async\" width=\"300\" height=\"191\" src=\"https:\/\/www.eldiario.net\/portal\/wp-content\/uploads\/2023\/06\/FOTO-4-3-300x191.jpg\" class=\"attachment-medium size-medium\" alt=\"\" aria-describedby=\"gallery-1-160468\" srcset=\"https:\/\/www.eldiario.net\/portal\/wp-content\/uploads\/2023\/06\/FOTO-4-3-300x191.jpg 300w, https:\/\/www.eldiario.net\/portal\/wp-content\/uploads\/2023\/06\/FOTO-4-3-768x490.jpg 768w, https:\/\/www.eldiario.net\/portal\/wp-content\/uploads\/2023\/06\/FOTO-4-3-696x444.jpg 696w, https:\/\/www.eldiario.net\/portal\/wp-content\/uploads\/2023\/06\/FOTO-4-3.jpg 1000w\" sizes=\"auto, (max-width: 300px) 100vw, 300px\" \/><\/a>\n\t\t\t<\/div>\n\t\t\t\t<figcaption class='wp-caption-text gallery-caption' id='gallery-1-160468'>\n\t\t\t\t  SELECCI\u00d3N BOLIVIANA DE 1973.\n\t\t\t\t<\/figcaption><\/figure><figure class='gallery-item'>\n\t\t\t<div class='gallery-icon landscape'>\n\t\t\t\t<a href='https:\/\/www.eldiario.net\/portal\/2023\/06\/17\/jimenez-un-dr-en-el-arco\/foto-5-34\/'><img loading=\"lazy\" decoding=\"async\" width=\"300\" height=\"209\" src=\"https:\/\/www.eldiario.net\/portal\/wp-content\/uploads\/2023\/06\/FOTO-5-2-300x209.jpg\" class=\"attachment-medium size-medium\" alt=\"\" aria-describedby=\"gallery-1-160469\" srcset=\"https:\/\/www.eldiario.net\/portal\/wp-content\/uploads\/2023\/06\/FOTO-5-2-300x209.jpg 300w, https:\/\/www.eldiario.net\/portal\/wp-content\/uploads\/2023\/06\/FOTO-5-2-768x535.jpg 768w, https:\/\/www.eldiario.net\/portal\/wp-content\/uploads\/2023\/06\/FOTO-5-2-696x484.jpg 696w, https:\/\/www.eldiario.net\/portal\/wp-content\/uploads\/2023\/06\/FOTO-5-2.jpg 1000w\" sizes=\"auto, (max-width: 300px) 100vw, 300px\" \/><\/a>\n\t\t\t<\/div>\n\t\t\t\t<figcaption class='wp-caption-text gallery-caption' id='gallery-1-160469'>\n\t\t\t\t  BOL\u00cdVAR, EL EQUIPO DE SUS AMORES.\n\t\t\t\t<\/figcaption><\/figure><figure class='gallery-item'>\n\t\t\t<div class='gallery-icon landscape'>\n\t\t\t\t<a href='https:\/\/www.eldiario.net\/portal\/2023\/06\/17\/jimenez-un-dr-en-el-arco\/foto-6-27\/'><img loading=\"lazy\" decoding=\"async\" width=\"300\" height=\"200\" src=\"https:\/\/www.eldiario.net\/portal\/wp-content\/uploads\/2023\/06\/FOTO-6-2-300x200.jpg\" class=\"attachment-medium size-medium\" alt=\"\" aria-describedby=\"gallery-1-160470\" srcset=\"https:\/\/www.eldiario.net\/portal\/wp-content\/uploads\/2023\/06\/FOTO-6-2-300x200.jpg 300w, https:\/\/www.eldiario.net\/portal\/wp-content\/uploads\/2023\/06\/FOTO-6-2-768x512.jpg 768w, https:\/\/www.eldiario.net\/portal\/wp-content\/uploads\/2023\/06\/FOTO-6-2-696x464.jpg 696w, https:\/\/www.eldiario.net\/portal\/wp-content\/uploads\/2023\/06\/FOTO-6-2.jpg 1000w\" sizes=\"auto, (max-width: 300px) 100vw, 300px\" \/><\/a>\n\t\t\t<\/div>\n\t\t\t\t<figcaption class='wp-caption-text gallery-caption' id='gallery-1-160470'>\n\t\t\t\t  UN MAESTRO EN SU PROFESI\u00d3N.\n\t\t\t\t<\/figcaption><\/figure><figure class='gallery-item'>\n\t\t\t<div class='gallery-icon portrait'>\n\t\t\t\t<a href='https:\/\/www.eldiario.net\/portal\/2023\/06\/17\/jimenez-un-dr-en-el-arco\/foto-7-21\/'><img loading=\"lazy\" decoding=\"async\" width=\"225\" height=\"300\" src=\"https:\/\/www.eldiario.net\/portal\/wp-content\/uploads\/2023\/06\/FOTO-7-1-225x300.jpg\" class=\"attachment-medium size-medium\" alt=\"\" aria-describedby=\"gallery-1-160471\" srcset=\"https:\/\/www.eldiario.net\/portal\/wp-content\/uploads\/2023\/06\/FOTO-7-1-225x300.jpg 225w, https:\/\/www.eldiario.net\/portal\/wp-content\/uploads\/2023\/06\/FOTO-7-1-768x1024.jpg 768w, https:\/\/www.eldiario.net\/portal\/wp-content\/uploads\/2023\/06\/FOTO-7-1-696x928.jpg 696w, https:\/\/www.eldiario.net\/portal\/wp-content\/uploads\/2023\/06\/FOTO-7-1.jpg 1000w\" sizes=\"auto, (max-width: 225px) 100vw, 225px\" \/><\/a>\n\t\t\t<\/div>\n\t\t\t\t<figcaption class='wp-caption-text gallery-caption' id='gallery-1-160471'>\n\t\t\t\t  ES UN AGRADECIDO CON LA VIDA.\n\t\t\t\t<\/figcaption><\/figure>\n\t\t<\/div>\n\n","protected":false},"excerpt":{"rendered":"<p>Era una tarde no muy lejana, en la sala de espera del despacho del Ministro de Salud, un reducido grupo de representantes odont\u00f3logos aguardaban la reuni\u00f3n con la autoridad para realizar una gesti\u00f3n en favor de sus colegas. Por encima de sus lentes, la secretaria del Ministro fijaba la mirada en uno de los visitantes. [&hellip;]<\/p>\n","protected":false},"author":1,"featured_media":160462,"comment_status":"closed","ping_status":"closed","sticky":false,"template":"","format":"standard","meta":{"_acf_changed":false,"footnotes":""},"categories":[6],"tags":[],"class_list":["post-160461","post","type-post","status-publish","format-standard","has-post-thumbnail","category-deportes"],"acf":{"antetitulo":""},"yoast_head":"<!-- This site is optimized with the Yoast SEO plugin v28.4 - https:\/\/yoast.com\/product\/yoast-seo-wordpress\/ -->\n<title>JIM\u00c9NEZ, UN DR. EN EL ARCO - El Diario - Bolivia<\/title>\n<meta name=\"robots\" content=\"index, follow, max-snippet:-1, max-image-preview:large, max-video-preview:-1\" \/>\n<link rel=\"canonical\" href=\"https:\/\/www.eldiario.net\/portal\/2023\/06\/17\/jimenez-un-dr-en-el-arco\/\" \/>\n<meta property=\"og:locale\" content=\"es_ES\" \/>\n<meta property=\"og:type\" content=\"article\" \/>\n<meta property=\"og:title\" content=\"JIM\u00c9NEZ, UN DR. EN EL ARCO - El Diario - Bolivia\" \/>\n<meta property=\"og:description\" content=\"Era una tarde no muy lejana, en la sala de espera del despacho del Ministro de Salud, un reducido grupo de representantes odont\u00f3logos aguardaban la reuni\u00f3n con la autoridad para realizar una gesti\u00f3n en favor de sus colegas. Por encima de sus lentes, la secretaria del Ministro fijaba la mirada en uno de los visitantes. [&hellip;]\" \/>\n<meta property=\"og:url\" content=\"https:\/\/www.eldiario.net\/portal\/2023\/06\/17\/jimenez-un-dr-en-el-arco\/\" \/>\n<meta property=\"og:site_name\" content=\"El Diario - Bolivia\" \/>\n<meta property=\"article:publisher\" content=\"https:\/\/www.facebook.com\/eldiario.bolivia\/\" \/>\n<meta property=\"article:published_time\" content=\"2023-06-17T10:42:12+00:00\" \/>\n<meta property=\"og:image\" content=\"https:\/\/www.eldiario.net\/portal\/wp-content\/uploads\/2023\/06\/FOTO-1-A.jpg\" \/>\n\t<meta property=\"og:image:width\" content=\"1000\" \/>\n\t<meta property=\"og:image:height\" content=\"895\" \/>\n\t<meta property=\"og:image:type\" content=\"image\/jpeg\" \/>\n<meta name=\"author\" content=\"Jeanette\" \/>\n<meta name=\"twitter:card\" content=\"summary_large_image\" \/>\n<meta name=\"twitter:creator\" content=\"@eldiario_net\" \/>\n<meta name=\"twitter:site\" content=\"@eldiario_net\" \/>\n<meta name=\"twitter:label1\" content=\"Escrito por\" \/>\n\t<meta name=\"twitter:data1\" content=\"Jeanette\" \/>\n\t<meta name=\"twitter:label2\" content=\"Tiempo de lectura\" \/>\n\t<meta name=\"twitter:data2\" content=\"8 minutos\" \/>\n<script type=\"application\/ld+json\" class=\"yoast-schema-graph\">{\"@context\":\"https:\\\/\\\/schema.org\",\"@graph\":[{\"@type\":\"Article\",\"@id\":\"https:\\\/\\\/www.eldiario.net\\\/portal\\\/2023\\\/06\\\/17\\\/jimenez-un-dr-en-el-arco\\\/#article\",\"isPartOf\":{\"@id\":\"https:\\\/\\\/www.eldiario.net\\\/portal\\\/2023\\\/06\\\/17\\\/jimenez-un-dr-en-el-arco\\\/\"},\"author\":{\"name\":\"Jeanette\",\"@id\":\"https:\\\/\\\/www.eldiario.net\\\/portal\\\/#\\\/schema\\\/person\\\/2c57cf2b7a7ae032e449e4c9b1019eac\"},\"headline\":\"JIM\u00c9NEZ, UN DR. EN EL ARCO\",\"datePublished\":\"2023-06-17T10:42:12+00:00\",\"mainEntityOfPage\":{\"@id\":\"https:\\\/\\\/www.eldiario.net\\\/portal\\\/2023\\\/06\\\/17\\\/jimenez-un-dr-en-el-arco\\\/\"},\"wordCount\":1710,\"publisher\":{\"@id\":\"https:\\\/\\\/www.eldiario.net\\\/portal\\\/#organization\"},\"image\":{\"@id\":\"https:\\\/\\\/www.eldiario.net\\\/portal\\\/2023\\\/06\\\/17\\\/jimenez-un-dr-en-el-arco\\\/#primaryimage\"},\"thumbnailUrl\":\"https:\\\/\\\/www.eldiario.net\\\/portal\\\/wp-content\\\/uploads\\\/2023\\\/06\\\/FOTO-1-A.jpg\",\"articleSection\":[\"Deportes\"],\"inLanguage\":\"es\"},{\"@type\":\"WebPage\",\"@id\":\"https:\\\/\\\/www.eldiario.net\\\/portal\\\/2023\\\/06\\\/17\\\/jimenez-un-dr-en-el-arco\\\/\",\"url\":\"https:\\\/\\\/www.eldiario.net\\\/portal\\\/2023\\\/06\\\/17\\\/jimenez-un-dr-en-el-arco\\\/\",\"name\":\"JIM\u00c9NEZ, UN DR. EN EL ARCO - El Diario - Bolivia\",\"isPartOf\":{\"@id\":\"https:\\\/\\\/www.eldiario.net\\\/portal\\\/#website\"},\"primaryImageOfPage\":{\"@id\":\"https:\\\/\\\/www.eldiario.net\\\/portal\\\/2023\\\/06\\\/17\\\/jimenez-un-dr-en-el-arco\\\/#primaryimage\"},\"image\":{\"@id\":\"https:\\\/\\\/www.eldiario.net\\\/portal\\\/2023\\\/06\\\/17\\\/jimenez-un-dr-en-el-arco\\\/#primaryimage\"},\"thumbnailUrl\":\"https:\\\/\\\/www.eldiario.net\\\/portal\\\/wp-content\\\/uploads\\\/2023\\\/06\\\/FOTO-1-A.jpg\",\"datePublished\":\"2023-06-17T10:42:12+00:00\",\"breadcrumb\":{\"@id\":\"https:\\\/\\\/www.eldiario.net\\\/portal\\\/2023\\\/06\\\/17\\\/jimenez-un-dr-en-el-arco\\\/#breadcrumb\"},\"inLanguage\":\"es\",\"potentialAction\":[{\"@type\":\"ReadAction\",\"target\":[\"https:\\\/\\\/www.eldiario.net\\\/portal\\\/2023\\\/06\\\/17\\\/jimenez-un-dr-en-el-arco\\\/\"]}]},{\"@type\":\"ImageObject\",\"inLanguage\":\"es\",\"@id\":\"https:\\\/\\\/www.eldiario.net\\\/portal\\\/2023\\\/06\\\/17\\\/jimenez-un-dr-en-el-arco\\\/#primaryimage\",\"url\":\"https:\\\/\\\/www.eldiario.net\\\/portal\\\/wp-content\\\/uploads\\\/2023\\\/06\\\/FOTO-1-A.jpg\",\"contentUrl\":\"https:\\\/\\\/www.eldiario.net\\\/portal\\\/wp-content\\\/uploads\\\/2023\\\/06\\\/FOTO-1-A.jpg\",\"width\":1000,\"height\":895,\"caption\":\"Un profesional de la Odontolg\u00eda y tambi\u00e9n del f\u00fatbol.\"},{\"@type\":\"BreadcrumbList\",\"@id\":\"https:\\\/\\\/www.eldiario.net\\\/portal\\\/2023\\\/06\\\/17\\\/jimenez-un-dr-en-el-arco\\\/#breadcrumb\",\"itemListElement\":[{\"@type\":\"ListItem\",\"position\":1,\"name\":\"Portada\",\"item\":\"https:\\\/\\\/www.eldiario.net\\\/portal\\\/\"},{\"@type\":\"ListItem\",\"position\":2,\"name\":\"JIM\u00c9NEZ, UN DR. EN EL ARCO\"}]},{\"@type\":\"WebSite\",\"@id\":\"https:\\\/\\\/www.eldiario.net\\\/portal\\\/#website\",\"url\":\"https:\\\/\\\/www.eldiario.net\\\/portal\\\/\",\"name\":\"El Diario - Decano de la prensa nacional\",\"description\":\"El Diario - Decano de la prensa nacional\",\"publisher\":{\"@id\":\"https:\\\/\\\/www.eldiario.net\\\/portal\\\/#organization\"},\"potentialAction\":[{\"@type\":\"SearchAction\",\"target\":{\"@type\":\"EntryPoint\",\"urlTemplate\":\"https:\\\/\\\/www.eldiario.net\\\/portal\\\/?s={search_term_string}\"},\"query-input\":{\"@type\":\"PropertyValueSpecification\",\"valueRequired\":true,\"valueName\":\"search_term_string\"}}],\"inLanguage\":\"es\"},{\"@type\":\"Organization\",\"@id\":\"https:\\\/\\\/www.eldiario.net\\\/portal\\\/#organization\",\"name\":\"El Diario - Decano de la prensa nacional\",\"url\":\"https:\\\/\\\/www.eldiario.net\\\/portal\\\/\",\"logo\":{\"@type\":\"ImageObject\",\"inLanguage\":\"es\",\"@id\":\"https:\\\/\\\/www.eldiario.net\\\/portal\\\/#\\\/schema\\\/logo\\\/image\\\/\",\"url\":\"https:\\\/\\\/www.eldiario.net\\\/portal\\\/wp-content\\\/uploads\\\/2023\\\/07\\\/logo_ED.jpg\",\"contentUrl\":\"https:\\\/\\\/www.eldiario.net\\\/portal\\\/wp-content\\\/uploads\\\/2023\\\/07\\\/logo_ED.jpg\",\"width\":272,\"height\":52,\"caption\":\"El Diario - Decano de la prensa nacional\"},\"image\":{\"@id\":\"https:\\\/\\\/www.eldiario.net\\\/portal\\\/#\\\/schema\\\/logo\\\/image\\\/\"},\"sameAs\":[\"https:\\\/\\\/www.facebook.com\\\/eldiario.bolivia\\\/\",\"https:\\\/\\\/x.com\\\/eldiario_net\"]},{\"@type\":\"Person\",\"@id\":\"https:\\\/\\\/www.eldiario.net\\\/portal\\\/#\\\/schema\\\/person\\\/2c57cf2b7a7ae032e449e4c9b1019eac\",\"name\":\"Jeanette\",\"image\":{\"@type\":\"ImageObject\",\"inLanguage\":\"es\",\"@id\":\"https:\\\/\\\/secure.gravatar.com\\\/avatar\\\/3ea2118a5f7dad2b7138b1187a6b7ee55f160b9968b66013c3a3ef39dd7e5798?s=96&d=mm&r=g\",\"url\":\"https:\\\/\\\/secure.gravatar.com\\\/avatar\\\/3ea2118a5f7dad2b7138b1187a6b7ee55f160b9968b66013c3a3ef39dd7e5798?s=96&d=mm&r=g\",\"contentUrl\":\"https:\\\/\\\/secure.gravatar.com\\\/avatar\\\/3ea2118a5f7dad2b7138b1187a6b7ee55f160b9968b66013c3a3ef39dd7e5798?s=96&d=mm&r=g\",\"caption\":\"Jeanette\"},\"sameAs\":[\"https:\\\/\\\/www.eldiario.net\\\/portal\"],\"url\":\"https:\\\/\\\/www.eldiario.net\\\/portal\\\/author\\\/jeanette\\\/\"}]}<\/script>\n<!-- \/ Yoast SEO plugin. -->","yoast_head_json":{"title":"JIM\u00c9NEZ, UN DR. EN EL ARCO - El Diario - Bolivia","robots":{"index":"index","follow":"follow","max-snippet":"max-snippet:-1","max-image-preview":"max-image-preview:large","max-video-preview":"max-video-preview:-1"},"canonical":"https:\/\/www.eldiario.net\/portal\/2023\/06\/17\/jimenez-un-dr-en-el-arco\/","og_locale":"es_ES","og_type":"article","og_title":"JIM\u00c9NEZ, UN DR. EN EL ARCO - El Diario - Bolivia","og_description":"Era una tarde no muy lejana, en la sala de espera del despacho del Ministro de Salud, un reducido grupo de representantes odont\u00f3logos aguardaban la reuni\u00f3n con la autoridad para realizar una gesti\u00f3n en favor de sus colegas. Por encima de sus lentes, la secretaria del Ministro fijaba la mirada en uno de los visitantes. [&hellip;]","og_url":"https:\/\/www.eldiario.net\/portal\/2023\/06\/17\/jimenez-un-dr-en-el-arco\/","og_site_name":"El Diario - Bolivia","article_publisher":"https:\/\/www.facebook.com\/eldiario.bolivia\/","article_published_time":"2023-06-17T10:42:12+00:00","og_image":[{"width":1000,"height":895,"url":"https:\/\/www.eldiario.net\/portal\/wp-content\/uploads\/2023\/06\/FOTO-1-A.jpg","type":"image\/jpeg"}],"author":"Jeanette","twitter_card":"summary_large_image","twitter_creator":"@eldiario_net","twitter_site":"@eldiario_net","twitter_misc":{"Escrito por":"Jeanette","Tiempo de lectura":"8 minutos"},"schema":{"@context":"https:\/\/schema.org","@graph":[{"@type":"Article","@id":"https:\/\/www.eldiario.net\/portal\/2023\/06\/17\/jimenez-un-dr-en-el-arco\/#article","isPartOf":{"@id":"https:\/\/www.eldiario.net\/portal\/2023\/06\/17\/jimenez-un-dr-en-el-arco\/"},"author":{"name":"Jeanette","@id":"https:\/\/www.eldiario.net\/portal\/#\/schema\/person\/2c57cf2b7a7ae032e449e4c9b1019eac"},"headline":"JIM\u00c9NEZ, UN DR. EN EL ARCO","datePublished":"2023-06-17T10:42:12+00:00","mainEntityOfPage":{"@id":"https:\/\/www.eldiario.net\/portal\/2023\/06\/17\/jimenez-un-dr-en-el-arco\/"},"wordCount":1710,"publisher":{"@id":"https:\/\/www.eldiario.net\/portal\/#organization"},"image":{"@id":"https:\/\/www.eldiario.net\/portal\/2023\/06\/17\/jimenez-un-dr-en-el-arco\/#primaryimage"},"thumbnailUrl":"https:\/\/www.eldiario.net\/portal\/wp-content\/uploads\/2023\/06\/FOTO-1-A.jpg","articleSection":["Deportes"],"inLanguage":"es"},{"@type":"WebPage","@id":"https:\/\/www.eldiario.net\/portal\/2023\/06\/17\/jimenez-un-dr-en-el-arco\/","url":"https:\/\/www.eldiario.net\/portal\/2023\/06\/17\/jimenez-un-dr-en-el-arco\/","name":"JIM\u00c9NEZ, UN DR. EN EL ARCO - El Diario - Bolivia","isPartOf":{"@id":"https:\/\/www.eldiario.net\/portal\/#website"},"primaryImageOfPage":{"@id":"https:\/\/www.eldiario.net\/portal\/2023\/06\/17\/jimenez-un-dr-en-el-arco\/#primaryimage"},"image":{"@id":"https:\/\/www.eldiario.net\/portal\/2023\/06\/17\/jimenez-un-dr-en-el-arco\/#primaryimage"},"thumbnailUrl":"https:\/\/www.eldiario.net\/portal\/wp-content\/uploads\/2023\/06\/FOTO-1-A.jpg","datePublished":"2023-06-17T10:42:12+00:00","breadcrumb":{"@id":"https:\/\/www.eldiario.net\/portal\/2023\/06\/17\/jimenez-un-dr-en-el-arco\/#breadcrumb"},"inLanguage":"es","potentialAction":[{"@type":"ReadAction","target":["https:\/\/www.eldiario.net\/portal\/2023\/06\/17\/jimenez-un-dr-en-el-arco\/"]}]},{"@type":"ImageObject","inLanguage":"es","@id":"https:\/\/www.eldiario.net\/portal\/2023\/06\/17\/jimenez-un-dr-en-el-arco\/#primaryimage","url":"https:\/\/www.eldiario.net\/portal\/wp-content\/uploads\/2023\/06\/FOTO-1-A.jpg","contentUrl":"https:\/\/www.eldiario.net\/portal\/wp-content\/uploads\/2023\/06\/FOTO-1-A.jpg","width":1000,"height":895,"caption":"Un profesional de la Odontolg\u00eda y tambi\u00e9n del f\u00fatbol."},{"@type":"BreadcrumbList","@id":"https:\/\/www.eldiario.net\/portal\/2023\/06\/17\/jimenez-un-dr-en-el-arco\/#breadcrumb","itemListElement":[{"@type":"ListItem","position":1,"name":"Portada","item":"https:\/\/www.eldiario.net\/portal\/"},{"@type":"ListItem","position":2,"name":"JIM\u00c9NEZ, UN DR. EN EL ARCO"}]},{"@type":"WebSite","@id":"https:\/\/www.eldiario.net\/portal\/#website","url":"https:\/\/www.eldiario.net\/portal\/","name":"El Diario - Decano de la prensa nacional","description":"El Diario - Decano de la prensa nacional","publisher":{"@id":"https:\/\/www.eldiario.net\/portal\/#organization"},"potentialAction":[{"@type":"SearchAction","target":{"@type":"EntryPoint","urlTemplate":"https:\/\/www.eldiario.net\/portal\/?s={search_term_string}"},"query-input":{"@type":"PropertyValueSpecification","valueRequired":true,"valueName":"search_term_string"}}],"inLanguage":"es"},{"@type":"Organization","@id":"https:\/\/www.eldiario.net\/portal\/#organization","name":"El Diario - Decano de la prensa nacional","url":"https:\/\/www.eldiario.net\/portal\/","logo":{"@type":"ImageObject","inLanguage":"es","@id":"https:\/\/www.eldiario.net\/portal\/#\/schema\/logo\/image\/","url":"https:\/\/www.eldiario.net\/portal\/wp-content\/uploads\/2023\/07\/logo_ED.jpg","contentUrl":"https:\/\/www.eldiario.net\/portal\/wp-content\/uploads\/2023\/07\/logo_ED.jpg","width":272,"height":52,"caption":"El Diario - Decano de la prensa nacional"},"image":{"@id":"https:\/\/www.eldiario.net\/portal\/#\/schema\/logo\/image\/"},"sameAs":["https:\/\/www.facebook.com\/eldiario.bolivia\/","https:\/\/x.com\/eldiario_net"]},{"@type":"Person","@id":"https:\/\/www.eldiario.net\/portal\/#\/schema\/person\/2c57cf2b7a7ae032e449e4c9b1019eac","name":"Jeanette","image":{"@type":"ImageObject","inLanguage":"es","@id":"https:\/\/secure.gravatar.com\/avatar\/3ea2118a5f7dad2b7138b1187a6b7ee55f160b9968b66013c3a3ef39dd7e5798?s=96&d=mm&r=g","url":"https:\/\/secure.gravatar.com\/avatar\/3ea2118a5f7dad2b7138b1187a6b7ee55f160b9968b66013c3a3ef39dd7e5798?s=96&d=mm&r=g","contentUrl":"https:\/\/secure.gravatar.com\/avatar\/3ea2118a5f7dad2b7138b1187a6b7ee55f160b9968b66013c3a3ef39dd7e5798?s=96&d=mm&r=g","caption":"Jeanette"},"sameAs":["https:\/\/www.eldiario.net\/portal"],"url":"https:\/\/www.eldiario.net\/portal\/author\/jeanette\/"}]}},"_links":{"self":[{"href":"https:\/\/www.eldiario.net\/portal\/wp-json\/wp\/v2\/posts\/160461","targetHints":{"allow":["GET"]}}],"collection":[{"href":"https:\/\/www.eldiario.net\/portal\/wp-json\/wp\/v2\/posts"}],"about":[{"href":"https:\/\/www.eldiario.net\/portal\/wp-json\/wp\/v2\/types\/post"}],"author":[{"embeddable":true,"href":"https:\/\/www.eldiario.net\/portal\/wp-json\/wp\/v2\/users\/1"}],"replies":[{"embeddable":true,"href":"https:\/\/www.eldiario.net\/portal\/wp-json\/wp\/v2\/comments?post=160461"}],"version-history":[{"count":0,"href":"https:\/\/www.eldiario.net\/portal\/wp-json\/wp\/v2\/posts\/160461\/revisions"}],"wp:featuredmedia":[{"embeddable":true,"href":"https:\/\/www.eldiario.net\/portal\/wp-json\/wp\/v2\/media\/160462"}],"wp:attachment":[{"href":"https:\/\/www.eldiario.net\/portal\/wp-json\/wp\/v2\/media?parent=160461"}],"wp:term":[{"taxonomy":"category","embeddable":true,"href":"https:\/\/www.eldiario.net\/portal\/wp-json\/wp\/v2\/categories?post=160461"},{"taxonomy":"post_tag","embeddable":true,"href":"https:\/\/www.eldiario.net\/portal\/wp-json\/wp\/v2\/tags?post=160461"}],"curies":[{"name":"wp","href":"https:\/\/api.w.org\/{rel}","templated":true}]}}