{"id":160285,"date":"2023-06-16T06:09:44","date_gmt":"2023-06-16T10:09:44","guid":{"rendered":"https:\/\/www.eldiario.net\/portal\/?p=160285"},"modified":"2023-06-16T06:09:44","modified_gmt":"2023-06-16T10:09:44","slug":"lluvias-causan-perdida-de-45-000-hectareas-de-trigo","status":"publish","type":"post","link":"https:\/\/www.eldiario.net\/portal\/2023\/06\/16\/lluvias-causan-perdida-de-45-000-hectareas-de-trigo\/","title":{"rendered":"Lluvias causan p\u00e9rdida de 45.000 hect\u00e1reas de trigo"},"content":{"rendered":"<p>Cerca de 45.000 hect\u00e1reas de cultivos de trigo y soya se perdieron en el municipio cruce\u00f1o de Cuatro Ca\u00f1adas debido a las malas condiciones clim\u00e1ticas como lluvias que azota al oriente boliviano, inform\u00f3 el presidente de la C\u00e1mara Agropecuaria del Oriente (CAO), Jos\u00e9 Luis Farah.<\/p>\n<p>Las bajas temperaturas comenzaron desde el pasado fin de semana y trajeron consigo climas g\u00e9lidos y lluvias en varios municipios, llegado a ocasionar una serie de problemas a los productores de los valles cruce\u00f1os.<\/p>\n<p>Frente a esa situaci\u00f3n, Farah se\u00f1al\u00f3 que existe preocupaci\u00f3n en todo el sector e inst\u00f3 a que se requiere el apoyo del Gobierno nacional, departamental y los municipales para mitigar los efectos posteriores en la producci\u00f3n.<\/p>\n<p>\u201cHay productores que han sido perjudicados en sus cultivos, hay da\u00f1o en el sector de Cuatro Ca\u00f1adas, Valle Grande. En el Beni tambi\u00e9n hemos recibido informaci\u00f3n por el tema del fr\u00edo con bastantes animales, entonces, vamos a cuantificar y ver qu\u00e9 podemos hacer en el sector agropecuario\u201d, a\u00f1adi\u00f3.<\/p>\n<p>Se aguarda que en los pr\u00f3ximos d\u00edas se pueda tener una nueva evaluaci\u00f3n de la cantidad de hect\u00e1reas afectadas. (Santa Cruz, Erbol)<\/p>\n","protected":false},"excerpt":{"rendered":"<p>Cerca de 45.000 hect\u00e1reas de cultivos de trigo y soya se perdieron en el municipio cruce\u00f1o de Cuatro Ca\u00f1adas debido a las malas condiciones clim\u00e1ticas como lluvias que azota al oriente boliviano, inform\u00f3 el presidente de la C\u00e1mara Agropecuaria del Oriente (CAO), Jos\u00e9 Luis Farah. Las bajas temperaturas comenzaron desde el pasado fin de semana [&hellip;]<\/p>\n","protected":false},"author":1,"featured_media":160286,"comment_status":"closed","ping_status":"closed","sticky":false,"template":"","format":"standard","meta":{"_acf_changed":false,"footnotes":""},"categories":[12],"tags":[],"class_list":["post-160285","post","type-post","status-publish","format-standard","has-post-thumbnail","category-nacional"],"acf":{"antetitulo":""},"yoast_head":"<!-- This site is optimized with the Yoast SEO plugin v28.4 - https:\/\/yoast.com\/product\/yoast-seo-wordpress\/ -->\n<title>Lluvias causan p\u00e9rdida de 45.000 hect\u00e1reas de trigo - El Diario - Bolivia<\/title>\n<meta name=\"robots\" content=\"index, follow, max-snippet:-1, max-image-preview:large, max-video-preview:-1\" \/>\n<link rel=\"canonical\" href=\"https:\/\/www.eldiario.net\/portal\/2023\/06\/16\/lluvias-causan-perdida-de-45-000-hectareas-de-trigo\/\" \/>\n<meta property=\"og:locale\" content=\"es_ES\" \/>\n<meta property=\"og:type\" content=\"article\" \/>\n<meta property=\"og:title\" content=\"Lluvias causan p\u00e9rdida de 45.000 hect\u00e1reas de trigo - El Diario - Bolivia\" \/>\n<meta property=\"og:description\" content=\"Cerca de 45.000 hect\u00e1reas de cultivos de trigo y soya se perdieron en el municipio cruce\u00f1o de Cuatro Ca\u00f1adas debido a las malas condiciones clim\u00e1ticas como lluvias que azota al oriente boliviano, inform\u00f3 el presidente de la C\u00e1mara Agropecuaria del Oriente (CAO), Jos\u00e9 Luis Farah. Las bajas temperaturas comenzaron desde el pasado fin de semana [&hellip;]\" \/>\n<meta property=\"og:url\" content=\"https:\/\/www.eldiario.net\/portal\/2023\/06\/16\/lluvias-causan-perdida-de-45-000-hectareas-de-trigo\/\" \/>\n<meta property=\"og:site_name\" content=\"El Diario - Bolivia\" \/>\n<meta property=\"article:publisher\" content=\"https:\/\/www.facebook.com\/eldiario.bolivia\/\" \/>\n<meta property=\"article:published_time\" content=\"2023-06-16T10:09:44+00:00\" \/>\n<meta property=\"og:image\" content=\"https:\/\/www.eldiario.net\/portal\/wp-content\/uploads\/2023\/06\/TRIGO-FOTO.jpg\" \/>\n\t<meta property=\"og:image:width\" content=\"1821\" \/>\n\t<meta property=\"og:image:height\" content=\"1003\" \/>\n\t<meta property=\"og:image:type\" content=\"image\/jpeg\" \/>\n<meta name=\"author\" content=\"Jeanette\" \/>\n<meta name=\"twitter:card\" content=\"summary_large_image\" \/>\n<meta name=\"twitter:creator\" content=\"@eldiario_net\" \/>\n<meta name=\"twitter:site\" content=\"@eldiario_net\" \/>\n<meta name=\"twitter:label1\" content=\"Escrito por\" \/>\n\t<meta name=\"twitter:data1\" content=\"Jeanette\" \/>\n\t<meta name=\"twitter:label2\" content=\"Tiempo de lectura\" \/>\n\t<meta name=\"twitter:data2\" content=\"1 minuto\" \/>\n<script type=\"application\/ld+json\" class=\"yoast-schema-graph\">{\"@context\":\"https:\\\/\\\/schema.org\",\"@graph\":[{\"@type\":\"Article\",\"@id\":\"https:\\\/\\\/www.eldiario.net\\\/portal\\\/2023\\\/06\\\/16\\\/lluvias-causan-perdida-de-45-000-hectareas-de-trigo\\\/#article\",\"isPartOf\":{\"@id\":\"https:\\\/\\\/www.eldiario.net\\\/portal\\\/2023\\\/06\\\/16\\\/lluvias-causan-perdida-de-45-000-hectareas-de-trigo\\\/\"},\"author\":{\"name\":\"Jeanette\",\"@id\":\"https:\\\/\\\/www.eldiario.net\\\/portal\\\/#\\\/schema\\\/person\\\/2c57cf2b7a7ae032e449e4c9b1019eac\"},\"headline\":\"Lluvias causan p\u00e9rdida de 45.000 hect\u00e1reas de trigo\",\"datePublished\":\"2023-06-16T10:09:44+00:00\",\"mainEntityOfPage\":{\"@id\":\"https:\\\/\\\/www.eldiario.net\\\/portal\\\/2023\\\/06\\\/16\\\/lluvias-causan-perdida-de-45-000-hectareas-de-trigo\\\/\"},\"wordCount\":214,\"publisher\":{\"@id\":\"https:\\\/\\\/www.eldiario.net\\\/portal\\\/#organization\"},\"image\":{\"@id\":\"https:\\\/\\\/www.eldiario.net\\\/portal\\\/2023\\\/06\\\/16\\\/lluvias-causan-perdida-de-45-000-hectareas-de-trigo\\\/#primaryimage\"},\"thumbnailUrl\":\"https:\\\/\\\/www.eldiario.net\\\/portal\\\/wp-content\\\/uploads\\\/2023\\\/06\\\/TRIGO-FOTO.jpg\",\"articleSection\":[\"Nacional\"],\"inLanguage\":\"es\"},{\"@type\":\"WebPage\",\"@id\":\"https:\\\/\\\/www.eldiario.net\\\/portal\\\/2023\\\/06\\\/16\\\/lluvias-causan-perdida-de-45-000-hectareas-de-trigo\\\/\",\"url\":\"https:\\\/\\\/www.eldiario.net\\\/portal\\\/2023\\\/06\\\/16\\\/lluvias-causan-perdida-de-45-000-hectareas-de-trigo\\\/\",\"name\":\"Lluvias causan p\u00e9rdida de 45.000 hect\u00e1reas de trigo - El Diario - Bolivia\",\"isPartOf\":{\"@id\":\"https:\\\/\\\/www.eldiario.net\\\/portal\\\/#website\"},\"primaryImageOfPage\":{\"@id\":\"https:\\\/\\\/www.eldiario.net\\\/portal\\\/2023\\\/06\\\/16\\\/lluvias-causan-perdida-de-45-000-hectareas-de-trigo\\\/#primaryimage\"},\"image\":{\"@id\":\"https:\\\/\\\/www.eldiario.net\\\/portal\\\/2023\\\/06\\\/16\\\/lluvias-causan-perdida-de-45-000-hectareas-de-trigo\\\/#primaryimage\"},\"thumbnailUrl\":\"https:\\\/\\\/www.eldiario.net\\\/portal\\\/wp-content\\\/uploads\\\/2023\\\/06\\\/TRIGO-FOTO.jpg\",\"datePublished\":\"2023-06-16T10:09:44+00:00\",\"breadcrumb\":{\"@id\":\"https:\\\/\\\/www.eldiario.net\\\/portal\\\/2023\\\/06\\\/16\\\/lluvias-causan-perdida-de-45-000-hectareas-de-trigo\\\/#breadcrumb\"},\"inLanguage\":\"es\",\"potentialAction\":[{\"@type\":\"ReadAction\",\"target\":[\"https:\\\/\\\/www.eldiario.net\\\/portal\\\/2023\\\/06\\\/16\\\/lluvias-causan-perdida-de-45-000-hectareas-de-trigo\\\/\"]}]},{\"@type\":\"ImageObject\",\"inLanguage\":\"es\",\"@id\":\"https:\\\/\\\/www.eldiario.net\\\/portal\\\/2023\\\/06\\\/16\\\/lluvias-causan-perdida-de-45-000-hectareas-de-trigo\\\/#primaryimage\",\"url\":\"https:\\\/\\\/www.eldiario.net\\\/portal\\\/wp-content\\\/uploads\\\/2023\\\/06\\\/TRIGO-FOTO.jpg\",\"contentUrl\":\"https:\\\/\\\/www.eldiario.net\\\/portal\\\/wp-content\\\/uploads\\\/2023\\\/06\\\/TRIGO-FOTO.jpg\",\"width\":1821,\"height\":1003,\"caption\":\"Inundaci\u00f3n en el municipio cruce\u00f1o de Cuatro Ca\u00f1adas. Foto: Captura video-Erbol\"},{\"@type\":\"BreadcrumbList\",\"@id\":\"https:\\\/\\\/www.eldiario.net\\\/portal\\\/2023\\\/06\\\/16\\\/lluvias-causan-perdida-de-45-000-hectareas-de-trigo\\\/#breadcrumb\",\"itemListElement\":[{\"@type\":\"ListItem\",\"position\":1,\"name\":\"Portada\",\"item\":\"https:\\\/\\\/www.eldiario.net\\\/portal\\\/\"},{\"@type\":\"ListItem\",\"position\":2,\"name\":\"Lluvias causan p\u00e9rdida de 45.000 hect\u00e1reas de trigo\"}]},{\"@type\":\"WebSite\",\"@id\":\"https:\\\/\\\/www.eldiario.net\\\/portal\\\/#website\",\"url\":\"https:\\\/\\\/www.eldiario.net\\\/portal\\\/\",\"name\":\"El Diario - Decano de la prensa nacional\",\"description\":\"El Diario - Decano de la prensa nacional\",\"publisher\":{\"@id\":\"https:\\\/\\\/www.eldiario.net\\\/portal\\\/#organization\"},\"potentialAction\":[{\"@type\":\"SearchAction\",\"target\":{\"@type\":\"EntryPoint\",\"urlTemplate\":\"https:\\\/\\\/www.eldiario.net\\\/portal\\\/?s={search_term_string}\"},\"query-input\":{\"@type\":\"PropertyValueSpecification\",\"valueRequired\":true,\"valueName\":\"search_term_string\"}}],\"inLanguage\":\"es\"},{\"@type\":\"Organization\",\"@id\":\"https:\\\/\\\/www.eldiario.net\\\/portal\\\/#organization\",\"name\":\"El Diario - Decano de la prensa nacional\",\"url\":\"https:\\\/\\\/www.eldiario.net\\\/portal\\\/\",\"logo\":{\"@type\":\"ImageObject\",\"inLanguage\":\"es\",\"@id\":\"https:\\\/\\\/www.eldiario.net\\\/portal\\\/#\\\/schema\\\/logo\\\/image\\\/\",\"url\":\"https:\\\/\\\/www.eldiario.net\\\/portal\\\/wp-content\\\/uploads\\\/2023\\\/07\\\/logo_ED.jpg\",\"contentUrl\":\"https:\\\/\\\/www.eldiario.net\\\/portal\\\/wp-content\\\/uploads\\\/2023\\\/07\\\/logo_ED.jpg\",\"width\":272,\"height\":52,\"caption\":\"El Diario - Decano de la prensa nacional\"},\"image\":{\"@id\":\"https:\\\/\\\/www.eldiario.net\\\/portal\\\/#\\\/schema\\\/logo\\\/image\\\/\"},\"sameAs\":[\"https:\\\/\\\/www.facebook.com\\\/eldiario.bolivia\\\/\",\"https:\\\/\\\/x.com\\\/eldiario_net\"]},{\"@type\":\"Person\",\"@id\":\"https:\\\/\\\/www.eldiario.net\\\/portal\\\/#\\\/schema\\\/person\\\/2c57cf2b7a7ae032e449e4c9b1019eac\",\"name\":\"Jeanette\",\"image\":{\"@type\":\"ImageObject\",\"inLanguage\":\"es\",\"@id\":\"https:\\\/\\\/secure.gravatar.com\\\/avatar\\\/3ea2118a5f7dad2b7138b1187a6b7ee55f160b9968b66013c3a3ef39dd7e5798?s=96&d=mm&r=g\",\"url\":\"https:\\\/\\\/secure.gravatar.com\\\/avatar\\\/3ea2118a5f7dad2b7138b1187a6b7ee55f160b9968b66013c3a3ef39dd7e5798?s=96&d=mm&r=g\",\"contentUrl\":\"https:\\\/\\\/secure.gravatar.com\\\/avatar\\\/3ea2118a5f7dad2b7138b1187a6b7ee55f160b9968b66013c3a3ef39dd7e5798?s=96&d=mm&r=g\",\"caption\":\"Jeanette\"},\"sameAs\":[\"https:\\\/\\\/www.eldiario.net\\\/portal\"],\"url\":\"https:\\\/\\\/www.eldiario.net\\\/portal\\\/author\\\/jeanette\\\/\"}]}<\/script>\n<!-- \/ Yoast SEO plugin. -->","yoast_head_json":{"title":"Lluvias causan p\u00e9rdida de 45.000 hect\u00e1reas de trigo - El Diario - Bolivia","robots":{"index":"index","follow":"follow","max-snippet":"max-snippet:-1","max-image-preview":"max-image-preview:large","max-video-preview":"max-video-preview:-1"},"canonical":"https:\/\/www.eldiario.net\/portal\/2023\/06\/16\/lluvias-causan-perdida-de-45-000-hectareas-de-trigo\/","og_locale":"es_ES","og_type":"article","og_title":"Lluvias causan p\u00e9rdida de 45.000 hect\u00e1reas de trigo - El Diario - Bolivia","og_description":"Cerca de 45.000 hect\u00e1reas de cultivos de trigo y soya se perdieron en el municipio cruce\u00f1o de Cuatro Ca\u00f1adas debido a las malas condiciones clim\u00e1ticas como lluvias que azota al oriente boliviano, inform\u00f3 el presidente de la C\u00e1mara Agropecuaria del Oriente (CAO), Jos\u00e9 Luis Farah. Las bajas temperaturas comenzaron desde el pasado fin de semana [&hellip;]","og_url":"https:\/\/www.eldiario.net\/portal\/2023\/06\/16\/lluvias-causan-perdida-de-45-000-hectareas-de-trigo\/","og_site_name":"El Diario - Bolivia","article_publisher":"https:\/\/www.facebook.com\/eldiario.bolivia\/","article_published_time":"2023-06-16T10:09:44+00:00","og_image":[{"width":1821,"height":1003,"url":"https:\/\/www.eldiario.net\/portal\/wp-content\/uploads\/2023\/06\/TRIGO-FOTO.jpg","type":"image\/jpeg"}],"author":"Jeanette","twitter_card":"summary_large_image","twitter_creator":"@eldiario_net","twitter_site":"@eldiario_net","twitter_misc":{"Escrito por":"Jeanette","Tiempo de lectura":"1 minuto"},"schema":{"@context":"https:\/\/schema.org","@graph":[{"@type":"Article","@id":"https:\/\/www.eldiario.net\/portal\/2023\/06\/16\/lluvias-causan-perdida-de-45-000-hectareas-de-trigo\/#article","isPartOf":{"@id":"https:\/\/www.eldiario.net\/portal\/2023\/06\/16\/lluvias-causan-perdida-de-45-000-hectareas-de-trigo\/"},"author":{"name":"Jeanette","@id":"https:\/\/www.eldiario.net\/portal\/#\/schema\/person\/2c57cf2b7a7ae032e449e4c9b1019eac"},"headline":"Lluvias causan p\u00e9rdida de 45.000 hect\u00e1reas de trigo","datePublished":"2023-06-16T10:09:44+00:00","mainEntityOfPage":{"@id":"https:\/\/www.eldiario.net\/portal\/2023\/06\/16\/lluvias-causan-perdida-de-45-000-hectareas-de-trigo\/"},"wordCount":214,"publisher":{"@id":"https:\/\/www.eldiario.net\/portal\/#organization"},"image":{"@id":"https:\/\/www.eldiario.net\/portal\/2023\/06\/16\/lluvias-causan-perdida-de-45-000-hectareas-de-trigo\/#primaryimage"},"thumbnailUrl":"https:\/\/www.eldiario.net\/portal\/wp-content\/uploads\/2023\/06\/TRIGO-FOTO.jpg","articleSection":["Nacional"],"inLanguage":"es"},{"@type":"WebPage","@id":"https:\/\/www.eldiario.net\/portal\/2023\/06\/16\/lluvias-causan-perdida-de-45-000-hectareas-de-trigo\/","url":"https:\/\/www.eldiario.net\/portal\/2023\/06\/16\/lluvias-causan-perdida-de-45-000-hectareas-de-trigo\/","name":"Lluvias causan p\u00e9rdida de 45.000 hect\u00e1reas de trigo - El Diario - Bolivia","isPartOf":{"@id":"https:\/\/www.eldiario.net\/portal\/#website"},"primaryImageOfPage":{"@id":"https:\/\/www.eldiario.net\/portal\/2023\/06\/16\/lluvias-causan-perdida-de-45-000-hectareas-de-trigo\/#primaryimage"},"image":{"@id":"https:\/\/www.eldiario.net\/portal\/2023\/06\/16\/lluvias-causan-perdida-de-45-000-hectareas-de-trigo\/#primaryimage"},"thumbnailUrl":"https:\/\/www.eldiario.net\/portal\/wp-content\/uploads\/2023\/06\/TRIGO-FOTO.jpg","datePublished":"2023-06-16T10:09:44+00:00","breadcrumb":{"@id":"https:\/\/www.eldiario.net\/portal\/2023\/06\/16\/lluvias-causan-perdida-de-45-000-hectareas-de-trigo\/#breadcrumb"},"inLanguage":"es","potentialAction":[{"@type":"ReadAction","target":["https:\/\/www.eldiario.net\/portal\/2023\/06\/16\/lluvias-causan-perdida-de-45-000-hectareas-de-trigo\/"]}]},{"@type":"ImageObject","inLanguage":"es","@id":"https:\/\/www.eldiario.net\/portal\/2023\/06\/16\/lluvias-causan-perdida-de-45-000-hectareas-de-trigo\/#primaryimage","url":"https:\/\/www.eldiario.net\/portal\/wp-content\/uploads\/2023\/06\/TRIGO-FOTO.jpg","contentUrl":"https:\/\/www.eldiario.net\/portal\/wp-content\/uploads\/2023\/06\/TRIGO-FOTO.jpg","width":1821,"height":1003,"caption":"Inundaci\u00f3n en el municipio cruce\u00f1o de Cuatro Ca\u00f1adas. Foto: Captura video-Erbol"},{"@type":"BreadcrumbList","@id":"https:\/\/www.eldiario.net\/portal\/2023\/06\/16\/lluvias-causan-perdida-de-45-000-hectareas-de-trigo\/#breadcrumb","itemListElement":[{"@type":"ListItem","position":1,"name":"Portada","item":"https:\/\/www.eldiario.net\/portal\/"},{"@type":"ListItem","position":2,"name":"Lluvias causan p\u00e9rdida de 45.000 hect\u00e1reas de trigo"}]},{"@type":"WebSite","@id":"https:\/\/www.eldiario.net\/portal\/#website","url":"https:\/\/www.eldiario.net\/portal\/","name":"El Diario - Decano de la prensa nacional","description":"El Diario - Decano de la prensa nacional","publisher":{"@id":"https:\/\/www.eldiario.net\/portal\/#organization"},"potentialAction":[{"@type":"SearchAction","target":{"@type":"EntryPoint","urlTemplate":"https:\/\/www.eldiario.net\/portal\/?s={search_term_string}"},"query-input":{"@type":"PropertyValueSpecification","valueRequired":true,"valueName":"search_term_string"}}],"inLanguage":"es"},{"@type":"Organization","@id":"https:\/\/www.eldiario.net\/portal\/#organization","name":"El Diario - Decano de la prensa nacional","url":"https:\/\/www.eldiario.net\/portal\/","logo":{"@type":"ImageObject","inLanguage":"es","@id":"https:\/\/www.eldiario.net\/portal\/#\/schema\/logo\/image\/","url":"https:\/\/www.eldiario.net\/portal\/wp-content\/uploads\/2023\/07\/logo_ED.jpg","contentUrl":"https:\/\/www.eldiario.net\/portal\/wp-content\/uploads\/2023\/07\/logo_ED.jpg","width":272,"height":52,"caption":"El Diario - Decano de la prensa nacional"},"image":{"@id":"https:\/\/www.eldiario.net\/portal\/#\/schema\/logo\/image\/"},"sameAs":["https:\/\/www.facebook.com\/eldiario.bolivia\/","https:\/\/x.com\/eldiario_net"]},{"@type":"Person","@id":"https:\/\/www.eldiario.net\/portal\/#\/schema\/person\/2c57cf2b7a7ae032e449e4c9b1019eac","name":"Jeanette","image":{"@type":"ImageObject","inLanguage":"es","@id":"https:\/\/secure.gravatar.com\/avatar\/3ea2118a5f7dad2b7138b1187a6b7ee55f160b9968b66013c3a3ef39dd7e5798?s=96&d=mm&r=g","url":"https:\/\/secure.gravatar.com\/avatar\/3ea2118a5f7dad2b7138b1187a6b7ee55f160b9968b66013c3a3ef39dd7e5798?s=96&d=mm&r=g","contentUrl":"https:\/\/secure.gravatar.com\/avatar\/3ea2118a5f7dad2b7138b1187a6b7ee55f160b9968b66013c3a3ef39dd7e5798?s=96&d=mm&r=g","caption":"Jeanette"},"sameAs":["https:\/\/www.eldiario.net\/portal"],"url":"https:\/\/www.eldiario.net\/portal\/author\/jeanette\/"}]}},"_links":{"self":[{"href":"https:\/\/www.eldiario.net\/portal\/wp-json\/wp\/v2\/posts\/160285","targetHints":{"allow":["GET"]}}],"collection":[{"href":"https:\/\/www.eldiario.net\/portal\/wp-json\/wp\/v2\/posts"}],"about":[{"href":"https:\/\/www.eldiario.net\/portal\/wp-json\/wp\/v2\/types\/post"}],"author":[{"embeddable":true,"href":"https:\/\/www.eldiario.net\/portal\/wp-json\/wp\/v2\/users\/1"}],"replies":[{"embeddable":true,"href":"https:\/\/www.eldiario.net\/portal\/wp-json\/wp\/v2\/comments?post=160285"}],"version-history":[{"count":0,"href":"https:\/\/www.eldiario.net\/portal\/wp-json\/wp\/v2\/posts\/160285\/revisions"}],"wp:featuredmedia":[{"embeddable":true,"href":"https:\/\/www.eldiario.net\/portal\/wp-json\/wp\/v2\/media\/160286"}],"wp:attachment":[{"href":"https:\/\/www.eldiario.net\/portal\/wp-json\/wp\/v2\/media?parent=160285"}],"wp:term":[{"taxonomy":"category","embeddable":true,"href":"https:\/\/www.eldiario.net\/portal\/wp-json\/wp\/v2\/categories?post=160285"},{"taxonomy":"post_tag","embeddable":true,"href":"https:\/\/www.eldiario.net\/portal\/wp-json\/wp\/v2\/tags?post=160285"}],"curies":[{"name":"wp","href":"https:\/\/api.w.org\/{rel}","templated":true}]}}