{"id":160265,"date":"2023-06-16T06:03:39","date_gmt":"2023-06-16T10:03:39","guid":{"rendered":"https:\/\/www.eldiario.net\/portal\/?p=160265"},"modified":"2023-06-16T06:03:39","modified_gmt":"2023-06-16T10:03:39","slug":"la-fiesta-los-super-clasicos-de-henry-larrea-llega-a-eeuu","status":"publish","type":"post","link":"https:\/\/www.eldiario.net\/portal\/2023\/06\/16\/la-fiesta-los-super-clasicos-de-henry-larrea-llega-a-eeuu\/","title":{"rendered":"La fiesta Los S\u00faper Cl\u00e1sicos  de Henry Larrea llega a EEUU"},"content":{"rendered":"<p>La fiesta de Los S\u00faper Cl\u00e1sicos cruza fronteras. Fue llevada a Estados Unidos, donde ser\u00e1 presentada este s\u00e1bado 17 de junio en Virginia, fiel a su estilo, con full diversi\u00f3n, recuerdos, nostalgia y la mejor m\u00fasica con sonido e imagen de primer nivel.<\/p>\n<p>\u201cEs un logro m\u00e1s en mi carrera profesional, hasta el a\u00f1o pasado Los S\u00faper Cl\u00e1sicos solo cruzaban fronteras mediante las redes sociales o se\u00f1ales de Internet. Ahora logramos ingresar a un mercado muy competitivo, donde se genera todo tipo de espect\u00e1culos masivos cada semana. Me siento emocionado y, al mismo tiempo, comprometido para representar bien a nuestro pa\u00eds\u201d, afirm\u00f3 Henry Larrea, presentador y productor de Los S\u00faper Cl\u00e1sicos, nombre del programa que tambi\u00e9n conduce hace m\u00e1s de 30 a\u00f1os, y que actualmente se emite por radio Laser 103.9 y Palenque TV.<\/p>\n<p>Henry sali\u00f3 del pa\u00eds con mucha ilusi\u00f3n y por sugerencia de la comunidad boliviana que quer\u00eda un evento de cl\u00e1sicos similar a los que se producen en Bolivia, pero esta vez en Virginia, Estados Unidos.<\/p>\n<p>Felizmente se est\u00e1 cumpliendo el objetivo, pese a que la organizaci\u00f3n atraves\u00f3 por muchos contratiempos, sobre todo por cubrir las distancias para llegar a confirmar, el lugar, la fecha, el equipo, e iniciar una campa\u00f1a publicitaria dirigida al p\u00fablico objetivo del evento.<\/p>\n<p>Larrea cont\u00f3 que se encontr\u00f3 con gente boliviana emprendedora y muy trabajadora que ya radica en Virginia, Maryland y Washington DC, y que con mucho esfuerzo logr\u00f3 establecer su residencia en el pa\u00eds del norte. La comunidad boliviana en esos estados americanos alcanza m\u00e1s o menos a 250.000 personas, que generan unos 500 millones de d\u00f3lares en remesas a Bolivia.<\/p>\n<p>\u201cEstamos abriendo el camino para que otros compa\u00f1eros que quieran realizar actividades y presentaciones, tengan el camino m\u00e1s allanado y se abran las puertas r\u00e1pidamente para un evento o varios eventos similares. En Bolivia hay la capacidad para competir a nivel internacional y eso siempre se va demostrando por el mundo. Los bolivianos aqu\u00ed (Estados Unidos) son muy bien vistos, porque los consideran gente muy trabajadora y cumplida, punto a favor para nosotros\u201d, coment\u00f3.<\/p>\n<p>Respecto al evento de este s\u00e1bado 17, Henry cont\u00f3 que el 18 de junio en Estados Unidos se celebra el D\u00eda del Padre, \u201cAs\u00ed que aprovechamos esa fecha para presentar esta alternativa&#8230; Una fiesta de cl\u00e1sicos de los a\u00f1os 70 80 y 90 con el estilo boliviano, con el toque de un programa que ya tiene m\u00e1s de 30 a\u00f1os al aire. La idea fue valorada y aceptada, incluso por una tickeadora internacional, Tickeri, que tambi\u00e9n evalu\u00f3 el evento para que se hagan cargo de la venta de entradas en l\u00ednea\u201d, asever\u00f3.<\/p>\n<p>La invitaci\u00f3n est\u00e1 hecha para que la comunidad boliviana en Virginia, Maryland y Washington DC celebre el D\u00eda del Padre junto a Los S\u00faper Cl\u00e1sicos de Henry Larrea este s\u00e1bado 17 de junio en La Llajta Bar &amp; Grill (6633 Arlington Blvd. Falls Church va. 22042).<\/p>\n<p>\u201cEl evento se inicia a las 20:00. Para este efecto, se prepar\u00f3 un material exclusivo de cl\u00e1sicos de los 70, 80 y 90 en sonido e imagen, al mismo tiempo un set musical con la m\u00fasica boliviana que estoy seguro les gustar\u00e1 escuchar, todo con el estilo que damos los DJs bolivianos a nuestras fiestas\u201d, complement\u00f3.<\/p>\n<p>\u00bfDespu\u00e9s har\u00e1s otros eventos en EEUU?, le consultamos, a lo que Henry respondi\u00f3: \u201cUna vez que hicimos conocer nuestra llegada a este pa\u00eds, se contactaron conmigo organizadores de eventos de Maryland, New Jersey, con la idea de llevar el mismo evento a sus estados. Son posibilidades ya casi concretadas, solo falta la firma\u201d.<\/p>\n<p>Pero con Henry no solo conversamos acerca de la fiesta, sino tambi\u00e9n del programa <em>Los S\u00faper Cl\u00e1sicos<\/em> y esto fue lo que nos cont\u00f3.<\/p>\n<p><strong>LG: \u00bfC\u00f3mo le est\u00e1 yendo al programa actualmente? <\/strong><\/p>\n<p>H: Estamos saliendo en un nuevo ciclo por Palenque TV y por la renovada L\u00e1ser 103.9. Tenemos ya un p\u00fablico cautivo que espera los fines de semana para escuchar o ver el programa. Es dif\u00edcil mantener un programa por tantos a\u00f1os al aire, pero gracias al apoyo de la gente lo logramos. Se debe resaltar la tecnolog\u00eda digital de L\u00e1ser, que este a\u00f1o tiene una gran propuesta para todos, junto a un gran equipo conformado por Gonzalo Cobo, de Futbolman\u00eda, como Director General, Niroslava G\u00f3mez, Oscar P\u00e9rez, Claudio Zambrana, Elvis Alcon, Leo Chambo, etc. Esa tecnolog\u00eda nos permite hacer el programa en vivo desde Virginia, Estados Unidos. Tengo una an\u00e9cdota muy linda. Mucha gente no cree que est\u00e9 fuera del pa\u00eds, ya que me escuchan al aire en La Paz como si estuviera en la cabina central de L\u00e1ser y los programas no son grabados, demostrando as\u00ed que L\u00e1ser es una de las radios con la mejor tecnolog\u00eda digital del pa\u00eds.<\/p>\n<p><strong>LG: \u00bfEn qu\u00e9 d\u00edas se emite el programa?<\/strong><\/p>\n<p>H: Se emite por L\u00e1ser 103.9 todos los s\u00e1bados, de 9:00 a 12:00, y por Palenque TV tambi\u00e9n los s\u00e1bados, de 20:30 a 22:00 horas.<\/p>\n<p><strong>LG: \u00bfA qu\u00e9 se debe la vigencia de Los S\u00faper Cl\u00e1sicos? <\/strong><\/p>\n<p>H: Creo que el programa est\u00e1 vigente gracias a la m\u00fasica que se emite, a los sectores y, como dice nuestro slogan&#8230; \u00abLa m\u00fasica que resisti\u00f3 el paso del tiempo\u00bb y el programa tambi\u00e9n resisti\u00f3 el paso del tiempo.<\/p>\n<p>Los cl\u00e1sicos cuentan con una masiva audiencia de gente adulto contempor\u00e1nea.\u00a0 La m\u00fasica es el mejor instrumento para recordar. La colecci\u00f3n del programa en audio y video hoy alcanza a m\u00e1s de 30.000 t\u00edtulos.<\/p>\n<p><strong>LG: \u00bfQui\u00e9n es hoy Henry Larrea? <\/strong><\/p>\n<p>H: Henry Larrea es un auditor financiero que se convirti\u00f3 en comunicador social, tratando de llevar a cada uno de los hogares compa\u00f1\u00eda, entretenimiento, informaci\u00f3n y recuerdos. Es un apasionado por la m\u00fasica y siempre trazando nuevos retos, como este viaje a Estados Unidos.<\/p>\n<p><strong>LG: \u00bfDeseas agregar algo?<\/strong><\/p>\n<p>H: Simplemente agradecimiento a mi p\u00fablico, a mi gente, a esas personas que mantienen vivo este programa. La promesa es seguir trabajando intensamente para lograr los objetivos trazados para este a\u00f1o. Bendiciones para todos.<\/p>\n<div id='gallery-1' class='gallery galleryid-160265 gallery-columns-3 gallery-size-medium'><figure class='gallery-item'>\n\t\t\t<div class='gallery-icon landscape'>\n\t\t\t\t<a href='https:\/\/www.eldiario.net\/portal\/2023\/06\/16\/la-fiesta-los-super-clasicos-de-henry-larrea-llega-a-eeuu\/henry-1-principal\/'><img loading=\"lazy\" decoding=\"async\" width=\"300\" height=\"225\" src=\"https:\/\/www.eldiario.net\/portal\/wp-content\/uploads\/2023\/06\/henry-1-PRINCIPAL-300x225.jpg\" class=\"attachment-medium size-medium\" alt=\"\" srcset=\"https:\/\/www.eldiario.net\/portal\/wp-content\/uploads\/2023\/06\/henry-1-PRINCIPAL-300x225.jpg 300w, https:\/\/www.eldiario.net\/portal\/wp-content\/uploads\/2023\/06\/henry-1-PRINCIPAL-1024x768.jpg 1024w, https:\/\/www.eldiario.net\/portal\/wp-content\/uploads\/2023\/06\/henry-1-PRINCIPAL-768x576.jpg 768w, https:\/\/www.eldiario.net\/portal\/wp-content\/uploads\/2023\/06\/henry-1-PRINCIPAL-1536x1152.jpg 1536w, https:\/\/www.eldiario.net\/portal\/wp-content\/uploads\/2023\/06\/henry-1-PRINCIPAL-696x522.jpg 696w, https:\/\/www.eldiario.net\/portal\/wp-content\/uploads\/2023\/06\/henry-1-PRINCIPAL-1068x801.jpg 1068w, https:\/\/www.eldiario.net\/portal\/wp-content\/uploads\/2023\/06\/henry-1-PRINCIPAL.jpg 1600w\" sizes=\"auto, (max-width: 300px) 100vw, 300px\" \/><\/a>\n\t\t\t<\/div><\/figure><figure class='gallery-item'>\n\t\t\t<div class='gallery-icon landscape'>\n\t\t\t\t<a href='https:\/\/www.eldiario.net\/portal\/2023\/06\/16\/la-fiesta-los-super-clasicos-de-henry-larrea-llega-a-eeuu\/henry-2\/'><img loading=\"lazy\" decoding=\"async\" width=\"300\" height=\"150\" src=\"https:\/\/www.eldiario.net\/portal\/wp-content\/uploads\/2023\/06\/henry-2-300x150.jpg\" class=\"attachment-medium size-medium\" alt=\"\" srcset=\"https:\/\/www.eldiario.net\/portal\/wp-content\/uploads\/2023\/06\/henry-2-300x150.jpg 300w, https:\/\/www.eldiario.net\/portal\/wp-content\/uploads\/2023\/06\/henry-2-1024x512.jpg 1024w, https:\/\/www.eldiario.net\/portal\/wp-content\/uploads\/2023\/06\/henry-2-768x384.jpg 768w, https:\/\/www.eldiario.net\/portal\/wp-content\/uploads\/2023\/06\/henry-2-1536x768.jpg 1536w, https:\/\/www.eldiario.net\/portal\/wp-content\/uploads\/2023\/06\/henry-2-696x348.jpg 696w, https:\/\/www.eldiario.net\/portal\/wp-content\/uploads\/2023\/06\/henry-2-1068x534.jpg 1068w, https:\/\/www.eldiario.net\/portal\/wp-content\/uploads\/2023\/06\/henry-2.jpg 1600w\" sizes=\"auto, (max-width: 300px) 100vw, 300px\" \/><\/a>\n\t\t\t<\/div><\/figure><figure class='gallery-item'>\n\t\t\t<div class='gallery-icon landscape'>\n\t\t\t\t<a href='https:\/\/www.eldiario.net\/portal\/2023\/06\/16\/la-fiesta-los-super-clasicos-de-henry-larrea-llega-a-eeuu\/henry-3\/'><img loading=\"lazy\" decoding=\"async\" width=\"300\" height=\"200\" src=\"https:\/\/www.eldiario.net\/portal\/wp-content\/uploads\/2023\/06\/henry-3-300x200.jpg\" class=\"attachment-medium size-medium\" alt=\"\" srcset=\"https:\/\/www.eldiario.net\/portal\/wp-content\/uploads\/2023\/06\/henry-3-300x200.jpg 300w, https:\/\/www.eldiario.net\/portal\/wp-content\/uploads\/2023\/06\/henry-3-1024x682.jpg 1024w, https:\/\/www.eldiario.net\/portal\/wp-content\/uploads\/2023\/06\/henry-3-768x512.jpg 768w, https:\/\/www.eldiario.net\/portal\/wp-content\/uploads\/2023\/06\/henry-3-696x464.jpg 696w, https:\/\/www.eldiario.net\/portal\/wp-content\/uploads\/2023\/06\/henry-3-1068x712.jpg 1068w, https:\/\/www.eldiario.net\/portal\/wp-content\/uploads\/2023\/06\/henry-3.jpg 1280w\" sizes=\"auto, (max-width: 300px) 100vw, 300px\" \/><\/a>\n\t\t\t<\/div><\/figure><figure class='gallery-item'>\n\t\t\t<div class='gallery-icon portrait'>\n\t\t\t\t<a href='https:\/\/www.eldiario.net\/portal\/2023\/06\/16\/la-fiesta-los-super-clasicos-de-henry-larrea-llega-a-eeuu\/henry-4\/'><img loading=\"lazy\" decoding=\"async\" width=\"225\" height=\"300\" src=\"https:\/\/www.eldiario.net\/portal\/wp-content\/uploads\/2023\/06\/henry-4-225x300.jpg\" class=\"attachment-medium size-medium\" alt=\"\" srcset=\"https:\/\/www.eldiario.net\/portal\/wp-content\/uploads\/2023\/06\/henry-4-225x300.jpg 225w, https:\/\/www.eldiario.net\/portal\/wp-content\/uploads\/2023\/06\/henry-4-696x928.jpg 696w, https:\/\/www.eldiario.net\/portal\/wp-content\/uploads\/2023\/06\/henry-4.jpg 720w\" sizes=\"auto, (max-width: 225px) 100vw, 225px\" \/><\/a>\n\t\t\t<\/div><\/figure><figure class='gallery-item'>\n\t\t\t<div class='gallery-icon landscape'>\n\t\t\t\t<a href='https:\/\/www.eldiario.net\/portal\/2023\/06\/16\/la-fiesta-los-super-clasicos-de-henry-larrea-llega-a-eeuu\/henry-5\/'><img loading=\"lazy\" decoding=\"async\" width=\"300\" height=\"200\" src=\"https:\/\/www.eldiario.net\/portal\/wp-content\/uploads\/2023\/06\/henry-5-300x200.jpeg\" class=\"attachment-medium size-medium\" alt=\"\" srcset=\"https:\/\/www.eldiario.net\/portal\/wp-content\/uploads\/2023\/06\/henry-5-300x200.jpeg 300w, https:\/\/www.eldiario.net\/portal\/wp-content\/uploads\/2023\/06\/henry-5-1024x682.jpeg 1024w, https:\/\/www.eldiario.net\/portal\/wp-content\/uploads\/2023\/06\/henry-5-768x511.jpeg 768w, https:\/\/www.eldiario.net\/portal\/wp-content\/uploads\/2023\/06\/henry-5-696x463.jpeg 696w, https:\/\/www.eldiario.net\/portal\/wp-content\/uploads\/2023\/06\/henry-5-1068x711.jpeg 1068w, https:\/\/www.eldiario.net\/portal\/wp-content\/uploads\/2023\/06\/henry-5.jpeg 1080w\" sizes=\"auto, (max-width: 300px) 100vw, 300px\" \/><\/a>\n\t\t\t<\/div><\/figure>\n\t\t<\/div>\n\n","protected":false},"excerpt":{"rendered":"<p>La fiesta de Los S\u00faper Cl\u00e1sicos cruza fronteras. Fue llevada a Estados Unidos, donde ser\u00e1 presentada este s\u00e1bado 17 de junio en Virginia, fiel a su estilo, con full diversi\u00f3n, recuerdos, nostalgia y la mejor m\u00fasica con sonido e imagen de primer nivel. \u201cEs un logro m\u00e1s en mi carrera profesional, hasta el a\u00f1o pasado [&hellip;]<\/p>\n","protected":false},"author":1,"featured_media":160266,"comment_status":"closed","ping_status":"closed","sticky":false,"template":"","format":"standard","meta":{"_acf_changed":false,"footnotes":""},"categories":[41],"tags":[],"class_list":["post-160265","post","type-post","status-publish","format-standard","has-post-thumbnail","category-la-guia"],"acf":{"antetitulo":""},"yoast_head":"<!-- This site is optimized with the Yoast SEO plugin v28.4 - https:\/\/yoast.com\/product\/yoast-seo-wordpress\/ -->\n<title>La fiesta Los S\u00faper Cl\u00e1sicos de Henry Larrea llega a EEUU - El Diario - Bolivia<\/title>\n<meta name=\"robots\" content=\"index, follow, max-snippet:-1, max-image-preview:large, max-video-preview:-1\" \/>\n<link rel=\"canonical\" href=\"https:\/\/www.eldiario.net\/portal\/2023\/06\/16\/la-fiesta-los-super-clasicos-de-henry-larrea-llega-a-eeuu\/\" \/>\n<meta property=\"og:locale\" content=\"es_ES\" \/>\n<meta property=\"og:type\" content=\"article\" \/>\n<meta property=\"og:title\" content=\"La fiesta Los S\u00faper Cl\u00e1sicos de Henry Larrea llega a EEUU - El Diario - Bolivia\" \/>\n<meta property=\"og:description\" content=\"La fiesta de Los S\u00faper Cl\u00e1sicos cruza fronteras. Fue llevada a Estados Unidos, donde ser\u00e1 presentada este s\u00e1bado 17 de junio en Virginia, fiel a su estilo, con full diversi\u00f3n, recuerdos, nostalgia y la mejor m\u00fasica con sonido e imagen de primer nivel. \u201cEs un logro m\u00e1s en mi carrera profesional, hasta el a\u00f1o pasado [&hellip;]\" \/>\n<meta property=\"og:url\" content=\"https:\/\/www.eldiario.net\/portal\/2023\/06\/16\/la-fiesta-los-super-clasicos-de-henry-larrea-llega-a-eeuu\/\" \/>\n<meta property=\"og:site_name\" content=\"El Diario - Bolivia\" \/>\n<meta property=\"article:publisher\" content=\"https:\/\/www.facebook.com\/eldiario.bolivia\/\" \/>\n<meta property=\"article:published_time\" content=\"2023-06-16T10:03:39+00:00\" \/>\n<meta property=\"og:image\" content=\"https:\/\/www.eldiario.net\/portal\/wp-content\/uploads\/2023\/06\/henry-1-PRINCIPAL.jpg\" \/>\n\t<meta property=\"og:image:width\" content=\"1600\" \/>\n\t<meta property=\"og:image:height\" content=\"1200\" \/>\n\t<meta property=\"og:image:type\" content=\"image\/jpeg\" \/>\n<meta name=\"author\" content=\"Jeanette\" \/>\n<meta name=\"twitter:card\" content=\"summary_large_image\" \/>\n<meta name=\"twitter:creator\" content=\"@eldiario_net\" \/>\n<meta name=\"twitter:site\" content=\"@eldiario_net\" \/>\n<meta name=\"twitter:label1\" content=\"Escrito por\" \/>\n\t<meta name=\"twitter:data1\" content=\"Jeanette\" \/>\n\t<meta name=\"twitter:label2\" content=\"Tiempo de lectura\" \/>\n\t<meta name=\"twitter:data2\" content=\"5 minutos\" \/>\n<script type=\"application\/ld+json\" class=\"yoast-schema-graph\">{\"@context\":\"https:\\\/\\\/schema.org\",\"@graph\":[{\"@type\":\"Article\",\"@id\":\"https:\\\/\\\/www.eldiario.net\\\/portal\\\/2023\\\/06\\\/16\\\/la-fiesta-los-super-clasicos-de-henry-larrea-llega-a-eeuu\\\/#article\",\"isPartOf\":{\"@id\":\"https:\\\/\\\/www.eldiario.net\\\/portal\\\/2023\\\/06\\\/16\\\/la-fiesta-los-super-clasicos-de-henry-larrea-llega-a-eeuu\\\/\"},\"author\":{\"name\":\"Jeanette\",\"@id\":\"https:\\\/\\\/www.eldiario.net\\\/portal\\\/#\\\/schema\\\/person\\\/2c57cf2b7a7ae032e449e4c9b1019eac\"},\"headline\":\"La fiesta Los S\u00faper Cl\u00e1sicos de Henry Larrea llega a EEUU\",\"datePublished\":\"2023-06-16T10:03:39+00:00\",\"mainEntityOfPage\":{\"@id\":\"https:\\\/\\\/www.eldiario.net\\\/portal\\\/2023\\\/06\\\/16\\\/la-fiesta-los-super-clasicos-de-henry-larrea-llega-a-eeuu\\\/\"},\"wordCount\":1073,\"publisher\":{\"@id\":\"https:\\\/\\\/www.eldiario.net\\\/portal\\\/#organization\"},\"image\":{\"@id\":\"https:\\\/\\\/www.eldiario.net\\\/portal\\\/2023\\\/06\\\/16\\\/la-fiesta-los-super-clasicos-de-henry-larrea-llega-a-eeuu\\\/#primaryimage\"},\"thumbnailUrl\":\"https:\\\/\\\/www.eldiario.net\\\/portal\\\/wp-content\\\/uploads\\\/2023\\\/06\\\/henry-1-PRINCIPAL.jpg\",\"articleSection\":[\"La Gu\u00eda\"],\"inLanguage\":\"es\"},{\"@type\":\"WebPage\",\"@id\":\"https:\\\/\\\/www.eldiario.net\\\/portal\\\/2023\\\/06\\\/16\\\/la-fiesta-los-super-clasicos-de-henry-larrea-llega-a-eeuu\\\/\",\"url\":\"https:\\\/\\\/www.eldiario.net\\\/portal\\\/2023\\\/06\\\/16\\\/la-fiesta-los-super-clasicos-de-henry-larrea-llega-a-eeuu\\\/\",\"name\":\"La fiesta Los S\u00faper Cl\u00e1sicos de Henry Larrea llega a EEUU - El Diario - Bolivia\",\"isPartOf\":{\"@id\":\"https:\\\/\\\/www.eldiario.net\\\/portal\\\/#website\"},\"primaryImageOfPage\":{\"@id\":\"https:\\\/\\\/www.eldiario.net\\\/portal\\\/2023\\\/06\\\/16\\\/la-fiesta-los-super-clasicos-de-henry-larrea-llega-a-eeuu\\\/#primaryimage\"},\"image\":{\"@id\":\"https:\\\/\\\/www.eldiario.net\\\/portal\\\/2023\\\/06\\\/16\\\/la-fiesta-los-super-clasicos-de-henry-larrea-llega-a-eeuu\\\/#primaryimage\"},\"thumbnailUrl\":\"https:\\\/\\\/www.eldiario.net\\\/portal\\\/wp-content\\\/uploads\\\/2023\\\/06\\\/henry-1-PRINCIPAL.jpg\",\"datePublished\":\"2023-06-16T10:03:39+00:00\",\"breadcrumb\":{\"@id\":\"https:\\\/\\\/www.eldiario.net\\\/portal\\\/2023\\\/06\\\/16\\\/la-fiesta-los-super-clasicos-de-henry-larrea-llega-a-eeuu\\\/#breadcrumb\"},\"inLanguage\":\"es\",\"potentialAction\":[{\"@type\":\"ReadAction\",\"target\":[\"https:\\\/\\\/www.eldiario.net\\\/portal\\\/2023\\\/06\\\/16\\\/la-fiesta-los-super-clasicos-de-henry-larrea-llega-a-eeuu\\\/\"]}]},{\"@type\":\"ImageObject\",\"inLanguage\":\"es\",\"@id\":\"https:\\\/\\\/www.eldiario.net\\\/portal\\\/2023\\\/06\\\/16\\\/la-fiesta-los-super-clasicos-de-henry-larrea-llega-a-eeuu\\\/#primaryimage\",\"url\":\"https:\\\/\\\/www.eldiario.net\\\/portal\\\/wp-content\\\/uploads\\\/2023\\\/06\\\/henry-1-PRINCIPAL.jpg\",\"contentUrl\":\"https:\\\/\\\/www.eldiario.net\\\/portal\\\/wp-content\\\/uploads\\\/2023\\\/06\\\/henry-1-PRINCIPAL.jpg\",\"width\":1600,\"height\":1200},{\"@type\":\"BreadcrumbList\",\"@id\":\"https:\\\/\\\/www.eldiario.net\\\/portal\\\/2023\\\/06\\\/16\\\/la-fiesta-los-super-clasicos-de-henry-larrea-llega-a-eeuu\\\/#breadcrumb\",\"itemListElement\":[{\"@type\":\"ListItem\",\"position\":1,\"name\":\"Portada\",\"item\":\"https:\\\/\\\/www.eldiario.net\\\/portal\\\/\"},{\"@type\":\"ListItem\",\"position\":2,\"name\":\"La fiesta Los S\u00faper Cl\u00e1sicos de Henry Larrea llega a EEUU\"}]},{\"@type\":\"WebSite\",\"@id\":\"https:\\\/\\\/www.eldiario.net\\\/portal\\\/#website\",\"url\":\"https:\\\/\\\/www.eldiario.net\\\/portal\\\/\",\"name\":\"El Diario - Decano de la prensa nacional\",\"description\":\"El Diario - Decano de la prensa nacional\",\"publisher\":{\"@id\":\"https:\\\/\\\/www.eldiario.net\\\/portal\\\/#organization\"},\"potentialAction\":[{\"@type\":\"SearchAction\",\"target\":{\"@type\":\"EntryPoint\",\"urlTemplate\":\"https:\\\/\\\/www.eldiario.net\\\/portal\\\/?s={search_term_string}\"},\"query-input\":{\"@type\":\"PropertyValueSpecification\",\"valueRequired\":true,\"valueName\":\"search_term_string\"}}],\"inLanguage\":\"es\"},{\"@type\":\"Organization\",\"@id\":\"https:\\\/\\\/www.eldiario.net\\\/portal\\\/#organization\",\"name\":\"El Diario - Decano de la prensa nacional\",\"url\":\"https:\\\/\\\/www.eldiario.net\\\/portal\\\/\",\"logo\":{\"@type\":\"ImageObject\",\"inLanguage\":\"es\",\"@id\":\"https:\\\/\\\/www.eldiario.net\\\/portal\\\/#\\\/schema\\\/logo\\\/image\\\/\",\"url\":\"https:\\\/\\\/www.eldiario.net\\\/portal\\\/wp-content\\\/uploads\\\/2023\\\/07\\\/logo_ED.jpg\",\"contentUrl\":\"https:\\\/\\\/www.eldiario.net\\\/portal\\\/wp-content\\\/uploads\\\/2023\\\/07\\\/logo_ED.jpg\",\"width\":272,\"height\":52,\"caption\":\"El Diario - Decano de la prensa nacional\"},\"image\":{\"@id\":\"https:\\\/\\\/www.eldiario.net\\\/portal\\\/#\\\/schema\\\/logo\\\/image\\\/\"},\"sameAs\":[\"https:\\\/\\\/www.facebook.com\\\/eldiario.bolivia\\\/\",\"https:\\\/\\\/x.com\\\/eldiario_net\"]},{\"@type\":\"Person\",\"@id\":\"https:\\\/\\\/www.eldiario.net\\\/portal\\\/#\\\/schema\\\/person\\\/2c57cf2b7a7ae032e449e4c9b1019eac\",\"name\":\"Jeanette\",\"image\":{\"@type\":\"ImageObject\",\"inLanguage\":\"es\",\"@id\":\"https:\\\/\\\/secure.gravatar.com\\\/avatar\\\/3ea2118a5f7dad2b7138b1187a6b7ee55f160b9968b66013c3a3ef39dd7e5798?s=96&d=mm&r=g\",\"url\":\"https:\\\/\\\/secure.gravatar.com\\\/avatar\\\/3ea2118a5f7dad2b7138b1187a6b7ee55f160b9968b66013c3a3ef39dd7e5798?s=96&d=mm&r=g\",\"contentUrl\":\"https:\\\/\\\/secure.gravatar.com\\\/avatar\\\/3ea2118a5f7dad2b7138b1187a6b7ee55f160b9968b66013c3a3ef39dd7e5798?s=96&d=mm&r=g\",\"caption\":\"Jeanette\"},\"sameAs\":[\"https:\\\/\\\/www.eldiario.net\\\/portal\"],\"url\":\"https:\\\/\\\/www.eldiario.net\\\/portal\\\/author\\\/jeanette\\\/\"}]}<\/script>\n<!-- \/ Yoast SEO plugin. -->","yoast_head_json":{"title":"La fiesta Los S\u00faper Cl\u00e1sicos de Henry Larrea llega a EEUU - El Diario - Bolivia","robots":{"index":"index","follow":"follow","max-snippet":"max-snippet:-1","max-image-preview":"max-image-preview:large","max-video-preview":"max-video-preview:-1"},"canonical":"https:\/\/www.eldiario.net\/portal\/2023\/06\/16\/la-fiesta-los-super-clasicos-de-henry-larrea-llega-a-eeuu\/","og_locale":"es_ES","og_type":"article","og_title":"La fiesta Los S\u00faper Cl\u00e1sicos de Henry Larrea llega a EEUU - El Diario - Bolivia","og_description":"La fiesta de Los S\u00faper Cl\u00e1sicos cruza fronteras. Fue llevada a Estados Unidos, donde ser\u00e1 presentada este s\u00e1bado 17 de junio en Virginia, fiel a su estilo, con full diversi\u00f3n, recuerdos, nostalgia y la mejor m\u00fasica con sonido e imagen de primer nivel. \u201cEs un logro m\u00e1s en mi carrera profesional, hasta el a\u00f1o pasado [&hellip;]","og_url":"https:\/\/www.eldiario.net\/portal\/2023\/06\/16\/la-fiesta-los-super-clasicos-de-henry-larrea-llega-a-eeuu\/","og_site_name":"El Diario - Bolivia","article_publisher":"https:\/\/www.facebook.com\/eldiario.bolivia\/","article_published_time":"2023-06-16T10:03:39+00:00","og_image":[{"width":1600,"height":1200,"url":"https:\/\/www.eldiario.net\/portal\/wp-content\/uploads\/2023\/06\/henry-1-PRINCIPAL.jpg","type":"image\/jpeg"}],"author":"Jeanette","twitter_card":"summary_large_image","twitter_creator":"@eldiario_net","twitter_site":"@eldiario_net","twitter_misc":{"Escrito por":"Jeanette","Tiempo de lectura":"5 minutos"},"schema":{"@context":"https:\/\/schema.org","@graph":[{"@type":"Article","@id":"https:\/\/www.eldiario.net\/portal\/2023\/06\/16\/la-fiesta-los-super-clasicos-de-henry-larrea-llega-a-eeuu\/#article","isPartOf":{"@id":"https:\/\/www.eldiario.net\/portal\/2023\/06\/16\/la-fiesta-los-super-clasicos-de-henry-larrea-llega-a-eeuu\/"},"author":{"name":"Jeanette","@id":"https:\/\/www.eldiario.net\/portal\/#\/schema\/person\/2c57cf2b7a7ae032e449e4c9b1019eac"},"headline":"La fiesta Los S\u00faper Cl\u00e1sicos de Henry Larrea llega a EEUU","datePublished":"2023-06-16T10:03:39+00:00","mainEntityOfPage":{"@id":"https:\/\/www.eldiario.net\/portal\/2023\/06\/16\/la-fiesta-los-super-clasicos-de-henry-larrea-llega-a-eeuu\/"},"wordCount":1073,"publisher":{"@id":"https:\/\/www.eldiario.net\/portal\/#organization"},"image":{"@id":"https:\/\/www.eldiario.net\/portal\/2023\/06\/16\/la-fiesta-los-super-clasicos-de-henry-larrea-llega-a-eeuu\/#primaryimage"},"thumbnailUrl":"https:\/\/www.eldiario.net\/portal\/wp-content\/uploads\/2023\/06\/henry-1-PRINCIPAL.jpg","articleSection":["La Gu\u00eda"],"inLanguage":"es"},{"@type":"WebPage","@id":"https:\/\/www.eldiario.net\/portal\/2023\/06\/16\/la-fiesta-los-super-clasicos-de-henry-larrea-llega-a-eeuu\/","url":"https:\/\/www.eldiario.net\/portal\/2023\/06\/16\/la-fiesta-los-super-clasicos-de-henry-larrea-llega-a-eeuu\/","name":"La fiesta Los S\u00faper Cl\u00e1sicos de Henry Larrea llega a EEUU - El Diario - Bolivia","isPartOf":{"@id":"https:\/\/www.eldiario.net\/portal\/#website"},"primaryImageOfPage":{"@id":"https:\/\/www.eldiario.net\/portal\/2023\/06\/16\/la-fiesta-los-super-clasicos-de-henry-larrea-llega-a-eeuu\/#primaryimage"},"image":{"@id":"https:\/\/www.eldiario.net\/portal\/2023\/06\/16\/la-fiesta-los-super-clasicos-de-henry-larrea-llega-a-eeuu\/#primaryimage"},"thumbnailUrl":"https:\/\/www.eldiario.net\/portal\/wp-content\/uploads\/2023\/06\/henry-1-PRINCIPAL.jpg","datePublished":"2023-06-16T10:03:39+00:00","breadcrumb":{"@id":"https:\/\/www.eldiario.net\/portal\/2023\/06\/16\/la-fiesta-los-super-clasicos-de-henry-larrea-llega-a-eeuu\/#breadcrumb"},"inLanguage":"es","potentialAction":[{"@type":"ReadAction","target":["https:\/\/www.eldiario.net\/portal\/2023\/06\/16\/la-fiesta-los-super-clasicos-de-henry-larrea-llega-a-eeuu\/"]}]},{"@type":"ImageObject","inLanguage":"es","@id":"https:\/\/www.eldiario.net\/portal\/2023\/06\/16\/la-fiesta-los-super-clasicos-de-henry-larrea-llega-a-eeuu\/#primaryimage","url":"https:\/\/www.eldiario.net\/portal\/wp-content\/uploads\/2023\/06\/henry-1-PRINCIPAL.jpg","contentUrl":"https:\/\/www.eldiario.net\/portal\/wp-content\/uploads\/2023\/06\/henry-1-PRINCIPAL.jpg","width":1600,"height":1200},{"@type":"BreadcrumbList","@id":"https:\/\/www.eldiario.net\/portal\/2023\/06\/16\/la-fiesta-los-super-clasicos-de-henry-larrea-llega-a-eeuu\/#breadcrumb","itemListElement":[{"@type":"ListItem","position":1,"name":"Portada","item":"https:\/\/www.eldiario.net\/portal\/"},{"@type":"ListItem","position":2,"name":"La fiesta Los S\u00faper Cl\u00e1sicos de Henry Larrea llega a EEUU"}]},{"@type":"WebSite","@id":"https:\/\/www.eldiario.net\/portal\/#website","url":"https:\/\/www.eldiario.net\/portal\/","name":"El Diario - Decano de la prensa nacional","description":"El Diario - Decano de la prensa nacional","publisher":{"@id":"https:\/\/www.eldiario.net\/portal\/#organization"},"potentialAction":[{"@type":"SearchAction","target":{"@type":"EntryPoint","urlTemplate":"https:\/\/www.eldiario.net\/portal\/?s={search_term_string}"},"query-input":{"@type":"PropertyValueSpecification","valueRequired":true,"valueName":"search_term_string"}}],"inLanguage":"es"},{"@type":"Organization","@id":"https:\/\/www.eldiario.net\/portal\/#organization","name":"El Diario - Decano de la prensa nacional","url":"https:\/\/www.eldiario.net\/portal\/","logo":{"@type":"ImageObject","inLanguage":"es","@id":"https:\/\/www.eldiario.net\/portal\/#\/schema\/logo\/image\/","url":"https:\/\/www.eldiario.net\/portal\/wp-content\/uploads\/2023\/07\/logo_ED.jpg","contentUrl":"https:\/\/www.eldiario.net\/portal\/wp-content\/uploads\/2023\/07\/logo_ED.jpg","width":272,"height":52,"caption":"El Diario - Decano de la prensa nacional"},"image":{"@id":"https:\/\/www.eldiario.net\/portal\/#\/schema\/logo\/image\/"},"sameAs":["https:\/\/www.facebook.com\/eldiario.bolivia\/","https:\/\/x.com\/eldiario_net"]},{"@type":"Person","@id":"https:\/\/www.eldiario.net\/portal\/#\/schema\/person\/2c57cf2b7a7ae032e449e4c9b1019eac","name":"Jeanette","image":{"@type":"ImageObject","inLanguage":"es","@id":"https:\/\/secure.gravatar.com\/avatar\/3ea2118a5f7dad2b7138b1187a6b7ee55f160b9968b66013c3a3ef39dd7e5798?s=96&d=mm&r=g","url":"https:\/\/secure.gravatar.com\/avatar\/3ea2118a5f7dad2b7138b1187a6b7ee55f160b9968b66013c3a3ef39dd7e5798?s=96&d=mm&r=g","contentUrl":"https:\/\/secure.gravatar.com\/avatar\/3ea2118a5f7dad2b7138b1187a6b7ee55f160b9968b66013c3a3ef39dd7e5798?s=96&d=mm&r=g","caption":"Jeanette"},"sameAs":["https:\/\/www.eldiario.net\/portal"],"url":"https:\/\/www.eldiario.net\/portal\/author\/jeanette\/"}]}},"_links":{"self":[{"href":"https:\/\/www.eldiario.net\/portal\/wp-json\/wp\/v2\/posts\/160265","targetHints":{"allow":["GET"]}}],"collection":[{"href":"https:\/\/www.eldiario.net\/portal\/wp-json\/wp\/v2\/posts"}],"about":[{"href":"https:\/\/www.eldiario.net\/portal\/wp-json\/wp\/v2\/types\/post"}],"author":[{"embeddable":true,"href":"https:\/\/www.eldiario.net\/portal\/wp-json\/wp\/v2\/users\/1"}],"replies":[{"embeddable":true,"href":"https:\/\/www.eldiario.net\/portal\/wp-json\/wp\/v2\/comments?post=160265"}],"version-history":[{"count":0,"href":"https:\/\/www.eldiario.net\/portal\/wp-json\/wp\/v2\/posts\/160265\/revisions"}],"wp:featuredmedia":[{"embeddable":true,"href":"https:\/\/www.eldiario.net\/portal\/wp-json\/wp\/v2\/media\/160266"}],"wp:attachment":[{"href":"https:\/\/www.eldiario.net\/portal\/wp-json\/wp\/v2\/media?parent=160265"}],"wp:term":[{"taxonomy":"category","embeddable":true,"href":"https:\/\/www.eldiario.net\/portal\/wp-json\/wp\/v2\/categories?post=160265"},{"taxonomy":"post_tag","embeddable":true,"href":"https:\/\/www.eldiario.net\/portal\/wp-json\/wp\/v2\/tags?post=160265"}],"curies":[{"name":"wp","href":"https:\/\/api.w.org\/{rel}","templated":true}]}}