{"id":160245,"date":"2023-06-16T05:59:23","date_gmt":"2023-06-16T09:59:23","guid":{"rendered":"https:\/\/www.eldiario.net\/portal\/?p=160245"},"modified":"2023-06-16T05:59:23","modified_gmt":"2023-06-16T09:59:23","slug":"dos-joyas-peugeot-y-citroen-en-la-fexco","status":"publish","type":"post","link":"https:\/\/www.eldiario.net\/portal\/2023\/06\/16\/dos-joyas-peugeot-y-citroen-en-la-fexco\/","title":{"rendered":"Dos joyas, Peugeot y Citro\u00ebn en la Fexco"},"content":{"rendered":"<p>Bolivian Auto Motors (BA) est\u00e1 presente en la primera versi\u00f3n de la Feria Exposici\u00f3n Internacional de Cochabamba (Fexco 2023), con Peugeot y Citro\u00ebn, dos automotrices francesas l\u00edderes a nivel mundial.<br \/>\nAmbas firmas se exhiben con toda su gama vehicular, caracterizada por adecuarse al presupuesto de sus clientes seg\u00fan su necesidad, con veh\u00edculos dise\u00f1ados y producidos con la mejor tecnolog\u00eda de la industria automotriz europea.<br \/>\n\u201cNuestra apuesta por Cochabamba siempre es fuerte, porque es uno de nuestros mercados m\u00e1s crecientes, por lo tanto, no pod\u00edamos estar fuera de la feria multisectorial m\u00e1s importante de la ciudad y la que apunta a ser un referente a nivel nacional\u201d, mencion\u00f3 Diego Salvatierra, gerente automotriz de BA, a\u00f1adiendo que el stand de las firmas francesas se convirti\u00f3 en la esquina favorita de los visitantes.<\/p>\n<div id='gallery-1' class='gallery galleryid-160245 gallery-columns-3 gallery-size-medium'><figure class='gallery-item'>\n\t\t\t<div class='gallery-icon landscape'>\n\t\t\t\t<a href='https:\/\/www.eldiario.net\/portal\/2023\/06\/16\/dos-joyas-peugeot-y-citroen-en-la-fexco\/estefania-galetovic\/'><img loading=\"lazy\" decoding=\"async\" width=\"300\" height=\"214\" src=\"https:\/\/www.eldiario.net\/portal\/wp-content\/uploads\/2023\/06\/Estefania-Galetovic-300x214.jpg\" class=\"attachment-medium size-medium\" alt=\"\" aria-describedby=\"gallery-1-160246\" srcset=\"https:\/\/www.eldiario.net\/portal\/wp-content\/uploads\/2023\/06\/Estefania-Galetovic-300x214.jpg 300w, https:\/\/www.eldiario.net\/portal\/wp-content\/uploads\/2023\/06\/Estefania-Galetovic-768x548.jpg 768w, https:\/\/www.eldiario.net\/portal\/wp-content\/uploads\/2023\/06\/Estefania-Galetovic-696x496.jpg 696w, https:\/\/www.eldiario.net\/portal\/wp-content\/uploads\/2023\/06\/Estefania-Galetovic.jpg 1000w\" sizes=\"auto, (max-width: 300px) 100vw, 300px\" \/><\/a>\n\t\t\t<\/div>\n\t\t\t\t<figcaption class='wp-caption-text gallery-caption' id='gallery-1-160246'>\n\t\t\t\tESTEFAN\u00cdA GALETOVIC.\n\t\t\t\t<\/figcaption><\/figure><figure class='gallery-item'>\n\t\t\t<div class='gallery-icon landscape'>\n\t\t\t\t<a href='https:\/\/www.eldiario.net\/portal\/2023\/06\/16\/dos-joyas-peugeot-y-citroen-en-la-fexco\/laura-roque-diego-salvatierra-gerente-automotriz-ba-erika-gottlieb-gte-gral-auto-francia-carlos-guerra-brand-manager-citroen-y-estefania-g\/'><img loading=\"lazy\" decoding=\"async\" width=\"300\" height=\"211\" src=\"https:\/\/www.eldiario.net\/portal\/wp-content\/uploads\/2023\/06\/Laura-Roque-Diego-Salvatierra-gerente-automotriz-BA-Erika-Gottlieb-gte-gral-Auto-Francia-Carlos-Guerra-Brand-manager-Citroen-y-Estefania-G-300x211.jpg\" class=\"attachment-medium size-medium\" alt=\"\" aria-describedby=\"gallery-1-160247\" srcset=\"https:\/\/www.eldiario.net\/portal\/wp-content\/uploads\/2023\/06\/Laura-Roque-Diego-Salvatierra-gerente-automotriz-BA-Erika-Gottlieb-gte-gral-Auto-Francia-Carlos-Guerra-Brand-manager-Citroen-y-Estefania-G-300x211.jpg 300w, https:\/\/www.eldiario.net\/portal\/wp-content\/uploads\/2023\/06\/Laura-Roque-Diego-Salvatierra-gerente-automotriz-BA-Erika-Gottlieb-gte-gral-Auto-Francia-Carlos-Guerra-Brand-manager-Citroen-y-Estefania-G-768x540.jpg 768w, https:\/\/www.eldiario.net\/portal\/wp-content\/uploads\/2023\/06\/Laura-Roque-Diego-Salvatierra-gerente-automotriz-BA-Erika-Gottlieb-gte-gral-Auto-Francia-Carlos-Guerra-Brand-manager-Citroen-y-Estefania-G-696x489.jpg 696w, https:\/\/www.eldiario.net\/portal\/wp-content\/uploads\/2023\/06\/Laura-Roque-Diego-Salvatierra-gerente-automotriz-BA-Erika-Gottlieb-gte-gral-Auto-Francia-Carlos-Guerra-Brand-manager-Citroen-y-Estefania-G.jpg 1000w\" sizes=\"auto, (max-width: 300px) 100vw, 300px\" \/><\/a>\n\t\t\t<\/div>\n\t\t\t\t<figcaption class='wp-caption-text gallery-caption' id='gallery-1-160247'>\n\t\t\t\tLAURA ROQUE, DIEGO SALVATIERRA, GERENTE AUTOMOTRIZ BA; ERIKA GOTTLIEB, GTE GRAL AUTO FRANCIA; CARLOS GUERRA, BRAND MANAGER CITRO\u00cbN Y ESTEFAN\u00cdA GALETOVIC.\n\t\t\t\t<\/figcaption><\/figure><figure class='gallery-item'>\n\t\t\t<div class='gallery-icon landscape'>\n\t\t\t\t<a href='https:\/\/www.eldiario.net\/portal\/2023\/06\/16\/dos-joyas-peugeot-y-citroen-en-la-fexco\/diego-ortega-jefe-nacional-de-mkt-ba-daniela-duran-coordinadora-nacional-peugeot-y-alexander-seas-coordinador-nacional-citroen\/'><img loading=\"lazy\" decoding=\"async\" width=\"300\" height=\"229\" src=\"https:\/\/www.eldiario.net\/portal\/wp-content\/uploads\/2023\/06\/Diego-Ortega-jefe-nacional-de-mkt-BA-Daniela-Duran-coordinadora-nacional-Peugeot-y-Alexander-Seas-coordinador-nacional-Citroen-300x229.jpg\" class=\"attachment-medium size-medium\" alt=\"\" aria-describedby=\"gallery-1-160248\" srcset=\"https:\/\/www.eldiario.net\/portal\/wp-content\/uploads\/2023\/06\/Diego-Ortega-jefe-nacional-de-mkt-BA-Daniela-Duran-coordinadora-nacional-Peugeot-y-Alexander-Seas-coordinador-nacional-Citroen-300x229.jpg 300w, https:\/\/www.eldiario.net\/portal\/wp-content\/uploads\/2023\/06\/Diego-Ortega-jefe-nacional-de-mkt-BA-Daniela-Duran-coordinadora-nacional-Peugeot-y-Alexander-Seas-coordinador-nacional-Citroen-768x586.jpg 768w, https:\/\/www.eldiario.net\/portal\/wp-content\/uploads\/2023\/06\/Diego-Ortega-jefe-nacional-de-mkt-BA-Daniela-Duran-coordinadora-nacional-Peugeot-y-Alexander-Seas-coordinador-nacional-Citroen-696x531.jpg 696w, https:\/\/www.eldiario.net\/portal\/wp-content\/uploads\/2023\/06\/Diego-Ortega-jefe-nacional-de-mkt-BA-Daniela-Duran-coordinadora-nacional-Peugeot-y-Alexander-Seas-coordinador-nacional-Citroen.jpg 1000w\" sizes=\"auto, (max-width: 300px) 100vw, 300px\" \/><\/a>\n\t\t\t<\/div>\n\t\t\t\t<figcaption class='wp-caption-text gallery-caption' id='gallery-1-160248'>\n\t\t\t\tDIEGO ORTEGA, JEFE NACIONAL DE MKT BA; DANIELA DUR\u00c1N, COORDINADORA NACIONAL PEUGEOT, Y ALEXANDER SEAS, COORDINADOR NACIONAL CITRO\u00cbN.\n\t\t\t\t<\/figcaption><\/figure><figure class='gallery-item'>\n\t\t\t<div class='gallery-icon landscape'>\n\t\t\t\t<a href='https:\/\/www.eldiario.net\/portal\/2023\/06\/16\/dos-joyas-peugeot-y-citroen-en-la-fexco\/omar-morales-marcelo-flores-laura-verduguezmauricio-munguia-y-fiorella-flores\/'><img loading=\"lazy\" decoding=\"async\" width=\"300\" height=\"200\" src=\"https:\/\/www.eldiario.net\/portal\/wp-content\/uploads\/2023\/06\/Omar-Morales-Marcelo-Flores-Laura-VerduguezMauricio-Munguia-y-Fiorella-Flores-300x200.jpg\" class=\"attachment-medium size-medium\" alt=\"\" aria-describedby=\"gallery-1-160249\" srcset=\"https:\/\/www.eldiario.net\/portal\/wp-content\/uploads\/2023\/06\/Omar-Morales-Marcelo-Flores-Laura-VerduguezMauricio-Munguia-y-Fiorella-Flores-300x200.jpg 300w, https:\/\/www.eldiario.net\/portal\/wp-content\/uploads\/2023\/06\/Omar-Morales-Marcelo-Flores-Laura-VerduguezMauricio-Munguia-y-Fiorella-Flores-768x512.jpg 768w, https:\/\/www.eldiario.net\/portal\/wp-content\/uploads\/2023\/06\/Omar-Morales-Marcelo-Flores-Laura-VerduguezMauricio-Munguia-y-Fiorella-Flores-696x464.jpg 696w, https:\/\/www.eldiario.net\/portal\/wp-content\/uploads\/2023\/06\/Omar-Morales-Marcelo-Flores-Laura-VerduguezMauricio-Munguia-y-Fiorella-Flores.jpg 1000w\" sizes=\"auto, (max-width: 300px) 100vw, 300px\" \/><\/a>\n\t\t\t<\/div>\n\t\t\t\t<figcaption class='wp-caption-text gallery-caption' id='gallery-1-160249'>\n\t\t\t\tOMAR MORALES, MARCELO FLORES, LAURA VERDUGUEZ,MAURICIO MUNGUIA Y FIORELLA FLORES.\n\t\t\t\t<\/figcaption><\/figure>\n\t\t<\/div>\n\n","protected":false},"excerpt":{"rendered":"<p>Bolivian Auto Motors (BA) est\u00e1 presente en la primera versi\u00f3n de la Feria Exposici\u00f3n Internacional de Cochabamba (Fexco 2023), con Peugeot y Citro\u00ebn, dos automotrices francesas l\u00edderes a nivel mundial. Ambas firmas se exhiben con toda su gama vehicular, caracterizada por adecuarse al presupuesto de sus clientes seg\u00fan su necesidad, con veh\u00edculos dise\u00f1ados y producidos [&hellip;]<\/p>\n","protected":false},"author":1,"featured_media":160247,"comment_status":"closed","ping_status":"closed","sticky":false,"template":"","format":"standard","meta":{"_acf_changed":false,"footnotes":""},"categories":[40],"tags":[],"class_list":["post-160245","post","type-post","status-publish","format-standard","has-post-thumbnail","category-sociales"],"acf":{"antetitulo":""},"yoast_head":"<!-- This site is optimized with the Yoast SEO plugin v28.4 - https:\/\/yoast.com\/product\/yoast-seo-wordpress\/ -->\n<title>Dos joyas, Peugeot y Citro\u00ebn en la Fexco - El Diario - Bolivia<\/title>\n<meta name=\"robots\" content=\"index, follow, max-snippet:-1, max-image-preview:large, max-video-preview:-1\" \/>\n<link rel=\"canonical\" href=\"https:\/\/www.eldiario.net\/portal\/2023\/06\/16\/dos-joyas-peugeot-y-citroen-en-la-fexco\/\" \/>\n<meta property=\"og:locale\" content=\"es_ES\" \/>\n<meta property=\"og:type\" content=\"article\" \/>\n<meta property=\"og:title\" content=\"Dos joyas, Peugeot y Citro\u00ebn en la Fexco - El Diario - Bolivia\" \/>\n<meta property=\"og:description\" content=\"Bolivian Auto Motors (BA) est\u00e1 presente en la primera versi\u00f3n de la Feria Exposici\u00f3n Internacional de Cochabamba (Fexco 2023), con Peugeot y Citro\u00ebn, dos automotrices francesas l\u00edderes a nivel mundial. Ambas firmas se exhiben con toda su gama vehicular, caracterizada por adecuarse al presupuesto de sus clientes seg\u00fan su necesidad, con veh\u00edculos dise\u00f1ados y producidos [&hellip;]\" \/>\n<meta property=\"og:url\" content=\"https:\/\/www.eldiario.net\/portal\/2023\/06\/16\/dos-joyas-peugeot-y-citroen-en-la-fexco\/\" \/>\n<meta property=\"og:site_name\" content=\"El Diario - Bolivia\" \/>\n<meta property=\"article:publisher\" content=\"https:\/\/www.facebook.com\/eldiario.bolivia\/\" \/>\n<meta property=\"article:published_time\" content=\"2023-06-16T09:59:23+00:00\" \/>\n<meta property=\"og:image\" content=\"https:\/\/www.eldiario.net\/portal\/wp-content\/uploads\/2023\/06\/Laura-Roque-Diego-Salvatierra-gerente-automotriz-BA-Erika-Gottlieb-gte-gral-Auto-Francia-Carlos-Guerra-Brand-manager-Citroen-y-Estefania-G.jpg\" \/>\n\t<meta property=\"og:image:width\" content=\"1000\" \/>\n\t<meta property=\"og:image:height\" content=\"703\" \/>\n\t<meta property=\"og:image:type\" content=\"image\/jpeg\" \/>\n<meta name=\"author\" content=\"Jeanette\" \/>\n<meta name=\"twitter:card\" content=\"summary_large_image\" \/>\n<meta name=\"twitter:creator\" content=\"@eldiario_net\" \/>\n<meta name=\"twitter:site\" content=\"@eldiario_net\" \/>\n<meta name=\"twitter:label1\" content=\"Escrito por\" \/>\n\t<meta name=\"twitter:data1\" content=\"Jeanette\" \/>\n\t<meta name=\"twitter:label2\" content=\"Tiempo de lectura\" \/>\n\t<meta name=\"twitter:data2\" content=\"1 minuto\" \/>\n<script type=\"application\/ld+json\" class=\"yoast-schema-graph\">{\"@context\":\"https:\\\/\\\/schema.org\",\"@graph\":[{\"@type\":\"Article\",\"@id\":\"https:\\\/\\\/www.eldiario.net\\\/portal\\\/2023\\\/06\\\/16\\\/dos-joyas-peugeot-y-citroen-en-la-fexco\\\/#article\",\"isPartOf\":{\"@id\":\"https:\\\/\\\/www.eldiario.net\\\/portal\\\/2023\\\/06\\\/16\\\/dos-joyas-peugeot-y-citroen-en-la-fexco\\\/\"},\"author\":{\"name\":\"Jeanette\",\"@id\":\"https:\\\/\\\/www.eldiario.net\\\/portal\\\/#\\\/schema\\\/person\\\/2c57cf2b7a7ae032e449e4c9b1019eac\"},\"headline\":\"Dos joyas, Peugeot y Citro\u00ebn en la Fexco\",\"datePublished\":\"2023-06-16T09:59:23+00:00\",\"mainEntityOfPage\":{\"@id\":\"https:\\\/\\\/www.eldiario.net\\\/portal\\\/2023\\\/06\\\/16\\\/dos-joyas-peugeot-y-citroen-en-la-fexco\\\/\"},\"wordCount\":154,\"publisher\":{\"@id\":\"https:\\\/\\\/www.eldiario.net\\\/portal\\\/#organization\"},\"image\":{\"@id\":\"https:\\\/\\\/www.eldiario.net\\\/portal\\\/2023\\\/06\\\/16\\\/dos-joyas-peugeot-y-citroen-en-la-fexco\\\/#primaryimage\"},\"thumbnailUrl\":\"https:\\\/\\\/www.eldiario.net\\\/portal\\\/wp-content\\\/uploads\\\/2023\\\/06\\\/Laura-Roque-Diego-Salvatierra-gerente-automotriz-BA-Erika-Gottlieb-gte-gral-Auto-Francia-Carlos-Guerra-Brand-manager-Citroen-y-Estefania-G.jpg\",\"articleSection\":[\"Sociales\"],\"inLanguage\":\"es\"},{\"@type\":\"WebPage\",\"@id\":\"https:\\\/\\\/www.eldiario.net\\\/portal\\\/2023\\\/06\\\/16\\\/dos-joyas-peugeot-y-citroen-en-la-fexco\\\/\",\"url\":\"https:\\\/\\\/www.eldiario.net\\\/portal\\\/2023\\\/06\\\/16\\\/dos-joyas-peugeot-y-citroen-en-la-fexco\\\/\",\"name\":\"Dos joyas, Peugeot y Citro\u00ebn en la Fexco - El Diario - Bolivia\",\"isPartOf\":{\"@id\":\"https:\\\/\\\/www.eldiario.net\\\/portal\\\/#website\"},\"primaryImageOfPage\":{\"@id\":\"https:\\\/\\\/www.eldiario.net\\\/portal\\\/2023\\\/06\\\/16\\\/dos-joyas-peugeot-y-citroen-en-la-fexco\\\/#primaryimage\"},\"image\":{\"@id\":\"https:\\\/\\\/www.eldiario.net\\\/portal\\\/2023\\\/06\\\/16\\\/dos-joyas-peugeot-y-citroen-en-la-fexco\\\/#primaryimage\"},\"thumbnailUrl\":\"https:\\\/\\\/www.eldiario.net\\\/portal\\\/wp-content\\\/uploads\\\/2023\\\/06\\\/Laura-Roque-Diego-Salvatierra-gerente-automotriz-BA-Erika-Gottlieb-gte-gral-Auto-Francia-Carlos-Guerra-Brand-manager-Citroen-y-Estefania-G.jpg\",\"datePublished\":\"2023-06-16T09:59:23+00:00\",\"breadcrumb\":{\"@id\":\"https:\\\/\\\/www.eldiario.net\\\/portal\\\/2023\\\/06\\\/16\\\/dos-joyas-peugeot-y-citroen-en-la-fexco\\\/#breadcrumb\"},\"inLanguage\":\"es\",\"potentialAction\":[{\"@type\":\"ReadAction\",\"target\":[\"https:\\\/\\\/www.eldiario.net\\\/portal\\\/2023\\\/06\\\/16\\\/dos-joyas-peugeot-y-citroen-en-la-fexco\\\/\"]}]},{\"@type\":\"ImageObject\",\"inLanguage\":\"es\",\"@id\":\"https:\\\/\\\/www.eldiario.net\\\/portal\\\/2023\\\/06\\\/16\\\/dos-joyas-peugeot-y-citroen-en-la-fexco\\\/#primaryimage\",\"url\":\"https:\\\/\\\/www.eldiario.net\\\/portal\\\/wp-content\\\/uploads\\\/2023\\\/06\\\/Laura-Roque-Diego-Salvatierra-gerente-automotriz-BA-Erika-Gottlieb-gte-gral-Auto-Francia-Carlos-Guerra-Brand-manager-Citroen-y-Estefania-G.jpg\",\"contentUrl\":\"https:\\\/\\\/www.eldiario.net\\\/portal\\\/wp-content\\\/uploads\\\/2023\\\/06\\\/Laura-Roque-Diego-Salvatierra-gerente-automotriz-BA-Erika-Gottlieb-gte-gral-Auto-Francia-Carlos-Guerra-Brand-manager-Citroen-y-Estefania-G.jpg\",\"width\":1000,\"height\":703,\"caption\":\"LAURA ROQUE, DIEGO SALVATIERRA, GERENTE AUTOMOTRIZ BA; ERIKA GOTTLIEB, GTE GRAL AUTO FRANCIA; CARLOS GUERRA, BRAND MANAGER CITRO\u00cbN Y ESTEFAN\u00cdA GALETOVIC.\"},{\"@type\":\"BreadcrumbList\",\"@id\":\"https:\\\/\\\/www.eldiario.net\\\/portal\\\/2023\\\/06\\\/16\\\/dos-joyas-peugeot-y-citroen-en-la-fexco\\\/#breadcrumb\",\"itemListElement\":[{\"@type\":\"ListItem\",\"position\":1,\"name\":\"Portada\",\"item\":\"https:\\\/\\\/www.eldiario.net\\\/portal\\\/\"},{\"@type\":\"ListItem\",\"position\":2,\"name\":\"Dos joyas, Peugeot y Citro\u00ebn en la Fexco\"}]},{\"@type\":\"WebSite\",\"@id\":\"https:\\\/\\\/www.eldiario.net\\\/portal\\\/#website\",\"url\":\"https:\\\/\\\/www.eldiario.net\\\/portal\\\/\",\"name\":\"El Diario - Decano de la prensa nacional\",\"description\":\"El Diario - Decano de la prensa nacional\",\"publisher\":{\"@id\":\"https:\\\/\\\/www.eldiario.net\\\/portal\\\/#organization\"},\"potentialAction\":[{\"@type\":\"SearchAction\",\"target\":{\"@type\":\"EntryPoint\",\"urlTemplate\":\"https:\\\/\\\/www.eldiario.net\\\/portal\\\/?s={search_term_string}\"},\"query-input\":{\"@type\":\"PropertyValueSpecification\",\"valueRequired\":true,\"valueName\":\"search_term_string\"}}],\"inLanguage\":\"es\"},{\"@type\":\"Organization\",\"@id\":\"https:\\\/\\\/www.eldiario.net\\\/portal\\\/#organization\",\"name\":\"El Diario - Decano de la prensa nacional\",\"url\":\"https:\\\/\\\/www.eldiario.net\\\/portal\\\/\",\"logo\":{\"@type\":\"ImageObject\",\"inLanguage\":\"es\",\"@id\":\"https:\\\/\\\/www.eldiario.net\\\/portal\\\/#\\\/schema\\\/logo\\\/image\\\/\",\"url\":\"https:\\\/\\\/www.eldiario.net\\\/portal\\\/wp-content\\\/uploads\\\/2023\\\/07\\\/logo_ED.jpg\",\"contentUrl\":\"https:\\\/\\\/www.eldiario.net\\\/portal\\\/wp-content\\\/uploads\\\/2023\\\/07\\\/logo_ED.jpg\",\"width\":272,\"height\":52,\"caption\":\"El Diario - Decano de la prensa nacional\"},\"image\":{\"@id\":\"https:\\\/\\\/www.eldiario.net\\\/portal\\\/#\\\/schema\\\/logo\\\/image\\\/\"},\"sameAs\":[\"https:\\\/\\\/www.facebook.com\\\/eldiario.bolivia\\\/\",\"https:\\\/\\\/x.com\\\/eldiario_net\"]},{\"@type\":\"Person\",\"@id\":\"https:\\\/\\\/www.eldiario.net\\\/portal\\\/#\\\/schema\\\/person\\\/2c57cf2b7a7ae032e449e4c9b1019eac\",\"name\":\"Jeanette\",\"image\":{\"@type\":\"ImageObject\",\"inLanguage\":\"es\",\"@id\":\"https:\\\/\\\/secure.gravatar.com\\\/avatar\\\/3ea2118a5f7dad2b7138b1187a6b7ee55f160b9968b66013c3a3ef39dd7e5798?s=96&d=mm&r=g\",\"url\":\"https:\\\/\\\/secure.gravatar.com\\\/avatar\\\/3ea2118a5f7dad2b7138b1187a6b7ee55f160b9968b66013c3a3ef39dd7e5798?s=96&d=mm&r=g\",\"contentUrl\":\"https:\\\/\\\/secure.gravatar.com\\\/avatar\\\/3ea2118a5f7dad2b7138b1187a6b7ee55f160b9968b66013c3a3ef39dd7e5798?s=96&d=mm&r=g\",\"caption\":\"Jeanette\"},\"sameAs\":[\"https:\\\/\\\/www.eldiario.net\\\/portal\"],\"url\":\"https:\\\/\\\/www.eldiario.net\\\/portal\\\/author\\\/jeanette\\\/\"}]}<\/script>\n<!-- \/ Yoast SEO plugin. -->","yoast_head_json":{"title":"Dos joyas, Peugeot y Citro\u00ebn en la Fexco - El Diario - Bolivia","robots":{"index":"index","follow":"follow","max-snippet":"max-snippet:-1","max-image-preview":"max-image-preview:large","max-video-preview":"max-video-preview:-1"},"canonical":"https:\/\/www.eldiario.net\/portal\/2023\/06\/16\/dos-joyas-peugeot-y-citroen-en-la-fexco\/","og_locale":"es_ES","og_type":"article","og_title":"Dos joyas, Peugeot y Citro\u00ebn en la Fexco - El Diario - Bolivia","og_description":"Bolivian Auto Motors (BA) est\u00e1 presente en la primera versi\u00f3n de la Feria Exposici\u00f3n Internacional de Cochabamba (Fexco 2023), con Peugeot y Citro\u00ebn, dos automotrices francesas l\u00edderes a nivel mundial. Ambas firmas se exhiben con toda su gama vehicular, caracterizada por adecuarse al presupuesto de sus clientes seg\u00fan su necesidad, con veh\u00edculos dise\u00f1ados y producidos [&hellip;]","og_url":"https:\/\/www.eldiario.net\/portal\/2023\/06\/16\/dos-joyas-peugeot-y-citroen-en-la-fexco\/","og_site_name":"El Diario - Bolivia","article_publisher":"https:\/\/www.facebook.com\/eldiario.bolivia\/","article_published_time":"2023-06-16T09:59:23+00:00","og_image":[{"width":1000,"height":703,"url":"https:\/\/www.eldiario.net\/portal\/wp-content\/uploads\/2023\/06\/Laura-Roque-Diego-Salvatierra-gerente-automotriz-BA-Erika-Gottlieb-gte-gral-Auto-Francia-Carlos-Guerra-Brand-manager-Citroen-y-Estefania-G.jpg","type":"image\/jpeg"}],"author":"Jeanette","twitter_card":"summary_large_image","twitter_creator":"@eldiario_net","twitter_site":"@eldiario_net","twitter_misc":{"Escrito por":"Jeanette","Tiempo de lectura":"1 minuto"},"schema":{"@context":"https:\/\/schema.org","@graph":[{"@type":"Article","@id":"https:\/\/www.eldiario.net\/portal\/2023\/06\/16\/dos-joyas-peugeot-y-citroen-en-la-fexco\/#article","isPartOf":{"@id":"https:\/\/www.eldiario.net\/portal\/2023\/06\/16\/dos-joyas-peugeot-y-citroen-en-la-fexco\/"},"author":{"name":"Jeanette","@id":"https:\/\/www.eldiario.net\/portal\/#\/schema\/person\/2c57cf2b7a7ae032e449e4c9b1019eac"},"headline":"Dos joyas, Peugeot y Citro\u00ebn en la Fexco","datePublished":"2023-06-16T09:59:23+00:00","mainEntityOfPage":{"@id":"https:\/\/www.eldiario.net\/portal\/2023\/06\/16\/dos-joyas-peugeot-y-citroen-en-la-fexco\/"},"wordCount":154,"publisher":{"@id":"https:\/\/www.eldiario.net\/portal\/#organization"},"image":{"@id":"https:\/\/www.eldiario.net\/portal\/2023\/06\/16\/dos-joyas-peugeot-y-citroen-en-la-fexco\/#primaryimage"},"thumbnailUrl":"https:\/\/www.eldiario.net\/portal\/wp-content\/uploads\/2023\/06\/Laura-Roque-Diego-Salvatierra-gerente-automotriz-BA-Erika-Gottlieb-gte-gral-Auto-Francia-Carlos-Guerra-Brand-manager-Citroen-y-Estefania-G.jpg","articleSection":["Sociales"],"inLanguage":"es"},{"@type":"WebPage","@id":"https:\/\/www.eldiario.net\/portal\/2023\/06\/16\/dos-joyas-peugeot-y-citroen-en-la-fexco\/","url":"https:\/\/www.eldiario.net\/portal\/2023\/06\/16\/dos-joyas-peugeot-y-citroen-en-la-fexco\/","name":"Dos joyas, Peugeot y Citro\u00ebn en la Fexco - El Diario - Bolivia","isPartOf":{"@id":"https:\/\/www.eldiario.net\/portal\/#website"},"primaryImageOfPage":{"@id":"https:\/\/www.eldiario.net\/portal\/2023\/06\/16\/dos-joyas-peugeot-y-citroen-en-la-fexco\/#primaryimage"},"image":{"@id":"https:\/\/www.eldiario.net\/portal\/2023\/06\/16\/dos-joyas-peugeot-y-citroen-en-la-fexco\/#primaryimage"},"thumbnailUrl":"https:\/\/www.eldiario.net\/portal\/wp-content\/uploads\/2023\/06\/Laura-Roque-Diego-Salvatierra-gerente-automotriz-BA-Erika-Gottlieb-gte-gral-Auto-Francia-Carlos-Guerra-Brand-manager-Citroen-y-Estefania-G.jpg","datePublished":"2023-06-16T09:59:23+00:00","breadcrumb":{"@id":"https:\/\/www.eldiario.net\/portal\/2023\/06\/16\/dos-joyas-peugeot-y-citroen-en-la-fexco\/#breadcrumb"},"inLanguage":"es","potentialAction":[{"@type":"ReadAction","target":["https:\/\/www.eldiario.net\/portal\/2023\/06\/16\/dos-joyas-peugeot-y-citroen-en-la-fexco\/"]}]},{"@type":"ImageObject","inLanguage":"es","@id":"https:\/\/www.eldiario.net\/portal\/2023\/06\/16\/dos-joyas-peugeot-y-citroen-en-la-fexco\/#primaryimage","url":"https:\/\/www.eldiario.net\/portal\/wp-content\/uploads\/2023\/06\/Laura-Roque-Diego-Salvatierra-gerente-automotriz-BA-Erika-Gottlieb-gte-gral-Auto-Francia-Carlos-Guerra-Brand-manager-Citroen-y-Estefania-G.jpg","contentUrl":"https:\/\/www.eldiario.net\/portal\/wp-content\/uploads\/2023\/06\/Laura-Roque-Diego-Salvatierra-gerente-automotriz-BA-Erika-Gottlieb-gte-gral-Auto-Francia-Carlos-Guerra-Brand-manager-Citroen-y-Estefania-G.jpg","width":1000,"height":703,"caption":"LAURA ROQUE, DIEGO SALVATIERRA, GERENTE AUTOMOTRIZ BA; ERIKA GOTTLIEB, GTE GRAL AUTO FRANCIA; CARLOS GUERRA, BRAND MANAGER CITRO\u00cbN Y ESTEFAN\u00cdA GALETOVIC."},{"@type":"BreadcrumbList","@id":"https:\/\/www.eldiario.net\/portal\/2023\/06\/16\/dos-joyas-peugeot-y-citroen-en-la-fexco\/#breadcrumb","itemListElement":[{"@type":"ListItem","position":1,"name":"Portada","item":"https:\/\/www.eldiario.net\/portal\/"},{"@type":"ListItem","position":2,"name":"Dos joyas, Peugeot y Citro\u00ebn en la Fexco"}]},{"@type":"WebSite","@id":"https:\/\/www.eldiario.net\/portal\/#website","url":"https:\/\/www.eldiario.net\/portal\/","name":"El Diario - Decano de la prensa nacional","description":"El Diario - Decano de la prensa nacional","publisher":{"@id":"https:\/\/www.eldiario.net\/portal\/#organization"},"potentialAction":[{"@type":"SearchAction","target":{"@type":"EntryPoint","urlTemplate":"https:\/\/www.eldiario.net\/portal\/?s={search_term_string}"},"query-input":{"@type":"PropertyValueSpecification","valueRequired":true,"valueName":"search_term_string"}}],"inLanguage":"es"},{"@type":"Organization","@id":"https:\/\/www.eldiario.net\/portal\/#organization","name":"El Diario - Decano de la prensa nacional","url":"https:\/\/www.eldiario.net\/portal\/","logo":{"@type":"ImageObject","inLanguage":"es","@id":"https:\/\/www.eldiario.net\/portal\/#\/schema\/logo\/image\/","url":"https:\/\/www.eldiario.net\/portal\/wp-content\/uploads\/2023\/07\/logo_ED.jpg","contentUrl":"https:\/\/www.eldiario.net\/portal\/wp-content\/uploads\/2023\/07\/logo_ED.jpg","width":272,"height":52,"caption":"El Diario - Decano de la prensa nacional"},"image":{"@id":"https:\/\/www.eldiario.net\/portal\/#\/schema\/logo\/image\/"},"sameAs":["https:\/\/www.facebook.com\/eldiario.bolivia\/","https:\/\/x.com\/eldiario_net"]},{"@type":"Person","@id":"https:\/\/www.eldiario.net\/portal\/#\/schema\/person\/2c57cf2b7a7ae032e449e4c9b1019eac","name":"Jeanette","image":{"@type":"ImageObject","inLanguage":"es","@id":"https:\/\/secure.gravatar.com\/avatar\/3ea2118a5f7dad2b7138b1187a6b7ee55f160b9968b66013c3a3ef39dd7e5798?s=96&d=mm&r=g","url":"https:\/\/secure.gravatar.com\/avatar\/3ea2118a5f7dad2b7138b1187a6b7ee55f160b9968b66013c3a3ef39dd7e5798?s=96&d=mm&r=g","contentUrl":"https:\/\/secure.gravatar.com\/avatar\/3ea2118a5f7dad2b7138b1187a6b7ee55f160b9968b66013c3a3ef39dd7e5798?s=96&d=mm&r=g","caption":"Jeanette"},"sameAs":["https:\/\/www.eldiario.net\/portal"],"url":"https:\/\/www.eldiario.net\/portal\/author\/jeanette\/"}]}},"_links":{"self":[{"href":"https:\/\/www.eldiario.net\/portal\/wp-json\/wp\/v2\/posts\/160245","targetHints":{"allow":["GET"]}}],"collection":[{"href":"https:\/\/www.eldiario.net\/portal\/wp-json\/wp\/v2\/posts"}],"about":[{"href":"https:\/\/www.eldiario.net\/portal\/wp-json\/wp\/v2\/types\/post"}],"author":[{"embeddable":true,"href":"https:\/\/www.eldiario.net\/portal\/wp-json\/wp\/v2\/users\/1"}],"replies":[{"embeddable":true,"href":"https:\/\/www.eldiario.net\/portal\/wp-json\/wp\/v2\/comments?post=160245"}],"version-history":[{"count":0,"href":"https:\/\/www.eldiario.net\/portal\/wp-json\/wp\/v2\/posts\/160245\/revisions"}],"wp:featuredmedia":[{"embeddable":true,"href":"https:\/\/www.eldiario.net\/portal\/wp-json\/wp\/v2\/media\/160247"}],"wp:attachment":[{"href":"https:\/\/www.eldiario.net\/portal\/wp-json\/wp\/v2\/media?parent=160245"}],"wp:term":[{"taxonomy":"category","embeddable":true,"href":"https:\/\/www.eldiario.net\/portal\/wp-json\/wp\/v2\/categories?post=160245"},{"taxonomy":"post_tag","embeddable":true,"href":"https:\/\/www.eldiario.net\/portal\/wp-json\/wp\/v2\/tags?post=160245"}],"curies":[{"name":"wp","href":"https:\/\/api.w.org\/{rel}","templated":true}]}}