{"id":160243,"date":"2023-06-16T05:57:47","date_gmt":"2023-06-16T09:57:47","guid":{"rendered":"https:\/\/www.eldiario.net\/portal\/?p=160243"},"modified":"2023-06-16T05:57:47","modified_gmt":"2023-06-16T09:57:47","slug":"en-busca-de-la-victoria","status":"publish","type":"post","link":"https:\/\/www.eldiario.net\/portal\/2023\/06\/16\/en-busca-de-la-victoria\/","title":{"rendered":"EN BUSCA DE LA VICTORIA"},"content":{"rendered":"<p>La ausencia de gol ha sido uno de los problemas detectados por el cuerpo t\u00e9cnico de la Selecci\u00f3n Nacional y ser\u00e1 un punto a resolver en este per\u00edodo de preparaci\u00f3n, que contempla los cotejos amistosos contra Ecuador este s\u00e1bado (19:00 HB) y ante Chile el siguiente martes (20:00), en Santa Cruz.<br \/>\nDentro del ciclo del seleccionador, Gustavo Costas, al mando del cuadro verde dirigi\u00f3 dos partidos, Uzbekist\u00e1n (0-1) y Arabia Saudita (2-1), y colabor\u00f3 en uno, Per\u00fa (0-1), cuya producci\u00f3n ofensiva fue destacada por el entrenador, pero considera que todav\u00eda hay huecos que llenar y en esos puntos d\u00e9biles trabajar\u00e1 para encontrar el mejor funcionamiento del grupo antes de iniciar las clasificatorias mundialistas.<br \/>\nEl avance ofensivo que pueda mostrar en los partidos de preparaci\u00f3n ser\u00e1 el pre\u00e1mbulo a los cotejos oficiales de las eliminatorias, tomando en cuenta que Ecuador y Chile ser\u00e1n los \u00fanicos compromisos amistosos antes de enfrentar a Brasil y Argentina en septiembre. Ayer jueves contin\u00fao con su labor en New Jersey, sede del choque contra los ecuatorianos.<br \/>\nCabe recordar que desde que esta competencia oficial se juega bajo la modalidad de todos contra todos, el seleccionado boliviano ha anotado en total entre 16 a 23 goles, siendo su c\u00faspide la actuaci\u00f3n rumbo a Catar 2022, en la cual convirti\u00f3 23 tantos y la m\u00e1s baja fue 16 en el camino a Rusia 2018.<br \/>\nEn los dem\u00e1s torneos la siguiente relaci\u00f3n de productividad: 18 goles en las eliminatorias Francia 98, 21 en Corea-Jap\u00f3n 2002, 20 en Alemania 2006, 22 en Sud\u00e1frica 2010 y 19 goles en Brasil 2014.<br \/>\nOtra vez, Marcelo Martins representa la carta ofensiva de la Selecci\u00f3n Absoluta, el delantero de Independiente del Valle (Ecuador) llega como el m\u00e1ximo anotador de las anteriores eliminatorias con diez goles.<br \/>\nCon 35 a\u00f1os, Martins tiene un registro de 31 goles con el seleccionado verde y la atenci\u00f3n de los rivales est\u00e1 encima del atacante por su trayectoria y por su capacidad de resolver las jugadas dentro del \u00e1rea.<br \/>\nSin embargo, Gustavo Costas quiere tener a disposici\u00f3n alternativas en la ofensiva, con esa mentalidad trabaja con los dem\u00e1s jugadores en la definici\u00f3n. Detr\u00e1s de Martins, en esta convocatoria, aparecen Carmelo Algara\u00f1az (Bol\u00edvar) y Jeyson Chura (The Strongest) como los futbolistas con mayor roce, y en segunda fila los juveniles: Lucas Ch\u00e1vez (Bol\u00edvar) y Fernando Nava (Atl\u00e9tico Paranaense, Brasil).<\/p>\n<p><strong>APG<\/strong><\/p>\n","protected":false},"excerpt":{"rendered":"<p>La ausencia de gol ha sido uno de los problemas detectados por el cuerpo t\u00e9cnico de la Selecci\u00f3n Nacional y ser\u00e1 un punto a resolver en este per\u00edodo de preparaci\u00f3n, que contempla los cotejos amistosos contra Ecuador este s\u00e1bado (19:00 HB) y ante Chile el siguiente martes (20:00), en Santa Cruz. Dentro del ciclo del [&hellip;]<\/p>\n","protected":false},"author":1,"featured_media":160240,"comment_status":"closed","ping_status":"closed","sticky":false,"template":"","format":"standard","meta":{"_acf_changed":false,"footnotes":""},"categories":[6],"tags":[],"class_list":["post-160243","post","type-post","status-publish","format-standard","has-post-thumbnail","category-deportes"],"acf":{"antetitulo":""},"yoast_head":"<!-- This site is optimized with the Yoast SEO plugin v28.4 - https:\/\/yoast.com\/product\/yoast-seo-wordpress\/ -->\n<title>EN BUSCA DE LA VICTORIA - El Diario - Bolivia<\/title>\n<meta name=\"robots\" content=\"index, follow, max-snippet:-1, max-image-preview:large, max-video-preview:-1\" \/>\n<link rel=\"canonical\" href=\"https:\/\/www.eldiario.net\/portal\/2023\/06\/16\/en-busca-de-la-victoria\/\" \/>\n<meta property=\"og:locale\" content=\"es_ES\" \/>\n<meta property=\"og:type\" content=\"article\" \/>\n<meta property=\"og:title\" content=\"EN BUSCA DE LA VICTORIA - El Diario - Bolivia\" \/>\n<meta property=\"og:description\" content=\"La ausencia de gol ha sido uno de los problemas detectados por el cuerpo t\u00e9cnico de la Selecci\u00f3n Nacional y ser\u00e1 un punto a resolver en este per\u00edodo de preparaci\u00f3n, que contempla los cotejos amistosos contra Ecuador este s\u00e1bado (19:00 HB) y ante Chile el siguiente martes (20:00), en Santa Cruz. Dentro del ciclo del [&hellip;]\" \/>\n<meta property=\"og:url\" content=\"https:\/\/www.eldiario.net\/portal\/2023\/06\/16\/en-busca-de-la-victoria\/\" \/>\n<meta property=\"og:site_name\" content=\"El Diario - Bolivia\" \/>\n<meta property=\"article:publisher\" content=\"https:\/\/www.facebook.com\/eldiario.bolivia\/\" \/>\n<meta property=\"article:published_time\" content=\"2023-06-16T09:57:47+00:00\" \/>\n<meta property=\"og:image\" content=\"https:\/\/www.eldiario.net\/portal\/wp-content\/uploads\/2023\/06\/FOTO-70-3.jpg\" \/>\n\t<meta property=\"og:image:width\" content=\"1000\" \/>\n\t<meta property=\"og:image:height\" content=\"587\" \/>\n\t<meta property=\"og:image:type\" content=\"image\/jpeg\" \/>\n<meta name=\"author\" content=\"Jeanette\" \/>\n<meta name=\"twitter:card\" content=\"summary_large_image\" \/>\n<meta name=\"twitter:creator\" content=\"@eldiario_net\" \/>\n<meta name=\"twitter:site\" content=\"@eldiario_net\" \/>\n<meta name=\"twitter:label1\" content=\"Escrito por\" \/>\n\t<meta name=\"twitter:data1\" content=\"Jeanette\" \/>\n\t<meta name=\"twitter:label2\" content=\"Tiempo de lectura\" \/>\n\t<meta name=\"twitter:data2\" content=\"2 minutos\" \/>\n<script type=\"application\/ld+json\" class=\"yoast-schema-graph\">{\"@context\":\"https:\\\/\\\/schema.org\",\"@graph\":[{\"@type\":\"Article\",\"@id\":\"https:\\\/\\\/www.eldiario.net\\\/portal\\\/2023\\\/06\\\/16\\\/en-busca-de-la-victoria\\\/#article\",\"isPartOf\":{\"@id\":\"https:\\\/\\\/www.eldiario.net\\\/portal\\\/2023\\\/06\\\/16\\\/en-busca-de-la-victoria\\\/\"},\"author\":{\"name\":\"Jeanette\",\"@id\":\"https:\\\/\\\/www.eldiario.net\\\/portal\\\/#\\\/schema\\\/person\\\/2c57cf2b7a7ae032e449e4c9b1019eac\"},\"headline\":\"EN BUSCA DE LA VICTORIA\",\"datePublished\":\"2023-06-16T09:57:47+00:00\",\"mainEntityOfPage\":{\"@id\":\"https:\\\/\\\/www.eldiario.net\\\/portal\\\/2023\\\/06\\\/16\\\/en-busca-de-la-victoria\\\/\"},\"wordCount\":407,\"publisher\":{\"@id\":\"https:\\\/\\\/www.eldiario.net\\\/portal\\\/#organization\"},\"image\":{\"@id\":\"https:\\\/\\\/www.eldiario.net\\\/portal\\\/2023\\\/06\\\/16\\\/en-busca-de-la-victoria\\\/#primaryimage\"},\"thumbnailUrl\":\"https:\\\/\\\/www.eldiario.net\\\/portal\\\/wp-content\\\/uploads\\\/2023\\\/06\\\/FOTO-70-3.jpg\",\"articleSection\":[\"Deportes\"],\"inLanguage\":\"es\"},{\"@type\":\"WebPage\",\"@id\":\"https:\\\/\\\/www.eldiario.net\\\/portal\\\/2023\\\/06\\\/16\\\/en-busca-de-la-victoria\\\/\",\"url\":\"https:\\\/\\\/www.eldiario.net\\\/portal\\\/2023\\\/06\\\/16\\\/en-busca-de-la-victoria\\\/\",\"name\":\"EN BUSCA DE LA VICTORIA - El Diario - Bolivia\",\"isPartOf\":{\"@id\":\"https:\\\/\\\/www.eldiario.net\\\/portal\\\/#website\"},\"primaryImageOfPage\":{\"@id\":\"https:\\\/\\\/www.eldiario.net\\\/portal\\\/2023\\\/06\\\/16\\\/en-busca-de-la-victoria\\\/#primaryimage\"},\"image\":{\"@id\":\"https:\\\/\\\/www.eldiario.net\\\/portal\\\/2023\\\/06\\\/16\\\/en-busca-de-la-victoria\\\/#primaryimage\"},\"thumbnailUrl\":\"https:\\\/\\\/www.eldiario.net\\\/portal\\\/wp-content\\\/uploads\\\/2023\\\/06\\\/FOTO-70-3.jpg\",\"datePublished\":\"2023-06-16T09:57:47+00:00\",\"breadcrumb\":{\"@id\":\"https:\\\/\\\/www.eldiario.net\\\/portal\\\/2023\\\/06\\\/16\\\/en-busca-de-la-victoria\\\/#breadcrumb\"},\"inLanguage\":\"es\",\"potentialAction\":[{\"@type\":\"ReadAction\",\"target\":[\"https:\\\/\\\/www.eldiario.net\\\/portal\\\/2023\\\/06\\\/16\\\/en-busca-de-la-victoria\\\/\"]}]},{\"@type\":\"ImageObject\",\"inLanguage\":\"es\",\"@id\":\"https:\\\/\\\/www.eldiario.net\\\/portal\\\/2023\\\/06\\\/16\\\/en-busca-de-la-victoria\\\/#primaryimage\",\"url\":\"https:\\\/\\\/www.eldiario.net\\\/portal\\\/wp-content\\\/uploads\\\/2023\\\/06\\\/FOTO-70-3.jpg\",\"contentUrl\":\"https:\\\/\\\/www.eldiario.net\\\/portal\\\/wp-content\\\/uploads\\\/2023\\\/06\\\/FOTO-70-3.jpg\",\"width\":1000,\"height\":587},{\"@type\":\"BreadcrumbList\",\"@id\":\"https:\\\/\\\/www.eldiario.net\\\/portal\\\/2023\\\/06\\\/16\\\/en-busca-de-la-victoria\\\/#breadcrumb\",\"itemListElement\":[{\"@type\":\"ListItem\",\"position\":1,\"name\":\"Portada\",\"item\":\"https:\\\/\\\/www.eldiario.net\\\/portal\\\/\"},{\"@type\":\"ListItem\",\"position\":2,\"name\":\"EN BUSCA DE LA VICTORIA\"}]},{\"@type\":\"WebSite\",\"@id\":\"https:\\\/\\\/www.eldiario.net\\\/portal\\\/#website\",\"url\":\"https:\\\/\\\/www.eldiario.net\\\/portal\\\/\",\"name\":\"El Diario - Decano de la prensa nacional\",\"description\":\"El Diario - Decano de la prensa nacional\",\"publisher\":{\"@id\":\"https:\\\/\\\/www.eldiario.net\\\/portal\\\/#organization\"},\"potentialAction\":[{\"@type\":\"SearchAction\",\"target\":{\"@type\":\"EntryPoint\",\"urlTemplate\":\"https:\\\/\\\/www.eldiario.net\\\/portal\\\/?s={search_term_string}\"},\"query-input\":{\"@type\":\"PropertyValueSpecification\",\"valueRequired\":true,\"valueName\":\"search_term_string\"}}],\"inLanguage\":\"es\"},{\"@type\":\"Organization\",\"@id\":\"https:\\\/\\\/www.eldiario.net\\\/portal\\\/#organization\",\"name\":\"El Diario - Decano de la prensa nacional\",\"url\":\"https:\\\/\\\/www.eldiario.net\\\/portal\\\/\",\"logo\":{\"@type\":\"ImageObject\",\"inLanguage\":\"es\",\"@id\":\"https:\\\/\\\/www.eldiario.net\\\/portal\\\/#\\\/schema\\\/logo\\\/image\\\/\",\"url\":\"https:\\\/\\\/www.eldiario.net\\\/portal\\\/wp-content\\\/uploads\\\/2023\\\/07\\\/logo_ED.jpg\",\"contentUrl\":\"https:\\\/\\\/www.eldiario.net\\\/portal\\\/wp-content\\\/uploads\\\/2023\\\/07\\\/logo_ED.jpg\",\"width\":272,\"height\":52,\"caption\":\"El Diario - Decano de la prensa nacional\"},\"image\":{\"@id\":\"https:\\\/\\\/www.eldiario.net\\\/portal\\\/#\\\/schema\\\/logo\\\/image\\\/\"},\"sameAs\":[\"https:\\\/\\\/www.facebook.com\\\/eldiario.bolivia\\\/\",\"https:\\\/\\\/x.com\\\/eldiario_net\"]},{\"@type\":\"Person\",\"@id\":\"https:\\\/\\\/www.eldiario.net\\\/portal\\\/#\\\/schema\\\/person\\\/2c57cf2b7a7ae032e449e4c9b1019eac\",\"name\":\"Jeanette\",\"image\":{\"@type\":\"ImageObject\",\"inLanguage\":\"es\",\"@id\":\"https:\\\/\\\/secure.gravatar.com\\\/avatar\\\/3ea2118a5f7dad2b7138b1187a6b7ee55f160b9968b66013c3a3ef39dd7e5798?s=96&d=mm&r=g\",\"url\":\"https:\\\/\\\/secure.gravatar.com\\\/avatar\\\/3ea2118a5f7dad2b7138b1187a6b7ee55f160b9968b66013c3a3ef39dd7e5798?s=96&d=mm&r=g\",\"contentUrl\":\"https:\\\/\\\/secure.gravatar.com\\\/avatar\\\/3ea2118a5f7dad2b7138b1187a6b7ee55f160b9968b66013c3a3ef39dd7e5798?s=96&d=mm&r=g\",\"caption\":\"Jeanette\"},\"sameAs\":[\"https:\\\/\\\/www.eldiario.net\\\/portal\"],\"url\":\"https:\\\/\\\/www.eldiario.net\\\/portal\\\/author\\\/jeanette\\\/\"}]}<\/script>\n<!-- \/ Yoast SEO plugin. -->","yoast_head_json":{"title":"EN BUSCA DE LA VICTORIA - El Diario - Bolivia","robots":{"index":"index","follow":"follow","max-snippet":"max-snippet:-1","max-image-preview":"max-image-preview:large","max-video-preview":"max-video-preview:-1"},"canonical":"https:\/\/www.eldiario.net\/portal\/2023\/06\/16\/en-busca-de-la-victoria\/","og_locale":"es_ES","og_type":"article","og_title":"EN BUSCA DE LA VICTORIA - El Diario - Bolivia","og_description":"La ausencia de gol ha sido uno de los problemas detectados por el cuerpo t\u00e9cnico de la Selecci\u00f3n Nacional y ser\u00e1 un punto a resolver en este per\u00edodo de preparaci\u00f3n, que contempla los cotejos amistosos contra Ecuador este s\u00e1bado (19:00 HB) y ante Chile el siguiente martes (20:00), en Santa Cruz. Dentro del ciclo del [&hellip;]","og_url":"https:\/\/www.eldiario.net\/portal\/2023\/06\/16\/en-busca-de-la-victoria\/","og_site_name":"El Diario - Bolivia","article_publisher":"https:\/\/www.facebook.com\/eldiario.bolivia\/","article_published_time":"2023-06-16T09:57:47+00:00","og_image":[{"width":1000,"height":587,"url":"https:\/\/www.eldiario.net\/portal\/wp-content\/uploads\/2023\/06\/FOTO-70-3.jpg","type":"image\/jpeg"}],"author":"Jeanette","twitter_card":"summary_large_image","twitter_creator":"@eldiario_net","twitter_site":"@eldiario_net","twitter_misc":{"Escrito por":"Jeanette","Tiempo de lectura":"2 minutos"},"schema":{"@context":"https:\/\/schema.org","@graph":[{"@type":"Article","@id":"https:\/\/www.eldiario.net\/portal\/2023\/06\/16\/en-busca-de-la-victoria\/#article","isPartOf":{"@id":"https:\/\/www.eldiario.net\/portal\/2023\/06\/16\/en-busca-de-la-victoria\/"},"author":{"name":"Jeanette","@id":"https:\/\/www.eldiario.net\/portal\/#\/schema\/person\/2c57cf2b7a7ae032e449e4c9b1019eac"},"headline":"EN BUSCA DE LA VICTORIA","datePublished":"2023-06-16T09:57:47+00:00","mainEntityOfPage":{"@id":"https:\/\/www.eldiario.net\/portal\/2023\/06\/16\/en-busca-de-la-victoria\/"},"wordCount":407,"publisher":{"@id":"https:\/\/www.eldiario.net\/portal\/#organization"},"image":{"@id":"https:\/\/www.eldiario.net\/portal\/2023\/06\/16\/en-busca-de-la-victoria\/#primaryimage"},"thumbnailUrl":"https:\/\/www.eldiario.net\/portal\/wp-content\/uploads\/2023\/06\/FOTO-70-3.jpg","articleSection":["Deportes"],"inLanguage":"es"},{"@type":"WebPage","@id":"https:\/\/www.eldiario.net\/portal\/2023\/06\/16\/en-busca-de-la-victoria\/","url":"https:\/\/www.eldiario.net\/portal\/2023\/06\/16\/en-busca-de-la-victoria\/","name":"EN BUSCA DE LA VICTORIA - El Diario - Bolivia","isPartOf":{"@id":"https:\/\/www.eldiario.net\/portal\/#website"},"primaryImageOfPage":{"@id":"https:\/\/www.eldiario.net\/portal\/2023\/06\/16\/en-busca-de-la-victoria\/#primaryimage"},"image":{"@id":"https:\/\/www.eldiario.net\/portal\/2023\/06\/16\/en-busca-de-la-victoria\/#primaryimage"},"thumbnailUrl":"https:\/\/www.eldiario.net\/portal\/wp-content\/uploads\/2023\/06\/FOTO-70-3.jpg","datePublished":"2023-06-16T09:57:47+00:00","breadcrumb":{"@id":"https:\/\/www.eldiario.net\/portal\/2023\/06\/16\/en-busca-de-la-victoria\/#breadcrumb"},"inLanguage":"es","potentialAction":[{"@type":"ReadAction","target":["https:\/\/www.eldiario.net\/portal\/2023\/06\/16\/en-busca-de-la-victoria\/"]}]},{"@type":"ImageObject","inLanguage":"es","@id":"https:\/\/www.eldiario.net\/portal\/2023\/06\/16\/en-busca-de-la-victoria\/#primaryimage","url":"https:\/\/www.eldiario.net\/portal\/wp-content\/uploads\/2023\/06\/FOTO-70-3.jpg","contentUrl":"https:\/\/www.eldiario.net\/portal\/wp-content\/uploads\/2023\/06\/FOTO-70-3.jpg","width":1000,"height":587},{"@type":"BreadcrumbList","@id":"https:\/\/www.eldiario.net\/portal\/2023\/06\/16\/en-busca-de-la-victoria\/#breadcrumb","itemListElement":[{"@type":"ListItem","position":1,"name":"Portada","item":"https:\/\/www.eldiario.net\/portal\/"},{"@type":"ListItem","position":2,"name":"EN BUSCA DE LA VICTORIA"}]},{"@type":"WebSite","@id":"https:\/\/www.eldiario.net\/portal\/#website","url":"https:\/\/www.eldiario.net\/portal\/","name":"El Diario - Decano de la prensa nacional","description":"El Diario - Decano de la prensa nacional","publisher":{"@id":"https:\/\/www.eldiario.net\/portal\/#organization"},"potentialAction":[{"@type":"SearchAction","target":{"@type":"EntryPoint","urlTemplate":"https:\/\/www.eldiario.net\/portal\/?s={search_term_string}"},"query-input":{"@type":"PropertyValueSpecification","valueRequired":true,"valueName":"search_term_string"}}],"inLanguage":"es"},{"@type":"Organization","@id":"https:\/\/www.eldiario.net\/portal\/#organization","name":"El Diario - Decano de la prensa nacional","url":"https:\/\/www.eldiario.net\/portal\/","logo":{"@type":"ImageObject","inLanguage":"es","@id":"https:\/\/www.eldiario.net\/portal\/#\/schema\/logo\/image\/","url":"https:\/\/www.eldiario.net\/portal\/wp-content\/uploads\/2023\/07\/logo_ED.jpg","contentUrl":"https:\/\/www.eldiario.net\/portal\/wp-content\/uploads\/2023\/07\/logo_ED.jpg","width":272,"height":52,"caption":"El Diario - Decano de la prensa nacional"},"image":{"@id":"https:\/\/www.eldiario.net\/portal\/#\/schema\/logo\/image\/"},"sameAs":["https:\/\/www.facebook.com\/eldiario.bolivia\/","https:\/\/x.com\/eldiario_net"]},{"@type":"Person","@id":"https:\/\/www.eldiario.net\/portal\/#\/schema\/person\/2c57cf2b7a7ae032e449e4c9b1019eac","name":"Jeanette","image":{"@type":"ImageObject","inLanguage":"es","@id":"https:\/\/secure.gravatar.com\/avatar\/3ea2118a5f7dad2b7138b1187a6b7ee55f160b9968b66013c3a3ef39dd7e5798?s=96&d=mm&r=g","url":"https:\/\/secure.gravatar.com\/avatar\/3ea2118a5f7dad2b7138b1187a6b7ee55f160b9968b66013c3a3ef39dd7e5798?s=96&d=mm&r=g","contentUrl":"https:\/\/secure.gravatar.com\/avatar\/3ea2118a5f7dad2b7138b1187a6b7ee55f160b9968b66013c3a3ef39dd7e5798?s=96&d=mm&r=g","caption":"Jeanette"},"sameAs":["https:\/\/www.eldiario.net\/portal"],"url":"https:\/\/www.eldiario.net\/portal\/author\/jeanette\/"}]}},"_links":{"self":[{"href":"https:\/\/www.eldiario.net\/portal\/wp-json\/wp\/v2\/posts\/160243","targetHints":{"allow":["GET"]}}],"collection":[{"href":"https:\/\/www.eldiario.net\/portal\/wp-json\/wp\/v2\/posts"}],"about":[{"href":"https:\/\/www.eldiario.net\/portal\/wp-json\/wp\/v2\/types\/post"}],"author":[{"embeddable":true,"href":"https:\/\/www.eldiario.net\/portal\/wp-json\/wp\/v2\/users\/1"}],"replies":[{"embeddable":true,"href":"https:\/\/www.eldiario.net\/portal\/wp-json\/wp\/v2\/comments?post=160243"}],"version-history":[{"count":0,"href":"https:\/\/www.eldiario.net\/portal\/wp-json\/wp\/v2\/posts\/160243\/revisions"}],"wp:featuredmedia":[{"embeddable":true,"href":"https:\/\/www.eldiario.net\/portal\/wp-json\/wp\/v2\/media\/160240"}],"wp:attachment":[{"href":"https:\/\/www.eldiario.net\/portal\/wp-json\/wp\/v2\/media?parent=160243"}],"wp:term":[{"taxonomy":"category","embeddable":true,"href":"https:\/\/www.eldiario.net\/portal\/wp-json\/wp\/v2\/categories?post=160243"},{"taxonomy":"post_tag","embeddable":true,"href":"https:\/\/www.eldiario.net\/portal\/wp-json\/wp\/v2\/tags?post=160243"}],"curies":[{"name":"wp","href":"https:\/\/api.w.org\/{rel}","templated":true}]}}