{"id":160136,"date":"2023-06-15T06:32:18","date_gmt":"2023-06-15T10:32:18","guid":{"rendered":"https:\/\/www.eldiario.net\/portal\/?p=160136"},"modified":"2023-06-15T06:32:18","modified_gmt":"2023-06-15T10:32:18","slug":"the-strongest-reanudo-practicas-con-cuerpo-tecnico-interino","status":"publish","type":"post","link":"https:\/\/www.eldiario.net\/portal\/2023\/06\/15\/the-strongest-reanudo-practicas-con-cuerpo-tecnico-interino\/","title":{"rendered":"The Strongest reanud\u00f3 pr\u00e1cticas con cuerpo t\u00e9cnico interino"},"content":{"rendered":"<p>Luego de algunos d\u00edas de descanso, el primer plantel \u00a0de The Strongest regres\u00f3 a las pr\u00e1cticas este mi\u00e9rcoles por la ma\u00f1ana bajo\u00a0 las \u00f3rdenes del entrenador interino Pablo Cabanillas.<\/p>\n<p>El plantel est\u00e1 completo a excepci\u00f3n de los afectados a la Selecci\u00f3n Boliviana de F\u00fatbol y de Michael Ortega. Asimismo, el mediocampista colombiano Carlos Robles, quien rescindi\u00f3 su contrato tras haber vestido la casaca atigrada en el primer semestre de la presente gesti\u00f3n.<\/p>\n<p>Seg\u00fan declar\u00f3 Cabanillas, existe un \u00e1nimo alto en el grupo y anunci\u00f3 que se gestionan partidos amistosos para los pr\u00f3ximos d\u00edas.<\/p>\n<p>En tanto, el Directorio se re\u00fane de manera continua con el objetivo de<\/p>\n<p>contratar al nuevo Director T\u00e9cnico. Existe una lista de al menos diez entrenadores entre extranjeros y nacionales que est\u00e1 siendo considerada seg\u00fan el presupuesto de la entidad \u201caurinegra\u201d.<\/p>\n<p>Claudio Baggio se despidi\u00f3 del equipo hoy, al haber logrado un acuerdo con el presidente H\u00e9ctor Montes para su desvinculaci\u00f3n, aunque esta a\u00fan no fue materializada. Se supo que pronto retornar\u00e1 a su pa\u00eds de origen.<\/p>\n<p>\u201cSe lleg\u00f3 a un acuerdo con el presidente de la entidad, no se ha exigido otras cosas que no est\u00e1n estipuladas dentro del contrato rescindido\u201d, afirm\u00f3 el argentino en breves declaraciones a la prensa cuando abandonaba los predios de Achumani.<\/p>\n<p>El alejamiento de Baggio se dio a ra\u00edz de la derrota que sufri\u00f3 The Strongest frente a Sporting Cristal de Per\u00fa (1-2) por la Copa Libertadores.<\/p>\n<p>Los \u201catigrados\u201d son punteros del torneo local y tienen que retomar la competencia el pr\u00f3ximo 24 de este mes, cuando visiten a Nacional Potos\u00ed, equipo que acecha su liderazgo con 29 unidades, contra 33.<\/p>\n<p>Asimismo, en Copa Libertadores, a\u00fan deben cumplir un cotejo de visita contra River Plate (27 de junio), para cerrar o continuar con su campa\u00f1a en el torneo internacional. Esta \u00faltima posibilidad es matem\u00e1ticamente posible, pero vista como un imposible por la fanaticada, la dirigencia y el mismo plantel boliviano. \u00a0(GS)<\/p>\n<p>&nbsp;<\/p>\n","protected":false},"excerpt":{"rendered":"<p>Luego de algunos d\u00edas de descanso, el primer plantel \u00a0de The Strongest regres\u00f3 a las pr\u00e1cticas este mi\u00e9rcoles por la ma\u00f1ana bajo\u00a0 las \u00f3rdenes del entrenador interino Pablo Cabanillas. El plantel est\u00e1 completo a excepci\u00f3n de los afectados a la Selecci\u00f3n Boliviana de F\u00fatbol y de Michael Ortega. Asimismo, el mediocampista colombiano Carlos Robles, quien [&hellip;]<\/p>\n","protected":false},"author":1,"featured_media":160137,"comment_status":"closed","ping_status":"closed","sticky":false,"template":"","format":"standard","meta":{"_acf_changed":false,"footnotes":""},"categories":[6],"tags":[],"class_list":["post-160136","post","type-post","status-publish","format-standard","has-post-thumbnail","category-deportes"],"acf":{"antetitulo":""},"yoast_head":"<!-- This site is optimized with the Yoast SEO plugin v28.3 - https:\/\/yoast.com\/product\/yoast-seo-wordpress\/ -->\n<title>The Strongest reanud\u00f3 pr\u00e1cticas con cuerpo t\u00e9cnico interino - El Diario - Bolivia<\/title>\n<meta name=\"robots\" content=\"index, follow, max-snippet:-1, max-image-preview:large, max-video-preview:-1\" \/>\n<link rel=\"canonical\" href=\"https:\/\/www.eldiario.net\/portal\/2023\/06\/15\/the-strongest-reanudo-practicas-con-cuerpo-tecnico-interino\/\" \/>\n<meta property=\"og:locale\" content=\"es_ES\" \/>\n<meta property=\"og:type\" content=\"article\" \/>\n<meta property=\"og:title\" content=\"The Strongest reanud\u00f3 pr\u00e1cticas con cuerpo t\u00e9cnico interino - El Diario - Bolivia\" \/>\n<meta property=\"og:description\" content=\"Luego de algunos d\u00edas de descanso, el primer plantel \u00a0de The Strongest regres\u00f3 a las pr\u00e1cticas este mi\u00e9rcoles por la ma\u00f1ana bajo\u00a0 las \u00f3rdenes del entrenador interino Pablo Cabanillas. El plantel est\u00e1 completo a excepci\u00f3n de los afectados a la Selecci\u00f3n Boliviana de F\u00fatbol y de Michael Ortega. Asimismo, el mediocampista colombiano Carlos Robles, quien [&hellip;]\" \/>\n<meta property=\"og:url\" content=\"https:\/\/www.eldiario.net\/portal\/2023\/06\/15\/the-strongest-reanudo-practicas-con-cuerpo-tecnico-interino\/\" \/>\n<meta property=\"og:site_name\" content=\"El Diario - Bolivia\" \/>\n<meta property=\"article:publisher\" content=\"https:\/\/www.facebook.com\/eldiario.bolivia\/\" \/>\n<meta property=\"article:published_time\" content=\"2023-06-15T10:32:18+00:00\" \/>\n<meta property=\"og:image\" content=\"https:\/\/www.eldiario.net\/portal\/wp-content\/uploads\/2023\/06\/The-Strongest-14-scaled-1.jpg\" \/>\n\t<meta property=\"og:image:width\" content=\"2560\" \/>\n\t<meta property=\"og:image:height\" content=\"2560\" \/>\n\t<meta property=\"og:image:type\" content=\"image\/jpeg\" \/>\n<meta name=\"author\" content=\"Jeanette\" \/>\n<meta name=\"twitter:card\" content=\"summary_large_image\" \/>\n<meta name=\"twitter:creator\" content=\"@eldiario_net\" \/>\n<meta name=\"twitter:site\" content=\"@eldiario_net\" \/>\n<meta name=\"twitter:label1\" content=\"Escrito por\" \/>\n\t<meta name=\"twitter:data1\" content=\"Jeanette\" \/>\n\t<meta name=\"twitter:label2\" content=\"Tiempo de lectura\" \/>\n\t<meta name=\"twitter:data2\" content=\"2 minutos\" \/>\n<script type=\"application\/ld+json\" class=\"yoast-schema-graph\">{\"@context\":\"https:\\\/\\\/schema.org\",\"@graph\":[{\"@type\":\"Article\",\"@id\":\"https:\\\/\\\/www.eldiario.net\\\/portal\\\/2023\\\/06\\\/15\\\/the-strongest-reanudo-practicas-con-cuerpo-tecnico-interino\\\/#article\",\"isPartOf\":{\"@id\":\"https:\\\/\\\/www.eldiario.net\\\/portal\\\/2023\\\/06\\\/15\\\/the-strongest-reanudo-practicas-con-cuerpo-tecnico-interino\\\/\"},\"author\":{\"name\":\"Jeanette\",\"@id\":\"https:\\\/\\\/www.eldiario.net\\\/portal\\\/#\\\/schema\\\/person\\\/f46445640444750d7d753ccd04ae01b7\"},\"headline\":\"The Strongest reanud\u00f3 pr\u00e1cticas con cuerpo t\u00e9cnico interino\",\"datePublished\":\"2023-06-15T10:32:18+00:00\",\"mainEntityOfPage\":{\"@id\":\"https:\\\/\\\/www.eldiario.net\\\/portal\\\/2023\\\/06\\\/15\\\/the-strongest-reanudo-practicas-con-cuerpo-tecnico-interino\\\/\"},\"wordCount\":351,\"publisher\":{\"@id\":\"https:\\\/\\\/www.eldiario.net\\\/portal\\\/#organization\"},\"image\":{\"@id\":\"https:\\\/\\\/www.eldiario.net\\\/portal\\\/2023\\\/06\\\/15\\\/the-strongest-reanudo-practicas-con-cuerpo-tecnico-interino\\\/#primaryimage\"},\"thumbnailUrl\":\"https:\\\/\\\/www.eldiario.net\\\/portal\\\/wp-content\\\/uploads\\\/2023\\\/06\\\/The-Strongest-14-scaled-1.jpg\",\"articleSection\":[\"Deportes\"],\"inLanguage\":\"es\"},{\"@type\":\"WebPage\",\"@id\":\"https:\\\/\\\/www.eldiario.net\\\/portal\\\/2023\\\/06\\\/15\\\/the-strongest-reanudo-practicas-con-cuerpo-tecnico-interino\\\/\",\"url\":\"https:\\\/\\\/www.eldiario.net\\\/portal\\\/2023\\\/06\\\/15\\\/the-strongest-reanudo-practicas-con-cuerpo-tecnico-interino\\\/\",\"name\":\"The Strongest reanud\u00f3 pr\u00e1cticas con cuerpo t\u00e9cnico interino - El Diario - Bolivia\",\"isPartOf\":{\"@id\":\"https:\\\/\\\/www.eldiario.net\\\/portal\\\/#website\"},\"primaryImageOfPage\":{\"@id\":\"https:\\\/\\\/www.eldiario.net\\\/portal\\\/2023\\\/06\\\/15\\\/the-strongest-reanudo-practicas-con-cuerpo-tecnico-interino\\\/#primaryimage\"},\"image\":{\"@id\":\"https:\\\/\\\/www.eldiario.net\\\/portal\\\/2023\\\/06\\\/15\\\/the-strongest-reanudo-practicas-con-cuerpo-tecnico-interino\\\/#primaryimage\"},\"thumbnailUrl\":\"https:\\\/\\\/www.eldiario.net\\\/portal\\\/wp-content\\\/uploads\\\/2023\\\/06\\\/The-Strongest-14-scaled-1.jpg\",\"datePublished\":\"2023-06-15T10:32:18+00:00\",\"breadcrumb\":{\"@id\":\"https:\\\/\\\/www.eldiario.net\\\/portal\\\/2023\\\/06\\\/15\\\/the-strongest-reanudo-practicas-con-cuerpo-tecnico-interino\\\/#breadcrumb\"},\"inLanguage\":\"es\",\"potentialAction\":[{\"@type\":\"ReadAction\",\"target\":[\"https:\\\/\\\/www.eldiario.net\\\/portal\\\/2023\\\/06\\\/15\\\/the-strongest-reanudo-practicas-con-cuerpo-tecnico-interino\\\/\"]}]},{\"@type\":\"ImageObject\",\"inLanguage\":\"es\",\"@id\":\"https:\\\/\\\/www.eldiario.net\\\/portal\\\/2023\\\/06\\\/15\\\/the-strongest-reanudo-practicas-con-cuerpo-tecnico-interino\\\/#primaryimage\",\"url\":\"https:\\\/\\\/www.eldiario.net\\\/portal\\\/wp-content\\\/uploads\\\/2023\\\/06\\\/The-Strongest-14-scaled-1.jpg\",\"contentUrl\":\"https:\\\/\\\/www.eldiario.net\\\/portal\\\/wp-content\\\/uploads\\\/2023\\\/06\\\/The-Strongest-14-scaled-1.jpg\",\"width\":2560,\"height\":2560},{\"@type\":\"BreadcrumbList\",\"@id\":\"https:\\\/\\\/www.eldiario.net\\\/portal\\\/2023\\\/06\\\/15\\\/the-strongest-reanudo-practicas-con-cuerpo-tecnico-interino\\\/#breadcrumb\",\"itemListElement\":[{\"@type\":\"ListItem\",\"position\":1,\"name\":\"Portada\",\"item\":\"https:\\\/\\\/www.eldiario.net\\\/portal\\\/\"},{\"@type\":\"ListItem\",\"position\":2,\"name\":\"The Strongest reanud\u00f3 pr\u00e1cticas con cuerpo t\u00e9cnico interino\"}]},{\"@type\":\"WebSite\",\"@id\":\"https:\\\/\\\/www.eldiario.net\\\/portal\\\/#website\",\"url\":\"https:\\\/\\\/www.eldiario.net\\\/portal\\\/\",\"name\":\"El Diario - Decano de la prensa nacional\",\"description\":\"El Diario - Decano de la prensa nacional\",\"publisher\":{\"@id\":\"https:\\\/\\\/www.eldiario.net\\\/portal\\\/#organization\"},\"potentialAction\":[{\"@type\":\"SearchAction\",\"target\":{\"@type\":\"EntryPoint\",\"urlTemplate\":\"https:\\\/\\\/www.eldiario.net\\\/portal\\\/?s={search_term_string}\"},\"query-input\":{\"@type\":\"PropertyValueSpecification\",\"valueRequired\":true,\"valueName\":\"search_term_string\"}}],\"inLanguage\":\"es\"},{\"@type\":\"Organization\",\"@id\":\"https:\\\/\\\/www.eldiario.net\\\/portal\\\/#organization\",\"name\":\"El Diario - Decano de la prensa nacional\",\"url\":\"https:\\\/\\\/www.eldiario.net\\\/portal\\\/\",\"logo\":{\"@type\":\"ImageObject\",\"inLanguage\":\"es\",\"@id\":\"https:\\\/\\\/www.eldiario.net\\\/portal\\\/#\\\/schema\\\/logo\\\/image\\\/\",\"url\":\"https:\\\/\\\/www.eldiario.net\\\/portal\\\/wp-content\\\/uploads\\\/2023\\\/07\\\/logo_ED.jpg\",\"contentUrl\":\"https:\\\/\\\/www.eldiario.net\\\/portal\\\/wp-content\\\/uploads\\\/2023\\\/07\\\/logo_ED.jpg\",\"width\":272,\"height\":52,\"caption\":\"El Diario - Decano de la prensa nacional\"},\"image\":{\"@id\":\"https:\\\/\\\/www.eldiario.net\\\/portal\\\/#\\\/schema\\\/logo\\\/image\\\/\"},\"sameAs\":[\"https:\\\/\\\/www.facebook.com\\\/eldiario.bolivia\\\/\",\"https:\\\/\\\/x.com\\\/eldiario_net\"]},{\"@type\":\"Person\",\"@id\":\"https:\\\/\\\/www.eldiario.net\\\/portal\\\/#\\\/schema\\\/person\\\/f46445640444750d7d753ccd04ae01b7\",\"name\":\"Jeanette\",\"image\":{\"@type\":\"ImageObject\",\"inLanguage\":\"es\",\"@id\":\"https:\\\/\\\/secure.gravatar.com\\\/avatar\\\/3ea2118a5f7dad2b7138b1187a6b7ee55f160b9968b66013c3a3ef39dd7e5798?s=96&d=mm&r=g\",\"url\":\"https:\\\/\\\/secure.gravatar.com\\\/avatar\\\/3ea2118a5f7dad2b7138b1187a6b7ee55f160b9968b66013c3a3ef39dd7e5798?s=96&d=mm&r=g\",\"contentUrl\":\"https:\\\/\\\/secure.gravatar.com\\\/avatar\\\/3ea2118a5f7dad2b7138b1187a6b7ee55f160b9968b66013c3a3ef39dd7e5798?s=96&d=mm&r=g\",\"caption\":\"Jeanette\"},\"sameAs\":[\"https:\\\/\\\/www.eldiario.net\\\/portal\"],\"url\":\"https:\\\/\\\/www.eldiario.net\\\/portal\\\/author\\\/jeanette\\\/\"}]}<\/script>\n<!-- \/ Yoast SEO plugin. -->","yoast_head_json":{"title":"The Strongest reanud\u00f3 pr\u00e1cticas con cuerpo t\u00e9cnico interino - El Diario - Bolivia","robots":{"index":"index","follow":"follow","max-snippet":"max-snippet:-1","max-image-preview":"max-image-preview:large","max-video-preview":"max-video-preview:-1"},"canonical":"https:\/\/www.eldiario.net\/portal\/2023\/06\/15\/the-strongest-reanudo-practicas-con-cuerpo-tecnico-interino\/","og_locale":"es_ES","og_type":"article","og_title":"The Strongest reanud\u00f3 pr\u00e1cticas con cuerpo t\u00e9cnico interino - El Diario - Bolivia","og_description":"Luego de algunos d\u00edas de descanso, el primer plantel \u00a0de The Strongest regres\u00f3 a las pr\u00e1cticas este mi\u00e9rcoles por la ma\u00f1ana bajo\u00a0 las \u00f3rdenes del entrenador interino Pablo Cabanillas. El plantel est\u00e1 completo a excepci\u00f3n de los afectados a la Selecci\u00f3n Boliviana de F\u00fatbol y de Michael Ortega. Asimismo, el mediocampista colombiano Carlos Robles, quien [&hellip;]","og_url":"https:\/\/www.eldiario.net\/portal\/2023\/06\/15\/the-strongest-reanudo-practicas-con-cuerpo-tecnico-interino\/","og_site_name":"El Diario - Bolivia","article_publisher":"https:\/\/www.facebook.com\/eldiario.bolivia\/","article_published_time":"2023-06-15T10:32:18+00:00","og_image":[{"width":2560,"height":2560,"url":"https:\/\/www.eldiario.net\/portal\/wp-content\/uploads\/2023\/06\/The-Strongest-14-scaled-1.jpg","type":"image\/jpeg"}],"author":"Jeanette","twitter_card":"summary_large_image","twitter_creator":"@eldiario_net","twitter_site":"@eldiario_net","twitter_misc":{"Escrito por":"Jeanette","Tiempo de lectura":"2 minutos"},"schema":{"@context":"https:\/\/schema.org","@graph":[{"@type":"Article","@id":"https:\/\/www.eldiario.net\/portal\/2023\/06\/15\/the-strongest-reanudo-practicas-con-cuerpo-tecnico-interino\/#article","isPartOf":{"@id":"https:\/\/www.eldiario.net\/portal\/2023\/06\/15\/the-strongest-reanudo-practicas-con-cuerpo-tecnico-interino\/"},"author":{"name":"Jeanette","@id":"https:\/\/www.eldiario.net\/portal\/#\/schema\/person\/f46445640444750d7d753ccd04ae01b7"},"headline":"The Strongest reanud\u00f3 pr\u00e1cticas con cuerpo t\u00e9cnico interino","datePublished":"2023-06-15T10:32:18+00:00","mainEntityOfPage":{"@id":"https:\/\/www.eldiario.net\/portal\/2023\/06\/15\/the-strongest-reanudo-practicas-con-cuerpo-tecnico-interino\/"},"wordCount":351,"publisher":{"@id":"https:\/\/www.eldiario.net\/portal\/#organization"},"image":{"@id":"https:\/\/www.eldiario.net\/portal\/2023\/06\/15\/the-strongest-reanudo-practicas-con-cuerpo-tecnico-interino\/#primaryimage"},"thumbnailUrl":"https:\/\/www.eldiario.net\/portal\/wp-content\/uploads\/2023\/06\/The-Strongest-14-scaled-1.jpg","articleSection":["Deportes"],"inLanguage":"es"},{"@type":"WebPage","@id":"https:\/\/www.eldiario.net\/portal\/2023\/06\/15\/the-strongest-reanudo-practicas-con-cuerpo-tecnico-interino\/","url":"https:\/\/www.eldiario.net\/portal\/2023\/06\/15\/the-strongest-reanudo-practicas-con-cuerpo-tecnico-interino\/","name":"The Strongest reanud\u00f3 pr\u00e1cticas con cuerpo t\u00e9cnico interino - El Diario - Bolivia","isPartOf":{"@id":"https:\/\/www.eldiario.net\/portal\/#website"},"primaryImageOfPage":{"@id":"https:\/\/www.eldiario.net\/portal\/2023\/06\/15\/the-strongest-reanudo-practicas-con-cuerpo-tecnico-interino\/#primaryimage"},"image":{"@id":"https:\/\/www.eldiario.net\/portal\/2023\/06\/15\/the-strongest-reanudo-practicas-con-cuerpo-tecnico-interino\/#primaryimage"},"thumbnailUrl":"https:\/\/www.eldiario.net\/portal\/wp-content\/uploads\/2023\/06\/The-Strongest-14-scaled-1.jpg","datePublished":"2023-06-15T10:32:18+00:00","breadcrumb":{"@id":"https:\/\/www.eldiario.net\/portal\/2023\/06\/15\/the-strongest-reanudo-practicas-con-cuerpo-tecnico-interino\/#breadcrumb"},"inLanguage":"es","potentialAction":[{"@type":"ReadAction","target":["https:\/\/www.eldiario.net\/portal\/2023\/06\/15\/the-strongest-reanudo-practicas-con-cuerpo-tecnico-interino\/"]}]},{"@type":"ImageObject","inLanguage":"es","@id":"https:\/\/www.eldiario.net\/portal\/2023\/06\/15\/the-strongest-reanudo-practicas-con-cuerpo-tecnico-interino\/#primaryimage","url":"https:\/\/www.eldiario.net\/portal\/wp-content\/uploads\/2023\/06\/The-Strongest-14-scaled-1.jpg","contentUrl":"https:\/\/www.eldiario.net\/portal\/wp-content\/uploads\/2023\/06\/The-Strongest-14-scaled-1.jpg","width":2560,"height":2560},{"@type":"BreadcrumbList","@id":"https:\/\/www.eldiario.net\/portal\/2023\/06\/15\/the-strongest-reanudo-practicas-con-cuerpo-tecnico-interino\/#breadcrumb","itemListElement":[{"@type":"ListItem","position":1,"name":"Portada","item":"https:\/\/www.eldiario.net\/portal\/"},{"@type":"ListItem","position":2,"name":"The Strongest reanud\u00f3 pr\u00e1cticas con cuerpo t\u00e9cnico interino"}]},{"@type":"WebSite","@id":"https:\/\/www.eldiario.net\/portal\/#website","url":"https:\/\/www.eldiario.net\/portal\/","name":"El Diario - Decano de la prensa nacional","description":"El Diario - Decano de la prensa nacional","publisher":{"@id":"https:\/\/www.eldiario.net\/portal\/#organization"},"potentialAction":[{"@type":"SearchAction","target":{"@type":"EntryPoint","urlTemplate":"https:\/\/www.eldiario.net\/portal\/?s={search_term_string}"},"query-input":{"@type":"PropertyValueSpecification","valueRequired":true,"valueName":"search_term_string"}}],"inLanguage":"es"},{"@type":"Organization","@id":"https:\/\/www.eldiario.net\/portal\/#organization","name":"El Diario - Decano de la prensa nacional","url":"https:\/\/www.eldiario.net\/portal\/","logo":{"@type":"ImageObject","inLanguage":"es","@id":"https:\/\/www.eldiario.net\/portal\/#\/schema\/logo\/image\/","url":"https:\/\/www.eldiario.net\/portal\/wp-content\/uploads\/2023\/07\/logo_ED.jpg","contentUrl":"https:\/\/www.eldiario.net\/portal\/wp-content\/uploads\/2023\/07\/logo_ED.jpg","width":272,"height":52,"caption":"El Diario - Decano de la prensa nacional"},"image":{"@id":"https:\/\/www.eldiario.net\/portal\/#\/schema\/logo\/image\/"},"sameAs":["https:\/\/www.facebook.com\/eldiario.bolivia\/","https:\/\/x.com\/eldiario_net"]},{"@type":"Person","@id":"https:\/\/www.eldiario.net\/portal\/#\/schema\/person\/f46445640444750d7d753ccd04ae01b7","name":"Jeanette","image":{"@type":"ImageObject","inLanguage":"es","@id":"https:\/\/secure.gravatar.com\/avatar\/3ea2118a5f7dad2b7138b1187a6b7ee55f160b9968b66013c3a3ef39dd7e5798?s=96&d=mm&r=g","url":"https:\/\/secure.gravatar.com\/avatar\/3ea2118a5f7dad2b7138b1187a6b7ee55f160b9968b66013c3a3ef39dd7e5798?s=96&d=mm&r=g","contentUrl":"https:\/\/secure.gravatar.com\/avatar\/3ea2118a5f7dad2b7138b1187a6b7ee55f160b9968b66013c3a3ef39dd7e5798?s=96&d=mm&r=g","caption":"Jeanette"},"sameAs":["https:\/\/www.eldiario.net\/portal"],"url":"https:\/\/www.eldiario.net\/portal\/author\/jeanette\/"}]}},"_links":{"self":[{"href":"https:\/\/www.eldiario.net\/portal\/wp-json\/wp\/v2\/posts\/160136","targetHints":{"allow":["GET"]}}],"collection":[{"href":"https:\/\/www.eldiario.net\/portal\/wp-json\/wp\/v2\/posts"}],"about":[{"href":"https:\/\/www.eldiario.net\/portal\/wp-json\/wp\/v2\/types\/post"}],"author":[{"embeddable":true,"href":"https:\/\/www.eldiario.net\/portal\/wp-json\/wp\/v2\/users\/1"}],"replies":[{"embeddable":true,"href":"https:\/\/www.eldiario.net\/portal\/wp-json\/wp\/v2\/comments?post=160136"}],"version-history":[{"count":0,"href":"https:\/\/www.eldiario.net\/portal\/wp-json\/wp\/v2\/posts\/160136\/revisions"}],"wp:featuredmedia":[{"embeddable":true,"href":"https:\/\/www.eldiario.net\/portal\/wp-json\/wp\/v2\/media\/160137"}],"wp:attachment":[{"href":"https:\/\/www.eldiario.net\/portal\/wp-json\/wp\/v2\/media?parent=160136"}],"wp:term":[{"taxonomy":"category","embeddable":true,"href":"https:\/\/www.eldiario.net\/portal\/wp-json\/wp\/v2\/categories?post=160136"},{"taxonomy":"post_tag","embeddable":true,"href":"https:\/\/www.eldiario.net\/portal\/wp-json\/wp\/v2\/tags?post=160136"}],"curies":[{"name":"wp","href":"https:\/\/api.w.org\/{rel}","templated":true}]}}