{"id":160133,"date":"2023-06-15T06:31:20","date_gmt":"2023-06-15T10:31:20","guid":{"rendered":"https:\/\/www.eldiario.net\/portal\/?p=160133"},"modified":"2023-06-15T06:31:20","modified_gmt":"2023-06-15T10:31:20","slug":"la-plataforma-futbol-bo-esta-habilitada-para-que-ver-los-partidos-amistosos-de-la-seleccion","status":"publish","type":"post","link":"https:\/\/www.eldiario.net\/portal\/2023\/06\/15\/la-plataforma-futbol-bo-esta-habilitada-para-que-ver-los-partidos-amistosos-de-la-seleccion\/","title":{"rendered":"La plataforma futbol.bo est\u00e1 habilitada para ver los partidos amistosos de la Selecci\u00f3n"},"content":{"rendered":"<p>SANTA CRUZ.- El presidente de la Federaci\u00f3n Boliviana de F\u00fatbol, Fernando Costa, confirm\u00f3 hoy que los amistosos contra Ecuador (17 de junio, 19:00 HB) y Chile (20 de junio, 20:00), ser\u00e1n transmitidos por la plataforma digital futbol.bo, cuyos boletos virtuales ya est\u00e1n a disposici\u00f3n manteniendo el precio de marzo: 30 bolivianos por cotejo y un combo de 50 si adquiere los dos.<\/p>\n<p>Asimismo, tras superar las auditorias de la FIFA, de la CONMEBOL y de la FBF, indic\u00f3 que en los siguientes d\u00edas se podr\u00e1 conocer el nombre de la empresa que construir\u00e1 la Casa de la Verde en la zona de Alto Achumani, en La Paz, y proyecta que para diciembre habr\u00e1 un campo de juego para que la Selecci\u00f3n Nacional pueda entrenar.<\/p>\n<p>\u201cHemos superado las tres auditorias, ha sido un proceso largo, pero al fin, la empresa internacional a cargo de la licitaci\u00f3n nos dir\u00e1 cu\u00e1l es la empresa que se encargar\u00e1 de la construcci\u00f3n. Para diciembre esperamos contar con una cancha principal, donde podamos hacer los entrenamientos\u201d, indic\u00f3 Costa.<\/p>\n<p>Este tema volvi\u00f3 a ocupar primera l\u00ednea, luego de que el seleccionador de la Absoluta, Gustavo Costas, manifestar\u00e1 su molestia por la falta de escenarios deportivos exclusivos para el trabajo del \u201cEquipo de Todos\u201d.<\/p>\n<p>Las cr\u00edticas que dio Costas, al nivel futbol\u00edstico y a la infraestructura del f\u00fatbol boliviano, fueron tomadas como propositivas por el mandam\u00e1s de la FBF, pero sostendr\u00e1 una reuni\u00f3n con el cuerpo t\u00e9cnico a la conclusi\u00f3n de la fecha FIFA con el prop\u00f3sito de \u201cescuchar sugerencias, aportes para la mejora del f\u00fatbol boliviano\u201d.<\/p>\n<p>El seleccionado se encuentra en Estados Unidos para cumplir el amistoso frente a Ecuador. Costa viajar\u00e1 este jueves hasta ese pa\u00eds para acompa\u00f1ar al equipo.(APG)<\/p>\n","protected":false},"excerpt":{"rendered":"<p>SANTA CRUZ.- El presidente de la Federaci\u00f3n Boliviana de F\u00fatbol, Fernando Costa, confirm\u00f3 hoy que los amistosos contra Ecuador (17 de junio, 19:00 HB) y Chile (20 de junio, 20:00), ser\u00e1n transmitidos por la plataforma digital futbol.bo, cuyos boletos virtuales ya est\u00e1n a disposici\u00f3n manteniendo el precio de marzo: 30 bolivianos por cotejo y un [&hellip;]<\/p>\n","protected":false},"author":1,"featured_media":160134,"comment_status":"closed","ping_status":"closed","sticky":false,"template":"","format":"standard","meta":{"_acf_changed":false,"footnotes":""},"categories":[6],"tags":[],"class_list":["post-160133","post","type-post","status-publish","format-standard","has-post-thumbnail","category-deportes"],"acf":{"antetitulo":""},"yoast_head":"<!-- This site is optimized with the Yoast SEO plugin v28.3 - https:\/\/yoast.com\/product\/yoast-seo-wordpress\/ -->\n<title>La plataforma futbol.bo est\u00e1 habilitada para ver los partidos amistosos de la Selecci\u00f3n - El Diario - Bolivia<\/title>\n<meta name=\"robots\" content=\"index, follow, max-snippet:-1, max-image-preview:large, max-video-preview:-1\" \/>\n<link rel=\"canonical\" href=\"https:\/\/www.eldiario.net\/portal\/2023\/06\/15\/la-plataforma-futbol-bo-esta-habilitada-para-que-ver-los-partidos-amistosos-de-la-seleccion\/\" \/>\n<meta property=\"og:locale\" content=\"es_ES\" \/>\n<meta property=\"og:type\" content=\"article\" \/>\n<meta property=\"og:title\" content=\"La plataforma futbol.bo est\u00e1 habilitada para ver los partidos amistosos de la Selecci\u00f3n - El Diario - Bolivia\" \/>\n<meta property=\"og:description\" content=\"SANTA CRUZ.- El presidente de la Federaci\u00f3n Boliviana de F\u00fatbol, Fernando Costa, confirm\u00f3 hoy que los amistosos contra Ecuador (17 de junio, 19:00 HB) y Chile (20 de junio, 20:00), ser\u00e1n transmitidos por la plataforma digital futbol.bo, cuyos boletos virtuales ya est\u00e1n a disposici\u00f3n manteniendo el precio de marzo: 30 bolivianos por cotejo y un [&hellip;]\" \/>\n<meta property=\"og:url\" content=\"https:\/\/www.eldiario.net\/portal\/2023\/06\/15\/la-plataforma-futbol-bo-esta-habilitada-para-que-ver-los-partidos-amistosos-de-la-seleccion\/\" \/>\n<meta property=\"og:site_name\" content=\"El Diario - Bolivia\" \/>\n<meta property=\"article:publisher\" content=\"https:\/\/www.facebook.com\/eldiario.bolivia\/\" \/>\n<meta property=\"article:published_time\" content=\"2023-06-15T10:31:20+00:00\" \/>\n<meta property=\"og:image\" content=\"https:\/\/www.eldiario.net\/portal\/wp-content\/uploads\/2023\/06\/Seleccion-14.jpg\" \/>\n\t<meta property=\"og:image:width\" content=\"807\" \/>\n\t<meta property=\"og:image:height\" content=\"424\" \/>\n\t<meta property=\"og:image:type\" content=\"image\/jpeg\" \/>\n<meta name=\"author\" content=\"Jeanette\" \/>\n<meta name=\"twitter:card\" content=\"summary_large_image\" \/>\n<meta name=\"twitter:creator\" content=\"@eldiario_net\" \/>\n<meta name=\"twitter:site\" content=\"@eldiario_net\" \/>\n<meta name=\"twitter:label1\" content=\"Escrito por\" \/>\n\t<meta name=\"twitter:data1\" content=\"Jeanette\" \/>\n\t<meta name=\"twitter:label2\" content=\"Tiempo de lectura\" \/>\n\t<meta name=\"twitter:data2\" content=\"2 minutos\" \/>\n<script type=\"application\/ld+json\" class=\"yoast-schema-graph\">{\"@context\":\"https:\\\/\\\/schema.org\",\"@graph\":[{\"@type\":\"Article\",\"@id\":\"https:\\\/\\\/www.eldiario.net\\\/portal\\\/2023\\\/06\\\/15\\\/la-plataforma-futbol-bo-esta-habilitada-para-que-ver-los-partidos-amistosos-de-la-seleccion\\\/#article\",\"isPartOf\":{\"@id\":\"https:\\\/\\\/www.eldiario.net\\\/portal\\\/2023\\\/06\\\/15\\\/la-plataforma-futbol-bo-esta-habilitada-para-que-ver-los-partidos-amistosos-de-la-seleccion\\\/\"},\"author\":{\"name\":\"Jeanette\",\"@id\":\"https:\\\/\\\/www.eldiario.net\\\/portal\\\/#\\\/schema\\\/person\\\/f46445640444750d7d753ccd04ae01b7\"},\"headline\":\"La plataforma futbol.bo est\u00e1 habilitada para ver los partidos amistosos de la Selecci\u00f3n\",\"datePublished\":\"2023-06-15T10:31:20+00:00\",\"mainEntityOfPage\":{\"@id\":\"https:\\\/\\\/www.eldiario.net\\\/portal\\\/2023\\\/06\\\/15\\\/la-plataforma-futbol-bo-esta-habilitada-para-que-ver-los-partidos-amistosos-de-la-seleccion\\\/\"},\"wordCount\":318,\"publisher\":{\"@id\":\"https:\\\/\\\/www.eldiario.net\\\/portal\\\/#organization\"},\"image\":{\"@id\":\"https:\\\/\\\/www.eldiario.net\\\/portal\\\/2023\\\/06\\\/15\\\/la-plataforma-futbol-bo-esta-habilitada-para-que-ver-los-partidos-amistosos-de-la-seleccion\\\/#primaryimage\"},\"thumbnailUrl\":\"https:\\\/\\\/www.eldiario.net\\\/portal\\\/wp-content\\\/uploads\\\/2023\\\/06\\\/Seleccion-14.jpg\",\"articleSection\":[\"Deportes\"],\"inLanguage\":\"es\"},{\"@type\":\"WebPage\",\"@id\":\"https:\\\/\\\/www.eldiario.net\\\/portal\\\/2023\\\/06\\\/15\\\/la-plataforma-futbol-bo-esta-habilitada-para-que-ver-los-partidos-amistosos-de-la-seleccion\\\/\",\"url\":\"https:\\\/\\\/www.eldiario.net\\\/portal\\\/2023\\\/06\\\/15\\\/la-plataforma-futbol-bo-esta-habilitada-para-que-ver-los-partidos-amistosos-de-la-seleccion\\\/\",\"name\":\"La plataforma futbol.bo est\u00e1 habilitada para ver los partidos amistosos de la Selecci\u00f3n - El Diario - Bolivia\",\"isPartOf\":{\"@id\":\"https:\\\/\\\/www.eldiario.net\\\/portal\\\/#website\"},\"primaryImageOfPage\":{\"@id\":\"https:\\\/\\\/www.eldiario.net\\\/portal\\\/2023\\\/06\\\/15\\\/la-plataforma-futbol-bo-esta-habilitada-para-que-ver-los-partidos-amistosos-de-la-seleccion\\\/#primaryimage\"},\"image\":{\"@id\":\"https:\\\/\\\/www.eldiario.net\\\/portal\\\/2023\\\/06\\\/15\\\/la-plataforma-futbol-bo-esta-habilitada-para-que-ver-los-partidos-amistosos-de-la-seleccion\\\/#primaryimage\"},\"thumbnailUrl\":\"https:\\\/\\\/www.eldiario.net\\\/portal\\\/wp-content\\\/uploads\\\/2023\\\/06\\\/Seleccion-14.jpg\",\"datePublished\":\"2023-06-15T10:31:20+00:00\",\"breadcrumb\":{\"@id\":\"https:\\\/\\\/www.eldiario.net\\\/portal\\\/2023\\\/06\\\/15\\\/la-plataforma-futbol-bo-esta-habilitada-para-que-ver-los-partidos-amistosos-de-la-seleccion\\\/#breadcrumb\"},\"inLanguage\":\"es\",\"potentialAction\":[{\"@type\":\"ReadAction\",\"target\":[\"https:\\\/\\\/www.eldiario.net\\\/portal\\\/2023\\\/06\\\/15\\\/la-plataforma-futbol-bo-esta-habilitada-para-que-ver-los-partidos-amistosos-de-la-seleccion\\\/\"]}]},{\"@type\":\"ImageObject\",\"inLanguage\":\"es\",\"@id\":\"https:\\\/\\\/www.eldiario.net\\\/portal\\\/2023\\\/06\\\/15\\\/la-plataforma-futbol-bo-esta-habilitada-para-que-ver-los-partidos-amistosos-de-la-seleccion\\\/#primaryimage\",\"url\":\"https:\\\/\\\/www.eldiario.net\\\/portal\\\/wp-content\\\/uploads\\\/2023\\\/06\\\/Seleccion-14.jpg\",\"contentUrl\":\"https:\\\/\\\/www.eldiario.net\\\/portal\\\/wp-content\\\/uploads\\\/2023\\\/06\\\/Seleccion-14.jpg\",\"width\":807,\"height\":424},{\"@type\":\"BreadcrumbList\",\"@id\":\"https:\\\/\\\/www.eldiario.net\\\/portal\\\/2023\\\/06\\\/15\\\/la-plataforma-futbol-bo-esta-habilitada-para-que-ver-los-partidos-amistosos-de-la-seleccion\\\/#breadcrumb\",\"itemListElement\":[{\"@type\":\"ListItem\",\"position\":1,\"name\":\"Portada\",\"item\":\"https:\\\/\\\/www.eldiario.net\\\/portal\\\/\"},{\"@type\":\"ListItem\",\"position\":2,\"name\":\"La plataforma futbol.bo est\u00e1 habilitada para ver los partidos amistosos de la Selecci\u00f3n\"}]},{\"@type\":\"WebSite\",\"@id\":\"https:\\\/\\\/www.eldiario.net\\\/portal\\\/#website\",\"url\":\"https:\\\/\\\/www.eldiario.net\\\/portal\\\/\",\"name\":\"El Diario - Decano de la prensa nacional\",\"description\":\"El Diario - Decano de la prensa nacional\",\"publisher\":{\"@id\":\"https:\\\/\\\/www.eldiario.net\\\/portal\\\/#organization\"},\"potentialAction\":[{\"@type\":\"SearchAction\",\"target\":{\"@type\":\"EntryPoint\",\"urlTemplate\":\"https:\\\/\\\/www.eldiario.net\\\/portal\\\/?s={search_term_string}\"},\"query-input\":{\"@type\":\"PropertyValueSpecification\",\"valueRequired\":true,\"valueName\":\"search_term_string\"}}],\"inLanguage\":\"es\"},{\"@type\":\"Organization\",\"@id\":\"https:\\\/\\\/www.eldiario.net\\\/portal\\\/#organization\",\"name\":\"El Diario - Decano de la prensa nacional\",\"url\":\"https:\\\/\\\/www.eldiario.net\\\/portal\\\/\",\"logo\":{\"@type\":\"ImageObject\",\"inLanguage\":\"es\",\"@id\":\"https:\\\/\\\/www.eldiario.net\\\/portal\\\/#\\\/schema\\\/logo\\\/image\\\/\",\"url\":\"https:\\\/\\\/www.eldiario.net\\\/portal\\\/wp-content\\\/uploads\\\/2023\\\/07\\\/logo_ED.jpg\",\"contentUrl\":\"https:\\\/\\\/www.eldiario.net\\\/portal\\\/wp-content\\\/uploads\\\/2023\\\/07\\\/logo_ED.jpg\",\"width\":272,\"height\":52,\"caption\":\"El Diario - Decano de la prensa nacional\"},\"image\":{\"@id\":\"https:\\\/\\\/www.eldiario.net\\\/portal\\\/#\\\/schema\\\/logo\\\/image\\\/\"},\"sameAs\":[\"https:\\\/\\\/www.facebook.com\\\/eldiario.bolivia\\\/\",\"https:\\\/\\\/x.com\\\/eldiario_net\"]},{\"@type\":\"Person\",\"@id\":\"https:\\\/\\\/www.eldiario.net\\\/portal\\\/#\\\/schema\\\/person\\\/f46445640444750d7d753ccd04ae01b7\",\"name\":\"Jeanette\",\"image\":{\"@type\":\"ImageObject\",\"inLanguage\":\"es\",\"@id\":\"https:\\\/\\\/secure.gravatar.com\\\/avatar\\\/3ea2118a5f7dad2b7138b1187a6b7ee55f160b9968b66013c3a3ef39dd7e5798?s=96&d=mm&r=g\",\"url\":\"https:\\\/\\\/secure.gravatar.com\\\/avatar\\\/3ea2118a5f7dad2b7138b1187a6b7ee55f160b9968b66013c3a3ef39dd7e5798?s=96&d=mm&r=g\",\"contentUrl\":\"https:\\\/\\\/secure.gravatar.com\\\/avatar\\\/3ea2118a5f7dad2b7138b1187a6b7ee55f160b9968b66013c3a3ef39dd7e5798?s=96&d=mm&r=g\",\"caption\":\"Jeanette\"},\"sameAs\":[\"https:\\\/\\\/www.eldiario.net\\\/portal\"],\"url\":\"https:\\\/\\\/www.eldiario.net\\\/portal\\\/author\\\/jeanette\\\/\"}]}<\/script>\n<!-- \/ Yoast SEO plugin. -->","yoast_head_json":{"title":"La plataforma futbol.bo est\u00e1 habilitada para ver los partidos amistosos de la Selecci\u00f3n - El Diario - Bolivia","robots":{"index":"index","follow":"follow","max-snippet":"max-snippet:-1","max-image-preview":"max-image-preview:large","max-video-preview":"max-video-preview:-1"},"canonical":"https:\/\/www.eldiario.net\/portal\/2023\/06\/15\/la-plataforma-futbol-bo-esta-habilitada-para-que-ver-los-partidos-amistosos-de-la-seleccion\/","og_locale":"es_ES","og_type":"article","og_title":"La plataforma futbol.bo est\u00e1 habilitada para ver los partidos amistosos de la Selecci\u00f3n - El Diario - Bolivia","og_description":"SANTA CRUZ.- El presidente de la Federaci\u00f3n Boliviana de F\u00fatbol, Fernando Costa, confirm\u00f3 hoy que los amistosos contra Ecuador (17 de junio, 19:00 HB) y Chile (20 de junio, 20:00), ser\u00e1n transmitidos por la plataforma digital futbol.bo, cuyos boletos virtuales ya est\u00e1n a disposici\u00f3n manteniendo el precio de marzo: 30 bolivianos por cotejo y un [&hellip;]","og_url":"https:\/\/www.eldiario.net\/portal\/2023\/06\/15\/la-plataforma-futbol-bo-esta-habilitada-para-que-ver-los-partidos-amistosos-de-la-seleccion\/","og_site_name":"El Diario - Bolivia","article_publisher":"https:\/\/www.facebook.com\/eldiario.bolivia\/","article_published_time":"2023-06-15T10:31:20+00:00","og_image":[{"width":807,"height":424,"url":"https:\/\/www.eldiario.net\/portal\/wp-content\/uploads\/2023\/06\/Seleccion-14.jpg","type":"image\/jpeg"}],"author":"Jeanette","twitter_card":"summary_large_image","twitter_creator":"@eldiario_net","twitter_site":"@eldiario_net","twitter_misc":{"Escrito por":"Jeanette","Tiempo de lectura":"2 minutos"},"schema":{"@context":"https:\/\/schema.org","@graph":[{"@type":"Article","@id":"https:\/\/www.eldiario.net\/portal\/2023\/06\/15\/la-plataforma-futbol-bo-esta-habilitada-para-que-ver-los-partidos-amistosos-de-la-seleccion\/#article","isPartOf":{"@id":"https:\/\/www.eldiario.net\/portal\/2023\/06\/15\/la-plataforma-futbol-bo-esta-habilitada-para-que-ver-los-partidos-amistosos-de-la-seleccion\/"},"author":{"name":"Jeanette","@id":"https:\/\/www.eldiario.net\/portal\/#\/schema\/person\/f46445640444750d7d753ccd04ae01b7"},"headline":"La plataforma futbol.bo est\u00e1 habilitada para ver los partidos amistosos de la Selecci\u00f3n","datePublished":"2023-06-15T10:31:20+00:00","mainEntityOfPage":{"@id":"https:\/\/www.eldiario.net\/portal\/2023\/06\/15\/la-plataforma-futbol-bo-esta-habilitada-para-que-ver-los-partidos-amistosos-de-la-seleccion\/"},"wordCount":318,"publisher":{"@id":"https:\/\/www.eldiario.net\/portal\/#organization"},"image":{"@id":"https:\/\/www.eldiario.net\/portal\/2023\/06\/15\/la-plataforma-futbol-bo-esta-habilitada-para-que-ver-los-partidos-amistosos-de-la-seleccion\/#primaryimage"},"thumbnailUrl":"https:\/\/www.eldiario.net\/portal\/wp-content\/uploads\/2023\/06\/Seleccion-14.jpg","articleSection":["Deportes"],"inLanguage":"es"},{"@type":"WebPage","@id":"https:\/\/www.eldiario.net\/portal\/2023\/06\/15\/la-plataforma-futbol-bo-esta-habilitada-para-que-ver-los-partidos-amistosos-de-la-seleccion\/","url":"https:\/\/www.eldiario.net\/portal\/2023\/06\/15\/la-plataforma-futbol-bo-esta-habilitada-para-que-ver-los-partidos-amistosos-de-la-seleccion\/","name":"La plataforma futbol.bo est\u00e1 habilitada para ver los partidos amistosos de la Selecci\u00f3n - El Diario - Bolivia","isPartOf":{"@id":"https:\/\/www.eldiario.net\/portal\/#website"},"primaryImageOfPage":{"@id":"https:\/\/www.eldiario.net\/portal\/2023\/06\/15\/la-plataforma-futbol-bo-esta-habilitada-para-que-ver-los-partidos-amistosos-de-la-seleccion\/#primaryimage"},"image":{"@id":"https:\/\/www.eldiario.net\/portal\/2023\/06\/15\/la-plataforma-futbol-bo-esta-habilitada-para-que-ver-los-partidos-amistosos-de-la-seleccion\/#primaryimage"},"thumbnailUrl":"https:\/\/www.eldiario.net\/portal\/wp-content\/uploads\/2023\/06\/Seleccion-14.jpg","datePublished":"2023-06-15T10:31:20+00:00","breadcrumb":{"@id":"https:\/\/www.eldiario.net\/portal\/2023\/06\/15\/la-plataforma-futbol-bo-esta-habilitada-para-que-ver-los-partidos-amistosos-de-la-seleccion\/#breadcrumb"},"inLanguage":"es","potentialAction":[{"@type":"ReadAction","target":["https:\/\/www.eldiario.net\/portal\/2023\/06\/15\/la-plataforma-futbol-bo-esta-habilitada-para-que-ver-los-partidos-amistosos-de-la-seleccion\/"]}]},{"@type":"ImageObject","inLanguage":"es","@id":"https:\/\/www.eldiario.net\/portal\/2023\/06\/15\/la-plataforma-futbol-bo-esta-habilitada-para-que-ver-los-partidos-amistosos-de-la-seleccion\/#primaryimage","url":"https:\/\/www.eldiario.net\/portal\/wp-content\/uploads\/2023\/06\/Seleccion-14.jpg","contentUrl":"https:\/\/www.eldiario.net\/portal\/wp-content\/uploads\/2023\/06\/Seleccion-14.jpg","width":807,"height":424},{"@type":"BreadcrumbList","@id":"https:\/\/www.eldiario.net\/portal\/2023\/06\/15\/la-plataforma-futbol-bo-esta-habilitada-para-que-ver-los-partidos-amistosos-de-la-seleccion\/#breadcrumb","itemListElement":[{"@type":"ListItem","position":1,"name":"Portada","item":"https:\/\/www.eldiario.net\/portal\/"},{"@type":"ListItem","position":2,"name":"La plataforma futbol.bo est\u00e1 habilitada para ver los partidos amistosos de la Selecci\u00f3n"}]},{"@type":"WebSite","@id":"https:\/\/www.eldiario.net\/portal\/#website","url":"https:\/\/www.eldiario.net\/portal\/","name":"El Diario - Decano de la prensa nacional","description":"El Diario - Decano de la prensa nacional","publisher":{"@id":"https:\/\/www.eldiario.net\/portal\/#organization"},"potentialAction":[{"@type":"SearchAction","target":{"@type":"EntryPoint","urlTemplate":"https:\/\/www.eldiario.net\/portal\/?s={search_term_string}"},"query-input":{"@type":"PropertyValueSpecification","valueRequired":true,"valueName":"search_term_string"}}],"inLanguage":"es"},{"@type":"Organization","@id":"https:\/\/www.eldiario.net\/portal\/#organization","name":"El Diario - Decano de la prensa nacional","url":"https:\/\/www.eldiario.net\/portal\/","logo":{"@type":"ImageObject","inLanguage":"es","@id":"https:\/\/www.eldiario.net\/portal\/#\/schema\/logo\/image\/","url":"https:\/\/www.eldiario.net\/portal\/wp-content\/uploads\/2023\/07\/logo_ED.jpg","contentUrl":"https:\/\/www.eldiario.net\/portal\/wp-content\/uploads\/2023\/07\/logo_ED.jpg","width":272,"height":52,"caption":"El Diario - Decano de la prensa nacional"},"image":{"@id":"https:\/\/www.eldiario.net\/portal\/#\/schema\/logo\/image\/"},"sameAs":["https:\/\/www.facebook.com\/eldiario.bolivia\/","https:\/\/x.com\/eldiario_net"]},{"@type":"Person","@id":"https:\/\/www.eldiario.net\/portal\/#\/schema\/person\/f46445640444750d7d753ccd04ae01b7","name":"Jeanette","image":{"@type":"ImageObject","inLanguage":"es","@id":"https:\/\/secure.gravatar.com\/avatar\/3ea2118a5f7dad2b7138b1187a6b7ee55f160b9968b66013c3a3ef39dd7e5798?s=96&d=mm&r=g","url":"https:\/\/secure.gravatar.com\/avatar\/3ea2118a5f7dad2b7138b1187a6b7ee55f160b9968b66013c3a3ef39dd7e5798?s=96&d=mm&r=g","contentUrl":"https:\/\/secure.gravatar.com\/avatar\/3ea2118a5f7dad2b7138b1187a6b7ee55f160b9968b66013c3a3ef39dd7e5798?s=96&d=mm&r=g","caption":"Jeanette"},"sameAs":["https:\/\/www.eldiario.net\/portal"],"url":"https:\/\/www.eldiario.net\/portal\/author\/jeanette\/"}]}},"_links":{"self":[{"href":"https:\/\/www.eldiario.net\/portal\/wp-json\/wp\/v2\/posts\/160133","targetHints":{"allow":["GET"]}}],"collection":[{"href":"https:\/\/www.eldiario.net\/portal\/wp-json\/wp\/v2\/posts"}],"about":[{"href":"https:\/\/www.eldiario.net\/portal\/wp-json\/wp\/v2\/types\/post"}],"author":[{"embeddable":true,"href":"https:\/\/www.eldiario.net\/portal\/wp-json\/wp\/v2\/users\/1"}],"replies":[{"embeddable":true,"href":"https:\/\/www.eldiario.net\/portal\/wp-json\/wp\/v2\/comments?post=160133"}],"version-history":[{"count":0,"href":"https:\/\/www.eldiario.net\/portal\/wp-json\/wp\/v2\/posts\/160133\/revisions"}],"wp:featuredmedia":[{"embeddable":true,"href":"https:\/\/www.eldiario.net\/portal\/wp-json\/wp\/v2\/media\/160134"}],"wp:attachment":[{"href":"https:\/\/www.eldiario.net\/portal\/wp-json\/wp\/v2\/media?parent=160133"}],"wp:term":[{"taxonomy":"category","embeddable":true,"href":"https:\/\/www.eldiario.net\/portal\/wp-json\/wp\/v2\/categories?post=160133"},{"taxonomy":"post_tag","embeddable":true,"href":"https:\/\/www.eldiario.net\/portal\/wp-json\/wp\/v2\/tags?post=160133"}],"curies":[{"name":"wp","href":"https:\/\/api.w.org\/{rel}","templated":true}]}}