{"id":160130,"date":"2023-06-15T06:30:13","date_gmt":"2023-06-15T10:30:13","guid":{"rendered":"https:\/\/www.eldiario.net\/portal\/?p=160130"},"modified":"2023-06-15T06:30:13","modified_gmt":"2023-06-15T10:30:13","slug":"contundente-respaldo-de-mbappe-a-messi-tras-su-salida-del-psg","status":"publish","type":"post","link":"https:\/\/www.eldiario.net\/portal\/2023\/06\/15\/contundente-respaldo-de-mbappe-a-messi-tras-su-salida-del-psg\/","title":{"rendered":"Contundente respaldo de Mbapp\u00e9 a Messi tras su salida del PSG"},"content":{"rendered":"<p>Durante las dos temporadas que Lionel Messi jug\u00f3 en el Par\u00eds Saint-Germain (PSG) y comparti\u00f3 el equipo con Kylian Mbapp\u00e9, se tejieron versiones sobre internas, egos y celos del franc\u00e9s hacia el argentino. En la segunda temporada esta alta sociedad mostr\u00f3 su mejor versi\u00f3n y ech\u00f3 por tierra cualquier tipo de especulaci\u00f3n sobre una supuesta mala relaci\u00f3n entre sus componentes. Este martes el artillero galo fue contundente con una frase a favor del mejor futbolista del mundo.<\/p>\n<p>Al ser consultado sobre la salida de Messi del PSG, no solo elogi\u00f3 al capit\u00e1n de la selecci\u00f3n argentina campeona del mundo en Qatar, sino que tambi\u00e9n tir\u00f3 una bomba hacia el \u00e1mbito interno del club con el dato de que Mbapp\u00e9 tiene v\u00ednculo vigente por otra temporada en la entidad parisina. Sus palabras pueden llegar a comprometerlo con la afici\u00f3n parisina.<\/p>\n<p>\u201c\u00bfMessi? Estamos hablando de potencialmente el mejor jugador de la historia del f\u00fatbol. Nunca es una buena noticia cuando alguien como Messi se va\u201d, respondi\u00f3 Mbapp\u00e9 en una entrevista con La Gazzeta dello Sport. \u201cLas malas noticias ahora hay que sustituirlas\u201d, agreg\u00f3.<\/p>\n<p>Pero luego dispar\u00f3 munici\u00f3n gruesa en contra de los hinchas que silbaron a Messi en algunos partidos, en especial luego de la eliminaci\u00f3n en los octavos de final de la Champions League ante el Bayern M\u00fanich. \u201cNo entiendo muy bien por qu\u00e9 tanta gente estaba tan aliviada de que se vaya\u201d. Y a\u00f1adi\u00f3: \u201cNo tuvo el respeto que merec\u00eda en Francia. Es una pena\u201d.<\/p>\n<p>Mucho se habl\u00f3 del v\u00ednculo entre Messi y Mbapp\u00e9. De la \u00e9pica final del Mundial Qatar 2022 que los enfrent\u00f3 y en la que el franc\u00e9s convirti\u00f3 los tres goles de su selecci\u00f3n y el argentino anot\u00f3 dos para su equipo. De la entrega de premios en la tarima del Estadio de Lusail y la decepci\u00f3n de Kylian al no poder repetir el t\u00edtulo de Rusia 2018 y el galard\u00f3n al goleador del torneo apenas fue un aliciente<\/p>\n<p>.Del regreso del crack rosarino luego de la Copa del Mundo a Francia, cuya selecci\u00f3n fue derrotada por penales por Messi y compa\u00f1\u00eda. Lo cierto es que en cada jugada, cada combinaci\u00f3n dentro del campo de juego y cada abrazo luego de un gol, dejaron en claro el v\u00ednculo de respeto entre ambos. Quiz\u00e1 sin ser amigos, pero de admiraci\u00f3n mutua y con estas declaraciones el franc\u00e9s ratific\u00f3 su concepto sobre Leo.<\/p>\n<p>Por otro lado, al ser consultado sobre su decisi\u00f3n de no renovar su contrato con el PSG en junio de 2024 y de tener la posibilidad de negociar con otro club a partir de enero, tambi\u00e9n fue claro, como suele serlo dentro de la cancha. \u201cNo le ped\u00ed al PSG que me vendiera o que me voy al Real Madrid. Solo les dije mi voluntad de no renovar hasta 2025. No hemos negociado mi renovaci\u00f3n y estoy feliz de seguir un a\u00f1o m\u00e1s\u201d, admiti\u00f3 Mbapp\u00e9. Este testimonio est\u00e1 en sinton\u00eda con su posteo en Twitter de este martes.<\/p>\n<p>En tanto que aclar\u00f3 qu\u00e9 paso con la carta que le mand\u00f3 a la dirigencia del PSG: \u201cLa junta ha sido informada desde el 15 de julio de 2022 de mi decisi\u00f3n de no extenderme m\u00e1s all\u00e1 de 2024, y la carta enviada ten\u00eda la intenci\u00f3n de confirmar lo que ya le dije\u201d.<\/p>\n<p>Con su decisi\u00f3n de no renovar su v\u00ednculo con el PSG, Kiki renuncia al a\u00f1o extra como opci\u00f3n que le brinda la renovaci\u00f3n desde los 630 millones de euros (USD 677 millones) brutos suscritos hace un a\u00f1o.<\/p>\n<p>Adem\u00e1s, se refiri\u00f3 a la reciente final de la Champions League en la que el Manchester City venci\u00f3 1-0 al Inter y logr\u00f3 su primera coronaci\u00f3n en el torneo de clubes m\u00e1s importante de Europa. \u201cComo aficionado del Milan es dif\u00edcil hablar bien del Inter, pero se prepararon bien para el partido y pusieron al Manchester City en aprietos. Lo detalles lo decidieron\u201d, asegur\u00f3 el atacante de 24 a\u00f1os.<\/p>\n<p>Poder conseguir una Champions League es el gran objetivo del PSG. Se convirti\u00f3 en casi una quimera para un equipo franc\u00e9s, ya que \u00e9l \u00fanico de ese pa\u00eds en conseguirlo fue el Olympique de Marsella, hace 30 a\u00f1os. Mbapp\u00e9 no pierde las esperanzas de poder levantar la Orejona con el equipo de la capital, pero en el final volvi\u00f3 a dejar una fuerte frase: \u201cQuiero ganar, pero en el PSG hay carencias\u201d. (INFOBAE)<\/p>\n","protected":false},"excerpt":{"rendered":"<p>Durante las dos temporadas que Lionel Messi jug\u00f3 en el Par\u00eds Saint-Germain (PSG) y comparti\u00f3 el equipo con Kylian Mbapp\u00e9, se tejieron versiones sobre internas, egos y celos del franc\u00e9s hacia el argentino. En la segunda temporada esta alta sociedad mostr\u00f3 su mejor versi\u00f3n y ech\u00f3 por tierra cualquier tipo de especulaci\u00f3n sobre una supuesta [&hellip;]<\/p>\n","protected":false},"author":1,"featured_media":160131,"comment_status":"closed","ping_status":"closed","sticky":false,"template":"","format":"standard","meta":{"_acf_changed":false,"footnotes":""},"categories":[6],"tags":[],"class_list":["post-160130","post","type-post","status-publish","format-standard","has-post-thumbnail","category-deportes"],"acf":{"antetitulo":""},"yoast_head":"<!-- This site is optimized with the Yoast SEO plugin v28.3 - https:\/\/yoast.com\/product\/yoast-seo-wordpress\/ -->\n<title>Contundente respaldo de Mbapp\u00e9 a Messi tras su salida del PSG - El Diario - Bolivia<\/title>\n<meta name=\"robots\" content=\"index, follow, max-snippet:-1, max-image-preview:large, max-video-preview:-1\" \/>\n<link rel=\"canonical\" href=\"https:\/\/www.eldiario.net\/portal\/2023\/06\/15\/contundente-respaldo-de-mbappe-a-messi-tras-su-salida-del-psg\/\" \/>\n<meta property=\"og:locale\" content=\"es_ES\" \/>\n<meta property=\"og:type\" content=\"article\" \/>\n<meta property=\"og:title\" content=\"Contundente respaldo de Mbapp\u00e9 a Messi tras su salida del PSG - El Diario - Bolivia\" \/>\n<meta property=\"og:description\" content=\"Durante las dos temporadas que Lionel Messi jug\u00f3 en el Par\u00eds Saint-Germain (PSG) y comparti\u00f3 el equipo con Kylian Mbapp\u00e9, se tejieron versiones sobre internas, egos y celos del franc\u00e9s hacia el argentino. En la segunda temporada esta alta sociedad mostr\u00f3 su mejor versi\u00f3n y ech\u00f3 por tierra cualquier tipo de especulaci\u00f3n sobre una supuesta [&hellip;]\" \/>\n<meta property=\"og:url\" content=\"https:\/\/www.eldiario.net\/portal\/2023\/06\/15\/contundente-respaldo-de-mbappe-a-messi-tras-su-salida-del-psg\/\" \/>\n<meta property=\"og:site_name\" content=\"El Diario - Bolivia\" \/>\n<meta property=\"article:publisher\" content=\"https:\/\/www.facebook.com\/eldiario.bolivia\/\" \/>\n<meta property=\"article:published_time\" content=\"2023-06-15T10:30:13+00:00\" \/>\n<meta property=\"og:image\" content=\"https:\/\/www.eldiario.net\/portal\/wp-content\/uploads\/2023\/06\/Mbappe-a-Messi-14.jpg\" \/>\n\t<meta property=\"og:image:width\" content=\"487\" \/>\n\t<meta property=\"og:image:height\" content=\"348\" \/>\n\t<meta property=\"og:image:type\" content=\"image\/jpeg\" \/>\n<meta name=\"author\" content=\"Jeanette\" \/>\n<meta name=\"twitter:card\" content=\"summary_large_image\" \/>\n<meta name=\"twitter:creator\" content=\"@eldiario_net\" \/>\n<meta name=\"twitter:site\" content=\"@eldiario_net\" \/>\n<meta name=\"twitter:label1\" content=\"Escrito por\" \/>\n\t<meta name=\"twitter:data1\" content=\"Jeanette\" \/>\n\t<meta name=\"twitter:label2\" content=\"Tiempo de lectura\" \/>\n\t<meta name=\"twitter:data2\" content=\"4 minutos\" \/>\n<script type=\"application\/ld+json\" class=\"yoast-schema-graph\">{\"@context\":\"https:\\\/\\\/schema.org\",\"@graph\":[{\"@type\":\"Article\",\"@id\":\"https:\\\/\\\/www.eldiario.net\\\/portal\\\/2023\\\/06\\\/15\\\/contundente-respaldo-de-mbappe-a-messi-tras-su-salida-del-psg\\\/#article\",\"isPartOf\":{\"@id\":\"https:\\\/\\\/www.eldiario.net\\\/portal\\\/2023\\\/06\\\/15\\\/contundente-respaldo-de-mbappe-a-messi-tras-su-salida-del-psg\\\/\"},\"author\":{\"name\":\"Jeanette\",\"@id\":\"https:\\\/\\\/www.eldiario.net\\\/portal\\\/#\\\/schema\\\/person\\\/f46445640444750d7d753ccd04ae01b7\"},\"headline\":\"Contundente respaldo de Mbapp\u00e9 a Messi tras su salida del PSG\",\"datePublished\":\"2023-06-15T10:30:13+00:00\",\"mainEntityOfPage\":{\"@id\":\"https:\\\/\\\/www.eldiario.net\\\/portal\\\/2023\\\/06\\\/15\\\/contundente-respaldo-de-mbappe-a-messi-tras-su-salida-del-psg\\\/\"},\"wordCount\":777,\"publisher\":{\"@id\":\"https:\\\/\\\/www.eldiario.net\\\/portal\\\/#organization\"},\"image\":{\"@id\":\"https:\\\/\\\/www.eldiario.net\\\/portal\\\/2023\\\/06\\\/15\\\/contundente-respaldo-de-mbappe-a-messi-tras-su-salida-del-psg\\\/#primaryimage\"},\"thumbnailUrl\":\"https:\\\/\\\/www.eldiario.net\\\/portal\\\/wp-content\\\/uploads\\\/2023\\\/06\\\/Mbappe-a-Messi-14.jpg\",\"articleSection\":[\"Deportes\"],\"inLanguage\":\"es\"},{\"@type\":\"WebPage\",\"@id\":\"https:\\\/\\\/www.eldiario.net\\\/portal\\\/2023\\\/06\\\/15\\\/contundente-respaldo-de-mbappe-a-messi-tras-su-salida-del-psg\\\/\",\"url\":\"https:\\\/\\\/www.eldiario.net\\\/portal\\\/2023\\\/06\\\/15\\\/contundente-respaldo-de-mbappe-a-messi-tras-su-salida-del-psg\\\/\",\"name\":\"Contundente respaldo de Mbapp\u00e9 a Messi tras su salida del PSG - El Diario - Bolivia\",\"isPartOf\":{\"@id\":\"https:\\\/\\\/www.eldiario.net\\\/portal\\\/#website\"},\"primaryImageOfPage\":{\"@id\":\"https:\\\/\\\/www.eldiario.net\\\/portal\\\/2023\\\/06\\\/15\\\/contundente-respaldo-de-mbappe-a-messi-tras-su-salida-del-psg\\\/#primaryimage\"},\"image\":{\"@id\":\"https:\\\/\\\/www.eldiario.net\\\/portal\\\/2023\\\/06\\\/15\\\/contundente-respaldo-de-mbappe-a-messi-tras-su-salida-del-psg\\\/#primaryimage\"},\"thumbnailUrl\":\"https:\\\/\\\/www.eldiario.net\\\/portal\\\/wp-content\\\/uploads\\\/2023\\\/06\\\/Mbappe-a-Messi-14.jpg\",\"datePublished\":\"2023-06-15T10:30:13+00:00\",\"breadcrumb\":{\"@id\":\"https:\\\/\\\/www.eldiario.net\\\/portal\\\/2023\\\/06\\\/15\\\/contundente-respaldo-de-mbappe-a-messi-tras-su-salida-del-psg\\\/#breadcrumb\"},\"inLanguage\":\"es\",\"potentialAction\":[{\"@type\":\"ReadAction\",\"target\":[\"https:\\\/\\\/www.eldiario.net\\\/portal\\\/2023\\\/06\\\/15\\\/contundente-respaldo-de-mbappe-a-messi-tras-su-salida-del-psg\\\/\"]}]},{\"@type\":\"ImageObject\",\"inLanguage\":\"es\",\"@id\":\"https:\\\/\\\/www.eldiario.net\\\/portal\\\/2023\\\/06\\\/15\\\/contundente-respaldo-de-mbappe-a-messi-tras-su-salida-del-psg\\\/#primaryimage\",\"url\":\"https:\\\/\\\/www.eldiario.net\\\/portal\\\/wp-content\\\/uploads\\\/2023\\\/06\\\/Mbappe-a-Messi-14.jpg\",\"contentUrl\":\"https:\\\/\\\/www.eldiario.net\\\/portal\\\/wp-content\\\/uploads\\\/2023\\\/06\\\/Mbappe-a-Messi-14.jpg\",\"width\":487,\"height\":348},{\"@type\":\"BreadcrumbList\",\"@id\":\"https:\\\/\\\/www.eldiario.net\\\/portal\\\/2023\\\/06\\\/15\\\/contundente-respaldo-de-mbappe-a-messi-tras-su-salida-del-psg\\\/#breadcrumb\",\"itemListElement\":[{\"@type\":\"ListItem\",\"position\":1,\"name\":\"Portada\",\"item\":\"https:\\\/\\\/www.eldiario.net\\\/portal\\\/\"},{\"@type\":\"ListItem\",\"position\":2,\"name\":\"Contundente respaldo de Mbapp\u00e9 a Messi tras su salida del PSG\"}]},{\"@type\":\"WebSite\",\"@id\":\"https:\\\/\\\/www.eldiario.net\\\/portal\\\/#website\",\"url\":\"https:\\\/\\\/www.eldiario.net\\\/portal\\\/\",\"name\":\"El Diario - Decano de la prensa nacional\",\"description\":\"El Diario - Decano de la prensa nacional\",\"publisher\":{\"@id\":\"https:\\\/\\\/www.eldiario.net\\\/portal\\\/#organization\"},\"potentialAction\":[{\"@type\":\"SearchAction\",\"target\":{\"@type\":\"EntryPoint\",\"urlTemplate\":\"https:\\\/\\\/www.eldiario.net\\\/portal\\\/?s={search_term_string}\"},\"query-input\":{\"@type\":\"PropertyValueSpecification\",\"valueRequired\":true,\"valueName\":\"search_term_string\"}}],\"inLanguage\":\"es\"},{\"@type\":\"Organization\",\"@id\":\"https:\\\/\\\/www.eldiario.net\\\/portal\\\/#organization\",\"name\":\"El Diario - Decano de la prensa nacional\",\"url\":\"https:\\\/\\\/www.eldiario.net\\\/portal\\\/\",\"logo\":{\"@type\":\"ImageObject\",\"inLanguage\":\"es\",\"@id\":\"https:\\\/\\\/www.eldiario.net\\\/portal\\\/#\\\/schema\\\/logo\\\/image\\\/\",\"url\":\"https:\\\/\\\/www.eldiario.net\\\/portal\\\/wp-content\\\/uploads\\\/2023\\\/07\\\/logo_ED.jpg\",\"contentUrl\":\"https:\\\/\\\/www.eldiario.net\\\/portal\\\/wp-content\\\/uploads\\\/2023\\\/07\\\/logo_ED.jpg\",\"width\":272,\"height\":52,\"caption\":\"El Diario - Decano de la prensa nacional\"},\"image\":{\"@id\":\"https:\\\/\\\/www.eldiario.net\\\/portal\\\/#\\\/schema\\\/logo\\\/image\\\/\"},\"sameAs\":[\"https:\\\/\\\/www.facebook.com\\\/eldiario.bolivia\\\/\",\"https:\\\/\\\/x.com\\\/eldiario_net\"]},{\"@type\":\"Person\",\"@id\":\"https:\\\/\\\/www.eldiario.net\\\/portal\\\/#\\\/schema\\\/person\\\/f46445640444750d7d753ccd04ae01b7\",\"name\":\"Jeanette\",\"image\":{\"@type\":\"ImageObject\",\"inLanguage\":\"es\",\"@id\":\"https:\\\/\\\/secure.gravatar.com\\\/avatar\\\/3ea2118a5f7dad2b7138b1187a6b7ee55f160b9968b66013c3a3ef39dd7e5798?s=96&d=mm&r=g\",\"url\":\"https:\\\/\\\/secure.gravatar.com\\\/avatar\\\/3ea2118a5f7dad2b7138b1187a6b7ee55f160b9968b66013c3a3ef39dd7e5798?s=96&d=mm&r=g\",\"contentUrl\":\"https:\\\/\\\/secure.gravatar.com\\\/avatar\\\/3ea2118a5f7dad2b7138b1187a6b7ee55f160b9968b66013c3a3ef39dd7e5798?s=96&d=mm&r=g\",\"caption\":\"Jeanette\"},\"sameAs\":[\"https:\\\/\\\/www.eldiario.net\\\/portal\"],\"url\":\"https:\\\/\\\/www.eldiario.net\\\/portal\\\/author\\\/jeanette\\\/\"}]}<\/script>\n<!-- \/ Yoast SEO plugin. -->","yoast_head_json":{"title":"Contundente respaldo de Mbapp\u00e9 a Messi tras su salida del PSG - El Diario - Bolivia","robots":{"index":"index","follow":"follow","max-snippet":"max-snippet:-1","max-image-preview":"max-image-preview:large","max-video-preview":"max-video-preview:-1"},"canonical":"https:\/\/www.eldiario.net\/portal\/2023\/06\/15\/contundente-respaldo-de-mbappe-a-messi-tras-su-salida-del-psg\/","og_locale":"es_ES","og_type":"article","og_title":"Contundente respaldo de Mbapp\u00e9 a Messi tras su salida del PSG - El Diario - Bolivia","og_description":"Durante las dos temporadas que Lionel Messi jug\u00f3 en el Par\u00eds Saint-Germain (PSG) y comparti\u00f3 el equipo con Kylian Mbapp\u00e9, se tejieron versiones sobre internas, egos y celos del franc\u00e9s hacia el argentino. En la segunda temporada esta alta sociedad mostr\u00f3 su mejor versi\u00f3n y ech\u00f3 por tierra cualquier tipo de especulaci\u00f3n sobre una supuesta [&hellip;]","og_url":"https:\/\/www.eldiario.net\/portal\/2023\/06\/15\/contundente-respaldo-de-mbappe-a-messi-tras-su-salida-del-psg\/","og_site_name":"El Diario - Bolivia","article_publisher":"https:\/\/www.facebook.com\/eldiario.bolivia\/","article_published_time":"2023-06-15T10:30:13+00:00","og_image":[{"width":487,"height":348,"url":"https:\/\/www.eldiario.net\/portal\/wp-content\/uploads\/2023\/06\/Mbappe-a-Messi-14.jpg","type":"image\/jpeg"}],"author":"Jeanette","twitter_card":"summary_large_image","twitter_creator":"@eldiario_net","twitter_site":"@eldiario_net","twitter_misc":{"Escrito por":"Jeanette","Tiempo de lectura":"4 minutos"},"schema":{"@context":"https:\/\/schema.org","@graph":[{"@type":"Article","@id":"https:\/\/www.eldiario.net\/portal\/2023\/06\/15\/contundente-respaldo-de-mbappe-a-messi-tras-su-salida-del-psg\/#article","isPartOf":{"@id":"https:\/\/www.eldiario.net\/portal\/2023\/06\/15\/contundente-respaldo-de-mbappe-a-messi-tras-su-salida-del-psg\/"},"author":{"name":"Jeanette","@id":"https:\/\/www.eldiario.net\/portal\/#\/schema\/person\/f46445640444750d7d753ccd04ae01b7"},"headline":"Contundente respaldo de Mbapp\u00e9 a Messi tras su salida del PSG","datePublished":"2023-06-15T10:30:13+00:00","mainEntityOfPage":{"@id":"https:\/\/www.eldiario.net\/portal\/2023\/06\/15\/contundente-respaldo-de-mbappe-a-messi-tras-su-salida-del-psg\/"},"wordCount":777,"publisher":{"@id":"https:\/\/www.eldiario.net\/portal\/#organization"},"image":{"@id":"https:\/\/www.eldiario.net\/portal\/2023\/06\/15\/contundente-respaldo-de-mbappe-a-messi-tras-su-salida-del-psg\/#primaryimage"},"thumbnailUrl":"https:\/\/www.eldiario.net\/portal\/wp-content\/uploads\/2023\/06\/Mbappe-a-Messi-14.jpg","articleSection":["Deportes"],"inLanguage":"es"},{"@type":"WebPage","@id":"https:\/\/www.eldiario.net\/portal\/2023\/06\/15\/contundente-respaldo-de-mbappe-a-messi-tras-su-salida-del-psg\/","url":"https:\/\/www.eldiario.net\/portal\/2023\/06\/15\/contundente-respaldo-de-mbappe-a-messi-tras-su-salida-del-psg\/","name":"Contundente respaldo de Mbapp\u00e9 a Messi tras su salida del PSG - El Diario - Bolivia","isPartOf":{"@id":"https:\/\/www.eldiario.net\/portal\/#website"},"primaryImageOfPage":{"@id":"https:\/\/www.eldiario.net\/portal\/2023\/06\/15\/contundente-respaldo-de-mbappe-a-messi-tras-su-salida-del-psg\/#primaryimage"},"image":{"@id":"https:\/\/www.eldiario.net\/portal\/2023\/06\/15\/contundente-respaldo-de-mbappe-a-messi-tras-su-salida-del-psg\/#primaryimage"},"thumbnailUrl":"https:\/\/www.eldiario.net\/portal\/wp-content\/uploads\/2023\/06\/Mbappe-a-Messi-14.jpg","datePublished":"2023-06-15T10:30:13+00:00","breadcrumb":{"@id":"https:\/\/www.eldiario.net\/portal\/2023\/06\/15\/contundente-respaldo-de-mbappe-a-messi-tras-su-salida-del-psg\/#breadcrumb"},"inLanguage":"es","potentialAction":[{"@type":"ReadAction","target":["https:\/\/www.eldiario.net\/portal\/2023\/06\/15\/contundente-respaldo-de-mbappe-a-messi-tras-su-salida-del-psg\/"]}]},{"@type":"ImageObject","inLanguage":"es","@id":"https:\/\/www.eldiario.net\/portal\/2023\/06\/15\/contundente-respaldo-de-mbappe-a-messi-tras-su-salida-del-psg\/#primaryimage","url":"https:\/\/www.eldiario.net\/portal\/wp-content\/uploads\/2023\/06\/Mbappe-a-Messi-14.jpg","contentUrl":"https:\/\/www.eldiario.net\/portal\/wp-content\/uploads\/2023\/06\/Mbappe-a-Messi-14.jpg","width":487,"height":348},{"@type":"BreadcrumbList","@id":"https:\/\/www.eldiario.net\/portal\/2023\/06\/15\/contundente-respaldo-de-mbappe-a-messi-tras-su-salida-del-psg\/#breadcrumb","itemListElement":[{"@type":"ListItem","position":1,"name":"Portada","item":"https:\/\/www.eldiario.net\/portal\/"},{"@type":"ListItem","position":2,"name":"Contundente respaldo de Mbapp\u00e9 a Messi tras su salida del PSG"}]},{"@type":"WebSite","@id":"https:\/\/www.eldiario.net\/portal\/#website","url":"https:\/\/www.eldiario.net\/portal\/","name":"El Diario - Decano de la prensa nacional","description":"El Diario - Decano de la prensa nacional","publisher":{"@id":"https:\/\/www.eldiario.net\/portal\/#organization"},"potentialAction":[{"@type":"SearchAction","target":{"@type":"EntryPoint","urlTemplate":"https:\/\/www.eldiario.net\/portal\/?s={search_term_string}"},"query-input":{"@type":"PropertyValueSpecification","valueRequired":true,"valueName":"search_term_string"}}],"inLanguage":"es"},{"@type":"Organization","@id":"https:\/\/www.eldiario.net\/portal\/#organization","name":"El Diario - Decano de la prensa nacional","url":"https:\/\/www.eldiario.net\/portal\/","logo":{"@type":"ImageObject","inLanguage":"es","@id":"https:\/\/www.eldiario.net\/portal\/#\/schema\/logo\/image\/","url":"https:\/\/www.eldiario.net\/portal\/wp-content\/uploads\/2023\/07\/logo_ED.jpg","contentUrl":"https:\/\/www.eldiario.net\/portal\/wp-content\/uploads\/2023\/07\/logo_ED.jpg","width":272,"height":52,"caption":"El Diario - Decano de la prensa nacional"},"image":{"@id":"https:\/\/www.eldiario.net\/portal\/#\/schema\/logo\/image\/"},"sameAs":["https:\/\/www.facebook.com\/eldiario.bolivia\/","https:\/\/x.com\/eldiario_net"]},{"@type":"Person","@id":"https:\/\/www.eldiario.net\/portal\/#\/schema\/person\/f46445640444750d7d753ccd04ae01b7","name":"Jeanette","image":{"@type":"ImageObject","inLanguage":"es","@id":"https:\/\/secure.gravatar.com\/avatar\/3ea2118a5f7dad2b7138b1187a6b7ee55f160b9968b66013c3a3ef39dd7e5798?s=96&d=mm&r=g","url":"https:\/\/secure.gravatar.com\/avatar\/3ea2118a5f7dad2b7138b1187a6b7ee55f160b9968b66013c3a3ef39dd7e5798?s=96&d=mm&r=g","contentUrl":"https:\/\/secure.gravatar.com\/avatar\/3ea2118a5f7dad2b7138b1187a6b7ee55f160b9968b66013c3a3ef39dd7e5798?s=96&d=mm&r=g","caption":"Jeanette"},"sameAs":["https:\/\/www.eldiario.net\/portal"],"url":"https:\/\/www.eldiario.net\/portal\/author\/jeanette\/"}]}},"_links":{"self":[{"href":"https:\/\/www.eldiario.net\/portal\/wp-json\/wp\/v2\/posts\/160130","targetHints":{"allow":["GET"]}}],"collection":[{"href":"https:\/\/www.eldiario.net\/portal\/wp-json\/wp\/v2\/posts"}],"about":[{"href":"https:\/\/www.eldiario.net\/portal\/wp-json\/wp\/v2\/types\/post"}],"author":[{"embeddable":true,"href":"https:\/\/www.eldiario.net\/portal\/wp-json\/wp\/v2\/users\/1"}],"replies":[{"embeddable":true,"href":"https:\/\/www.eldiario.net\/portal\/wp-json\/wp\/v2\/comments?post=160130"}],"version-history":[{"count":0,"href":"https:\/\/www.eldiario.net\/portal\/wp-json\/wp\/v2\/posts\/160130\/revisions"}],"wp:featuredmedia":[{"embeddable":true,"href":"https:\/\/www.eldiario.net\/portal\/wp-json\/wp\/v2\/media\/160131"}],"wp:attachment":[{"href":"https:\/\/www.eldiario.net\/portal\/wp-json\/wp\/v2\/media?parent=160130"}],"wp:term":[{"taxonomy":"category","embeddable":true,"href":"https:\/\/www.eldiario.net\/portal\/wp-json\/wp\/v2\/categories?post=160130"},{"taxonomy":"post_tag","embeddable":true,"href":"https:\/\/www.eldiario.net\/portal\/wp-json\/wp\/v2\/tags?post=160130"}],"curies":[{"name":"wp","href":"https:\/\/api.w.org\/{rel}","templated":true}]}}