{"id":160127,"date":"2023-06-15T06:27:34","date_gmt":"2023-06-15T10:27:34","guid":{"rendered":"https:\/\/www.eldiario.net\/portal\/?p=160127"},"modified":"2023-06-15T06:27:34","modified_gmt":"2023-06-15T10:27:34","slug":"prado-es-recibido-como-un-campeon-en-la-paz","status":"publish","type":"post","link":"https:\/\/www.eldiario.net\/portal\/2023\/06\/15\/prado-es-recibido-como-un-campeon-en-la-paz\/","title":{"rendered":"Prado es recibido como un campe\u00f3n en La Paz"},"content":{"rendered":"<div dir=\"auto\">El tenista Juan Carlos Prado, n\u00famero dos en el ranking ITF Junior, se tom\u00f3 la tarde de este mi\u00e9rcoles para compartir sus vivencias y jugar unos puntos con los ni\u00f1os y las ni\u00f1as de la escuela del Club de Tenis La Paz (CTLP), en la sede de La Florida.<\/div>\n<div dir=\"auto\">\n\u00a8Prado, Prado, Prado\u00b4, gritaban los ni\u00f1os y las ni\u00f1as como se\u00f1al de alegr\u00eda por tener cerca a la sensaci\u00f3n del tenis boliviano, luego de que el fin de semana jugar\u00e1 la final de singles en el torneo Roland Garros Junior, en Paris, Francia, una de las \u00abcatedrales\u00bb de este deporte, la cual cualquier aficionado de esta disciplina sue\u00f1a pisar.<\/p>\n<p>Ante este p\u00fablico, atento e inquieto, Prado cont\u00f3 que cumpli\u00f3 su sue\u00f1o de infancia. Con este hecho hist\u00f3rico, el tenista cruce\u00f1o todav\u00eda est\u00e1 asimilando que abri\u00f3 una puerta para que estos ni\u00f1os sigan entrenando, se vean reflejados en \u00e9l y de aqu\u00ed a unos a\u00f1os el nombre de alguno de ellos sea correado por una pr\u00f3xima generaci\u00f3n.<\/p>\n<p>Desde que regres\u00f3 al pa\u00eds, Prado estrech\u00f3 la mano de las autoridades regionales, recibi\u00f3 felicitaciones de personajes pol\u00edticos, atendi\u00f3 a los periodistas, en horas de la ma\u00f1ana de este mi\u00e9rcoles sostuvo una reuni\u00f3n con la Viceministra de Deportes, Cielo Veizaga Arteaga, pero no estaba preparado para responder a las preguntas de los ni\u00f1os, consultas desde las m\u00e1s inocentes hasta las preparadas con ayuda de los padres de familia.<\/p>\n<p>Hace una semana, era el n\u00famero ocho en el ranking ITF Junior, remarc\u00f3 que con confianza y actitud, virtudes que comparti\u00f3 con su particular auditorio, lleg\u00f3 a la final y es el n\u00famero dos del mundo a nivel juvenil, a 15 puntos de llegar a la cima.<\/p>\n<p>Despu\u00e9s de jugar unos puntos con algunos de los infantes, Prado fue rodeado, los ni\u00f1os y las ni\u00f1as se quedaron con el aut\u00f3grafo de su \u00eddolo en las raquetas, en las pelotas y en las zapatillas deportivas.<\/p>\n<p>WIMBLEDON<br \/>\nEl descanso lleg\u00f3 a su final. Este jueves, Prado volver\u00e1 a entrenar con raqueta en Santa Cruz y al d\u00eda siguiente viajar\u00e1 a Asunci\u00f3n, Paraguay, donde el lunes 19 iniciar\u00e1n los partidos del Grupo III de la Zona Americana de la Copa Davis. De ah\u00ed pasar\u00e1 a Europa, donde analizar\u00e1 qu\u00e9 torneo disputar\u00e1 antes de encarar el Wimbledon Junior, la primera semana de julio.<\/p>\n<p>Prado \u2013admiraron del suizo Roger Federer y de Hugo Dellien\u2013 ser\u00e1 el n\u00famero uno del equipo Bolivia en la Copa Davis, donde jugar\u00e1 un partido de single y uno de dobles. La delegaci\u00f3n ser\u00e1 completada con: Agust\u00edn Cuellar, Ernesto Requena y Ra\u00fal Garc\u00eda. Mauricio Solis ser\u00e1 el capit\u00e1n.<\/p><\/div>\n","protected":false},"excerpt":{"rendered":"<p>El tenista Juan Carlos Prado, n\u00famero dos en el ranking ITF Junior, se tom\u00f3 la tarde de este mi\u00e9rcoles para compartir sus vivencias y jugar unos puntos con los ni\u00f1os y las ni\u00f1as de la escuela del Club de Tenis La Paz (CTLP), en la sede de La Florida. \u00a8Prado, Prado, Prado\u00b4, gritaban los ni\u00f1os [&hellip;]<\/p>\n","protected":false},"author":1,"featured_media":160128,"comment_status":"closed","ping_status":"closed","sticky":false,"template":"","format":"standard","meta":{"_acf_changed":false,"footnotes":""},"categories":[6],"tags":[],"class_list":["post-160127","post","type-post","status-publish","format-standard","has-post-thumbnail","category-deportes"],"acf":{"antetitulo":""},"yoast_head":"<!-- This site is optimized with the Yoast SEO plugin v28.3 - https:\/\/yoast.com\/product\/yoast-seo-wordpress\/ -->\n<title>Prado es recibido como un campe\u00f3n en La Paz - El Diario - Bolivia<\/title>\n<meta name=\"robots\" content=\"index, follow, max-snippet:-1, max-image-preview:large, max-video-preview:-1\" \/>\n<link rel=\"canonical\" href=\"https:\/\/www.eldiario.net\/portal\/2023\/06\/15\/prado-es-recibido-como-un-campeon-en-la-paz\/\" \/>\n<meta property=\"og:locale\" content=\"es_ES\" \/>\n<meta property=\"og:type\" content=\"article\" \/>\n<meta property=\"og:title\" content=\"Prado es recibido como un campe\u00f3n en La Paz - El Diario - Bolivia\" \/>\n<meta property=\"og:description\" content=\"El tenista Juan Carlos Prado, n\u00famero dos en el ranking ITF Junior, se tom\u00f3 la tarde de este mi\u00e9rcoles para compartir sus vivencias y jugar unos puntos con los ni\u00f1os y las ni\u00f1as de la escuela del Club de Tenis La Paz (CTLP), en la sede de La Florida. \u00a8Prado, Prado, Prado\u00b4, gritaban los ni\u00f1os [&hellip;]\" \/>\n<meta property=\"og:url\" content=\"https:\/\/www.eldiario.net\/portal\/2023\/06\/15\/prado-es-recibido-como-un-campeon-en-la-paz\/\" \/>\n<meta property=\"og:site_name\" content=\"El Diario - Bolivia\" \/>\n<meta property=\"article:publisher\" content=\"https:\/\/www.facebook.com\/eldiario.bolivia\/\" \/>\n<meta property=\"article:published_time\" content=\"2023-06-15T10:27:34+00:00\" \/>\n<meta property=\"og:image\" content=\"https:\/\/www.eldiario.net\/portal\/wp-content\/uploads\/2023\/06\/20230614131308-tenista-nacional-juan-carlos-prado-subcampeon-mundial-en-la-categoria-junior-en-el-roland-garros-scaled-1.jpg\" \/>\n\t<meta property=\"og:image:width\" content=\"2560\" \/>\n\t<meta property=\"og:image:height\" content=\"1790\" \/>\n\t<meta property=\"og:image:type\" content=\"image\/jpeg\" \/>\n<meta name=\"author\" content=\"Jeanette\" \/>\n<meta name=\"twitter:card\" content=\"summary_large_image\" \/>\n<meta name=\"twitter:creator\" content=\"@eldiario_net\" \/>\n<meta name=\"twitter:site\" content=\"@eldiario_net\" \/>\n<meta name=\"twitter:label1\" content=\"Escrito por\" \/>\n\t<meta name=\"twitter:data1\" content=\"Jeanette\" \/>\n\t<meta name=\"twitter:label2\" content=\"Tiempo de lectura\" \/>\n\t<meta name=\"twitter:data2\" content=\"2 minutos\" \/>\n<script type=\"application\/ld+json\" class=\"yoast-schema-graph\">{\"@context\":\"https:\\\/\\\/schema.org\",\"@graph\":[{\"@type\":\"Article\",\"@id\":\"https:\\\/\\\/www.eldiario.net\\\/portal\\\/2023\\\/06\\\/15\\\/prado-es-recibido-como-un-campeon-en-la-paz\\\/#article\",\"isPartOf\":{\"@id\":\"https:\\\/\\\/www.eldiario.net\\\/portal\\\/2023\\\/06\\\/15\\\/prado-es-recibido-como-un-campeon-en-la-paz\\\/\"},\"author\":{\"name\":\"Jeanette\",\"@id\":\"https:\\\/\\\/www.eldiario.net\\\/portal\\\/#\\\/schema\\\/person\\\/f46445640444750d7d753ccd04ae01b7\"},\"headline\":\"Prado es recibido como un campe\u00f3n en La Paz\",\"datePublished\":\"2023-06-15T10:27:34+00:00\",\"mainEntityOfPage\":{\"@id\":\"https:\\\/\\\/www.eldiario.net\\\/portal\\\/2023\\\/06\\\/15\\\/prado-es-recibido-como-un-campeon-en-la-paz\\\/\"},\"wordCount\":479,\"publisher\":{\"@id\":\"https:\\\/\\\/www.eldiario.net\\\/portal\\\/#organization\"},\"image\":{\"@id\":\"https:\\\/\\\/www.eldiario.net\\\/portal\\\/2023\\\/06\\\/15\\\/prado-es-recibido-como-un-campeon-en-la-paz\\\/#primaryimage\"},\"thumbnailUrl\":\"https:\\\/\\\/www.eldiario.net\\\/portal\\\/wp-content\\\/uploads\\\/2023\\\/06\\\/20230614131308-tenista-nacional-juan-carlos-prado-subcampeon-mundial-en-la-categoria-junior-en-el-roland-garros-scaled-1.jpg\",\"articleSection\":[\"Deportes\"],\"inLanguage\":\"es\"},{\"@type\":\"WebPage\",\"@id\":\"https:\\\/\\\/www.eldiario.net\\\/portal\\\/2023\\\/06\\\/15\\\/prado-es-recibido-como-un-campeon-en-la-paz\\\/\",\"url\":\"https:\\\/\\\/www.eldiario.net\\\/portal\\\/2023\\\/06\\\/15\\\/prado-es-recibido-como-un-campeon-en-la-paz\\\/\",\"name\":\"Prado es recibido como un campe\u00f3n en La Paz - El Diario - Bolivia\",\"isPartOf\":{\"@id\":\"https:\\\/\\\/www.eldiario.net\\\/portal\\\/#website\"},\"primaryImageOfPage\":{\"@id\":\"https:\\\/\\\/www.eldiario.net\\\/portal\\\/2023\\\/06\\\/15\\\/prado-es-recibido-como-un-campeon-en-la-paz\\\/#primaryimage\"},\"image\":{\"@id\":\"https:\\\/\\\/www.eldiario.net\\\/portal\\\/2023\\\/06\\\/15\\\/prado-es-recibido-como-un-campeon-en-la-paz\\\/#primaryimage\"},\"thumbnailUrl\":\"https:\\\/\\\/www.eldiario.net\\\/portal\\\/wp-content\\\/uploads\\\/2023\\\/06\\\/20230614131308-tenista-nacional-juan-carlos-prado-subcampeon-mundial-en-la-categoria-junior-en-el-roland-garros-scaled-1.jpg\",\"datePublished\":\"2023-06-15T10:27:34+00:00\",\"breadcrumb\":{\"@id\":\"https:\\\/\\\/www.eldiario.net\\\/portal\\\/2023\\\/06\\\/15\\\/prado-es-recibido-como-un-campeon-en-la-paz\\\/#breadcrumb\"},\"inLanguage\":\"es\",\"potentialAction\":[{\"@type\":\"ReadAction\",\"target\":[\"https:\\\/\\\/www.eldiario.net\\\/portal\\\/2023\\\/06\\\/15\\\/prado-es-recibido-como-un-campeon-en-la-paz\\\/\"]}]},{\"@type\":\"ImageObject\",\"inLanguage\":\"es\",\"@id\":\"https:\\\/\\\/www.eldiario.net\\\/portal\\\/2023\\\/06\\\/15\\\/prado-es-recibido-como-un-campeon-en-la-paz\\\/#primaryimage\",\"url\":\"https:\\\/\\\/www.eldiario.net\\\/portal\\\/wp-content\\\/uploads\\\/2023\\\/06\\\/20230614131308-tenista-nacional-juan-carlos-prado-subcampeon-mundial-en-la-categoria-junior-en-el-roland-garros-scaled-1.jpg\",\"contentUrl\":\"https:\\\/\\\/www.eldiario.net\\\/portal\\\/wp-content\\\/uploads\\\/2023\\\/06\\\/20230614131308-tenista-nacional-juan-carlos-prado-subcampeon-mundial-en-la-categoria-junior-en-el-roland-garros-scaled-1.jpg\",\"width\":2560,\"height\":1790,\"caption\":\"El tenista nacional Juan Carlos Prado (subcampe\u00f3n mundial en la Categor\u00eda Junior en el Roland Garros), visit\u00f3 las instalaciones del Club de Tenis La Paz, brind\u00f3 un conversatorio y realiz\u00f3 una demostraci\u00f3n de Tenis, el calor humano (sobre todo el entusiasmo de los ni\u00f1os) fue impresionante. FOTO\\\/Francisco RIVEROS@APGNoticiasBo\"},{\"@type\":\"BreadcrumbList\",\"@id\":\"https:\\\/\\\/www.eldiario.net\\\/portal\\\/2023\\\/06\\\/15\\\/prado-es-recibido-como-un-campeon-en-la-paz\\\/#breadcrumb\",\"itemListElement\":[{\"@type\":\"ListItem\",\"position\":1,\"name\":\"Portada\",\"item\":\"https:\\\/\\\/www.eldiario.net\\\/portal\\\/\"},{\"@type\":\"ListItem\",\"position\":2,\"name\":\"Prado es recibido como un campe\u00f3n en La Paz\"}]},{\"@type\":\"WebSite\",\"@id\":\"https:\\\/\\\/www.eldiario.net\\\/portal\\\/#website\",\"url\":\"https:\\\/\\\/www.eldiario.net\\\/portal\\\/\",\"name\":\"El Diario - Decano de la prensa nacional\",\"description\":\"El Diario - Decano de la prensa nacional\",\"publisher\":{\"@id\":\"https:\\\/\\\/www.eldiario.net\\\/portal\\\/#organization\"},\"potentialAction\":[{\"@type\":\"SearchAction\",\"target\":{\"@type\":\"EntryPoint\",\"urlTemplate\":\"https:\\\/\\\/www.eldiario.net\\\/portal\\\/?s={search_term_string}\"},\"query-input\":{\"@type\":\"PropertyValueSpecification\",\"valueRequired\":true,\"valueName\":\"search_term_string\"}}],\"inLanguage\":\"es\"},{\"@type\":\"Organization\",\"@id\":\"https:\\\/\\\/www.eldiario.net\\\/portal\\\/#organization\",\"name\":\"El Diario - Decano de la prensa nacional\",\"url\":\"https:\\\/\\\/www.eldiario.net\\\/portal\\\/\",\"logo\":{\"@type\":\"ImageObject\",\"inLanguage\":\"es\",\"@id\":\"https:\\\/\\\/www.eldiario.net\\\/portal\\\/#\\\/schema\\\/logo\\\/image\\\/\",\"url\":\"https:\\\/\\\/www.eldiario.net\\\/portal\\\/wp-content\\\/uploads\\\/2023\\\/07\\\/logo_ED.jpg\",\"contentUrl\":\"https:\\\/\\\/www.eldiario.net\\\/portal\\\/wp-content\\\/uploads\\\/2023\\\/07\\\/logo_ED.jpg\",\"width\":272,\"height\":52,\"caption\":\"El Diario - Decano de la prensa nacional\"},\"image\":{\"@id\":\"https:\\\/\\\/www.eldiario.net\\\/portal\\\/#\\\/schema\\\/logo\\\/image\\\/\"},\"sameAs\":[\"https:\\\/\\\/www.facebook.com\\\/eldiario.bolivia\\\/\",\"https:\\\/\\\/x.com\\\/eldiario_net\"]},{\"@type\":\"Person\",\"@id\":\"https:\\\/\\\/www.eldiario.net\\\/portal\\\/#\\\/schema\\\/person\\\/f46445640444750d7d753ccd04ae01b7\",\"name\":\"Jeanette\",\"image\":{\"@type\":\"ImageObject\",\"inLanguage\":\"es\",\"@id\":\"https:\\\/\\\/secure.gravatar.com\\\/avatar\\\/3ea2118a5f7dad2b7138b1187a6b7ee55f160b9968b66013c3a3ef39dd7e5798?s=96&d=mm&r=g\",\"url\":\"https:\\\/\\\/secure.gravatar.com\\\/avatar\\\/3ea2118a5f7dad2b7138b1187a6b7ee55f160b9968b66013c3a3ef39dd7e5798?s=96&d=mm&r=g\",\"contentUrl\":\"https:\\\/\\\/secure.gravatar.com\\\/avatar\\\/3ea2118a5f7dad2b7138b1187a6b7ee55f160b9968b66013c3a3ef39dd7e5798?s=96&d=mm&r=g\",\"caption\":\"Jeanette\"},\"sameAs\":[\"https:\\\/\\\/www.eldiario.net\\\/portal\"],\"url\":\"https:\\\/\\\/www.eldiario.net\\\/portal\\\/author\\\/jeanette\\\/\"}]}<\/script>\n<!-- \/ Yoast SEO plugin. -->","yoast_head_json":{"title":"Prado es recibido como un campe\u00f3n en La Paz - El Diario - Bolivia","robots":{"index":"index","follow":"follow","max-snippet":"max-snippet:-1","max-image-preview":"max-image-preview:large","max-video-preview":"max-video-preview:-1"},"canonical":"https:\/\/www.eldiario.net\/portal\/2023\/06\/15\/prado-es-recibido-como-un-campeon-en-la-paz\/","og_locale":"es_ES","og_type":"article","og_title":"Prado es recibido como un campe\u00f3n en La Paz - El Diario - Bolivia","og_description":"El tenista Juan Carlos Prado, n\u00famero dos en el ranking ITF Junior, se tom\u00f3 la tarde de este mi\u00e9rcoles para compartir sus vivencias y jugar unos puntos con los ni\u00f1os y las ni\u00f1as de la escuela del Club de Tenis La Paz (CTLP), en la sede de La Florida. \u00a8Prado, Prado, Prado\u00b4, gritaban los ni\u00f1os [&hellip;]","og_url":"https:\/\/www.eldiario.net\/portal\/2023\/06\/15\/prado-es-recibido-como-un-campeon-en-la-paz\/","og_site_name":"El Diario - Bolivia","article_publisher":"https:\/\/www.facebook.com\/eldiario.bolivia\/","article_published_time":"2023-06-15T10:27:34+00:00","og_image":[{"width":2560,"height":1790,"url":"https:\/\/www.eldiario.net\/portal\/wp-content\/uploads\/2023\/06\/20230614131308-tenista-nacional-juan-carlos-prado-subcampeon-mundial-en-la-categoria-junior-en-el-roland-garros-scaled-1.jpg","type":"image\/jpeg"}],"author":"Jeanette","twitter_card":"summary_large_image","twitter_creator":"@eldiario_net","twitter_site":"@eldiario_net","twitter_misc":{"Escrito por":"Jeanette","Tiempo de lectura":"2 minutos"},"schema":{"@context":"https:\/\/schema.org","@graph":[{"@type":"Article","@id":"https:\/\/www.eldiario.net\/portal\/2023\/06\/15\/prado-es-recibido-como-un-campeon-en-la-paz\/#article","isPartOf":{"@id":"https:\/\/www.eldiario.net\/portal\/2023\/06\/15\/prado-es-recibido-como-un-campeon-en-la-paz\/"},"author":{"name":"Jeanette","@id":"https:\/\/www.eldiario.net\/portal\/#\/schema\/person\/f46445640444750d7d753ccd04ae01b7"},"headline":"Prado es recibido como un campe\u00f3n en La Paz","datePublished":"2023-06-15T10:27:34+00:00","mainEntityOfPage":{"@id":"https:\/\/www.eldiario.net\/portal\/2023\/06\/15\/prado-es-recibido-como-un-campeon-en-la-paz\/"},"wordCount":479,"publisher":{"@id":"https:\/\/www.eldiario.net\/portal\/#organization"},"image":{"@id":"https:\/\/www.eldiario.net\/portal\/2023\/06\/15\/prado-es-recibido-como-un-campeon-en-la-paz\/#primaryimage"},"thumbnailUrl":"https:\/\/www.eldiario.net\/portal\/wp-content\/uploads\/2023\/06\/20230614131308-tenista-nacional-juan-carlos-prado-subcampeon-mundial-en-la-categoria-junior-en-el-roland-garros-scaled-1.jpg","articleSection":["Deportes"],"inLanguage":"es"},{"@type":"WebPage","@id":"https:\/\/www.eldiario.net\/portal\/2023\/06\/15\/prado-es-recibido-como-un-campeon-en-la-paz\/","url":"https:\/\/www.eldiario.net\/portal\/2023\/06\/15\/prado-es-recibido-como-un-campeon-en-la-paz\/","name":"Prado es recibido como un campe\u00f3n en La Paz - El Diario - Bolivia","isPartOf":{"@id":"https:\/\/www.eldiario.net\/portal\/#website"},"primaryImageOfPage":{"@id":"https:\/\/www.eldiario.net\/portal\/2023\/06\/15\/prado-es-recibido-como-un-campeon-en-la-paz\/#primaryimage"},"image":{"@id":"https:\/\/www.eldiario.net\/portal\/2023\/06\/15\/prado-es-recibido-como-un-campeon-en-la-paz\/#primaryimage"},"thumbnailUrl":"https:\/\/www.eldiario.net\/portal\/wp-content\/uploads\/2023\/06\/20230614131308-tenista-nacional-juan-carlos-prado-subcampeon-mundial-en-la-categoria-junior-en-el-roland-garros-scaled-1.jpg","datePublished":"2023-06-15T10:27:34+00:00","breadcrumb":{"@id":"https:\/\/www.eldiario.net\/portal\/2023\/06\/15\/prado-es-recibido-como-un-campeon-en-la-paz\/#breadcrumb"},"inLanguage":"es","potentialAction":[{"@type":"ReadAction","target":["https:\/\/www.eldiario.net\/portal\/2023\/06\/15\/prado-es-recibido-como-un-campeon-en-la-paz\/"]}]},{"@type":"ImageObject","inLanguage":"es","@id":"https:\/\/www.eldiario.net\/portal\/2023\/06\/15\/prado-es-recibido-como-un-campeon-en-la-paz\/#primaryimage","url":"https:\/\/www.eldiario.net\/portal\/wp-content\/uploads\/2023\/06\/20230614131308-tenista-nacional-juan-carlos-prado-subcampeon-mundial-en-la-categoria-junior-en-el-roland-garros-scaled-1.jpg","contentUrl":"https:\/\/www.eldiario.net\/portal\/wp-content\/uploads\/2023\/06\/20230614131308-tenista-nacional-juan-carlos-prado-subcampeon-mundial-en-la-categoria-junior-en-el-roland-garros-scaled-1.jpg","width":2560,"height":1790,"caption":"El tenista nacional Juan Carlos Prado (subcampe\u00f3n mundial en la Categor\u00eda Junior en el Roland Garros), visit\u00f3 las instalaciones del Club de Tenis La Paz, brind\u00f3 un conversatorio y realiz\u00f3 una demostraci\u00f3n de Tenis, el calor humano (sobre todo el entusiasmo de los ni\u00f1os) fue impresionante. FOTO\/Francisco RIVEROS@APGNoticiasBo"},{"@type":"BreadcrumbList","@id":"https:\/\/www.eldiario.net\/portal\/2023\/06\/15\/prado-es-recibido-como-un-campeon-en-la-paz\/#breadcrumb","itemListElement":[{"@type":"ListItem","position":1,"name":"Portada","item":"https:\/\/www.eldiario.net\/portal\/"},{"@type":"ListItem","position":2,"name":"Prado es recibido como un campe\u00f3n en La Paz"}]},{"@type":"WebSite","@id":"https:\/\/www.eldiario.net\/portal\/#website","url":"https:\/\/www.eldiario.net\/portal\/","name":"El Diario - Decano de la prensa nacional","description":"El Diario - Decano de la prensa nacional","publisher":{"@id":"https:\/\/www.eldiario.net\/portal\/#organization"},"potentialAction":[{"@type":"SearchAction","target":{"@type":"EntryPoint","urlTemplate":"https:\/\/www.eldiario.net\/portal\/?s={search_term_string}"},"query-input":{"@type":"PropertyValueSpecification","valueRequired":true,"valueName":"search_term_string"}}],"inLanguage":"es"},{"@type":"Organization","@id":"https:\/\/www.eldiario.net\/portal\/#organization","name":"El Diario - Decano de la prensa nacional","url":"https:\/\/www.eldiario.net\/portal\/","logo":{"@type":"ImageObject","inLanguage":"es","@id":"https:\/\/www.eldiario.net\/portal\/#\/schema\/logo\/image\/","url":"https:\/\/www.eldiario.net\/portal\/wp-content\/uploads\/2023\/07\/logo_ED.jpg","contentUrl":"https:\/\/www.eldiario.net\/portal\/wp-content\/uploads\/2023\/07\/logo_ED.jpg","width":272,"height":52,"caption":"El Diario - Decano de la prensa nacional"},"image":{"@id":"https:\/\/www.eldiario.net\/portal\/#\/schema\/logo\/image\/"},"sameAs":["https:\/\/www.facebook.com\/eldiario.bolivia\/","https:\/\/x.com\/eldiario_net"]},{"@type":"Person","@id":"https:\/\/www.eldiario.net\/portal\/#\/schema\/person\/f46445640444750d7d753ccd04ae01b7","name":"Jeanette","image":{"@type":"ImageObject","inLanguage":"es","@id":"https:\/\/secure.gravatar.com\/avatar\/3ea2118a5f7dad2b7138b1187a6b7ee55f160b9968b66013c3a3ef39dd7e5798?s=96&d=mm&r=g","url":"https:\/\/secure.gravatar.com\/avatar\/3ea2118a5f7dad2b7138b1187a6b7ee55f160b9968b66013c3a3ef39dd7e5798?s=96&d=mm&r=g","contentUrl":"https:\/\/secure.gravatar.com\/avatar\/3ea2118a5f7dad2b7138b1187a6b7ee55f160b9968b66013c3a3ef39dd7e5798?s=96&d=mm&r=g","caption":"Jeanette"},"sameAs":["https:\/\/www.eldiario.net\/portal"],"url":"https:\/\/www.eldiario.net\/portal\/author\/jeanette\/"}]}},"_links":{"self":[{"href":"https:\/\/www.eldiario.net\/portal\/wp-json\/wp\/v2\/posts\/160127","targetHints":{"allow":["GET"]}}],"collection":[{"href":"https:\/\/www.eldiario.net\/portal\/wp-json\/wp\/v2\/posts"}],"about":[{"href":"https:\/\/www.eldiario.net\/portal\/wp-json\/wp\/v2\/types\/post"}],"author":[{"embeddable":true,"href":"https:\/\/www.eldiario.net\/portal\/wp-json\/wp\/v2\/users\/1"}],"replies":[{"embeddable":true,"href":"https:\/\/www.eldiario.net\/portal\/wp-json\/wp\/v2\/comments?post=160127"}],"version-history":[{"count":0,"href":"https:\/\/www.eldiario.net\/portal\/wp-json\/wp\/v2\/posts\/160127\/revisions"}],"wp:featuredmedia":[{"embeddable":true,"href":"https:\/\/www.eldiario.net\/portal\/wp-json\/wp\/v2\/media\/160128"}],"wp:attachment":[{"href":"https:\/\/www.eldiario.net\/portal\/wp-json\/wp\/v2\/media?parent=160127"}],"wp:term":[{"taxonomy":"category","embeddable":true,"href":"https:\/\/www.eldiario.net\/portal\/wp-json\/wp\/v2\/categories?post=160127"},{"taxonomy":"post_tag","embeddable":true,"href":"https:\/\/www.eldiario.net\/portal\/wp-json\/wp\/v2\/tags?post=160127"}],"curies":[{"name":"wp","href":"https:\/\/api.w.org\/{rel}","templated":true}]}}