{"id":160122,"date":"2023-06-15T06:26:40","date_gmt":"2023-06-15T10:26:40","guid":{"rendered":"https:\/\/www.eldiario.net\/portal\/?p=160122"},"modified":"2023-06-15T06:26:40","modified_gmt":"2023-06-15T10:26:40","slug":"frio-nevada-y-lluvia-causan-muerte-y-dejan-mas-de-500-damnificados","status":"publish","type":"post","link":"https:\/\/www.eldiario.net\/portal\/2023\/06\/15\/frio-nevada-y-lluvia-causan-muerte-y-dejan-mas-de-500-damnificados\/","title":{"rendered":"Fr\u00edo, nevada y lluvia causan muerte  y dejan m\u00e1s de 500 damnificados"},"content":{"rendered":"<p class=\"v1MsoNormal\">Bolivia en los \u00faltimos d\u00edas soporta bajas temperaturas debido a la ola de fr\u00edo, nevada e inundaciones en diferentes regiones que causaron la muerte de al menos 3 personas. Las lluvias, adem\u00e1s de dejar m\u00e1s de 500 damnificados, tambi\u00e9n causan cuantiosas p\u00e9rdidas en la producci\u00f3n de alimentos y la crianza de ganado.<\/p>\n<p class=\"v1MsoNormal\">En los departamentos de La Paz, Potos\u00ed, Oruro, Cochabamba, Santa Cruz y Tarija se registran temperaturas bajo cero. En Beni los terneros mueren por el fr\u00edo; adem\u00e1s, de los cultivos da\u00f1ados, decenas de familias fueron desalojadas por las inundaciones en los municipios cruce\u00f1os de Cuatro Ca\u00f1adas y Okinawa.<\/p>\n<p class=\"v1MsoNormal\">Con relaci\u00f3n a los fallecidos, un reporte de Unitel da cuenta que el primer deceso fue reportado en Potos\u00ed, en donde se tuvo el registro de -13\u00baC. El director de la Fuerza Especial de Lucha Contra el Crimen (Felcc), Alejandro Fern\u00e1ndez, indic\u00f3 que el pasado 6 de junio se tuvo la muerte de un hombre por hipotermia.<\/p>\n<p class=\"v1MsoNormal\">Una segunda muerte ocurri\u00f3 el s\u00e1bado 10 de junio en una calle de la zona 12 de Octubre de la ciudad de El Alto, en el departamento de La Paz. \u00abEra una persona que era bebedor consuetudinario\u00bb, indic\u00f3 el comandante regional de la Polic\u00eda, Gunther Agudo.<\/p>\n<p class=\"v1MsoNormal\">El \u00faltimo caso de muerte se report\u00f3 el martes 13 de junio en Cuatro Ca\u00f1adas, un hombre que intent\u00f3 cruzar con su camioneta una quebrada fue arrastrado por la fuerza del agua, caus\u00e1ndole la muerte.<\/p>\n<p class=\"v1MsoNormal\">\n<p class=\"v1MsoNormal\">DAMNIFICADOS POR LLUVIAS<\/p>\n<p class=\"v1MsoNormal\">En los municipios cruce\u00f1os de Okinawa y Cuatro Ca\u00f1adas, la prolongada precipitaci\u00f3n pluvial dej\u00f3 un saldo de m\u00e1s de 500 damnificados los que tuvieron que abandonar sus hogares para buscar refugio en albergues provisionales.<\/p>\n<p class=\"v1MsoNormal\">Las inundaciones provocaron que las actividades escolares de Cuatro Ca\u00f1adas sean suspendidas hasta el viernes 16 de junio con el fin de resguardar las vidas de los menores. El coliseo y la guarder\u00eda municipal del lugar fueron habilitadas como albergues.<\/p>\n<p class=\"v1MsoNormal\">El Concejo Municipal de Cuatro Ca\u00f1adas aprob\u00f3 la Declaratoria Municipal tras las devastadoras inundaciones que azotaron esta regi\u00f3n y ya afectaron a m\u00e1s de 200 familias y 28 comunidades. Esta medida fue tomada para proveer ayuda a la poblaci\u00f3n de manera oportuna y eficaz.<\/p>\n<p class=\"v1MsoNormal\">En tanto que en Okinawa son 11, de 15 comunidades, las que han quedado bajo el agua debido a inundaciones. Incluso, en esta zona se debi\u00f3 suspender las labores educativas para evitar da\u00f1os personales entre la poblaci\u00f3n estudiantil.<\/p>\n<p class=\"v1MsoNormal\">\n<p class=\"v1MsoNormal\">OPERATIVOS DE RESCATE<\/p>\n<p class=\"v1MsoNormal\">Ante la emergencia por los efectos naturales, las autoridades se movilizan con helic\u00f3pteros y lanchas para rescatar a las familias damnificadas por las inundaciones en el municipio de Cuatro Ca\u00f1adas, en Santa Cruz.<\/p>\n<p class=\"v1MsoNormal\">Los funcionarios del Centro de Operaciones de Emergencia Departamental (COED) hacen uso de botes a motor para recorrer las diversas comunidades y as\u00ed evacuar a las familias que se encuentran aisladas.<\/p>\n<p class=\"v1MsoNormal\">Entretanto, Defensa Civil realiz\u00f3 un sobrevuelo en un helic\u00f3ptero S\u00faper Puma para identificar \u00e1reas afectadas y posteriormente rescatar a las personas que se encontraban en lugares de dif\u00edcil acceso.<\/p>\n<p class=\"v1MsoNormal\">Entre el personal empleado se tiene a rescatistas del SAR- FAB de Santa Cruz y personal de la Armada Boliviana, inform\u00f3 el Viceministro de Defensa Civil mediante un bolet\u00edn informativo.<\/p>\n<div id='gallery-1' class='gallery galleryid-160122 gallery-columns-3 gallery-size-medium'><figure class='gallery-item'>\n\t\t\t<div class='gallery-icon landscape'>\n\t\t\t\t<a href='https:\/\/www.eldiario.net\/portal\/2023\/06\/15\/frio-nevada-y-lluvia-causan-muerte-y-dejan-mas-de-500-damnificados\/28-muere-ganado-apg\/'><img loading=\"lazy\" decoding=\"async\" width=\"300\" height=\"169\" src=\"https:\/\/www.eldiario.net\/portal\/wp-content\/uploads\/2023\/06\/28-muere-ganado-apg-300x169.jpg\" class=\"attachment-medium size-medium\" alt=\"\" srcset=\"https:\/\/www.eldiario.net\/portal\/wp-content\/uploads\/2023\/06\/28-muere-ganado-apg-300x169.jpg 300w, https:\/\/www.eldiario.net\/portal\/wp-content\/uploads\/2023\/06\/28-muere-ganado-apg-768x432.jpg 768w, https:\/\/www.eldiario.net\/portal\/wp-content\/uploads\/2023\/06\/28-muere-ganado-apg-696x392.jpg 696w, https:\/\/www.eldiario.net\/portal\/wp-content\/uploads\/2023\/06\/28-muere-ganado-apg.jpg 992w\" sizes=\"auto, (max-width: 300px) 100vw, 300px\" \/><\/a>\n\t\t\t<\/div><\/figure><figure class='gallery-item'>\n\t\t\t<div class='gallery-icon landscape'>\n\t\t\t\t<a href='https:\/\/www.eldiario.net\/portal\/2023\/06\/15\/frio-nevada-y-lluvia-causan-muerte-y-dejan-mas-de-500-damnificados\/28-helada-bd\/'><img loading=\"lazy\" decoding=\"async\" width=\"300\" height=\"166\" src=\"https:\/\/www.eldiario.net\/portal\/wp-content\/uploads\/2023\/06\/28-HELADA-BD-300x166.jpg\" class=\"attachment-medium size-medium\" alt=\"\" srcset=\"https:\/\/www.eldiario.net\/portal\/wp-content\/uploads\/2023\/06\/28-HELADA-BD-300x166.jpg 300w, https:\/\/www.eldiario.net\/portal\/wp-content\/uploads\/2023\/06\/28-HELADA-BD-696x386.jpg 696w, https:\/\/www.eldiario.net\/portal\/wp-content\/uploads\/2023\/06\/28-HELADA-BD.jpg 720w\" sizes=\"auto, (max-width: 300px) 100vw, 300px\" \/><\/a>\n\t\t\t<\/div><\/figure><figure class='gallery-item'>\n\t\t\t<div class='gallery-icon landscape'>\n\t\t\t\t<a href='https:\/\/www.eldiario.net\/portal\/2023\/06\/15\/frio-nevada-y-lluvia-causan-muerte-y-dejan-mas-de-500-damnificados\/28-inundaciones-santa-cruz-defensa-civil\/'><img loading=\"lazy\" decoding=\"async\" width=\"300\" height=\"168\" src=\"https:\/\/www.eldiario.net\/portal\/wp-content\/uploads\/2023\/06\/28-inundaciones-santa-cruz-defensa-civil-300x168.jpg\" class=\"attachment-medium size-medium\" alt=\"\" aria-describedby=\"gallery-1-160125\" srcset=\"https:\/\/www.eldiario.net\/portal\/wp-content\/uploads\/2023\/06\/28-inundaciones-santa-cruz-defensa-civil-300x168.jpg 300w, https:\/\/www.eldiario.net\/portal\/wp-content\/uploads\/2023\/06\/28-inundaciones-santa-cruz-defensa-civil-768x429.jpg 768w, https:\/\/www.eldiario.net\/portal\/wp-content\/uploads\/2023\/06\/28-inundaciones-santa-cruz-defensa-civil-696x389.jpg 696w, https:\/\/www.eldiario.net\/portal\/wp-content\/uploads\/2023\/06\/28-inundaciones-santa-cruz-defensa-civil.jpg 770w\" sizes=\"auto, (max-width: 300px) 100vw, 300px\" \/><\/a>\n\t\t\t<\/div>\n\t\t\t\t<figcaption class='wp-caption-text gallery-caption' id='gallery-1-160125'>\n\t\t\t\tFen\u00f3menos naturales causan desastres en varios departamentos del pa\u00eds.\n\t\t\t\t<\/figcaption><\/figure>\n\t\t<\/div>\n\n","protected":false},"excerpt":{"rendered":"<p>Bolivia en los \u00faltimos d\u00edas soporta bajas temperaturas debido a la ola de fr\u00edo, nevada e inundaciones en diferentes regiones que causaron la muerte de al menos 3 personas. Las lluvias, adem\u00e1s de dejar m\u00e1s de 500 damnificados, tambi\u00e9n causan cuantiosas p\u00e9rdidas en la producci\u00f3n de alimentos y la crianza de ganado. En los departamentos [&hellip;]<\/p>\n","protected":false},"author":1,"featured_media":160125,"comment_status":"closed","ping_status":"closed","sticky":false,"template":"","format":"standard","meta":{"_acf_changed":false,"footnotes":""},"categories":[17],"tags":[],"class_list":["post-160122","post","type-post","status-publish","format-standard","has-post-thumbnail","category-principal"],"acf":{"antetitulo":""},"yoast_head":"<!-- This site is optimized with the Yoast SEO plugin v28.3 - https:\/\/yoast.com\/product\/yoast-seo-wordpress\/ -->\n<title>Fr\u00edo, nevada y lluvia causan muerte y dejan m\u00e1s de 500 damnificados - El Diario - Bolivia<\/title>\n<meta name=\"robots\" content=\"index, follow, max-snippet:-1, max-image-preview:large, max-video-preview:-1\" \/>\n<link rel=\"canonical\" href=\"https:\/\/www.eldiario.net\/portal\/2023\/06\/15\/frio-nevada-y-lluvia-causan-muerte-y-dejan-mas-de-500-damnificados\/\" \/>\n<meta property=\"og:locale\" content=\"es_ES\" \/>\n<meta property=\"og:type\" content=\"article\" \/>\n<meta property=\"og:title\" content=\"Fr\u00edo, nevada y lluvia causan muerte y dejan m\u00e1s de 500 damnificados - El Diario - Bolivia\" \/>\n<meta property=\"og:description\" content=\"Bolivia en los \u00faltimos d\u00edas soporta bajas temperaturas debido a la ola de fr\u00edo, nevada e inundaciones en diferentes regiones que causaron la muerte de al menos 3 personas. Las lluvias, adem\u00e1s de dejar m\u00e1s de 500 damnificados, tambi\u00e9n causan cuantiosas p\u00e9rdidas en la producci\u00f3n de alimentos y la crianza de ganado. En los departamentos [&hellip;]\" \/>\n<meta property=\"og:url\" content=\"https:\/\/www.eldiario.net\/portal\/2023\/06\/15\/frio-nevada-y-lluvia-causan-muerte-y-dejan-mas-de-500-damnificados\/\" \/>\n<meta property=\"og:site_name\" content=\"El Diario - Bolivia\" \/>\n<meta property=\"article:publisher\" content=\"https:\/\/www.facebook.com\/eldiario.bolivia\/\" \/>\n<meta property=\"article:published_time\" content=\"2023-06-15T10:26:40+00:00\" \/>\n<meta property=\"og:image\" content=\"https:\/\/www.eldiario.net\/portal\/wp-content\/uploads\/2023\/06\/28-inundaciones-santa-cruz-defensa-civil.jpg\" \/>\n\t<meta property=\"og:image:width\" content=\"770\" \/>\n\t<meta property=\"og:image:height\" content=\"430\" \/>\n\t<meta property=\"og:image:type\" content=\"image\/jpeg\" \/>\n<meta name=\"author\" content=\"Jeanette\" \/>\n<meta name=\"twitter:card\" content=\"summary_large_image\" \/>\n<meta name=\"twitter:creator\" content=\"@eldiario_net\" \/>\n<meta name=\"twitter:site\" content=\"@eldiario_net\" \/>\n<meta name=\"twitter:label1\" content=\"Escrito por\" \/>\n\t<meta name=\"twitter:data1\" content=\"Jeanette\" \/>\n\t<meta name=\"twitter:label2\" content=\"Tiempo de lectura\" \/>\n\t<meta name=\"twitter:data2\" content=\"3 minutos\" \/>\n<script type=\"application\/ld+json\" class=\"yoast-schema-graph\">{\"@context\":\"https:\\\/\\\/schema.org\",\"@graph\":[{\"@type\":\"Article\",\"@id\":\"https:\\\/\\\/www.eldiario.net\\\/portal\\\/2023\\\/06\\\/15\\\/frio-nevada-y-lluvia-causan-muerte-y-dejan-mas-de-500-damnificados\\\/#article\",\"isPartOf\":{\"@id\":\"https:\\\/\\\/www.eldiario.net\\\/portal\\\/2023\\\/06\\\/15\\\/frio-nevada-y-lluvia-causan-muerte-y-dejan-mas-de-500-damnificados\\\/\"},\"author\":{\"name\":\"Jeanette\",\"@id\":\"https:\\\/\\\/www.eldiario.net\\\/portal\\\/#\\\/schema\\\/person\\\/f46445640444750d7d753ccd04ae01b7\"},\"headline\":\"Fr\u00edo, nevada y lluvia causan muerte y dejan m\u00e1s de 500 damnificados\",\"datePublished\":\"2023-06-15T10:26:40+00:00\",\"mainEntityOfPage\":{\"@id\":\"https:\\\/\\\/www.eldiario.net\\\/portal\\\/2023\\\/06\\\/15\\\/frio-nevada-y-lluvia-causan-muerte-y-dejan-mas-de-500-damnificados\\\/\"},\"wordCount\":565,\"publisher\":{\"@id\":\"https:\\\/\\\/www.eldiario.net\\\/portal\\\/#organization\"},\"image\":{\"@id\":\"https:\\\/\\\/www.eldiario.net\\\/portal\\\/2023\\\/06\\\/15\\\/frio-nevada-y-lluvia-causan-muerte-y-dejan-mas-de-500-damnificados\\\/#primaryimage\"},\"thumbnailUrl\":\"https:\\\/\\\/www.eldiario.net\\\/portal\\\/wp-content\\\/uploads\\\/2023\\\/06\\\/28-inundaciones-santa-cruz-defensa-civil.jpg\",\"articleSection\":[\"Principal\"],\"inLanguage\":\"es\"},{\"@type\":\"WebPage\",\"@id\":\"https:\\\/\\\/www.eldiario.net\\\/portal\\\/2023\\\/06\\\/15\\\/frio-nevada-y-lluvia-causan-muerte-y-dejan-mas-de-500-damnificados\\\/\",\"url\":\"https:\\\/\\\/www.eldiario.net\\\/portal\\\/2023\\\/06\\\/15\\\/frio-nevada-y-lluvia-causan-muerte-y-dejan-mas-de-500-damnificados\\\/\",\"name\":\"Fr\u00edo, nevada y lluvia causan muerte y dejan m\u00e1s de 500 damnificados - El Diario - Bolivia\",\"isPartOf\":{\"@id\":\"https:\\\/\\\/www.eldiario.net\\\/portal\\\/#website\"},\"primaryImageOfPage\":{\"@id\":\"https:\\\/\\\/www.eldiario.net\\\/portal\\\/2023\\\/06\\\/15\\\/frio-nevada-y-lluvia-causan-muerte-y-dejan-mas-de-500-damnificados\\\/#primaryimage\"},\"image\":{\"@id\":\"https:\\\/\\\/www.eldiario.net\\\/portal\\\/2023\\\/06\\\/15\\\/frio-nevada-y-lluvia-causan-muerte-y-dejan-mas-de-500-damnificados\\\/#primaryimage\"},\"thumbnailUrl\":\"https:\\\/\\\/www.eldiario.net\\\/portal\\\/wp-content\\\/uploads\\\/2023\\\/06\\\/28-inundaciones-santa-cruz-defensa-civil.jpg\",\"datePublished\":\"2023-06-15T10:26:40+00:00\",\"breadcrumb\":{\"@id\":\"https:\\\/\\\/www.eldiario.net\\\/portal\\\/2023\\\/06\\\/15\\\/frio-nevada-y-lluvia-causan-muerte-y-dejan-mas-de-500-damnificados\\\/#breadcrumb\"},\"inLanguage\":\"es\",\"potentialAction\":[{\"@type\":\"ReadAction\",\"target\":[\"https:\\\/\\\/www.eldiario.net\\\/portal\\\/2023\\\/06\\\/15\\\/frio-nevada-y-lluvia-causan-muerte-y-dejan-mas-de-500-damnificados\\\/\"]}]},{\"@type\":\"ImageObject\",\"inLanguage\":\"es\",\"@id\":\"https:\\\/\\\/www.eldiario.net\\\/portal\\\/2023\\\/06\\\/15\\\/frio-nevada-y-lluvia-causan-muerte-y-dejan-mas-de-500-damnificados\\\/#primaryimage\",\"url\":\"https:\\\/\\\/www.eldiario.net\\\/portal\\\/wp-content\\\/uploads\\\/2023\\\/06\\\/28-inundaciones-santa-cruz-defensa-civil.jpg\",\"contentUrl\":\"https:\\\/\\\/www.eldiario.net\\\/portal\\\/wp-content\\\/uploads\\\/2023\\\/06\\\/28-inundaciones-santa-cruz-defensa-civil.jpg\",\"width\":770,\"height\":430,\"caption\":\"Fen\u00f3menos naturales causan desastres en varios departamentos del pa\u00eds.\"},{\"@type\":\"BreadcrumbList\",\"@id\":\"https:\\\/\\\/www.eldiario.net\\\/portal\\\/2023\\\/06\\\/15\\\/frio-nevada-y-lluvia-causan-muerte-y-dejan-mas-de-500-damnificados\\\/#breadcrumb\",\"itemListElement\":[{\"@type\":\"ListItem\",\"position\":1,\"name\":\"Portada\",\"item\":\"https:\\\/\\\/www.eldiario.net\\\/portal\\\/\"},{\"@type\":\"ListItem\",\"position\":2,\"name\":\"Fr\u00edo, nevada y lluvia causan muerte y dejan m\u00e1s de 500 damnificados\"}]},{\"@type\":\"WebSite\",\"@id\":\"https:\\\/\\\/www.eldiario.net\\\/portal\\\/#website\",\"url\":\"https:\\\/\\\/www.eldiario.net\\\/portal\\\/\",\"name\":\"El Diario - Decano de la prensa nacional\",\"description\":\"El Diario - Decano de la prensa nacional\",\"publisher\":{\"@id\":\"https:\\\/\\\/www.eldiario.net\\\/portal\\\/#organization\"},\"potentialAction\":[{\"@type\":\"SearchAction\",\"target\":{\"@type\":\"EntryPoint\",\"urlTemplate\":\"https:\\\/\\\/www.eldiario.net\\\/portal\\\/?s={search_term_string}\"},\"query-input\":{\"@type\":\"PropertyValueSpecification\",\"valueRequired\":true,\"valueName\":\"search_term_string\"}}],\"inLanguage\":\"es\"},{\"@type\":\"Organization\",\"@id\":\"https:\\\/\\\/www.eldiario.net\\\/portal\\\/#organization\",\"name\":\"El Diario - Decano de la prensa nacional\",\"url\":\"https:\\\/\\\/www.eldiario.net\\\/portal\\\/\",\"logo\":{\"@type\":\"ImageObject\",\"inLanguage\":\"es\",\"@id\":\"https:\\\/\\\/www.eldiario.net\\\/portal\\\/#\\\/schema\\\/logo\\\/image\\\/\",\"url\":\"https:\\\/\\\/www.eldiario.net\\\/portal\\\/wp-content\\\/uploads\\\/2023\\\/07\\\/logo_ED.jpg\",\"contentUrl\":\"https:\\\/\\\/www.eldiario.net\\\/portal\\\/wp-content\\\/uploads\\\/2023\\\/07\\\/logo_ED.jpg\",\"width\":272,\"height\":52,\"caption\":\"El Diario - Decano de la prensa nacional\"},\"image\":{\"@id\":\"https:\\\/\\\/www.eldiario.net\\\/portal\\\/#\\\/schema\\\/logo\\\/image\\\/\"},\"sameAs\":[\"https:\\\/\\\/www.facebook.com\\\/eldiario.bolivia\\\/\",\"https:\\\/\\\/x.com\\\/eldiario_net\"]},{\"@type\":\"Person\",\"@id\":\"https:\\\/\\\/www.eldiario.net\\\/portal\\\/#\\\/schema\\\/person\\\/f46445640444750d7d753ccd04ae01b7\",\"name\":\"Jeanette\",\"image\":{\"@type\":\"ImageObject\",\"inLanguage\":\"es\",\"@id\":\"https:\\\/\\\/secure.gravatar.com\\\/avatar\\\/3ea2118a5f7dad2b7138b1187a6b7ee55f160b9968b66013c3a3ef39dd7e5798?s=96&d=mm&r=g\",\"url\":\"https:\\\/\\\/secure.gravatar.com\\\/avatar\\\/3ea2118a5f7dad2b7138b1187a6b7ee55f160b9968b66013c3a3ef39dd7e5798?s=96&d=mm&r=g\",\"contentUrl\":\"https:\\\/\\\/secure.gravatar.com\\\/avatar\\\/3ea2118a5f7dad2b7138b1187a6b7ee55f160b9968b66013c3a3ef39dd7e5798?s=96&d=mm&r=g\",\"caption\":\"Jeanette\"},\"sameAs\":[\"https:\\\/\\\/www.eldiario.net\\\/portal\"],\"url\":\"https:\\\/\\\/www.eldiario.net\\\/portal\\\/author\\\/jeanette\\\/\"}]}<\/script>\n<!-- \/ Yoast SEO plugin. -->","yoast_head_json":{"title":"Fr\u00edo, nevada y lluvia causan muerte y dejan m\u00e1s de 500 damnificados - El Diario - Bolivia","robots":{"index":"index","follow":"follow","max-snippet":"max-snippet:-1","max-image-preview":"max-image-preview:large","max-video-preview":"max-video-preview:-1"},"canonical":"https:\/\/www.eldiario.net\/portal\/2023\/06\/15\/frio-nevada-y-lluvia-causan-muerte-y-dejan-mas-de-500-damnificados\/","og_locale":"es_ES","og_type":"article","og_title":"Fr\u00edo, nevada y lluvia causan muerte y dejan m\u00e1s de 500 damnificados - El Diario - Bolivia","og_description":"Bolivia en los \u00faltimos d\u00edas soporta bajas temperaturas debido a la ola de fr\u00edo, nevada e inundaciones en diferentes regiones que causaron la muerte de al menos 3 personas. Las lluvias, adem\u00e1s de dejar m\u00e1s de 500 damnificados, tambi\u00e9n causan cuantiosas p\u00e9rdidas en la producci\u00f3n de alimentos y la crianza de ganado. En los departamentos [&hellip;]","og_url":"https:\/\/www.eldiario.net\/portal\/2023\/06\/15\/frio-nevada-y-lluvia-causan-muerte-y-dejan-mas-de-500-damnificados\/","og_site_name":"El Diario - Bolivia","article_publisher":"https:\/\/www.facebook.com\/eldiario.bolivia\/","article_published_time":"2023-06-15T10:26:40+00:00","og_image":[{"width":770,"height":430,"url":"https:\/\/www.eldiario.net\/portal\/wp-content\/uploads\/2023\/06\/28-inundaciones-santa-cruz-defensa-civil.jpg","type":"image\/jpeg"}],"author":"Jeanette","twitter_card":"summary_large_image","twitter_creator":"@eldiario_net","twitter_site":"@eldiario_net","twitter_misc":{"Escrito por":"Jeanette","Tiempo de lectura":"3 minutos"},"schema":{"@context":"https:\/\/schema.org","@graph":[{"@type":"Article","@id":"https:\/\/www.eldiario.net\/portal\/2023\/06\/15\/frio-nevada-y-lluvia-causan-muerte-y-dejan-mas-de-500-damnificados\/#article","isPartOf":{"@id":"https:\/\/www.eldiario.net\/portal\/2023\/06\/15\/frio-nevada-y-lluvia-causan-muerte-y-dejan-mas-de-500-damnificados\/"},"author":{"name":"Jeanette","@id":"https:\/\/www.eldiario.net\/portal\/#\/schema\/person\/f46445640444750d7d753ccd04ae01b7"},"headline":"Fr\u00edo, nevada y lluvia causan muerte y dejan m\u00e1s de 500 damnificados","datePublished":"2023-06-15T10:26:40+00:00","mainEntityOfPage":{"@id":"https:\/\/www.eldiario.net\/portal\/2023\/06\/15\/frio-nevada-y-lluvia-causan-muerte-y-dejan-mas-de-500-damnificados\/"},"wordCount":565,"publisher":{"@id":"https:\/\/www.eldiario.net\/portal\/#organization"},"image":{"@id":"https:\/\/www.eldiario.net\/portal\/2023\/06\/15\/frio-nevada-y-lluvia-causan-muerte-y-dejan-mas-de-500-damnificados\/#primaryimage"},"thumbnailUrl":"https:\/\/www.eldiario.net\/portal\/wp-content\/uploads\/2023\/06\/28-inundaciones-santa-cruz-defensa-civil.jpg","articleSection":["Principal"],"inLanguage":"es"},{"@type":"WebPage","@id":"https:\/\/www.eldiario.net\/portal\/2023\/06\/15\/frio-nevada-y-lluvia-causan-muerte-y-dejan-mas-de-500-damnificados\/","url":"https:\/\/www.eldiario.net\/portal\/2023\/06\/15\/frio-nevada-y-lluvia-causan-muerte-y-dejan-mas-de-500-damnificados\/","name":"Fr\u00edo, nevada y lluvia causan muerte y dejan m\u00e1s de 500 damnificados - El Diario - Bolivia","isPartOf":{"@id":"https:\/\/www.eldiario.net\/portal\/#website"},"primaryImageOfPage":{"@id":"https:\/\/www.eldiario.net\/portal\/2023\/06\/15\/frio-nevada-y-lluvia-causan-muerte-y-dejan-mas-de-500-damnificados\/#primaryimage"},"image":{"@id":"https:\/\/www.eldiario.net\/portal\/2023\/06\/15\/frio-nevada-y-lluvia-causan-muerte-y-dejan-mas-de-500-damnificados\/#primaryimage"},"thumbnailUrl":"https:\/\/www.eldiario.net\/portal\/wp-content\/uploads\/2023\/06\/28-inundaciones-santa-cruz-defensa-civil.jpg","datePublished":"2023-06-15T10:26:40+00:00","breadcrumb":{"@id":"https:\/\/www.eldiario.net\/portal\/2023\/06\/15\/frio-nevada-y-lluvia-causan-muerte-y-dejan-mas-de-500-damnificados\/#breadcrumb"},"inLanguage":"es","potentialAction":[{"@type":"ReadAction","target":["https:\/\/www.eldiario.net\/portal\/2023\/06\/15\/frio-nevada-y-lluvia-causan-muerte-y-dejan-mas-de-500-damnificados\/"]}]},{"@type":"ImageObject","inLanguage":"es","@id":"https:\/\/www.eldiario.net\/portal\/2023\/06\/15\/frio-nevada-y-lluvia-causan-muerte-y-dejan-mas-de-500-damnificados\/#primaryimage","url":"https:\/\/www.eldiario.net\/portal\/wp-content\/uploads\/2023\/06\/28-inundaciones-santa-cruz-defensa-civil.jpg","contentUrl":"https:\/\/www.eldiario.net\/portal\/wp-content\/uploads\/2023\/06\/28-inundaciones-santa-cruz-defensa-civil.jpg","width":770,"height":430,"caption":"Fen\u00f3menos naturales causan desastres en varios departamentos del pa\u00eds."},{"@type":"BreadcrumbList","@id":"https:\/\/www.eldiario.net\/portal\/2023\/06\/15\/frio-nevada-y-lluvia-causan-muerte-y-dejan-mas-de-500-damnificados\/#breadcrumb","itemListElement":[{"@type":"ListItem","position":1,"name":"Portada","item":"https:\/\/www.eldiario.net\/portal\/"},{"@type":"ListItem","position":2,"name":"Fr\u00edo, nevada y lluvia causan muerte y dejan m\u00e1s de 500 damnificados"}]},{"@type":"WebSite","@id":"https:\/\/www.eldiario.net\/portal\/#website","url":"https:\/\/www.eldiario.net\/portal\/","name":"El Diario - Decano de la prensa nacional","description":"El Diario - Decano de la prensa nacional","publisher":{"@id":"https:\/\/www.eldiario.net\/portal\/#organization"},"potentialAction":[{"@type":"SearchAction","target":{"@type":"EntryPoint","urlTemplate":"https:\/\/www.eldiario.net\/portal\/?s={search_term_string}"},"query-input":{"@type":"PropertyValueSpecification","valueRequired":true,"valueName":"search_term_string"}}],"inLanguage":"es"},{"@type":"Organization","@id":"https:\/\/www.eldiario.net\/portal\/#organization","name":"El Diario - Decano de la prensa nacional","url":"https:\/\/www.eldiario.net\/portal\/","logo":{"@type":"ImageObject","inLanguage":"es","@id":"https:\/\/www.eldiario.net\/portal\/#\/schema\/logo\/image\/","url":"https:\/\/www.eldiario.net\/portal\/wp-content\/uploads\/2023\/07\/logo_ED.jpg","contentUrl":"https:\/\/www.eldiario.net\/portal\/wp-content\/uploads\/2023\/07\/logo_ED.jpg","width":272,"height":52,"caption":"El Diario - Decano de la prensa nacional"},"image":{"@id":"https:\/\/www.eldiario.net\/portal\/#\/schema\/logo\/image\/"},"sameAs":["https:\/\/www.facebook.com\/eldiario.bolivia\/","https:\/\/x.com\/eldiario_net"]},{"@type":"Person","@id":"https:\/\/www.eldiario.net\/portal\/#\/schema\/person\/f46445640444750d7d753ccd04ae01b7","name":"Jeanette","image":{"@type":"ImageObject","inLanguage":"es","@id":"https:\/\/secure.gravatar.com\/avatar\/3ea2118a5f7dad2b7138b1187a6b7ee55f160b9968b66013c3a3ef39dd7e5798?s=96&d=mm&r=g","url":"https:\/\/secure.gravatar.com\/avatar\/3ea2118a5f7dad2b7138b1187a6b7ee55f160b9968b66013c3a3ef39dd7e5798?s=96&d=mm&r=g","contentUrl":"https:\/\/secure.gravatar.com\/avatar\/3ea2118a5f7dad2b7138b1187a6b7ee55f160b9968b66013c3a3ef39dd7e5798?s=96&d=mm&r=g","caption":"Jeanette"},"sameAs":["https:\/\/www.eldiario.net\/portal"],"url":"https:\/\/www.eldiario.net\/portal\/author\/jeanette\/"}]}},"_links":{"self":[{"href":"https:\/\/www.eldiario.net\/portal\/wp-json\/wp\/v2\/posts\/160122","targetHints":{"allow":["GET"]}}],"collection":[{"href":"https:\/\/www.eldiario.net\/portal\/wp-json\/wp\/v2\/posts"}],"about":[{"href":"https:\/\/www.eldiario.net\/portal\/wp-json\/wp\/v2\/types\/post"}],"author":[{"embeddable":true,"href":"https:\/\/www.eldiario.net\/portal\/wp-json\/wp\/v2\/users\/1"}],"replies":[{"embeddable":true,"href":"https:\/\/www.eldiario.net\/portal\/wp-json\/wp\/v2\/comments?post=160122"}],"version-history":[{"count":0,"href":"https:\/\/www.eldiario.net\/portal\/wp-json\/wp\/v2\/posts\/160122\/revisions"}],"wp:featuredmedia":[{"embeddable":true,"href":"https:\/\/www.eldiario.net\/portal\/wp-json\/wp\/v2\/media\/160125"}],"wp:attachment":[{"href":"https:\/\/www.eldiario.net\/portal\/wp-json\/wp\/v2\/media?parent=160122"}],"wp:term":[{"taxonomy":"category","embeddable":true,"href":"https:\/\/www.eldiario.net\/portal\/wp-json\/wp\/v2\/categories?post=160122"},{"taxonomy":"post_tag","embeddable":true,"href":"https:\/\/www.eldiario.net\/portal\/wp-json\/wp\/v2\/tags?post=160122"}],"curies":[{"name":"wp","href":"https:\/\/api.w.org\/{rel}","templated":true}]}}