{"id":160119,"date":"2023-06-15T06:24:50","date_gmt":"2023-06-15T10:24:50","guid":{"rendered":"https:\/\/www.eldiario.net\/portal\/?p=160119"},"modified":"2023-06-15T06:24:50","modified_gmt":"2023-06-15T10:24:50","slug":"excanciller-longaric-denuncia-persecucion-politica-ante-cidh","status":"publish","type":"post","link":"https:\/\/www.eldiario.net\/portal\/2023\/06\/15\/excanciller-longaric-denuncia-persecucion-politica-ante-cidh\/","title":{"rendered":"Excanciller Longaric denuncia  persecuci\u00f3n pol\u00edtica ante CIDH"},"content":{"rendered":"<p class=\"v1MsoNormal\">La excanciller Karen Longaric denunci\u00f3 que es v\u00edctima de persecuci\u00f3n pol\u00edtica con al menos siete procesos seguidos en su contra por el gobierno de Luis Arce, por lo que, solicit\u00f3 a la Comisi\u00f3n Interamericana de Derechos Humanos (CIDH) la protecci\u00f3n y resguardo de sus derechos. \u00abLongaric precis\u00f3 que se activaron siete procesos en su contra, los mismos tienen que ver con supuestos il\u00edcitos cometidos en el periodo de su gesti\u00f3n en el Ministerio de Relaciones Exteriores, entre el 14 de noviembre de 2019 al 6 de noviembre de 2020.<\/p>\n<p class=\"v1MsoNormal\">La ex autoridad precisa que el primer proceso en su contra, iniciado por la Canciller\u00eda, es por no ejecutar plenamente un presupuesto destinado a la atenci\u00f3n de compatriotas bolivianos en el exterior durante la emergencia por el covid-19. Por ese caso, el fiscal Tomas Choque solicit\u00f3 la retenci\u00f3n de cuentas bancarias y anotaciones de bienes de la ex autoridad.<\/p>\n<p class=\"v1MsoNormal\">El segundo vaso iniciado tambi\u00e9n por la Canciller\u00eda es por presuntamente &#8216;haber promovido&#8217; la promulgaci\u00f3n del Decreto Supremo 4240 de 19 de mayo de 2020, ya que este &#8216;ser\u00eda contrario a la Constituci\u00f3n'\u00bb.<\/p>\n<p class=\"v1MsoNormal\">Otro proceso iniciado contra Longaric es por presunta legitimaci\u00f3n de ganancias il\u00edcitas seguida por la Unidad de Investigaciones Financieras (UIF). La ex autoridad se\u00f1ala que no hubo una notificaci\u00f3n debida sobre la existencia de este proceso y que no existen elementos ciertos que motiven dicha investigaci\u00f3n.<\/p>\n<p class=\"v1MsoNormal\">El cuarto proceso es por presuntos nombramientos ilegales y usurpaci\u00f3n de funciones.<\/p>\n<p class=\"v1MsoNormal\">La quinta causa es tambi\u00e9n por incumplimiento de deberes y Longaric dice que desconoce el contenido de este proceso. El sexto proceso es un sumario administrativo, en el que la ex canciller denunci\u00f3 que se le neg\u00f3 conocer la denuncia y asumir la defensa respectiva, dej\u00e1ndola en indefensi\u00f3n.<\/p>\n<p class=\"v1MsoNormal\">Un s\u00e9ptimo proceso es una denuncia de la Canciller\u00eda por presunto da\u00f1o econ\u00f3mico al Estado por pasajes no utilizados.<\/p>\n<p class=\"v1MsoNormal\">En ese marco, Longaric pide a la CIDH incorporar su caso dentro del monitoreo y los informes que realiza esa instancia sobre la situaci\u00f3n de los derechos humanos en la regi\u00f3n y Bolivia. Asimismo, pide una reuni\u00f3n con un representante o con el equipo de investigaci\u00f3n, a fin de poder ampliar la informaci\u00f3n presentada.<\/p>\n","protected":false},"excerpt":{"rendered":"<p>La excanciller Karen Longaric denunci\u00f3 que es v\u00edctima de persecuci\u00f3n pol\u00edtica con al menos siete procesos seguidos en su contra por el gobierno de Luis Arce, por lo que, solicit\u00f3 a la Comisi\u00f3n Interamericana de Derechos Humanos (CIDH) la protecci\u00f3n y resguardo de sus derechos. \u00abLongaric precis\u00f3 que se activaron siete procesos en su contra, [&hellip;]<\/p>\n","protected":false},"author":1,"featured_media":160120,"comment_status":"closed","ping_status":"closed","sticky":false,"template":"","format":"standard","meta":{"_acf_changed":false,"footnotes":""},"categories":[15],"tags":[],"class_list":["post-160119","post","type-post","status-publish","format-standard","has-post-thumbnail","category-portada"],"acf":{"antetitulo":""},"yoast_head":"<!-- This site is optimized with the Yoast SEO plugin v28.3 - https:\/\/yoast.com\/product\/yoast-seo-wordpress\/ -->\n<title>Excanciller Longaric denuncia persecuci\u00f3n pol\u00edtica ante CIDH - El Diario - Bolivia<\/title>\n<meta name=\"robots\" content=\"index, follow, max-snippet:-1, max-image-preview:large, max-video-preview:-1\" \/>\n<link rel=\"canonical\" href=\"https:\/\/www.eldiario.net\/portal\/2023\/06\/15\/excanciller-longaric-denuncia-persecucion-politica-ante-cidh\/\" \/>\n<meta property=\"og:locale\" content=\"es_ES\" \/>\n<meta property=\"og:type\" content=\"article\" \/>\n<meta property=\"og:title\" content=\"Excanciller Longaric denuncia persecuci\u00f3n pol\u00edtica ante CIDH - El Diario - Bolivia\" \/>\n<meta property=\"og:description\" content=\"La excanciller Karen Longaric denunci\u00f3 que es v\u00edctima de persecuci\u00f3n pol\u00edtica con al menos siete procesos seguidos en su contra por el gobierno de Luis Arce, por lo que, solicit\u00f3 a la Comisi\u00f3n Interamericana de Derechos Humanos (CIDH) la protecci\u00f3n y resguardo de sus derechos. \u00abLongaric precis\u00f3 que se activaron siete procesos en su contra, [&hellip;]\" \/>\n<meta property=\"og:url\" content=\"https:\/\/www.eldiario.net\/portal\/2023\/06\/15\/excanciller-longaric-denuncia-persecucion-politica-ante-cidh\/\" \/>\n<meta property=\"og:site_name\" content=\"El Diario - Bolivia\" \/>\n<meta property=\"article:publisher\" content=\"https:\/\/www.facebook.com\/eldiario.bolivia\/\" \/>\n<meta property=\"article:published_time\" content=\"2023-06-15T10:24:50+00:00\" \/>\n<meta property=\"og:image\" content=\"https:\/\/www.eldiario.net\/portal\/wp-content\/uploads\/2023\/06\/27-Longaric-rrss.jpg\" \/>\n\t<meta property=\"og:image:width\" content=\"583\" \/>\n\t<meta property=\"og:image:height\" content=\"430\" \/>\n\t<meta property=\"og:image:type\" content=\"image\/jpeg\" \/>\n<meta name=\"author\" content=\"Jeanette\" \/>\n<meta name=\"twitter:card\" content=\"summary_large_image\" \/>\n<meta name=\"twitter:creator\" content=\"@eldiario_net\" \/>\n<meta name=\"twitter:site\" content=\"@eldiario_net\" \/>\n<meta name=\"twitter:label1\" content=\"Escrito por\" \/>\n\t<meta name=\"twitter:data1\" content=\"Jeanette\" \/>\n\t<meta name=\"twitter:label2\" content=\"Tiempo de lectura\" \/>\n\t<meta name=\"twitter:data2\" content=\"2 minutos\" \/>\n<script type=\"application\/ld+json\" class=\"yoast-schema-graph\">{\"@context\":\"https:\\\/\\\/schema.org\",\"@graph\":[{\"@type\":\"Article\",\"@id\":\"https:\\\/\\\/www.eldiario.net\\\/portal\\\/2023\\\/06\\\/15\\\/excanciller-longaric-denuncia-persecucion-politica-ante-cidh\\\/#article\",\"isPartOf\":{\"@id\":\"https:\\\/\\\/www.eldiario.net\\\/portal\\\/2023\\\/06\\\/15\\\/excanciller-longaric-denuncia-persecucion-politica-ante-cidh\\\/\"},\"author\":{\"name\":\"Jeanette\",\"@id\":\"https:\\\/\\\/www.eldiario.net\\\/portal\\\/#\\\/schema\\\/person\\\/f46445640444750d7d753ccd04ae01b7\"},\"headline\":\"Excanciller Longaric denuncia persecuci\u00f3n pol\u00edtica ante CIDH\",\"datePublished\":\"2023-06-15T10:24:50+00:00\",\"mainEntityOfPage\":{\"@id\":\"https:\\\/\\\/www.eldiario.net\\\/portal\\\/2023\\\/06\\\/15\\\/excanciller-longaric-denuncia-persecucion-politica-ante-cidh\\\/\"},\"wordCount\":395,\"publisher\":{\"@id\":\"https:\\\/\\\/www.eldiario.net\\\/portal\\\/#organization\"},\"image\":{\"@id\":\"https:\\\/\\\/www.eldiario.net\\\/portal\\\/2023\\\/06\\\/15\\\/excanciller-longaric-denuncia-persecucion-politica-ante-cidh\\\/#primaryimage\"},\"thumbnailUrl\":\"https:\\\/\\\/www.eldiario.net\\\/portal\\\/wp-content\\\/uploads\\\/2023\\\/06\\\/27-Longaric-rrss.jpg\",\"articleSection\":[\"Portada\"],\"inLanguage\":\"es\"},{\"@type\":\"WebPage\",\"@id\":\"https:\\\/\\\/www.eldiario.net\\\/portal\\\/2023\\\/06\\\/15\\\/excanciller-longaric-denuncia-persecucion-politica-ante-cidh\\\/\",\"url\":\"https:\\\/\\\/www.eldiario.net\\\/portal\\\/2023\\\/06\\\/15\\\/excanciller-longaric-denuncia-persecucion-politica-ante-cidh\\\/\",\"name\":\"Excanciller Longaric denuncia persecuci\u00f3n pol\u00edtica ante CIDH - El Diario - Bolivia\",\"isPartOf\":{\"@id\":\"https:\\\/\\\/www.eldiario.net\\\/portal\\\/#website\"},\"primaryImageOfPage\":{\"@id\":\"https:\\\/\\\/www.eldiario.net\\\/portal\\\/2023\\\/06\\\/15\\\/excanciller-longaric-denuncia-persecucion-politica-ante-cidh\\\/#primaryimage\"},\"image\":{\"@id\":\"https:\\\/\\\/www.eldiario.net\\\/portal\\\/2023\\\/06\\\/15\\\/excanciller-longaric-denuncia-persecucion-politica-ante-cidh\\\/#primaryimage\"},\"thumbnailUrl\":\"https:\\\/\\\/www.eldiario.net\\\/portal\\\/wp-content\\\/uploads\\\/2023\\\/06\\\/27-Longaric-rrss.jpg\",\"datePublished\":\"2023-06-15T10:24:50+00:00\",\"breadcrumb\":{\"@id\":\"https:\\\/\\\/www.eldiario.net\\\/portal\\\/2023\\\/06\\\/15\\\/excanciller-longaric-denuncia-persecucion-politica-ante-cidh\\\/#breadcrumb\"},\"inLanguage\":\"es\",\"potentialAction\":[{\"@type\":\"ReadAction\",\"target\":[\"https:\\\/\\\/www.eldiario.net\\\/portal\\\/2023\\\/06\\\/15\\\/excanciller-longaric-denuncia-persecucion-politica-ante-cidh\\\/\"]}]},{\"@type\":\"ImageObject\",\"inLanguage\":\"es\",\"@id\":\"https:\\\/\\\/www.eldiario.net\\\/portal\\\/2023\\\/06\\\/15\\\/excanciller-longaric-denuncia-persecucion-politica-ante-cidh\\\/#primaryimage\",\"url\":\"https:\\\/\\\/www.eldiario.net\\\/portal\\\/wp-content\\\/uploads\\\/2023\\\/06\\\/27-Longaric-rrss.jpg\",\"contentUrl\":\"https:\\\/\\\/www.eldiario.net\\\/portal\\\/wp-content\\\/uploads\\\/2023\\\/06\\\/27-Longaric-rrss.jpg\",\"width\":583,\"height\":430},{\"@type\":\"BreadcrumbList\",\"@id\":\"https:\\\/\\\/www.eldiario.net\\\/portal\\\/2023\\\/06\\\/15\\\/excanciller-longaric-denuncia-persecucion-politica-ante-cidh\\\/#breadcrumb\",\"itemListElement\":[{\"@type\":\"ListItem\",\"position\":1,\"name\":\"Portada\",\"item\":\"https:\\\/\\\/www.eldiario.net\\\/portal\\\/\"},{\"@type\":\"ListItem\",\"position\":2,\"name\":\"Excanciller Longaric denuncia persecuci\u00f3n pol\u00edtica ante CIDH\"}]},{\"@type\":\"WebSite\",\"@id\":\"https:\\\/\\\/www.eldiario.net\\\/portal\\\/#website\",\"url\":\"https:\\\/\\\/www.eldiario.net\\\/portal\\\/\",\"name\":\"El Diario - Decano de la prensa nacional\",\"description\":\"El Diario - Decano de la prensa nacional\",\"publisher\":{\"@id\":\"https:\\\/\\\/www.eldiario.net\\\/portal\\\/#organization\"},\"potentialAction\":[{\"@type\":\"SearchAction\",\"target\":{\"@type\":\"EntryPoint\",\"urlTemplate\":\"https:\\\/\\\/www.eldiario.net\\\/portal\\\/?s={search_term_string}\"},\"query-input\":{\"@type\":\"PropertyValueSpecification\",\"valueRequired\":true,\"valueName\":\"search_term_string\"}}],\"inLanguage\":\"es\"},{\"@type\":\"Organization\",\"@id\":\"https:\\\/\\\/www.eldiario.net\\\/portal\\\/#organization\",\"name\":\"El Diario - Decano de la prensa nacional\",\"url\":\"https:\\\/\\\/www.eldiario.net\\\/portal\\\/\",\"logo\":{\"@type\":\"ImageObject\",\"inLanguage\":\"es\",\"@id\":\"https:\\\/\\\/www.eldiario.net\\\/portal\\\/#\\\/schema\\\/logo\\\/image\\\/\",\"url\":\"https:\\\/\\\/www.eldiario.net\\\/portal\\\/wp-content\\\/uploads\\\/2023\\\/07\\\/logo_ED.jpg\",\"contentUrl\":\"https:\\\/\\\/www.eldiario.net\\\/portal\\\/wp-content\\\/uploads\\\/2023\\\/07\\\/logo_ED.jpg\",\"width\":272,\"height\":52,\"caption\":\"El Diario - Decano de la prensa nacional\"},\"image\":{\"@id\":\"https:\\\/\\\/www.eldiario.net\\\/portal\\\/#\\\/schema\\\/logo\\\/image\\\/\"},\"sameAs\":[\"https:\\\/\\\/www.facebook.com\\\/eldiario.bolivia\\\/\",\"https:\\\/\\\/x.com\\\/eldiario_net\"]},{\"@type\":\"Person\",\"@id\":\"https:\\\/\\\/www.eldiario.net\\\/portal\\\/#\\\/schema\\\/person\\\/f46445640444750d7d753ccd04ae01b7\",\"name\":\"Jeanette\",\"image\":{\"@type\":\"ImageObject\",\"inLanguage\":\"es\",\"@id\":\"https:\\\/\\\/secure.gravatar.com\\\/avatar\\\/3ea2118a5f7dad2b7138b1187a6b7ee55f160b9968b66013c3a3ef39dd7e5798?s=96&d=mm&r=g\",\"url\":\"https:\\\/\\\/secure.gravatar.com\\\/avatar\\\/3ea2118a5f7dad2b7138b1187a6b7ee55f160b9968b66013c3a3ef39dd7e5798?s=96&d=mm&r=g\",\"contentUrl\":\"https:\\\/\\\/secure.gravatar.com\\\/avatar\\\/3ea2118a5f7dad2b7138b1187a6b7ee55f160b9968b66013c3a3ef39dd7e5798?s=96&d=mm&r=g\",\"caption\":\"Jeanette\"},\"sameAs\":[\"https:\\\/\\\/www.eldiario.net\\\/portal\"],\"url\":\"https:\\\/\\\/www.eldiario.net\\\/portal\\\/author\\\/jeanette\\\/\"}]}<\/script>\n<!-- \/ Yoast SEO plugin. -->","yoast_head_json":{"title":"Excanciller Longaric denuncia persecuci\u00f3n pol\u00edtica ante CIDH - El Diario - Bolivia","robots":{"index":"index","follow":"follow","max-snippet":"max-snippet:-1","max-image-preview":"max-image-preview:large","max-video-preview":"max-video-preview:-1"},"canonical":"https:\/\/www.eldiario.net\/portal\/2023\/06\/15\/excanciller-longaric-denuncia-persecucion-politica-ante-cidh\/","og_locale":"es_ES","og_type":"article","og_title":"Excanciller Longaric denuncia persecuci\u00f3n pol\u00edtica ante CIDH - El Diario - Bolivia","og_description":"La excanciller Karen Longaric denunci\u00f3 que es v\u00edctima de persecuci\u00f3n pol\u00edtica con al menos siete procesos seguidos en su contra por el gobierno de Luis Arce, por lo que, solicit\u00f3 a la Comisi\u00f3n Interamericana de Derechos Humanos (CIDH) la protecci\u00f3n y resguardo de sus derechos. \u00abLongaric precis\u00f3 que se activaron siete procesos en su contra, [&hellip;]","og_url":"https:\/\/www.eldiario.net\/portal\/2023\/06\/15\/excanciller-longaric-denuncia-persecucion-politica-ante-cidh\/","og_site_name":"El Diario - Bolivia","article_publisher":"https:\/\/www.facebook.com\/eldiario.bolivia\/","article_published_time":"2023-06-15T10:24:50+00:00","og_image":[{"width":583,"height":430,"url":"https:\/\/www.eldiario.net\/portal\/wp-content\/uploads\/2023\/06\/27-Longaric-rrss.jpg","type":"image\/jpeg"}],"author":"Jeanette","twitter_card":"summary_large_image","twitter_creator":"@eldiario_net","twitter_site":"@eldiario_net","twitter_misc":{"Escrito por":"Jeanette","Tiempo de lectura":"2 minutos"},"schema":{"@context":"https:\/\/schema.org","@graph":[{"@type":"Article","@id":"https:\/\/www.eldiario.net\/portal\/2023\/06\/15\/excanciller-longaric-denuncia-persecucion-politica-ante-cidh\/#article","isPartOf":{"@id":"https:\/\/www.eldiario.net\/portal\/2023\/06\/15\/excanciller-longaric-denuncia-persecucion-politica-ante-cidh\/"},"author":{"name":"Jeanette","@id":"https:\/\/www.eldiario.net\/portal\/#\/schema\/person\/f46445640444750d7d753ccd04ae01b7"},"headline":"Excanciller Longaric denuncia persecuci\u00f3n pol\u00edtica ante CIDH","datePublished":"2023-06-15T10:24:50+00:00","mainEntityOfPage":{"@id":"https:\/\/www.eldiario.net\/portal\/2023\/06\/15\/excanciller-longaric-denuncia-persecucion-politica-ante-cidh\/"},"wordCount":395,"publisher":{"@id":"https:\/\/www.eldiario.net\/portal\/#organization"},"image":{"@id":"https:\/\/www.eldiario.net\/portal\/2023\/06\/15\/excanciller-longaric-denuncia-persecucion-politica-ante-cidh\/#primaryimage"},"thumbnailUrl":"https:\/\/www.eldiario.net\/portal\/wp-content\/uploads\/2023\/06\/27-Longaric-rrss.jpg","articleSection":["Portada"],"inLanguage":"es"},{"@type":"WebPage","@id":"https:\/\/www.eldiario.net\/portal\/2023\/06\/15\/excanciller-longaric-denuncia-persecucion-politica-ante-cidh\/","url":"https:\/\/www.eldiario.net\/portal\/2023\/06\/15\/excanciller-longaric-denuncia-persecucion-politica-ante-cidh\/","name":"Excanciller Longaric denuncia persecuci\u00f3n pol\u00edtica ante CIDH - El Diario - Bolivia","isPartOf":{"@id":"https:\/\/www.eldiario.net\/portal\/#website"},"primaryImageOfPage":{"@id":"https:\/\/www.eldiario.net\/portal\/2023\/06\/15\/excanciller-longaric-denuncia-persecucion-politica-ante-cidh\/#primaryimage"},"image":{"@id":"https:\/\/www.eldiario.net\/portal\/2023\/06\/15\/excanciller-longaric-denuncia-persecucion-politica-ante-cidh\/#primaryimage"},"thumbnailUrl":"https:\/\/www.eldiario.net\/portal\/wp-content\/uploads\/2023\/06\/27-Longaric-rrss.jpg","datePublished":"2023-06-15T10:24:50+00:00","breadcrumb":{"@id":"https:\/\/www.eldiario.net\/portal\/2023\/06\/15\/excanciller-longaric-denuncia-persecucion-politica-ante-cidh\/#breadcrumb"},"inLanguage":"es","potentialAction":[{"@type":"ReadAction","target":["https:\/\/www.eldiario.net\/portal\/2023\/06\/15\/excanciller-longaric-denuncia-persecucion-politica-ante-cidh\/"]}]},{"@type":"ImageObject","inLanguage":"es","@id":"https:\/\/www.eldiario.net\/portal\/2023\/06\/15\/excanciller-longaric-denuncia-persecucion-politica-ante-cidh\/#primaryimage","url":"https:\/\/www.eldiario.net\/portal\/wp-content\/uploads\/2023\/06\/27-Longaric-rrss.jpg","contentUrl":"https:\/\/www.eldiario.net\/portal\/wp-content\/uploads\/2023\/06\/27-Longaric-rrss.jpg","width":583,"height":430},{"@type":"BreadcrumbList","@id":"https:\/\/www.eldiario.net\/portal\/2023\/06\/15\/excanciller-longaric-denuncia-persecucion-politica-ante-cidh\/#breadcrumb","itemListElement":[{"@type":"ListItem","position":1,"name":"Portada","item":"https:\/\/www.eldiario.net\/portal\/"},{"@type":"ListItem","position":2,"name":"Excanciller Longaric denuncia persecuci\u00f3n pol\u00edtica ante CIDH"}]},{"@type":"WebSite","@id":"https:\/\/www.eldiario.net\/portal\/#website","url":"https:\/\/www.eldiario.net\/portal\/","name":"El Diario - Decano de la prensa nacional","description":"El Diario - Decano de la prensa nacional","publisher":{"@id":"https:\/\/www.eldiario.net\/portal\/#organization"},"potentialAction":[{"@type":"SearchAction","target":{"@type":"EntryPoint","urlTemplate":"https:\/\/www.eldiario.net\/portal\/?s={search_term_string}"},"query-input":{"@type":"PropertyValueSpecification","valueRequired":true,"valueName":"search_term_string"}}],"inLanguage":"es"},{"@type":"Organization","@id":"https:\/\/www.eldiario.net\/portal\/#organization","name":"El Diario - Decano de la prensa nacional","url":"https:\/\/www.eldiario.net\/portal\/","logo":{"@type":"ImageObject","inLanguage":"es","@id":"https:\/\/www.eldiario.net\/portal\/#\/schema\/logo\/image\/","url":"https:\/\/www.eldiario.net\/portal\/wp-content\/uploads\/2023\/07\/logo_ED.jpg","contentUrl":"https:\/\/www.eldiario.net\/portal\/wp-content\/uploads\/2023\/07\/logo_ED.jpg","width":272,"height":52,"caption":"El Diario - Decano de la prensa nacional"},"image":{"@id":"https:\/\/www.eldiario.net\/portal\/#\/schema\/logo\/image\/"},"sameAs":["https:\/\/www.facebook.com\/eldiario.bolivia\/","https:\/\/x.com\/eldiario_net"]},{"@type":"Person","@id":"https:\/\/www.eldiario.net\/portal\/#\/schema\/person\/f46445640444750d7d753ccd04ae01b7","name":"Jeanette","image":{"@type":"ImageObject","inLanguage":"es","@id":"https:\/\/secure.gravatar.com\/avatar\/3ea2118a5f7dad2b7138b1187a6b7ee55f160b9968b66013c3a3ef39dd7e5798?s=96&d=mm&r=g","url":"https:\/\/secure.gravatar.com\/avatar\/3ea2118a5f7dad2b7138b1187a6b7ee55f160b9968b66013c3a3ef39dd7e5798?s=96&d=mm&r=g","contentUrl":"https:\/\/secure.gravatar.com\/avatar\/3ea2118a5f7dad2b7138b1187a6b7ee55f160b9968b66013c3a3ef39dd7e5798?s=96&d=mm&r=g","caption":"Jeanette"},"sameAs":["https:\/\/www.eldiario.net\/portal"],"url":"https:\/\/www.eldiario.net\/portal\/author\/jeanette\/"}]}},"_links":{"self":[{"href":"https:\/\/www.eldiario.net\/portal\/wp-json\/wp\/v2\/posts\/160119","targetHints":{"allow":["GET"]}}],"collection":[{"href":"https:\/\/www.eldiario.net\/portal\/wp-json\/wp\/v2\/posts"}],"about":[{"href":"https:\/\/www.eldiario.net\/portal\/wp-json\/wp\/v2\/types\/post"}],"author":[{"embeddable":true,"href":"https:\/\/www.eldiario.net\/portal\/wp-json\/wp\/v2\/users\/1"}],"replies":[{"embeddable":true,"href":"https:\/\/www.eldiario.net\/portal\/wp-json\/wp\/v2\/comments?post=160119"}],"version-history":[{"count":0,"href":"https:\/\/www.eldiario.net\/portal\/wp-json\/wp\/v2\/posts\/160119\/revisions"}],"wp:featuredmedia":[{"embeddable":true,"href":"https:\/\/www.eldiario.net\/portal\/wp-json\/wp\/v2\/media\/160120"}],"wp:attachment":[{"href":"https:\/\/www.eldiario.net\/portal\/wp-json\/wp\/v2\/media?parent=160119"}],"wp:term":[{"taxonomy":"category","embeddable":true,"href":"https:\/\/www.eldiario.net\/portal\/wp-json\/wp\/v2\/categories?post=160119"},{"taxonomy":"post_tag","embeddable":true,"href":"https:\/\/www.eldiario.net\/portal\/wp-json\/wp\/v2\/tags?post=160119"}],"curies":[{"name":"wp","href":"https:\/\/api.w.org\/{rel}","templated":true}]}}