{"id":159621,"date":"2023-06-12T07:57:09","date_gmt":"2023-06-12T11:57:09","guid":{"rendered":"https:\/\/www.eldiario.net\/portal\/?p=159621"},"modified":"2023-06-12T07:57:09","modified_gmt":"2023-06-12T11:57:09","slug":"bespoke-life-2023-samsung-destaca-las-tecnologias-que-ofrecen-comodidad-y-construyen-un-manana-sostenible","status":"publish","type":"post","link":"https:\/\/www.eldiario.net\/portal\/2023\/06\/12\/bespoke-life-2023-samsung-destaca-las-tecnologias-que-ofrecen-comodidad-y-construyen-un-manana-sostenible\/","title":{"rendered":"Bespoke Life 2023: Samsung destaca las tecnolog\u00edas que ofrecen comodidad y construyen un ma\u00f1ana sostenible"},"content":{"rendered":"<p><strong>Junio 2023. <\/strong>Samsung marca el comienzo de un nuevo cap\u00edtulo para los electrodom\u00e9sticos en Bespoke Life 2023, la tercera exhibici\u00f3n anual de la compa\u00f1\u00eda de su l\u00ednea Bespoke. El evento, que se retransmiti\u00f3 en el canal de YouTube de Samsung, expone la visi\u00f3n ampliada de la empresa que es transformar la vida de los usuarios a trav\u00e9s de la sostenibilidad, la conectividad y el dise\u00f1o.<\/p>\n<p>\u201cBespoke Life encarna el compromiso de Samsung de hacer que nuestros hogares y nuestro futuro sean m\u00e1s sostenibles al reinventar los electrodom\u00e9sticos en los que confiamos todos los d\u00edas\u201d, dijo el vicepresidente, director Ejecutivo y director de la Divisi\u00f3n DX (Device eXperience) de Samsung, Jong-Hee (JH) Han.<\/p>\n<p><strong><u>Vida sostenible: tecnolog\u00edas con impacto positivo<\/u><\/strong><\/p>\n<p>El concepto Bespoke Life naci\u00f3 de la creencia de que los electrodom\u00e9sticos son clave para crear un ma\u00f1ana m\u00e1s sostenible. Por consiguiente, este evento destaca los esfuerzos de la empresa para reducir las emisiones de carbono en todo el ciclo de vida del producto. Tambi\u00e9n anuncia el lanzamiento del nuevo Filtro Menos Microfibra\u2122: una soluci\u00f3n sencilla para minimizar las emisiones de micropl\u00e1sticos durante los ciclos de lavado.<\/p>\n<p>Para fomentar una vida m\u00e1s sostenible, Samsung contin\u00faa ampliando los servicios de ahorro de energ\u00eda. Es por eso que, este a\u00f1o, cinco nuevos electrodom\u00e9sticos Bespoke, incluyendo refrigeradores, lavadoras y secadoras, lavavajillas y aires acondicionados, as\u00ed como el Sistema de Calefacci\u00f3n Eco, contar\u00e1n con una versi\u00f3n mejorada del Modo AI Energy de SmartThings.<\/p>\n<p><strong><u>Vida conectada: allanando el camino para hogares hiperconectados<\/u><\/strong><\/p>\n<p>\u00abPersonalizar\u00bb (Bespoke, en ingl\u00e9s) la vida de uno es optimizar los dispositivos de manera que agilicen y potencien su rutina. Al fortalecer la conectividad y expandir la IA a m\u00e1s productos, Samsung allana el camino para una nueva era de hogares hiperconectados.<\/p>\n<p>En este sentido y para facilitar que los consumidores disfruten de esas experiencias, Samsung anuncia la integraci\u00f3n de compatibilidad con Wi-Fi en todos los nuevos dispositivos Bespoke y har\u00e1 de la conectividad un est\u00e1ndar en todos los dispositivos de Samsung en los pr\u00f3ximos a\u00f1os.<\/p>\n<p>La compa\u00f1\u00eda tambi\u00e9n anunci\u00f3 el lanzamiento de Bespoke Jet\u2122 AI, la aspiradora escoba inal\u00e1mbrica m\u00e1s potente de la compa\u00f1\u00eda y la primera del mundo verificada por UL (Underwriters Laboratories) Solutions. El nuevo dispositivo ayudar\u00e1 a limpiar a fondo la casa y supervisa de forma inteligente la carga del cepillo y la presi\u00f3n del aire de aspiraci\u00f3n para distinguir diferentes entornos de limpieza, incluido el tipo de suelo.<\/p>\n<p><strong><u>Vida con estilo: dise\u00f1o personalizado al siguiente nivel\u00a0 <\/u><\/strong><\/p>\n<p>Los tres millones de refrigeradores Bespoke que se han vendido en todo el mundo destacan el inter\u00e9s de los consumidores en los electrodom\u00e9sticos que ofrecen m\u00e1s opciones de dise\u00f1o. Este replanteamiento contin\u00faa definiendo el estilo a medida, un enfoque que se vuelve m\u00e1s din\u00e1mico y distinto cada vez que se expande a una nueva categor\u00eda de productos.<\/p>\n<p>A partir de este a\u00f1o, la l\u00ednea Bespoke incluye un total de 15 categor\u00edas de productos disponibles para los consumidores en 52 pa\u00edses. Samsung est\u00e1 ampliando su l\u00ednea de refrigeradores Bespoke con los lanzamientos de Bespoke 4-Door Flex\u2122, as\u00ed como nuevos modelos de dos puertas verticales y de montaje superior. Adem\u00e1s, Samsung lanzar\u00e1 la lavadora y secadora Bespoke AITM.<\/p>\n<p>La compa\u00f1\u00eda tambi\u00e9n cuenta con el servicio de personalizaci\u00f3n MyBespoke, que facilita que los usuarios cultiven un aspecto de cocina que realmente refleje su forma de vida mediante el uso de fotograf\u00edas o ilustraciones para crear paneles de refrigerador \u00fanicos.<\/p>\n","protected":false},"excerpt":{"rendered":"<p>Junio 2023. Samsung marca el comienzo de un nuevo cap\u00edtulo para los electrodom\u00e9sticos en Bespoke Life 2023, la tercera exhibici\u00f3n anual de la compa\u00f1\u00eda de su l\u00ednea Bespoke. El evento, que se retransmiti\u00f3 en el canal de YouTube de Samsung, expone la visi\u00f3n ampliada de la empresa que es transformar la vida de los usuarios [&hellip;]<\/p>\n","protected":false},"author":1,"featured_media":159622,"comment_status":"closed","ping_status":"closed","sticky":false,"template":"","format":"standard","meta":{"_acf_changed":false,"footnotes":""},"categories":[46],"tags":[],"class_list":["post-159621","post","type-post","status-publish","format-standard","has-post-thumbnail","category-ciencia-computacion"],"acf":{"antetitulo":""},"yoast_head":"<!-- This site is optimized with the Yoast SEO plugin v28.4 - https:\/\/yoast.com\/product\/yoast-seo-wordpress\/ -->\n<title>Bespoke Life 2023: Samsung destaca las tecnolog\u00edas que ofrecen comodidad y construyen un ma\u00f1ana sostenible - El Diario - Bolivia<\/title>\n<meta name=\"robots\" content=\"index, follow, max-snippet:-1, max-image-preview:large, max-video-preview:-1\" \/>\n<link rel=\"canonical\" href=\"https:\/\/www.eldiario.net\/portal\/2023\/06\/12\/bespoke-life-2023-samsung-destaca-las-tecnologias-que-ofrecen-comodidad-y-construyen-un-manana-sostenible\/\" \/>\n<meta property=\"og:locale\" content=\"es_ES\" \/>\n<meta property=\"og:type\" content=\"article\" \/>\n<meta property=\"og:title\" content=\"Bespoke Life 2023: Samsung destaca las tecnolog\u00edas que ofrecen comodidad y construyen un ma\u00f1ana sostenible - El Diario - Bolivia\" \/>\n<meta property=\"og:description\" content=\"Junio 2023. Samsung marca el comienzo de un nuevo cap\u00edtulo para los electrodom\u00e9sticos en Bespoke Life 2023, la tercera exhibici\u00f3n anual de la compa\u00f1\u00eda de su l\u00ednea Bespoke. El evento, que se retransmiti\u00f3 en el canal de YouTube de Samsung, expone la visi\u00f3n ampliada de la empresa que es transformar la vida de los usuarios [&hellip;]\" \/>\n<meta property=\"og:url\" content=\"https:\/\/www.eldiario.net\/portal\/2023\/06\/12\/bespoke-life-2023-samsung-destaca-las-tecnologias-que-ofrecen-comodidad-y-construyen-un-manana-sostenible\/\" \/>\n<meta property=\"og:site_name\" content=\"El Diario - Bolivia\" \/>\n<meta property=\"article:publisher\" content=\"https:\/\/www.facebook.com\/eldiario.bolivia\/\" \/>\n<meta property=\"article:published_time\" content=\"2023-06-12T11:57:09+00:00\" \/>\n<meta property=\"og:image\" content=\"https:\/\/www.eldiario.net\/portal\/wp-content\/uploads\/2023\/06\/7-B.jpeg\" \/>\n\t<meta property=\"og:image:width\" content=\"1191\" \/>\n\t<meta property=\"og:image:height\" content=\"624\" \/>\n\t<meta property=\"og:image:type\" content=\"image\/jpeg\" \/>\n<meta name=\"author\" content=\"Jeanette\" \/>\n<meta name=\"twitter:card\" content=\"summary_large_image\" \/>\n<meta name=\"twitter:creator\" content=\"@eldiario_net\" \/>\n<meta name=\"twitter:site\" content=\"@eldiario_net\" \/>\n<meta name=\"twitter:label1\" content=\"Escrito por\" \/>\n\t<meta name=\"twitter:data1\" content=\"Jeanette\" \/>\n\t<meta name=\"twitter:label2\" content=\"Tiempo de lectura\" \/>\n\t<meta name=\"twitter:data2\" content=\"3 minutos\" \/>\n<script type=\"application\/ld+json\" class=\"yoast-schema-graph\">{\"@context\":\"https:\\\/\\\/schema.org\",\"@graph\":[{\"@type\":\"Article\",\"@id\":\"https:\\\/\\\/www.eldiario.net\\\/portal\\\/2023\\\/06\\\/12\\\/bespoke-life-2023-samsung-destaca-las-tecnologias-que-ofrecen-comodidad-y-construyen-un-manana-sostenible\\\/#article\",\"isPartOf\":{\"@id\":\"https:\\\/\\\/www.eldiario.net\\\/portal\\\/2023\\\/06\\\/12\\\/bespoke-life-2023-samsung-destaca-las-tecnologias-que-ofrecen-comodidad-y-construyen-un-manana-sostenible\\\/\"},\"author\":{\"name\":\"Jeanette\",\"@id\":\"https:\\\/\\\/www.eldiario.net\\\/portal\\\/#\\\/schema\\\/person\\\/2c57cf2b7a7ae032e449e4c9b1019eac\"},\"headline\":\"Bespoke Life 2023: Samsung destaca las tecnolog\u00edas que ofrecen comodidad y construyen un ma\u00f1ana sostenible\",\"datePublished\":\"2023-06-12T11:57:09+00:00\",\"mainEntityOfPage\":{\"@id\":\"https:\\\/\\\/www.eldiario.net\\\/portal\\\/2023\\\/06\\\/12\\\/bespoke-life-2023-samsung-destaca-las-tecnologias-que-ofrecen-comodidad-y-construyen-un-manana-sostenible\\\/\"},\"wordCount\":633,\"publisher\":{\"@id\":\"https:\\\/\\\/www.eldiario.net\\\/portal\\\/#organization\"},\"image\":{\"@id\":\"https:\\\/\\\/www.eldiario.net\\\/portal\\\/2023\\\/06\\\/12\\\/bespoke-life-2023-samsung-destaca-las-tecnologias-que-ofrecen-comodidad-y-construyen-un-manana-sostenible\\\/#primaryimage\"},\"thumbnailUrl\":\"https:\\\/\\\/www.eldiario.net\\\/portal\\\/wp-content\\\/uploads\\\/2023\\\/06\\\/7-B.jpeg\",\"articleSection\":[\"Ciencia y Computaci\u00f3n\"],\"inLanguage\":\"es\"},{\"@type\":\"WebPage\",\"@id\":\"https:\\\/\\\/www.eldiario.net\\\/portal\\\/2023\\\/06\\\/12\\\/bespoke-life-2023-samsung-destaca-las-tecnologias-que-ofrecen-comodidad-y-construyen-un-manana-sostenible\\\/\",\"url\":\"https:\\\/\\\/www.eldiario.net\\\/portal\\\/2023\\\/06\\\/12\\\/bespoke-life-2023-samsung-destaca-las-tecnologias-que-ofrecen-comodidad-y-construyen-un-manana-sostenible\\\/\",\"name\":\"Bespoke Life 2023: Samsung destaca las tecnolog\u00edas que ofrecen comodidad y construyen un ma\u00f1ana sostenible - El Diario - Bolivia\",\"isPartOf\":{\"@id\":\"https:\\\/\\\/www.eldiario.net\\\/portal\\\/#website\"},\"primaryImageOfPage\":{\"@id\":\"https:\\\/\\\/www.eldiario.net\\\/portal\\\/2023\\\/06\\\/12\\\/bespoke-life-2023-samsung-destaca-las-tecnologias-que-ofrecen-comodidad-y-construyen-un-manana-sostenible\\\/#primaryimage\"},\"image\":{\"@id\":\"https:\\\/\\\/www.eldiario.net\\\/portal\\\/2023\\\/06\\\/12\\\/bespoke-life-2023-samsung-destaca-las-tecnologias-que-ofrecen-comodidad-y-construyen-un-manana-sostenible\\\/#primaryimage\"},\"thumbnailUrl\":\"https:\\\/\\\/www.eldiario.net\\\/portal\\\/wp-content\\\/uploads\\\/2023\\\/06\\\/7-B.jpeg\",\"datePublished\":\"2023-06-12T11:57:09+00:00\",\"breadcrumb\":{\"@id\":\"https:\\\/\\\/www.eldiario.net\\\/portal\\\/2023\\\/06\\\/12\\\/bespoke-life-2023-samsung-destaca-las-tecnologias-que-ofrecen-comodidad-y-construyen-un-manana-sostenible\\\/#breadcrumb\"},\"inLanguage\":\"es\",\"potentialAction\":[{\"@type\":\"ReadAction\",\"target\":[\"https:\\\/\\\/www.eldiario.net\\\/portal\\\/2023\\\/06\\\/12\\\/bespoke-life-2023-samsung-destaca-las-tecnologias-que-ofrecen-comodidad-y-construyen-un-manana-sostenible\\\/\"]}]},{\"@type\":\"ImageObject\",\"inLanguage\":\"es\",\"@id\":\"https:\\\/\\\/www.eldiario.net\\\/portal\\\/2023\\\/06\\\/12\\\/bespoke-life-2023-samsung-destaca-las-tecnologias-que-ofrecen-comodidad-y-construyen-un-manana-sostenible\\\/#primaryimage\",\"url\":\"https:\\\/\\\/www.eldiario.net\\\/portal\\\/wp-content\\\/uploads\\\/2023\\\/06\\\/7-B.jpeg\",\"contentUrl\":\"https:\\\/\\\/www.eldiario.net\\\/portal\\\/wp-content\\\/uploads\\\/2023\\\/06\\\/7-B.jpeg\",\"width\":1191,\"height\":624},{\"@type\":\"BreadcrumbList\",\"@id\":\"https:\\\/\\\/www.eldiario.net\\\/portal\\\/2023\\\/06\\\/12\\\/bespoke-life-2023-samsung-destaca-las-tecnologias-que-ofrecen-comodidad-y-construyen-un-manana-sostenible\\\/#breadcrumb\",\"itemListElement\":[{\"@type\":\"ListItem\",\"position\":1,\"name\":\"Portada\",\"item\":\"https:\\\/\\\/www.eldiario.net\\\/portal\\\/\"},{\"@type\":\"ListItem\",\"position\":2,\"name\":\"Bespoke Life 2023: Samsung destaca las tecnolog\u00edas que ofrecen comodidad y construyen un ma\u00f1ana sostenible\"}]},{\"@type\":\"WebSite\",\"@id\":\"https:\\\/\\\/www.eldiario.net\\\/portal\\\/#website\",\"url\":\"https:\\\/\\\/www.eldiario.net\\\/portal\\\/\",\"name\":\"El Diario - Decano de la prensa nacional\",\"description\":\"El Diario - Decano de la prensa nacional\",\"publisher\":{\"@id\":\"https:\\\/\\\/www.eldiario.net\\\/portal\\\/#organization\"},\"potentialAction\":[{\"@type\":\"SearchAction\",\"target\":{\"@type\":\"EntryPoint\",\"urlTemplate\":\"https:\\\/\\\/www.eldiario.net\\\/portal\\\/?s={search_term_string}\"},\"query-input\":{\"@type\":\"PropertyValueSpecification\",\"valueRequired\":true,\"valueName\":\"search_term_string\"}}],\"inLanguage\":\"es\"},{\"@type\":\"Organization\",\"@id\":\"https:\\\/\\\/www.eldiario.net\\\/portal\\\/#organization\",\"name\":\"El Diario - Decano de la prensa nacional\",\"url\":\"https:\\\/\\\/www.eldiario.net\\\/portal\\\/\",\"logo\":{\"@type\":\"ImageObject\",\"inLanguage\":\"es\",\"@id\":\"https:\\\/\\\/www.eldiario.net\\\/portal\\\/#\\\/schema\\\/logo\\\/image\\\/\",\"url\":\"https:\\\/\\\/www.eldiario.net\\\/portal\\\/wp-content\\\/uploads\\\/2023\\\/07\\\/logo_ED.jpg\",\"contentUrl\":\"https:\\\/\\\/www.eldiario.net\\\/portal\\\/wp-content\\\/uploads\\\/2023\\\/07\\\/logo_ED.jpg\",\"width\":272,\"height\":52,\"caption\":\"El Diario - Decano de la prensa nacional\"},\"image\":{\"@id\":\"https:\\\/\\\/www.eldiario.net\\\/portal\\\/#\\\/schema\\\/logo\\\/image\\\/\"},\"sameAs\":[\"https:\\\/\\\/www.facebook.com\\\/eldiario.bolivia\\\/\",\"https:\\\/\\\/x.com\\\/eldiario_net\"]},{\"@type\":\"Person\",\"@id\":\"https:\\\/\\\/www.eldiario.net\\\/portal\\\/#\\\/schema\\\/person\\\/2c57cf2b7a7ae032e449e4c9b1019eac\",\"name\":\"Jeanette\",\"image\":{\"@type\":\"ImageObject\",\"inLanguage\":\"es\",\"@id\":\"https:\\\/\\\/secure.gravatar.com\\\/avatar\\\/3ea2118a5f7dad2b7138b1187a6b7ee55f160b9968b66013c3a3ef39dd7e5798?s=96&d=mm&r=g\",\"url\":\"https:\\\/\\\/secure.gravatar.com\\\/avatar\\\/3ea2118a5f7dad2b7138b1187a6b7ee55f160b9968b66013c3a3ef39dd7e5798?s=96&d=mm&r=g\",\"contentUrl\":\"https:\\\/\\\/secure.gravatar.com\\\/avatar\\\/3ea2118a5f7dad2b7138b1187a6b7ee55f160b9968b66013c3a3ef39dd7e5798?s=96&d=mm&r=g\",\"caption\":\"Jeanette\"},\"sameAs\":[\"https:\\\/\\\/www.eldiario.net\\\/portal\"],\"url\":\"https:\\\/\\\/www.eldiario.net\\\/portal\\\/author\\\/jeanette\\\/\"}]}<\/script>\n<!-- \/ Yoast SEO plugin. -->","yoast_head_json":{"title":"Bespoke Life 2023: Samsung destaca las tecnolog\u00edas que ofrecen comodidad y construyen un ma\u00f1ana sostenible - El Diario - Bolivia","robots":{"index":"index","follow":"follow","max-snippet":"max-snippet:-1","max-image-preview":"max-image-preview:large","max-video-preview":"max-video-preview:-1"},"canonical":"https:\/\/www.eldiario.net\/portal\/2023\/06\/12\/bespoke-life-2023-samsung-destaca-las-tecnologias-que-ofrecen-comodidad-y-construyen-un-manana-sostenible\/","og_locale":"es_ES","og_type":"article","og_title":"Bespoke Life 2023: Samsung destaca las tecnolog\u00edas que ofrecen comodidad y construyen un ma\u00f1ana sostenible - El Diario - Bolivia","og_description":"Junio 2023. Samsung marca el comienzo de un nuevo cap\u00edtulo para los electrodom\u00e9sticos en Bespoke Life 2023, la tercera exhibici\u00f3n anual de la compa\u00f1\u00eda de su l\u00ednea Bespoke. El evento, que se retransmiti\u00f3 en el canal de YouTube de Samsung, expone la visi\u00f3n ampliada de la empresa que es transformar la vida de los usuarios [&hellip;]","og_url":"https:\/\/www.eldiario.net\/portal\/2023\/06\/12\/bespoke-life-2023-samsung-destaca-las-tecnologias-que-ofrecen-comodidad-y-construyen-un-manana-sostenible\/","og_site_name":"El Diario - Bolivia","article_publisher":"https:\/\/www.facebook.com\/eldiario.bolivia\/","article_published_time":"2023-06-12T11:57:09+00:00","og_image":[{"width":1191,"height":624,"url":"https:\/\/www.eldiario.net\/portal\/wp-content\/uploads\/2023\/06\/7-B.jpeg","type":"image\/jpeg"}],"author":"Jeanette","twitter_card":"summary_large_image","twitter_creator":"@eldiario_net","twitter_site":"@eldiario_net","twitter_misc":{"Escrito por":"Jeanette","Tiempo de lectura":"3 minutos"},"schema":{"@context":"https:\/\/schema.org","@graph":[{"@type":"Article","@id":"https:\/\/www.eldiario.net\/portal\/2023\/06\/12\/bespoke-life-2023-samsung-destaca-las-tecnologias-que-ofrecen-comodidad-y-construyen-un-manana-sostenible\/#article","isPartOf":{"@id":"https:\/\/www.eldiario.net\/portal\/2023\/06\/12\/bespoke-life-2023-samsung-destaca-las-tecnologias-que-ofrecen-comodidad-y-construyen-un-manana-sostenible\/"},"author":{"name":"Jeanette","@id":"https:\/\/www.eldiario.net\/portal\/#\/schema\/person\/2c57cf2b7a7ae032e449e4c9b1019eac"},"headline":"Bespoke Life 2023: Samsung destaca las tecnolog\u00edas que ofrecen comodidad y construyen un ma\u00f1ana sostenible","datePublished":"2023-06-12T11:57:09+00:00","mainEntityOfPage":{"@id":"https:\/\/www.eldiario.net\/portal\/2023\/06\/12\/bespoke-life-2023-samsung-destaca-las-tecnologias-que-ofrecen-comodidad-y-construyen-un-manana-sostenible\/"},"wordCount":633,"publisher":{"@id":"https:\/\/www.eldiario.net\/portal\/#organization"},"image":{"@id":"https:\/\/www.eldiario.net\/portal\/2023\/06\/12\/bespoke-life-2023-samsung-destaca-las-tecnologias-que-ofrecen-comodidad-y-construyen-un-manana-sostenible\/#primaryimage"},"thumbnailUrl":"https:\/\/www.eldiario.net\/portal\/wp-content\/uploads\/2023\/06\/7-B.jpeg","articleSection":["Ciencia y Computaci\u00f3n"],"inLanguage":"es"},{"@type":"WebPage","@id":"https:\/\/www.eldiario.net\/portal\/2023\/06\/12\/bespoke-life-2023-samsung-destaca-las-tecnologias-que-ofrecen-comodidad-y-construyen-un-manana-sostenible\/","url":"https:\/\/www.eldiario.net\/portal\/2023\/06\/12\/bespoke-life-2023-samsung-destaca-las-tecnologias-que-ofrecen-comodidad-y-construyen-un-manana-sostenible\/","name":"Bespoke Life 2023: Samsung destaca las tecnolog\u00edas que ofrecen comodidad y construyen un ma\u00f1ana sostenible - El Diario - Bolivia","isPartOf":{"@id":"https:\/\/www.eldiario.net\/portal\/#website"},"primaryImageOfPage":{"@id":"https:\/\/www.eldiario.net\/portal\/2023\/06\/12\/bespoke-life-2023-samsung-destaca-las-tecnologias-que-ofrecen-comodidad-y-construyen-un-manana-sostenible\/#primaryimage"},"image":{"@id":"https:\/\/www.eldiario.net\/portal\/2023\/06\/12\/bespoke-life-2023-samsung-destaca-las-tecnologias-que-ofrecen-comodidad-y-construyen-un-manana-sostenible\/#primaryimage"},"thumbnailUrl":"https:\/\/www.eldiario.net\/portal\/wp-content\/uploads\/2023\/06\/7-B.jpeg","datePublished":"2023-06-12T11:57:09+00:00","breadcrumb":{"@id":"https:\/\/www.eldiario.net\/portal\/2023\/06\/12\/bespoke-life-2023-samsung-destaca-las-tecnologias-que-ofrecen-comodidad-y-construyen-un-manana-sostenible\/#breadcrumb"},"inLanguage":"es","potentialAction":[{"@type":"ReadAction","target":["https:\/\/www.eldiario.net\/portal\/2023\/06\/12\/bespoke-life-2023-samsung-destaca-las-tecnologias-que-ofrecen-comodidad-y-construyen-un-manana-sostenible\/"]}]},{"@type":"ImageObject","inLanguage":"es","@id":"https:\/\/www.eldiario.net\/portal\/2023\/06\/12\/bespoke-life-2023-samsung-destaca-las-tecnologias-que-ofrecen-comodidad-y-construyen-un-manana-sostenible\/#primaryimage","url":"https:\/\/www.eldiario.net\/portal\/wp-content\/uploads\/2023\/06\/7-B.jpeg","contentUrl":"https:\/\/www.eldiario.net\/portal\/wp-content\/uploads\/2023\/06\/7-B.jpeg","width":1191,"height":624},{"@type":"BreadcrumbList","@id":"https:\/\/www.eldiario.net\/portal\/2023\/06\/12\/bespoke-life-2023-samsung-destaca-las-tecnologias-que-ofrecen-comodidad-y-construyen-un-manana-sostenible\/#breadcrumb","itemListElement":[{"@type":"ListItem","position":1,"name":"Portada","item":"https:\/\/www.eldiario.net\/portal\/"},{"@type":"ListItem","position":2,"name":"Bespoke Life 2023: Samsung destaca las tecnolog\u00edas que ofrecen comodidad y construyen un ma\u00f1ana sostenible"}]},{"@type":"WebSite","@id":"https:\/\/www.eldiario.net\/portal\/#website","url":"https:\/\/www.eldiario.net\/portal\/","name":"El Diario - Decano de la prensa nacional","description":"El Diario - Decano de la prensa nacional","publisher":{"@id":"https:\/\/www.eldiario.net\/portal\/#organization"},"potentialAction":[{"@type":"SearchAction","target":{"@type":"EntryPoint","urlTemplate":"https:\/\/www.eldiario.net\/portal\/?s={search_term_string}"},"query-input":{"@type":"PropertyValueSpecification","valueRequired":true,"valueName":"search_term_string"}}],"inLanguage":"es"},{"@type":"Organization","@id":"https:\/\/www.eldiario.net\/portal\/#organization","name":"El Diario - Decano de la prensa nacional","url":"https:\/\/www.eldiario.net\/portal\/","logo":{"@type":"ImageObject","inLanguage":"es","@id":"https:\/\/www.eldiario.net\/portal\/#\/schema\/logo\/image\/","url":"https:\/\/www.eldiario.net\/portal\/wp-content\/uploads\/2023\/07\/logo_ED.jpg","contentUrl":"https:\/\/www.eldiario.net\/portal\/wp-content\/uploads\/2023\/07\/logo_ED.jpg","width":272,"height":52,"caption":"El Diario - Decano de la prensa nacional"},"image":{"@id":"https:\/\/www.eldiario.net\/portal\/#\/schema\/logo\/image\/"},"sameAs":["https:\/\/www.facebook.com\/eldiario.bolivia\/","https:\/\/x.com\/eldiario_net"]},{"@type":"Person","@id":"https:\/\/www.eldiario.net\/portal\/#\/schema\/person\/2c57cf2b7a7ae032e449e4c9b1019eac","name":"Jeanette","image":{"@type":"ImageObject","inLanguage":"es","@id":"https:\/\/secure.gravatar.com\/avatar\/3ea2118a5f7dad2b7138b1187a6b7ee55f160b9968b66013c3a3ef39dd7e5798?s=96&d=mm&r=g","url":"https:\/\/secure.gravatar.com\/avatar\/3ea2118a5f7dad2b7138b1187a6b7ee55f160b9968b66013c3a3ef39dd7e5798?s=96&d=mm&r=g","contentUrl":"https:\/\/secure.gravatar.com\/avatar\/3ea2118a5f7dad2b7138b1187a6b7ee55f160b9968b66013c3a3ef39dd7e5798?s=96&d=mm&r=g","caption":"Jeanette"},"sameAs":["https:\/\/www.eldiario.net\/portal"],"url":"https:\/\/www.eldiario.net\/portal\/author\/jeanette\/"}]}},"_links":{"self":[{"href":"https:\/\/www.eldiario.net\/portal\/wp-json\/wp\/v2\/posts\/159621","targetHints":{"allow":["GET"]}}],"collection":[{"href":"https:\/\/www.eldiario.net\/portal\/wp-json\/wp\/v2\/posts"}],"about":[{"href":"https:\/\/www.eldiario.net\/portal\/wp-json\/wp\/v2\/types\/post"}],"author":[{"embeddable":true,"href":"https:\/\/www.eldiario.net\/portal\/wp-json\/wp\/v2\/users\/1"}],"replies":[{"embeddable":true,"href":"https:\/\/www.eldiario.net\/portal\/wp-json\/wp\/v2\/comments?post=159621"}],"version-history":[{"count":0,"href":"https:\/\/www.eldiario.net\/portal\/wp-json\/wp\/v2\/posts\/159621\/revisions"}],"wp:featuredmedia":[{"embeddable":true,"href":"https:\/\/www.eldiario.net\/portal\/wp-json\/wp\/v2\/media\/159622"}],"wp:attachment":[{"href":"https:\/\/www.eldiario.net\/portal\/wp-json\/wp\/v2\/media?parent=159621"}],"wp:term":[{"taxonomy":"category","embeddable":true,"href":"https:\/\/www.eldiario.net\/portal\/wp-json\/wp\/v2\/categories?post=159621"},{"taxonomy":"post_tag","embeddable":true,"href":"https:\/\/www.eldiario.net\/portal\/wp-json\/wp\/v2\/tags?post=159621"}],"curies":[{"name":"wp","href":"https:\/\/api.w.org\/{rel}","templated":true}]}}