{"id":159610,"date":"2023-06-12T07:00:38","date_gmt":"2023-06-12T11:00:38","guid":{"rendered":"https:\/\/www.eldiario.net\/portal\/?p=159610"},"modified":"2023-06-12T07:00:38","modified_gmt":"2023-06-12T11:00:38","slug":"alan-vera-que-digan-que-les-alegro-el-dia-es-muy-importante-para-mi","status":"publish","type":"post","link":"https:\/\/www.eldiario.net\/portal\/2023\/06\/12\/alan-vera-que-digan-que-les-alegro-el-dia-es-muy-importante-para-mi\/","title":{"rendered":"ALAN VERA \u201cQue digan que les alegro el d\u00eda, es muy importante para m\u00ed\u201d"},"content":{"rendered":"<p><strong>Nombre:<\/strong> Me llamo Carlos Alan Vera Hauzateng.<\/p>\n<p><strong>Fecha y lugar de nacimiento:<\/strong> 30 de julio en La Paz.<\/p>\n<p><strong>Estado civil:<\/strong> Tengo novia.<\/p>\n<p><strong>\u00bfQu\u00e9 haces hoy?:<\/strong> Soy presentador del programa Sabores Bolivianos de la Red Uno.<\/p>\n<p>&nbsp;<\/p>\n<p>&nbsp;<\/p>\n<p><strong>LG: \u00bfQu\u00e9 es lo que el p\u00fablico no sabe de ti?<\/strong><\/p>\n<p>AV: Que no tengo paciencia, que soy muy dormil\u00f3n, que no soy muy amiguero y bolichero,<\/p>\n<p><strong>LG: \u00bfCu\u00e1l es tu mayor tesoro?<\/strong><\/p>\n<p>AV: Mi mayor tesoro es la familia.<\/p>\n<p><strong>LG: Si volvieras a nacer, \u00bfqu\u00e9 cambiar\u00edas de tu vida?<\/strong><\/p>\n<p>AV: La verdad es que nada, absolutamente nada cambiar\u00eda porque de todo lo que he vivido, siempre he tenido una experiencia, he tratado de sacar lo bueno y lo malo, (es decir), aprender para no volver a cometer errores.<\/p>\n<p><strong>LG: F\u00edsicamente, \u00bfcambiar\u00edas algo?<\/strong><\/p>\n<p>AV: S\u00ed, que desaparezca mi \u201cpanza\u201d (sonr\u00ede), la verdad es que no.<\/p>\n<p><strong>LG: \u00bfCu\u00e1l es tu mayor fortaleza?<\/strong><\/p>\n<p>AV: Creo que tengo la autoestima s\u00faper alta. Soy una persona que no se deja humillar por nada ni por nadie, no soy mucho de la persona que se deja llevar por lo que comenta la gente.<\/p>\n<p><strong>LG: \u00bfCu\u00e1l es tu mayor debilidad?<\/strong><\/p>\n<p>AV: Los animales. Lo que m\u00e1s me lastima y me pone d\u00e9bil es el maltrato a los animales.<\/p>\n<p><strong>LG: \u00bfQu\u00e9 es lo mejor que han dicho de ti?<\/strong><\/p>\n<p>AV: Creo que esas personas que est\u00e1n en la calle o me escriben a mis redes y me dicen que conmigo han tenido una gran infancia o que les gusta mi trabajo o que a veces me dicen que, por mis transmisiones, por el programa o por un comentario que hago, les alegro el d\u00eda, pues eso es para m\u00ed muy importante.<\/p>\n<p><strong>LG: Y \u00bfqu\u00e9 lo peor?<\/strong><\/p>\n<p>AV: La verdad es que no presto atenci\u00f3n cuando ladran los perros.<\/p>\n<p><strong>LG: Cuando te miras en el espejo, \u00bfqu\u00e9 ves?<\/strong><\/p>\n<p>AV: Veo a una persona que ha llegado a donde siempre ha querido llegar, disfrutar de la vida.<\/p>\n<p><strong>LG: \u00bfEres un esclavo del espejo?<\/strong><\/p>\n<p>AV: No, para nada.<\/p>\n<p><strong>LG: \u00bfQu\u00e9 haces en tu tiempo libre?<\/strong><\/p>\n<p>AV: Duermo, juego videojuegos y estoy con mi perro Homero y mi gata Pepita.<\/p>\n<p><strong>LG: \u00bfCon qu\u00e9 animal te identificas y por qu\u00e9?<\/strong><\/p>\n<p>AV: Tal vez con un lobo porque son fuertes, independientes.<\/p>\n<p><strong>LG: \u00bfQu\u00e9 ser\u00eda lo \u00faltimo que har\u00edas por amor?<\/strong><\/p>\n<p>AV: \u00bfLo \u00faltimo que har\u00eda por amor? No s\u00e9, che, yo creo que por amor har\u00eda lo que sea, pero no ceder\u00eda ante los caprichos de la otra persona. O sea, solo por caprichos no lo har\u00eda.<\/p>\n<p><strong>LG: \u00bfUn alivio para las penas de amor?<\/strong><\/p>\n<p>AV: Volcar la p\u00e1gina. Lo m\u00e1s f\u00e1cil que puedes hacer es hablar contigo mismo, ver que no te conviene, voltear la p\u00e1gina y cortar toda relaci\u00f3n con esa persona, no de mala onda. Lo m\u00e1s f\u00e1cil que puedes hacer para olvidar a una persona es dejar de pensar en ella. Dejar de prestarle atenci\u00f3n, es lo m\u00e1s f\u00e1cil. Es dif\u00edcil el momento que est\u00e1s pasando, pero si analizas bien y te pones a pensar, te das de cuenta que es lo correcto y eso te ayuda a superar a esa persona.<\/p>\n<p><strong>LG: \u00bfQu\u00e9 cosa nunca perdonar\u00edas?<\/strong><\/p>\n<p>AV: Yo creo que lo que nunca perdonar\u00eda es la traici\u00f3n y la infidelidad.<\/p>\n<p><strong>LG: \u00bfUna frustraci\u00f3n?<\/strong><\/p>\n<p>AV: Desde ni\u00f1o siempre quise ser astronauta y creo que ya no voy a poder (sonr\u00ede).<\/p>\n<p><strong>LG: \u00bfUn sue\u00f1o realizado?<\/strong><\/p>\n<p>AV: Estar donde estoy, la verdad\u2026 vivir como vivo ahora.<\/p>\n<p><strong>LG: \u00bfCu\u00e1ndo fue la \u00faltima vez que lloraste y por qu\u00e9?<\/strong><\/p>\n<p>AV: Creo que cuando he hecho dormir a mi anterior perro Homero, entonces s\u00ed que he llorado de verdad.<\/p>\n<p><strong>LG: \u00bfQu\u00e9 haces cuando reniegas?<\/strong><\/p>\n<p>AV: Siempre pido que me den un espacio, porque soy una persona que cuando reniego, realmente reviento, entonces siempre cuando me enojo es mejor que me dejen solo para que se me pase mi enojo.<\/p>\n<p><strong>LG: \u00bfCu\u00e1l es el mejor consejo que recibiste?<\/strong><\/p>\n<p>AV: Has lo que t\u00fa quieras hacer y disfruta de la vida sin tener que esperar algo de los dem\u00e1s.<\/p>\n<p><strong>LG: \u00bfC\u00f3mo te gustar\u00eda que te recuerden?<\/strong><\/p>\n<p>AV: No s\u00e9, como alguien que es divertido, como alguien que es tal vez esa persona que hace que tus problemas se olviden, porque a veces, como te digo, recibo mensajes en mis redes sociales de personas que me dicen: \u201cPucha, yo he tenido un d\u00eda de m\u2026, pero al ver tu programa o al ver tus tiktoks o al verte en tus transmisiones, haces que se me olviden los problemas. Incluso hay personas que me escriben al imbox pidi\u00e9ndome consejos para terminar una relaci\u00f3n o c\u00f3mo se hace para olvidar a alguien, como si yo fuera un experto. La verdad es que yo con el poco conocimiento que tengo, siempre trato de ayudar a los dem\u00e1s y me gustar\u00eda que me recuerden as\u00ed.<\/p>\n<p><strong>LG: \u00bfCu\u00e1les son los defectos que te molestan de los dem\u00e1s?<\/strong><\/p>\n<p>AV: Que hablan de cosas que no me importan, que me obliguen a escuchar temas que no me importan y lo que m\u00e1s odio es que la gente te obligue a mentir para caerles bien. Cuando uno a veces dice la verdad, otras personas se enojan y, pues, quedas como malo, sin embargo, est\u00e1s diciendo la verdad. Y a muchas personas no le gusta escuchar la verdad.<\/p>\n<p><strong>LG: Si alguien no te cae, \u00bfse lo dices de frente?<\/strong><\/p>\n<p>AV: No, directamente lo ignoro. Si alguien no me cae, no pierdo mi tiempo explic\u00e1ndome por qu\u00e9 no me cae, directamente lo ignoro, ya est\u00e1.<\/p>\n<p><strong>LG: \u00bfQu\u00e9 poderes m\u00e1gicos te gustar\u00eda tener?<\/strong><\/p>\n<p>AV: Me gustar\u00eda parar el tiempo, porque a veces cuando estoy disfrutando de algunas cosas, el tiempo pasa muy r\u00e1pido.<\/p>\n<p><strong>LG: Si tendr\u00edas que ser otro presentador de televisi\u00f3n, \u00bfqui\u00e9n ser\u00edas?<\/strong><\/p>\n<p>AV: Ninguno, no me gustar\u00eda ser como alguien, soy como soy, sin guiarme por nadie, como que no tengo un ejemplo, \u00bfentiendes? Como que no he sacado ideas de \u00e9ste o del otro, sino directamente soy como soy, y m\u00e1s bien agradezco a los medios de comunicaci\u00f3n, especialmente a la Red Uno, que me ha dejado ser como soy, y eso le gusta la gente.<\/p>\n<p><strong>LG: De no estar en la comunicaci\u00f3n, \u00bfa qu\u00e9 te dedicar\u00edas?<\/strong><\/p>\n<p>AV: Me hubiera gustado ser abogado tambi\u00e9n.<\/p>\n<p><strong>LG: \u00bfQu\u00e9 significa hoy en tu vida el programa Sabores Bolivianos? <\/strong><\/p>\n<p>AV: Me ha dado la oportunidad de volver a hacer algo que me gusta, que es la televisi\u00f3n, y estoy totalmente agradecido con Red Uno y con<em> Sabores<\/em>. Es algo muy importante, si es que no es lo m\u00e1s importante que estoy haciendo.<\/p>\n<p><strong>LG: \u00bfQu\u00e9 representa para ti tu familia?<\/strong><\/p>\n<p>AV: Es un pilar muy importante en todo lo que hago.<\/p>\n<p><strong>LG: \u00bfA qui\u00e9n desear\u00edas abrazar en este momento?<\/strong><\/p>\n<p>AV: A mis pap\u00e1s, a mi t\u00edo Peri, son ellos a los que m\u00e1s extra\u00f1o.<\/p>\n<div id='gallery-1' class='gallery galleryid-159610 gallery-columns-3 gallery-size-medium'><figure class='gallery-item'>\n\t\t\t<div class='gallery-icon landscape'>\n\t\t\t\t<a href='https:\/\/www.eldiario.net\/portal\/2023\/06\/12\/alan-vera-que-digan-que-les-alegro-el-dia-es-muy-importante-para-mi\/alan-1-principal\/'><img loading=\"lazy\" decoding=\"async\" width=\"300\" height=\"201\" src=\"https:\/\/www.eldiario.net\/portal\/wp-content\/uploads\/2023\/06\/alan-1-PRINCIPAL-scaled-1-300x201.jpg\" class=\"attachment-medium size-medium\" alt=\"\" srcset=\"https:\/\/www.eldiario.net\/portal\/wp-content\/uploads\/2023\/06\/alan-1-PRINCIPAL-scaled-1-300x201.jpg 300w, https:\/\/www.eldiario.net\/portal\/wp-content\/uploads\/2023\/06\/alan-1-PRINCIPAL-scaled-1-1024x684.jpg 1024w, https:\/\/www.eldiario.net\/portal\/wp-content\/uploads\/2023\/06\/alan-1-PRINCIPAL-scaled-1-768x513.jpg 768w, https:\/\/www.eldiario.net\/portal\/wp-content\/uploads\/2023\/06\/alan-1-PRINCIPAL-scaled-1-1536x1027.jpg 1536w, https:\/\/www.eldiario.net\/portal\/wp-content\/uploads\/2023\/06\/alan-1-PRINCIPAL-scaled-1-2048x1369.jpg 2048w, https:\/\/www.eldiario.net\/portal\/wp-content\/uploads\/2023\/06\/alan-1-PRINCIPAL-scaled-1-696x465.jpg 696w, https:\/\/www.eldiario.net\/portal\/wp-content\/uploads\/2023\/06\/alan-1-PRINCIPAL-scaled-1-1068x714.jpg 1068w, https:\/\/www.eldiario.net\/portal\/wp-content\/uploads\/2023\/06\/alan-1-PRINCIPAL-scaled-1-1920x1283.jpg 1920w\" sizes=\"auto, (max-width: 300px) 100vw, 300px\" \/><\/a>\n\t\t\t<\/div><\/figure><figure class='gallery-item'>\n\t\t\t<div class='gallery-icon landscape'>\n\t\t\t\t<a href='https:\/\/www.eldiario.net\/portal\/2023\/06\/12\/alan-vera-que-digan-que-les-alegro-el-dia-es-muy-importante-para-mi\/alan-2\/'><img loading=\"lazy\" decoding=\"async\" width=\"300\" height=\"201\" src=\"https:\/\/www.eldiario.net\/portal\/wp-content\/uploads\/2023\/06\/alan-2-scaled-1-300x201.jpg\" class=\"attachment-medium size-medium\" alt=\"\" srcset=\"https:\/\/www.eldiario.net\/portal\/wp-content\/uploads\/2023\/06\/alan-2-scaled-1-300x201.jpg 300w, https:\/\/www.eldiario.net\/portal\/wp-content\/uploads\/2023\/06\/alan-2-scaled-1-1024x684.jpg 1024w, https:\/\/www.eldiario.net\/portal\/wp-content\/uploads\/2023\/06\/alan-2-scaled-1-768x513.jpg 768w, https:\/\/www.eldiario.net\/portal\/wp-content\/uploads\/2023\/06\/alan-2-scaled-1-1536x1027.jpg 1536w, https:\/\/www.eldiario.net\/portal\/wp-content\/uploads\/2023\/06\/alan-2-scaled-1-2048x1369.jpg 2048w, https:\/\/www.eldiario.net\/portal\/wp-content\/uploads\/2023\/06\/alan-2-scaled-1-696x465.jpg 696w, https:\/\/www.eldiario.net\/portal\/wp-content\/uploads\/2023\/06\/alan-2-scaled-1-1068x714.jpg 1068w, https:\/\/www.eldiario.net\/portal\/wp-content\/uploads\/2023\/06\/alan-2-scaled-1-1920x1283.jpg 1920w\" sizes=\"auto, (max-width: 300px) 100vw, 300px\" \/><\/a>\n\t\t\t<\/div><\/figure><figure class='gallery-item'>\n\t\t\t<div class='gallery-icon landscape'>\n\t\t\t\t<a href='https:\/\/www.eldiario.net\/portal\/2023\/06\/12\/alan-vera-que-digan-que-les-alegro-el-dia-es-muy-importante-para-mi\/alan-3\/'><img loading=\"lazy\" decoding=\"async\" width=\"300\" height=\"201\" src=\"https:\/\/www.eldiario.net\/portal\/wp-content\/uploads\/2023\/06\/alan-3-scaled-1-300x201.jpg\" class=\"attachment-medium size-medium\" alt=\"\" srcset=\"https:\/\/www.eldiario.net\/portal\/wp-content\/uploads\/2023\/06\/alan-3-scaled-1-300x201.jpg 300w, https:\/\/www.eldiario.net\/portal\/wp-content\/uploads\/2023\/06\/alan-3-scaled-1-1024x684.jpg 1024w, https:\/\/www.eldiario.net\/portal\/wp-content\/uploads\/2023\/06\/alan-3-scaled-1-768x513.jpg 768w, https:\/\/www.eldiario.net\/portal\/wp-content\/uploads\/2023\/06\/alan-3-scaled-1-1536x1027.jpg 1536w, https:\/\/www.eldiario.net\/portal\/wp-content\/uploads\/2023\/06\/alan-3-scaled-1-2048x1369.jpg 2048w, https:\/\/www.eldiario.net\/portal\/wp-content\/uploads\/2023\/06\/alan-3-scaled-1-696x465.jpg 696w, https:\/\/www.eldiario.net\/portal\/wp-content\/uploads\/2023\/06\/alan-3-scaled-1-1068x714.jpg 1068w, https:\/\/www.eldiario.net\/portal\/wp-content\/uploads\/2023\/06\/alan-3-scaled-1-1920x1283.jpg 1920w\" sizes=\"auto, (max-width: 300px) 100vw, 300px\" \/><\/a>\n\t\t\t<\/div><\/figure>\n\t\t<\/div>\n\n","protected":false},"excerpt":{"rendered":"<p>Nombre: Me llamo Carlos Alan Vera Hauzateng. Fecha y lugar de nacimiento: 30 de julio en La Paz. Estado civil: Tengo novia. \u00bfQu\u00e9 haces hoy?: Soy presentador del programa Sabores Bolivianos de la Red Uno. &nbsp; &nbsp; LG: \u00bfQu\u00e9 es lo que el p\u00fablico no sabe de ti? AV: Que no tengo paciencia, que soy [&hellip;]<\/p>\n","protected":false},"author":1,"featured_media":159611,"comment_status":"closed","ping_status":"closed","sticky":false,"template":"","format":"standard","meta":{"_acf_changed":false,"footnotes":""},"categories":[41],"tags":[],"class_list":["post-159610","post","type-post","status-publish","format-standard","has-post-thumbnail","category-la-guia"],"acf":{"antetitulo":""},"yoast_head":"<!-- This site is optimized with the Yoast SEO plugin v28.4 - https:\/\/yoast.com\/product\/yoast-seo-wordpress\/ -->\n<title>ALAN VERA \u201cQue digan que les alegro el d\u00eda, es muy importante para m\u00ed\u201d - El Diario - Bolivia<\/title>\n<meta name=\"robots\" content=\"index, follow, max-snippet:-1, max-image-preview:large, max-video-preview:-1\" \/>\n<link rel=\"canonical\" href=\"https:\/\/www.eldiario.net\/portal\/2023\/06\/12\/alan-vera-que-digan-que-les-alegro-el-dia-es-muy-importante-para-mi\/\" \/>\n<meta property=\"og:locale\" content=\"es_ES\" \/>\n<meta property=\"og:type\" content=\"article\" \/>\n<meta property=\"og:title\" content=\"ALAN VERA \u201cQue digan que les alegro el d\u00eda, es muy importante para m\u00ed\u201d - El Diario - Bolivia\" \/>\n<meta property=\"og:description\" content=\"Nombre: Me llamo Carlos Alan Vera Hauzateng. Fecha y lugar de nacimiento: 30 de julio en La Paz. Estado civil: Tengo novia. \u00bfQu\u00e9 haces hoy?: Soy presentador del programa Sabores Bolivianos de la Red Uno. &nbsp; &nbsp; LG: \u00bfQu\u00e9 es lo que el p\u00fablico no sabe de ti? AV: Que no tengo paciencia, que soy [&hellip;]\" \/>\n<meta property=\"og:url\" content=\"https:\/\/www.eldiario.net\/portal\/2023\/06\/12\/alan-vera-que-digan-que-les-alegro-el-dia-es-muy-importante-para-mi\/\" \/>\n<meta property=\"og:site_name\" content=\"El Diario - Bolivia\" \/>\n<meta property=\"article:publisher\" content=\"https:\/\/www.facebook.com\/eldiario.bolivia\/\" \/>\n<meta property=\"article:published_time\" content=\"2023-06-12T11:00:38+00:00\" \/>\n<meta property=\"og:image\" content=\"https:\/\/www.eldiario.net\/portal\/wp-content\/uploads\/2023\/06\/alan-1-PRINCIPAL-scaled-1.jpg\" \/>\n\t<meta property=\"og:image:width\" content=\"2560\" \/>\n\t<meta property=\"og:image:height\" content=\"1711\" \/>\n\t<meta property=\"og:image:type\" content=\"image\/jpeg\" \/>\n<meta name=\"author\" content=\"Jeanette\" \/>\n<meta name=\"twitter:card\" content=\"summary_large_image\" \/>\n<meta name=\"twitter:creator\" content=\"@eldiario_net\" \/>\n<meta name=\"twitter:site\" content=\"@eldiario_net\" \/>\n<meta name=\"twitter:label1\" content=\"Escrito por\" \/>\n\t<meta name=\"twitter:data1\" content=\"Jeanette\" \/>\n\t<meta name=\"twitter:label2\" content=\"Tiempo de lectura\" \/>\n\t<meta name=\"twitter:data2\" content=\"6 minutos\" \/>\n<script type=\"application\/ld+json\" class=\"yoast-schema-graph\">{\"@context\":\"https:\\\/\\\/schema.org\",\"@graph\":[{\"@type\":\"Article\",\"@id\":\"https:\\\/\\\/www.eldiario.net\\\/portal\\\/2023\\\/06\\\/12\\\/alan-vera-que-digan-que-les-alegro-el-dia-es-muy-importante-para-mi\\\/#article\",\"isPartOf\":{\"@id\":\"https:\\\/\\\/www.eldiario.net\\\/portal\\\/2023\\\/06\\\/12\\\/alan-vera-que-digan-que-les-alegro-el-dia-es-muy-importante-para-mi\\\/\"},\"author\":{\"name\":\"Jeanette\",\"@id\":\"https:\\\/\\\/www.eldiario.net\\\/portal\\\/#\\\/schema\\\/person\\\/2c57cf2b7a7ae032e449e4c9b1019eac\"},\"headline\":\"ALAN VERA \u201cQue digan que les alegro el d\u00eda, es muy importante para m\u00ed\u201d\",\"datePublished\":\"2023-06-12T11:00:38+00:00\",\"mainEntityOfPage\":{\"@id\":\"https:\\\/\\\/www.eldiario.net\\\/portal\\\/2023\\\/06\\\/12\\\/alan-vera-que-digan-que-les-alegro-el-dia-es-muy-importante-para-mi\\\/\"},\"wordCount\":1228,\"publisher\":{\"@id\":\"https:\\\/\\\/www.eldiario.net\\\/portal\\\/#organization\"},\"image\":{\"@id\":\"https:\\\/\\\/www.eldiario.net\\\/portal\\\/2023\\\/06\\\/12\\\/alan-vera-que-digan-que-les-alegro-el-dia-es-muy-importante-para-mi\\\/#primaryimage\"},\"thumbnailUrl\":\"https:\\\/\\\/www.eldiario.net\\\/portal\\\/wp-content\\\/uploads\\\/2023\\\/06\\\/alan-1-PRINCIPAL-scaled-1.jpg\",\"articleSection\":[\"La Gu\u00eda\"],\"inLanguage\":\"es\"},{\"@type\":\"WebPage\",\"@id\":\"https:\\\/\\\/www.eldiario.net\\\/portal\\\/2023\\\/06\\\/12\\\/alan-vera-que-digan-que-les-alegro-el-dia-es-muy-importante-para-mi\\\/\",\"url\":\"https:\\\/\\\/www.eldiario.net\\\/portal\\\/2023\\\/06\\\/12\\\/alan-vera-que-digan-que-les-alegro-el-dia-es-muy-importante-para-mi\\\/\",\"name\":\"ALAN VERA \u201cQue digan que les alegro el d\u00eda, es muy importante para m\u00ed\u201d - El Diario - Bolivia\",\"isPartOf\":{\"@id\":\"https:\\\/\\\/www.eldiario.net\\\/portal\\\/#website\"},\"primaryImageOfPage\":{\"@id\":\"https:\\\/\\\/www.eldiario.net\\\/portal\\\/2023\\\/06\\\/12\\\/alan-vera-que-digan-que-les-alegro-el-dia-es-muy-importante-para-mi\\\/#primaryimage\"},\"image\":{\"@id\":\"https:\\\/\\\/www.eldiario.net\\\/portal\\\/2023\\\/06\\\/12\\\/alan-vera-que-digan-que-les-alegro-el-dia-es-muy-importante-para-mi\\\/#primaryimage\"},\"thumbnailUrl\":\"https:\\\/\\\/www.eldiario.net\\\/portal\\\/wp-content\\\/uploads\\\/2023\\\/06\\\/alan-1-PRINCIPAL-scaled-1.jpg\",\"datePublished\":\"2023-06-12T11:00:38+00:00\",\"breadcrumb\":{\"@id\":\"https:\\\/\\\/www.eldiario.net\\\/portal\\\/2023\\\/06\\\/12\\\/alan-vera-que-digan-que-les-alegro-el-dia-es-muy-importante-para-mi\\\/#breadcrumb\"},\"inLanguage\":\"es\",\"potentialAction\":[{\"@type\":\"ReadAction\",\"target\":[\"https:\\\/\\\/www.eldiario.net\\\/portal\\\/2023\\\/06\\\/12\\\/alan-vera-que-digan-que-les-alegro-el-dia-es-muy-importante-para-mi\\\/\"]}]},{\"@type\":\"ImageObject\",\"inLanguage\":\"es\",\"@id\":\"https:\\\/\\\/www.eldiario.net\\\/portal\\\/2023\\\/06\\\/12\\\/alan-vera-que-digan-que-les-alegro-el-dia-es-muy-importante-para-mi\\\/#primaryimage\",\"url\":\"https:\\\/\\\/www.eldiario.net\\\/portal\\\/wp-content\\\/uploads\\\/2023\\\/06\\\/alan-1-PRINCIPAL-scaled-1.jpg\",\"contentUrl\":\"https:\\\/\\\/www.eldiario.net\\\/portal\\\/wp-content\\\/uploads\\\/2023\\\/06\\\/alan-1-PRINCIPAL-scaled-1.jpg\",\"width\":2560,\"height\":1711},{\"@type\":\"BreadcrumbList\",\"@id\":\"https:\\\/\\\/www.eldiario.net\\\/portal\\\/2023\\\/06\\\/12\\\/alan-vera-que-digan-que-les-alegro-el-dia-es-muy-importante-para-mi\\\/#breadcrumb\",\"itemListElement\":[{\"@type\":\"ListItem\",\"position\":1,\"name\":\"Portada\",\"item\":\"https:\\\/\\\/www.eldiario.net\\\/portal\\\/\"},{\"@type\":\"ListItem\",\"position\":2,\"name\":\"ALAN VERA \u201cQue digan que les alegro el d\u00eda, es muy importante para m\u00ed\u201d\"}]},{\"@type\":\"WebSite\",\"@id\":\"https:\\\/\\\/www.eldiario.net\\\/portal\\\/#website\",\"url\":\"https:\\\/\\\/www.eldiario.net\\\/portal\\\/\",\"name\":\"El Diario - Decano de la prensa nacional\",\"description\":\"El Diario - Decano de la prensa nacional\",\"publisher\":{\"@id\":\"https:\\\/\\\/www.eldiario.net\\\/portal\\\/#organization\"},\"potentialAction\":[{\"@type\":\"SearchAction\",\"target\":{\"@type\":\"EntryPoint\",\"urlTemplate\":\"https:\\\/\\\/www.eldiario.net\\\/portal\\\/?s={search_term_string}\"},\"query-input\":{\"@type\":\"PropertyValueSpecification\",\"valueRequired\":true,\"valueName\":\"search_term_string\"}}],\"inLanguage\":\"es\"},{\"@type\":\"Organization\",\"@id\":\"https:\\\/\\\/www.eldiario.net\\\/portal\\\/#organization\",\"name\":\"El Diario - Decano de la prensa nacional\",\"url\":\"https:\\\/\\\/www.eldiario.net\\\/portal\\\/\",\"logo\":{\"@type\":\"ImageObject\",\"inLanguage\":\"es\",\"@id\":\"https:\\\/\\\/www.eldiario.net\\\/portal\\\/#\\\/schema\\\/logo\\\/image\\\/\",\"url\":\"https:\\\/\\\/www.eldiario.net\\\/portal\\\/wp-content\\\/uploads\\\/2023\\\/07\\\/logo_ED.jpg\",\"contentUrl\":\"https:\\\/\\\/www.eldiario.net\\\/portal\\\/wp-content\\\/uploads\\\/2023\\\/07\\\/logo_ED.jpg\",\"width\":272,\"height\":52,\"caption\":\"El Diario - Decano de la prensa nacional\"},\"image\":{\"@id\":\"https:\\\/\\\/www.eldiario.net\\\/portal\\\/#\\\/schema\\\/logo\\\/image\\\/\"},\"sameAs\":[\"https:\\\/\\\/www.facebook.com\\\/eldiario.bolivia\\\/\",\"https:\\\/\\\/x.com\\\/eldiario_net\"]},{\"@type\":\"Person\",\"@id\":\"https:\\\/\\\/www.eldiario.net\\\/portal\\\/#\\\/schema\\\/person\\\/2c57cf2b7a7ae032e449e4c9b1019eac\",\"name\":\"Jeanette\",\"image\":{\"@type\":\"ImageObject\",\"inLanguage\":\"es\",\"@id\":\"https:\\\/\\\/secure.gravatar.com\\\/avatar\\\/3ea2118a5f7dad2b7138b1187a6b7ee55f160b9968b66013c3a3ef39dd7e5798?s=96&d=mm&r=g\",\"url\":\"https:\\\/\\\/secure.gravatar.com\\\/avatar\\\/3ea2118a5f7dad2b7138b1187a6b7ee55f160b9968b66013c3a3ef39dd7e5798?s=96&d=mm&r=g\",\"contentUrl\":\"https:\\\/\\\/secure.gravatar.com\\\/avatar\\\/3ea2118a5f7dad2b7138b1187a6b7ee55f160b9968b66013c3a3ef39dd7e5798?s=96&d=mm&r=g\",\"caption\":\"Jeanette\"},\"sameAs\":[\"https:\\\/\\\/www.eldiario.net\\\/portal\"],\"url\":\"https:\\\/\\\/www.eldiario.net\\\/portal\\\/author\\\/jeanette\\\/\"}]}<\/script>\n<!-- \/ Yoast SEO plugin. -->","yoast_head_json":{"title":"ALAN VERA \u201cQue digan que les alegro el d\u00eda, es muy importante para m\u00ed\u201d - El Diario - Bolivia","robots":{"index":"index","follow":"follow","max-snippet":"max-snippet:-1","max-image-preview":"max-image-preview:large","max-video-preview":"max-video-preview:-1"},"canonical":"https:\/\/www.eldiario.net\/portal\/2023\/06\/12\/alan-vera-que-digan-que-les-alegro-el-dia-es-muy-importante-para-mi\/","og_locale":"es_ES","og_type":"article","og_title":"ALAN VERA \u201cQue digan que les alegro el d\u00eda, es muy importante para m\u00ed\u201d - El Diario - Bolivia","og_description":"Nombre: Me llamo Carlos Alan Vera Hauzateng. Fecha y lugar de nacimiento: 30 de julio en La Paz. Estado civil: Tengo novia. \u00bfQu\u00e9 haces hoy?: Soy presentador del programa Sabores Bolivianos de la Red Uno. &nbsp; &nbsp; LG: \u00bfQu\u00e9 es lo que el p\u00fablico no sabe de ti? AV: Que no tengo paciencia, que soy [&hellip;]","og_url":"https:\/\/www.eldiario.net\/portal\/2023\/06\/12\/alan-vera-que-digan-que-les-alegro-el-dia-es-muy-importante-para-mi\/","og_site_name":"El Diario - Bolivia","article_publisher":"https:\/\/www.facebook.com\/eldiario.bolivia\/","article_published_time":"2023-06-12T11:00:38+00:00","og_image":[{"width":2560,"height":1711,"url":"https:\/\/www.eldiario.net\/portal\/wp-content\/uploads\/2023\/06\/alan-1-PRINCIPAL-scaled-1.jpg","type":"image\/jpeg"}],"author":"Jeanette","twitter_card":"summary_large_image","twitter_creator":"@eldiario_net","twitter_site":"@eldiario_net","twitter_misc":{"Escrito por":"Jeanette","Tiempo de lectura":"6 minutos"},"schema":{"@context":"https:\/\/schema.org","@graph":[{"@type":"Article","@id":"https:\/\/www.eldiario.net\/portal\/2023\/06\/12\/alan-vera-que-digan-que-les-alegro-el-dia-es-muy-importante-para-mi\/#article","isPartOf":{"@id":"https:\/\/www.eldiario.net\/portal\/2023\/06\/12\/alan-vera-que-digan-que-les-alegro-el-dia-es-muy-importante-para-mi\/"},"author":{"name":"Jeanette","@id":"https:\/\/www.eldiario.net\/portal\/#\/schema\/person\/2c57cf2b7a7ae032e449e4c9b1019eac"},"headline":"ALAN VERA \u201cQue digan que les alegro el d\u00eda, es muy importante para m\u00ed\u201d","datePublished":"2023-06-12T11:00:38+00:00","mainEntityOfPage":{"@id":"https:\/\/www.eldiario.net\/portal\/2023\/06\/12\/alan-vera-que-digan-que-les-alegro-el-dia-es-muy-importante-para-mi\/"},"wordCount":1228,"publisher":{"@id":"https:\/\/www.eldiario.net\/portal\/#organization"},"image":{"@id":"https:\/\/www.eldiario.net\/portal\/2023\/06\/12\/alan-vera-que-digan-que-les-alegro-el-dia-es-muy-importante-para-mi\/#primaryimage"},"thumbnailUrl":"https:\/\/www.eldiario.net\/portal\/wp-content\/uploads\/2023\/06\/alan-1-PRINCIPAL-scaled-1.jpg","articleSection":["La Gu\u00eda"],"inLanguage":"es"},{"@type":"WebPage","@id":"https:\/\/www.eldiario.net\/portal\/2023\/06\/12\/alan-vera-que-digan-que-les-alegro-el-dia-es-muy-importante-para-mi\/","url":"https:\/\/www.eldiario.net\/portal\/2023\/06\/12\/alan-vera-que-digan-que-les-alegro-el-dia-es-muy-importante-para-mi\/","name":"ALAN VERA \u201cQue digan que les alegro el d\u00eda, es muy importante para m\u00ed\u201d - El Diario - Bolivia","isPartOf":{"@id":"https:\/\/www.eldiario.net\/portal\/#website"},"primaryImageOfPage":{"@id":"https:\/\/www.eldiario.net\/portal\/2023\/06\/12\/alan-vera-que-digan-que-les-alegro-el-dia-es-muy-importante-para-mi\/#primaryimage"},"image":{"@id":"https:\/\/www.eldiario.net\/portal\/2023\/06\/12\/alan-vera-que-digan-que-les-alegro-el-dia-es-muy-importante-para-mi\/#primaryimage"},"thumbnailUrl":"https:\/\/www.eldiario.net\/portal\/wp-content\/uploads\/2023\/06\/alan-1-PRINCIPAL-scaled-1.jpg","datePublished":"2023-06-12T11:00:38+00:00","breadcrumb":{"@id":"https:\/\/www.eldiario.net\/portal\/2023\/06\/12\/alan-vera-que-digan-que-les-alegro-el-dia-es-muy-importante-para-mi\/#breadcrumb"},"inLanguage":"es","potentialAction":[{"@type":"ReadAction","target":["https:\/\/www.eldiario.net\/portal\/2023\/06\/12\/alan-vera-que-digan-que-les-alegro-el-dia-es-muy-importante-para-mi\/"]}]},{"@type":"ImageObject","inLanguage":"es","@id":"https:\/\/www.eldiario.net\/portal\/2023\/06\/12\/alan-vera-que-digan-que-les-alegro-el-dia-es-muy-importante-para-mi\/#primaryimage","url":"https:\/\/www.eldiario.net\/portal\/wp-content\/uploads\/2023\/06\/alan-1-PRINCIPAL-scaled-1.jpg","contentUrl":"https:\/\/www.eldiario.net\/portal\/wp-content\/uploads\/2023\/06\/alan-1-PRINCIPAL-scaled-1.jpg","width":2560,"height":1711},{"@type":"BreadcrumbList","@id":"https:\/\/www.eldiario.net\/portal\/2023\/06\/12\/alan-vera-que-digan-que-les-alegro-el-dia-es-muy-importante-para-mi\/#breadcrumb","itemListElement":[{"@type":"ListItem","position":1,"name":"Portada","item":"https:\/\/www.eldiario.net\/portal\/"},{"@type":"ListItem","position":2,"name":"ALAN VERA \u201cQue digan que les alegro el d\u00eda, es muy importante para m\u00ed\u201d"}]},{"@type":"WebSite","@id":"https:\/\/www.eldiario.net\/portal\/#website","url":"https:\/\/www.eldiario.net\/portal\/","name":"El Diario - Decano de la prensa nacional","description":"El Diario - Decano de la prensa nacional","publisher":{"@id":"https:\/\/www.eldiario.net\/portal\/#organization"},"potentialAction":[{"@type":"SearchAction","target":{"@type":"EntryPoint","urlTemplate":"https:\/\/www.eldiario.net\/portal\/?s={search_term_string}"},"query-input":{"@type":"PropertyValueSpecification","valueRequired":true,"valueName":"search_term_string"}}],"inLanguage":"es"},{"@type":"Organization","@id":"https:\/\/www.eldiario.net\/portal\/#organization","name":"El Diario - Decano de la prensa nacional","url":"https:\/\/www.eldiario.net\/portal\/","logo":{"@type":"ImageObject","inLanguage":"es","@id":"https:\/\/www.eldiario.net\/portal\/#\/schema\/logo\/image\/","url":"https:\/\/www.eldiario.net\/portal\/wp-content\/uploads\/2023\/07\/logo_ED.jpg","contentUrl":"https:\/\/www.eldiario.net\/portal\/wp-content\/uploads\/2023\/07\/logo_ED.jpg","width":272,"height":52,"caption":"El Diario - Decano de la prensa nacional"},"image":{"@id":"https:\/\/www.eldiario.net\/portal\/#\/schema\/logo\/image\/"},"sameAs":["https:\/\/www.facebook.com\/eldiario.bolivia\/","https:\/\/x.com\/eldiario_net"]},{"@type":"Person","@id":"https:\/\/www.eldiario.net\/portal\/#\/schema\/person\/2c57cf2b7a7ae032e449e4c9b1019eac","name":"Jeanette","image":{"@type":"ImageObject","inLanguage":"es","@id":"https:\/\/secure.gravatar.com\/avatar\/3ea2118a5f7dad2b7138b1187a6b7ee55f160b9968b66013c3a3ef39dd7e5798?s=96&d=mm&r=g","url":"https:\/\/secure.gravatar.com\/avatar\/3ea2118a5f7dad2b7138b1187a6b7ee55f160b9968b66013c3a3ef39dd7e5798?s=96&d=mm&r=g","contentUrl":"https:\/\/secure.gravatar.com\/avatar\/3ea2118a5f7dad2b7138b1187a6b7ee55f160b9968b66013c3a3ef39dd7e5798?s=96&d=mm&r=g","caption":"Jeanette"},"sameAs":["https:\/\/www.eldiario.net\/portal"],"url":"https:\/\/www.eldiario.net\/portal\/author\/jeanette\/"}]}},"_links":{"self":[{"href":"https:\/\/www.eldiario.net\/portal\/wp-json\/wp\/v2\/posts\/159610","targetHints":{"allow":["GET"]}}],"collection":[{"href":"https:\/\/www.eldiario.net\/portal\/wp-json\/wp\/v2\/posts"}],"about":[{"href":"https:\/\/www.eldiario.net\/portal\/wp-json\/wp\/v2\/types\/post"}],"author":[{"embeddable":true,"href":"https:\/\/www.eldiario.net\/portal\/wp-json\/wp\/v2\/users\/1"}],"replies":[{"embeddable":true,"href":"https:\/\/www.eldiario.net\/portal\/wp-json\/wp\/v2\/comments?post=159610"}],"version-history":[{"count":0,"href":"https:\/\/www.eldiario.net\/portal\/wp-json\/wp\/v2\/posts\/159610\/revisions"}],"wp:featuredmedia":[{"embeddable":true,"href":"https:\/\/www.eldiario.net\/portal\/wp-json\/wp\/v2\/media\/159611"}],"wp:attachment":[{"href":"https:\/\/www.eldiario.net\/portal\/wp-json\/wp\/v2\/media?parent=159610"}],"wp:term":[{"taxonomy":"category","embeddable":true,"href":"https:\/\/www.eldiario.net\/portal\/wp-json\/wp\/v2\/categories?post=159610"},{"taxonomy":"post_tag","embeddable":true,"href":"https:\/\/www.eldiario.net\/portal\/wp-json\/wp\/v2\/tags?post=159610"}],"curies":[{"name":"wp","href":"https:\/\/api.w.org\/{rel}","templated":true}]}}