{"id":159241,"date":"2023-06-10T06:49:43","date_gmt":"2023-06-10T10:49:43","guid":{"rendered":"https:\/\/www.eldiario.net\/portal\/?p=159241"},"modified":"2023-06-10T06:49:43","modified_gmt":"2023-06-10T10:49:43","slug":"estrenan-puente-que-une-provincias-productoras-de-arroz-y-cacao","status":"publish","type":"post","link":"https:\/\/www.eldiario.net\/portal\/2023\/06\/10\/estrenan-puente-que-une-provincias-productoras-de-arroz-y-cacao\/","title":{"rendered":"Estrenan puente que une provincias  productoras de arroz y cacao"},"content":{"rendered":"<p>Ocho comunidades del departamento del Beni fueron beneficiadas con la inauguraci\u00f3n del puente Pedro Ignacio Muiba, obra que permitir\u00e1 su pujanza y fortalecer\u00e1 la producci\u00f3n y el comercio del arroz y del cacao, principalmente.<\/p>\n<p>Los pobladores de El Carmen del Itenez, Muiba, Huacaraje, Sacrificio, Eduardo Avaroa, Nuevo Israel, Casarabe y Pata de \u00c1guila podr\u00e1n cruzar el r\u00edo San Pablo sin necesidad de usar el pont\u00f3n que se hundi\u00f3 recientemente debido a su antig\u00fcedad y su uso constante, ocasionando incluso accidentes, principalmente de veh\u00edculos con carga pesada.<\/p>\n<p>El puente fue construido en 330 d\u00edas y tuvo una inversi\u00f3n de Bs 10,5 millones \u2013los recursos fueron invertidos por la propia Gobernaci\u00f3n- tiene una extensi\u00f3n de 90 metros y la empresa que se encarg\u00f3 de su construcci\u00f3n fue El Ceibo SRL.<\/p>\n<p>\u201cEste puente une dos provincias y dos municipios tremendamente productores, la mayor cantidad de la parte arrocera se encuentra en toda la parte de San Ignacio de Muiba hasta Casarabe. Gracias al puente tambi\u00e9n se puede ir hasta Santa Rosa de la Roca\u201d, se\u00f1al\u00f3 a ANF, el gobernador del Beni, Alejandro Unzueta.<\/p>\n<p>El puente tambi\u00e9n une los municipios de San Javier y Carmen del Itenez, en las provincias de Cercado e Itenez pues recortar\u00e1 kil\u00f3metros de recorrido en coche que se hace actualmente entre ambas provincias.<\/p>\n<p>Por el puente pavimentado podr\u00e1n ingresar todo tipo de motorizados, desde el transporte liviano hasta el pesado, tambi\u00e9n podr\u00e1n caminar los pobladores, pues cuenta con aceras y barandado.<\/p>\n<p>\u201cEste deseo de los benianos, y desde hace muchos a\u00f1os, se hace una realidad. Es algo que esper\u00e1bamos. El Beni es algo como que lo tienen olvidado. Ya no vamos a cruzar por el pont\u00f3n, ahora vamos a cruzar con m\u00e1s seguridad\u201d, se\u00f1al\u00f3 Hugo Aponte, presidente del Comit\u00e9 C\u00edvico del Beni.<\/p>\n<p>\u201cEn una oportunidad se hundi\u00f3 la carga de un menonita. Ahora ya no se va a tener problemas\u201d, dijo adem\u00e1s uno de sus dirigentes representantes.<\/p>\n<p>En el acto de inauguraci\u00f3n, gran cantidad de pobladores se hicieron presentes, adem\u00e1s de las autoridades locales. Un grupo de estudiantes de la unidad educativa de Pedro Ignacio de Muiba present\u00f3 un recital con las danzas t\u00edpicas del lugar como de La Sicur\u00ed y al final se invit\u00f3 carne de res. (Trinidad, ANF)<\/p>\n","protected":false},"excerpt":{"rendered":"<p>Ocho comunidades del departamento del Beni fueron beneficiadas con la inauguraci\u00f3n del puente Pedro Ignacio Muiba, obra que permitir\u00e1 su pujanza y fortalecer\u00e1 la producci\u00f3n y el comercio del arroz y del cacao, principalmente. Los pobladores de El Carmen del Itenez, Muiba, Huacaraje, Sacrificio, Eduardo Avaroa, Nuevo Israel, Casarabe y Pata de \u00c1guila podr\u00e1n cruzar [&hellip;]<\/p>\n","protected":false},"author":1,"featured_media":159242,"comment_status":"closed","ping_status":"closed","sticky":false,"template":"","format":"standard","meta":{"_acf_changed":false,"footnotes":""},"categories":[12],"tags":[],"class_list":["post-159241","post","type-post","status-publish","format-standard","has-post-thumbnail","category-nacional"],"acf":{"antetitulo":""},"yoast_head":"<!-- This site is optimized with the Yoast SEO plugin v28.4 - https:\/\/yoast.com\/product\/yoast-seo-wordpress\/ -->\n<title>Estrenan puente que une provincias productoras de arroz y cacao - El Diario - Bolivia<\/title>\n<meta name=\"robots\" content=\"index, follow, max-snippet:-1, max-image-preview:large, max-video-preview:-1\" \/>\n<link rel=\"canonical\" href=\"https:\/\/www.eldiario.net\/portal\/2023\/06\/10\/estrenan-puente-que-une-provincias-productoras-de-arroz-y-cacao\/\" \/>\n<meta property=\"og:locale\" content=\"es_ES\" \/>\n<meta property=\"og:type\" content=\"article\" \/>\n<meta property=\"og:title\" content=\"Estrenan puente que une provincias productoras de arroz y cacao - El Diario - Bolivia\" \/>\n<meta property=\"og:description\" content=\"Ocho comunidades del departamento del Beni fueron beneficiadas con la inauguraci\u00f3n del puente Pedro Ignacio Muiba, obra que permitir\u00e1 su pujanza y fortalecer\u00e1 la producci\u00f3n y el comercio del arroz y del cacao, principalmente. Los pobladores de El Carmen del Itenez, Muiba, Huacaraje, Sacrificio, Eduardo Avaroa, Nuevo Israel, Casarabe y Pata de \u00c1guila podr\u00e1n cruzar [&hellip;]\" \/>\n<meta property=\"og:url\" content=\"https:\/\/www.eldiario.net\/portal\/2023\/06\/10\/estrenan-puente-que-une-provincias-productoras-de-arroz-y-cacao\/\" \/>\n<meta property=\"og:site_name\" content=\"El Diario - Bolivia\" \/>\n<meta property=\"article:publisher\" content=\"https:\/\/www.facebook.com\/eldiario.bolivia\/\" \/>\n<meta property=\"article:published_time\" content=\"2023-06-10T10:49:43+00:00\" \/>\n<meta property=\"og:image\" content=\"https:\/\/www.eldiario.net\/portal\/wp-content\/uploads\/2023\/06\/PUENTE-FOTO.jpg\" \/>\n\t<meta property=\"og:image:width\" content=\"600\" \/>\n\t<meta property=\"og:image:height\" content=\"338\" \/>\n\t<meta property=\"og:image:type\" content=\"image\/jpeg\" \/>\n<meta name=\"author\" content=\"Jeanette\" \/>\n<meta name=\"twitter:card\" content=\"summary_large_image\" \/>\n<meta name=\"twitter:creator\" content=\"@eldiario_net\" \/>\n<meta name=\"twitter:site\" content=\"@eldiario_net\" \/>\n<meta name=\"twitter:label1\" content=\"Escrito por\" \/>\n\t<meta name=\"twitter:data1\" content=\"Jeanette\" \/>\n\t<meta name=\"twitter:label2\" content=\"Tiempo de lectura\" \/>\n\t<meta name=\"twitter:data2\" content=\"2 minutos\" \/>\n<script type=\"application\/ld+json\" class=\"yoast-schema-graph\">{\"@context\":\"https:\\\/\\\/schema.org\",\"@graph\":[{\"@type\":\"Article\",\"@id\":\"https:\\\/\\\/www.eldiario.net\\\/portal\\\/2023\\\/06\\\/10\\\/estrenan-puente-que-une-provincias-productoras-de-arroz-y-cacao\\\/#article\",\"isPartOf\":{\"@id\":\"https:\\\/\\\/www.eldiario.net\\\/portal\\\/2023\\\/06\\\/10\\\/estrenan-puente-que-une-provincias-productoras-de-arroz-y-cacao\\\/\"},\"author\":{\"name\":\"Jeanette\",\"@id\":\"https:\\\/\\\/www.eldiario.net\\\/portal\\\/#\\\/schema\\\/person\\\/2c57cf2b7a7ae032e449e4c9b1019eac\"},\"headline\":\"Estrenan puente que une provincias productoras de arroz y cacao\",\"datePublished\":\"2023-06-10T10:49:43+00:00\",\"mainEntityOfPage\":{\"@id\":\"https:\\\/\\\/www.eldiario.net\\\/portal\\\/2023\\\/06\\\/10\\\/estrenan-puente-que-une-provincias-productoras-de-arroz-y-cacao\\\/\"},\"wordCount\":407,\"publisher\":{\"@id\":\"https:\\\/\\\/www.eldiario.net\\\/portal\\\/#organization\"},\"image\":{\"@id\":\"https:\\\/\\\/www.eldiario.net\\\/portal\\\/2023\\\/06\\\/10\\\/estrenan-puente-que-une-provincias-productoras-de-arroz-y-cacao\\\/#primaryimage\"},\"thumbnailUrl\":\"https:\\\/\\\/www.eldiario.net\\\/portal\\\/wp-content\\\/uploads\\\/2023\\\/06\\\/PUENTE-FOTO.jpg\",\"articleSection\":[\"Nacional\"],\"inLanguage\":\"es\"},{\"@type\":\"WebPage\",\"@id\":\"https:\\\/\\\/www.eldiario.net\\\/portal\\\/2023\\\/06\\\/10\\\/estrenan-puente-que-une-provincias-productoras-de-arroz-y-cacao\\\/\",\"url\":\"https:\\\/\\\/www.eldiario.net\\\/portal\\\/2023\\\/06\\\/10\\\/estrenan-puente-que-une-provincias-productoras-de-arroz-y-cacao\\\/\",\"name\":\"Estrenan puente que une provincias productoras de arroz y cacao - El Diario - Bolivia\",\"isPartOf\":{\"@id\":\"https:\\\/\\\/www.eldiario.net\\\/portal\\\/#website\"},\"primaryImageOfPage\":{\"@id\":\"https:\\\/\\\/www.eldiario.net\\\/portal\\\/2023\\\/06\\\/10\\\/estrenan-puente-que-une-provincias-productoras-de-arroz-y-cacao\\\/#primaryimage\"},\"image\":{\"@id\":\"https:\\\/\\\/www.eldiario.net\\\/portal\\\/2023\\\/06\\\/10\\\/estrenan-puente-que-une-provincias-productoras-de-arroz-y-cacao\\\/#primaryimage\"},\"thumbnailUrl\":\"https:\\\/\\\/www.eldiario.net\\\/portal\\\/wp-content\\\/uploads\\\/2023\\\/06\\\/PUENTE-FOTO.jpg\",\"datePublished\":\"2023-06-10T10:49:43+00:00\",\"breadcrumb\":{\"@id\":\"https:\\\/\\\/www.eldiario.net\\\/portal\\\/2023\\\/06\\\/10\\\/estrenan-puente-que-une-provincias-productoras-de-arroz-y-cacao\\\/#breadcrumb\"},\"inLanguage\":\"es\",\"potentialAction\":[{\"@type\":\"ReadAction\",\"target\":[\"https:\\\/\\\/www.eldiario.net\\\/portal\\\/2023\\\/06\\\/10\\\/estrenan-puente-que-une-provincias-productoras-de-arroz-y-cacao\\\/\"]}]},{\"@type\":\"ImageObject\",\"inLanguage\":\"es\",\"@id\":\"https:\\\/\\\/www.eldiario.net\\\/portal\\\/2023\\\/06\\\/10\\\/estrenan-puente-que-une-provincias-productoras-de-arroz-y-cacao\\\/#primaryimage\",\"url\":\"https:\\\/\\\/www.eldiario.net\\\/portal\\\/wp-content\\\/uploads\\\/2023\\\/06\\\/PUENTE-FOTO.jpg\",\"contentUrl\":\"https:\\\/\\\/www.eldiario.net\\\/portal\\\/wp-content\\\/uploads\\\/2023\\\/06\\\/PUENTE-FOTO.jpg\",\"width\":600,\"height\":338,\"caption\":\"El puente inaugurado. Foto: ANF\"},{\"@type\":\"BreadcrumbList\",\"@id\":\"https:\\\/\\\/www.eldiario.net\\\/portal\\\/2023\\\/06\\\/10\\\/estrenan-puente-que-une-provincias-productoras-de-arroz-y-cacao\\\/#breadcrumb\",\"itemListElement\":[{\"@type\":\"ListItem\",\"position\":1,\"name\":\"Portada\",\"item\":\"https:\\\/\\\/www.eldiario.net\\\/portal\\\/\"},{\"@type\":\"ListItem\",\"position\":2,\"name\":\"Estrenan puente que une provincias productoras de arroz y cacao\"}]},{\"@type\":\"WebSite\",\"@id\":\"https:\\\/\\\/www.eldiario.net\\\/portal\\\/#website\",\"url\":\"https:\\\/\\\/www.eldiario.net\\\/portal\\\/\",\"name\":\"El Diario - Decano de la prensa nacional\",\"description\":\"El Diario - Decano de la prensa nacional\",\"publisher\":{\"@id\":\"https:\\\/\\\/www.eldiario.net\\\/portal\\\/#organization\"},\"potentialAction\":[{\"@type\":\"SearchAction\",\"target\":{\"@type\":\"EntryPoint\",\"urlTemplate\":\"https:\\\/\\\/www.eldiario.net\\\/portal\\\/?s={search_term_string}\"},\"query-input\":{\"@type\":\"PropertyValueSpecification\",\"valueRequired\":true,\"valueName\":\"search_term_string\"}}],\"inLanguage\":\"es\"},{\"@type\":\"Organization\",\"@id\":\"https:\\\/\\\/www.eldiario.net\\\/portal\\\/#organization\",\"name\":\"El Diario - Decano de la prensa nacional\",\"url\":\"https:\\\/\\\/www.eldiario.net\\\/portal\\\/\",\"logo\":{\"@type\":\"ImageObject\",\"inLanguage\":\"es\",\"@id\":\"https:\\\/\\\/www.eldiario.net\\\/portal\\\/#\\\/schema\\\/logo\\\/image\\\/\",\"url\":\"https:\\\/\\\/www.eldiario.net\\\/portal\\\/wp-content\\\/uploads\\\/2023\\\/07\\\/logo_ED.jpg\",\"contentUrl\":\"https:\\\/\\\/www.eldiario.net\\\/portal\\\/wp-content\\\/uploads\\\/2023\\\/07\\\/logo_ED.jpg\",\"width\":272,\"height\":52,\"caption\":\"El Diario - Decano de la prensa nacional\"},\"image\":{\"@id\":\"https:\\\/\\\/www.eldiario.net\\\/portal\\\/#\\\/schema\\\/logo\\\/image\\\/\"},\"sameAs\":[\"https:\\\/\\\/www.facebook.com\\\/eldiario.bolivia\\\/\",\"https:\\\/\\\/x.com\\\/eldiario_net\"]},{\"@type\":\"Person\",\"@id\":\"https:\\\/\\\/www.eldiario.net\\\/portal\\\/#\\\/schema\\\/person\\\/2c57cf2b7a7ae032e449e4c9b1019eac\",\"name\":\"Jeanette\",\"image\":{\"@type\":\"ImageObject\",\"inLanguage\":\"es\",\"@id\":\"https:\\\/\\\/secure.gravatar.com\\\/avatar\\\/3ea2118a5f7dad2b7138b1187a6b7ee55f160b9968b66013c3a3ef39dd7e5798?s=96&d=mm&r=g\",\"url\":\"https:\\\/\\\/secure.gravatar.com\\\/avatar\\\/3ea2118a5f7dad2b7138b1187a6b7ee55f160b9968b66013c3a3ef39dd7e5798?s=96&d=mm&r=g\",\"contentUrl\":\"https:\\\/\\\/secure.gravatar.com\\\/avatar\\\/3ea2118a5f7dad2b7138b1187a6b7ee55f160b9968b66013c3a3ef39dd7e5798?s=96&d=mm&r=g\",\"caption\":\"Jeanette\"},\"sameAs\":[\"https:\\\/\\\/www.eldiario.net\\\/portal\"],\"url\":\"https:\\\/\\\/www.eldiario.net\\\/portal\\\/author\\\/jeanette\\\/\"}]}<\/script>\n<!-- \/ Yoast SEO plugin. -->","yoast_head_json":{"title":"Estrenan puente que une provincias productoras de arroz y cacao - El Diario - Bolivia","robots":{"index":"index","follow":"follow","max-snippet":"max-snippet:-1","max-image-preview":"max-image-preview:large","max-video-preview":"max-video-preview:-1"},"canonical":"https:\/\/www.eldiario.net\/portal\/2023\/06\/10\/estrenan-puente-que-une-provincias-productoras-de-arroz-y-cacao\/","og_locale":"es_ES","og_type":"article","og_title":"Estrenan puente que une provincias productoras de arroz y cacao - El Diario - Bolivia","og_description":"Ocho comunidades del departamento del Beni fueron beneficiadas con la inauguraci\u00f3n del puente Pedro Ignacio Muiba, obra que permitir\u00e1 su pujanza y fortalecer\u00e1 la producci\u00f3n y el comercio del arroz y del cacao, principalmente. Los pobladores de El Carmen del Itenez, Muiba, Huacaraje, Sacrificio, Eduardo Avaroa, Nuevo Israel, Casarabe y Pata de \u00c1guila podr\u00e1n cruzar [&hellip;]","og_url":"https:\/\/www.eldiario.net\/portal\/2023\/06\/10\/estrenan-puente-que-une-provincias-productoras-de-arroz-y-cacao\/","og_site_name":"El Diario - Bolivia","article_publisher":"https:\/\/www.facebook.com\/eldiario.bolivia\/","article_published_time":"2023-06-10T10:49:43+00:00","og_image":[{"width":600,"height":338,"url":"https:\/\/www.eldiario.net\/portal\/wp-content\/uploads\/2023\/06\/PUENTE-FOTO.jpg","type":"image\/jpeg"}],"author":"Jeanette","twitter_card":"summary_large_image","twitter_creator":"@eldiario_net","twitter_site":"@eldiario_net","twitter_misc":{"Escrito por":"Jeanette","Tiempo de lectura":"2 minutos"},"schema":{"@context":"https:\/\/schema.org","@graph":[{"@type":"Article","@id":"https:\/\/www.eldiario.net\/portal\/2023\/06\/10\/estrenan-puente-que-une-provincias-productoras-de-arroz-y-cacao\/#article","isPartOf":{"@id":"https:\/\/www.eldiario.net\/portal\/2023\/06\/10\/estrenan-puente-que-une-provincias-productoras-de-arroz-y-cacao\/"},"author":{"name":"Jeanette","@id":"https:\/\/www.eldiario.net\/portal\/#\/schema\/person\/2c57cf2b7a7ae032e449e4c9b1019eac"},"headline":"Estrenan puente que une provincias productoras de arroz y cacao","datePublished":"2023-06-10T10:49:43+00:00","mainEntityOfPage":{"@id":"https:\/\/www.eldiario.net\/portal\/2023\/06\/10\/estrenan-puente-que-une-provincias-productoras-de-arroz-y-cacao\/"},"wordCount":407,"publisher":{"@id":"https:\/\/www.eldiario.net\/portal\/#organization"},"image":{"@id":"https:\/\/www.eldiario.net\/portal\/2023\/06\/10\/estrenan-puente-que-une-provincias-productoras-de-arroz-y-cacao\/#primaryimage"},"thumbnailUrl":"https:\/\/www.eldiario.net\/portal\/wp-content\/uploads\/2023\/06\/PUENTE-FOTO.jpg","articleSection":["Nacional"],"inLanguage":"es"},{"@type":"WebPage","@id":"https:\/\/www.eldiario.net\/portal\/2023\/06\/10\/estrenan-puente-que-une-provincias-productoras-de-arroz-y-cacao\/","url":"https:\/\/www.eldiario.net\/portal\/2023\/06\/10\/estrenan-puente-que-une-provincias-productoras-de-arroz-y-cacao\/","name":"Estrenan puente que une provincias productoras de arroz y cacao - El Diario - Bolivia","isPartOf":{"@id":"https:\/\/www.eldiario.net\/portal\/#website"},"primaryImageOfPage":{"@id":"https:\/\/www.eldiario.net\/portal\/2023\/06\/10\/estrenan-puente-que-une-provincias-productoras-de-arroz-y-cacao\/#primaryimage"},"image":{"@id":"https:\/\/www.eldiario.net\/portal\/2023\/06\/10\/estrenan-puente-que-une-provincias-productoras-de-arroz-y-cacao\/#primaryimage"},"thumbnailUrl":"https:\/\/www.eldiario.net\/portal\/wp-content\/uploads\/2023\/06\/PUENTE-FOTO.jpg","datePublished":"2023-06-10T10:49:43+00:00","breadcrumb":{"@id":"https:\/\/www.eldiario.net\/portal\/2023\/06\/10\/estrenan-puente-que-une-provincias-productoras-de-arroz-y-cacao\/#breadcrumb"},"inLanguage":"es","potentialAction":[{"@type":"ReadAction","target":["https:\/\/www.eldiario.net\/portal\/2023\/06\/10\/estrenan-puente-que-une-provincias-productoras-de-arroz-y-cacao\/"]}]},{"@type":"ImageObject","inLanguage":"es","@id":"https:\/\/www.eldiario.net\/portal\/2023\/06\/10\/estrenan-puente-que-une-provincias-productoras-de-arroz-y-cacao\/#primaryimage","url":"https:\/\/www.eldiario.net\/portal\/wp-content\/uploads\/2023\/06\/PUENTE-FOTO.jpg","contentUrl":"https:\/\/www.eldiario.net\/portal\/wp-content\/uploads\/2023\/06\/PUENTE-FOTO.jpg","width":600,"height":338,"caption":"El puente inaugurado. Foto: ANF"},{"@type":"BreadcrumbList","@id":"https:\/\/www.eldiario.net\/portal\/2023\/06\/10\/estrenan-puente-que-une-provincias-productoras-de-arroz-y-cacao\/#breadcrumb","itemListElement":[{"@type":"ListItem","position":1,"name":"Portada","item":"https:\/\/www.eldiario.net\/portal\/"},{"@type":"ListItem","position":2,"name":"Estrenan puente que une provincias productoras de arroz y cacao"}]},{"@type":"WebSite","@id":"https:\/\/www.eldiario.net\/portal\/#website","url":"https:\/\/www.eldiario.net\/portal\/","name":"El Diario - Decano de la prensa nacional","description":"El Diario - Decano de la prensa nacional","publisher":{"@id":"https:\/\/www.eldiario.net\/portal\/#organization"},"potentialAction":[{"@type":"SearchAction","target":{"@type":"EntryPoint","urlTemplate":"https:\/\/www.eldiario.net\/portal\/?s={search_term_string}"},"query-input":{"@type":"PropertyValueSpecification","valueRequired":true,"valueName":"search_term_string"}}],"inLanguage":"es"},{"@type":"Organization","@id":"https:\/\/www.eldiario.net\/portal\/#organization","name":"El Diario - Decano de la prensa nacional","url":"https:\/\/www.eldiario.net\/portal\/","logo":{"@type":"ImageObject","inLanguage":"es","@id":"https:\/\/www.eldiario.net\/portal\/#\/schema\/logo\/image\/","url":"https:\/\/www.eldiario.net\/portal\/wp-content\/uploads\/2023\/07\/logo_ED.jpg","contentUrl":"https:\/\/www.eldiario.net\/portal\/wp-content\/uploads\/2023\/07\/logo_ED.jpg","width":272,"height":52,"caption":"El Diario - Decano de la prensa nacional"},"image":{"@id":"https:\/\/www.eldiario.net\/portal\/#\/schema\/logo\/image\/"},"sameAs":["https:\/\/www.facebook.com\/eldiario.bolivia\/","https:\/\/x.com\/eldiario_net"]},{"@type":"Person","@id":"https:\/\/www.eldiario.net\/portal\/#\/schema\/person\/2c57cf2b7a7ae032e449e4c9b1019eac","name":"Jeanette","image":{"@type":"ImageObject","inLanguage":"es","@id":"https:\/\/secure.gravatar.com\/avatar\/3ea2118a5f7dad2b7138b1187a6b7ee55f160b9968b66013c3a3ef39dd7e5798?s=96&d=mm&r=g","url":"https:\/\/secure.gravatar.com\/avatar\/3ea2118a5f7dad2b7138b1187a6b7ee55f160b9968b66013c3a3ef39dd7e5798?s=96&d=mm&r=g","contentUrl":"https:\/\/secure.gravatar.com\/avatar\/3ea2118a5f7dad2b7138b1187a6b7ee55f160b9968b66013c3a3ef39dd7e5798?s=96&d=mm&r=g","caption":"Jeanette"},"sameAs":["https:\/\/www.eldiario.net\/portal"],"url":"https:\/\/www.eldiario.net\/portal\/author\/jeanette\/"}]}},"_links":{"self":[{"href":"https:\/\/www.eldiario.net\/portal\/wp-json\/wp\/v2\/posts\/159241","targetHints":{"allow":["GET"]}}],"collection":[{"href":"https:\/\/www.eldiario.net\/portal\/wp-json\/wp\/v2\/posts"}],"about":[{"href":"https:\/\/www.eldiario.net\/portal\/wp-json\/wp\/v2\/types\/post"}],"author":[{"embeddable":true,"href":"https:\/\/www.eldiario.net\/portal\/wp-json\/wp\/v2\/users\/1"}],"replies":[{"embeddable":true,"href":"https:\/\/www.eldiario.net\/portal\/wp-json\/wp\/v2\/comments?post=159241"}],"version-history":[{"count":0,"href":"https:\/\/www.eldiario.net\/portal\/wp-json\/wp\/v2\/posts\/159241\/revisions"}],"wp:featuredmedia":[{"embeddable":true,"href":"https:\/\/www.eldiario.net\/portal\/wp-json\/wp\/v2\/media\/159242"}],"wp:attachment":[{"href":"https:\/\/www.eldiario.net\/portal\/wp-json\/wp\/v2\/media?parent=159241"}],"wp:term":[{"taxonomy":"category","embeddable":true,"href":"https:\/\/www.eldiario.net\/portal\/wp-json\/wp\/v2\/categories?post=159241"},{"taxonomy":"post_tag","embeddable":true,"href":"https:\/\/www.eldiario.net\/portal\/wp-json\/wp\/v2\/tags?post=159241"}],"curies":[{"name":"wp","href":"https:\/\/api.w.org\/{rel}","templated":true}]}}