{"id":159235,"date":"2023-06-10T06:48:43","date_gmt":"2023-06-10T10:48:43","guid":{"rendered":"https:\/\/www.eldiario.net\/portal\/?p=159235"},"modified":"2023-06-10T06:48:43","modified_gmt":"2023-06-10T10:48:43","slug":"dieter-rocha-tras-35-anos-en-la-comunicacion-va-por-mas","status":"publish","type":"post","link":"https:\/\/www.eldiario.net\/portal\/2023\/06\/10\/dieter-rocha-tras-35-anos-en-la-comunicacion-va-por-mas\/","title":{"rendered":"Dieter Rocha tras 35 a\u00f1os en la comunicaci\u00f3n va por m\u00e1s"},"content":{"rendered":"<p>\u201cSeguir produciendo programas atractivos de Tv y Radio, seguir como uno de los mejores locutores de Bolivia y ganar un Grammy para el pa\u00eds con uno o m\u00e1s de mis artistas\u201d, son los sue\u00f1os y pr\u00f3ximos objetivos que se ha propuesto Dieter Rocha.<\/p>\n<p>El conocido productor est\u00e1 cumpliendo 35 a\u00f1os de continuo trabajo en los medios de comunicaci\u00f3n y hoy es el momento de la evaluaci\u00f3n.<\/p>\n<p>M\u00e1s de 135 entrevistas a consagrados artistas, m\u00e1s de 176 conferencias de prensa y m\u00e1s de 230 conciertos y eventos de fama mundial son una muestra de la dedicaci\u00f3n y entrega a su pasi\u00f3n\u2026 la comunicaci\u00f3n.<\/p>\n<p>Esa pasi\u00f3n le ha permitido convertirse en un verdadero embajador de Bolivia en el mundo, por sus constantes coberturas period\u00edsticas. Pero \u00bfqu\u00e9 significa para Dieter Rocha celebrar 35 a\u00f1os de trabajo en los medios de comunicaci\u00f3n?<\/p>\n<p>\u201cEs evaluar y analizar los resultados obtenidos en este\u00a0tramo importante de mi vida laboral, dedicada al crecimiento de la producci\u00f3n televisiva y radial de Bolivia, sin escatimar horarios, esfuerzo y aporte de forma desinteresada a los medios de comunicaci\u00f3n a los cuales tuve el honor de pertenecer en estas m\u00e1s de tres d\u00e9cadas y media\u201d, respondi\u00f3 Dieter en la charla que sostuvo con La Gu\u00eda.<\/p>\n<p><strong>LG: Empezaste en el programa Ivana Presenta, \u00bfqu\u00e9 te trae a la mente ese hecho?<\/strong><\/p>\n<p>D: Exactamente, a mediados del a\u00f1o 1988 \u201cIvana Presenta\u201d era una revista juvenil en la que presentaban, en el sector musical, los videoclips m\u00e1s destacados de la escena musical y, al mismo tiempo, fue el debut co-coduciendo en el programa que se emit\u00eda en el Canal 21 UHF.<\/p>\n<p><strong>LG: Luego, \u00bfqu\u00e9 programas hiciste y en qu\u00e9 medios estuviste, tanto radiales como televisivos?<\/strong><\/p>\n<p>D: En televisi\u00f3n estuve en Canal 2 Telesistema Boliviano, actualmente denominado Unitel. (Programa CDT a tus \u00d3rdenes, Domin\u00f3), Canal 4 RTP (Tu Top, RTP Deportes), Canal 5 Red Bolivisi\u00f3n (Contacto BTV, Sin Limites), Canal 7 Tvb. (Ritmo de La Noche, Clip Clip), Canal 9 ATB (Disca y V\u00e9, Javier y Compa\u00f1\u00eda, Vamos a Cancelar), Canal 11 Red Uno (Top 1, El Espectacular, El Garage, Conexi\u00f3n), Canal 21 UHF (Ivanna Presenta),<\/p>\n<p>Canal 24 UHF Fides TV (La Otra Pasi\u00f3n), Canal 36 Red Cadena A. (Nkdnt, Cl\u00e1sicos. F\u00fatbol Al 100%), Canal 39 Red Pat (Mix Up, Music On The Rocks, Hag\u00e1moslo de Noche), Canal 57 Cvc. (Nkdnt, Cvc Cl\u00e1sicos), Posdata TV. (Nkdnt, Cl\u00e1sicos).<\/p>\n<p>En Radio: RCN (Radio Cadena Nacional) 104.5 FM. (Rappid\u00edsimo), Radio Dimensi\u00f3n 90.5 FM (Radio Elvis), La Doble 88.3 FM. (Voz Institucional, D\u00edas Felices).<\/p>\n<p><strong>LG: \u00bfC\u00f3mo surgi\u00f3 la posibilidad de ser manager de varios artistas y grupos?<\/strong><\/p>\n<p>D:\u00a0En el a\u00f1o 2002\u00a0incorporo a mi productora un departamento especializado en el manejo de artistas y m\u00fasicos nacionales e internacionales, denominado TEAM DIETER, llegando en estos 20 a\u00f1os a ser manager\/representante de los artistas m\u00e1s importantes e influyentes del mercado boliviano, entre ellos: Unit, Quirqui\u00f1a, Krauss, C\u00f3digo Fher, Electroshock, Dany Deglein, Los Prana, Odas, Orgasmo, Fabio Rossi, Elvis Gustavo y mi m\u00e1s reciente proyecto, Madison.<\/p>\n<p>El TEAM Dieter, por su permanente visi\u00f3n del crecimiento del acervo cultural, ha participado en la realizaci\u00f3n de alrededor de ochenta videoclips musicales de todas las bandas que representa y ha asesorado a otras tantas, locales y del extranjero, a la vez del lanzamiento de m\u00e1s 20 trabajos discogr\u00e1ficos, cientos de presentaciones en todo el pa\u00eds, logrando sus representados la aceptaci\u00f3n del p\u00fablico boliviano y sobrepasando las fronteras, en visitas a pa\u00edses como Chile, Brasil, Per\u00fa, Argentina, M\u00e9xico y USA.<\/p>\n<p><strong>LG: \u00bfCu\u00e1les fueron los mejores momentos de estos 35 a\u00f1os?<\/strong><\/p>\n<p>D: Todos lo son, cada uno marc\u00f3 mi vida profesional.<\/p>\n<p><strong>LG: Y \u00bfel peor momento?<\/strong><\/p>\n<p>D: Cuando haces algo con tanta pasi\u00f3n no existen peores momentos, solo obst\u00e1culos y pelda\u00f1os que se van superando.<\/p>\n<p><strong>LG: \u00bfQu\u00e9 sientes cuando est\u00e1s en un medio de comunicaci\u00f3n?<\/strong><\/p>\n<p>D: Inspiraci\u00f3n, compromiso, agradecimiento y lealtad.<\/p>\n<p><strong>LG: \u00bfCu\u00e1l es el sello de Dieter Rocha en su trabajo?<\/strong><\/p>\n<p>D: La puntualidad, lealtad, fidelidad y transparencia.<\/p>\n<p><strong>LG: \u00bfQu\u00e9 te autocriticar\u00edas?<\/strong><\/p>\n<p>D:\u00a0Nada\u2026 todo se hizo y hace con mucha dedicaci\u00f3n y profesionalismo.<\/p>\n<p><strong>LG: Entre producir, ser locutor profesional, voz en off y manager \u00bfcon cu\u00e1l te quedas?<\/strong><\/p>\n<p>D: Con las tres porque me dieron los mejores momentos de mi vida: Aprend\u00ed, crec\u00ed y logr\u00e9 cosas muy importantes para la televisi\u00f3n, la radio, locuci\u00f3n profesional y a trav\u00e9s de mis bandas aportar al acervo musical\u00a0nacional y su industria.<\/p>\n<p><strong>LG: \u00bfHar\u00e1s algo especial para celebrar estos 35 a\u00f1os?<\/strong><\/p>\n<p>D: Una memorable fiesta de cl\u00e1sicos con la mejor productora de eventos de Bolivia (CyM Producciones).<\/p>\n<p><strong>LG: Despu\u00e9s de tres d\u00e9cadas y media de trabajo, \u00bfcu\u00e1l es tu pr\u00f3ximo sue\u00f1o, proyecto u objetivo?<\/strong><\/p>\n<p>D: Estoy en constante aprendizaje de la nueva generaci\u00f3n tecnol\u00f3gica de hacer comunicaci\u00f3n, adem\u00e1s de seguir produciendo programas atractivos de Tv y Radio, seguir como uno de los mejores locutores de Bolivia y ganar un Grammy para el pa\u00eds con uno o m\u00e1s de mis artistas.<\/p>\n<p><strong>LG: En pocas palabras, \u00bfc\u00f3mo describir\u00edas estos 35 a\u00f1os de trabajo en los medios de comunicaci\u00f3n?<\/strong><\/p>\n<p>D: Pasi\u00f3n por la producci\u00f3n televisiva y radial. Elevamos la vara en la locuci\u00f3n nacional sobrepasando las fronteras, aportamos todo el tiempo con canciones originales en todos los g\u00e9neros musicales con el Team Dieter y vamos por m\u00e1s.<\/p>\n<div id='gallery-1' class='gallery galleryid-159235 gallery-columns-3 gallery-size-medium'><figure class='gallery-item'>\n\t\t\t<div class='gallery-icon landscape'>\n\t\t\t\t<a href='https:\/\/www.eldiario.net\/portal\/2023\/06\/10\/dieter-rocha-tras-35-anos-en-la-comunicacion-va-por-mas\/dieter-1-principal\/'><img loading=\"lazy\" decoding=\"async\" width=\"300\" height=\"200\" src=\"https:\/\/www.eldiario.net\/portal\/wp-content\/uploads\/2023\/06\/dieter-1-PRINCIPAL-scaled-1-300x200.jpg\" class=\"attachment-medium size-medium\" alt=\"\" srcset=\"https:\/\/www.eldiario.net\/portal\/wp-content\/uploads\/2023\/06\/dieter-1-PRINCIPAL-scaled-1-300x200.jpg 300w, https:\/\/www.eldiario.net\/portal\/wp-content\/uploads\/2023\/06\/dieter-1-PRINCIPAL-scaled-1-1024x683.jpg 1024w, https:\/\/www.eldiario.net\/portal\/wp-content\/uploads\/2023\/06\/dieter-1-PRINCIPAL-scaled-1-768x512.jpg 768w, https:\/\/www.eldiario.net\/portal\/wp-content\/uploads\/2023\/06\/dieter-1-PRINCIPAL-scaled-1-1536x1024.jpg 1536w, https:\/\/www.eldiario.net\/portal\/wp-content\/uploads\/2023\/06\/dieter-1-PRINCIPAL-scaled-1-2048x1366.jpg 2048w, https:\/\/www.eldiario.net\/portal\/wp-content\/uploads\/2023\/06\/dieter-1-PRINCIPAL-scaled-1-696x464.jpg 696w, https:\/\/www.eldiario.net\/portal\/wp-content\/uploads\/2023\/06\/dieter-1-PRINCIPAL-scaled-1-1068x712.jpg 1068w, https:\/\/www.eldiario.net\/portal\/wp-content\/uploads\/2023\/06\/dieter-1-PRINCIPAL-scaled-1-1920x1280.jpg 1920w\" sizes=\"auto, (max-width: 300px) 100vw, 300px\" \/><\/a>\n\t\t\t<\/div><\/figure><figure class='gallery-item'>\n\t\t\t<div class='gallery-icon portrait'>\n\t\t\t\t<a href='https:\/\/www.eldiario.net\/portal\/2023\/06\/10\/dieter-rocha-tras-35-anos-en-la-comunicacion-va-por-mas\/dieter-2\/'><img loading=\"lazy\" decoding=\"async\" width=\"200\" height=\"300\" src=\"https:\/\/www.eldiario.net\/portal\/wp-content\/uploads\/2023\/06\/dieter-2-scaled-1-200x300.jpg\" class=\"attachment-medium size-medium\" alt=\"\" srcset=\"https:\/\/www.eldiario.net\/portal\/wp-content\/uploads\/2023\/06\/dieter-2-scaled-1-200x300.jpg 200w, https:\/\/www.eldiario.net\/portal\/wp-content\/uploads\/2023\/06\/dieter-2-scaled-1-683x1024.jpg 683w, https:\/\/www.eldiario.net\/portal\/wp-content\/uploads\/2023\/06\/dieter-2-scaled-1-768x1152.jpg 768w, https:\/\/www.eldiario.net\/portal\/wp-content\/uploads\/2023\/06\/dieter-2-scaled-1-1024x1536.jpg 1024w, https:\/\/www.eldiario.net\/portal\/wp-content\/uploads\/2023\/06\/dieter-2-scaled-1-1366x2048.jpg 1366w, https:\/\/www.eldiario.net\/portal\/wp-content\/uploads\/2023\/06\/dieter-2-scaled-1-696x1044.jpg 696w, https:\/\/www.eldiario.net\/portal\/wp-content\/uploads\/2023\/06\/dieter-2-scaled-1-1068x1602.jpg 1068w, https:\/\/www.eldiario.net\/portal\/wp-content\/uploads\/2023\/06\/dieter-2-scaled-1.jpg 1707w\" sizes=\"auto, (max-width: 200px) 100vw, 200px\" \/><\/a>\n\t\t\t<\/div><\/figure><figure class='gallery-item'>\n\t\t\t<div class='gallery-icon landscape'>\n\t\t\t\t<a href='https:\/\/www.eldiario.net\/portal\/2023\/06\/10\/dieter-rocha-tras-35-anos-en-la-comunicacion-va-por-mas\/dieter-3\/'><img loading=\"lazy\" decoding=\"async\" width=\"300\" height=\"200\" src=\"https:\/\/www.eldiario.net\/portal\/wp-content\/uploads\/2023\/06\/dieter-3-scaled-1-300x200.jpg\" class=\"attachment-medium size-medium\" alt=\"\" srcset=\"https:\/\/www.eldiario.net\/portal\/wp-content\/uploads\/2023\/06\/dieter-3-scaled-1-300x200.jpg 300w, https:\/\/www.eldiario.net\/portal\/wp-content\/uploads\/2023\/06\/dieter-3-scaled-1-1024x683.jpg 1024w, https:\/\/www.eldiario.net\/portal\/wp-content\/uploads\/2023\/06\/dieter-3-scaled-1-768x512.jpg 768w, https:\/\/www.eldiario.net\/portal\/wp-content\/uploads\/2023\/06\/dieter-3-scaled-1-1536x1024.jpg 1536w, https:\/\/www.eldiario.net\/portal\/wp-content\/uploads\/2023\/06\/dieter-3-scaled-1-2048x1366.jpg 2048w, https:\/\/www.eldiario.net\/portal\/wp-content\/uploads\/2023\/06\/dieter-3-scaled-1-696x464.jpg 696w, https:\/\/www.eldiario.net\/portal\/wp-content\/uploads\/2023\/06\/dieter-3-scaled-1-1068x712.jpg 1068w, https:\/\/www.eldiario.net\/portal\/wp-content\/uploads\/2023\/06\/dieter-3-scaled-1-1920x1280.jpg 1920w\" sizes=\"auto, (max-width: 300px) 100vw, 300px\" \/><\/a>\n\t\t\t<\/div><\/figure><figure class='gallery-item'>\n\t\t\t<div class='gallery-icon landscape'>\n\t\t\t\t<a href='https:\/\/www.eldiario.net\/portal\/2023\/06\/10\/dieter-rocha-tras-35-anos-en-la-comunicacion-va-por-mas\/dieter-4\/'><img loading=\"lazy\" decoding=\"async\" width=\"300\" height=\"200\" src=\"https:\/\/www.eldiario.net\/portal\/wp-content\/uploads\/2023\/06\/dieter-4-scaled-1-300x200.jpeg\" class=\"attachment-medium size-medium\" alt=\"\" srcset=\"https:\/\/www.eldiario.net\/portal\/wp-content\/uploads\/2023\/06\/dieter-4-scaled-1-300x200.jpeg 300w, https:\/\/www.eldiario.net\/portal\/wp-content\/uploads\/2023\/06\/dieter-4-scaled-1-1024x683.jpeg 1024w, https:\/\/www.eldiario.net\/portal\/wp-content\/uploads\/2023\/06\/dieter-4-scaled-1-768x512.jpeg 768w, https:\/\/www.eldiario.net\/portal\/wp-content\/uploads\/2023\/06\/dieter-4-scaled-1-1536x1024.jpeg 1536w, https:\/\/www.eldiario.net\/portal\/wp-content\/uploads\/2023\/06\/dieter-4-scaled-1-2048x1366.jpeg 2048w, https:\/\/www.eldiario.net\/portal\/wp-content\/uploads\/2023\/06\/dieter-4-scaled-1-696x464.jpeg 696w, https:\/\/www.eldiario.net\/portal\/wp-content\/uploads\/2023\/06\/dieter-4-scaled-1-1068x712.jpeg 1068w, https:\/\/www.eldiario.net\/portal\/wp-content\/uploads\/2023\/06\/dieter-4-scaled-1-1920x1280.jpeg 1920w\" sizes=\"auto, (max-width: 300px) 100vw, 300px\" \/><\/a>\n\t\t\t<\/div><\/figure>\n\t\t<\/div>\n\n","protected":false},"excerpt":{"rendered":"<p>\u201cSeguir produciendo programas atractivos de Tv y Radio, seguir como uno de los mejores locutores de Bolivia y ganar un Grammy para el pa\u00eds con uno o m\u00e1s de mis artistas\u201d, son los sue\u00f1os y pr\u00f3ximos objetivos que se ha propuesto Dieter Rocha. El conocido productor est\u00e1 cumpliendo 35 a\u00f1os de continuo trabajo en los [&hellip;]<\/p>\n","protected":false},"author":1,"featured_media":159236,"comment_status":"closed","ping_status":"closed","sticky":false,"template":"","format":"standard","meta":{"_acf_changed":false,"footnotes":""},"categories":[41],"tags":[],"class_list":["post-159235","post","type-post","status-publish","format-standard","has-post-thumbnail","category-la-guia"],"acf":{"antetitulo":""},"yoast_head":"<!-- This site is optimized with the Yoast SEO plugin v28.4 - https:\/\/yoast.com\/product\/yoast-seo-wordpress\/ -->\n<title>Dieter Rocha tras 35 a\u00f1os en la comunicaci\u00f3n va por m\u00e1s - El Diario - Bolivia<\/title>\n<meta name=\"robots\" content=\"index, follow, max-snippet:-1, max-image-preview:large, max-video-preview:-1\" \/>\n<link rel=\"canonical\" href=\"https:\/\/www.eldiario.net\/portal\/2023\/06\/10\/dieter-rocha-tras-35-anos-en-la-comunicacion-va-por-mas\/\" \/>\n<meta property=\"og:locale\" content=\"es_ES\" \/>\n<meta property=\"og:type\" content=\"article\" \/>\n<meta property=\"og:title\" content=\"Dieter Rocha tras 35 a\u00f1os en la comunicaci\u00f3n va por m\u00e1s - El Diario - Bolivia\" \/>\n<meta property=\"og:description\" content=\"\u201cSeguir produciendo programas atractivos de Tv y Radio, seguir como uno de los mejores locutores de Bolivia y ganar un Grammy para el pa\u00eds con uno o m\u00e1s de mis artistas\u201d, son los sue\u00f1os y pr\u00f3ximos objetivos que se ha propuesto Dieter Rocha. El conocido productor est\u00e1 cumpliendo 35 a\u00f1os de continuo trabajo en los [&hellip;]\" \/>\n<meta property=\"og:url\" content=\"https:\/\/www.eldiario.net\/portal\/2023\/06\/10\/dieter-rocha-tras-35-anos-en-la-comunicacion-va-por-mas\/\" \/>\n<meta property=\"og:site_name\" content=\"El Diario - Bolivia\" \/>\n<meta property=\"article:publisher\" content=\"https:\/\/www.facebook.com\/eldiario.bolivia\/\" \/>\n<meta property=\"article:published_time\" content=\"2023-06-10T10:48:43+00:00\" \/>\n<meta property=\"og:image\" content=\"https:\/\/www.eldiario.net\/portal\/wp-content\/uploads\/2023\/06\/dieter-1-PRINCIPAL-scaled-1.jpg\" \/>\n\t<meta property=\"og:image:width\" content=\"2560\" \/>\n\t<meta property=\"og:image:height\" content=\"1707\" \/>\n\t<meta property=\"og:image:type\" content=\"image\/jpeg\" \/>\n<meta name=\"author\" content=\"Jeanette\" \/>\n<meta name=\"twitter:card\" content=\"summary_large_image\" \/>\n<meta name=\"twitter:creator\" content=\"@eldiario_net\" \/>\n<meta name=\"twitter:site\" content=\"@eldiario_net\" \/>\n<meta name=\"twitter:label1\" content=\"Escrito por\" \/>\n\t<meta name=\"twitter:data1\" content=\"Jeanette\" \/>\n\t<meta name=\"twitter:label2\" content=\"Tiempo de lectura\" \/>\n\t<meta name=\"twitter:data2\" content=\"4 minutos\" \/>\n<script type=\"application\/ld+json\" class=\"yoast-schema-graph\">{\"@context\":\"https:\\\/\\\/schema.org\",\"@graph\":[{\"@type\":\"Article\",\"@id\":\"https:\\\/\\\/www.eldiario.net\\\/portal\\\/2023\\\/06\\\/10\\\/dieter-rocha-tras-35-anos-en-la-comunicacion-va-por-mas\\\/#article\",\"isPartOf\":{\"@id\":\"https:\\\/\\\/www.eldiario.net\\\/portal\\\/2023\\\/06\\\/10\\\/dieter-rocha-tras-35-anos-en-la-comunicacion-va-por-mas\\\/\"},\"author\":{\"name\":\"Jeanette\",\"@id\":\"https:\\\/\\\/www.eldiario.net\\\/portal\\\/#\\\/schema\\\/person\\\/2c57cf2b7a7ae032e449e4c9b1019eac\"},\"headline\":\"Dieter Rocha tras 35 a\u00f1os en la comunicaci\u00f3n va por m\u00e1s\",\"datePublished\":\"2023-06-10T10:48:43+00:00\",\"mainEntityOfPage\":{\"@id\":\"https:\\\/\\\/www.eldiario.net\\\/portal\\\/2023\\\/06\\\/10\\\/dieter-rocha-tras-35-anos-en-la-comunicacion-va-por-mas\\\/\"},\"wordCount\":949,\"publisher\":{\"@id\":\"https:\\\/\\\/www.eldiario.net\\\/portal\\\/#organization\"},\"image\":{\"@id\":\"https:\\\/\\\/www.eldiario.net\\\/portal\\\/2023\\\/06\\\/10\\\/dieter-rocha-tras-35-anos-en-la-comunicacion-va-por-mas\\\/#primaryimage\"},\"thumbnailUrl\":\"https:\\\/\\\/www.eldiario.net\\\/portal\\\/wp-content\\\/uploads\\\/2023\\\/06\\\/dieter-1-PRINCIPAL-scaled-1.jpg\",\"articleSection\":[\"La Gu\u00eda\"],\"inLanguage\":\"es\"},{\"@type\":\"WebPage\",\"@id\":\"https:\\\/\\\/www.eldiario.net\\\/portal\\\/2023\\\/06\\\/10\\\/dieter-rocha-tras-35-anos-en-la-comunicacion-va-por-mas\\\/\",\"url\":\"https:\\\/\\\/www.eldiario.net\\\/portal\\\/2023\\\/06\\\/10\\\/dieter-rocha-tras-35-anos-en-la-comunicacion-va-por-mas\\\/\",\"name\":\"Dieter Rocha tras 35 a\u00f1os en la comunicaci\u00f3n va por m\u00e1s - El Diario - Bolivia\",\"isPartOf\":{\"@id\":\"https:\\\/\\\/www.eldiario.net\\\/portal\\\/#website\"},\"primaryImageOfPage\":{\"@id\":\"https:\\\/\\\/www.eldiario.net\\\/portal\\\/2023\\\/06\\\/10\\\/dieter-rocha-tras-35-anos-en-la-comunicacion-va-por-mas\\\/#primaryimage\"},\"image\":{\"@id\":\"https:\\\/\\\/www.eldiario.net\\\/portal\\\/2023\\\/06\\\/10\\\/dieter-rocha-tras-35-anos-en-la-comunicacion-va-por-mas\\\/#primaryimage\"},\"thumbnailUrl\":\"https:\\\/\\\/www.eldiario.net\\\/portal\\\/wp-content\\\/uploads\\\/2023\\\/06\\\/dieter-1-PRINCIPAL-scaled-1.jpg\",\"datePublished\":\"2023-06-10T10:48:43+00:00\",\"breadcrumb\":{\"@id\":\"https:\\\/\\\/www.eldiario.net\\\/portal\\\/2023\\\/06\\\/10\\\/dieter-rocha-tras-35-anos-en-la-comunicacion-va-por-mas\\\/#breadcrumb\"},\"inLanguage\":\"es\",\"potentialAction\":[{\"@type\":\"ReadAction\",\"target\":[\"https:\\\/\\\/www.eldiario.net\\\/portal\\\/2023\\\/06\\\/10\\\/dieter-rocha-tras-35-anos-en-la-comunicacion-va-por-mas\\\/\"]}]},{\"@type\":\"ImageObject\",\"inLanguage\":\"es\",\"@id\":\"https:\\\/\\\/www.eldiario.net\\\/portal\\\/2023\\\/06\\\/10\\\/dieter-rocha-tras-35-anos-en-la-comunicacion-va-por-mas\\\/#primaryimage\",\"url\":\"https:\\\/\\\/www.eldiario.net\\\/portal\\\/wp-content\\\/uploads\\\/2023\\\/06\\\/dieter-1-PRINCIPAL-scaled-1.jpg\",\"contentUrl\":\"https:\\\/\\\/www.eldiario.net\\\/portal\\\/wp-content\\\/uploads\\\/2023\\\/06\\\/dieter-1-PRINCIPAL-scaled-1.jpg\",\"width\":2560,\"height\":1707},{\"@type\":\"BreadcrumbList\",\"@id\":\"https:\\\/\\\/www.eldiario.net\\\/portal\\\/2023\\\/06\\\/10\\\/dieter-rocha-tras-35-anos-en-la-comunicacion-va-por-mas\\\/#breadcrumb\",\"itemListElement\":[{\"@type\":\"ListItem\",\"position\":1,\"name\":\"Portada\",\"item\":\"https:\\\/\\\/www.eldiario.net\\\/portal\\\/\"},{\"@type\":\"ListItem\",\"position\":2,\"name\":\"Dieter Rocha tras 35 a\u00f1os en la comunicaci\u00f3n va por m\u00e1s\"}]},{\"@type\":\"WebSite\",\"@id\":\"https:\\\/\\\/www.eldiario.net\\\/portal\\\/#website\",\"url\":\"https:\\\/\\\/www.eldiario.net\\\/portal\\\/\",\"name\":\"El Diario - Decano de la prensa nacional\",\"description\":\"El Diario - Decano de la prensa nacional\",\"publisher\":{\"@id\":\"https:\\\/\\\/www.eldiario.net\\\/portal\\\/#organization\"},\"potentialAction\":[{\"@type\":\"SearchAction\",\"target\":{\"@type\":\"EntryPoint\",\"urlTemplate\":\"https:\\\/\\\/www.eldiario.net\\\/portal\\\/?s={search_term_string}\"},\"query-input\":{\"@type\":\"PropertyValueSpecification\",\"valueRequired\":true,\"valueName\":\"search_term_string\"}}],\"inLanguage\":\"es\"},{\"@type\":\"Organization\",\"@id\":\"https:\\\/\\\/www.eldiario.net\\\/portal\\\/#organization\",\"name\":\"El Diario - Decano de la prensa nacional\",\"url\":\"https:\\\/\\\/www.eldiario.net\\\/portal\\\/\",\"logo\":{\"@type\":\"ImageObject\",\"inLanguage\":\"es\",\"@id\":\"https:\\\/\\\/www.eldiario.net\\\/portal\\\/#\\\/schema\\\/logo\\\/image\\\/\",\"url\":\"https:\\\/\\\/www.eldiario.net\\\/portal\\\/wp-content\\\/uploads\\\/2023\\\/07\\\/logo_ED.jpg\",\"contentUrl\":\"https:\\\/\\\/www.eldiario.net\\\/portal\\\/wp-content\\\/uploads\\\/2023\\\/07\\\/logo_ED.jpg\",\"width\":272,\"height\":52,\"caption\":\"El Diario - Decano de la prensa nacional\"},\"image\":{\"@id\":\"https:\\\/\\\/www.eldiario.net\\\/portal\\\/#\\\/schema\\\/logo\\\/image\\\/\"},\"sameAs\":[\"https:\\\/\\\/www.facebook.com\\\/eldiario.bolivia\\\/\",\"https:\\\/\\\/x.com\\\/eldiario_net\"]},{\"@type\":\"Person\",\"@id\":\"https:\\\/\\\/www.eldiario.net\\\/portal\\\/#\\\/schema\\\/person\\\/2c57cf2b7a7ae032e449e4c9b1019eac\",\"name\":\"Jeanette\",\"image\":{\"@type\":\"ImageObject\",\"inLanguage\":\"es\",\"@id\":\"https:\\\/\\\/secure.gravatar.com\\\/avatar\\\/3ea2118a5f7dad2b7138b1187a6b7ee55f160b9968b66013c3a3ef39dd7e5798?s=96&d=mm&r=g\",\"url\":\"https:\\\/\\\/secure.gravatar.com\\\/avatar\\\/3ea2118a5f7dad2b7138b1187a6b7ee55f160b9968b66013c3a3ef39dd7e5798?s=96&d=mm&r=g\",\"contentUrl\":\"https:\\\/\\\/secure.gravatar.com\\\/avatar\\\/3ea2118a5f7dad2b7138b1187a6b7ee55f160b9968b66013c3a3ef39dd7e5798?s=96&d=mm&r=g\",\"caption\":\"Jeanette\"},\"sameAs\":[\"https:\\\/\\\/www.eldiario.net\\\/portal\"],\"url\":\"https:\\\/\\\/www.eldiario.net\\\/portal\\\/author\\\/jeanette\\\/\"}]}<\/script>\n<!-- \/ Yoast SEO plugin. -->","yoast_head_json":{"title":"Dieter Rocha tras 35 a\u00f1os en la comunicaci\u00f3n va por m\u00e1s - El Diario - Bolivia","robots":{"index":"index","follow":"follow","max-snippet":"max-snippet:-1","max-image-preview":"max-image-preview:large","max-video-preview":"max-video-preview:-1"},"canonical":"https:\/\/www.eldiario.net\/portal\/2023\/06\/10\/dieter-rocha-tras-35-anos-en-la-comunicacion-va-por-mas\/","og_locale":"es_ES","og_type":"article","og_title":"Dieter Rocha tras 35 a\u00f1os en la comunicaci\u00f3n va por m\u00e1s - El Diario - Bolivia","og_description":"\u201cSeguir produciendo programas atractivos de Tv y Radio, seguir como uno de los mejores locutores de Bolivia y ganar un Grammy para el pa\u00eds con uno o m\u00e1s de mis artistas\u201d, son los sue\u00f1os y pr\u00f3ximos objetivos que se ha propuesto Dieter Rocha. El conocido productor est\u00e1 cumpliendo 35 a\u00f1os de continuo trabajo en los [&hellip;]","og_url":"https:\/\/www.eldiario.net\/portal\/2023\/06\/10\/dieter-rocha-tras-35-anos-en-la-comunicacion-va-por-mas\/","og_site_name":"El Diario - Bolivia","article_publisher":"https:\/\/www.facebook.com\/eldiario.bolivia\/","article_published_time":"2023-06-10T10:48:43+00:00","og_image":[{"width":2560,"height":1707,"url":"https:\/\/www.eldiario.net\/portal\/wp-content\/uploads\/2023\/06\/dieter-1-PRINCIPAL-scaled-1.jpg","type":"image\/jpeg"}],"author":"Jeanette","twitter_card":"summary_large_image","twitter_creator":"@eldiario_net","twitter_site":"@eldiario_net","twitter_misc":{"Escrito por":"Jeanette","Tiempo de lectura":"4 minutos"},"schema":{"@context":"https:\/\/schema.org","@graph":[{"@type":"Article","@id":"https:\/\/www.eldiario.net\/portal\/2023\/06\/10\/dieter-rocha-tras-35-anos-en-la-comunicacion-va-por-mas\/#article","isPartOf":{"@id":"https:\/\/www.eldiario.net\/portal\/2023\/06\/10\/dieter-rocha-tras-35-anos-en-la-comunicacion-va-por-mas\/"},"author":{"name":"Jeanette","@id":"https:\/\/www.eldiario.net\/portal\/#\/schema\/person\/2c57cf2b7a7ae032e449e4c9b1019eac"},"headline":"Dieter Rocha tras 35 a\u00f1os en la comunicaci\u00f3n va por m\u00e1s","datePublished":"2023-06-10T10:48:43+00:00","mainEntityOfPage":{"@id":"https:\/\/www.eldiario.net\/portal\/2023\/06\/10\/dieter-rocha-tras-35-anos-en-la-comunicacion-va-por-mas\/"},"wordCount":949,"publisher":{"@id":"https:\/\/www.eldiario.net\/portal\/#organization"},"image":{"@id":"https:\/\/www.eldiario.net\/portal\/2023\/06\/10\/dieter-rocha-tras-35-anos-en-la-comunicacion-va-por-mas\/#primaryimage"},"thumbnailUrl":"https:\/\/www.eldiario.net\/portal\/wp-content\/uploads\/2023\/06\/dieter-1-PRINCIPAL-scaled-1.jpg","articleSection":["La Gu\u00eda"],"inLanguage":"es"},{"@type":"WebPage","@id":"https:\/\/www.eldiario.net\/portal\/2023\/06\/10\/dieter-rocha-tras-35-anos-en-la-comunicacion-va-por-mas\/","url":"https:\/\/www.eldiario.net\/portal\/2023\/06\/10\/dieter-rocha-tras-35-anos-en-la-comunicacion-va-por-mas\/","name":"Dieter Rocha tras 35 a\u00f1os en la comunicaci\u00f3n va por m\u00e1s - El Diario - Bolivia","isPartOf":{"@id":"https:\/\/www.eldiario.net\/portal\/#website"},"primaryImageOfPage":{"@id":"https:\/\/www.eldiario.net\/portal\/2023\/06\/10\/dieter-rocha-tras-35-anos-en-la-comunicacion-va-por-mas\/#primaryimage"},"image":{"@id":"https:\/\/www.eldiario.net\/portal\/2023\/06\/10\/dieter-rocha-tras-35-anos-en-la-comunicacion-va-por-mas\/#primaryimage"},"thumbnailUrl":"https:\/\/www.eldiario.net\/portal\/wp-content\/uploads\/2023\/06\/dieter-1-PRINCIPAL-scaled-1.jpg","datePublished":"2023-06-10T10:48:43+00:00","breadcrumb":{"@id":"https:\/\/www.eldiario.net\/portal\/2023\/06\/10\/dieter-rocha-tras-35-anos-en-la-comunicacion-va-por-mas\/#breadcrumb"},"inLanguage":"es","potentialAction":[{"@type":"ReadAction","target":["https:\/\/www.eldiario.net\/portal\/2023\/06\/10\/dieter-rocha-tras-35-anos-en-la-comunicacion-va-por-mas\/"]}]},{"@type":"ImageObject","inLanguage":"es","@id":"https:\/\/www.eldiario.net\/portal\/2023\/06\/10\/dieter-rocha-tras-35-anos-en-la-comunicacion-va-por-mas\/#primaryimage","url":"https:\/\/www.eldiario.net\/portal\/wp-content\/uploads\/2023\/06\/dieter-1-PRINCIPAL-scaled-1.jpg","contentUrl":"https:\/\/www.eldiario.net\/portal\/wp-content\/uploads\/2023\/06\/dieter-1-PRINCIPAL-scaled-1.jpg","width":2560,"height":1707},{"@type":"BreadcrumbList","@id":"https:\/\/www.eldiario.net\/portal\/2023\/06\/10\/dieter-rocha-tras-35-anos-en-la-comunicacion-va-por-mas\/#breadcrumb","itemListElement":[{"@type":"ListItem","position":1,"name":"Portada","item":"https:\/\/www.eldiario.net\/portal\/"},{"@type":"ListItem","position":2,"name":"Dieter Rocha tras 35 a\u00f1os en la comunicaci\u00f3n va por m\u00e1s"}]},{"@type":"WebSite","@id":"https:\/\/www.eldiario.net\/portal\/#website","url":"https:\/\/www.eldiario.net\/portal\/","name":"El Diario - Decano de la prensa nacional","description":"El Diario - Decano de la prensa nacional","publisher":{"@id":"https:\/\/www.eldiario.net\/portal\/#organization"},"potentialAction":[{"@type":"SearchAction","target":{"@type":"EntryPoint","urlTemplate":"https:\/\/www.eldiario.net\/portal\/?s={search_term_string}"},"query-input":{"@type":"PropertyValueSpecification","valueRequired":true,"valueName":"search_term_string"}}],"inLanguage":"es"},{"@type":"Organization","@id":"https:\/\/www.eldiario.net\/portal\/#organization","name":"El Diario - Decano de la prensa nacional","url":"https:\/\/www.eldiario.net\/portal\/","logo":{"@type":"ImageObject","inLanguage":"es","@id":"https:\/\/www.eldiario.net\/portal\/#\/schema\/logo\/image\/","url":"https:\/\/www.eldiario.net\/portal\/wp-content\/uploads\/2023\/07\/logo_ED.jpg","contentUrl":"https:\/\/www.eldiario.net\/portal\/wp-content\/uploads\/2023\/07\/logo_ED.jpg","width":272,"height":52,"caption":"El Diario - Decano de la prensa nacional"},"image":{"@id":"https:\/\/www.eldiario.net\/portal\/#\/schema\/logo\/image\/"},"sameAs":["https:\/\/www.facebook.com\/eldiario.bolivia\/","https:\/\/x.com\/eldiario_net"]},{"@type":"Person","@id":"https:\/\/www.eldiario.net\/portal\/#\/schema\/person\/2c57cf2b7a7ae032e449e4c9b1019eac","name":"Jeanette","image":{"@type":"ImageObject","inLanguage":"es","@id":"https:\/\/secure.gravatar.com\/avatar\/3ea2118a5f7dad2b7138b1187a6b7ee55f160b9968b66013c3a3ef39dd7e5798?s=96&d=mm&r=g","url":"https:\/\/secure.gravatar.com\/avatar\/3ea2118a5f7dad2b7138b1187a6b7ee55f160b9968b66013c3a3ef39dd7e5798?s=96&d=mm&r=g","contentUrl":"https:\/\/secure.gravatar.com\/avatar\/3ea2118a5f7dad2b7138b1187a6b7ee55f160b9968b66013c3a3ef39dd7e5798?s=96&d=mm&r=g","caption":"Jeanette"},"sameAs":["https:\/\/www.eldiario.net\/portal"],"url":"https:\/\/www.eldiario.net\/portal\/author\/jeanette\/"}]}},"_links":{"self":[{"href":"https:\/\/www.eldiario.net\/portal\/wp-json\/wp\/v2\/posts\/159235","targetHints":{"allow":["GET"]}}],"collection":[{"href":"https:\/\/www.eldiario.net\/portal\/wp-json\/wp\/v2\/posts"}],"about":[{"href":"https:\/\/www.eldiario.net\/portal\/wp-json\/wp\/v2\/types\/post"}],"author":[{"embeddable":true,"href":"https:\/\/www.eldiario.net\/portal\/wp-json\/wp\/v2\/users\/1"}],"replies":[{"embeddable":true,"href":"https:\/\/www.eldiario.net\/portal\/wp-json\/wp\/v2\/comments?post=159235"}],"version-history":[{"count":0,"href":"https:\/\/www.eldiario.net\/portal\/wp-json\/wp\/v2\/posts\/159235\/revisions"}],"wp:featuredmedia":[{"embeddable":true,"href":"https:\/\/www.eldiario.net\/portal\/wp-json\/wp\/v2\/media\/159236"}],"wp:attachment":[{"href":"https:\/\/www.eldiario.net\/portal\/wp-json\/wp\/v2\/media?parent=159235"}],"wp:term":[{"taxonomy":"category","embeddable":true,"href":"https:\/\/www.eldiario.net\/portal\/wp-json\/wp\/v2\/categories?post=159235"},{"taxonomy":"post_tag","embeddable":true,"href":"https:\/\/www.eldiario.net\/portal\/wp-json\/wp\/v2\/tags?post=159235"}],"curies":[{"name":"wp","href":"https:\/\/api.w.org\/{rel}","templated":true}]}}