{"id":159223,"date":"2023-06-10T06:44:25","date_gmt":"2023-06-10T10:44:25","guid":{"rendered":"https:\/\/www.eldiario.net\/portal\/?p=159223"},"modified":"2023-06-10T06:44:25","modified_gmt":"2023-06-10T10:44:25","slug":"libelula-y-atc-red-enlace-lanzan-contacto-pos","status":"publish","type":"post","link":"https:\/\/www.eldiario.net\/portal\/2023\/06\/10\/libelula-y-atc-red-enlace-lanzan-contacto-pos\/","title":{"rendered":"Lib\u00e9lula y ATC Red Enlace lanzan Contacto POS"},"content":{"rendered":"<p>Contacto POS, la soluci\u00f3n revolucionaria dise\u00f1ada exclusivamente para dispositivos Android acaba de ser lanzada por Lib\u00e9lula y ATC Red Enlace. Se trata de la primera aplicaci\u00f3n en Bolivia de cobros a tarjetas desde el celular (Android con tecnolog\u00eda NFC)<br \/>\nEsta aplicaci\u00f3n m\u00f3vil trabaja con la tecnolog\u00eda de Visa\u00a9, la cual permite convertir un Smartphone Android, con tecnolog\u00eda NFC, en un POS digital que permite realizar cobros con tarjetas de cr\u00e9dito y\/o d\u00e9bito nacionales e internacionales de la marca Visa.<br \/>\nEs una soluci\u00f3n de cobro para todos los comerciantes, desde propietarios de puestos de mercado, microempresarios, minoristas, conductores de taxis, repartidores de alimentos u otros y negocios ambulantes.<br \/>\nJorge Mealla, gerente de Lib\u00e9lula, dijo que se trata de una aplicaci\u00f3n de \u00faltima generaci\u00f3n, que no tiene costo al descargar, y que en menos de cinco minutos ya puede el comerciante o la persona empezar a recibir pagos con tarjeta.<br \/>\n\u00abEs una apuesta que hemos hecho con ATC Red Enlace, principalmente para fomentar transacciones financieras&#8230; y son 6 millones de tarjetas que ya est\u00e1n emitidas en Bolivia\u00bb.<br \/>\nPor su parte, el gerente de Negocio Adquirente de Red Enlace, \u00c1lvaro Gonzales Luna Orozco, refiri\u00f3 que \u00abEsta soluci\u00f3n Android responde a las necesidades del sector comercial, brindando una experiencia r\u00e1pida, segura y accesible. Nos enorgullece ser parte de la transformaci\u00f3n digital y contribuir al crecimiento de las empresas en nuestra sociedad\u00bb.<\/p>\n<div id='gallery-1' class='gallery galleryid-159223 gallery-columns-3 gallery-size-medium'><figure class='gallery-item'>\n\t\t\t<div class='gallery-icon landscape'>\n\t\t\t\t<a href='https:\/\/www.eldiario.net\/portal\/2023\/06\/10\/libelula-y-atc-red-enlace-lanzan-contacto-pos\/dsc_2935\/'><img loading=\"lazy\" decoding=\"async\" width=\"300\" height=\"199\" src=\"https:\/\/www.eldiario.net\/portal\/wp-content\/uploads\/2023\/06\/DSC_2935-300x199.jpg\" class=\"attachment-medium size-medium\" alt=\"\" aria-describedby=\"gallery-1-159224\" srcset=\"https:\/\/www.eldiario.net\/portal\/wp-content\/uploads\/2023\/06\/DSC_2935-300x199.jpg 300w, https:\/\/www.eldiario.net\/portal\/wp-content\/uploads\/2023\/06\/DSC_2935-768x510.jpg 768w, https:\/\/www.eldiario.net\/portal\/wp-content\/uploads\/2023\/06\/DSC_2935-696x462.jpg 696w, https:\/\/www.eldiario.net\/portal\/wp-content\/uploads\/2023\/06\/DSC_2935.jpg 1000w\" sizes=\"auto, (max-width: 300px) 100vw, 300px\" \/><\/a>\n\t\t\t<\/div>\n\t\t\t\t<figcaption class='wp-caption-text gallery-caption' id='gallery-1-159224'>\n\t\t\t\tEL GERENTE GENERAL DE  LIB\u00c9LULA, JORGE MEALLA.\n\t\t\t\t<\/figcaption><\/figure><figure class='gallery-item'>\n\t\t\t<div class='gallery-icon landscape'>\n\t\t\t\t<a href='https:\/\/www.eldiario.net\/portal\/2023\/06\/10\/libelula-y-atc-red-enlace-lanzan-contacto-pos\/dsc_2941-2\/'><img loading=\"lazy\" decoding=\"async\" width=\"300\" height=\"199\" src=\"https:\/\/www.eldiario.net\/portal\/wp-content\/uploads\/2023\/06\/DSC_2941-300x199.jpg\" class=\"attachment-medium size-medium\" alt=\"\" aria-describedby=\"gallery-1-159225\" srcset=\"https:\/\/www.eldiario.net\/portal\/wp-content\/uploads\/2023\/06\/DSC_2941-300x199.jpg 300w, https:\/\/www.eldiario.net\/portal\/wp-content\/uploads\/2023\/06\/DSC_2941-768x510.jpg 768w, https:\/\/www.eldiario.net\/portal\/wp-content\/uploads\/2023\/06\/DSC_2941-696x462.jpg 696w, https:\/\/www.eldiario.net\/portal\/wp-content\/uploads\/2023\/06\/DSC_2941.jpg 1000w\" sizes=\"auto, (max-width: 300px) 100vw, 300px\" \/><\/a>\n\t\t\t<\/div>\n\t\t\t\t<figcaption class='wp-caption-text gallery-caption' id='gallery-1-159225'>\n\t\t\t\tEL GERENTE DE NEGOCIO ADQUIRENTE DE RED ENLACE, \u00c1LVARO GONZALES. \n\t\t\t\t<\/figcaption><\/figure><figure class='gallery-item'>\n\t\t\t<div class='gallery-icon landscape'>\n\t\t\t\t<a href='https:\/\/www.eldiario.net\/portal\/2023\/06\/10\/libelula-y-atc-red-enlace-lanzan-contacto-pos\/dsc_2950-2\/'><img loading=\"lazy\" decoding=\"async\" width=\"300\" height=\"199\" src=\"https:\/\/www.eldiario.net\/portal\/wp-content\/uploads\/2023\/06\/DSC_2950-300x199.jpg\" class=\"attachment-medium size-medium\" alt=\"\" aria-describedby=\"gallery-1-159226\" srcset=\"https:\/\/www.eldiario.net\/portal\/wp-content\/uploads\/2023\/06\/DSC_2950-300x199.jpg 300w, https:\/\/www.eldiario.net\/portal\/wp-content\/uploads\/2023\/06\/DSC_2950-768x510.jpg 768w, https:\/\/www.eldiario.net\/portal\/wp-content\/uploads\/2023\/06\/DSC_2950-696x462.jpg 696w, https:\/\/www.eldiario.net\/portal\/wp-content\/uploads\/2023\/06\/DSC_2950.jpg 1000w\" sizes=\"auto, (max-width: 300px) 100vw, 300px\" \/><\/a>\n\t\t\t<\/div>\n\t\t\t\t<figcaption class='wp-caption-text gallery-caption' id='gallery-1-159226'>\n\t\t\t\t  ANDR\u00c9S QUNTANILLA, PAOLA GOITIA, LUCIANA TRIGO, DANITZA LORA Y DAYAN FORT\u00daN.\n\t\t\t\t<\/figcaption><\/figure>\n\t\t<\/div>\n\n","protected":false},"excerpt":{"rendered":"<p>Contacto POS, la soluci\u00f3n revolucionaria dise\u00f1ada exclusivamente para dispositivos Android acaba de ser lanzada por Lib\u00e9lula y ATC Red Enlace. Se trata de la primera aplicaci\u00f3n en Bolivia de cobros a tarjetas desde el celular (Android con tecnolog\u00eda NFC) Esta aplicaci\u00f3n m\u00f3vil trabaja con la tecnolog\u00eda de Visa\u00a9, la cual permite convertir un Smartphone Android, [&hellip;]<\/p>\n","protected":false},"author":1,"featured_media":159226,"comment_status":"closed","ping_status":"closed","sticky":false,"template":"","format":"standard","meta":{"_acf_changed":false,"footnotes":""},"categories":[40],"tags":[],"class_list":["post-159223","post","type-post","status-publish","format-standard","has-post-thumbnail","category-sociales"],"acf":{"antetitulo":""},"yoast_head":"<!-- This site is optimized with the Yoast SEO plugin v28.4 - https:\/\/yoast.com\/product\/yoast-seo-wordpress\/ -->\n<title>Lib\u00e9lula y ATC Red Enlace lanzan Contacto POS - El Diario - Bolivia<\/title>\n<meta name=\"robots\" content=\"index, follow, max-snippet:-1, max-image-preview:large, max-video-preview:-1\" \/>\n<link rel=\"canonical\" href=\"https:\/\/www.eldiario.net\/portal\/2023\/06\/10\/libelula-y-atc-red-enlace-lanzan-contacto-pos\/\" \/>\n<meta property=\"og:locale\" content=\"es_ES\" \/>\n<meta property=\"og:type\" content=\"article\" \/>\n<meta property=\"og:title\" content=\"Lib\u00e9lula y ATC Red Enlace lanzan Contacto POS - El Diario - Bolivia\" \/>\n<meta property=\"og:description\" content=\"Contacto POS, la soluci\u00f3n revolucionaria dise\u00f1ada exclusivamente para dispositivos Android acaba de ser lanzada por Lib\u00e9lula y ATC Red Enlace. Se trata de la primera aplicaci\u00f3n en Bolivia de cobros a tarjetas desde el celular (Android con tecnolog\u00eda NFC) Esta aplicaci\u00f3n m\u00f3vil trabaja con la tecnolog\u00eda de Visa\u00a9, la cual permite convertir un Smartphone Android, [&hellip;]\" \/>\n<meta property=\"og:url\" content=\"https:\/\/www.eldiario.net\/portal\/2023\/06\/10\/libelula-y-atc-red-enlace-lanzan-contacto-pos\/\" \/>\n<meta property=\"og:site_name\" content=\"El Diario - Bolivia\" \/>\n<meta property=\"article:publisher\" content=\"https:\/\/www.facebook.com\/eldiario.bolivia\/\" \/>\n<meta property=\"article:published_time\" content=\"2023-06-10T10:44:25+00:00\" \/>\n<meta property=\"og:image\" content=\"https:\/\/www.eldiario.net\/portal\/wp-content\/uploads\/2023\/06\/DSC_2950.jpg\" \/>\n\t<meta property=\"og:image:width\" content=\"1000\" \/>\n\t<meta property=\"og:image:height\" content=\"664\" \/>\n\t<meta property=\"og:image:type\" content=\"image\/jpeg\" \/>\n<meta name=\"author\" content=\"Jeanette\" \/>\n<meta name=\"twitter:card\" content=\"summary_large_image\" \/>\n<meta name=\"twitter:creator\" content=\"@eldiario_net\" \/>\n<meta name=\"twitter:site\" content=\"@eldiario_net\" \/>\n<meta name=\"twitter:label1\" content=\"Escrito por\" \/>\n\t<meta name=\"twitter:data1\" content=\"Jeanette\" \/>\n\t<meta name=\"twitter:label2\" content=\"Tiempo de lectura\" \/>\n\t<meta name=\"twitter:data2\" content=\"2 minutos\" \/>\n<script type=\"application\/ld+json\" class=\"yoast-schema-graph\">{\"@context\":\"https:\\\/\\\/schema.org\",\"@graph\":[{\"@type\":\"Article\",\"@id\":\"https:\\\/\\\/www.eldiario.net\\\/portal\\\/2023\\\/06\\\/10\\\/libelula-y-atc-red-enlace-lanzan-contacto-pos\\\/#article\",\"isPartOf\":{\"@id\":\"https:\\\/\\\/www.eldiario.net\\\/portal\\\/2023\\\/06\\\/10\\\/libelula-y-atc-red-enlace-lanzan-contacto-pos\\\/\"},\"author\":{\"name\":\"Jeanette\",\"@id\":\"https:\\\/\\\/www.eldiario.net\\\/portal\\\/#\\\/schema\\\/person\\\/2c57cf2b7a7ae032e449e4c9b1019eac\"},\"headline\":\"Lib\u00e9lula y ATC Red Enlace lanzan Contacto POS\",\"datePublished\":\"2023-06-10T10:44:25+00:00\",\"mainEntityOfPage\":{\"@id\":\"https:\\\/\\\/www.eldiario.net\\\/portal\\\/2023\\\/06\\\/10\\\/libelula-y-atc-red-enlace-lanzan-contacto-pos\\\/\"},\"wordCount\":259,\"publisher\":{\"@id\":\"https:\\\/\\\/www.eldiario.net\\\/portal\\\/#organization\"},\"image\":{\"@id\":\"https:\\\/\\\/www.eldiario.net\\\/portal\\\/2023\\\/06\\\/10\\\/libelula-y-atc-red-enlace-lanzan-contacto-pos\\\/#primaryimage\"},\"thumbnailUrl\":\"https:\\\/\\\/www.eldiario.net\\\/portal\\\/wp-content\\\/uploads\\\/2023\\\/06\\\/DSC_2950.jpg\",\"articleSection\":[\"Sociales\"],\"inLanguage\":\"es\"},{\"@type\":\"WebPage\",\"@id\":\"https:\\\/\\\/www.eldiario.net\\\/portal\\\/2023\\\/06\\\/10\\\/libelula-y-atc-red-enlace-lanzan-contacto-pos\\\/\",\"url\":\"https:\\\/\\\/www.eldiario.net\\\/portal\\\/2023\\\/06\\\/10\\\/libelula-y-atc-red-enlace-lanzan-contacto-pos\\\/\",\"name\":\"Lib\u00e9lula y ATC Red Enlace lanzan Contacto POS - El Diario - Bolivia\",\"isPartOf\":{\"@id\":\"https:\\\/\\\/www.eldiario.net\\\/portal\\\/#website\"},\"primaryImageOfPage\":{\"@id\":\"https:\\\/\\\/www.eldiario.net\\\/portal\\\/2023\\\/06\\\/10\\\/libelula-y-atc-red-enlace-lanzan-contacto-pos\\\/#primaryimage\"},\"image\":{\"@id\":\"https:\\\/\\\/www.eldiario.net\\\/portal\\\/2023\\\/06\\\/10\\\/libelula-y-atc-red-enlace-lanzan-contacto-pos\\\/#primaryimage\"},\"thumbnailUrl\":\"https:\\\/\\\/www.eldiario.net\\\/portal\\\/wp-content\\\/uploads\\\/2023\\\/06\\\/DSC_2950.jpg\",\"datePublished\":\"2023-06-10T10:44:25+00:00\",\"breadcrumb\":{\"@id\":\"https:\\\/\\\/www.eldiario.net\\\/portal\\\/2023\\\/06\\\/10\\\/libelula-y-atc-red-enlace-lanzan-contacto-pos\\\/#breadcrumb\"},\"inLanguage\":\"es\",\"potentialAction\":[{\"@type\":\"ReadAction\",\"target\":[\"https:\\\/\\\/www.eldiario.net\\\/portal\\\/2023\\\/06\\\/10\\\/libelula-y-atc-red-enlace-lanzan-contacto-pos\\\/\"]}]},{\"@type\":\"ImageObject\",\"inLanguage\":\"es\",\"@id\":\"https:\\\/\\\/www.eldiario.net\\\/portal\\\/2023\\\/06\\\/10\\\/libelula-y-atc-red-enlace-lanzan-contacto-pos\\\/#primaryimage\",\"url\":\"https:\\\/\\\/www.eldiario.net\\\/portal\\\/wp-content\\\/uploads\\\/2023\\\/06\\\/DSC_2950.jpg\",\"contentUrl\":\"https:\\\/\\\/www.eldiario.net\\\/portal\\\/wp-content\\\/uploads\\\/2023\\\/06\\\/DSC_2950.jpg\",\"width\":1000,\"height\":664,\"caption\":\"ANDR\u00c9S QUNTANILLA, PAOLA GOITIA, LUCIANA TRIGO, DANITZA LORA Y DAYAN FORT\u00daN.\"},{\"@type\":\"BreadcrumbList\",\"@id\":\"https:\\\/\\\/www.eldiario.net\\\/portal\\\/2023\\\/06\\\/10\\\/libelula-y-atc-red-enlace-lanzan-contacto-pos\\\/#breadcrumb\",\"itemListElement\":[{\"@type\":\"ListItem\",\"position\":1,\"name\":\"Portada\",\"item\":\"https:\\\/\\\/www.eldiario.net\\\/portal\\\/\"},{\"@type\":\"ListItem\",\"position\":2,\"name\":\"Lib\u00e9lula y ATC Red Enlace lanzan Contacto POS\"}]},{\"@type\":\"WebSite\",\"@id\":\"https:\\\/\\\/www.eldiario.net\\\/portal\\\/#website\",\"url\":\"https:\\\/\\\/www.eldiario.net\\\/portal\\\/\",\"name\":\"El Diario - Decano de la prensa nacional\",\"description\":\"El Diario - Decano de la prensa nacional\",\"publisher\":{\"@id\":\"https:\\\/\\\/www.eldiario.net\\\/portal\\\/#organization\"},\"potentialAction\":[{\"@type\":\"SearchAction\",\"target\":{\"@type\":\"EntryPoint\",\"urlTemplate\":\"https:\\\/\\\/www.eldiario.net\\\/portal\\\/?s={search_term_string}\"},\"query-input\":{\"@type\":\"PropertyValueSpecification\",\"valueRequired\":true,\"valueName\":\"search_term_string\"}}],\"inLanguage\":\"es\"},{\"@type\":\"Organization\",\"@id\":\"https:\\\/\\\/www.eldiario.net\\\/portal\\\/#organization\",\"name\":\"El Diario - Decano de la prensa nacional\",\"url\":\"https:\\\/\\\/www.eldiario.net\\\/portal\\\/\",\"logo\":{\"@type\":\"ImageObject\",\"inLanguage\":\"es\",\"@id\":\"https:\\\/\\\/www.eldiario.net\\\/portal\\\/#\\\/schema\\\/logo\\\/image\\\/\",\"url\":\"https:\\\/\\\/www.eldiario.net\\\/portal\\\/wp-content\\\/uploads\\\/2023\\\/07\\\/logo_ED.jpg\",\"contentUrl\":\"https:\\\/\\\/www.eldiario.net\\\/portal\\\/wp-content\\\/uploads\\\/2023\\\/07\\\/logo_ED.jpg\",\"width\":272,\"height\":52,\"caption\":\"El Diario - Decano de la prensa nacional\"},\"image\":{\"@id\":\"https:\\\/\\\/www.eldiario.net\\\/portal\\\/#\\\/schema\\\/logo\\\/image\\\/\"},\"sameAs\":[\"https:\\\/\\\/www.facebook.com\\\/eldiario.bolivia\\\/\",\"https:\\\/\\\/x.com\\\/eldiario_net\"]},{\"@type\":\"Person\",\"@id\":\"https:\\\/\\\/www.eldiario.net\\\/portal\\\/#\\\/schema\\\/person\\\/2c57cf2b7a7ae032e449e4c9b1019eac\",\"name\":\"Jeanette\",\"image\":{\"@type\":\"ImageObject\",\"inLanguage\":\"es\",\"@id\":\"https:\\\/\\\/secure.gravatar.com\\\/avatar\\\/3ea2118a5f7dad2b7138b1187a6b7ee55f160b9968b66013c3a3ef39dd7e5798?s=96&d=mm&r=g\",\"url\":\"https:\\\/\\\/secure.gravatar.com\\\/avatar\\\/3ea2118a5f7dad2b7138b1187a6b7ee55f160b9968b66013c3a3ef39dd7e5798?s=96&d=mm&r=g\",\"contentUrl\":\"https:\\\/\\\/secure.gravatar.com\\\/avatar\\\/3ea2118a5f7dad2b7138b1187a6b7ee55f160b9968b66013c3a3ef39dd7e5798?s=96&d=mm&r=g\",\"caption\":\"Jeanette\"},\"sameAs\":[\"https:\\\/\\\/www.eldiario.net\\\/portal\"],\"url\":\"https:\\\/\\\/www.eldiario.net\\\/portal\\\/author\\\/jeanette\\\/\"}]}<\/script>\n<!-- \/ Yoast SEO plugin. -->","yoast_head_json":{"title":"Lib\u00e9lula y ATC Red Enlace lanzan Contacto POS - El Diario - Bolivia","robots":{"index":"index","follow":"follow","max-snippet":"max-snippet:-1","max-image-preview":"max-image-preview:large","max-video-preview":"max-video-preview:-1"},"canonical":"https:\/\/www.eldiario.net\/portal\/2023\/06\/10\/libelula-y-atc-red-enlace-lanzan-contacto-pos\/","og_locale":"es_ES","og_type":"article","og_title":"Lib\u00e9lula y ATC Red Enlace lanzan Contacto POS - El Diario - Bolivia","og_description":"Contacto POS, la soluci\u00f3n revolucionaria dise\u00f1ada exclusivamente para dispositivos Android acaba de ser lanzada por Lib\u00e9lula y ATC Red Enlace. Se trata de la primera aplicaci\u00f3n en Bolivia de cobros a tarjetas desde el celular (Android con tecnolog\u00eda NFC) Esta aplicaci\u00f3n m\u00f3vil trabaja con la tecnolog\u00eda de Visa\u00a9, la cual permite convertir un Smartphone Android, [&hellip;]","og_url":"https:\/\/www.eldiario.net\/portal\/2023\/06\/10\/libelula-y-atc-red-enlace-lanzan-contacto-pos\/","og_site_name":"El Diario - Bolivia","article_publisher":"https:\/\/www.facebook.com\/eldiario.bolivia\/","article_published_time":"2023-06-10T10:44:25+00:00","og_image":[{"width":1000,"height":664,"url":"https:\/\/www.eldiario.net\/portal\/wp-content\/uploads\/2023\/06\/DSC_2950.jpg","type":"image\/jpeg"}],"author":"Jeanette","twitter_card":"summary_large_image","twitter_creator":"@eldiario_net","twitter_site":"@eldiario_net","twitter_misc":{"Escrito por":"Jeanette","Tiempo de lectura":"2 minutos"},"schema":{"@context":"https:\/\/schema.org","@graph":[{"@type":"Article","@id":"https:\/\/www.eldiario.net\/portal\/2023\/06\/10\/libelula-y-atc-red-enlace-lanzan-contacto-pos\/#article","isPartOf":{"@id":"https:\/\/www.eldiario.net\/portal\/2023\/06\/10\/libelula-y-atc-red-enlace-lanzan-contacto-pos\/"},"author":{"name":"Jeanette","@id":"https:\/\/www.eldiario.net\/portal\/#\/schema\/person\/2c57cf2b7a7ae032e449e4c9b1019eac"},"headline":"Lib\u00e9lula y ATC Red Enlace lanzan Contacto POS","datePublished":"2023-06-10T10:44:25+00:00","mainEntityOfPage":{"@id":"https:\/\/www.eldiario.net\/portal\/2023\/06\/10\/libelula-y-atc-red-enlace-lanzan-contacto-pos\/"},"wordCount":259,"publisher":{"@id":"https:\/\/www.eldiario.net\/portal\/#organization"},"image":{"@id":"https:\/\/www.eldiario.net\/portal\/2023\/06\/10\/libelula-y-atc-red-enlace-lanzan-contacto-pos\/#primaryimage"},"thumbnailUrl":"https:\/\/www.eldiario.net\/portal\/wp-content\/uploads\/2023\/06\/DSC_2950.jpg","articleSection":["Sociales"],"inLanguage":"es"},{"@type":"WebPage","@id":"https:\/\/www.eldiario.net\/portal\/2023\/06\/10\/libelula-y-atc-red-enlace-lanzan-contacto-pos\/","url":"https:\/\/www.eldiario.net\/portal\/2023\/06\/10\/libelula-y-atc-red-enlace-lanzan-contacto-pos\/","name":"Lib\u00e9lula y ATC Red Enlace lanzan Contacto POS - El Diario - Bolivia","isPartOf":{"@id":"https:\/\/www.eldiario.net\/portal\/#website"},"primaryImageOfPage":{"@id":"https:\/\/www.eldiario.net\/portal\/2023\/06\/10\/libelula-y-atc-red-enlace-lanzan-contacto-pos\/#primaryimage"},"image":{"@id":"https:\/\/www.eldiario.net\/portal\/2023\/06\/10\/libelula-y-atc-red-enlace-lanzan-contacto-pos\/#primaryimage"},"thumbnailUrl":"https:\/\/www.eldiario.net\/portal\/wp-content\/uploads\/2023\/06\/DSC_2950.jpg","datePublished":"2023-06-10T10:44:25+00:00","breadcrumb":{"@id":"https:\/\/www.eldiario.net\/portal\/2023\/06\/10\/libelula-y-atc-red-enlace-lanzan-contacto-pos\/#breadcrumb"},"inLanguage":"es","potentialAction":[{"@type":"ReadAction","target":["https:\/\/www.eldiario.net\/portal\/2023\/06\/10\/libelula-y-atc-red-enlace-lanzan-contacto-pos\/"]}]},{"@type":"ImageObject","inLanguage":"es","@id":"https:\/\/www.eldiario.net\/portal\/2023\/06\/10\/libelula-y-atc-red-enlace-lanzan-contacto-pos\/#primaryimage","url":"https:\/\/www.eldiario.net\/portal\/wp-content\/uploads\/2023\/06\/DSC_2950.jpg","contentUrl":"https:\/\/www.eldiario.net\/portal\/wp-content\/uploads\/2023\/06\/DSC_2950.jpg","width":1000,"height":664,"caption":"ANDR\u00c9S QUNTANILLA, PAOLA GOITIA, LUCIANA TRIGO, DANITZA LORA Y DAYAN FORT\u00daN."},{"@type":"BreadcrumbList","@id":"https:\/\/www.eldiario.net\/portal\/2023\/06\/10\/libelula-y-atc-red-enlace-lanzan-contacto-pos\/#breadcrumb","itemListElement":[{"@type":"ListItem","position":1,"name":"Portada","item":"https:\/\/www.eldiario.net\/portal\/"},{"@type":"ListItem","position":2,"name":"Lib\u00e9lula y ATC Red Enlace lanzan Contacto POS"}]},{"@type":"WebSite","@id":"https:\/\/www.eldiario.net\/portal\/#website","url":"https:\/\/www.eldiario.net\/portal\/","name":"El Diario - Decano de la prensa nacional","description":"El Diario - Decano de la prensa nacional","publisher":{"@id":"https:\/\/www.eldiario.net\/portal\/#organization"},"potentialAction":[{"@type":"SearchAction","target":{"@type":"EntryPoint","urlTemplate":"https:\/\/www.eldiario.net\/portal\/?s={search_term_string}"},"query-input":{"@type":"PropertyValueSpecification","valueRequired":true,"valueName":"search_term_string"}}],"inLanguage":"es"},{"@type":"Organization","@id":"https:\/\/www.eldiario.net\/portal\/#organization","name":"El Diario - Decano de la prensa nacional","url":"https:\/\/www.eldiario.net\/portal\/","logo":{"@type":"ImageObject","inLanguage":"es","@id":"https:\/\/www.eldiario.net\/portal\/#\/schema\/logo\/image\/","url":"https:\/\/www.eldiario.net\/portal\/wp-content\/uploads\/2023\/07\/logo_ED.jpg","contentUrl":"https:\/\/www.eldiario.net\/portal\/wp-content\/uploads\/2023\/07\/logo_ED.jpg","width":272,"height":52,"caption":"El Diario - Decano de la prensa nacional"},"image":{"@id":"https:\/\/www.eldiario.net\/portal\/#\/schema\/logo\/image\/"},"sameAs":["https:\/\/www.facebook.com\/eldiario.bolivia\/","https:\/\/x.com\/eldiario_net"]},{"@type":"Person","@id":"https:\/\/www.eldiario.net\/portal\/#\/schema\/person\/2c57cf2b7a7ae032e449e4c9b1019eac","name":"Jeanette","image":{"@type":"ImageObject","inLanguage":"es","@id":"https:\/\/secure.gravatar.com\/avatar\/3ea2118a5f7dad2b7138b1187a6b7ee55f160b9968b66013c3a3ef39dd7e5798?s=96&d=mm&r=g","url":"https:\/\/secure.gravatar.com\/avatar\/3ea2118a5f7dad2b7138b1187a6b7ee55f160b9968b66013c3a3ef39dd7e5798?s=96&d=mm&r=g","contentUrl":"https:\/\/secure.gravatar.com\/avatar\/3ea2118a5f7dad2b7138b1187a6b7ee55f160b9968b66013c3a3ef39dd7e5798?s=96&d=mm&r=g","caption":"Jeanette"},"sameAs":["https:\/\/www.eldiario.net\/portal"],"url":"https:\/\/www.eldiario.net\/portal\/author\/jeanette\/"}]}},"_links":{"self":[{"href":"https:\/\/www.eldiario.net\/portal\/wp-json\/wp\/v2\/posts\/159223","targetHints":{"allow":["GET"]}}],"collection":[{"href":"https:\/\/www.eldiario.net\/portal\/wp-json\/wp\/v2\/posts"}],"about":[{"href":"https:\/\/www.eldiario.net\/portal\/wp-json\/wp\/v2\/types\/post"}],"author":[{"embeddable":true,"href":"https:\/\/www.eldiario.net\/portal\/wp-json\/wp\/v2\/users\/1"}],"replies":[{"embeddable":true,"href":"https:\/\/www.eldiario.net\/portal\/wp-json\/wp\/v2\/comments?post=159223"}],"version-history":[{"count":0,"href":"https:\/\/www.eldiario.net\/portal\/wp-json\/wp\/v2\/posts\/159223\/revisions"}],"wp:featuredmedia":[{"embeddable":true,"href":"https:\/\/www.eldiario.net\/portal\/wp-json\/wp\/v2\/media\/159226"}],"wp:attachment":[{"href":"https:\/\/www.eldiario.net\/portal\/wp-json\/wp\/v2\/media?parent=159223"}],"wp:term":[{"taxonomy":"category","embeddable":true,"href":"https:\/\/www.eldiario.net\/portal\/wp-json\/wp\/v2\/categories?post=159223"},{"taxonomy":"post_tag","embeddable":true,"href":"https:\/\/www.eldiario.net\/portal\/wp-json\/wp\/v2\/tags?post=159223"}],"curies":[{"name":"wp","href":"https:\/\/api.w.org\/{rel}","templated":true}]}}