{"id":159062,"date":"2023-06-09T06:52:47","date_gmt":"2023-06-09T10:52:47","guid":{"rendered":"https:\/\/www.eldiario.net\/portal\/?p=159062"},"modified":"2023-06-09T06:52:47","modified_gmt":"2023-06-09T10:52:47","slug":"que-es-la-antropologia-filosofica","status":"publish","type":"post","link":"https:\/\/www.eldiario.net\/portal\/2023\/06\/09\/que-es-la-antropologia-filosofica\/","title":{"rendered":"Qu\u00e9 es la antropolog\u00eda filos\u00f3fica"},"content":{"rendered":"<p><strong>Por: Equipo editor<\/strong><\/p>\n<p>&nbsp;<\/p>\n<p>Considerando que la filosof\u00eda tiene una amplia variedad de disciplinas y entre ellas est\u00e1 la antropolog\u00eda filos\u00f3fica, encargada del estudio general de los problemas del hombre. Que identifica su naturaleza, su existencia y su puesto en el Cosmos.<\/p>\n<p>&nbsp;<\/p>\n<p>Esta disciplina se enfoca o trata de resolver preguntas relacionadas con el hombre ya que lo considera un problema central de la Filosof\u00eda, se cuestiona b\u00e1sicamente \u00bfQu\u00e9 es el hombre?<\/p>\n<p>&nbsp;<\/p>\n<ol>\n<li><strong> Concepciones de la antropolog\u00eda filos\u00f3fica<\/strong><\/li>\n<\/ol>\n<p>&nbsp;<\/p>\n<p>De acuerdo con la etimolog\u00eda, la Antropolog\u00eda Filos\u00f3fica parece ser el estudio del hombre desde el punto de vista filos\u00f3fico, que se define como una forma de saber que ser\u00e1 sobre el hombre en todas sus dimensiones y niveles de concepci\u00f3n.<\/p>\n<p>&nbsp;<\/p>\n<p>Desde el sentido sem\u00e1ntico, es la determinaci\u00f3n filos\u00f3fica la principal caracter\u00edstica que distingue este saber de otros saberes y disciplinas dedicadas al estudio del hombre y otras antropolog\u00edas, no dejando de estar bajo un objeto cient\u00edfico particular positivo (Antropolog\u00eda Cultural) e incluso teol\u00f3gico (Antropolog\u00eda Teol\u00f3gica).<\/p>\n<p>&nbsp;<\/p>\n<ol start=\"2\">\n<li><strong> Definici\u00f3n<\/strong><\/li>\n<\/ol>\n<p>&nbsp;<\/p>\n<p>La Antropolog\u00eda Filos\u00f3fica, significa el conocimiento del hombre a la luz de la Filosof\u00eda, puede ayudarnos a descubrir lo mucho que valemos. Tanto que no podemos vendernos por nada del mundo ni nadie ha de osar comprarnos.<\/p>\n<p>&nbsp;<\/p>\n<p>La antropolog\u00eda filos\u00f3fica es un saber filos\u00f3fico especulativo, te\u00f3rico y no pr\u00e1ctico como la \u00c9tica. Esto significa que frente a los sujetos reales tiene una actitud espejeante (reflejo de s\u00ed mismo), y se ocupa de lo especulativo, no sobre lo posible o factible, como los saberes pr\u00e1cticos. Su finalidad es el saber mismo y no un saber para hacer o realizar algo (pr\u00e1ctico).<\/p>\n<p>&nbsp;<\/p>\n<p><strong>2.1 Objetivo<\/strong><\/p>\n<p>&nbsp;<\/p>\n<p>El objeto de la antropolog\u00eda filos\u00f3fica es el estudio de la vida del hombre en cuanto a la totalidad de seres vivos. El hombre a diferencia de los \u00abvivientes\u00bb que lo acompa\u00f1an existe, vive, siente, piensa.<\/p>\n<p>&nbsp;<\/p>\n<p>En s\u00edntesis el objeto de estudio de la antropolog\u00eda filos\u00f3fica es el estudio de los fen\u00f3menos humanos que residen en las caracter\u00edsticas particulares de cada cultura.<\/p>\n<p>&nbsp;<\/p>\n<p>En otros t\u00e9rminos: la antropolog\u00eda filos\u00f3fica estudia las condiciones de posibilidad del fen\u00f3meno humano.<\/p>\n<p>&nbsp;<\/p>\n<p><strong>2.2 Historia<\/strong><\/p>\n<p>&nbsp;<\/p>\n<p>La antropolog\u00eda filos\u00f3fica es un t\u00e9rmino elaborado por Max Scheler, con el que se designa el estudio de la esencia del hombre. Es un tipo de disciplina de car\u00e1cter mediador entre las ciencias positivistas y la metaf\u00edsica, pues se nutre de diversas ciencias que abordan directamente al ser humano, pero va m\u00e1s all\u00e1 de estas llegando a cuestionarse preguntas trascendentales que determinen al hombre y su lugar en el mundo.<\/p>\n<p>&nbsp;<\/p>\n<p>Es la antropolog\u00eda que se plantea la cuesti\u00f3n del hombre en forma fundamentalmente filos\u00f3fica. Max Scheler acu\u00f1a el t\u00e9rmino en su obra \u201cEl puesto del hombre en el cosmos\u201d, pero tambi\u00e9n fue desarrollado, y quiz\u00e1s con mayor detalle, por Helmuth Plessner en su libro \u201cEl hombre y los estadios de lo org\u00e1nico\u201d.<\/p>\n<p>&nbsp;<\/p>\n<p>Para Sheler la antropolog\u00eda filos\u00f3fica ha de encontrarse entre el saber positivo y el metaf\u00edsico, con esta afirmaci\u00f3n se responde al papel intermedio y mediador de esta antropolog\u00eda.<\/p>\n<p>&nbsp;<\/p>\n<p>Desde un enfoque cient\u00edfico la antropolog\u00eda es la ciencia del hombre como entidad biol\u00f3gica dentro de la naturaleza. Por lo tanto, podr\u00eda considerarse en m\u00e1s de un sentido como un apartado dentro de la biolog\u00eda y\/o una ciencia que se auxilia de m\u00faltiples disciplinas para intentar comprender la naturaleza del hombre.<\/p>\n<p>&nbsp;<\/p>\n<p><strong>2.3 Relaci\u00f3n filos\u00f3fica<\/strong><\/p>\n<p>&nbsp;<\/p>\n<p>La antropolog\u00eda cient\u00edfica y la filos\u00f3fica son dos disciplinas que \u00fanicamente convergen en su preocupaci\u00f3n por entender al hombre, pero divergen radicalmente en el sentido de la pregunta que les da origen. La antropolog\u00eda filos\u00f3fica extiende su problem\u00e1tica de estudio a la cuesti\u00f3n de la esencia del hombre, su puesto en el cosmos y su destino, por lo tanto, podr\u00eda ser visto como un puente que une a las ciencias positivas con la metaf\u00edsica.<\/p>\n<p>&nbsp;<\/p>\n<ol start=\"3\">\n<li><strong> El Hombre<\/strong><\/li>\n<\/ol>\n<p>&nbsp;<\/p>\n<p>Desde el punto de vista de la antropolog\u00eda podemos hablar del hombre seg\u00fan su naturaleza o seg\u00fan su esencia.<\/p>\n<p>&nbsp;<\/p>\n<p><strong>3.1 Naturaleza<\/strong><\/p>\n<p>&nbsp;<\/p>\n<p>De acuerdo a su naturaleza podemos decir que el hombre es la \u00fanica especie animal, denominada Homo sapiens. El g\u00e9nero Homo fue muy diversificado en el pasado, tanto que durante el \u00faltimo mill\u00f3n y medio de a\u00f1os incluy\u00f3 numerosas otras especies. Actualmente el Homo sapiens es la \u00fanica especie viva del g\u00e9nero Homo que prevalece.<\/p>\n<p>&nbsp;<\/p>\n<p>Se ha determinado que el Homo sapiens pertenece a una familia de primates, los hominoideos. Evolutivamente se fue diferenciando desde \u00c1frica y de ese ancestro surgi\u00f3 la estirpe de la que forman parte los hom\u00ednidos.<\/p>\n<p>&nbsp;<\/p>\n<p><strong>3.2 Esencia<\/strong><\/p>\n<p>&nbsp;<\/p>\n<p>Por otro lado, desde el punto de vista de la esencia es m\u00e1s complejo hablar del hombre, pues nos tendr\u00edamos que remontar hasta el primer atisbo por definir al hombre, esto es en la filosof\u00eda griega, y de ah\u00ed avanzar a lo largo de la historia del pensamiento filos\u00f3fico indagando sobre la esencia del hombre, materia compleja y laboriosa a la que solamente podemos intentar darle una somera revisi\u00f3n.<\/p>\n<div id='gallery-1' class='gallery galleryid-159062 gallery-columns-3 gallery-size-medium'><figure class='gallery-item'>\n\t\t\t<div class='gallery-icon portrait'>\n\t\t\t\t<a href='https:\/\/www.eldiario.net\/portal\/2023\/06\/09\/que-es-la-antropologia-filosofica\/socio-antropologia-filosofica\/'><img loading=\"lazy\" decoding=\"async\" width=\"287\" height=\"300\" src=\"https:\/\/www.eldiario.net\/portal\/wp-content\/uploads\/2023\/06\/Socio-Antropologia-filosofica-scaled-1-287x300.jpg\" class=\"attachment-medium size-medium\" alt=\"\" srcset=\"https:\/\/www.eldiario.net\/portal\/wp-content\/uploads\/2023\/06\/Socio-Antropologia-filosofica-scaled-1-287x300.jpg 287w, https:\/\/www.eldiario.net\/portal\/wp-content\/uploads\/2023\/06\/Socio-Antropologia-filosofica-scaled-1-978x1024.jpg 978w, https:\/\/www.eldiario.net\/portal\/wp-content\/uploads\/2023\/06\/Socio-Antropologia-filosofica-scaled-1-768x804.jpg 768w, https:\/\/www.eldiario.net\/portal\/wp-content\/uploads\/2023\/06\/Socio-Antropologia-filosofica-scaled-1-1468x1536.jpg 1468w, https:\/\/www.eldiario.net\/portal\/wp-content\/uploads\/2023\/06\/Socio-Antropologia-filosofica-scaled-1-1957x2048.jpg 1957w, https:\/\/www.eldiario.net\/portal\/wp-content\/uploads\/2023\/06\/Socio-Antropologia-filosofica-scaled-1-696x728.jpg 696w, https:\/\/www.eldiario.net\/portal\/wp-content\/uploads\/2023\/06\/Socio-Antropologia-filosofica-scaled-1-1068x1118.jpg 1068w, https:\/\/www.eldiario.net\/portal\/wp-content\/uploads\/2023\/06\/Socio-Antropologia-filosofica-scaled-1-1920x2009.jpg 1920w\" sizes=\"auto, (max-width: 287px) 100vw, 287px\" \/><\/a>\n\t\t\t<\/div><\/figure><figure class='gallery-item'>\n\t\t\t<div class='gallery-icon landscape'>\n\t\t\t\t<a href='https:\/\/www.eldiario.net\/portal\/2023\/06\/09\/que-es-la-antropologia-filosofica\/socio-evolucion\/'><img loading=\"lazy\" decoding=\"async\" width=\"300\" height=\"183\" src=\"https:\/\/www.eldiario.net\/portal\/wp-content\/uploads\/2023\/06\/Socio-Evolucion-300x183.jpg\" class=\"attachment-medium size-medium\" alt=\"\" srcset=\"https:\/\/www.eldiario.net\/portal\/wp-content\/uploads\/2023\/06\/Socio-Evolucion-300x183.jpg 300w, https:\/\/www.eldiario.net\/portal\/wp-content\/uploads\/2023\/06\/Socio-Evolucion-696x425.jpg 696w, https:\/\/www.eldiario.net\/portal\/wp-content\/uploads\/2023\/06\/Socio-Evolucion.jpg 720w\" sizes=\"auto, (max-width: 300px) 100vw, 300px\" \/><\/a>\n\t\t\t<\/div><\/figure>\n\t\t<\/div>\n\n","protected":false},"excerpt":{"rendered":"<p>Por: Equipo editor &nbsp; Considerando que la filosof\u00eda tiene una amplia variedad de disciplinas y entre ellas est\u00e1 la antropolog\u00eda filos\u00f3fica, encargada del estudio general de los problemas del hombre. Que identifica su naturaleza, su existencia y su puesto en el Cosmos. &nbsp; Esta disciplina se enfoca o trata de resolver preguntas relacionadas con el [&hellip;]<\/p>\n","protected":false},"author":1,"featured_media":159064,"comment_status":"closed","ping_status":"closed","sticky":false,"template":"","format":"standard","meta":{"_acf_changed":false,"footnotes":""},"categories":[43],"tags":[],"class_list":["post-159062","post","type-post","status-publish","format-standard","has-post-thumbnail","category-nuevos-horizontes"],"acf":{"antetitulo":""},"yoast_head":"<!-- This site is optimized with the Yoast SEO plugin v28.4 - https:\/\/yoast.com\/product\/yoast-seo-wordpress\/ -->\n<title>Qu\u00e9 es la antropolog\u00eda filos\u00f3fica - El Diario - Bolivia<\/title>\n<meta name=\"robots\" content=\"index, follow, max-snippet:-1, max-image-preview:large, max-video-preview:-1\" \/>\n<link rel=\"canonical\" href=\"https:\/\/www.eldiario.net\/portal\/2023\/06\/09\/que-es-la-antropologia-filosofica\/\" \/>\n<meta property=\"og:locale\" content=\"es_ES\" \/>\n<meta property=\"og:type\" content=\"article\" \/>\n<meta property=\"og:title\" content=\"Qu\u00e9 es la antropolog\u00eda filos\u00f3fica - El Diario - Bolivia\" \/>\n<meta property=\"og:description\" content=\"Por: Equipo editor &nbsp; Considerando que la filosof\u00eda tiene una amplia variedad de disciplinas y entre ellas est\u00e1 la antropolog\u00eda filos\u00f3fica, encargada del estudio general de los problemas del hombre. Que identifica su naturaleza, su existencia y su puesto en el Cosmos. &nbsp; Esta disciplina se enfoca o trata de resolver preguntas relacionadas con el [&hellip;]\" \/>\n<meta property=\"og:url\" content=\"https:\/\/www.eldiario.net\/portal\/2023\/06\/09\/que-es-la-antropologia-filosofica\/\" \/>\n<meta property=\"og:site_name\" content=\"El Diario - Bolivia\" \/>\n<meta property=\"article:publisher\" content=\"https:\/\/www.facebook.com\/eldiario.bolivia\/\" \/>\n<meta property=\"article:published_time\" content=\"2023-06-09T10:52:47+00:00\" \/>\n<meta property=\"og:image\" content=\"https:\/\/www.eldiario.net\/portal\/wp-content\/uploads\/2023\/06\/Socio-Evolucion.jpg\" \/>\n\t<meta property=\"og:image:width\" content=\"720\" \/>\n\t<meta property=\"og:image:height\" content=\"440\" \/>\n\t<meta property=\"og:image:type\" content=\"image\/jpeg\" \/>\n<meta name=\"author\" content=\"Jeanette\" \/>\n<meta name=\"twitter:card\" content=\"summary_large_image\" \/>\n<meta name=\"twitter:creator\" content=\"@eldiario_net\" \/>\n<meta name=\"twitter:site\" content=\"@eldiario_net\" \/>\n<meta name=\"twitter:label1\" content=\"Escrito por\" \/>\n\t<meta name=\"twitter:data1\" content=\"Jeanette\" \/>\n\t<meta name=\"twitter:label2\" content=\"Tiempo de lectura\" \/>\n\t<meta name=\"twitter:data2\" content=\"4 minutos\" \/>\n<script type=\"application\/ld+json\" class=\"yoast-schema-graph\">{\"@context\":\"https:\\\/\\\/schema.org\",\"@graph\":[{\"@type\":\"Article\",\"@id\":\"https:\\\/\\\/www.eldiario.net\\\/portal\\\/2023\\\/06\\\/09\\\/que-es-la-antropologia-filosofica\\\/#article\",\"isPartOf\":{\"@id\":\"https:\\\/\\\/www.eldiario.net\\\/portal\\\/2023\\\/06\\\/09\\\/que-es-la-antropologia-filosofica\\\/\"},\"author\":{\"name\":\"Jeanette\",\"@id\":\"https:\\\/\\\/www.eldiario.net\\\/portal\\\/#\\\/schema\\\/person\\\/2c57cf2b7a7ae032e449e4c9b1019eac\"},\"headline\":\"Qu\u00e9 es la antropolog\u00eda filos\u00f3fica\",\"datePublished\":\"2023-06-09T10:52:47+00:00\",\"mainEntityOfPage\":{\"@id\":\"https:\\\/\\\/www.eldiario.net\\\/portal\\\/2023\\\/06\\\/09\\\/que-es-la-antropologia-filosofica\\\/\"},\"wordCount\":934,\"publisher\":{\"@id\":\"https:\\\/\\\/www.eldiario.net\\\/portal\\\/#organization\"},\"image\":{\"@id\":\"https:\\\/\\\/www.eldiario.net\\\/portal\\\/2023\\\/06\\\/09\\\/que-es-la-antropologia-filosofica\\\/#primaryimage\"},\"thumbnailUrl\":\"https:\\\/\\\/www.eldiario.net\\\/portal\\\/wp-content\\\/uploads\\\/2023\\\/06\\\/Socio-Evolucion.jpg\",\"articleSection\":[\"Nuevos Horizontes\"],\"inLanguage\":\"es\"},{\"@type\":\"WebPage\",\"@id\":\"https:\\\/\\\/www.eldiario.net\\\/portal\\\/2023\\\/06\\\/09\\\/que-es-la-antropologia-filosofica\\\/\",\"url\":\"https:\\\/\\\/www.eldiario.net\\\/portal\\\/2023\\\/06\\\/09\\\/que-es-la-antropologia-filosofica\\\/\",\"name\":\"Qu\u00e9 es la antropolog\u00eda filos\u00f3fica - El Diario - Bolivia\",\"isPartOf\":{\"@id\":\"https:\\\/\\\/www.eldiario.net\\\/portal\\\/#website\"},\"primaryImageOfPage\":{\"@id\":\"https:\\\/\\\/www.eldiario.net\\\/portal\\\/2023\\\/06\\\/09\\\/que-es-la-antropologia-filosofica\\\/#primaryimage\"},\"image\":{\"@id\":\"https:\\\/\\\/www.eldiario.net\\\/portal\\\/2023\\\/06\\\/09\\\/que-es-la-antropologia-filosofica\\\/#primaryimage\"},\"thumbnailUrl\":\"https:\\\/\\\/www.eldiario.net\\\/portal\\\/wp-content\\\/uploads\\\/2023\\\/06\\\/Socio-Evolucion.jpg\",\"datePublished\":\"2023-06-09T10:52:47+00:00\",\"breadcrumb\":{\"@id\":\"https:\\\/\\\/www.eldiario.net\\\/portal\\\/2023\\\/06\\\/09\\\/que-es-la-antropologia-filosofica\\\/#breadcrumb\"},\"inLanguage\":\"es\",\"potentialAction\":[{\"@type\":\"ReadAction\",\"target\":[\"https:\\\/\\\/www.eldiario.net\\\/portal\\\/2023\\\/06\\\/09\\\/que-es-la-antropologia-filosofica\\\/\"]}]},{\"@type\":\"ImageObject\",\"inLanguage\":\"es\",\"@id\":\"https:\\\/\\\/www.eldiario.net\\\/portal\\\/2023\\\/06\\\/09\\\/que-es-la-antropologia-filosofica\\\/#primaryimage\",\"url\":\"https:\\\/\\\/www.eldiario.net\\\/portal\\\/wp-content\\\/uploads\\\/2023\\\/06\\\/Socio-Evolucion.jpg\",\"contentUrl\":\"https:\\\/\\\/www.eldiario.net\\\/portal\\\/wp-content\\\/uploads\\\/2023\\\/06\\\/Socio-Evolucion.jpg\",\"width\":720,\"height\":440},{\"@type\":\"BreadcrumbList\",\"@id\":\"https:\\\/\\\/www.eldiario.net\\\/portal\\\/2023\\\/06\\\/09\\\/que-es-la-antropologia-filosofica\\\/#breadcrumb\",\"itemListElement\":[{\"@type\":\"ListItem\",\"position\":1,\"name\":\"Portada\",\"item\":\"https:\\\/\\\/www.eldiario.net\\\/portal\\\/\"},{\"@type\":\"ListItem\",\"position\":2,\"name\":\"Qu\u00e9 es la antropolog\u00eda filos\u00f3fica\"}]},{\"@type\":\"WebSite\",\"@id\":\"https:\\\/\\\/www.eldiario.net\\\/portal\\\/#website\",\"url\":\"https:\\\/\\\/www.eldiario.net\\\/portal\\\/\",\"name\":\"El Diario - Decano de la prensa nacional\",\"description\":\"El Diario - Decano de la prensa nacional\",\"publisher\":{\"@id\":\"https:\\\/\\\/www.eldiario.net\\\/portal\\\/#organization\"},\"potentialAction\":[{\"@type\":\"SearchAction\",\"target\":{\"@type\":\"EntryPoint\",\"urlTemplate\":\"https:\\\/\\\/www.eldiario.net\\\/portal\\\/?s={search_term_string}\"},\"query-input\":{\"@type\":\"PropertyValueSpecification\",\"valueRequired\":true,\"valueName\":\"search_term_string\"}}],\"inLanguage\":\"es\"},{\"@type\":\"Organization\",\"@id\":\"https:\\\/\\\/www.eldiario.net\\\/portal\\\/#organization\",\"name\":\"El Diario - Decano de la prensa nacional\",\"url\":\"https:\\\/\\\/www.eldiario.net\\\/portal\\\/\",\"logo\":{\"@type\":\"ImageObject\",\"inLanguage\":\"es\",\"@id\":\"https:\\\/\\\/www.eldiario.net\\\/portal\\\/#\\\/schema\\\/logo\\\/image\\\/\",\"url\":\"https:\\\/\\\/www.eldiario.net\\\/portal\\\/wp-content\\\/uploads\\\/2023\\\/07\\\/logo_ED.jpg\",\"contentUrl\":\"https:\\\/\\\/www.eldiario.net\\\/portal\\\/wp-content\\\/uploads\\\/2023\\\/07\\\/logo_ED.jpg\",\"width\":272,\"height\":52,\"caption\":\"El Diario - Decano de la prensa nacional\"},\"image\":{\"@id\":\"https:\\\/\\\/www.eldiario.net\\\/portal\\\/#\\\/schema\\\/logo\\\/image\\\/\"},\"sameAs\":[\"https:\\\/\\\/www.facebook.com\\\/eldiario.bolivia\\\/\",\"https:\\\/\\\/x.com\\\/eldiario_net\"]},{\"@type\":\"Person\",\"@id\":\"https:\\\/\\\/www.eldiario.net\\\/portal\\\/#\\\/schema\\\/person\\\/2c57cf2b7a7ae032e449e4c9b1019eac\",\"name\":\"Jeanette\",\"image\":{\"@type\":\"ImageObject\",\"inLanguage\":\"es\",\"@id\":\"https:\\\/\\\/secure.gravatar.com\\\/avatar\\\/3ea2118a5f7dad2b7138b1187a6b7ee55f160b9968b66013c3a3ef39dd7e5798?s=96&d=mm&r=g\",\"url\":\"https:\\\/\\\/secure.gravatar.com\\\/avatar\\\/3ea2118a5f7dad2b7138b1187a6b7ee55f160b9968b66013c3a3ef39dd7e5798?s=96&d=mm&r=g\",\"contentUrl\":\"https:\\\/\\\/secure.gravatar.com\\\/avatar\\\/3ea2118a5f7dad2b7138b1187a6b7ee55f160b9968b66013c3a3ef39dd7e5798?s=96&d=mm&r=g\",\"caption\":\"Jeanette\"},\"sameAs\":[\"https:\\\/\\\/www.eldiario.net\\\/portal\"],\"url\":\"https:\\\/\\\/www.eldiario.net\\\/portal\\\/author\\\/jeanette\\\/\"}]}<\/script>\n<!-- \/ Yoast SEO plugin. -->","yoast_head_json":{"title":"Qu\u00e9 es la antropolog\u00eda filos\u00f3fica - El Diario - Bolivia","robots":{"index":"index","follow":"follow","max-snippet":"max-snippet:-1","max-image-preview":"max-image-preview:large","max-video-preview":"max-video-preview:-1"},"canonical":"https:\/\/www.eldiario.net\/portal\/2023\/06\/09\/que-es-la-antropologia-filosofica\/","og_locale":"es_ES","og_type":"article","og_title":"Qu\u00e9 es la antropolog\u00eda filos\u00f3fica - El Diario - Bolivia","og_description":"Por: Equipo editor &nbsp; Considerando que la filosof\u00eda tiene una amplia variedad de disciplinas y entre ellas est\u00e1 la antropolog\u00eda filos\u00f3fica, encargada del estudio general de los problemas del hombre. Que identifica su naturaleza, su existencia y su puesto en el Cosmos. &nbsp; Esta disciplina se enfoca o trata de resolver preguntas relacionadas con el [&hellip;]","og_url":"https:\/\/www.eldiario.net\/portal\/2023\/06\/09\/que-es-la-antropologia-filosofica\/","og_site_name":"El Diario - Bolivia","article_publisher":"https:\/\/www.facebook.com\/eldiario.bolivia\/","article_published_time":"2023-06-09T10:52:47+00:00","og_image":[{"width":720,"height":440,"url":"https:\/\/www.eldiario.net\/portal\/wp-content\/uploads\/2023\/06\/Socio-Evolucion.jpg","type":"image\/jpeg"}],"author":"Jeanette","twitter_card":"summary_large_image","twitter_creator":"@eldiario_net","twitter_site":"@eldiario_net","twitter_misc":{"Escrito por":"Jeanette","Tiempo de lectura":"4 minutos"},"schema":{"@context":"https:\/\/schema.org","@graph":[{"@type":"Article","@id":"https:\/\/www.eldiario.net\/portal\/2023\/06\/09\/que-es-la-antropologia-filosofica\/#article","isPartOf":{"@id":"https:\/\/www.eldiario.net\/portal\/2023\/06\/09\/que-es-la-antropologia-filosofica\/"},"author":{"name":"Jeanette","@id":"https:\/\/www.eldiario.net\/portal\/#\/schema\/person\/2c57cf2b7a7ae032e449e4c9b1019eac"},"headline":"Qu\u00e9 es la antropolog\u00eda filos\u00f3fica","datePublished":"2023-06-09T10:52:47+00:00","mainEntityOfPage":{"@id":"https:\/\/www.eldiario.net\/portal\/2023\/06\/09\/que-es-la-antropologia-filosofica\/"},"wordCount":934,"publisher":{"@id":"https:\/\/www.eldiario.net\/portal\/#organization"},"image":{"@id":"https:\/\/www.eldiario.net\/portal\/2023\/06\/09\/que-es-la-antropologia-filosofica\/#primaryimage"},"thumbnailUrl":"https:\/\/www.eldiario.net\/portal\/wp-content\/uploads\/2023\/06\/Socio-Evolucion.jpg","articleSection":["Nuevos Horizontes"],"inLanguage":"es"},{"@type":"WebPage","@id":"https:\/\/www.eldiario.net\/portal\/2023\/06\/09\/que-es-la-antropologia-filosofica\/","url":"https:\/\/www.eldiario.net\/portal\/2023\/06\/09\/que-es-la-antropologia-filosofica\/","name":"Qu\u00e9 es la antropolog\u00eda filos\u00f3fica - El Diario - Bolivia","isPartOf":{"@id":"https:\/\/www.eldiario.net\/portal\/#website"},"primaryImageOfPage":{"@id":"https:\/\/www.eldiario.net\/portal\/2023\/06\/09\/que-es-la-antropologia-filosofica\/#primaryimage"},"image":{"@id":"https:\/\/www.eldiario.net\/portal\/2023\/06\/09\/que-es-la-antropologia-filosofica\/#primaryimage"},"thumbnailUrl":"https:\/\/www.eldiario.net\/portal\/wp-content\/uploads\/2023\/06\/Socio-Evolucion.jpg","datePublished":"2023-06-09T10:52:47+00:00","breadcrumb":{"@id":"https:\/\/www.eldiario.net\/portal\/2023\/06\/09\/que-es-la-antropologia-filosofica\/#breadcrumb"},"inLanguage":"es","potentialAction":[{"@type":"ReadAction","target":["https:\/\/www.eldiario.net\/portal\/2023\/06\/09\/que-es-la-antropologia-filosofica\/"]}]},{"@type":"ImageObject","inLanguage":"es","@id":"https:\/\/www.eldiario.net\/portal\/2023\/06\/09\/que-es-la-antropologia-filosofica\/#primaryimage","url":"https:\/\/www.eldiario.net\/portal\/wp-content\/uploads\/2023\/06\/Socio-Evolucion.jpg","contentUrl":"https:\/\/www.eldiario.net\/portal\/wp-content\/uploads\/2023\/06\/Socio-Evolucion.jpg","width":720,"height":440},{"@type":"BreadcrumbList","@id":"https:\/\/www.eldiario.net\/portal\/2023\/06\/09\/que-es-la-antropologia-filosofica\/#breadcrumb","itemListElement":[{"@type":"ListItem","position":1,"name":"Portada","item":"https:\/\/www.eldiario.net\/portal\/"},{"@type":"ListItem","position":2,"name":"Qu\u00e9 es la antropolog\u00eda filos\u00f3fica"}]},{"@type":"WebSite","@id":"https:\/\/www.eldiario.net\/portal\/#website","url":"https:\/\/www.eldiario.net\/portal\/","name":"El Diario - Decano de la prensa nacional","description":"El Diario - Decano de la prensa nacional","publisher":{"@id":"https:\/\/www.eldiario.net\/portal\/#organization"},"potentialAction":[{"@type":"SearchAction","target":{"@type":"EntryPoint","urlTemplate":"https:\/\/www.eldiario.net\/portal\/?s={search_term_string}"},"query-input":{"@type":"PropertyValueSpecification","valueRequired":true,"valueName":"search_term_string"}}],"inLanguage":"es"},{"@type":"Organization","@id":"https:\/\/www.eldiario.net\/portal\/#organization","name":"El Diario - Decano de la prensa nacional","url":"https:\/\/www.eldiario.net\/portal\/","logo":{"@type":"ImageObject","inLanguage":"es","@id":"https:\/\/www.eldiario.net\/portal\/#\/schema\/logo\/image\/","url":"https:\/\/www.eldiario.net\/portal\/wp-content\/uploads\/2023\/07\/logo_ED.jpg","contentUrl":"https:\/\/www.eldiario.net\/portal\/wp-content\/uploads\/2023\/07\/logo_ED.jpg","width":272,"height":52,"caption":"El Diario - Decano de la prensa nacional"},"image":{"@id":"https:\/\/www.eldiario.net\/portal\/#\/schema\/logo\/image\/"},"sameAs":["https:\/\/www.facebook.com\/eldiario.bolivia\/","https:\/\/x.com\/eldiario_net"]},{"@type":"Person","@id":"https:\/\/www.eldiario.net\/portal\/#\/schema\/person\/2c57cf2b7a7ae032e449e4c9b1019eac","name":"Jeanette","image":{"@type":"ImageObject","inLanguage":"es","@id":"https:\/\/secure.gravatar.com\/avatar\/3ea2118a5f7dad2b7138b1187a6b7ee55f160b9968b66013c3a3ef39dd7e5798?s=96&d=mm&r=g","url":"https:\/\/secure.gravatar.com\/avatar\/3ea2118a5f7dad2b7138b1187a6b7ee55f160b9968b66013c3a3ef39dd7e5798?s=96&d=mm&r=g","contentUrl":"https:\/\/secure.gravatar.com\/avatar\/3ea2118a5f7dad2b7138b1187a6b7ee55f160b9968b66013c3a3ef39dd7e5798?s=96&d=mm&r=g","caption":"Jeanette"},"sameAs":["https:\/\/www.eldiario.net\/portal"],"url":"https:\/\/www.eldiario.net\/portal\/author\/jeanette\/"}]}},"_links":{"self":[{"href":"https:\/\/www.eldiario.net\/portal\/wp-json\/wp\/v2\/posts\/159062","targetHints":{"allow":["GET"]}}],"collection":[{"href":"https:\/\/www.eldiario.net\/portal\/wp-json\/wp\/v2\/posts"}],"about":[{"href":"https:\/\/www.eldiario.net\/portal\/wp-json\/wp\/v2\/types\/post"}],"author":[{"embeddable":true,"href":"https:\/\/www.eldiario.net\/portal\/wp-json\/wp\/v2\/users\/1"}],"replies":[{"embeddable":true,"href":"https:\/\/www.eldiario.net\/portal\/wp-json\/wp\/v2\/comments?post=159062"}],"version-history":[{"count":0,"href":"https:\/\/www.eldiario.net\/portal\/wp-json\/wp\/v2\/posts\/159062\/revisions"}],"wp:featuredmedia":[{"embeddable":true,"href":"https:\/\/www.eldiario.net\/portal\/wp-json\/wp\/v2\/media\/159064"}],"wp:attachment":[{"href":"https:\/\/www.eldiario.net\/portal\/wp-json\/wp\/v2\/media?parent=159062"}],"wp:term":[{"taxonomy":"category","embeddable":true,"href":"https:\/\/www.eldiario.net\/portal\/wp-json\/wp\/v2\/categories?post=159062"},{"taxonomy":"post_tag","embeddable":true,"href":"https:\/\/www.eldiario.net\/portal\/wp-json\/wp\/v2\/tags?post=159062"}],"curies":[{"name":"wp","href":"https:\/\/api.w.org\/{rel}","templated":true}]}}