{"id":159051,"date":"2023-06-09T06:49:23","date_gmt":"2023-06-09T10:49:23","guid":{"rendered":"https:\/\/www.eldiario.net\/portal\/?p=159051"},"modified":"2023-06-09T06:49:23","modified_gmt":"2023-06-09T10:49:23","slug":"efecto-mandarina-regresa-para-revivir-la-musica","status":"publish","type":"post","link":"https:\/\/www.eldiario.net\/portal\/2023\/06\/09\/efecto-mandarina-regresa-para-revivir-la-musica\/","title":{"rendered":"Efecto Mandarina regresa para revivir la m\u00fasica"},"content":{"rendered":"<p>Efecto Mandarina ha decidido recomponer sus filas y realizar la Gira Nacional 2023. Esta fue una gran motivaci\u00f3n para que la banda boliviana componga y saque una nueva canci\u00f3n. Hablamos de \u201cAqu\u00ed\u201d, que marca un antes y un despu\u00e9s en la carrera musical de Efecto Mandarina. Pero es no es todo. La agrupaci\u00f3n est\u00e1 dando la bienvenida a su nuevo integrante, Eduardo Navarre, baterista e ingeniero de audio boliviano.<\/p>\n<p>La canci\u00f3n \u201cAqu\u00ed\u201d est\u00e1 en ritmo de Jazz neo soul y es una nueva versi\u00f3n de la banda que \u201cbusca mostrar un poco del paso del tiempo y de c\u00f3mo vamos cambiando, adem\u00e1s de mencionar que el aqu\u00ed y el ahora son \u00fanicos\u201d.<\/p>\n<p>\u201cPara Efecto Mandarina, (este regreso y la gira nacional) es revivir la m\u00fasica y todo lo que en alg\u00fan momento quer\u00edamos decir, es decirlo nuevamente. Y con la nueva canci\u00f3n resumimos la importancia de estar juntos y de apreciar el presente\u201d, afirm\u00f3 Vero P\u00e9rez, vocalista de la agrupaci\u00f3n nacional.<\/p>\n<p>El videoclip de \u201cAqu\u00ed\u201d fue estrenado ayer y est\u00e1 dirigido por Juan Pablo Richter con Gustavo Soto en la direcci\u00f3n de fotograf\u00eda. \u201cVamos a hacer un paso del tiempo con una canci\u00f3n que habla del presente. Junto a esta nueva canci\u00f3n y video comenzamos la gira por 7 ciudades de Bolivia. El 10 de junio estaremos en Oruro, el 16 en Santa Cruz, el 23 en Potos\u00ed, 24 en Sucre, 1 de julio en Tarija, el 8 en Cochabamba y finalmente cerramos en casa en su mes aniversario el 21 y 22 de julio en La Paz\u201d, anunci\u00f3 P\u00e9rez.<\/p>\n<p><strong>UN POCO DE HISTORIA<\/strong><\/p>\n<p>Efecto Mandarina fue conformada en el a\u00f1o 2008 y desde entonces se ha caracterizado por su constante creaci\u00f3n y composici\u00f3n de nuevas canciones y con la intenci\u00f3n de buscar nuevas formas para mejorar sus presentaciones. La banda realiz\u00f3 5 giras nacionales, present\u00e1ndose en los festivales de m\u00fasica m\u00e1s importantes, teatros y otros espacios culturales. Es un dato conocido en Bolivia que la banda continuamente voltea taquilla en cada espect\u00e1culo. Es importante destacar que entre los a\u00f1os 2014 y 2015, Efecto Mandarina present\u00f3 su cuarto \u00e1lbum, titulado \u201cNing\u00fan Vals\u201d, que contiene 8 composiciones. Se realizaron 5 videoclips y fue as\u00ed que la banda comenz\u00f3 sus primeras giras en el exterior del pa\u00eds.<\/p>\n<p>En 2015, Efecto Mandarina grab\u00f3 su quinto \u00e1lbum, titulado \u201cFrenes\u00ed\u201d, que contiene 10 composiciones, cuya producci\u00f3n se realiz\u00f3 en la ciudad de Nueva York, Estados Unidos, con la colaboraci\u00f3n de Andrew Gouche, bajista-productor musical, ganador de premios Grammy, quien estuvo impresionado con el talento y la pasi\u00f3n de la banda boliviana. De esta forma, entre 2015 y 2016, el grupo realiz\u00f3 una nueva gira nacional de presentaci\u00f3n del nuevo disco y tambi\u00e9n Efecto Mandarina fue invitado para participar del MicSur, un importante evento de m\u00fasica en la ciudad de Bogot\u00e1, Colombia. Adem\u00e1s, fue parte del BAFIM, otro evento musical efectuado en Buenos Aires, Argentina.<\/p>\n<p>Durante el 2017, la banda realiz\u00f3 la grabaci\u00f3n de 3 videoclips de su material. Asimismo, tuvo una exitosa presentaci\u00f3n en el teatro \u201cCaras y Caretas\u201d, en la ciudad de Buenos Aires. Argentina; y una destacada participaci\u00f3n en un importante festival de la ciudad de Montevideo-Uruguay, llamado BandaZ en Red.<\/p>\n<p>En 2019 la agrupaci\u00f3n gan\u00f3 el fondo de Intervenciones Urbanas y realiza su gira nacional pese a los conflictos pol\u00edticos que se suscitaron ese a\u00f1o.<\/p>\n<p>El 2020 la m\u00fasica de Efecto Mandarina llega a la plataforma m\u00e1s importante del mundo en entretenimiento, Netflix. Su m\u00fasica es parte de la serie \u201c100 d\u00edas para enamorarse\u201d, cautivando p\u00fablicos de diferentes pa\u00edses, como M\u00e9xico, Per\u00fa y Chile, entre otros.<\/p>\n<p>Posteriormente, toc\u00f3 vivir la pandemia mundial y la banda sufre la p\u00e9rdida irreparable de Eddy Chuquimia, integrante de la banda, por COVID. Es por esta raz\u00f3n que sus integrantes dejan de tocar y entran en una pausa hasta la anterior gesti\u00f3n, cuando son invitados, una vez m\u00e1s, al FestiJazz 2022, y deciden participar con un invitado especial que llega de los Estados Unidos, el prestigioso baterista Yayo Morales.<\/p>\n<p>Es as\u00ed que en este 2023 se recomponen con la incorporaci\u00f3n de Eduardo Navarre, nuevo integrante de la banda, quien ha creado una lista diversa de artistas con quienes trabaj\u00f3, entre ellos Michael Pipoquinha, BeBe Zahara Benet, Efecto Mandarina, Adam Meckler, Luc\u00eda Sarmiento, Oscar Acevedo, Carlos Fischer, Frecuencias Bajas y Ana Tuir\u00e1n.<\/p>\n<p>Luego de graduarse de la escuela secundaria, Eduardo decidi\u00f3 seguir una carrera en m\u00fasica como baterista y productor musical en McNally Smith College of Music en Minnesota, EEUU. Actualmente es baterista en Efecto Mandarina, Vinilo 54 y Carlos Fischer Band, un cuarteto de Jazz Fusi\u00f3n.<\/p>\n<p>Vero P\u00e9rez naci\u00f3 en La Paz, Bolivia, en 1988. A los 18 a\u00f1os comenz\u00f3 profesionalmente en la m\u00fasica iniciando sus presentaciones en el tributo a Pink Floyd, luego lleg\u00f3 su primer proyecto llamado \u201cGuerrero y Vero\u201d. Durante su carrera, comparti\u00f3 escenario con artistas internacionales, como Fito P\u00e1ez, Julieta Venegas e incluso cant\u00f3 a d\u00fao con Pedro Guerra.<\/p>\n<p>En 2014 emprendi\u00f3 una gira junto al guitarrista boliviano Jorge Villanueva, con quien se present\u00f3 en varias ciudades de Europa y EEUU. En 2015 estuvo de gira como vocalista principal de la banda de rock folk progresivo Wara. Vero es ganadora de menciones y premios nacionales como mejor vocalista femenina, y es actualmente la vocalista principal de Efecto Mandarina. En el a\u00f1o 2020 sac\u00f3 su primer disco solista, titulado Cad\u00e1ver Exquisito, basado en poes\u00eda boliviana. Ha sido ganadora del premio Maya Astro 2022 como Mejor Artista Musical Contempor\u00e1nea de Bolivia.<\/p>\n<p>Diego f. Ball\u00f3n C\u00e1rdenas es pianista, compositor, productor musical y arreglista de Efecto Mandarina, Vinilo54, Gustavo Orihuela Quartet, QuenaPiano y de Gian-Carla Tisera. Fue tecladista de Llegas, Luzmila Carpio, Rodrigo Rojas y el Papirri.<\/p>\n<p>Bladimir Morales es bajista y productor musical. Realiz\u00f3 sus estudios en el Conservatorio Nacional de M\u00fasica, donde aprendi\u00f3 a tocar muchos instrumentos, optando por especializarse en el bajo. Gracias a su talento, tuvo la oportunidad de tocar junto a muchos artistas reconocidos en Bolivia y a nivel mundial. Desde sus 21 a\u00f1os toca continuamente en el Bolivia Festijazz Internacional y desde 2014 es endorser de las siguientes marcas internacionales: Mtd Kingston, Mtd-usa, Gruv Gear, Bartolini y Tec Amp.<\/p>\n<div id='gallery-1' class='gallery galleryid-159051 gallery-columns-3 gallery-size-medium'><figure class='gallery-item'>\n\t\t\t<div class='gallery-icon landscape'>\n\t\t\t\t<a href='https:\/\/www.eldiario.net\/portal\/2023\/06\/09\/efecto-mandarina-regresa-para-revivir-la-musica\/efecto-1-principal\/'><img loading=\"lazy\" decoding=\"async\" width=\"300\" height=\"199\" src=\"https:\/\/www.eldiario.net\/portal\/wp-content\/uploads\/2023\/06\/efecto-1-PRINCIPAL-scaled-1-300x199.jpeg\" class=\"attachment-medium size-medium\" alt=\"\" srcset=\"https:\/\/www.eldiario.net\/portal\/wp-content\/uploads\/2023\/06\/efecto-1-PRINCIPAL-scaled-1-300x199.jpeg 300w, https:\/\/www.eldiario.net\/portal\/wp-content\/uploads\/2023\/06\/efecto-1-PRINCIPAL-scaled-1-1024x680.jpeg 1024w, https:\/\/www.eldiario.net\/portal\/wp-content\/uploads\/2023\/06\/efecto-1-PRINCIPAL-scaled-1-768x510.jpeg 768w, https:\/\/www.eldiario.net\/portal\/wp-content\/uploads\/2023\/06\/efecto-1-PRINCIPAL-scaled-1-1536x1020.jpeg 1536w, https:\/\/www.eldiario.net\/portal\/wp-content\/uploads\/2023\/06\/efecto-1-PRINCIPAL-scaled-1-2048x1360.jpeg 2048w, https:\/\/www.eldiario.net\/portal\/wp-content\/uploads\/2023\/06\/efecto-1-PRINCIPAL-scaled-1-696x462.jpeg 696w, https:\/\/www.eldiario.net\/portal\/wp-content\/uploads\/2023\/06\/efecto-1-PRINCIPAL-scaled-1-1068x709.jpeg 1068w, https:\/\/www.eldiario.net\/portal\/wp-content\/uploads\/2023\/06\/efecto-1-PRINCIPAL-scaled-1-1920x1275.jpeg 1920w\" sizes=\"auto, (max-width: 300px) 100vw, 300px\" \/><\/a>\n\t\t\t<\/div><\/figure><figure class='gallery-item'>\n\t\t\t<div class='gallery-icon portrait'>\n\t\t\t\t<a href='https:\/\/www.eldiario.net\/portal\/2023\/06\/09\/efecto-mandarina-regresa-para-revivir-la-musica\/efecto-2\/'><img loading=\"lazy\" decoding=\"async\" width=\"199\" height=\"300\" src=\"https:\/\/www.eldiario.net\/portal\/wp-content\/uploads\/2023\/06\/efecto-2-scaled-1-199x300.jpeg\" class=\"attachment-medium size-medium\" alt=\"\" srcset=\"https:\/\/www.eldiario.net\/portal\/wp-content\/uploads\/2023\/06\/efecto-2-scaled-1-199x300.jpeg 199w, https:\/\/www.eldiario.net\/portal\/wp-content\/uploads\/2023\/06\/efecto-2-scaled-1-680x1024.jpeg 680w, https:\/\/www.eldiario.net\/portal\/wp-content\/uploads\/2023\/06\/efecto-2-scaled-1-768x1156.jpeg 768w, https:\/\/www.eldiario.net\/portal\/wp-content\/uploads\/2023\/06\/efecto-2-scaled-1-1021x1536.jpeg 1021w, https:\/\/www.eldiario.net\/portal\/wp-content\/uploads\/2023\/06\/efecto-2-scaled-1-1361x2048.jpeg 1361w, https:\/\/www.eldiario.net\/portal\/wp-content\/uploads\/2023\/06\/efecto-2-scaled-1-696x1047.jpeg 696w, https:\/\/www.eldiario.net\/portal\/wp-content\/uploads\/2023\/06\/efecto-2-scaled-1-1068x1607.jpeg 1068w, https:\/\/www.eldiario.net\/portal\/wp-content\/uploads\/2023\/06\/efecto-2-scaled-1.jpeg 1701w\" sizes=\"auto, (max-width: 199px) 100vw, 199px\" \/><\/a>\n\t\t\t<\/div><\/figure><figure class='gallery-item'>\n\t\t\t<div class='gallery-icon landscape'>\n\t\t\t\t<a href='https:\/\/www.eldiario.net\/portal\/2023\/06\/09\/efecto-mandarina-regresa-para-revivir-la-musica\/efecto-3\/'><img loading=\"lazy\" decoding=\"async\" width=\"300\" height=\"128\" src=\"https:\/\/www.eldiario.net\/portal\/wp-content\/uploads\/2023\/06\/efecto-3-scaled-1-300x128.jpeg\" class=\"attachment-medium size-medium\" alt=\"\" srcset=\"https:\/\/www.eldiario.net\/portal\/wp-content\/uploads\/2023\/06\/efecto-3-scaled-1-300x128.jpeg 300w, https:\/\/www.eldiario.net\/portal\/wp-content\/uploads\/2023\/06\/efecto-3-scaled-1-1024x436.jpeg 1024w, https:\/\/www.eldiario.net\/portal\/wp-content\/uploads\/2023\/06\/efecto-3-scaled-1-768x327.jpeg 768w, https:\/\/www.eldiario.net\/portal\/wp-content\/uploads\/2023\/06\/efecto-3-scaled-1-1536x655.jpeg 1536w, https:\/\/www.eldiario.net\/portal\/wp-content\/uploads\/2023\/06\/efecto-3-scaled-1-2048x873.jpeg 2048w, https:\/\/www.eldiario.net\/portal\/wp-content\/uploads\/2023\/06\/efecto-3-scaled-1-696x297.jpeg 696w, https:\/\/www.eldiario.net\/portal\/wp-content\/uploads\/2023\/06\/efecto-3-scaled-1-1068x455.jpeg 1068w, https:\/\/www.eldiario.net\/portal\/wp-content\/uploads\/2023\/06\/efecto-3-scaled-1-1920x818.jpeg 1920w\" sizes=\"auto, (max-width: 300px) 100vw, 300px\" \/><\/a>\n\t\t\t<\/div><\/figure>\n\t\t<\/div>\n\n","protected":false},"excerpt":{"rendered":"<p>Efecto Mandarina ha decidido recomponer sus filas y realizar la Gira Nacional 2023. Esta fue una gran motivaci\u00f3n para que la banda boliviana componga y saque una nueva canci\u00f3n. Hablamos de \u201cAqu\u00ed\u201d, que marca un antes y un despu\u00e9s en la carrera musical de Efecto Mandarina. Pero es no es todo. La agrupaci\u00f3n est\u00e1 dando [&hellip;]<\/p>\n","protected":false},"author":1,"featured_media":159052,"comment_status":"closed","ping_status":"closed","sticky":false,"template":"","format":"standard","meta":{"_acf_changed":false,"footnotes":""},"categories":[41],"tags":[],"class_list":["post-159051","post","type-post","status-publish","format-standard","has-post-thumbnail","category-la-guia"],"acf":{"antetitulo":""},"yoast_head":"<!-- This site is optimized with the Yoast SEO plugin v28.4 - https:\/\/yoast.com\/product\/yoast-seo-wordpress\/ -->\n<title>Efecto Mandarina regresa para revivir la m\u00fasica - El Diario - Bolivia<\/title>\n<meta name=\"robots\" content=\"index, follow, max-snippet:-1, max-image-preview:large, max-video-preview:-1\" \/>\n<link rel=\"canonical\" href=\"https:\/\/www.eldiario.net\/portal\/2023\/06\/09\/efecto-mandarina-regresa-para-revivir-la-musica\/\" \/>\n<meta property=\"og:locale\" content=\"es_ES\" \/>\n<meta property=\"og:type\" content=\"article\" \/>\n<meta property=\"og:title\" content=\"Efecto Mandarina regresa para revivir la m\u00fasica - El Diario - Bolivia\" \/>\n<meta property=\"og:description\" content=\"Efecto Mandarina ha decidido recomponer sus filas y realizar la Gira Nacional 2023. Esta fue una gran motivaci\u00f3n para que la banda boliviana componga y saque una nueva canci\u00f3n. Hablamos de \u201cAqu\u00ed\u201d, que marca un antes y un despu\u00e9s en la carrera musical de Efecto Mandarina. Pero es no es todo. La agrupaci\u00f3n est\u00e1 dando [&hellip;]\" \/>\n<meta property=\"og:url\" content=\"https:\/\/www.eldiario.net\/portal\/2023\/06\/09\/efecto-mandarina-regresa-para-revivir-la-musica\/\" \/>\n<meta property=\"og:site_name\" content=\"El Diario - Bolivia\" \/>\n<meta property=\"article:publisher\" content=\"https:\/\/www.facebook.com\/eldiario.bolivia\/\" \/>\n<meta property=\"article:published_time\" content=\"2023-06-09T10:49:23+00:00\" \/>\n<meta property=\"og:image\" content=\"https:\/\/www.eldiario.net\/portal\/wp-content\/uploads\/2023\/06\/efecto-1-PRINCIPAL-scaled-1.jpeg\" \/>\n\t<meta property=\"og:image:width\" content=\"2560\" \/>\n\t<meta property=\"og:image:height\" content=\"1700\" \/>\n\t<meta property=\"og:image:type\" content=\"image\/jpeg\" \/>\n<meta name=\"author\" content=\"Jeanette\" \/>\n<meta name=\"twitter:card\" content=\"summary_large_image\" \/>\n<meta name=\"twitter:creator\" content=\"@eldiario_net\" \/>\n<meta name=\"twitter:site\" content=\"@eldiario_net\" \/>\n<meta name=\"twitter:label1\" content=\"Escrito por\" \/>\n\t<meta name=\"twitter:data1\" content=\"Jeanette\" \/>\n\t<meta name=\"twitter:label2\" content=\"Tiempo de lectura\" \/>\n\t<meta name=\"twitter:data2\" content=\"5 minutos\" \/>\n<script type=\"application\/ld+json\" class=\"yoast-schema-graph\">{\"@context\":\"https:\\\/\\\/schema.org\",\"@graph\":[{\"@type\":\"Article\",\"@id\":\"https:\\\/\\\/www.eldiario.net\\\/portal\\\/2023\\\/06\\\/09\\\/efecto-mandarina-regresa-para-revivir-la-musica\\\/#article\",\"isPartOf\":{\"@id\":\"https:\\\/\\\/www.eldiario.net\\\/portal\\\/2023\\\/06\\\/09\\\/efecto-mandarina-regresa-para-revivir-la-musica\\\/\"},\"author\":{\"name\":\"Jeanette\",\"@id\":\"https:\\\/\\\/www.eldiario.net\\\/portal\\\/#\\\/schema\\\/person\\\/2c57cf2b7a7ae032e449e4c9b1019eac\"},\"headline\":\"Efecto Mandarina regresa para revivir la m\u00fasica\",\"datePublished\":\"2023-06-09T10:49:23+00:00\",\"mainEntityOfPage\":{\"@id\":\"https:\\\/\\\/www.eldiario.net\\\/portal\\\/2023\\\/06\\\/09\\\/efecto-mandarina-regresa-para-revivir-la-musica\\\/\"},\"wordCount\":1066,\"publisher\":{\"@id\":\"https:\\\/\\\/www.eldiario.net\\\/portal\\\/#organization\"},\"image\":{\"@id\":\"https:\\\/\\\/www.eldiario.net\\\/portal\\\/2023\\\/06\\\/09\\\/efecto-mandarina-regresa-para-revivir-la-musica\\\/#primaryimage\"},\"thumbnailUrl\":\"https:\\\/\\\/www.eldiario.net\\\/portal\\\/wp-content\\\/uploads\\\/2023\\\/06\\\/efecto-1-PRINCIPAL-scaled-1.jpeg\",\"articleSection\":[\"La Gu\u00eda\"],\"inLanguage\":\"es\"},{\"@type\":\"WebPage\",\"@id\":\"https:\\\/\\\/www.eldiario.net\\\/portal\\\/2023\\\/06\\\/09\\\/efecto-mandarina-regresa-para-revivir-la-musica\\\/\",\"url\":\"https:\\\/\\\/www.eldiario.net\\\/portal\\\/2023\\\/06\\\/09\\\/efecto-mandarina-regresa-para-revivir-la-musica\\\/\",\"name\":\"Efecto Mandarina regresa para revivir la m\u00fasica - El Diario - Bolivia\",\"isPartOf\":{\"@id\":\"https:\\\/\\\/www.eldiario.net\\\/portal\\\/#website\"},\"primaryImageOfPage\":{\"@id\":\"https:\\\/\\\/www.eldiario.net\\\/portal\\\/2023\\\/06\\\/09\\\/efecto-mandarina-regresa-para-revivir-la-musica\\\/#primaryimage\"},\"image\":{\"@id\":\"https:\\\/\\\/www.eldiario.net\\\/portal\\\/2023\\\/06\\\/09\\\/efecto-mandarina-regresa-para-revivir-la-musica\\\/#primaryimage\"},\"thumbnailUrl\":\"https:\\\/\\\/www.eldiario.net\\\/portal\\\/wp-content\\\/uploads\\\/2023\\\/06\\\/efecto-1-PRINCIPAL-scaled-1.jpeg\",\"datePublished\":\"2023-06-09T10:49:23+00:00\",\"breadcrumb\":{\"@id\":\"https:\\\/\\\/www.eldiario.net\\\/portal\\\/2023\\\/06\\\/09\\\/efecto-mandarina-regresa-para-revivir-la-musica\\\/#breadcrumb\"},\"inLanguage\":\"es\",\"potentialAction\":[{\"@type\":\"ReadAction\",\"target\":[\"https:\\\/\\\/www.eldiario.net\\\/portal\\\/2023\\\/06\\\/09\\\/efecto-mandarina-regresa-para-revivir-la-musica\\\/\"]}]},{\"@type\":\"ImageObject\",\"inLanguage\":\"es\",\"@id\":\"https:\\\/\\\/www.eldiario.net\\\/portal\\\/2023\\\/06\\\/09\\\/efecto-mandarina-regresa-para-revivir-la-musica\\\/#primaryimage\",\"url\":\"https:\\\/\\\/www.eldiario.net\\\/portal\\\/wp-content\\\/uploads\\\/2023\\\/06\\\/efecto-1-PRINCIPAL-scaled-1.jpeg\",\"contentUrl\":\"https:\\\/\\\/www.eldiario.net\\\/portal\\\/wp-content\\\/uploads\\\/2023\\\/06\\\/efecto-1-PRINCIPAL-scaled-1.jpeg\",\"width\":2560,\"height\":1700},{\"@type\":\"BreadcrumbList\",\"@id\":\"https:\\\/\\\/www.eldiario.net\\\/portal\\\/2023\\\/06\\\/09\\\/efecto-mandarina-regresa-para-revivir-la-musica\\\/#breadcrumb\",\"itemListElement\":[{\"@type\":\"ListItem\",\"position\":1,\"name\":\"Portada\",\"item\":\"https:\\\/\\\/www.eldiario.net\\\/portal\\\/\"},{\"@type\":\"ListItem\",\"position\":2,\"name\":\"Efecto Mandarina regresa para revivir la m\u00fasica\"}]},{\"@type\":\"WebSite\",\"@id\":\"https:\\\/\\\/www.eldiario.net\\\/portal\\\/#website\",\"url\":\"https:\\\/\\\/www.eldiario.net\\\/portal\\\/\",\"name\":\"El Diario - Decano de la prensa nacional\",\"description\":\"El Diario - Decano de la prensa nacional\",\"publisher\":{\"@id\":\"https:\\\/\\\/www.eldiario.net\\\/portal\\\/#organization\"},\"potentialAction\":[{\"@type\":\"SearchAction\",\"target\":{\"@type\":\"EntryPoint\",\"urlTemplate\":\"https:\\\/\\\/www.eldiario.net\\\/portal\\\/?s={search_term_string}\"},\"query-input\":{\"@type\":\"PropertyValueSpecification\",\"valueRequired\":true,\"valueName\":\"search_term_string\"}}],\"inLanguage\":\"es\"},{\"@type\":\"Organization\",\"@id\":\"https:\\\/\\\/www.eldiario.net\\\/portal\\\/#organization\",\"name\":\"El Diario - Decano de la prensa nacional\",\"url\":\"https:\\\/\\\/www.eldiario.net\\\/portal\\\/\",\"logo\":{\"@type\":\"ImageObject\",\"inLanguage\":\"es\",\"@id\":\"https:\\\/\\\/www.eldiario.net\\\/portal\\\/#\\\/schema\\\/logo\\\/image\\\/\",\"url\":\"https:\\\/\\\/www.eldiario.net\\\/portal\\\/wp-content\\\/uploads\\\/2023\\\/07\\\/logo_ED.jpg\",\"contentUrl\":\"https:\\\/\\\/www.eldiario.net\\\/portal\\\/wp-content\\\/uploads\\\/2023\\\/07\\\/logo_ED.jpg\",\"width\":272,\"height\":52,\"caption\":\"El Diario - Decano de la prensa nacional\"},\"image\":{\"@id\":\"https:\\\/\\\/www.eldiario.net\\\/portal\\\/#\\\/schema\\\/logo\\\/image\\\/\"},\"sameAs\":[\"https:\\\/\\\/www.facebook.com\\\/eldiario.bolivia\\\/\",\"https:\\\/\\\/x.com\\\/eldiario_net\"]},{\"@type\":\"Person\",\"@id\":\"https:\\\/\\\/www.eldiario.net\\\/portal\\\/#\\\/schema\\\/person\\\/2c57cf2b7a7ae032e449e4c9b1019eac\",\"name\":\"Jeanette\",\"image\":{\"@type\":\"ImageObject\",\"inLanguage\":\"es\",\"@id\":\"https:\\\/\\\/secure.gravatar.com\\\/avatar\\\/3ea2118a5f7dad2b7138b1187a6b7ee55f160b9968b66013c3a3ef39dd7e5798?s=96&d=mm&r=g\",\"url\":\"https:\\\/\\\/secure.gravatar.com\\\/avatar\\\/3ea2118a5f7dad2b7138b1187a6b7ee55f160b9968b66013c3a3ef39dd7e5798?s=96&d=mm&r=g\",\"contentUrl\":\"https:\\\/\\\/secure.gravatar.com\\\/avatar\\\/3ea2118a5f7dad2b7138b1187a6b7ee55f160b9968b66013c3a3ef39dd7e5798?s=96&d=mm&r=g\",\"caption\":\"Jeanette\"},\"sameAs\":[\"https:\\\/\\\/www.eldiario.net\\\/portal\"],\"url\":\"https:\\\/\\\/www.eldiario.net\\\/portal\\\/author\\\/jeanette\\\/\"}]}<\/script>\n<!-- \/ Yoast SEO plugin. -->","yoast_head_json":{"title":"Efecto Mandarina regresa para revivir la m\u00fasica - El Diario - Bolivia","robots":{"index":"index","follow":"follow","max-snippet":"max-snippet:-1","max-image-preview":"max-image-preview:large","max-video-preview":"max-video-preview:-1"},"canonical":"https:\/\/www.eldiario.net\/portal\/2023\/06\/09\/efecto-mandarina-regresa-para-revivir-la-musica\/","og_locale":"es_ES","og_type":"article","og_title":"Efecto Mandarina regresa para revivir la m\u00fasica - El Diario - Bolivia","og_description":"Efecto Mandarina ha decidido recomponer sus filas y realizar la Gira Nacional 2023. Esta fue una gran motivaci\u00f3n para que la banda boliviana componga y saque una nueva canci\u00f3n. Hablamos de \u201cAqu\u00ed\u201d, que marca un antes y un despu\u00e9s en la carrera musical de Efecto Mandarina. Pero es no es todo. La agrupaci\u00f3n est\u00e1 dando [&hellip;]","og_url":"https:\/\/www.eldiario.net\/portal\/2023\/06\/09\/efecto-mandarina-regresa-para-revivir-la-musica\/","og_site_name":"El Diario - Bolivia","article_publisher":"https:\/\/www.facebook.com\/eldiario.bolivia\/","article_published_time":"2023-06-09T10:49:23+00:00","og_image":[{"width":2560,"height":1700,"url":"https:\/\/www.eldiario.net\/portal\/wp-content\/uploads\/2023\/06\/efecto-1-PRINCIPAL-scaled-1.jpeg","type":"image\/jpeg"}],"author":"Jeanette","twitter_card":"summary_large_image","twitter_creator":"@eldiario_net","twitter_site":"@eldiario_net","twitter_misc":{"Escrito por":"Jeanette","Tiempo de lectura":"5 minutos"},"schema":{"@context":"https:\/\/schema.org","@graph":[{"@type":"Article","@id":"https:\/\/www.eldiario.net\/portal\/2023\/06\/09\/efecto-mandarina-regresa-para-revivir-la-musica\/#article","isPartOf":{"@id":"https:\/\/www.eldiario.net\/portal\/2023\/06\/09\/efecto-mandarina-regresa-para-revivir-la-musica\/"},"author":{"name":"Jeanette","@id":"https:\/\/www.eldiario.net\/portal\/#\/schema\/person\/2c57cf2b7a7ae032e449e4c9b1019eac"},"headline":"Efecto Mandarina regresa para revivir la m\u00fasica","datePublished":"2023-06-09T10:49:23+00:00","mainEntityOfPage":{"@id":"https:\/\/www.eldiario.net\/portal\/2023\/06\/09\/efecto-mandarina-regresa-para-revivir-la-musica\/"},"wordCount":1066,"publisher":{"@id":"https:\/\/www.eldiario.net\/portal\/#organization"},"image":{"@id":"https:\/\/www.eldiario.net\/portal\/2023\/06\/09\/efecto-mandarina-regresa-para-revivir-la-musica\/#primaryimage"},"thumbnailUrl":"https:\/\/www.eldiario.net\/portal\/wp-content\/uploads\/2023\/06\/efecto-1-PRINCIPAL-scaled-1.jpeg","articleSection":["La Gu\u00eda"],"inLanguage":"es"},{"@type":"WebPage","@id":"https:\/\/www.eldiario.net\/portal\/2023\/06\/09\/efecto-mandarina-regresa-para-revivir-la-musica\/","url":"https:\/\/www.eldiario.net\/portal\/2023\/06\/09\/efecto-mandarina-regresa-para-revivir-la-musica\/","name":"Efecto Mandarina regresa para revivir la m\u00fasica - El Diario - Bolivia","isPartOf":{"@id":"https:\/\/www.eldiario.net\/portal\/#website"},"primaryImageOfPage":{"@id":"https:\/\/www.eldiario.net\/portal\/2023\/06\/09\/efecto-mandarina-regresa-para-revivir-la-musica\/#primaryimage"},"image":{"@id":"https:\/\/www.eldiario.net\/portal\/2023\/06\/09\/efecto-mandarina-regresa-para-revivir-la-musica\/#primaryimage"},"thumbnailUrl":"https:\/\/www.eldiario.net\/portal\/wp-content\/uploads\/2023\/06\/efecto-1-PRINCIPAL-scaled-1.jpeg","datePublished":"2023-06-09T10:49:23+00:00","breadcrumb":{"@id":"https:\/\/www.eldiario.net\/portal\/2023\/06\/09\/efecto-mandarina-regresa-para-revivir-la-musica\/#breadcrumb"},"inLanguage":"es","potentialAction":[{"@type":"ReadAction","target":["https:\/\/www.eldiario.net\/portal\/2023\/06\/09\/efecto-mandarina-regresa-para-revivir-la-musica\/"]}]},{"@type":"ImageObject","inLanguage":"es","@id":"https:\/\/www.eldiario.net\/portal\/2023\/06\/09\/efecto-mandarina-regresa-para-revivir-la-musica\/#primaryimage","url":"https:\/\/www.eldiario.net\/portal\/wp-content\/uploads\/2023\/06\/efecto-1-PRINCIPAL-scaled-1.jpeg","contentUrl":"https:\/\/www.eldiario.net\/portal\/wp-content\/uploads\/2023\/06\/efecto-1-PRINCIPAL-scaled-1.jpeg","width":2560,"height":1700},{"@type":"BreadcrumbList","@id":"https:\/\/www.eldiario.net\/portal\/2023\/06\/09\/efecto-mandarina-regresa-para-revivir-la-musica\/#breadcrumb","itemListElement":[{"@type":"ListItem","position":1,"name":"Portada","item":"https:\/\/www.eldiario.net\/portal\/"},{"@type":"ListItem","position":2,"name":"Efecto Mandarina regresa para revivir la m\u00fasica"}]},{"@type":"WebSite","@id":"https:\/\/www.eldiario.net\/portal\/#website","url":"https:\/\/www.eldiario.net\/portal\/","name":"El Diario - Decano de la prensa nacional","description":"El Diario - Decano de la prensa nacional","publisher":{"@id":"https:\/\/www.eldiario.net\/portal\/#organization"},"potentialAction":[{"@type":"SearchAction","target":{"@type":"EntryPoint","urlTemplate":"https:\/\/www.eldiario.net\/portal\/?s={search_term_string}"},"query-input":{"@type":"PropertyValueSpecification","valueRequired":true,"valueName":"search_term_string"}}],"inLanguage":"es"},{"@type":"Organization","@id":"https:\/\/www.eldiario.net\/portal\/#organization","name":"El Diario - Decano de la prensa nacional","url":"https:\/\/www.eldiario.net\/portal\/","logo":{"@type":"ImageObject","inLanguage":"es","@id":"https:\/\/www.eldiario.net\/portal\/#\/schema\/logo\/image\/","url":"https:\/\/www.eldiario.net\/portal\/wp-content\/uploads\/2023\/07\/logo_ED.jpg","contentUrl":"https:\/\/www.eldiario.net\/portal\/wp-content\/uploads\/2023\/07\/logo_ED.jpg","width":272,"height":52,"caption":"El Diario - Decano de la prensa nacional"},"image":{"@id":"https:\/\/www.eldiario.net\/portal\/#\/schema\/logo\/image\/"},"sameAs":["https:\/\/www.facebook.com\/eldiario.bolivia\/","https:\/\/x.com\/eldiario_net"]},{"@type":"Person","@id":"https:\/\/www.eldiario.net\/portal\/#\/schema\/person\/2c57cf2b7a7ae032e449e4c9b1019eac","name":"Jeanette","image":{"@type":"ImageObject","inLanguage":"es","@id":"https:\/\/secure.gravatar.com\/avatar\/3ea2118a5f7dad2b7138b1187a6b7ee55f160b9968b66013c3a3ef39dd7e5798?s=96&d=mm&r=g","url":"https:\/\/secure.gravatar.com\/avatar\/3ea2118a5f7dad2b7138b1187a6b7ee55f160b9968b66013c3a3ef39dd7e5798?s=96&d=mm&r=g","contentUrl":"https:\/\/secure.gravatar.com\/avatar\/3ea2118a5f7dad2b7138b1187a6b7ee55f160b9968b66013c3a3ef39dd7e5798?s=96&d=mm&r=g","caption":"Jeanette"},"sameAs":["https:\/\/www.eldiario.net\/portal"],"url":"https:\/\/www.eldiario.net\/portal\/author\/jeanette\/"}]}},"_links":{"self":[{"href":"https:\/\/www.eldiario.net\/portal\/wp-json\/wp\/v2\/posts\/159051","targetHints":{"allow":["GET"]}}],"collection":[{"href":"https:\/\/www.eldiario.net\/portal\/wp-json\/wp\/v2\/posts"}],"about":[{"href":"https:\/\/www.eldiario.net\/portal\/wp-json\/wp\/v2\/types\/post"}],"author":[{"embeddable":true,"href":"https:\/\/www.eldiario.net\/portal\/wp-json\/wp\/v2\/users\/1"}],"replies":[{"embeddable":true,"href":"https:\/\/www.eldiario.net\/portal\/wp-json\/wp\/v2\/comments?post=159051"}],"version-history":[{"count":0,"href":"https:\/\/www.eldiario.net\/portal\/wp-json\/wp\/v2\/posts\/159051\/revisions"}],"wp:featuredmedia":[{"embeddable":true,"href":"https:\/\/www.eldiario.net\/portal\/wp-json\/wp\/v2\/media\/159052"}],"wp:attachment":[{"href":"https:\/\/www.eldiario.net\/portal\/wp-json\/wp\/v2\/media?parent=159051"}],"wp:term":[{"taxonomy":"category","embeddable":true,"href":"https:\/\/www.eldiario.net\/portal\/wp-json\/wp\/v2\/categories?post=159051"},{"taxonomy":"post_tag","embeddable":true,"href":"https:\/\/www.eldiario.net\/portal\/wp-json\/wp\/v2\/tags?post=159051"}],"curies":[{"name":"wp","href":"https:\/\/api.w.org\/{rel}","templated":true}]}}