{"id":159048,"date":"2023-06-09T06:47:33","date_gmt":"2023-06-09T10:47:33","guid":{"rendered":"https:\/\/www.eldiario.net\/portal\/?p=159048"},"modified":"2023-06-09T06:47:33","modified_gmt":"2023-06-09T10:47:33","slug":"recuperan-dos-cuerpos-ahogados-aun-hay-un-desaparecido-en-samaipata","status":"publish","type":"post","link":"https:\/\/www.eldiario.net\/portal\/2023\/06\/09\/recuperan-dos-cuerpos-ahogados-aun-hay-un-desaparecido-en-samaipata\/","title":{"rendered":"Recuperan dos cuerpos ahogados; a\u00fan hay un desaparecido en Samaipata"},"content":{"rendered":"<p>El personal de primera respuesta de la Direcci\u00f3n de Gesti\u00f3n de Riesgos de la Gobernaci\u00f3n de Santa Cruz logr\u00f3 recuperar dos cuerpos de sexo masculino, uno en r\u00edo Grande, a la altura de Puerto Benegas, municipio de Okinawa Uno, y otro en r\u00edo Blanco, municipio de San Javier, adem\u00e1s se report\u00f3 la desaparici\u00f3n de una persona en Samaipata.<\/p>\n<p>La secretaria departamental de Seguridad Ciudadana, Paola Weber, indic\u00f3 que en el inicio del mes de junio, primer semestre del presente a\u00f1o, dos personas de sexo masculino, entre las edades de 24 y 25 a\u00f1os perdieron la vida por ahogamiento en r\u00edos del departamento. Con los dos cuerpos recuperados ya suman 28 las personas reportadas como ahogadas en el departamento por diferentes circunstancias en lo que va del a\u00f1o, cifra cercana a la del a\u00f1o pasado, que fue de 31 fallecidos.<\/p>\n<p>\u201cInformar a la poblaci\u00f3n que en estas dos \u00faltimas semanas nuestro equipo de rescate de la Gobernaci\u00f3n ha realizado la b\u00fasqueda de dos personas desaparecidas en r\u00edo Blanco y r\u00edo Grande. Una en el municipio de San Javier, un joven de 24 a\u00f1os intent\u00f3 cruzar el r\u00edo y fue arrastrado por la corriente y lastimosamente falleci\u00f3. Se realiz\u00f3 la b\u00fasqueda de tres d\u00edas, con el Funsar de Concepci\u00f3n, se recuper\u00f3 el cuerpo y fue entregado a la Felcc. El d\u00eda de ayer, despu\u00e9s de tres d\u00edas de intensa b\u00fasqueda, el cuerpo de una persona de 25 a\u00f1os fue recuperado, en Okinawa, pasando el puente Benegas. El joven estaba pescando y no contaba con chalecos salvavidas, no cumpl\u00eda con las medias de seguridad\u201d, indic\u00f3.<\/p>\n<p>Asimismo, explic\u00f3 que se recibi\u00f3 el reporte de una persona desaparecida en la Localidad de Bermejo municipio Samaipata, quien habr\u00eda salido a trabajar a su chaco junto a otras personas. (Santa Cruz, agencias)<\/p>\n","protected":false},"excerpt":{"rendered":"<p>El personal de primera respuesta de la Direcci\u00f3n de Gesti\u00f3n de Riesgos de la Gobernaci\u00f3n de Santa Cruz logr\u00f3 recuperar dos cuerpos de sexo masculino, uno en r\u00edo Grande, a la altura de Puerto Benegas, municipio de Okinawa Uno, y otro en r\u00edo Blanco, municipio de San Javier, adem\u00e1s se report\u00f3 la desaparici\u00f3n de una [&hellip;]<\/p>\n","protected":false},"author":1,"featured_media":159049,"comment_status":"closed","ping_status":"closed","sticky":false,"template":"","format":"standard","meta":{"_acf_changed":false,"footnotes":""},"categories":[12],"tags":[],"class_list":["post-159048","post","type-post","status-publish","format-standard","has-post-thumbnail","category-nacional"],"acf":{"antetitulo":""},"yoast_head":"<!-- This site is optimized with the Yoast SEO plugin v28.4 - https:\/\/yoast.com\/product\/yoast-seo-wordpress\/ -->\n<title>Recuperan dos cuerpos ahogados; a\u00fan hay un desaparecido en Samaipata - El Diario - Bolivia<\/title>\n<meta name=\"robots\" content=\"index, follow, max-snippet:-1, max-image-preview:large, max-video-preview:-1\" \/>\n<link rel=\"canonical\" href=\"https:\/\/www.eldiario.net\/portal\/2023\/06\/09\/recuperan-dos-cuerpos-ahogados-aun-hay-un-desaparecido-en-samaipata\/\" \/>\n<meta property=\"og:locale\" content=\"es_ES\" \/>\n<meta property=\"og:type\" content=\"article\" \/>\n<meta property=\"og:title\" content=\"Recuperan dos cuerpos ahogados; a\u00fan hay un desaparecido en Samaipata - El Diario - Bolivia\" \/>\n<meta property=\"og:description\" content=\"El personal de primera respuesta de la Direcci\u00f3n de Gesti\u00f3n de Riesgos de la Gobernaci\u00f3n de Santa Cruz logr\u00f3 recuperar dos cuerpos de sexo masculino, uno en r\u00edo Grande, a la altura de Puerto Benegas, municipio de Okinawa Uno, y otro en r\u00edo Blanco, municipio de San Javier, adem\u00e1s se report\u00f3 la desaparici\u00f3n de una [&hellip;]\" \/>\n<meta property=\"og:url\" content=\"https:\/\/www.eldiario.net\/portal\/2023\/06\/09\/recuperan-dos-cuerpos-ahogados-aun-hay-un-desaparecido-en-samaipata\/\" \/>\n<meta property=\"og:site_name\" content=\"El Diario - Bolivia\" \/>\n<meta property=\"article:publisher\" content=\"https:\/\/www.facebook.com\/eldiario.bolivia\/\" \/>\n<meta property=\"article:published_time\" content=\"2023-06-09T10:47:33+00:00\" \/>\n<meta property=\"og:image\" content=\"https:\/\/www.eldiario.net\/portal\/wp-content\/uploads\/2023\/06\/CUERPOS-FOTO.jpeg\" \/>\n\t<meta property=\"og:image:width\" content=\"1280\" \/>\n\t<meta property=\"og:image:height\" content=\"1118\" \/>\n\t<meta property=\"og:image:type\" content=\"image\/jpeg\" \/>\n<meta name=\"author\" content=\"Jeanette\" \/>\n<meta name=\"twitter:card\" content=\"summary_large_image\" \/>\n<meta name=\"twitter:creator\" content=\"@eldiario_net\" \/>\n<meta name=\"twitter:site\" content=\"@eldiario_net\" \/>\n<meta name=\"twitter:label1\" content=\"Escrito por\" \/>\n\t<meta name=\"twitter:data1\" content=\"Jeanette\" \/>\n\t<meta name=\"twitter:label2\" content=\"Tiempo de lectura\" \/>\n\t<meta name=\"twitter:data2\" content=\"2 minutos\" \/>\n<script type=\"application\/ld+json\" class=\"yoast-schema-graph\">{\"@context\":\"https:\\\/\\\/schema.org\",\"@graph\":[{\"@type\":\"Article\",\"@id\":\"https:\\\/\\\/www.eldiario.net\\\/portal\\\/2023\\\/06\\\/09\\\/recuperan-dos-cuerpos-ahogados-aun-hay-un-desaparecido-en-samaipata\\\/#article\",\"isPartOf\":{\"@id\":\"https:\\\/\\\/www.eldiario.net\\\/portal\\\/2023\\\/06\\\/09\\\/recuperan-dos-cuerpos-ahogados-aun-hay-un-desaparecido-en-samaipata\\\/\"},\"author\":{\"name\":\"Jeanette\",\"@id\":\"https:\\\/\\\/www.eldiario.net\\\/portal\\\/#\\\/schema\\\/person\\\/2c57cf2b7a7ae032e449e4c9b1019eac\"},\"headline\":\"Recuperan dos cuerpos ahogados; a\u00fan hay un desaparecido en Samaipata\",\"datePublished\":\"2023-06-09T10:47:33+00:00\",\"mainEntityOfPage\":{\"@id\":\"https:\\\/\\\/www.eldiario.net\\\/portal\\\/2023\\\/06\\\/09\\\/recuperan-dos-cuerpos-ahogados-aun-hay-un-desaparecido-en-samaipata\\\/\"},\"wordCount\":329,\"publisher\":{\"@id\":\"https:\\\/\\\/www.eldiario.net\\\/portal\\\/#organization\"},\"image\":{\"@id\":\"https:\\\/\\\/www.eldiario.net\\\/portal\\\/2023\\\/06\\\/09\\\/recuperan-dos-cuerpos-ahogados-aun-hay-un-desaparecido-en-samaipata\\\/#primaryimage\"},\"thumbnailUrl\":\"https:\\\/\\\/www.eldiario.net\\\/portal\\\/wp-content\\\/uploads\\\/2023\\\/06\\\/CUERPOS-FOTO.jpeg\",\"articleSection\":[\"Nacional\"],\"inLanguage\":\"es\"},{\"@type\":\"WebPage\",\"@id\":\"https:\\\/\\\/www.eldiario.net\\\/portal\\\/2023\\\/06\\\/09\\\/recuperan-dos-cuerpos-ahogados-aun-hay-un-desaparecido-en-samaipata\\\/\",\"url\":\"https:\\\/\\\/www.eldiario.net\\\/portal\\\/2023\\\/06\\\/09\\\/recuperan-dos-cuerpos-ahogados-aun-hay-un-desaparecido-en-samaipata\\\/\",\"name\":\"Recuperan dos cuerpos ahogados; a\u00fan hay un desaparecido en Samaipata - El Diario - Bolivia\",\"isPartOf\":{\"@id\":\"https:\\\/\\\/www.eldiario.net\\\/portal\\\/#website\"},\"primaryImageOfPage\":{\"@id\":\"https:\\\/\\\/www.eldiario.net\\\/portal\\\/2023\\\/06\\\/09\\\/recuperan-dos-cuerpos-ahogados-aun-hay-un-desaparecido-en-samaipata\\\/#primaryimage\"},\"image\":{\"@id\":\"https:\\\/\\\/www.eldiario.net\\\/portal\\\/2023\\\/06\\\/09\\\/recuperan-dos-cuerpos-ahogados-aun-hay-un-desaparecido-en-samaipata\\\/#primaryimage\"},\"thumbnailUrl\":\"https:\\\/\\\/www.eldiario.net\\\/portal\\\/wp-content\\\/uploads\\\/2023\\\/06\\\/CUERPOS-FOTO.jpeg\",\"datePublished\":\"2023-06-09T10:47:33+00:00\",\"breadcrumb\":{\"@id\":\"https:\\\/\\\/www.eldiario.net\\\/portal\\\/2023\\\/06\\\/09\\\/recuperan-dos-cuerpos-ahogados-aun-hay-un-desaparecido-en-samaipata\\\/#breadcrumb\"},\"inLanguage\":\"es\",\"potentialAction\":[{\"@type\":\"ReadAction\",\"target\":[\"https:\\\/\\\/www.eldiario.net\\\/portal\\\/2023\\\/06\\\/09\\\/recuperan-dos-cuerpos-ahogados-aun-hay-un-desaparecido-en-samaipata\\\/\"]}]},{\"@type\":\"ImageObject\",\"inLanguage\":\"es\",\"@id\":\"https:\\\/\\\/www.eldiario.net\\\/portal\\\/2023\\\/06\\\/09\\\/recuperan-dos-cuerpos-ahogados-aun-hay-un-desaparecido-en-samaipata\\\/#primaryimage\",\"url\":\"https:\\\/\\\/www.eldiario.net\\\/portal\\\/wp-content\\\/uploads\\\/2023\\\/06\\\/CUERPOS-FOTO.jpeg\",\"contentUrl\":\"https:\\\/\\\/www.eldiario.net\\\/portal\\\/wp-content\\\/uploads\\\/2023\\\/06\\\/CUERPOS-FOTO.jpeg\",\"width\":1280,\"height\":1118,\"caption\":\"PERSONAL DE RESCATE CON UNO DE LOS CUERPOS RECUPERADOS. FOTO: GSTC\"},{\"@type\":\"BreadcrumbList\",\"@id\":\"https:\\\/\\\/www.eldiario.net\\\/portal\\\/2023\\\/06\\\/09\\\/recuperan-dos-cuerpos-ahogados-aun-hay-un-desaparecido-en-samaipata\\\/#breadcrumb\",\"itemListElement\":[{\"@type\":\"ListItem\",\"position\":1,\"name\":\"Portada\",\"item\":\"https:\\\/\\\/www.eldiario.net\\\/portal\\\/\"},{\"@type\":\"ListItem\",\"position\":2,\"name\":\"Recuperan dos cuerpos ahogados; a\u00fan hay un desaparecido en Samaipata\"}]},{\"@type\":\"WebSite\",\"@id\":\"https:\\\/\\\/www.eldiario.net\\\/portal\\\/#website\",\"url\":\"https:\\\/\\\/www.eldiario.net\\\/portal\\\/\",\"name\":\"El Diario - Decano de la prensa nacional\",\"description\":\"El Diario - Decano de la prensa nacional\",\"publisher\":{\"@id\":\"https:\\\/\\\/www.eldiario.net\\\/portal\\\/#organization\"},\"potentialAction\":[{\"@type\":\"SearchAction\",\"target\":{\"@type\":\"EntryPoint\",\"urlTemplate\":\"https:\\\/\\\/www.eldiario.net\\\/portal\\\/?s={search_term_string}\"},\"query-input\":{\"@type\":\"PropertyValueSpecification\",\"valueRequired\":true,\"valueName\":\"search_term_string\"}}],\"inLanguage\":\"es\"},{\"@type\":\"Organization\",\"@id\":\"https:\\\/\\\/www.eldiario.net\\\/portal\\\/#organization\",\"name\":\"El Diario - Decano de la prensa nacional\",\"url\":\"https:\\\/\\\/www.eldiario.net\\\/portal\\\/\",\"logo\":{\"@type\":\"ImageObject\",\"inLanguage\":\"es\",\"@id\":\"https:\\\/\\\/www.eldiario.net\\\/portal\\\/#\\\/schema\\\/logo\\\/image\\\/\",\"url\":\"https:\\\/\\\/www.eldiario.net\\\/portal\\\/wp-content\\\/uploads\\\/2023\\\/07\\\/logo_ED.jpg\",\"contentUrl\":\"https:\\\/\\\/www.eldiario.net\\\/portal\\\/wp-content\\\/uploads\\\/2023\\\/07\\\/logo_ED.jpg\",\"width\":272,\"height\":52,\"caption\":\"El Diario - Decano de la prensa nacional\"},\"image\":{\"@id\":\"https:\\\/\\\/www.eldiario.net\\\/portal\\\/#\\\/schema\\\/logo\\\/image\\\/\"},\"sameAs\":[\"https:\\\/\\\/www.facebook.com\\\/eldiario.bolivia\\\/\",\"https:\\\/\\\/x.com\\\/eldiario_net\"]},{\"@type\":\"Person\",\"@id\":\"https:\\\/\\\/www.eldiario.net\\\/portal\\\/#\\\/schema\\\/person\\\/2c57cf2b7a7ae032e449e4c9b1019eac\",\"name\":\"Jeanette\",\"image\":{\"@type\":\"ImageObject\",\"inLanguage\":\"es\",\"@id\":\"https:\\\/\\\/secure.gravatar.com\\\/avatar\\\/3ea2118a5f7dad2b7138b1187a6b7ee55f160b9968b66013c3a3ef39dd7e5798?s=96&d=mm&r=g\",\"url\":\"https:\\\/\\\/secure.gravatar.com\\\/avatar\\\/3ea2118a5f7dad2b7138b1187a6b7ee55f160b9968b66013c3a3ef39dd7e5798?s=96&d=mm&r=g\",\"contentUrl\":\"https:\\\/\\\/secure.gravatar.com\\\/avatar\\\/3ea2118a5f7dad2b7138b1187a6b7ee55f160b9968b66013c3a3ef39dd7e5798?s=96&d=mm&r=g\",\"caption\":\"Jeanette\"},\"sameAs\":[\"https:\\\/\\\/www.eldiario.net\\\/portal\"],\"url\":\"https:\\\/\\\/www.eldiario.net\\\/portal\\\/author\\\/jeanette\\\/\"}]}<\/script>\n<!-- \/ Yoast SEO plugin. -->","yoast_head_json":{"title":"Recuperan dos cuerpos ahogados; a\u00fan hay un desaparecido en Samaipata - El Diario - Bolivia","robots":{"index":"index","follow":"follow","max-snippet":"max-snippet:-1","max-image-preview":"max-image-preview:large","max-video-preview":"max-video-preview:-1"},"canonical":"https:\/\/www.eldiario.net\/portal\/2023\/06\/09\/recuperan-dos-cuerpos-ahogados-aun-hay-un-desaparecido-en-samaipata\/","og_locale":"es_ES","og_type":"article","og_title":"Recuperan dos cuerpos ahogados; a\u00fan hay un desaparecido en Samaipata - El Diario - Bolivia","og_description":"El personal de primera respuesta de la Direcci\u00f3n de Gesti\u00f3n de Riesgos de la Gobernaci\u00f3n de Santa Cruz logr\u00f3 recuperar dos cuerpos de sexo masculino, uno en r\u00edo Grande, a la altura de Puerto Benegas, municipio de Okinawa Uno, y otro en r\u00edo Blanco, municipio de San Javier, adem\u00e1s se report\u00f3 la desaparici\u00f3n de una [&hellip;]","og_url":"https:\/\/www.eldiario.net\/portal\/2023\/06\/09\/recuperan-dos-cuerpos-ahogados-aun-hay-un-desaparecido-en-samaipata\/","og_site_name":"El Diario - Bolivia","article_publisher":"https:\/\/www.facebook.com\/eldiario.bolivia\/","article_published_time":"2023-06-09T10:47:33+00:00","og_image":[{"width":1280,"height":1118,"url":"https:\/\/www.eldiario.net\/portal\/wp-content\/uploads\/2023\/06\/CUERPOS-FOTO.jpeg","type":"image\/jpeg"}],"author":"Jeanette","twitter_card":"summary_large_image","twitter_creator":"@eldiario_net","twitter_site":"@eldiario_net","twitter_misc":{"Escrito por":"Jeanette","Tiempo de lectura":"2 minutos"},"schema":{"@context":"https:\/\/schema.org","@graph":[{"@type":"Article","@id":"https:\/\/www.eldiario.net\/portal\/2023\/06\/09\/recuperan-dos-cuerpos-ahogados-aun-hay-un-desaparecido-en-samaipata\/#article","isPartOf":{"@id":"https:\/\/www.eldiario.net\/portal\/2023\/06\/09\/recuperan-dos-cuerpos-ahogados-aun-hay-un-desaparecido-en-samaipata\/"},"author":{"name":"Jeanette","@id":"https:\/\/www.eldiario.net\/portal\/#\/schema\/person\/2c57cf2b7a7ae032e449e4c9b1019eac"},"headline":"Recuperan dos cuerpos ahogados; a\u00fan hay un desaparecido en Samaipata","datePublished":"2023-06-09T10:47:33+00:00","mainEntityOfPage":{"@id":"https:\/\/www.eldiario.net\/portal\/2023\/06\/09\/recuperan-dos-cuerpos-ahogados-aun-hay-un-desaparecido-en-samaipata\/"},"wordCount":329,"publisher":{"@id":"https:\/\/www.eldiario.net\/portal\/#organization"},"image":{"@id":"https:\/\/www.eldiario.net\/portal\/2023\/06\/09\/recuperan-dos-cuerpos-ahogados-aun-hay-un-desaparecido-en-samaipata\/#primaryimage"},"thumbnailUrl":"https:\/\/www.eldiario.net\/portal\/wp-content\/uploads\/2023\/06\/CUERPOS-FOTO.jpeg","articleSection":["Nacional"],"inLanguage":"es"},{"@type":"WebPage","@id":"https:\/\/www.eldiario.net\/portal\/2023\/06\/09\/recuperan-dos-cuerpos-ahogados-aun-hay-un-desaparecido-en-samaipata\/","url":"https:\/\/www.eldiario.net\/portal\/2023\/06\/09\/recuperan-dos-cuerpos-ahogados-aun-hay-un-desaparecido-en-samaipata\/","name":"Recuperan dos cuerpos ahogados; a\u00fan hay un desaparecido en Samaipata - El Diario - Bolivia","isPartOf":{"@id":"https:\/\/www.eldiario.net\/portal\/#website"},"primaryImageOfPage":{"@id":"https:\/\/www.eldiario.net\/portal\/2023\/06\/09\/recuperan-dos-cuerpos-ahogados-aun-hay-un-desaparecido-en-samaipata\/#primaryimage"},"image":{"@id":"https:\/\/www.eldiario.net\/portal\/2023\/06\/09\/recuperan-dos-cuerpos-ahogados-aun-hay-un-desaparecido-en-samaipata\/#primaryimage"},"thumbnailUrl":"https:\/\/www.eldiario.net\/portal\/wp-content\/uploads\/2023\/06\/CUERPOS-FOTO.jpeg","datePublished":"2023-06-09T10:47:33+00:00","breadcrumb":{"@id":"https:\/\/www.eldiario.net\/portal\/2023\/06\/09\/recuperan-dos-cuerpos-ahogados-aun-hay-un-desaparecido-en-samaipata\/#breadcrumb"},"inLanguage":"es","potentialAction":[{"@type":"ReadAction","target":["https:\/\/www.eldiario.net\/portal\/2023\/06\/09\/recuperan-dos-cuerpos-ahogados-aun-hay-un-desaparecido-en-samaipata\/"]}]},{"@type":"ImageObject","inLanguage":"es","@id":"https:\/\/www.eldiario.net\/portal\/2023\/06\/09\/recuperan-dos-cuerpos-ahogados-aun-hay-un-desaparecido-en-samaipata\/#primaryimage","url":"https:\/\/www.eldiario.net\/portal\/wp-content\/uploads\/2023\/06\/CUERPOS-FOTO.jpeg","contentUrl":"https:\/\/www.eldiario.net\/portal\/wp-content\/uploads\/2023\/06\/CUERPOS-FOTO.jpeg","width":1280,"height":1118,"caption":"PERSONAL DE RESCATE CON UNO DE LOS CUERPOS RECUPERADOS. FOTO: GSTC"},{"@type":"BreadcrumbList","@id":"https:\/\/www.eldiario.net\/portal\/2023\/06\/09\/recuperan-dos-cuerpos-ahogados-aun-hay-un-desaparecido-en-samaipata\/#breadcrumb","itemListElement":[{"@type":"ListItem","position":1,"name":"Portada","item":"https:\/\/www.eldiario.net\/portal\/"},{"@type":"ListItem","position":2,"name":"Recuperan dos cuerpos ahogados; a\u00fan hay un desaparecido en Samaipata"}]},{"@type":"WebSite","@id":"https:\/\/www.eldiario.net\/portal\/#website","url":"https:\/\/www.eldiario.net\/portal\/","name":"El Diario - Decano de la prensa nacional","description":"El Diario - Decano de la prensa nacional","publisher":{"@id":"https:\/\/www.eldiario.net\/portal\/#organization"},"potentialAction":[{"@type":"SearchAction","target":{"@type":"EntryPoint","urlTemplate":"https:\/\/www.eldiario.net\/portal\/?s={search_term_string}"},"query-input":{"@type":"PropertyValueSpecification","valueRequired":true,"valueName":"search_term_string"}}],"inLanguage":"es"},{"@type":"Organization","@id":"https:\/\/www.eldiario.net\/portal\/#organization","name":"El Diario - Decano de la prensa nacional","url":"https:\/\/www.eldiario.net\/portal\/","logo":{"@type":"ImageObject","inLanguage":"es","@id":"https:\/\/www.eldiario.net\/portal\/#\/schema\/logo\/image\/","url":"https:\/\/www.eldiario.net\/portal\/wp-content\/uploads\/2023\/07\/logo_ED.jpg","contentUrl":"https:\/\/www.eldiario.net\/portal\/wp-content\/uploads\/2023\/07\/logo_ED.jpg","width":272,"height":52,"caption":"El Diario - Decano de la prensa nacional"},"image":{"@id":"https:\/\/www.eldiario.net\/portal\/#\/schema\/logo\/image\/"},"sameAs":["https:\/\/www.facebook.com\/eldiario.bolivia\/","https:\/\/x.com\/eldiario_net"]},{"@type":"Person","@id":"https:\/\/www.eldiario.net\/portal\/#\/schema\/person\/2c57cf2b7a7ae032e449e4c9b1019eac","name":"Jeanette","image":{"@type":"ImageObject","inLanguage":"es","@id":"https:\/\/secure.gravatar.com\/avatar\/3ea2118a5f7dad2b7138b1187a6b7ee55f160b9968b66013c3a3ef39dd7e5798?s=96&d=mm&r=g","url":"https:\/\/secure.gravatar.com\/avatar\/3ea2118a5f7dad2b7138b1187a6b7ee55f160b9968b66013c3a3ef39dd7e5798?s=96&d=mm&r=g","contentUrl":"https:\/\/secure.gravatar.com\/avatar\/3ea2118a5f7dad2b7138b1187a6b7ee55f160b9968b66013c3a3ef39dd7e5798?s=96&d=mm&r=g","caption":"Jeanette"},"sameAs":["https:\/\/www.eldiario.net\/portal"],"url":"https:\/\/www.eldiario.net\/portal\/author\/jeanette\/"}]}},"_links":{"self":[{"href":"https:\/\/www.eldiario.net\/portal\/wp-json\/wp\/v2\/posts\/159048","targetHints":{"allow":["GET"]}}],"collection":[{"href":"https:\/\/www.eldiario.net\/portal\/wp-json\/wp\/v2\/posts"}],"about":[{"href":"https:\/\/www.eldiario.net\/portal\/wp-json\/wp\/v2\/types\/post"}],"author":[{"embeddable":true,"href":"https:\/\/www.eldiario.net\/portal\/wp-json\/wp\/v2\/users\/1"}],"replies":[{"embeddable":true,"href":"https:\/\/www.eldiario.net\/portal\/wp-json\/wp\/v2\/comments?post=159048"}],"version-history":[{"count":0,"href":"https:\/\/www.eldiario.net\/portal\/wp-json\/wp\/v2\/posts\/159048\/revisions"}],"wp:featuredmedia":[{"embeddable":true,"href":"https:\/\/www.eldiario.net\/portal\/wp-json\/wp\/v2\/media\/159049"}],"wp:attachment":[{"href":"https:\/\/www.eldiario.net\/portal\/wp-json\/wp\/v2\/media?parent=159048"}],"wp:term":[{"taxonomy":"category","embeddable":true,"href":"https:\/\/www.eldiario.net\/portal\/wp-json\/wp\/v2\/categories?post=159048"},{"taxonomy":"post_tag","embeddable":true,"href":"https:\/\/www.eldiario.net\/portal\/wp-json\/wp\/v2\/tags?post=159048"}],"curies":[{"name":"wp","href":"https:\/\/api.w.org\/{rel}","templated":true}]}}