{"id":159045,"date":"2023-06-09T06:46:48","date_gmt":"2023-06-09T10:46:48","guid":{"rendered":"https:\/\/www.eldiario.net\/portal\/?p=159045"},"modified":"2023-06-09T06:46:48","modified_gmt":"2023-06-09T10:46:48","slug":"446-brigadas-se-desplazaran-en-campana-contra-rabia-canina","status":"publish","type":"post","link":"https:\/\/www.eldiario.net\/portal\/2023\/06\/09\/446-brigadas-se-desplazaran-en-campana-contra-rabia-canina\/","title":{"rendered":"446 brigadas se desplazar\u00e1n en campa\u00f1a contra rabia canina"},"content":{"rendered":"<p>Un total de 446 brigadas ser\u00e1n desplazadas por todos los distritos del municipio de Sucre este domingo, para vacunar a perros y gatos y de esa manera prevenir la propagaci\u00f3n de la rabia.<\/p>\n<p>Un total de 100.000 dosis de vacunas est\u00e1n destinadas a la cobertura de esta campa\u00f1a adelantada de agosto a junio debido al aumento de casos de rabia en la capital. La vacunaci\u00f3n se desarrollar\u00e1 desde las 8:00 hasta las 16:00 horas.<\/p>\n<p>Para esta campa\u00f1a se realiz\u00f3 una inversi\u00f3n total de Bs 356.086 entre la Gobernaci\u00f3n de Chuquisaca, a trav\u00e9s del Servicio Departamental de Salud (Sedes), el Ministerio de Salud y la Direcci\u00f3n Municipal de Salud (Dimusa).<\/p>\n<p>Para los distritos rurales de Sucre se brindar\u00e1 una cobertura de vacunaci\u00f3n m\u00e1s amplia, a partir del 11 junio hasta el 2 de julio.<\/p>\n<p>La campa\u00f1a se realiza gracias al trabajo interinstitucional entre la Gobernaci\u00f3n de Chuquisaca, el Ministerio de Salud, el Gobierno Municipal de Sucre, el Senasag, la Cruz Roja, las Fuerzas Armadas, la Universidad San Francisco Xavier de Chuquisaca y el Colegio de Veterinarios. (Sucre, agencias)<\/p>\n","protected":false},"excerpt":{"rendered":"<p>Un total de 446 brigadas ser\u00e1n desplazadas por todos los distritos del municipio de Sucre este domingo, para vacunar a perros y gatos y de esa manera prevenir la propagaci\u00f3n de la rabia. Un total de 100.000 dosis de vacunas est\u00e1n destinadas a la cobertura de esta campa\u00f1a adelantada de agosto a junio debido al [&hellip;]<\/p>\n","protected":false},"author":1,"featured_media":159046,"comment_status":"closed","ping_status":"closed","sticky":false,"template":"","format":"standard","meta":{"_acf_changed":false,"footnotes":""},"categories":[12],"tags":[],"class_list":["post-159045","post","type-post","status-publish","format-standard","has-post-thumbnail","category-nacional"],"acf":{"antetitulo":""},"yoast_head":"<!-- This site is optimized with the Yoast SEO plugin v28.4 - https:\/\/yoast.com\/product\/yoast-seo-wordpress\/ -->\n<title>446 brigadas se desplazar\u00e1n en campa\u00f1a contra rabia canina - El Diario - Bolivia<\/title>\n<meta name=\"robots\" content=\"index, follow, max-snippet:-1, max-image-preview:large, max-video-preview:-1\" \/>\n<link rel=\"canonical\" href=\"https:\/\/www.eldiario.net\/portal\/2023\/06\/09\/446-brigadas-se-desplazaran-en-campana-contra-rabia-canina\/\" \/>\n<meta property=\"og:locale\" content=\"es_ES\" \/>\n<meta property=\"og:type\" content=\"article\" \/>\n<meta property=\"og:title\" content=\"446 brigadas se desplazar\u00e1n en campa\u00f1a contra rabia canina - El Diario - Bolivia\" \/>\n<meta property=\"og:description\" content=\"Un total de 446 brigadas ser\u00e1n desplazadas por todos los distritos del municipio de Sucre este domingo, para vacunar a perros y gatos y de esa manera prevenir la propagaci\u00f3n de la rabia. Un total de 100.000 dosis de vacunas est\u00e1n destinadas a la cobertura de esta campa\u00f1a adelantada de agosto a junio debido al [&hellip;]\" \/>\n<meta property=\"og:url\" content=\"https:\/\/www.eldiario.net\/portal\/2023\/06\/09\/446-brigadas-se-desplazaran-en-campana-contra-rabia-canina\/\" \/>\n<meta property=\"og:site_name\" content=\"El Diario - Bolivia\" \/>\n<meta property=\"article:publisher\" content=\"https:\/\/www.facebook.com\/eldiario.bolivia\/\" \/>\n<meta property=\"article:published_time\" content=\"2023-06-09T10:46:48+00:00\" \/>\n<meta property=\"og:image\" content=\"https:\/\/www.eldiario.net\/portal\/wp-content\/uploads\/2023\/06\/MASCOTAS-FOTO.jpeg\" \/>\n\t<meta property=\"og:image:width\" content=\"1238\" \/>\n\t<meta property=\"og:image:height\" content=\"985\" \/>\n\t<meta property=\"og:image:type\" content=\"image\/jpeg\" \/>\n<meta name=\"author\" content=\"Jeanette\" \/>\n<meta name=\"twitter:card\" content=\"summary_large_image\" \/>\n<meta name=\"twitter:creator\" content=\"@eldiario_net\" \/>\n<meta name=\"twitter:site\" content=\"@eldiario_net\" \/>\n<meta name=\"twitter:label1\" content=\"Escrito por\" \/>\n\t<meta name=\"twitter:data1\" content=\"Jeanette\" \/>\n\t<meta name=\"twitter:label2\" content=\"Tiempo de lectura\" \/>\n\t<meta name=\"twitter:data2\" content=\"1 minuto\" \/>\n<script type=\"application\/ld+json\" class=\"yoast-schema-graph\">{\"@context\":\"https:\\\/\\\/schema.org\",\"@graph\":[{\"@type\":\"Article\",\"@id\":\"https:\\\/\\\/www.eldiario.net\\\/portal\\\/2023\\\/06\\\/09\\\/446-brigadas-se-desplazaran-en-campana-contra-rabia-canina\\\/#article\",\"isPartOf\":{\"@id\":\"https:\\\/\\\/www.eldiario.net\\\/portal\\\/2023\\\/06\\\/09\\\/446-brigadas-se-desplazaran-en-campana-contra-rabia-canina\\\/\"},\"author\":{\"name\":\"Jeanette\",\"@id\":\"https:\\\/\\\/www.eldiario.net\\\/portal\\\/#\\\/schema\\\/person\\\/2c57cf2b7a7ae032e449e4c9b1019eac\"},\"headline\":\"446 brigadas se desplazar\u00e1n en campa\u00f1a contra rabia canina\",\"datePublished\":\"2023-06-09T10:46:48+00:00\",\"mainEntityOfPage\":{\"@id\":\"https:\\\/\\\/www.eldiario.net\\\/portal\\\/2023\\\/06\\\/09\\\/446-brigadas-se-desplazaran-en-campana-contra-rabia-canina\\\/\"},\"wordCount\":194,\"publisher\":{\"@id\":\"https:\\\/\\\/www.eldiario.net\\\/portal\\\/#organization\"},\"image\":{\"@id\":\"https:\\\/\\\/www.eldiario.net\\\/portal\\\/2023\\\/06\\\/09\\\/446-brigadas-se-desplazaran-en-campana-contra-rabia-canina\\\/#primaryimage\"},\"thumbnailUrl\":\"https:\\\/\\\/www.eldiario.net\\\/portal\\\/wp-content\\\/uploads\\\/2023\\\/06\\\/MASCOTAS-FOTO.jpeg\",\"articleSection\":[\"Nacional\"],\"inLanguage\":\"es\"},{\"@type\":\"WebPage\",\"@id\":\"https:\\\/\\\/www.eldiario.net\\\/portal\\\/2023\\\/06\\\/09\\\/446-brigadas-se-desplazaran-en-campana-contra-rabia-canina\\\/\",\"url\":\"https:\\\/\\\/www.eldiario.net\\\/portal\\\/2023\\\/06\\\/09\\\/446-brigadas-se-desplazaran-en-campana-contra-rabia-canina\\\/\",\"name\":\"446 brigadas se desplazar\u00e1n en campa\u00f1a contra rabia canina - El Diario - Bolivia\",\"isPartOf\":{\"@id\":\"https:\\\/\\\/www.eldiario.net\\\/portal\\\/#website\"},\"primaryImageOfPage\":{\"@id\":\"https:\\\/\\\/www.eldiario.net\\\/portal\\\/2023\\\/06\\\/09\\\/446-brigadas-se-desplazaran-en-campana-contra-rabia-canina\\\/#primaryimage\"},\"image\":{\"@id\":\"https:\\\/\\\/www.eldiario.net\\\/portal\\\/2023\\\/06\\\/09\\\/446-brigadas-se-desplazaran-en-campana-contra-rabia-canina\\\/#primaryimage\"},\"thumbnailUrl\":\"https:\\\/\\\/www.eldiario.net\\\/portal\\\/wp-content\\\/uploads\\\/2023\\\/06\\\/MASCOTAS-FOTO.jpeg\",\"datePublished\":\"2023-06-09T10:46:48+00:00\",\"breadcrumb\":{\"@id\":\"https:\\\/\\\/www.eldiario.net\\\/portal\\\/2023\\\/06\\\/09\\\/446-brigadas-se-desplazaran-en-campana-contra-rabia-canina\\\/#breadcrumb\"},\"inLanguage\":\"es\",\"potentialAction\":[{\"@type\":\"ReadAction\",\"target\":[\"https:\\\/\\\/www.eldiario.net\\\/portal\\\/2023\\\/06\\\/09\\\/446-brigadas-se-desplazaran-en-campana-contra-rabia-canina\\\/\"]}]},{\"@type\":\"ImageObject\",\"inLanguage\":\"es\",\"@id\":\"https:\\\/\\\/www.eldiario.net\\\/portal\\\/2023\\\/06\\\/09\\\/446-brigadas-se-desplazaran-en-campana-contra-rabia-canina\\\/#primaryimage\",\"url\":\"https:\\\/\\\/www.eldiario.net\\\/portal\\\/wp-content\\\/uploads\\\/2023\\\/06\\\/MASCOTAS-FOTO.jpeg\",\"contentUrl\":\"https:\\\/\\\/www.eldiario.net\\\/portal\\\/wp-content\\\/uploads\\\/2023\\\/06\\\/MASCOTAS-FOTO.jpeg\",\"width\":1238,\"height\":985,\"caption\":\"Se espera que la poblaci\u00f3n haga vacunar a sus mascotas este domingo. Foto: GCH\"},{\"@type\":\"BreadcrumbList\",\"@id\":\"https:\\\/\\\/www.eldiario.net\\\/portal\\\/2023\\\/06\\\/09\\\/446-brigadas-se-desplazaran-en-campana-contra-rabia-canina\\\/#breadcrumb\",\"itemListElement\":[{\"@type\":\"ListItem\",\"position\":1,\"name\":\"Portada\",\"item\":\"https:\\\/\\\/www.eldiario.net\\\/portal\\\/\"},{\"@type\":\"ListItem\",\"position\":2,\"name\":\"446 brigadas se desplazar\u00e1n en campa\u00f1a contra rabia canina\"}]},{\"@type\":\"WebSite\",\"@id\":\"https:\\\/\\\/www.eldiario.net\\\/portal\\\/#website\",\"url\":\"https:\\\/\\\/www.eldiario.net\\\/portal\\\/\",\"name\":\"El Diario - Decano de la prensa nacional\",\"description\":\"El Diario - Decano de la prensa nacional\",\"publisher\":{\"@id\":\"https:\\\/\\\/www.eldiario.net\\\/portal\\\/#organization\"},\"potentialAction\":[{\"@type\":\"SearchAction\",\"target\":{\"@type\":\"EntryPoint\",\"urlTemplate\":\"https:\\\/\\\/www.eldiario.net\\\/portal\\\/?s={search_term_string}\"},\"query-input\":{\"@type\":\"PropertyValueSpecification\",\"valueRequired\":true,\"valueName\":\"search_term_string\"}}],\"inLanguage\":\"es\"},{\"@type\":\"Organization\",\"@id\":\"https:\\\/\\\/www.eldiario.net\\\/portal\\\/#organization\",\"name\":\"El Diario - Decano de la prensa nacional\",\"url\":\"https:\\\/\\\/www.eldiario.net\\\/portal\\\/\",\"logo\":{\"@type\":\"ImageObject\",\"inLanguage\":\"es\",\"@id\":\"https:\\\/\\\/www.eldiario.net\\\/portal\\\/#\\\/schema\\\/logo\\\/image\\\/\",\"url\":\"https:\\\/\\\/www.eldiario.net\\\/portal\\\/wp-content\\\/uploads\\\/2023\\\/07\\\/logo_ED.jpg\",\"contentUrl\":\"https:\\\/\\\/www.eldiario.net\\\/portal\\\/wp-content\\\/uploads\\\/2023\\\/07\\\/logo_ED.jpg\",\"width\":272,\"height\":52,\"caption\":\"El Diario - Decano de la prensa nacional\"},\"image\":{\"@id\":\"https:\\\/\\\/www.eldiario.net\\\/portal\\\/#\\\/schema\\\/logo\\\/image\\\/\"},\"sameAs\":[\"https:\\\/\\\/www.facebook.com\\\/eldiario.bolivia\\\/\",\"https:\\\/\\\/x.com\\\/eldiario_net\"]},{\"@type\":\"Person\",\"@id\":\"https:\\\/\\\/www.eldiario.net\\\/portal\\\/#\\\/schema\\\/person\\\/2c57cf2b7a7ae032e449e4c9b1019eac\",\"name\":\"Jeanette\",\"image\":{\"@type\":\"ImageObject\",\"inLanguage\":\"es\",\"@id\":\"https:\\\/\\\/secure.gravatar.com\\\/avatar\\\/3ea2118a5f7dad2b7138b1187a6b7ee55f160b9968b66013c3a3ef39dd7e5798?s=96&d=mm&r=g\",\"url\":\"https:\\\/\\\/secure.gravatar.com\\\/avatar\\\/3ea2118a5f7dad2b7138b1187a6b7ee55f160b9968b66013c3a3ef39dd7e5798?s=96&d=mm&r=g\",\"contentUrl\":\"https:\\\/\\\/secure.gravatar.com\\\/avatar\\\/3ea2118a5f7dad2b7138b1187a6b7ee55f160b9968b66013c3a3ef39dd7e5798?s=96&d=mm&r=g\",\"caption\":\"Jeanette\"},\"sameAs\":[\"https:\\\/\\\/www.eldiario.net\\\/portal\"],\"url\":\"https:\\\/\\\/www.eldiario.net\\\/portal\\\/author\\\/jeanette\\\/\"}]}<\/script>\n<!-- \/ Yoast SEO plugin. -->","yoast_head_json":{"title":"446 brigadas se desplazar\u00e1n en campa\u00f1a contra rabia canina - El Diario - Bolivia","robots":{"index":"index","follow":"follow","max-snippet":"max-snippet:-1","max-image-preview":"max-image-preview:large","max-video-preview":"max-video-preview:-1"},"canonical":"https:\/\/www.eldiario.net\/portal\/2023\/06\/09\/446-brigadas-se-desplazaran-en-campana-contra-rabia-canina\/","og_locale":"es_ES","og_type":"article","og_title":"446 brigadas se desplazar\u00e1n en campa\u00f1a contra rabia canina - El Diario - Bolivia","og_description":"Un total de 446 brigadas ser\u00e1n desplazadas por todos los distritos del municipio de Sucre este domingo, para vacunar a perros y gatos y de esa manera prevenir la propagaci\u00f3n de la rabia. Un total de 100.000 dosis de vacunas est\u00e1n destinadas a la cobertura de esta campa\u00f1a adelantada de agosto a junio debido al [&hellip;]","og_url":"https:\/\/www.eldiario.net\/portal\/2023\/06\/09\/446-brigadas-se-desplazaran-en-campana-contra-rabia-canina\/","og_site_name":"El Diario - Bolivia","article_publisher":"https:\/\/www.facebook.com\/eldiario.bolivia\/","article_published_time":"2023-06-09T10:46:48+00:00","og_image":[{"width":1238,"height":985,"url":"https:\/\/www.eldiario.net\/portal\/wp-content\/uploads\/2023\/06\/MASCOTAS-FOTO.jpeg","type":"image\/jpeg"}],"author":"Jeanette","twitter_card":"summary_large_image","twitter_creator":"@eldiario_net","twitter_site":"@eldiario_net","twitter_misc":{"Escrito por":"Jeanette","Tiempo de lectura":"1 minuto"},"schema":{"@context":"https:\/\/schema.org","@graph":[{"@type":"Article","@id":"https:\/\/www.eldiario.net\/portal\/2023\/06\/09\/446-brigadas-se-desplazaran-en-campana-contra-rabia-canina\/#article","isPartOf":{"@id":"https:\/\/www.eldiario.net\/portal\/2023\/06\/09\/446-brigadas-se-desplazaran-en-campana-contra-rabia-canina\/"},"author":{"name":"Jeanette","@id":"https:\/\/www.eldiario.net\/portal\/#\/schema\/person\/2c57cf2b7a7ae032e449e4c9b1019eac"},"headline":"446 brigadas se desplazar\u00e1n en campa\u00f1a contra rabia canina","datePublished":"2023-06-09T10:46:48+00:00","mainEntityOfPage":{"@id":"https:\/\/www.eldiario.net\/portal\/2023\/06\/09\/446-brigadas-se-desplazaran-en-campana-contra-rabia-canina\/"},"wordCount":194,"publisher":{"@id":"https:\/\/www.eldiario.net\/portal\/#organization"},"image":{"@id":"https:\/\/www.eldiario.net\/portal\/2023\/06\/09\/446-brigadas-se-desplazaran-en-campana-contra-rabia-canina\/#primaryimage"},"thumbnailUrl":"https:\/\/www.eldiario.net\/portal\/wp-content\/uploads\/2023\/06\/MASCOTAS-FOTO.jpeg","articleSection":["Nacional"],"inLanguage":"es"},{"@type":"WebPage","@id":"https:\/\/www.eldiario.net\/portal\/2023\/06\/09\/446-brigadas-se-desplazaran-en-campana-contra-rabia-canina\/","url":"https:\/\/www.eldiario.net\/portal\/2023\/06\/09\/446-brigadas-se-desplazaran-en-campana-contra-rabia-canina\/","name":"446 brigadas se desplazar\u00e1n en campa\u00f1a contra rabia canina - El Diario - Bolivia","isPartOf":{"@id":"https:\/\/www.eldiario.net\/portal\/#website"},"primaryImageOfPage":{"@id":"https:\/\/www.eldiario.net\/portal\/2023\/06\/09\/446-brigadas-se-desplazaran-en-campana-contra-rabia-canina\/#primaryimage"},"image":{"@id":"https:\/\/www.eldiario.net\/portal\/2023\/06\/09\/446-brigadas-se-desplazaran-en-campana-contra-rabia-canina\/#primaryimage"},"thumbnailUrl":"https:\/\/www.eldiario.net\/portal\/wp-content\/uploads\/2023\/06\/MASCOTAS-FOTO.jpeg","datePublished":"2023-06-09T10:46:48+00:00","breadcrumb":{"@id":"https:\/\/www.eldiario.net\/portal\/2023\/06\/09\/446-brigadas-se-desplazaran-en-campana-contra-rabia-canina\/#breadcrumb"},"inLanguage":"es","potentialAction":[{"@type":"ReadAction","target":["https:\/\/www.eldiario.net\/portal\/2023\/06\/09\/446-brigadas-se-desplazaran-en-campana-contra-rabia-canina\/"]}]},{"@type":"ImageObject","inLanguage":"es","@id":"https:\/\/www.eldiario.net\/portal\/2023\/06\/09\/446-brigadas-se-desplazaran-en-campana-contra-rabia-canina\/#primaryimage","url":"https:\/\/www.eldiario.net\/portal\/wp-content\/uploads\/2023\/06\/MASCOTAS-FOTO.jpeg","contentUrl":"https:\/\/www.eldiario.net\/portal\/wp-content\/uploads\/2023\/06\/MASCOTAS-FOTO.jpeg","width":1238,"height":985,"caption":"Se espera que la poblaci\u00f3n haga vacunar a sus mascotas este domingo. Foto: GCH"},{"@type":"BreadcrumbList","@id":"https:\/\/www.eldiario.net\/portal\/2023\/06\/09\/446-brigadas-se-desplazaran-en-campana-contra-rabia-canina\/#breadcrumb","itemListElement":[{"@type":"ListItem","position":1,"name":"Portada","item":"https:\/\/www.eldiario.net\/portal\/"},{"@type":"ListItem","position":2,"name":"446 brigadas se desplazar\u00e1n en campa\u00f1a contra rabia canina"}]},{"@type":"WebSite","@id":"https:\/\/www.eldiario.net\/portal\/#website","url":"https:\/\/www.eldiario.net\/portal\/","name":"El Diario - Decano de la prensa nacional","description":"El Diario - Decano de la prensa nacional","publisher":{"@id":"https:\/\/www.eldiario.net\/portal\/#organization"},"potentialAction":[{"@type":"SearchAction","target":{"@type":"EntryPoint","urlTemplate":"https:\/\/www.eldiario.net\/portal\/?s={search_term_string}"},"query-input":{"@type":"PropertyValueSpecification","valueRequired":true,"valueName":"search_term_string"}}],"inLanguage":"es"},{"@type":"Organization","@id":"https:\/\/www.eldiario.net\/portal\/#organization","name":"El Diario - Decano de la prensa nacional","url":"https:\/\/www.eldiario.net\/portal\/","logo":{"@type":"ImageObject","inLanguage":"es","@id":"https:\/\/www.eldiario.net\/portal\/#\/schema\/logo\/image\/","url":"https:\/\/www.eldiario.net\/portal\/wp-content\/uploads\/2023\/07\/logo_ED.jpg","contentUrl":"https:\/\/www.eldiario.net\/portal\/wp-content\/uploads\/2023\/07\/logo_ED.jpg","width":272,"height":52,"caption":"El Diario - Decano de la prensa nacional"},"image":{"@id":"https:\/\/www.eldiario.net\/portal\/#\/schema\/logo\/image\/"},"sameAs":["https:\/\/www.facebook.com\/eldiario.bolivia\/","https:\/\/x.com\/eldiario_net"]},{"@type":"Person","@id":"https:\/\/www.eldiario.net\/portal\/#\/schema\/person\/2c57cf2b7a7ae032e449e4c9b1019eac","name":"Jeanette","image":{"@type":"ImageObject","inLanguage":"es","@id":"https:\/\/secure.gravatar.com\/avatar\/3ea2118a5f7dad2b7138b1187a6b7ee55f160b9968b66013c3a3ef39dd7e5798?s=96&d=mm&r=g","url":"https:\/\/secure.gravatar.com\/avatar\/3ea2118a5f7dad2b7138b1187a6b7ee55f160b9968b66013c3a3ef39dd7e5798?s=96&d=mm&r=g","contentUrl":"https:\/\/secure.gravatar.com\/avatar\/3ea2118a5f7dad2b7138b1187a6b7ee55f160b9968b66013c3a3ef39dd7e5798?s=96&d=mm&r=g","caption":"Jeanette"},"sameAs":["https:\/\/www.eldiario.net\/portal"],"url":"https:\/\/www.eldiario.net\/portal\/author\/jeanette\/"}]}},"_links":{"self":[{"href":"https:\/\/www.eldiario.net\/portal\/wp-json\/wp\/v2\/posts\/159045","targetHints":{"allow":["GET"]}}],"collection":[{"href":"https:\/\/www.eldiario.net\/portal\/wp-json\/wp\/v2\/posts"}],"about":[{"href":"https:\/\/www.eldiario.net\/portal\/wp-json\/wp\/v2\/types\/post"}],"author":[{"embeddable":true,"href":"https:\/\/www.eldiario.net\/portal\/wp-json\/wp\/v2\/users\/1"}],"replies":[{"embeddable":true,"href":"https:\/\/www.eldiario.net\/portal\/wp-json\/wp\/v2\/comments?post=159045"}],"version-history":[{"count":0,"href":"https:\/\/www.eldiario.net\/portal\/wp-json\/wp\/v2\/posts\/159045\/revisions"}],"wp:featuredmedia":[{"embeddable":true,"href":"https:\/\/www.eldiario.net\/portal\/wp-json\/wp\/v2\/media\/159046"}],"wp:attachment":[{"href":"https:\/\/www.eldiario.net\/portal\/wp-json\/wp\/v2\/media?parent=159045"}],"wp:term":[{"taxonomy":"category","embeddable":true,"href":"https:\/\/www.eldiario.net\/portal\/wp-json\/wp\/v2\/categories?post=159045"},{"taxonomy":"post_tag","embeddable":true,"href":"https:\/\/www.eldiario.net\/portal\/wp-json\/wp\/v2\/tags?post=159045"}],"curies":[{"name":"wp","href":"https:\/\/api.w.org\/{rel}","templated":true}]}}