{"id":158775,"date":"2023-06-08T06:27:05","date_gmt":"2023-06-08T10:27:05","guid":{"rendered":"https:\/\/www.eldiario.net\/portal\/?p=158775"},"modified":"2023-06-08T06:27:05","modified_gmt":"2023-06-08T10:27:05","slug":"estalla-conducto-de-amoniaco-ruso-que-une-la-ciudad-de-togliatti-con-el-puerto-de-odesa","status":"publish","type":"post","link":"https:\/\/www.eldiario.net\/portal\/2023\/06\/08\/estalla-conducto-de-amoniaco-ruso-que-une-la-ciudad-de-togliatti-con-el-puerto-de-odesa\/","title":{"rendered":"Estalla conducto de amon\u00edaco ruso que une  la ciudad de Togliatti con el puerto de Odesa"},"content":{"rendered":"<p>Un conducto de amoniaco que une la ciudad rusa de Togliatti y Odesa, en el sur de Ucrania, explot\u00f3 y deja varios heridos. Estaba desactivado desde febrero de 2022, pero Mosc\u00fa esperaba su puesta en funcionamiento.<\/p>\n<p>Rusia se\u00f1ala a Ucrania como responsable del hecho, que se produce apenas un d\u00eda despu\u00e9s del desastre de la represa de Kajovka, del que ambos pa\u00edses se culpan mutuamente.<\/p>\n<p>\u201cUn grupo de sabotaje ucraniano hizo estallar el conducto de amoniaco Togliatti-Odesa\u201d, de unos 2.400 km de largo, que conecta esa ciudad rusa a orillas del Volga con la ciudad portuaria ucraniana del Mar Negro, se\u00f1al\u00f3 el ministerio de Defensa ruso en un comunicado.<\/p>\n<p>Dicho acto terrorista se produjo cerca de Masiutovka, un peque\u00f1o pueblo controlado por las fuerzas rusas en la regi\u00f3n de Kharkiv, en el noreste de Ucrania, que fue recuperada en su casi totalidad por el ej\u00e9rcito ucraniano el pasado oto\u00f1o boreal, seg\u00fan la misma fuente.<\/p>\n<p>\u201cVarios civiles resultaron heridos. Se les aport\u00f3 toda la asistencia m\u00e9dica necesaria\u201d, indic\u00f3 el ministerio ruso de Defensa.<\/p>\n<p>Antes del conflicto, el conducto le permit\u00eda a Rusia exportar cada a\u00f1o m\u00e1s de 2,5 millones de toneladas de amoniaco, un componente fundamental para los fertilizantes, principalmente a la Uni\u00f3n Europea.<\/p>\n<p>El conducto hab\u00eda sido puesto en servicio para exportar los productos de la empresa qu\u00edmica de Togliatti, el mayor productor ruso de amoniaco y uno de los m\u00e1s importantes del mundo.<\/p>\n<p>El tr\u00e1nsito a trav\u00e9s de ese conducto, construido a finales de los a\u00f1os 1970, qued\u00f3 interrumpido al inicio de la ofensiva rusa en Ucrania en febrero de 2022.<\/p>\n<p>La reanudaci\u00f3n del funcionamiento, pedida por Mosc\u00fa, forma parte de las negociaciones, bajo mediaci\u00f3n de la ONU, sobre el acuerdo que permiti\u00f3 exportar millones de toneladas de granos ucranianos a trav\u00e9s del mar Negro desde julio de 2022.<\/p>\n<p>Dicho acuerdo, fundamental para el suministro mundial de alimentos, fue renovado en mayo por un periodo de dos meses, hasta el 17 de julio, mientras Mosc\u00fa sigue presionando para que se garanticen sus exportaciones, en particular de fertilizantes.<\/p>\n<p>La portavoz acus\u00f3 a Ucrania de haber \u201casestado un duro golpe a los esfuerzos de la ONU en la lucha contra el hambre\u201d.<\/p>\n<p>Rusia y Ucrania tambi\u00e9n se acusan esta semana de la destrucci\u00f3n parcial de la represa Kajovka, un acto que provoc\u00f3 inundaciones de pueblos pr\u00f3ximos y evacuaci\u00f3n de residentes.<\/p>\n<p>Ucrania calific\u00f3 a Rusia de \u201cEstado terrorista\u201d ante la Corte Internacional de Justicia (CIJ). El ataque sobre la represa de Kajovka \u201cprovoc\u00f3 importantes evacuaciones civiles y graves da\u00f1os ecol\u00f3gicos\u201d, declar\u00f3 el representante ucraniano Anton Korinevich ante la m\u00e1s alta jurisdicci\u00f3n de la ONU. \u201cLas acciones de Rusia son las acciones de un Estado terrorista, de un agresor\u201d, a\u00f1adi\u00f3.<\/p>\n<p>Se trata de un caso como el de Nord Stream, el gasoducto que iba de Rusia a Alemania y fue volado en septiembre del a\u00f1o pasado en el Mar del Norte.<\/p>\n<p>La semana pasada, drones atacaron dos refiner\u00edas de petr\u00f3leo situadas a s\u00f3lo 65-80 km al este de una de las mayores terminales de exportaci\u00f3n de petr\u00f3leo de Rusia, provocando un incendio en una de ellas y sin causar da\u00f1os en la otra, seg\u00fan funcionarios rusos.<\/p>\n<p>Los ataques con aviones no tripulados en el interior de Rusia se intensificaron en las \u00faltimas semanas con operaciones sobre Mosc\u00fa, oleoductos e incluso el Kremlin, mientras se aguarda una posible contraofensiva ucraniana. (Infobae\/Afp)<\/p>\n","protected":false},"excerpt":{"rendered":"<p>Un conducto de amoniaco que une la ciudad rusa de Togliatti y Odesa, en el sur de Ucrania, explot\u00f3 y deja varios heridos. Estaba desactivado desde febrero de 2022, pero Mosc\u00fa esperaba su puesta en funcionamiento. Rusia se\u00f1ala a Ucrania como responsable del hecho, que se produce apenas un d\u00eda despu\u00e9s del desastre de la [&hellip;]<\/p>\n","protected":false},"author":1,"featured_media":158776,"comment_status":"closed","ping_status":"closed","sticky":false,"template":"","format":"standard","meta":{"_acf_changed":false,"footnotes":""},"categories":[3],"tags":[],"class_list":["post-158775","post","type-post","status-publish","format-standard","has-post-thumbnail","category-internacional"],"acf":{"antetitulo":""},"yoast_head":"<!-- This site is optimized with the Yoast SEO plugin v28.4 - https:\/\/yoast.com\/product\/yoast-seo-wordpress\/ -->\n<title>Estalla conducto de amon\u00edaco ruso que une la ciudad de Togliatti con el puerto de Odesa - El Diario - Bolivia<\/title>\n<meta name=\"robots\" content=\"index, follow, max-snippet:-1, max-image-preview:large, max-video-preview:-1\" \/>\n<link rel=\"canonical\" href=\"https:\/\/www.eldiario.net\/portal\/2023\/06\/08\/estalla-conducto-de-amoniaco-ruso-que-une-la-ciudad-de-togliatti-con-el-puerto-de-odesa\/\" \/>\n<meta property=\"og:locale\" content=\"es_ES\" \/>\n<meta property=\"og:type\" content=\"article\" \/>\n<meta property=\"og:title\" content=\"Estalla conducto de amon\u00edaco ruso que une la ciudad de Togliatti con el puerto de Odesa - El Diario - Bolivia\" \/>\n<meta property=\"og:description\" content=\"Un conducto de amoniaco que une la ciudad rusa de Togliatti y Odesa, en el sur de Ucrania, explot\u00f3 y deja varios heridos. Estaba desactivado desde febrero de 2022, pero Mosc\u00fa esperaba su puesta en funcionamiento. Rusia se\u00f1ala a Ucrania como responsable del hecho, que se produce apenas un d\u00eda despu\u00e9s del desastre de la [&hellip;]\" \/>\n<meta property=\"og:url\" content=\"https:\/\/www.eldiario.net\/portal\/2023\/06\/08\/estalla-conducto-de-amoniaco-ruso-que-une-la-ciudad-de-togliatti-con-el-puerto-de-odesa\/\" \/>\n<meta property=\"og:site_name\" content=\"El Diario - Bolivia\" \/>\n<meta property=\"article:publisher\" content=\"https:\/\/www.facebook.com\/eldiario.bolivia\/\" \/>\n<meta property=\"article:published_time\" content=\"2023-06-08T10:27:05+00:00\" \/>\n<meta property=\"og:image\" content=\"https:\/\/www.eldiario.net\/portal\/wp-content\/uploads\/2023\/06\/REPRESA-FOTO.jpeg\" \/>\n\t<meta property=\"og:image:width\" content=\"800\" \/>\n\t<meta property=\"og:image:height\" content=\"450\" \/>\n\t<meta property=\"og:image:type\" content=\"image\/jpeg\" \/>\n<meta name=\"author\" content=\"Jeanette\" \/>\n<meta name=\"twitter:card\" content=\"summary_large_image\" \/>\n<meta name=\"twitter:creator\" content=\"@eldiario_net\" \/>\n<meta name=\"twitter:site\" content=\"@eldiario_net\" \/>\n<meta name=\"twitter:label1\" content=\"Escrito por\" \/>\n\t<meta name=\"twitter:data1\" content=\"Jeanette\" \/>\n\t<meta name=\"twitter:label2\" content=\"Tiempo de lectura\" \/>\n\t<meta name=\"twitter:data2\" content=\"3 minutos\" \/>\n<script type=\"application\/ld+json\" class=\"yoast-schema-graph\">{\"@context\":\"https:\\\/\\\/schema.org\",\"@graph\":[{\"@type\":\"Article\",\"@id\":\"https:\\\/\\\/www.eldiario.net\\\/portal\\\/2023\\\/06\\\/08\\\/estalla-conducto-de-amoniaco-ruso-que-une-la-ciudad-de-togliatti-con-el-puerto-de-odesa\\\/#article\",\"isPartOf\":{\"@id\":\"https:\\\/\\\/www.eldiario.net\\\/portal\\\/2023\\\/06\\\/08\\\/estalla-conducto-de-amoniaco-ruso-que-une-la-ciudad-de-togliatti-con-el-puerto-de-odesa\\\/\"},\"author\":{\"name\":\"Jeanette\",\"@id\":\"https:\\\/\\\/www.eldiario.net\\\/portal\\\/#\\\/schema\\\/person\\\/2c57cf2b7a7ae032e449e4c9b1019eac\"},\"headline\":\"Estalla conducto de amon\u00edaco ruso que une la ciudad de Togliatti con el puerto de Odesa\",\"datePublished\":\"2023-06-08T10:27:05+00:00\",\"mainEntityOfPage\":{\"@id\":\"https:\\\/\\\/www.eldiario.net\\\/portal\\\/2023\\\/06\\\/08\\\/estalla-conducto-de-amoniaco-ruso-que-une-la-ciudad-de-togliatti-con-el-puerto-de-odesa\\\/\"},\"wordCount\":609,\"publisher\":{\"@id\":\"https:\\\/\\\/www.eldiario.net\\\/portal\\\/#organization\"},\"image\":{\"@id\":\"https:\\\/\\\/www.eldiario.net\\\/portal\\\/2023\\\/06\\\/08\\\/estalla-conducto-de-amoniaco-ruso-que-une-la-ciudad-de-togliatti-con-el-puerto-de-odesa\\\/#primaryimage\"},\"thumbnailUrl\":\"https:\\\/\\\/www.eldiario.net\\\/portal\\\/wp-content\\\/uploads\\\/2023\\\/06\\\/REPRESA-FOTO.jpeg\",\"articleSection\":[\"Internacional\"],\"inLanguage\":\"es\"},{\"@type\":\"WebPage\",\"@id\":\"https:\\\/\\\/www.eldiario.net\\\/portal\\\/2023\\\/06\\\/08\\\/estalla-conducto-de-amoniaco-ruso-que-une-la-ciudad-de-togliatti-con-el-puerto-de-odesa\\\/\",\"url\":\"https:\\\/\\\/www.eldiario.net\\\/portal\\\/2023\\\/06\\\/08\\\/estalla-conducto-de-amoniaco-ruso-que-une-la-ciudad-de-togliatti-con-el-puerto-de-odesa\\\/\",\"name\":\"Estalla conducto de amon\u00edaco ruso que une la ciudad de Togliatti con el puerto de Odesa - El Diario - Bolivia\",\"isPartOf\":{\"@id\":\"https:\\\/\\\/www.eldiario.net\\\/portal\\\/#website\"},\"primaryImageOfPage\":{\"@id\":\"https:\\\/\\\/www.eldiario.net\\\/portal\\\/2023\\\/06\\\/08\\\/estalla-conducto-de-amoniaco-ruso-que-une-la-ciudad-de-togliatti-con-el-puerto-de-odesa\\\/#primaryimage\"},\"image\":{\"@id\":\"https:\\\/\\\/www.eldiario.net\\\/portal\\\/2023\\\/06\\\/08\\\/estalla-conducto-de-amoniaco-ruso-que-une-la-ciudad-de-togliatti-con-el-puerto-de-odesa\\\/#primaryimage\"},\"thumbnailUrl\":\"https:\\\/\\\/www.eldiario.net\\\/portal\\\/wp-content\\\/uploads\\\/2023\\\/06\\\/REPRESA-FOTO.jpeg\",\"datePublished\":\"2023-06-08T10:27:05+00:00\",\"breadcrumb\":{\"@id\":\"https:\\\/\\\/www.eldiario.net\\\/portal\\\/2023\\\/06\\\/08\\\/estalla-conducto-de-amoniaco-ruso-que-une-la-ciudad-de-togliatti-con-el-puerto-de-odesa\\\/#breadcrumb\"},\"inLanguage\":\"es\",\"potentialAction\":[{\"@type\":\"ReadAction\",\"target\":[\"https:\\\/\\\/www.eldiario.net\\\/portal\\\/2023\\\/06\\\/08\\\/estalla-conducto-de-amoniaco-ruso-que-une-la-ciudad-de-togliatti-con-el-puerto-de-odesa\\\/\"]}]},{\"@type\":\"ImageObject\",\"inLanguage\":\"es\",\"@id\":\"https:\\\/\\\/www.eldiario.net\\\/portal\\\/2023\\\/06\\\/08\\\/estalla-conducto-de-amoniaco-ruso-que-une-la-ciudad-de-togliatti-con-el-puerto-de-odesa\\\/#primaryimage\",\"url\":\"https:\\\/\\\/www.eldiario.net\\\/portal\\\/wp-content\\\/uploads\\\/2023\\\/06\\\/REPRESA-FOTO.jpeg\",\"contentUrl\":\"https:\\\/\\\/www.eldiario.net\\\/portal\\\/wp-content\\\/uploads\\\/2023\\\/06\\\/REPRESA-FOTO.jpeg\",\"width\":800,\"height\":450,\"caption\":\"EL HECHO SE PRODUCE LUEGO DE UN DIA DEL DESASTRE DE LA REPRESA DE KAJOVKA FOTO: Infobae\"},{\"@type\":\"BreadcrumbList\",\"@id\":\"https:\\\/\\\/www.eldiario.net\\\/portal\\\/2023\\\/06\\\/08\\\/estalla-conducto-de-amoniaco-ruso-que-une-la-ciudad-de-togliatti-con-el-puerto-de-odesa\\\/#breadcrumb\",\"itemListElement\":[{\"@type\":\"ListItem\",\"position\":1,\"name\":\"Portada\",\"item\":\"https:\\\/\\\/www.eldiario.net\\\/portal\\\/\"},{\"@type\":\"ListItem\",\"position\":2,\"name\":\"Estalla conducto de amon\u00edaco ruso que une la ciudad de Togliatti con el puerto de Odesa\"}]},{\"@type\":\"WebSite\",\"@id\":\"https:\\\/\\\/www.eldiario.net\\\/portal\\\/#website\",\"url\":\"https:\\\/\\\/www.eldiario.net\\\/portal\\\/\",\"name\":\"El Diario - Decano de la prensa nacional\",\"description\":\"El Diario - Decano de la prensa nacional\",\"publisher\":{\"@id\":\"https:\\\/\\\/www.eldiario.net\\\/portal\\\/#organization\"},\"potentialAction\":[{\"@type\":\"SearchAction\",\"target\":{\"@type\":\"EntryPoint\",\"urlTemplate\":\"https:\\\/\\\/www.eldiario.net\\\/portal\\\/?s={search_term_string}\"},\"query-input\":{\"@type\":\"PropertyValueSpecification\",\"valueRequired\":true,\"valueName\":\"search_term_string\"}}],\"inLanguage\":\"es\"},{\"@type\":\"Organization\",\"@id\":\"https:\\\/\\\/www.eldiario.net\\\/portal\\\/#organization\",\"name\":\"El Diario - Decano de la prensa nacional\",\"url\":\"https:\\\/\\\/www.eldiario.net\\\/portal\\\/\",\"logo\":{\"@type\":\"ImageObject\",\"inLanguage\":\"es\",\"@id\":\"https:\\\/\\\/www.eldiario.net\\\/portal\\\/#\\\/schema\\\/logo\\\/image\\\/\",\"url\":\"https:\\\/\\\/www.eldiario.net\\\/portal\\\/wp-content\\\/uploads\\\/2023\\\/07\\\/logo_ED.jpg\",\"contentUrl\":\"https:\\\/\\\/www.eldiario.net\\\/portal\\\/wp-content\\\/uploads\\\/2023\\\/07\\\/logo_ED.jpg\",\"width\":272,\"height\":52,\"caption\":\"El Diario - Decano de la prensa nacional\"},\"image\":{\"@id\":\"https:\\\/\\\/www.eldiario.net\\\/portal\\\/#\\\/schema\\\/logo\\\/image\\\/\"},\"sameAs\":[\"https:\\\/\\\/www.facebook.com\\\/eldiario.bolivia\\\/\",\"https:\\\/\\\/x.com\\\/eldiario_net\"]},{\"@type\":\"Person\",\"@id\":\"https:\\\/\\\/www.eldiario.net\\\/portal\\\/#\\\/schema\\\/person\\\/2c57cf2b7a7ae032e449e4c9b1019eac\",\"name\":\"Jeanette\",\"image\":{\"@type\":\"ImageObject\",\"inLanguage\":\"es\",\"@id\":\"https:\\\/\\\/secure.gravatar.com\\\/avatar\\\/3ea2118a5f7dad2b7138b1187a6b7ee55f160b9968b66013c3a3ef39dd7e5798?s=96&d=mm&r=g\",\"url\":\"https:\\\/\\\/secure.gravatar.com\\\/avatar\\\/3ea2118a5f7dad2b7138b1187a6b7ee55f160b9968b66013c3a3ef39dd7e5798?s=96&d=mm&r=g\",\"contentUrl\":\"https:\\\/\\\/secure.gravatar.com\\\/avatar\\\/3ea2118a5f7dad2b7138b1187a6b7ee55f160b9968b66013c3a3ef39dd7e5798?s=96&d=mm&r=g\",\"caption\":\"Jeanette\"},\"sameAs\":[\"https:\\\/\\\/www.eldiario.net\\\/portal\"],\"url\":\"https:\\\/\\\/www.eldiario.net\\\/portal\\\/author\\\/jeanette\\\/\"}]}<\/script>\n<!-- \/ Yoast SEO plugin. -->","yoast_head_json":{"title":"Estalla conducto de amon\u00edaco ruso que une la ciudad de Togliatti con el puerto de Odesa - El Diario - Bolivia","robots":{"index":"index","follow":"follow","max-snippet":"max-snippet:-1","max-image-preview":"max-image-preview:large","max-video-preview":"max-video-preview:-1"},"canonical":"https:\/\/www.eldiario.net\/portal\/2023\/06\/08\/estalla-conducto-de-amoniaco-ruso-que-une-la-ciudad-de-togliatti-con-el-puerto-de-odesa\/","og_locale":"es_ES","og_type":"article","og_title":"Estalla conducto de amon\u00edaco ruso que une la ciudad de Togliatti con el puerto de Odesa - El Diario - Bolivia","og_description":"Un conducto de amoniaco que une la ciudad rusa de Togliatti y Odesa, en el sur de Ucrania, explot\u00f3 y deja varios heridos. Estaba desactivado desde febrero de 2022, pero Mosc\u00fa esperaba su puesta en funcionamiento. Rusia se\u00f1ala a Ucrania como responsable del hecho, que se produce apenas un d\u00eda despu\u00e9s del desastre de la [&hellip;]","og_url":"https:\/\/www.eldiario.net\/portal\/2023\/06\/08\/estalla-conducto-de-amoniaco-ruso-que-une-la-ciudad-de-togliatti-con-el-puerto-de-odesa\/","og_site_name":"El Diario - Bolivia","article_publisher":"https:\/\/www.facebook.com\/eldiario.bolivia\/","article_published_time":"2023-06-08T10:27:05+00:00","og_image":[{"width":800,"height":450,"url":"https:\/\/www.eldiario.net\/portal\/wp-content\/uploads\/2023\/06\/REPRESA-FOTO.jpeg","type":"image\/jpeg"}],"author":"Jeanette","twitter_card":"summary_large_image","twitter_creator":"@eldiario_net","twitter_site":"@eldiario_net","twitter_misc":{"Escrito por":"Jeanette","Tiempo de lectura":"3 minutos"},"schema":{"@context":"https:\/\/schema.org","@graph":[{"@type":"Article","@id":"https:\/\/www.eldiario.net\/portal\/2023\/06\/08\/estalla-conducto-de-amoniaco-ruso-que-une-la-ciudad-de-togliatti-con-el-puerto-de-odesa\/#article","isPartOf":{"@id":"https:\/\/www.eldiario.net\/portal\/2023\/06\/08\/estalla-conducto-de-amoniaco-ruso-que-une-la-ciudad-de-togliatti-con-el-puerto-de-odesa\/"},"author":{"name":"Jeanette","@id":"https:\/\/www.eldiario.net\/portal\/#\/schema\/person\/2c57cf2b7a7ae032e449e4c9b1019eac"},"headline":"Estalla conducto de amon\u00edaco ruso que une la ciudad de Togliatti con el puerto de Odesa","datePublished":"2023-06-08T10:27:05+00:00","mainEntityOfPage":{"@id":"https:\/\/www.eldiario.net\/portal\/2023\/06\/08\/estalla-conducto-de-amoniaco-ruso-que-une-la-ciudad-de-togliatti-con-el-puerto-de-odesa\/"},"wordCount":609,"publisher":{"@id":"https:\/\/www.eldiario.net\/portal\/#organization"},"image":{"@id":"https:\/\/www.eldiario.net\/portal\/2023\/06\/08\/estalla-conducto-de-amoniaco-ruso-que-une-la-ciudad-de-togliatti-con-el-puerto-de-odesa\/#primaryimage"},"thumbnailUrl":"https:\/\/www.eldiario.net\/portal\/wp-content\/uploads\/2023\/06\/REPRESA-FOTO.jpeg","articleSection":["Internacional"],"inLanguage":"es"},{"@type":"WebPage","@id":"https:\/\/www.eldiario.net\/portal\/2023\/06\/08\/estalla-conducto-de-amoniaco-ruso-que-une-la-ciudad-de-togliatti-con-el-puerto-de-odesa\/","url":"https:\/\/www.eldiario.net\/portal\/2023\/06\/08\/estalla-conducto-de-amoniaco-ruso-que-une-la-ciudad-de-togliatti-con-el-puerto-de-odesa\/","name":"Estalla conducto de amon\u00edaco ruso que une la ciudad de Togliatti con el puerto de Odesa - El Diario - Bolivia","isPartOf":{"@id":"https:\/\/www.eldiario.net\/portal\/#website"},"primaryImageOfPage":{"@id":"https:\/\/www.eldiario.net\/portal\/2023\/06\/08\/estalla-conducto-de-amoniaco-ruso-que-une-la-ciudad-de-togliatti-con-el-puerto-de-odesa\/#primaryimage"},"image":{"@id":"https:\/\/www.eldiario.net\/portal\/2023\/06\/08\/estalla-conducto-de-amoniaco-ruso-que-une-la-ciudad-de-togliatti-con-el-puerto-de-odesa\/#primaryimage"},"thumbnailUrl":"https:\/\/www.eldiario.net\/portal\/wp-content\/uploads\/2023\/06\/REPRESA-FOTO.jpeg","datePublished":"2023-06-08T10:27:05+00:00","breadcrumb":{"@id":"https:\/\/www.eldiario.net\/portal\/2023\/06\/08\/estalla-conducto-de-amoniaco-ruso-que-une-la-ciudad-de-togliatti-con-el-puerto-de-odesa\/#breadcrumb"},"inLanguage":"es","potentialAction":[{"@type":"ReadAction","target":["https:\/\/www.eldiario.net\/portal\/2023\/06\/08\/estalla-conducto-de-amoniaco-ruso-que-une-la-ciudad-de-togliatti-con-el-puerto-de-odesa\/"]}]},{"@type":"ImageObject","inLanguage":"es","@id":"https:\/\/www.eldiario.net\/portal\/2023\/06\/08\/estalla-conducto-de-amoniaco-ruso-que-une-la-ciudad-de-togliatti-con-el-puerto-de-odesa\/#primaryimage","url":"https:\/\/www.eldiario.net\/portal\/wp-content\/uploads\/2023\/06\/REPRESA-FOTO.jpeg","contentUrl":"https:\/\/www.eldiario.net\/portal\/wp-content\/uploads\/2023\/06\/REPRESA-FOTO.jpeg","width":800,"height":450,"caption":"EL HECHO SE PRODUCE LUEGO DE UN DIA DEL DESASTRE DE LA REPRESA DE KAJOVKA FOTO: Infobae"},{"@type":"BreadcrumbList","@id":"https:\/\/www.eldiario.net\/portal\/2023\/06\/08\/estalla-conducto-de-amoniaco-ruso-que-une-la-ciudad-de-togliatti-con-el-puerto-de-odesa\/#breadcrumb","itemListElement":[{"@type":"ListItem","position":1,"name":"Portada","item":"https:\/\/www.eldiario.net\/portal\/"},{"@type":"ListItem","position":2,"name":"Estalla conducto de amon\u00edaco ruso que une la ciudad de Togliatti con el puerto de Odesa"}]},{"@type":"WebSite","@id":"https:\/\/www.eldiario.net\/portal\/#website","url":"https:\/\/www.eldiario.net\/portal\/","name":"El Diario - Decano de la prensa nacional","description":"El Diario - Decano de la prensa nacional","publisher":{"@id":"https:\/\/www.eldiario.net\/portal\/#organization"},"potentialAction":[{"@type":"SearchAction","target":{"@type":"EntryPoint","urlTemplate":"https:\/\/www.eldiario.net\/portal\/?s={search_term_string}"},"query-input":{"@type":"PropertyValueSpecification","valueRequired":true,"valueName":"search_term_string"}}],"inLanguage":"es"},{"@type":"Organization","@id":"https:\/\/www.eldiario.net\/portal\/#organization","name":"El Diario - Decano de la prensa nacional","url":"https:\/\/www.eldiario.net\/portal\/","logo":{"@type":"ImageObject","inLanguage":"es","@id":"https:\/\/www.eldiario.net\/portal\/#\/schema\/logo\/image\/","url":"https:\/\/www.eldiario.net\/portal\/wp-content\/uploads\/2023\/07\/logo_ED.jpg","contentUrl":"https:\/\/www.eldiario.net\/portal\/wp-content\/uploads\/2023\/07\/logo_ED.jpg","width":272,"height":52,"caption":"El Diario - Decano de la prensa nacional"},"image":{"@id":"https:\/\/www.eldiario.net\/portal\/#\/schema\/logo\/image\/"},"sameAs":["https:\/\/www.facebook.com\/eldiario.bolivia\/","https:\/\/x.com\/eldiario_net"]},{"@type":"Person","@id":"https:\/\/www.eldiario.net\/portal\/#\/schema\/person\/2c57cf2b7a7ae032e449e4c9b1019eac","name":"Jeanette","image":{"@type":"ImageObject","inLanguage":"es","@id":"https:\/\/secure.gravatar.com\/avatar\/3ea2118a5f7dad2b7138b1187a6b7ee55f160b9968b66013c3a3ef39dd7e5798?s=96&d=mm&r=g","url":"https:\/\/secure.gravatar.com\/avatar\/3ea2118a5f7dad2b7138b1187a6b7ee55f160b9968b66013c3a3ef39dd7e5798?s=96&d=mm&r=g","contentUrl":"https:\/\/secure.gravatar.com\/avatar\/3ea2118a5f7dad2b7138b1187a6b7ee55f160b9968b66013c3a3ef39dd7e5798?s=96&d=mm&r=g","caption":"Jeanette"},"sameAs":["https:\/\/www.eldiario.net\/portal"],"url":"https:\/\/www.eldiario.net\/portal\/author\/jeanette\/"}]}},"_links":{"self":[{"href":"https:\/\/www.eldiario.net\/portal\/wp-json\/wp\/v2\/posts\/158775","targetHints":{"allow":["GET"]}}],"collection":[{"href":"https:\/\/www.eldiario.net\/portal\/wp-json\/wp\/v2\/posts"}],"about":[{"href":"https:\/\/www.eldiario.net\/portal\/wp-json\/wp\/v2\/types\/post"}],"author":[{"embeddable":true,"href":"https:\/\/www.eldiario.net\/portal\/wp-json\/wp\/v2\/users\/1"}],"replies":[{"embeddable":true,"href":"https:\/\/www.eldiario.net\/portal\/wp-json\/wp\/v2\/comments?post=158775"}],"version-history":[{"count":0,"href":"https:\/\/www.eldiario.net\/portal\/wp-json\/wp\/v2\/posts\/158775\/revisions"}],"wp:featuredmedia":[{"embeddable":true,"href":"https:\/\/www.eldiario.net\/portal\/wp-json\/wp\/v2\/media\/158776"}],"wp:attachment":[{"href":"https:\/\/www.eldiario.net\/portal\/wp-json\/wp\/v2\/media?parent=158775"}],"wp:term":[{"taxonomy":"category","embeddable":true,"href":"https:\/\/www.eldiario.net\/portal\/wp-json\/wp\/v2\/categories?post=158775"},{"taxonomy":"post_tag","embeddable":true,"href":"https:\/\/www.eldiario.net\/portal\/wp-json\/wp\/v2\/tags?post=158775"}],"curies":[{"name":"wp","href":"https:\/\/api.w.org\/{rel}","templated":true}]}}