{"id":158772,"date":"2023-06-08T06:26:06","date_gmt":"2023-06-08T10:26:06","guid":{"rendered":"https:\/\/www.eldiario.net\/portal\/?p=158772"},"modified":"2023-06-08T06:26:06","modified_gmt":"2023-06-08T10:26:06","slug":"la-otan-prepara-las-mayores-maniobras-aereas-de-su-historia","status":"publish","type":"post","link":"https:\/\/www.eldiario.net\/portal\/2023\/06\/08\/la-otan-prepara-las-mayores-maniobras-aereas-de-su-historia\/","title":{"rendered":"La OTAN prepara las mayores  maniobras a\u00e9reas de su historia"},"content":{"rendered":"<p>Alemania se prepara para acoger las mayores maniobras a\u00e9reas en la historia de la OTAN, una demostraci\u00f3n de fuerza que pretende impresionar a sus aliados y posibles adversarios, como Rusia, seg\u00fan dijeron funcionarios alemanes y estadounidenses.<\/p>\n<p>El ejercicio Defensor A\u00e9reo 23, que comenzar\u00e1 la semana que viene, incluir\u00e1 10.000 participantes y 250 aeronaves de 25 pa\u00edses que responder\u00e1n a un ataque simulado a un pa\u00eds miembro de la OTAN.<\/p>\n<p>S\u00f3lo Estados Unidos enviar\u00e1 2.000 efectivos de la Guardia Nacional A\u00e9rea y unas 100 aeronaves para las maniobras de instrucci\u00f3n.<\/p>\n<p>\u201cEste es un ejercicio que impresionar\u00eda sin duda a cualquiera que lo vea\u201d, dijo la embajadora estadounidense ante Alemania, Amy Gutmann. \u201cDemostrar\u00e1 m\u00e1s all\u00e1 de la duda la agilidad y la rapidez de nuestra fuerza aliada de la OTAN en respuesta urgente\u201d, dijo.<\/p>\n<p>Aunque los ejercicios liderados por Alemania estaban previstos desde 2018, la invasi\u00f3n rusa de Ucrania el a\u00f1o pasado hiso que la OTAN ultime sus preparativos para la posibilidad de un ataque en su territorio. En las maniobras tambi\u00e9n participar\u00e1n Suecia, que aspira a unirse a la alianza, y Jap\u00f3n.<\/p>\n<p>\u201cEstamos demostrando que el territorio de la OTAN es nuestra l\u00ednea roja, que estamos preparados para defender cada cent\u00edmetro de este territorio\u201d, declar\u00f3 el Teniente General Ingo Gerhartz, de la fuerza a\u00e9rea alemana, que coordina el ejercicio. \u201cPero no realizaremos, por ejemplo, ning\u00fan vuelo hacia Kaliningrado. As\u00ed que esto pretende ser defensivo\u201d. Kaliningrado es un exclave ruso situado en el mar B\u00e1ltico, entre Polonia y Lituania.<\/p>\n<p>El Teniente General Michael A. Loh, director de la Guardia Nacional A\u00e9rea de Estados Unidos, dijo que el ejercicio va m\u00e1s all\u00e1 de la disuasi\u00f3n. \u201cSe trata de la preparaci\u00f3n de nuestras fuerzas. Es la coordinaci\u00f3n, no s\u00f3lo dentro de la OTAN, sino con nuestros otros aliados y socios fuera de la OTAN\u201d, dijo.<\/p>\n<p>Loh dijo que el ejercicio ser\u00eda una oportunidad para que los aviadores estadounidenses m\u00e1s j\u00f3venes, muchos de los cuales adquiri\u00f3 experiencia principalmente sirviendo en Oriente Medio, establezcan relaciones con aliados en Europa y se preparen para un escenario militar diferente.<\/p>\n<p>\u201cSe trata de establecer ahora lo que significa ir contra una gran potencia, en una competici\u00f3n de grandes potencias\u201d, dijo.<\/p>\n<p>Las autoridades declararon que el simulacro causar\u00e1 algunas perturbaciones en los vuelos civiles en Europa durante ese periodo. (Infobae\/AP)<\/p>\n","protected":false},"excerpt":{"rendered":"<p>Alemania se prepara para acoger las mayores maniobras a\u00e9reas en la historia de la OTAN, una demostraci\u00f3n de fuerza que pretende impresionar a sus aliados y posibles adversarios, como Rusia, seg\u00fan dijeron funcionarios alemanes y estadounidenses. El ejercicio Defensor A\u00e9reo 23, que comenzar\u00e1 la semana que viene, incluir\u00e1 10.000 participantes y 250 aeronaves de 25 [&hellip;]<\/p>\n","protected":false},"author":1,"featured_media":158773,"comment_status":"closed","ping_status":"closed","sticky":false,"template":"","format":"standard","meta":{"_acf_changed":false,"footnotes":""},"categories":[3],"tags":[],"class_list":["post-158772","post","type-post","status-publish","format-standard","has-post-thumbnail","category-internacional"],"acf":{"antetitulo":""},"yoast_head":"<!-- This site is optimized with the Yoast SEO plugin v28.4 - https:\/\/yoast.com\/product\/yoast-seo-wordpress\/ -->\n<title>La OTAN prepara las mayores maniobras a\u00e9reas de su historia - El Diario - Bolivia<\/title>\n<meta name=\"robots\" content=\"index, follow, max-snippet:-1, max-image-preview:large, max-video-preview:-1\" \/>\n<link rel=\"canonical\" href=\"https:\/\/www.eldiario.net\/portal\/2023\/06\/08\/la-otan-prepara-las-mayores-maniobras-aereas-de-su-historia\/\" \/>\n<meta property=\"og:locale\" content=\"es_ES\" \/>\n<meta property=\"og:type\" content=\"article\" \/>\n<meta property=\"og:title\" content=\"La OTAN prepara las mayores maniobras a\u00e9reas de su historia - El Diario - Bolivia\" \/>\n<meta property=\"og:description\" content=\"Alemania se prepara para acoger las mayores maniobras a\u00e9reas en la historia de la OTAN, una demostraci\u00f3n de fuerza que pretende impresionar a sus aliados y posibles adversarios, como Rusia, seg\u00fan dijeron funcionarios alemanes y estadounidenses. El ejercicio Defensor A\u00e9reo 23, que comenzar\u00e1 la semana que viene, incluir\u00e1 10.000 participantes y 250 aeronaves de 25 [&hellip;]\" \/>\n<meta property=\"og:url\" content=\"https:\/\/www.eldiario.net\/portal\/2023\/06\/08\/la-otan-prepara-las-mayores-maniobras-aereas-de-su-historia\/\" \/>\n<meta property=\"og:site_name\" content=\"El Diario - Bolivia\" \/>\n<meta property=\"article:publisher\" content=\"https:\/\/www.facebook.com\/eldiario.bolivia\/\" \/>\n<meta property=\"article:published_time\" content=\"2023-06-08T10:26:06+00:00\" \/>\n<meta property=\"og:image\" content=\"https:\/\/www.eldiario.net\/portal\/wp-content\/uploads\/2023\/06\/RUSIA-FOTO.jpeg\" \/>\n\t<meta property=\"og:image:width\" content=\"1600\" \/>\n\t<meta property=\"og:image:height\" content=\"1012\" \/>\n\t<meta property=\"og:image:type\" content=\"image\/jpeg\" \/>\n<meta name=\"author\" content=\"Jeanette\" \/>\n<meta name=\"twitter:card\" content=\"summary_large_image\" \/>\n<meta name=\"twitter:creator\" content=\"@eldiario_net\" \/>\n<meta name=\"twitter:site\" content=\"@eldiario_net\" \/>\n<meta name=\"twitter:label1\" content=\"Escrito por\" \/>\n\t<meta name=\"twitter:data1\" content=\"Jeanette\" \/>\n\t<meta name=\"twitter:label2\" content=\"Tiempo de lectura\" \/>\n\t<meta name=\"twitter:data2\" content=\"2 minutos\" \/>\n<script type=\"application\/ld+json\" class=\"yoast-schema-graph\">{\"@context\":\"https:\\\/\\\/schema.org\",\"@graph\":[{\"@type\":\"Article\",\"@id\":\"https:\\\/\\\/www.eldiario.net\\\/portal\\\/2023\\\/06\\\/08\\\/la-otan-prepara-las-mayores-maniobras-aereas-de-su-historia\\\/#article\",\"isPartOf\":{\"@id\":\"https:\\\/\\\/www.eldiario.net\\\/portal\\\/2023\\\/06\\\/08\\\/la-otan-prepara-las-mayores-maniobras-aereas-de-su-historia\\\/\"},\"author\":{\"name\":\"Jeanette\",\"@id\":\"https:\\\/\\\/www.eldiario.net\\\/portal\\\/#\\\/schema\\\/person\\\/2c57cf2b7a7ae032e449e4c9b1019eac\"},\"headline\":\"La OTAN prepara las mayores maniobras a\u00e9reas de su historia\",\"datePublished\":\"2023-06-08T10:26:06+00:00\",\"mainEntityOfPage\":{\"@id\":\"https:\\\/\\\/www.eldiario.net\\\/portal\\\/2023\\\/06\\\/08\\\/la-otan-prepara-las-mayores-maniobras-aereas-de-su-historia\\\/\"},\"wordCount\":417,\"publisher\":{\"@id\":\"https:\\\/\\\/www.eldiario.net\\\/portal\\\/#organization\"},\"image\":{\"@id\":\"https:\\\/\\\/www.eldiario.net\\\/portal\\\/2023\\\/06\\\/08\\\/la-otan-prepara-las-mayores-maniobras-aereas-de-su-historia\\\/#primaryimage\"},\"thumbnailUrl\":\"https:\\\/\\\/www.eldiario.net\\\/portal\\\/wp-content\\\/uploads\\\/2023\\\/06\\\/RUSIA-FOTO.jpeg\",\"articleSection\":[\"Internacional\"],\"inLanguage\":\"es\"},{\"@type\":\"WebPage\",\"@id\":\"https:\\\/\\\/www.eldiario.net\\\/portal\\\/2023\\\/06\\\/08\\\/la-otan-prepara-las-mayores-maniobras-aereas-de-su-historia\\\/\",\"url\":\"https:\\\/\\\/www.eldiario.net\\\/portal\\\/2023\\\/06\\\/08\\\/la-otan-prepara-las-mayores-maniobras-aereas-de-su-historia\\\/\",\"name\":\"La OTAN prepara las mayores maniobras a\u00e9reas de su historia - El Diario - Bolivia\",\"isPartOf\":{\"@id\":\"https:\\\/\\\/www.eldiario.net\\\/portal\\\/#website\"},\"primaryImageOfPage\":{\"@id\":\"https:\\\/\\\/www.eldiario.net\\\/portal\\\/2023\\\/06\\\/08\\\/la-otan-prepara-las-mayores-maniobras-aereas-de-su-historia\\\/#primaryimage\"},\"image\":{\"@id\":\"https:\\\/\\\/www.eldiario.net\\\/portal\\\/2023\\\/06\\\/08\\\/la-otan-prepara-las-mayores-maniobras-aereas-de-su-historia\\\/#primaryimage\"},\"thumbnailUrl\":\"https:\\\/\\\/www.eldiario.net\\\/portal\\\/wp-content\\\/uploads\\\/2023\\\/06\\\/RUSIA-FOTO.jpeg\",\"datePublished\":\"2023-06-08T10:26:06+00:00\",\"breadcrumb\":{\"@id\":\"https:\\\/\\\/www.eldiario.net\\\/portal\\\/2023\\\/06\\\/08\\\/la-otan-prepara-las-mayores-maniobras-aereas-de-su-historia\\\/#breadcrumb\"},\"inLanguage\":\"es\",\"potentialAction\":[{\"@type\":\"ReadAction\",\"target\":[\"https:\\\/\\\/www.eldiario.net\\\/portal\\\/2023\\\/06\\\/08\\\/la-otan-prepara-las-mayores-maniobras-aereas-de-su-historia\\\/\"]}]},{\"@type\":\"ImageObject\",\"inLanguage\":\"es\",\"@id\":\"https:\\\/\\\/www.eldiario.net\\\/portal\\\/2023\\\/06\\\/08\\\/la-otan-prepara-las-mayores-maniobras-aereas-de-su-historia\\\/#primaryimage\",\"url\":\"https:\\\/\\\/www.eldiario.net\\\/portal\\\/wp-content\\\/uploads\\\/2023\\\/06\\\/RUSIA-FOTO.jpeg\",\"contentUrl\":\"https:\\\/\\\/www.eldiario.net\\\/portal\\\/wp-content\\\/uploads\\\/2023\\\/06\\\/RUSIA-FOTO.jpeg\",\"width\":1600,\"height\":1012,\"caption\":\"UNA DE LAS AERONAVES QUE RESPONDER\u00c1N A UN ATAQUE SIMULADO. FOTO: Reuters\"},{\"@type\":\"BreadcrumbList\",\"@id\":\"https:\\\/\\\/www.eldiario.net\\\/portal\\\/2023\\\/06\\\/08\\\/la-otan-prepara-las-mayores-maniobras-aereas-de-su-historia\\\/#breadcrumb\",\"itemListElement\":[{\"@type\":\"ListItem\",\"position\":1,\"name\":\"Portada\",\"item\":\"https:\\\/\\\/www.eldiario.net\\\/portal\\\/\"},{\"@type\":\"ListItem\",\"position\":2,\"name\":\"La OTAN prepara las mayores maniobras a\u00e9reas de su historia\"}]},{\"@type\":\"WebSite\",\"@id\":\"https:\\\/\\\/www.eldiario.net\\\/portal\\\/#website\",\"url\":\"https:\\\/\\\/www.eldiario.net\\\/portal\\\/\",\"name\":\"El Diario - Decano de la prensa nacional\",\"description\":\"El Diario - Decano de la prensa nacional\",\"publisher\":{\"@id\":\"https:\\\/\\\/www.eldiario.net\\\/portal\\\/#organization\"},\"potentialAction\":[{\"@type\":\"SearchAction\",\"target\":{\"@type\":\"EntryPoint\",\"urlTemplate\":\"https:\\\/\\\/www.eldiario.net\\\/portal\\\/?s={search_term_string}\"},\"query-input\":{\"@type\":\"PropertyValueSpecification\",\"valueRequired\":true,\"valueName\":\"search_term_string\"}}],\"inLanguage\":\"es\"},{\"@type\":\"Organization\",\"@id\":\"https:\\\/\\\/www.eldiario.net\\\/portal\\\/#organization\",\"name\":\"El Diario - Decano de la prensa nacional\",\"url\":\"https:\\\/\\\/www.eldiario.net\\\/portal\\\/\",\"logo\":{\"@type\":\"ImageObject\",\"inLanguage\":\"es\",\"@id\":\"https:\\\/\\\/www.eldiario.net\\\/portal\\\/#\\\/schema\\\/logo\\\/image\\\/\",\"url\":\"https:\\\/\\\/www.eldiario.net\\\/portal\\\/wp-content\\\/uploads\\\/2023\\\/07\\\/logo_ED.jpg\",\"contentUrl\":\"https:\\\/\\\/www.eldiario.net\\\/portal\\\/wp-content\\\/uploads\\\/2023\\\/07\\\/logo_ED.jpg\",\"width\":272,\"height\":52,\"caption\":\"El Diario - Decano de la prensa nacional\"},\"image\":{\"@id\":\"https:\\\/\\\/www.eldiario.net\\\/portal\\\/#\\\/schema\\\/logo\\\/image\\\/\"},\"sameAs\":[\"https:\\\/\\\/www.facebook.com\\\/eldiario.bolivia\\\/\",\"https:\\\/\\\/x.com\\\/eldiario_net\"]},{\"@type\":\"Person\",\"@id\":\"https:\\\/\\\/www.eldiario.net\\\/portal\\\/#\\\/schema\\\/person\\\/2c57cf2b7a7ae032e449e4c9b1019eac\",\"name\":\"Jeanette\",\"image\":{\"@type\":\"ImageObject\",\"inLanguage\":\"es\",\"@id\":\"https:\\\/\\\/secure.gravatar.com\\\/avatar\\\/3ea2118a5f7dad2b7138b1187a6b7ee55f160b9968b66013c3a3ef39dd7e5798?s=96&d=mm&r=g\",\"url\":\"https:\\\/\\\/secure.gravatar.com\\\/avatar\\\/3ea2118a5f7dad2b7138b1187a6b7ee55f160b9968b66013c3a3ef39dd7e5798?s=96&d=mm&r=g\",\"contentUrl\":\"https:\\\/\\\/secure.gravatar.com\\\/avatar\\\/3ea2118a5f7dad2b7138b1187a6b7ee55f160b9968b66013c3a3ef39dd7e5798?s=96&d=mm&r=g\",\"caption\":\"Jeanette\"},\"sameAs\":[\"https:\\\/\\\/www.eldiario.net\\\/portal\"],\"url\":\"https:\\\/\\\/www.eldiario.net\\\/portal\\\/author\\\/jeanette\\\/\"}]}<\/script>\n<!-- \/ Yoast SEO plugin. -->","yoast_head_json":{"title":"La OTAN prepara las mayores maniobras a\u00e9reas de su historia - El Diario - Bolivia","robots":{"index":"index","follow":"follow","max-snippet":"max-snippet:-1","max-image-preview":"max-image-preview:large","max-video-preview":"max-video-preview:-1"},"canonical":"https:\/\/www.eldiario.net\/portal\/2023\/06\/08\/la-otan-prepara-las-mayores-maniobras-aereas-de-su-historia\/","og_locale":"es_ES","og_type":"article","og_title":"La OTAN prepara las mayores maniobras a\u00e9reas de su historia - El Diario - Bolivia","og_description":"Alemania se prepara para acoger las mayores maniobras a\u00e9reas en la historia de la OTAN, una demostraci\u00f3n de fuerza que pretende impresionar a sus aliados y posibles adversarios, como Rusia, seg\u00fan dijeron funcionarios alemanes y estadounidenses. El ejercicio Defensor A\u00e9reo 23, que comenzar\u00e1 la semana que viene, incluir\u00e1 10.000 participantes y 250 aeronaves de 25 [&hellip;]","og_url":"https:\/\/www.eldiario.net\/portal\/2023\/06\/08\/la-otan-prepara-las-mayores-maniobras-aereas-de-su-historia\/","og_site_name":"El Diario - Bolivia","article_publisher":"https:\/\/www.facebook.com\/eldiario.bolivia\/","article_published_time":"2023-06-08T10:26:06+00:00","og_image":[{"width":1600,"height":1012,"url":"https:\/\/www.eldiario.net\/portal\/wp-content\/uploads\/2023\/06\/RUSIA-FOTO.jpeg","type":"image\/jpeg"}],"author":"Jeanette","twitter_card":"summary_large_image","twitter_creator":"@eldiario_net","twitter_site":"@eldiario_net","twitter_misc":{"Escrito por":"Jeanette","Tiempo de lectura":"2 minutos"},"schema":{"@context":"https:\/\/schema.org","@graph":[{"@type":"Article","@id":"https:\/\/www.eldiario.net\/portal\/2023\/06\/08\/la-otan-prepara-las-mayores-maniobras-aereas-de-su-historia\/#article","isPartOf":{"@id":"https:\/\/www.eldiario.net\/portal\/2023\/06\/08\/la-otan-prepara-las-mayores-maniobras-aereas-de-su-historia\/"},"author":{"name":"Jeanette","@id":"https:\/\/www.eldiario.net\/portal\/#\/schema\/person\/2c57cf2b7a7ae032e449e4c9b1019eac"},"headline":"La OTAN prepara las mayores maniobras a\u00e9reas de su historia","datePublished":"2023-06-08T10:26:06+00:00","mainEntityOfPage":{"@id":"https:\/\/www.eldiario.net\/portal\/2023\/06\/08\/la-otan-prepara-las-mayores-maniobras-aereas-de-su-historia\/"},"wordCount":417,"publisher":{"@id":"https:\/\/www.eldiario.net\/portal\/#organization"},"image":{"@id":"https:\/\/www.eldiario.net\/portal\/2023\/06\/08\/la-otan-prepara-las-mayores-maniobras-aereas-de-su-historia\/#primaryimage"},"thumbnailUrl":"https:\/\/www.eldiario.net\/portal\/wp-content\/uploads\/2023\/06\/RUSIA-FOTO.jpeg","articleSection":["Internacional"],"inLanguage":"es"},{"@type":"WebPage","@id":"https:\/\/www.eldiario.net\/portal\/2023\/06\/08\/la-otan-prepara-las-mayores-maniobras-aereas-de-su-historia\/","url":"https:\/\/www.eldiario.net\/portal\/2023\/06\/08\/la-otan-prepara-las-mayores-maniobras-aereas-de-su-historia\/","name":"La OTAN prepara las mayores maniobras a\u00e9reas de su historia - El Diario - Bolivia","isPartOf":{"@id":"https:\/\/www.eldiario.net\/portal\/#website"},"primaryImageOfPage":{"@id":"https:\/\/www.eldiario.net\/portal\/2023\/06\/08\/la-otan-prepara-las-mayores-maniobras-aereas-de-su-historia\/#primaryimage"},"image":{"@id":"https:\/\/www.eldiario.net\/portal\/2023\/06\/08\/la-otan-prepara-las-mayores-maniobras-aereas-de-su-historia\/#primaryimage"},"thumbnailUrl":"https:\/\/www.eldiario.net\/portal\/wp-content\/uploads\/2023\/06\/RUSIA-FOTO.jpeg","datePublished":"2023-06-08T10:26:06+00:00","breadcrumb":{"@id":"https:\/\/www.eldiario.net\/portal\/2023\/06\/08\/la-otan-prepara-las-mayores-maniobras-aereas-de-su-historia\/#breadcrumb"},"inLanguage":"es","potentialAction":[{"@type":"ReadAction","target":["https:\/\/www.eldiario.net\/portal\/2023\/06\/08\/la-otan-prepara-las-mayores-maniobras-aereas-de-su-historia\/"]}]},{"@type":"ImageObject","inLanguage":"es","@id":"https:\/\/www.eldiario.net\/portal\/2023\/06\/08\/la-otan-prepara-las-mayores-maniobras-aereas-de-su-historia\/#primaryimage","url":"https:\/\/www.eldiario.net\/portal\/wp-content\/uploads\/2023\/06\/RUSIA-FOTO.jpeg","contentUrl":"https:\/\/www.eldiario.net\/portal\/wp-content\/uploads\/2023\/06\/RUSIA-FOTO.jpeg","width":1600,"height":1012,"caption":"UNA DE LAS AERONAVES QUE RESPONDER\u00c1N A UN ATAQUE SIMULADO. FOTO: Reuters"},{"@type":"BreadcrumbList","@id":"https:\/\/www.eldiario.net\/portal\/2023\/06\/08\/la-otan-prepara-las-mayores-maniobras-aereas-de-su-historia\/#breadcrumb","itemListElement":[{"@type":"ListItem","position":1,"name":"Portada","item":"https:\/\/www.eldiario.net\/portal\/"},{"@type":"ListItem","position":2,"name":"La OTAN prepara las mayores maniobras a\u00e9reas de su historia"}]},{"@type":"WebSite","@id":"https:\/\/www.eldiario.net\/portal\/#website","url":"https:\/\/www.eldiario.net\/portal\/","name":"El Diario - Decano de la prensa nacional","description":"El Diario - Decano de la prensa nacional","publisher":{"@id":"https:\/\/www.eldiario.net\/portal\/#organization"},"potentialAction":[{"@type":"SearchAction","target":{"@type":"EntryPoint","urlTemplate":"https:\/\/www.eldiario.net\/portal\/?s={search_term_string}"},"query-input":{"@type":"PropertyValueSpecification","valueRequired":true,"valueName":"search_term_string"}}],"inLanguage":"es"},{"@type":"Organization","@id":"https:\/\/www.eldiario.net\/portal\/#organization","name":"El Diario - Decano de la prensa nacional","url":"https:\/\/www.eldiario.net\/portal\/","logo":{"@type":"ImageObject","inLanguage":"es","@id":"https:\/\/www.eldiario.net\/portal\/#\/schema\/logo\/image\/","url":"https:\/\/www.eldiario.net\/portal\/wp-content\/uploads\/2023\/07\/logo_ED.jpg","contentUrl":"https:\/\/www.eldiario.net\/portal\/wp-content\/uploads\/2023\/07\/logo_ED.jpg","width":272,"height":52,"caption":"El Diario - Decano de la prensa nacional"},"image":{"@id":"https:\/\/www.eldiario.net\/portal\/#\/schema\/logo\/image\/"},"sameAs":["https:\/\/www.facebook.com\/eldiario.bolivia\/","https:\/\/x.com\/eldiario_net"]},{"@type":"Person","@id":"https:\/\/www.eldiario.net\/portal\/#\/schema\/person\/2c57cf2b7a7ae032e449e4c9b1019eac","name":"Jeanette","image":{"@type":"ImageObject","inLanguage":"es","@id":"https:\/\/secure.gravatar.com\/avatar\/3ea2118a5f7dad2b7138b1187a6b7ee55f160b9968b66013c3a3ef39dd7e5798?s=96&d=mm&r=g","url":"https:\/\/secure.gravatar.com\/avatar\/3ea2118a5f7dad2b7138b1187a6b7ee55f160b9968b66013c3a3ef39dd7e5798?s=96&d=mm&r=g","contentUrl":"https:\/\/secure.gravatar.com\/avatar\/3ea2118a5f7dad2b7138b1187a6b7ee55f160b9968b66013c3a3ef39dd7e5798?s=96&d=mm&r=g","caption":"Jeanette"},"sameAs":["https:\/\/www.eldiario.net\/portal"],"url":"https:\/\/www.eldiario.net\/portal\/author\/jeanette\/"}]}},"_links":{"self":[{"href":"https:\/\/www.eldiario.net\/portal\/wp-json\/wp\/v2\/posts\/158772","targetHints":{"allow":["GET"]}}],"collection":[{"href":"https:\/\/www.eldiario.net\/portal\/wp-json\/wp\/v2\/posts"}],"about":[{"href":"https:\/\/www.eldiario.net\/portal\/wp-json\/wp\/v2\/types\/post"}],"author":[{"embeddable":true,"href":"https:\/\/www.eldiario.net\/portal\/wp-json\/wp\/v2\/users\/1"}],"replies":[{"embeddable":true,"href":"https:\/\/www.eldiario.net\/portal\/wp-json\/wp\/v2\/comments?post=158772"}],"version-history":[{"count":0,"href":"https:\/\/www.eldiario.net\/portal\/wp-json\/wp\/v2\/posts\/158772\/revisions"}],"wp:featuredmedia":[{"embeddable":true,"href":"https:\/\/www.eldiario.net\/portal\/wp-json\/wp\/v2\/media\/158773"}],"wp:attachment":[{"href":"https:\/\/www.eldiario.net\/portal\/wp-json\/wp\/v2\/media?parent=158772"}],"wp:term":[{"taxonomy":"category","embeddable":true,"href":"https:\/\/www.eldiario.net\/portal\/wp-json\/wp\/v2\/categories?post=158772"},{"taxonomy":"post_tag","embeddable":true,"href":"https:\/\/www.eldiario.net\/portal\/wp-json\/wp\/v2\/tags?post=158772"}],"curies":[{"name":"wp","href":"https:\/\/api.w.org\/{rel}","templated":true}]}}