{"id":158769,"date":"2023-06-08T06:25:09","date_gmt":"2023-06-08T10:25:09","guid":{"rendered":"https:\/\/www.eldiario.net\/portal\/?p=158769"},"modified":"2023-06-08T06:25:09","modified_gmt":"2023-06-08T10:25:09","slug":"asesinados-cerca-de-20-civiles-en-nuevos-ataques-de-las-adf","status":"publish","type":"post","link":"https:\/\/www.eldiario.net\/portal\/2023\/06\/08\/asesinados-cerca-de-20-civiles-en-nuevos-ataques-de-las-adf\/","title":{"rendered":"Asesinados cerca de 20 civiles  en nuevos ataques de las ADF"},"content":{"rendered":"<p>Alrededor de 20 civiles fueron asesinados en ataques perpetrados por supuestos miembros de las Fuerzas Democr\u00e1ticas Aliadas (ADF) contra varias localidades en la provincia de Ituri, en el este de Rep\u00fablica Democr\u00e1tica del Congo (RDC).<\/p>\n<p>La organizaci\u00f3n no gubernamental Convenci\u00f3n para el Respeto de los Derechos Humanos (CRDH) se\u00f1al\u00f3 que ocho personas murieron y varias fueron secuestradas en un ataque ejecutado contra las aldeas de Mutuyeyi, Bekembele y Bulesi, situadas en los alrededores de Komanda, en el territorio de Irumu.<\/p>\n<p>Apenas un d\u00eda despu\u00e9s, los asaltantes regresaron a la localidad de Muteyi, donde mataron a ocho agricultores. Posteriormente, otros dos civiles murieron horas despu\u00e9s en un ataque en la localidad de Makanga, ubicada en el territorio de Mambasa.<\/p>\n<p>Las fuerzas de la Misi\u00f3n de Naciones Unidas en RDC (Monusco) hab\u00edan instalado a principios de mayo una base temporal en Loya, a 16 kil\u00f3metros de Komanda, para intentar hacer frente al repunte de los ataques por parte de las ADF, que mantienen lazos con el grupo yihadista Estado Isl\u00e1mico.<\/p>\n<p>Las ADF, un grupo ugand\u00e9s creado en la d\u00e9cada de los noventa especialmente activo en el este de RDC y acusado de la matanza de cientos de civiles en esta zona del pa\u00eds, sufri\u00f3 una escisi\u00f3n en 2019 despu\u00e9s de que su l\u00edder jurara lealtad al grupo yihadista Estado Isl\u00e1mico en \u00c1frica Central (ISCA), bajo cuya bandera act\u00faa desde entonces. (Europa Press)<\/p>\n","protected":false},"excerpt":{"rendered":"<p>Alrededor de 20 civiles fueron asesinados en ataques perpetrados por supuestos miembros de las Fuerzas Democr\u00e1ticas Aliadas (ADF) contra varias localidades en la provincia de Ituri, en el este de Rep\u00fablica Democr\u00e1tica del Congo (RDC). La organizaci\u00f3n no gubernamental Convenci\u00f3n para el Respeto de los Derechos Humanos (CRDH) se\u00f1al\u00f3 que ocho personas murieron y varias [&hellip;]<\/p>\n","protected":false},"author":1,"featured_media":158770,"comment_status":"closed","ping_status":"closed","sticky":false,"template":"","format":"standard","meta":{"_acf_changed":false,"footnotes":""},"categories":[3],"tags":[],"class_list":["post-158769","post","type-post","status-publish","format-standard","has-post-thumbnail","category-internacional"],"acf":{"antetitulo":""},"yoast_head":"<!-- This site is optimized with the Yoast SEO plugin v28.4 - https:\/\/yoast.com\/product\/yoast-seo-wordpress\/ -->\n<title>Asesinados cerca de 20 civiles en nuevos ataques de las ADF - El Diario - Bolivia<\/title>\n<meta name=\"robots\" content=\"index, follow, max-snippet:-1, max-image-preview:large, max-video-preview:-1\" \/>\n<link rel=\"canonical\" href=\"https:\/\/www.eldiario.net\/portal\/2023\/06\/08\/asesinados-cerca-de-20-civiles-en-nuevos-ataques-de-las-adf\/\" \/>\n<meta property=\"og:locale\" content=\"es_ES\" \/>\n<meta property=\"og:type\" content=\"article\" \/>\n<meta property=\"og:title\" content=\"Asesinados cerca de 20 civiles en nuevos ataques de las ADF - El Diario - Bolivia\" \/>\n<meta property=\"og:description\" content=\"Alrededor de 20 civiles fueron asesinados en ataques perpetrados por supuestos miembros de las Fuerzas Democr\u00e1ticas Aliadas (ADF) contra varias localidades en la provincia de Ituri, en el este de Rep\u00fablica Democr\u00e1tica del Congo (RDC). La organizaci\u00f3n no gubernamental Convenci\u00f3n para el Respeto de los Derechos Humanos (CRDH) se\u00f1al\u00f3 que ocho personas murieron y varias [&hellip;]\" \/>\n<meta property=\"og:url\" content=\"https:\/\/www.eldiario.net\/portal\/2023\/06\/08\/asesinados-cerca-de-20-civiles-en-nuevos-ataques-de-las-adf\/\" \/>\n<meta property=\"og:site_name\" content=\"El Diario - Bolivia\" \/>\n<meta property=\"article:publisher\" content=\"https:\/\/www.facebook.com\/eldiario.bolivia\/\" \/>\n<meta property=\"article:published_time\" content=\"2023-06-08T10:25:09+00:00\" \/>\n<meta property=\"og:image\" content=\"https:\/\/www.eldiario.net\/portal\/wp-content\/uploads\/2023\/06\/ULTIMA-FOTO.jpeg\" \/>\n\t<meta property=\"og:image:width\" content=\"1200\" \/>\n\t<meta property=\"og:image:height\" content=\"800\" \/>\n\t<meta property=\"og:image:type\" content=\"image\/jpeg\" \/>\n<meta name=\"author\" content=\"Jeanette\" \/>\n<meta name=\"twitter:card\" content=\"summary_large_image\" \/>\n<meta name=\"twitter:creator\" content=\"@eldiario_net\" \/>\n<meta name=\"twitter:site\" content=\"@eldiario_net\" \/>\n<meta name=\"twitter:label1\" content=\"Escrito por\" \/>\n\t<meta name=\"twitter:data1\" content=\"Jeanette\" \/>\n\t<meta name=\"twitter:label2\" content=\"Tiempo de lectura\" \/>\n\t<meta name=\"twitter:data2\" content=\"2 minutos\" \/>\n<script type=\"application\/ld+json\" class=\"yoast-schema-graph\">{\"@context\":\"https:\\\/\\\/schema.org\",\"@graph\":[{\"@type\":\"Article\",\"@id\":\"https:\\\/\\\/www.eldiario.net\\\/portal\\\/2023\\\/06\\\/08\\\/asesinados-cerca-de-20-civiles-en-nuevos-ataques-de-las-adf\\\/#article\",\"isPartOf\":{\"@id\":\"https:\\\/\\\/www.eldiario.net\\\/portal\\\/2023\\\/06\\\/08\\\/asesinados-cerca-de-20-civiles-en-nuevos-ataques-de-las-adf\\\/\"},\"author\":{\"name\":\"Jeanette\",\"@id\":\"https:\\\/\\\/www.eldiario.net\\\/portal\\\/#\\\/schema\\\/person\\\/f46445640444750d7d753ccd04ae01b7\"},\"headline\":\"Asesinados cerca de 20 civiles en nuevos ataques de las ADF\",\"datePublished\":\"2023-06-08T10:25:09+00:00\",\"mainEntityOfPage\":{\"@id\":\"https:\\\/\\\/www.eldiario.net\\\/portal\\\/2023\\\/06\\\/08\\\/asesinados-cerca-de-20-civiles-en-nuevos-ataques-de-las-adf\\\/\"},\"wordCount\":258,\"publisher\":{\"@id\":\"https:\\\/\\\/www.eldiario.net\\\/portal\\\/#organization\"},\"image\":{\"@id\":\"https:\\\/\\\/www.eldiario.net\\\/portal\\\/2023\\\/06\\\/08\\\/asesinados-cerca-de-20-civiles-en-nuevos-ataques-de-las-adf\\\/#primaryimage\"},\"thumbnailUrl\":\"https:\\\/\\\/www.eldiario.net\\\/portal\\\/wp-content\\\/uploads\\\/2023\\\/06\\\/ULTIMA-FOTO.jpeg\",\"articleSection\":[\"Internacional\"],\"inLanguage\":\"es\"},{\"@type\":\"WebPage\",\"@id\":\"https:\\\/\\\/www.eldiario.net\\\/portal\\\/2023\\\/06\\\/08\\\/asesinados-cerca-de-20-civiles-en-nuevos-ataques-de-las-adf\\\/\",\"url\":\"https:\\\/\\\/www.eldiario.net\\\/portal\\\/2023\\\/06\\\/08\\\/asesinados-cerca-de-20-civiles-en-nuevos-ataques-de-las-adf\\\/\",\"name\":\"Asesinados cerca de 20 civiles en nuevos ataques de las ADF - El Diario - Bolivia\",\"isPartOf\":{\"@id\":\"https:\\\/\\\/www.eldiario.net\\\/portal\\\/#website\"},\"primaryImageOfPage\":{\"@id\":\"https:\\\/\\\/www.eldiario.net\\\/portal\\\/2023\\\/06\\\/08\\\/asesinados-cerca-de-20-civiles-en-nuevos-ataques-de-las-adf\\\/#primaryimage\"},\"image\":{\"@id\":\"https:\\\/\\\/www.eldiario.net\\\/portal\\\/2023\\\/06\\\/08\\\/asesinados-cerca-de-20-civiles-en-nuevos-ataques-de-las-adf\\\/#primaryimage\"},\"thumbnailUrl\":\"https:\\\/\\\/www.eldiario.net\\\/portal\\\/wp-content\\\/uploads\\\/2023\\\/06\\\/ULTIMA-FOTO.jpeg\",\"datePublished\":\"2023-06-08T10:25:09+00:00\",\"breadcrumb\":{\"@id\":\"https:\\\/\\\/www.eldiario.net\\\/portal\\\/2023\\\/06\\\/08\\\/asesinados-cerca-de-20-civiles-en-nuevos-ataques-de-las-adf\\\/#breadcrumb\"},\"inLanguage\":\"es\",\"potentialAction\":[{\"@type\":\"ReadAction\",\"target\":[\"https:\\\/\\\/www.eldiario.net\\\/portal\\\/2023\\\/06\\\/08\\\/asesinados-cerca-de-20-civiles-en-nuevos-ataques-de-las-adf\\\/\"]}]},{\"@type\":\"ImageObject\",\"inLanguage\":\"es\",\"@id\":\"https:\\\/\\\/www.eldiario.net\\\/portal\\\/2023\\\/06\\\/08\\\/asesinados-cerca-de-20-civiles-en-nuevos-ataques-de-las-adf\\\/#primaryimage\",\"url\":\"https:\\\/\\\/www.eldiario.net\\\/portal\\\/wp-content\\\/uploads\\\/2023\\\/06\\\/ULTIMA-FOTO.jpeg\",\"contentUrl\":\"https:\\\/\\\/www.eldiario.net\\\/portal\\\/wp-content\\\/uploads\\\/2023\\\/06\\\/ULTIMA-FOTO.jpeg\",\"width\":1200,\"height\":800,\"caption\":\"LOS ATAQUES FUERON EJECUTADOS CONTRA ALDEAS DE MUTUYEYI, BEKEMBELE Y BULESI. FOTO: Europa Press\"},{\"@type\":\"BreadcrumbList\",\"@id\":\"https:\\\/\\\/www.eldiario.net\\\/portal\\\/2023\\\/06\\\/08\\\/asesinados-cerca-de-20-civiles-en-nuevos-ataques-de-las-adf\\\/#breadcrumb\",\"itemListElement\":[{\"@type\":\"ListItem\",\"position\":1,\"name\":\"Portada\",\"item\":\"https:\\\/\\\/www.eldiario.net\\\/portal\\\/\"},{\"@type\":\"ListItem\",\"position\":2,\"name\":\"Asesinados cerca de 20 civiles en nuevos ataques de las ADF\"}]},{\"@type\":\"WebSite\",\"@id\":\"https:\\\/\\\/www.eldiario.net\\\/portal\\\/#website\",\"url\":\"https:\\\/\\\/www.eldiario.net\\\/portal\\\/\",\"name\":\"El Diario - Decano de la prensa nacional\",\"description\":\"El Diario - Decano de la prensa nacional\",\"publisher\":{\"@id\":\"https:\\\/\\\/www.eldiario.net\\\/portal\\\/#organization\"},\"potentialAction\":[{\"@type\":\"SearchAction\",\"target\":{\"@type\":\"EntryPoint\",\"urlTemplate\":\"https:\\\/\\\/www.eldiario.net\\\/portal\\\/?s={search_term_string}\"},\"query-input\":{\"@type\":\"PropertyValueSpecification\",\"valueRequired\":true,\"valueName\":\"search_term_string\"}}],\"inLanguage\":\"es\"},{\"@type\":\"Organization\",\"@id\":\"https:\\\/\\\/www.eldiario.net\\\/portal\\\/#organization\",\"name\":\"El Diario - Decano de la prensa nacional\",\"url\":\"https:\\\/\\\/www.eldiario.net\\\/portal\\\/\",\"logo\":{\"@type\":\"ImageObject\",\"inLanguage\":\"es\",\"@id\":\"https:\\\/\\\/www.eldiario.net\\\/portal\\\/#\\\/schema\\\/logo\\\/image\\\/\",\"url\":\"https:\\\/\\\/www.eldiario.net\\\/portal\\\/wp-content\\\/uploads\\\/2023\\\/07\\\/logo_ED.jpg\",\"contentUrl\":\"https:\\\/\\\/www.eldiario.net\\\/portal\\\/wp-content\\\/uploads\\\/2023\\\/07\\\/logo_ED.jpg\",\"width\":272,\"height\":52,\"caption\":\"El Diario - Decano de la prensa nacional\"},\"image\":{\"@id\":\"https:\\\/\\\/www.eldiario.net\\\/portal\\\/#\\\/schema\\\/logo\\\/image\\\/\"},\"sameAs\":[\"https:\\\/\\\/www.facebook.com\\\/eldiario.bolivia\\\/\",\"https:\\\/\\\/x.com\\\/eldiario_net\"]},{\"@type\":\"Person\",\"@id\":\"https:\\\/\\\/www.eldiario.net\\\/portal\\\/#\\\/schema\\\/person\\\/f46445640444750d7d753ccd04ae01b7\",\"name\":\"Jeanette\",\"image\":{\"@type\":\"ImageObject\",\"inLanguage\":\"es\",\"@id\":\"https:\\\/\\\/secure.gravatar.com\\\/avatar\\\/3ea2118a5f7dad2b7138b1187a6b7ee55f160b9968b66013c3a3ef39dd7e5798?s=96&d=mm&r=g\",\"url\":\"https:\\\/\\\/secure.gravatar.com\\\/avatar\\\/3ea2118a5f7dad2b7138b1187a6b7ee55f160b9968b66013c3a3ef39dd7e5798?s=96&d=mm&r=g\",\"contentUrl\":\"https:\\\/\\\/secure.gravatar.com\\\/avatar\\\/3ea2118a5f7dad2b7138b1187a6b7ee55f160b9968b66013c3a3ef39dd7e5798?s=96&d=mm&r=g\",\"caption\":\"Jeanette\"},\"sameAs\":[\"https:\\\/\\\/www.eldiario.net\\\/portal\"],\"url\":\"https:\\\/\\\/www.eldiario.net\\\/portal\\\/author\\\/jeanette\\\/\"}]}<\/script>\n<!-- \/ Yoast SEO plugin. -->","yoast_head_json":{"title":"Asesinados cerca de 20 civiles en nuevos ataques de las ADF - El Diario - Bolivia","robots":{"index":"index","follow":"follow","max-snippet":"max-snippet:-1","max-image-preview":"max-image-preview:large","max-video-preview":"max-video-preview:-1"},"canonical":"https:\/\/www.eldiario.net\/portal\/2023\/06\/08\/asesinados-cerca-de-20-civiles-en-nuevos-ataques-de-las-adf\/","og_locale":"es_ES","og_type":"article","og_title":"Asesinados cerca de 20 civiles en nuevos ataques de las ADF - El Diario - Bolivia","og_description":"Alrededor de 20 civiles fueron asesinados en ataques perpetrados por supuestos miembros de las Fuerzas Democr\u00e1ticas Aliadas (ADF) contra varias localidades en la provincia de Ituri, en el este de Rep\u00fablica Democr\u00e1tica del Congo (RDC). La organizaci\u00f3n no gubernamental Convenci\u00f3n para el Respeto de los Derechos Humanos (CRDH) se\u00f1al\u00f3 que ocho personas murieron y varias [&hellip;]","og_url":"https:\/\/www.eldiario.net\/portal\/2023\/06\/08\/asesinados-cerca-de-20-civiles-en-nuevos-ataques-de-las-adf\/","og_site_name":"El Diario - Bolivia","article_publisher":"https:\/\/www.facebook.com\/eldiario.bolivia\/","article_published_time":"2023-06-08T10:25:09+00:00","og_image":[{"width":1200,"height":800,"url":"https:\/\/www.eldiario.net\/portal\/wp-content\/uploads\/2023\/06\/ULTIMA-FOTO.jpeg","type":"image\/jpeg"}],"author":"Jeanette","twitter_card":"summary_large_image","twitter_creator":"@eldiario_net","twitter_site":"@eldiario_net","twitter_misc":{"Escrito por":"Jeanette","Tiempo de lectura":"2 minutos"},"schema":{"@context":"https:\/\/schema.org","@graph":[{"@type":"Article","@id":"https:\/\/www.eldiario.net\/portal\/2023\/06\/08\/asesinados-cerca-de-20-civiles-en-nuevos-ataques-de-las-adf\/#article","isPartOf":{"@id":"https:\/\/www.eldiario.net\/portal\/2023\/06\/08\/asesinados-cerca-de-20-civiles-en-nuevos-ataques-de-las-adf\/"},"author":{"name":"Jeanette","@id":"https:\/\/www.eldiario.net\/portal\/#\/schema\/person\/f46445640444750d7d753ccd04ae01b7"},"headline":"Asesinados cerca de 20 civiles en nuevos ataques de las ADF","datePublished":"2023-06-08T10:25:09+00:00","mainEntityOfPage":{"@id":"https:\/\/www.eldiario.net\/portal\/2023\/06\/08\/asesinados-cerca-de-20-civiles-en-nuevos-ataques-de-las-adf\/"},"wordCount":258,"publisher":{"@id":"https:\/\/www.eldiario.net\/portal\/#organization"},"image":{"@id":"https:\/\/www.eldiario.net\/portal\/2023\/06\/08\/asesinados-cerca-de-20-civiles-en-nuevos-ataques-de-las-adf\/#primaryimage"},"thumbnailUrl":"https:\/\/www.eldiario.net\/portal\/wp-content\/uploads\/2023\/06\/ULTIMA-FOTO.jpeg","articleSection":["Internacional"],"inLanguage":"es"},{"@type":"WebPage","@id":"https:\/\/www.eldiario.net\/portal\/2023\/06\/08\/asesinados-cerca-de-20-civiles-en-nuevos-ataques-de-las-adf\/","url":"https:\/\/www.eldiario.net\/portal\/2023\/06\/08\/asesinados-cerca-de-20-civiles-en-nuevos-ataques-de-las-adf\/","name":"Asesinados cerca de 20 civiles en nuevos ataques de las ADF - El Diario - Bolivia","isPartOf":{"@id":"https:\/\/www.eldiario.net\/portal\/#website"},"primaryImageOfPage":{"@id":"https:\/\/www.eldiario.net\/portal\/2023\/06\/08\/asesinados-cerca-de-20-civiles-en-nuevos-ataques-de-las-adf\/#primaryimage"},"image":{"@id":"https:\/\/www.eldiario.net\/portal\/2023\/06\/08\/asesinados-cerca-de-20-civiles-en-nuevos-ataques-de-las-adf\/#primaryimage"},"thumbnailUrl":"https:\/\/www.eldiario.net\/portal\/wp-content\/uploads\/2023\/06\/ULTIMA-FOTO.jpeg","datePublished":"2023-06-08T10:25:09+00:00","breadcrumb":{"@id":"https:\/\/www.eldiario.net\/portal\/2023\/06\/08\/asesinados-cerca-de-20-civiles-en-nuevos-ataques-de-las-adf\/#breadcrumb"},"inLanguage":"es","potentialAction":[{"@type":"ReadAction","target":["https:\/\/www.eldiario.net\/portal\/2023\/06\/08\/asesinados-cerca-de-20-civiles-en-nuevos-ataques-de-las-adf\/"]}]},{"@type":"ImageObject","inLanguage":"es","@id":"https:\/\/www.eldiario.net\/portal\/2023\/06\/08\/asesinados-cerca-de-20-civiles-en-nuevos-ataques-de-las-adf\/#primaryimage","url":"https:\/\/www.eldiario.net\/portal\/wp-content\/uploads\/2023\/06\/ULTIMA-FOTO.jpeg","contentUrl":"https:\/\/www.eldiario.net\/portal\/wp-content\/uploads\/2023\/06\/ULTIMA-FOTO.jpeg","width":1200,"height":800,"caption":"LOS ATAQUES FUERON EJECUTADOS CONTRA ALDEAS DE MUTUYEYI, BEKEMBELE Y BULESI. FOTO: Europa Press"},{"@type":"BreadcrumbList","@id":"https:\/\/www.eldiario.net\/portal\/2023\/06\/08\/asesinados-cerca-de-20-civiles-en-nuevos-ataques-de-las-adf\/#breadcrumb","itemListElement":[{"@type":"ListItem","position":1,"name":"Portada","item":"https:\/\/www.eldiario.net\/portal\/"},{"@type":"ListItem","position":2,"name":"Asesinados cerca de 20 civiles en nuevos ataques de las ADF"}]},{"@type":"WebSite","@id":"https:\/\/www.eldiario.net\/portal\/#website","url":"https:\/\/www.eldiario.net\/portal\/","name":"El Diario - Decano de la prensa nacional","description":"El Diario - Decano de la prensa nacional","publisher":{"@id":"https:\/\/www.eldiario.net\/portal\/#organization"},"potentialAction":[{"@type":"SearchAction","target":{"@type":"EntryPoint","urlTemplate":"https:\/\/www.eldiario.net\/portal\/?s={search_term_string}"},"query-input":{"@type":"PropertyValueSpecification","valueRequired":true,"valueName":"search_term_string"}}],"inLanguage":"es"},{"@type":"Organization","@id":"https:\/\/www.eldiario.net\/portal\/#organization","name":"El Diario - Decano de la prensa nacional","url":"https:\/\/www.eldiario.net\/portal\/","logo":{"@type":"ImageObject","inLanguage":"es","@id":"https:\/\/www.eldiario.net\/portal\/#\/schema\/logo\/image\/","url":"https:\/\/www.eldiario.net\/portal\/wp-content\/uploads\/2023\/07\/logo_ED.jpg","contentUrl":"https:\/\/www.eldiario.net\/portal\/wp-content\/uploads\/2023\/07\/logo_ED.jpg","width":272,"height":52,"caption":"El Diario - Decano de la prensa nacional"},"image":{"@id":"https:\/\/www.eldiario.net\/portal\/#\/schema\/logo\/image\/"},"sameAs":["https:\/\/www.facebook.com\/eldiario.bolivia\/","https:\/\/x.com\/eldiario_net"]},{"@type":"Person","@id":"https:\/\/www.eldiario.net\/portal\/#\/schema\/person\/f46445640444750d7d753ccd04ae01b7","name":"Jeanette","image":{"@type":"ImageObject","inLanguage":"es","@id":"https:\/\/secure.gravatar.com\/avatar\/3ea2118a5f7dad2b7138b1187a6b7ee55f160b9968b66013c3a3ef39dd7e5798?s=96&d=mm&r=g","url":"https:\/\/secure.gravatar.com\/avatar\/3ea2118a5f7dad2b7138b1187a6b7ee55f160b9968b66013c3a3ef39dd7e5798?s=96&d=mm&r=g","contentUrl":"https:\/\/secure.gravatar.com\/avatar\/3ea2118a5f7dad2b7138b1187a6b7ee55f160b9968b66013c3a3ef39dd7e5798?s=96&d=mm&r=g","caption":"Jeanette"},"sameAs":["https:\/\/www.eldiario.net\/portal"],"url":"https:\/\/www.eldiario.net\/portal\/author\/jeanette\/"}]}},"_links":{"self":[{"href":"https:\/\/www.eldiario.net\/portal\/wp-json\/wp\/v2\/posts\/158769","targetHints":{"allow":["GET"]}}],"collection":[{"href":"https:\/\/www.eldiario.net\/portal\/wp-json\/wp\/v2\/posts"}],"about":[{"href":"https:\/\/www.eldiario.net\/portal\/wp-json\/wp\/v2\/types\/post"}],"author":[{"embeddable":true,"href":"https:\/\/www.eldiario.net\/portal\/wp-json\/wp\/v2\/users\/1"}],"replies":[{"embeddable":true,"href":"https:\/\/www.eldiario.net\/portal\/wp-json\/wp\/v2\/comments?post=158769"}],"version-history":[{"count":0,"href":"https:\/\/www.eldiario.net\/portal\/wp-json\/wp\/v2\/posts\/158769\/revisions"}],"wp:featuredmedia":[{"embeddable":true,"href":"https:\/\/www.eldiario.net\/portal\/wp-json\/wp\/v2\/media\/158770"}],"wp:attachment":[{"href":"https:\/\/www.eldiario.net\/portal\/wp-json\/wp\/v2\/media?parent=158769"}],"wp:term":[{"taxonomy":"category","embeddable":true,"href":"https:\/\/www.eldiario.net\/portal\/wp-json\/wp\/v2\/categories?post=158769"},{"taxonomy":"post_tag","embeddable":true,"href":"https:\/\/www.eldiario.net\/portal\/wp-json\/wp\/v2\/tags?post=158769"}],"curies":[{"name":"wp","href":"https:\/\/api.w.org\/{rel}","templated":true}]}}