{"id":158767,"date":"2023-06-08T06:23:17","date_gmt":"2023-06-08T10:23:17","guid":{"rendered":"https:\/\/www.eldiario.net\/portal\/?p=158767"},"modified":"2023-06-08T06:23:17","modified_gmt":"2023-06-08T10:23:17","slug":"preocupa-elevacion-de-precios-de-productos","status":"publish","type":"post","link":"https:\/\/www.eldiario.net\/portal\/2023\/06\/08\/preocupa-elevacion-de-precios-de-productos\/","title":{"rendered":"Preocupa elevaci\u00f3n de precios de productos"},"content":{"rendered":"<p><em><span class=\"dropcap \" style=\"background-color: #ffffff; color: #000000; border-color: #ffffff;\">L<\/span>a elevaci\u00f3n de precios de art\u00edculos de primera necesidad parece ensa\u00f1arse con los pobres en el pa\u00eds, aunque algunos digan que \u201cse nota muy poco\u201d. Sin embargo, muchos sienten ese efecto econ\u00f3mico y, al parecer, aceptan con resignaci\u00f3n lo que se presenta. Suben los precios de art\u00edculos y bienes de uso y consumo y grande parte de la poblaci\u00f3n responde con lo impensado: acomoda su esmirriada econom\u00eda ante la nueva situaci\u00f3n, posiblemente comprando menos y omitiendo lo que no es de urgencia.<\/em><\/p>\n<p><em>Son realidades que vive la poblaci\u00f3n; pero, \u00bfpor cu\u00e1nto tiempo ser\u00e1? La pobreza se hace m\u00e1s latente en tanto la inflaci\u00f3n, lentamente, crece en forma inmisericorde. Es una preocupaci\u00f3n para el gobierno nacional: \u00bfqu\u00e9 hacer ante lo que sobrevenga? \u00bfC\u00f3mo encarar la inflaci\u00f3n que parecer\u00eda a\u00fan no mostrarse claramente? No se muestra en letreros comerciales, pero se la siente y afecta seriamente a la econom\u00eda de cada hogar.<\/em><\/p>\n<p><em>El alza de precios es muy preocupante, por ejemplo, cuando se debe encarar hasta la carencia de medicamentos, la que inclusive pone en apuros a quienes cuentan con seguros y se ven obligados a conseguir dinero para afecciones fuera de previsiones o c\u00e1lculos. \u00bfY cu\u00e1nto se puede decir sobre elevaci\u00f3n de tarifas en cl\u00ednicas que cobran mucho m\u00e1s que hasta hace diez a\u00f1os?<\/em><\/p>\n<p><em>Ser\u00eda importante que las autoridades del sector econ\u00f3mico expliquen lo que hacen para contrarrestar los efectos de la inflaci\u00f3n que se dice no se siente actualmente. No servir\u00e1n de consuelo dichas explicaciones, pero al menos se podr\u00e1 deducir c\u00f3mo se tratar\u00e1 de paliar en alguna forma los efectos de la subida de precios y tarifas, que indudablemente han sido reajustados.<\/em><\/p>\n<p><em>Muchas veces cuando se trata de soportar las consecuencias no previstas de una subida de precios que afecta a la poblaci\u00f3n, no siempre se conviene en la urgencia de adoptar remedios con \u00e9xito, considerando que los que poseen art\u00edculos de uso y consumo desean lograr mayores utilidades a costa de lo que vayan a vender con altos precios. Todo proceso inflacionario castiga a una poblaci\u00f3n siempre dolida por la carencia de lo que se necesita. Por ello el gobierno y el sector de empresas privadas tendr\u00e1n que adoptar medidas previsoras para evitar una mayor elevaci\u00f3n que afecte dr\u00e1sticamente a la econom\u00eda popular. Lo contrario podr\u00eda ocasionar la reacci\u00f3n social por parte de los que tienen poco para hacer frente al hambre y las necesidades que vayan a presentarse.<\/em><\/p>\n","protected":false},"excerpt":{"rendered":"<p>La elevaci\u00f3n de precios de art\u00edculos de primera necesidad parece ensa\u00f1arse con los pobres en el pa\u00eds, aunque algunos digan que \u201cse nota muy poco\u201d. Sin embargo, muchos sienten ese efecto econ\u00f3mico y, al parecer, aceptan con resignaci\u00f3n lo que se presenta. Suben los precios de art\u00edculos y bienes de uso y consumo y grande [&hellip;]<\/p>\n","protected":false},"author":1,"featured_media":0,"comment_status":"closed","ping_status":"closed","sticky":false,"template":"","format":"standard","meta":{"_acf_changed":false,"footnotes":""},"categories":[4],"tags":[],"class_list":["post-158767","post","type-post","status-publish","format-standard","category-editorial"],"acf":{"antetitulo":""},"yoast_head":"<!-- This site is optimized with the Yoast SEO plugin v28.4 - https:\/\/yoast.com\/product\/yoast-seo-wordpress\/ -->\n<title>Preocupa elevaci\u00f3n de precios de productos - El Diario - Bolivia<\/title>\n<meta name=\"robots\" content=\"index, follow, max-snippet:-1, max-image-preview:large, max-video-preview:-1\" \/>\n<link rel=\"canonical\" href=\"https:\/\/www.eldiario.net\/portal\/2023\/06\/08\/preocupa-elevacion-de-precios-de-productos\/\" \/>\n<meta property=\"og:locale\" content=\"es_ES\" \/>\n<meta property=\"og:type\" content=\"article\" \/>\n<meta property=\"og:title\" content=\"Preocupa elevaci\u00f3n de precios de productos - El Diario - Bolivia\" \/>\n<meta property=\"og:description\" content=\"La elevaci\u00f3n de precios de art\u00edculos de primera necesidad parece ensa\u00f1arse con los pobres en el pa\u00eds, aunque algunos digan que \u201cse nota muy poco\u201d. Sin embargo, muchos sienten ese efecto econ\u00f3mico y, al parecer, aceptan con resignaci\u00f3n lo que se presenta. Suben los precios de art\u00edculos y bienes de uso y consumo y grande [&hellip;]\" \/>\n<meta property=\"og:url\" content=\"https:\/\/www.eldiario.net\/portal\/2023\/06\/08\/preocupa-elevacion-de-precios-de-productos\/\" \/>\n<meta property=\"og:site_name\" content=\"El Diario - Bolivia\" \/>\n<meta property=\"article:publisher\" content=\"https:\/\/www.facebook.com\/eldiario.bolivia\/\" \/>\n<meta property=\"article:published_time\" content=\"2023-06-08T10:23:17+00:00\" \/>\n<meta name=\"author\" content=\"Jeanette\" \/>\n<meta name=\"twitter:card\" content=\"summary_large_image\" \/>\n<meta name=\"twitter:creator\" content=\"@eldiario_net\" \/>\n<meta name=\"twitter:site\" content=\"@eldiario_net\" \/>\n<meta name=\"twitter:label1\" content=\"Escrito por\" \/>\n\t<meta name=\"twitter:data1\" content=\"Jeanette\" \/>\n\t<meta name=\"twitter:label2\" content=\"Tiempo de lectura\" \/>\n\t<meta name=\"twitter:data2\" content=\"2 minutos\" \/>\n<script type=\"application\/ld+json\" class=\"yoast-schema-graph\">{\"@context\":\"https:\\\/\\\/schema.org\",\"@graph\":[{\"@type\":\"Article\",\"@id\":\"https:\\\/\\\/www.eldiario.net\\\/portal\\\/2023\\\/06\\\/08\\\/preocupa-elevacion-de-precios-de-productos\\\/#article\",\"isPartOf\":{\"@id\":\"https:\\\/\\\/www.eldiario.net\\\/portal\\\/2023\\\/06\\\/08\\\/preocupa-elevacion-de-precios-de-productos\\\/\"},\"author\":{\"name\":\"Jeanette\",\"@id\":\"https:\\\/\\\/www.eldiario.net\\\/portal\\\/#\\\/schema\\\/person\\\/f46445640444750d7d753ccd04ae01b7\"},\"headline\":\"Preocupa elevaci\u00f3n de precios de productos\",\"datePublished\":\"2023-06-08T10:23:17+00:00\",\"mainEntityOfPage\":{\"@id\":\"https:\\\/\\\/www.eldiario.net\\\/portal\\\/2023\\\/06\\\/08\\\/preocupa-elevacion-de-precios-de-productos\\\/\"},\"wordCount\":448,\"publisher\":{\"@id\":\"https:\\\/\\\/www.eldiario.net\\\/portal\\\/#organization\"},\"articleSection\":[\"Editorial\"],\"inLanguage\":\"es\"},{\"@type\":\"WebPage\",\"@id\":\"https:\\\/\\\/www.eldiario.net\\\/portal\\\/2023\\\/06\\\/08\\\/preocupa-elevacion-de-precios-de-productos\\\/\",\"url\":\"https:\\\/\\\/www.eldiario.net\\\/portal\\\/2023\\\/06\\\/08\\\/preocupa-elevacion-de-precios-de-productos\\\/\",\"name\":\"Preocupa elevaci\u00f3n de precios de productos - El Diario - Bolivia\",\"isPartOf\":{\"@id\":\"https:\\\/\\\/www.eldiario.net\\\/portal\\\/#website\"},\"datePublished\":\"2023-06-08T10:23:17+00:00\",\"breadcrumb\":{\"@id\":\"https:\\\/\\\/www.eldiario.net\\\/portal\\\/2023\\\/06\\\/08\\\/preocupa-elevacion-de-precios-de-productos\\\/#breadcrumb\"},\"inLanguage\":\"es\",\"potentialAction\":[{\"@type\":\"ReadAction\",\"target\":[\"https:\\\/\\\/www.eldiario.net\\\/portal\\\/2023\\\/06\\\/08\\\/preocupa-elevacion-de-precios-de-productos\\\/\"]}]},{\"@type\":\"BreadcrumbList\",\"@id\":\"https:\\\/\\\/www.eldiario.net\\\/portal\\\/2023\\\/06\\\/08\\\/preocupa-elevacion-de-precios-de-productos\\\/#breadcrumb\",\"itemListElement\":[{\"@type\":\"ListItem\",\"position\":1,\"name\":\"Portada\",\"item\":\"https:\\\/\\\/www.eldiario.net\\\/portal\\\/\"},{\"@type\":\"ListItem\",\"position\":2,\"name\":\"Preocupa elevaci\u00f3n de precios de productos\"}]},{\"@type\":\"WebSite\",\"@id\":\"https:\\\/\\\/www.eldiario.net\\\/portal\\\/#website\",\"url\":\"https:\\\/\\\/www.eldiario.net\\\/portal\\\/\",\"name\":\"El Diario - Decano de la prensa nacional\",\"description\":\"El Diario - Decano de la prensa nacional\",\"publisher\":{\"@id\":\"https:\\\/\\\/www.eldiario.net\\\/portal\\\/#organization\"},\"potentialAction\":[{\"@type\":\"SearchAction\",\"target\":{\"@type\":\"EntryPoint\",\"urlTemplate\":\"https:\\\/\\\/www.eldiario.net\\\/portal\\\/?s={search_term_string}\"},\"query-input\":{\"@type\":\"PropertyValueSpecification\",\"valueRequired\":true,\"valueName\":\"search_term_string\"}}],\"inLanguage\":\"es\"},{\"@type\":\"Organization\",\"@id\":\"https:\\\/\\\/www.eldiario.net\\\/portal\\\/#organization\",\"name\":\"El Diario - Decano de la prensa nacional\",\"url\":\"https:\\\/\\\/www.eldiario.net\\\/portal\\\/\",\"logo\":{\"@type\":\"ImageObject\",\"inLanguage\":\"es\",\"@id\":\"https:\\\/\\\/www.eldiario.net\\\/portal\\\/#\\\/schema\\\/logo\\\/image\\\/\",\"url\":\"https:\\\/\\\/www.eldiario.net\\\/portal\\\/wp-content\\\/uploads\\\/2023\\\/07\\\/logo_ED.jpg\",\"contentUrl\":\"https:\\\/\\\/www.eldiario.net\\\/portal\\\/wp-content\\\/uploads\\\/2023\\\/07\\\/logo_ED.jpg\",\"width\":272,\"height\":52,\"caption\":\"El Diario - Decano de la prensa nacional\"},\"image\":{\"@id\":\"https:\\\/\\\/www.eldiario.net\\\/portal\\\/#\\\/schema\\\/logo\\\/image\\\/\"},\"sameAs\":[\"https:\\\/\\\/www.facebook.com\\\/eldiario.bolivia\\\/\",\"https:\\\/\\\/x.com\\\/eldiario_net\"]},{\"@type\":\"Person\",\"@id\":\"https:\\\/\\\/www.eldiario.net\\\/portal\\\/#\\\/schema\\\/person\\\/f46445640444750d7d753ccd04ae01b7\",\"name\":\"Jeanette\",\"image\":{\"@type\":\"ImageObject\",\"inLanguage\":\"es\",\"@id\":\"https:\\\/\\\/secure.gravatar.com\\\/avatar\\\/3ea2118a5f7dad2b7138b1187a6b7ee55f160b9968b66013c3a3ef39dd7e5798?s=96&d=mm&r=g\",\"url\":\"https:\\\/\\\/secure.gravatar.com\\\/avatar\\\/3ea2118a5f7dad2b7138b1187a6b7ee55f160b9968b66013c3a3ef39dd7e5798?s=96&d=mm&r=g\",\"contentUrl\":\"https:\\\/\\\/secure.gravatar.com\\\/avatar\\\/3ea2118a5f7dad2b7138b1187a6b7ee55f160b9968b66013c3a3ef39dd7e5798?s=96&d=mm&r=g\",\"caption\":\"Jeanette\"},\"sameAs\":[\"https:\\\/\\\/www.eldiario.net\\\/portal\"],\"url\":\"https:\\\/\\\/www.eldiario.net\\\/portal\\\/author\\\/jeanette\\\/\"}]}<\/script>\n<!-- \/ Yoast SEO plugin. -->","yoast_head_json":{"title":"Preocupa elevaci\u00f3n de precios de productos - El Diario - Bolivia","robots":{"index":"index","follow":"follow","max-snippet":"max-snippet:-1","max-image-preview":"max-image-preview:large","max-video-preview":"max-video-preview:-1"},"canonical":"https:\/\/www.eldiario.net\/portal\/2023\/06\/08\/preocupa-elevacion-de-precios-de-productos\/","og_locale":"es_ES","og_type":"article","og_title":"Preocupa elevaci\u00f3n de precios de productos - El Diario - Bolivia","og_description":"La elevaci\u00f3n de precios de art\u00edculos de primera necesidad parece ensa\u00f1arse con los pobres en el pa\u00eds, aunque algunos digan que \u201cse nota muy poco\u201d. Sin embargo, muchos sienten ese efecto econ\u00f3mico y, al parecer, aceptan con resignaci\u00f3n lo que se presenta. Suben los precios de art\u00edculos y bienes de uso y consumo y grande [&hellip;]","og_url":"https:\/\/www.eldiario.net\/portal\/2023\/06\/08\/preocupa-elevacion-de-precios-de-productos\/","og_site_name":"El Diario - Bolivia","article_publisher":"https:\/\/www.facebook.com\/eldiario.bolivia\/","article_published_time":"2023-06-08T10:23:17+00:00","author":"Jeanette","twitter_card":"summary_large_image","twitter_creator":"@eldiario_net","twitter_site":"@eldiario_net","twitter_misc":{"Escrito por":"Jeanette","Tiempo de lectura":"2 minutos"},"schema":{"@context":"https:\/\/schema.org","@graph":[{"@type":"Article","@id":"https:\/\/www.eldiario.net\/portal\/2023\/06\/08\/preocupa-elevacion-de-precios-de-productos\/#article","isPartOf":{"@id":"https:\/\/www.eldiario.net\/portal\/2023\/06\/08\/preocupa-elevacion-de-precios-de-productos\/"},"author":{"name":"Jeanette","@id":"https:\/\/www.eldiario.net\/portal\/#\/schema\/person\/f46445640444750d7d753ccd04ae01b7"},"headline":"Preocupa elevaci\u00f3n de precios de productos","datePublished":"2023-06-08T10:23:17+00:00","mainEntityOfPage":{"@id":"https:\/\/www.eldiario.net\/portal\/2023\/06\/08\/preocupa-elevacion-de-precios-de-productos\/"},"wordCount":448,"publisher":{"@id":"https:\/\/www.eldiario.net\/portal\/#organization"},"articleSection":["Editorial"],"inLanguage":"es"},{"@type":"WebPage","@id":"https:\/\/www.eldiario.net\/portal\/2023\/06\/08\/preocupa-elevacion-de-precios-de-productos\/","url":"https:\/\/www.eldiario.net\/portal\/2023\/06\/08\/preocupa-elevacion-de-precios-de-productos\/","name":"Preocupa elevaci\u00f3n de precios de productos - El Diario - Bolivia","isPartOf":{"@id":"https:\/\/www.eldiario.net\/portal\/#website"},"datePublished":"2023-06-08T10:23:17+00:00","breadcrumb":{"@id":"https:\/\/www.eldiario.net\/portal\/2023\/06\/08\/preocupa-elevacion-de-precios-de-productos\/#breadcrumb"},"inLanguage":"es","potentialAction":[{"@type":"ReadAction","target":["https:\/\/www.eldiario.net\/portal\/2023\/06\/08\/preocupa-elevacion-de-precios-de-productos\/"]}]},{"@type":"BreadcrumbList","@id":"https:\/\/www.eldiario.net\/portal\/2023\/06\/08\/preocupa-elevacion-de-precios-de-productos\/#breadcrumb","itemListElement":[{"@type":"ListItem","position":1,"name":"Portada","item":"https:\/\/www.eldiario.net\/portal\/"},{"@type":"ListItem","position":2,"name":"Preocupa elevaci\u00f3n de precios de productos"}]},{"@type":"WebSite","@id":"https:\/\/www.eldiario.net\/portal\/#website","url":"https:\/\/www.eldiario.net\/portal\/","name":"El Diario - Decano de la prensa nacional","description":"El Diario - Decano de la prensa nacional","publisher":{"@id":"https:\/\/www.eldiario.net\/portal\/#organization"},"potentialAction":[{"@type":"SearchAction","target":{"@type":"EntryPoint","urlTemplate":"https:\/\/www.eldiario.net\/portal\/?s={search_term_string}"},"query-input":{"@type":"PropertyValueSpecification","valueRequired":true,"valueName":"search_term_string"}}],"inLanguage":"es"},{"@type":"Organization","@id":"https:\/\/www.eldiario.net\/portal\/#organization","name":"El Diario - Decano de la prensa nacional","url":"https:\/\/www.eldiario.net\/portal\/","logo":{"@type":"ImageObject","inLanguage":"es","@id":"https:\/\/www.eldiario.net\/portal\/#\/schema\/logo\/image\/","url":"https:\/\/www.eldiario.net\/portal\/wp-content\/uploads\/2023\/07\/logo_ED.jpg","contentUrl":"https:\/\/www.eldiario.net\/portal\/wp-content\/uploads\/2023\/07\/logo_ED.jpg","width":272,"height":52,"caption":"El Diario - Decano de la prensa nacional"},"image":{"@id":"https:\/\/www.eldiario.net\/portal\/#\/schema\/logo\/image\/"},"sameAs":["https:\/\/www.facebook.com\/eldiario.bolivia\/","https:\/\/x.com\/eldiario_net"]},{"@type":"Person","@id":"https:\/\/www.eldiario.net\/portal\/#\/schema\/person\/f46445640444750d7d753ccd04ae01b7","name":"Jeanette","image":{"@type":"ImageObject","inLanguage":"es","@id":"https:\/\/secure.gravatar.com\/avatar\/3ea2118a5f7dad2b7138b1187a6b7ee55f160b9968b66013c3a3ef39dd7e5798?s=96&d=mm&r=g","url":"https:\/\/secure.gravatar.com\/avatar\/3ea2118a5f7dad2b7138b1187a6b7ee55f160b9968b66013c3a3ef39dd7e5798?s=96&d=mm&r=g","contentUrl":"https:\/\/secure.gravatar.com\/avatar\/3ea2118a5f7dad2b7138b1187a6b7ee55f160b9968b66013c3a3ef39dd7e5798?s=96&d=mm&r=g","caption":"Jeanette"},"sameAs":["https:\/\/www.eldiario.net\/portal"],"url":"https:\/\/www.eldiario.net\/portal\/author\/jeanette\/"}]}},"_links":{"self":[{"href":"https:\/\/www.eldiario.net\/portal\/wp-json\/wp\/v2\/posts\/158767","targetHints":{"allow":["GET"]}}],"collection":[{"href":"https:\/\/www.eldiario.net\/portal\/wp-json\/wp\/v2\/posts"}],"about":[{"href":"https:\/\/www.eldiario.net\/portal\/wp-json\/wp\/v2\/types\/post"}],"author":[{"embeddable":true,"href":"https:\/\/www.eldiario.net\/portal\/wp-json\/wp\/v2\/users\/1"}],"replies":[{"embeddable":true,"href":"https:\/\/www.eldiario.net\/portal\/wp-json\/wp\/v2\/comments?post=158767"}],"version-history":[{"count":0,"href":"https:\/\/www.eldiario.net\/portal\/wp-json\/wp\/v2\/posts\/158767\/revisions"}],"wp:attachment":[{"href":"https:\/\/www.eldiario.net\/portal\/wp-json\/wp\/v2\/media?parent=158767"}],"wp:term":[{"taxonomy":"category","embeddable":true,"href":"https:\/\/www.eldiario.net\/portal\/wp-json\/wp\/v2\/categories?post=158767"},{"taxonomy":"post_tag","embeddable":true,"href":"https:\/\/www.eldiario.net\/portal\/wp-json\/wp\/v2\/tags?post=158767"}],"curies":[{"name":"wp","href":"https:\/\/api.w.org\/{rel}","templated":true}]}}