{"id":158765,"date":"2023-06-08T06:22:43","date_gmt":"2023-06-08T10:22:43","guid":{"rendered":"https:\/\/www.eldiario.net\/portal\/?p=158765"},"modified":"2023-06-08T06:22:43","modified_gmt":"2023-06-08T10:22:43","slug":"escape-a-los-andes","status":"publish","type":"post","link":"https:\/\/www.eldiario.net\/portal\/2023\/06\/08\/escape-a-los-andes\/","title":{"rendered":"\u201cEscape a los Andes\u201d"},"content":{"rendered":"<p>Dos amigos periodistas y ambos escritores exitosos, Robert Brockmann y Ra\u00fal Pe\u00f1aranda, han publicado un libro, que me deleit\u00e9 leyendo, pese a su dureza, y que coment\u00e9 en la FIL cruce\u00f1a, gracias a la confianza que depositaron en m\u00ed sus autores.<\/p>\n<p>El libro es historia pura, historia consultada, investigada, cierta; atrozmente cierta, aunque con rasgos maravillosos de humanidad. Cuenta la tragedia del pueblo jud\u00edo desde el acceso de Hitler al poder hasta el final de la guerra en 1945; y la esquizofrenia pol\u00edtica en Bolivia desde el final de la Guerra del Chaco hasta la ca\u00edda de Villarroel. Hochschild es el personaje que carga sobre sus espaldas gran parte del drama.<\/p>\n<p>Desde cuando los jud\u00edos fueron acosados con el advenimiento de Hitler al poder en 1933 y lleg\u00f3 a su momento extremo la llamada \u201cnoche de los cristales rotos\u201d, en 1938, Hochschild, ya se hab\u00eda movido incansablemente para evacuar a algunos miles de jud\u00edos, de Alemania principalmente. Bolivia era una de las pocas naciones en el mundo que ten\u00eda las puertas generosamente abiertas para los jud\u00edos perseguidos.<\/p>\n<p>Lo que sucedi\u00f3 en Alemania antes de la guerra fue terrible, pero ese era momento, todav\u00eda, en que los hebreos que obten\u00edan una visa pod\u00edan salir de la trampa genocida. El destino anhelado era Estados Unidos y Hochschild, gestion\u00f3 con altas personalidades estadounidenses una apertura salvadora para el pueblo semita amenazado, pero recibi\u00f3 un eco tibio e indiferente que lo abati\u00f3 mucho.<\/p>\n<p>Sin embargo, los jud\u00edos iban llegando a Bolivia. Y Bolivia era lo menos aconsejable para personas que ven\u00edan de Alemania especialmente, y que se encontraban con un pa\u00eds pobr\u00edsimo, revolucionado pol\u00edticamente, sin puertos, sin la menor infraestructura, donde la actividad de profesionales y comerciantes no ten\u00eda futuro alguno. Hochschild, de su propio peculio y con la colaboraci\u00f3n de algunas instituciones extranjeras sosten\u00eda a miles de emigrantes hasta que \u00e9stos pod\u00edan obtener alg\u00fan trabajo o trasladarse a otro pa\u00eds.<\/p>\n<p>El presidente Germ\u00e1n Busch, h\u00e9roe de la Guerra del Chaco, y admirador del Reich alem\u00e1n, jam\u00e1s puso traba a la presencia de hebreos en Bolivia. Hochschild cultiv\u00f3 amistad con Busch y aprovech\u00f3 de esa cercan\u00eda para salvar a la mayor cantidad de perseguidos que estaban a la espera de sus visas en Europa. Despu\u00e9s, las relaciones personales de Busch y Hochschild se malograron. Busch muri\u00f3 en circunstancias tr\u00e1gicas semanas antes de que Alemania invadiera Polonia y aunque el ingreso de emigrantes perseguidos por el nazismo continu\u00f3, la vida de Hochschild, el gran empresario minero, entonces ya multimillonario, cay\u00f3 en desgracia por los fan\u00e1ticos nacionalistas que salieron del Chaco y que acabaron encumbr\u00e1ndose a fines de 1943 llevando al mando de la naci\u00f3n a Gualberto Villarroel.<\/p>\n<p>Si Schindler arriesg\u00f3 su vida por salvar a m\u00e1s de mil jud\u00edos en Europa, Hochschild, corri\u00f3 m\u00e1s riesgos que \u00e9l en Bolivia. Primero cuando Busch decidi\u00f3 fusilarlo, porque Hochschild hubiera incumplido y criticado el decreto que expropiaba ganancias a los exportadores mineros, disponiendo que entregaran la totalidad de sus divisas al Banco Central. Busch era un h\u00e9roe y un patriota, no cabe la menor duda, pero tambi\u00e9n era un soldado que no hab\u00eda tenido otra actividad que combatir. Por lo tanto, estaba sujeto al criterio de sus colaboradores, donde hab\u00edan moderados como Dionisio Foinanini y exaltados como los nacionalistas que pronto fundar\u00edan el MNR. \u00c9stos \u00faltimos estaban en contra de los grandes mineros, de la \u201crosca\u201d, y, en especial, Carlos Montenegro, ten\u00eda una enorme influencia sobre Busch. El presidente, sinti\u00e9ndose humillado por la actitud de Hochschild, decidi\u00f3 fusilarlo. No se trataba de una amenaza, simplemente. Hubo rogativas de muchos sectores para que fuera perdonado y as\u00ed sucedi\u00f3 en \u00faltima instancia, con el compromiso del minero de no criticar m\u00e1s el decreto estatizante.<\/p>\n<p>Mucho peores fueron los d\u00edas que pas\u00f3 Hochschild durante el gobierno de Villarroel. Esta vez la \u201crosca\u201d estaba bajo la mirada de la logia RADEPA, conformada por ex combatientes del Chaco, que, en los campos de prisioneros, hab\u00edan jurado construir una nueva Bolivia y acabar con la llamada \u201coligarqu\u00eda minero-feudal\u201d. \u201cTierras para los campesinos; minas para el Estado\u201d, era la meta, aunque el precepto anterior era m\u00e1s del trotskismo que de RADEPA. Sin embargo, RADEPA hab\u00eda impuesto a Villarroel en el mando a trav\u00e9s de un golpe y sus jefes se consideraban con tantos o mayores derechos de Villarroel para gobernar.<\/p>\n<p>Secuestraron a Hochschild y a Blum, su brazo derecho, y los tuvieron durante 17 d\u00edas traslad\u00e1ndolos de un lugar a otro, durmiendo en habitaciones fr\u00edas y sin cobijas, comiendo el rancho de los soldados, sin un ba\u00f1o, anunci\u00e1ndole su pr\u00f3xima muerte, hasta que fue liberado y sali\u00f3 de Bolivia en un avi\u00f3n que alquil\u00f3, para no regresar jam\u00e1s.<\/p>\n<p>Los fusilamientos de notables personalidades y de destacados jefes militares en Oruro, Caquena y Chuspipata, fue un crimen con el que se demostraba al mundo entero que el gobierno de Villarroel no jugaba. Aunque se sabe que el responsable de todo cuanto acontece en una naci\u00f3n es el presidente, en el caso de Bolivia, mandaban el director general de Polic\u00edas, mayor de ej\u00e9rcito Jorge Eguino y el jefe de la Polic\u00eda de La Paz, capit\u00e1n Jos\u00e9 Esc\u00f3bar, ambos sin miramientos de ninguna naturaleza con los opositores o con quienes ellos cre\u00edan peligrosos para el r\u00e9gimen.<\/p>\n<p>Villarroel fue asesinado y luego colgado en un farol de la plaza Murillo por los desmanes de su administraci\u00f3n. Pero, adem\u00e1s, d\u00edas despu\u00e9s, fueron arrastrados por las calles de La Paz hasta la plaza Murillo y tambi\u00e9n colgados Eguino y Esc\u00f3bar.<\/p>\n<p>Hochschild se salv\u00f3 de ser muerto por la RADEPA. Fue un empresario muy exitoso con todos los vicios que puede tener el sistema capitalista, desde luego, y como Pati\u00f1o y Aramayo, fue detestado por la pr\u00e9dica de los nacionalistas bolivianos. Hoy, cuando han transcurrido 70 o m\u00e1s a\u00f1os de aquellos d\u00edas oscuros, se reconoce que los \u201cbarones\u201d del esta\u00f1o no fueron tan infames como los pinta la historia acu\u00f1ada en Bolivia, y que Hochschild fue un hombre valeroso que salv\u00f3 muchas vidas arriesgando la propia.<\/p>\n","protected":false},"excerpt":{"rendered":"<p>Dos amigos periodistas y ambos escritores exitosos, Robert Brockmann y Ra\u00fal Pe\u00f1aranda, han publicado un libro, que me deleit\u00e9 leyendo, pese a su dureza, y que coment\u00e9 en la FIL cruce\u00f1a, gracias a la confianza que depositaron en m\u00ed sus autores. El libro es historia pura, historia consultada, investigada, cierta; atrozmente cierta, aunque con rasgos [&hellip;]<\/p>\n","protected":false},"author":1,"featured_media":157472,"comment_status":"closed","ping_status":"closed","sticky":false,"template":"","format":"standard","meta":{"_acf_changed":false,"footnotes":""},"categories":[9],"tags":[],"class_list":["post-158765","post","type-post","status-publish","format-standard","has-post-thumbnail","category-opinion"],"acf":{"antetitulo":""},"yoast_head":"<!-- This site is optimized with the Yoast SEO plugin v28.4 - https:\/\/yoast.com\/product\/yoast-seo-wordpress\/ -->\n<title>\u201cEscape a los Andes\u201d - El Diario - Bolivia<\/title>\n<meta name=\"robots\" content=\"index, follow, max-snippet:-1, max-image-preview:large, max-video-preview:-1\" \/>\n<link rel=\"canonical\" href=\"https:\/\/www.eldiario.net\/portal\/2023\/06\/08\/escape-a-los-andes\/\" \/>\n<meta property=\"og:locale\" content=\"es_ES\" \/>\n<meta property=\"og:type\" content=\"article\" \/>\n<meta property=\"og:title\" content=\"\u201cEscape a los Andes\u201d - El Diario - Bolivia\" \/>\n<meta property=\"og:description\" content=\"Dos amigos periodistas y ambos escritores exitosos, Robert Brockmann y Ra\u00fal Pe\u00f1aranda, han publicado un libro, que me deleit\u00e9 leyendo, pese a su dureza, y que coment\u00e9 en la FIL cruce\u00f1a, gracias a la confianza que depositaron en m\u00ed sus autores. El libro es historia pura, historia consultada, investigada, cierta; atrozmente cierta, aunque con rasgos [&hellip;]\" \/>\n<meta property=\"og:url\" content=\"https:\/\/www.eldiario.net\/portal\/2023\/06\/08\/escape-a-los-andes\/\" \/>\n<meta property=\"og:site_name\" content=\"El Diario - Bolivia\" \/>\n<meta property=\"article:publisher\" content=\"https:\/\/www.facebook.com\/eldiario.bolivia\/\" \/>\n<meta property=\"article:published_time\" content=\"2023-06-08T10:22:43+00:00\" \/>\n<meta property=\"og:image\" content=\"https:\/\/www.eldiario.net\/portal\/wp-content\/uploads\/2023\/06\/Manfredo-Kempff-Suarez.jpg\" \/>\n\t<meta property=\"og:image:width\" content=\"1200\" \/>\n\t<meta property=\"og:image:height\" content=\"628\" \/>\n\t<meta property=\"og:image:type\" content=\"image\/jpeg\" \/>\n<meta name=\"author\" content=\"Jeanette\" \/>\n<meta name=\"twitter:card\" content=\"summary_large_image\" \/>\n<meta name=\"twitter:creator\" content=\"@eldiario_net\" \/>\n<meta name=\"twitter:site\" content=\"@eldiario_net\" \/>\n<meta name=\"twitter:label1\" content=\"Escrito por\" \/>\n\t<meta name=\"twitter:data1\" content=\"Jeanette\" \/>\n\t<meta name=\"twitter:label2\" content=\"Tiempo de lectura\" \/>\n\t<meta name=\"twitter:data2\" content=\"5 minutos\" \/>\n<script type=\"application\/ld+json\" class=\"yoast-schema-graph\">{\"@context\":\"https:\\\/\\\/schema.org\",\"@graph\":[{\"@type\":\"Article\",\"@id\":\"https:\\\/\\\/www.eldiario.net\\\/portal\\\/2023\\\/06\\\/08\\\/escape-a-los-andes\\\/#article\",\"isPartOf\":{\"@id\":\"https:\\\/\\\/www.eldiario.net\\\/portal\\\/2023\\\/06\\\/08\\\/escape-a-los-andes\\\/\"},\"author\":{\"name\":\"Jeanette\",\"@id\":\"https:\\\/\\\/www.eldiario.net\\\/portal\\\/#\\\/schema\\\/person\\\/f46445640444750d7d753ccd04ae01b7\"},\"headline\":\"\u201cEscape a los Andes\u201d\",\"datePublished\":\"2023-06-08T10:22:43+00:00\",\"mainEntityOfPage\":{\"@id\":\"https:\\\/\\\/www.eldiario.net\\\/portal\\\/2023\\\/06\\\/08\\\/escape-a-los-andes\\\/\"},\"wordCount\":1073,\"publisher\":{\"@id\":\"https:\\\/\\\/www.eldiario.net\\\/portal\\\/#organization\"},\"image\":{\"@id\":\"https:\\\/\\\/www.eldiario.net\\\/portal\\\/2023\\\/06\\\/08\\\/escape-a-los-andes\\\/#primaryimage\"},\"thumbnailUrl\":\"https:\\\/\\\/www.eldiario.net\\\/portal\\\/wp-content\\\/uploads\\\/2023\\\/06\\\/Manfredo-Kempff-Suarez.jpg\",\"articleSection\":[\"Opini\u00f3n\"],\"inLanguage\":\"es\"},{\"@type\":\"WebPage\",\"@id\":\"https:\\\/\\\/www.eldiario.net\\\/portal\\\/2023\\\/06\\\/08\\\/escape-a-los-andes\\\/\",\"url\":\"https:\\\/\\\/www.eldiario.net\\\/portal\\\/2023\\\/06\\\/08\\\/escape-a-los-andes\\\/\",\"name\":\"\u201cEscape a los Andes\u201d - El Diario - Bolivia\",\"isPartOf\":{\"@id\":\"https:\\\/\\\/www.eldiario.net\\\/portal\\\/#website\"},\"primaryImageOfPage\":{\"@id\":\"https:\\\/\\\/www.eldiario.net\\\/portal\\\/2023\\\/06\\\/08\\\/escape-a-los-andes\\\/#primaryimage\"},\"image\":{\"@id\":\"https:\\\/\\\/www.eldiario.net\\\/portal\\\/2023\\\/06\\\/08\\\/escape-a-los-andes\\\/#primaryimage\"},\"thumbnailUrl\":\"https:\\\/\\\/www.eldiario.net\\\/portal\\\/wp-content\\\/uploads\\\/2023\\\/06\\\/Manfredo-Kempff-Suarez.jpg\",\"datePublished\":\"2023-06-08T10:22:43+00:00\",\"breadcrumb\":{\"@id\":\"https:\\\/\\\/www.eldiario.net\\\/portal\\\/2023\\\/06\\\/08\\\/escape-a-los-andes\\\/#breadcrumb\"},\"inLanguage\":\"es\",\"potentialAction\":[{\"@type\":\"ReadAction\",\"target\":[\"https:\\\/\\\/www.eldiario.net\\\/portal\\\/2023\\\/06\\\/08\\\/escape-a-los-andes\\\/\"]}]},{\"@type\":\"ImageObject\",\"inLanguage\":\"es\",\"@id\":\"https:\\\/\\\/www.eldiario.net\\\/portal\\\/2023\\\/06\\\/08\\\/escape-a-los-andes\\\/#primaryimage\",\"url\":\"https:\\\/\\\/www.eldiario.net\\\/portal\\\/wp-content\\\/uploads\\\/2023\\\/06\\\/Manfredo-Kempff-Suarez.jpg\",\"contentUrl\":\"https:\\\/\\\/www.eldiario.net\\\/portal\\\/wp-content\\\/uploads\\\/2023\\\/06\\\/Manfredo-Kempff-Suarez.jpg\",\"width\":1200,\"height\":628},{\"@type\":\"BreadcrumbList\",\"@id\":\"https:\\\/\\\/www.eldiario.net\\\/portal\\\/2023\\\/06\\\/08\\\/escape-a-los-andes\\\/#breadcrumb\",\"itemListElement\":[{\"@type\":\"ListItem\",\"position\":1,\"name\":\"Portada\",\"item\":\"https:\\\/\\\/www.eldiario.net\\\/portal\\\/\"},{\"@type\":\"ListItem\",\"position\":2,\"name\":\"\u201cEscape a los Andes\u201d\"}]},{\"@type\":\"WebSite\",\"@id\":\"https:\\\/\\\/www.eldiario.net\\\/portal\\\/#website\",\"url\":\"https:\\\/\\\/www.eldiario.net\\\/portal\\\/\",\"name\":\"El Diario - Decano de la prensa nacional\",\"description\":\"El Diario - Decano de la prensa nacional\",\"publisher\":{\"@id\":\"https:\\\/\\\/www.eldiario.net\\\/portal\\\/#organization\"},\"potentialAction\":[{\"@type\":\"SearchAction\",\"target\":{\"@type\":\"EntryPoint\",\"urlTemplate\":\"https:\\\/\\\/www.eldiario.net\\\/portal\\\/?s={search_term_string}\"},\"query-input\":{\"@type\":\"PropertyValueSpecification\",\"valueRequired\":true,\"valueName\":\"search_term_string\"}}],\"inLanguage\":\"es\"},{\"@type\":\"Organization\",\"@id\":\"https:\\\/\\\/www.eldiario.net\\\/portal\\\/#organization\",\"name\":\"El Diario - Decano de la prensa nacional\",\"url\":\"https:\\\/\\\/www.eldiario.net\\\/portal\\\/\",\"logo\":{\"@type\":\"ImageObject\",\"inLanguage\":\"es\",\"@id\":\"https:\\\/\\\/www.eldiario.net\\\/portal\\\/#\\\/schema\\\/logo\\\/image\\\/\",\"url\":\"https:\\\/\\\/www.eldiario.net\\\/portal\\\/wp-content\\\/uploads\\\/2023\\\/07\\\/logo_ED.jpg\",\"contentUrl\":\"https:\\\/\\\/www.eldiario.net\\\/portal\\\/wp-content\\\/uploads\\\/2023\\\/07\\\/logo_ED.jpg\",\"width\":272,\"height\":52,\"caption\":\"El Diario - Decano de la prensa nacional\"},\"image\":{\"@id\":\"https:\\\/\\\/www.eldiario.net\\\/portal\\\/#\\\/schema\\\/logo\\\/image\\\/\"},\"sameAs\":[\"https:\\\/\\\/www.facebook.com\\\/eldiario.bolivia\\\/\",\"https:\\\/\\\/x.com\\\/eldiario_net\"]},{\"@type\":\"Person\",\"@id\":\"https:\\\/\\\/www.eldiario.net\\\/portal\\\/#\\\/schema\\\/person\\\/f46445640444750d7d753ccd04ae01b7\",\"name\":\"Jeanette\",\"image\":{\"@type\":\"ImageObject\",\"inLanguage\":\"es\",\"@id\":\"https:\\\/\\\/secure.gravatar.com\\\/avatar\\\/3ea2118a5f7dad2b7138b1187a6b7ee55f160b9968b66013c3a3ef39dd7e5798?s=96&d=mm&r=g\",\"url\":\"https:\\\/\\\/secure.gravatar.com\\\/avatar\\\/3ea2118a5f7dad2b7138b1187a6b7ee55f160b9968b66013c3a3ef39dd7e5798?s=96&d=mm&r=g\",\"contentUrl\":\"https:\\\/\\\/secure.gravatar.com\\\/avatar\\\/3ea2118a5f7dad2b7138b1187a6b7ee55f160b9968b66013c3a3ef39dd7e5798?s=96&d=mm&r=g\",\"caption\":\"Jeanette\"},\"sameAs\":[\"https:\\\/\\\/www.eldiario.net\\\/portal\"],\"url\":\"https:\\\/\\\/www.eldiario.net\\\/portal\\\/author\\\/jeanette\\\/\"}]}<\/script>\n<!-- \/ Yoast SEO plugin. -->","yoast_head_json":{"title":"\u201cEscape a los Andes\u201d - El Diario - Bolivia","robots":{"index":"index","follow":"follow","max-snippet":"max-snippet:-1","max-image-preview":"max-image-preview:large","max-video-preview":"max-video-preview:-1"},"canonical":"https:\/\/www.eldiario.net\/portal\/2023\/06\/08\/escape-a-los-andes\/","og_locale":"es_ES","og_type":"article","og_title":"\u201cEscape a los Andes\u201d - El Diario - Bolivia","og_description":"Dos amigos periodistas y ambos escritores exitosos, Robert Brockmann y Ra\u00fal Pe\u00f1aranda, han publicado un libro, que me deleit\u00e9 leyendo, pese a su dureza, y que coment\u00e9 en la FIL cruce\u00f1a, gracias a la confianza que depositaron en m\u00ed sus autores. El libro es historia pura, historia consultada, investigada, cierta; atrozmente cierta, aunque con rasgos [&hellip;]","og_url":"https:\/\/www.eldiario.net\/portal\/2023\/06\/08\/escape-a-los-andes\/","og_site_name":"El Diario - Bolivia","article_publisher":"https:\/\/www.facebook.com\/eldiario.bolivia\/","article_published_time":"2023-06-08T10:22:43+00:00","og_image":[{"width":1200,"height":628,"url":"https:\/\/www.eldiario.net\/portal\/wp-content\/uploads\/2023\/06\/Manfredo-Kempff-Suarez.jpg","type":"image\/jpeg"}],"author":"Jeanette","twitter_card":"summary_large_image","twitter_creator":"@eldiario_net","twitter_site":"@eldiario_net","twitter_misc":{"Escrito por":"Jeanette","Tiempo de lectura":"5 minutos"},"schema":{"@context":"https:\/\/schema.org","@graph":[{"@type":"Article","@id":"https:\/\/www.eldiario.net\/portal\/2023\/06\/08\/escape-a-los-andes\/#article","isPartOf":{"@id":"https:\/\/www.eldiario.net\/portal\/2023\/06\/08\/escape-a-los-andes\/"},"author":{"name":"Jeanette","@id":"https:\/\/www.eldiario.net\/portal\/#\/schema\/person\/f46445640444750d7d753ccd04ae01b7"},"headline":"\u201cEscape a los Andes\u201d","datePublished":"2023-06-08T10:22:43+00:00","mainEntityOfPage":{"@id":"https:\/\/www.eldiario.net\/portal\/2023\/06\/08\/escape-a-los-andes\/"},"wordCount":1073,"publisher":{"@id":"https:\/\/www.eldiario.net\/portal\/#organization"},"image":{"@id":"https:\/\/www.eldiario.net\/portal\/2023\/06\/08\/escape-a-los-andes\/#primaryimage"},"thumbnailUrl":"https:\/\/www.eldiario.net\/portal\/wp-content\/uploads\/2023\/06\/Manfredo-Kempff-Suarez.jpg","articleSection":["Opini\u00f3n"],"inLanguage":"es"},{"@type":"WebPage","@id":"https:\/\/www.eldiario.net\/portal\/2023\/06\/08\/escape-a-los-andes\/","url":"https:\/\/www.eldiario.net\/portal\/2023\/06\/08\/escape-a-los-andes\/","name":"\u201cEscape a los Andes\u201d - El Diario - Bolivia","isPartOf":{"@id":"https:\/\/www.eldiario.net\/portal\/#website"},"primaryImageOfPage":{"@id":"https:\/\/www.eldiario.net\/portal\/2023\/06\/08\/escape-a-los-andes\/#primaryimage"},"image":{"@id":"https:\/\/www.eldiario.net\/portal\/2023\/06\/08\/escape-a-los-andes\/#primaryimage"},"thumbnailUrl":"https:\/\/www.eldiario.net\/portal\/wp-content\/uploads\/2023\/06\/Manfredo-Kempff-Suarez.jpg","datePublished":"2023-06-08T10:22:43+00:00","breadcrumb":{"@id":"https:\/\/www.eldiario.net\/portal\/2023\/06\/08\/escape-a-los-andes\/#breadcrumb"},"inLanguage":"es","potentialAction":[{"@type":"ReadAction","target":["https:\/\/www.eldiario.net\/portal\/2023\/06\/08\/escape-a-los-andes\/"]}]},{"@type":"ImageObject","inLanguage":"es","@id":"https:\/\/www.eldiario.net\/portal\/2023\/06\/08\/escape-a-los-andes\/#primaryimage","url":"https:\/\/www.eldiario.net\/portal\/wp-content\/uploads\/2023\/06\/Manfredo-Kempff-Suarez.jpg","contentUrl":"https:\/\/www.eldiario.net\/portal\/wp-content\/uploads\/2023\/06\/Manfredo-Kempff-Suarez.jpg","width":1200,"height":628},{"@type":"BreadcrumbList","@id":"https:\/\/www.eldiario.net\/portal\/2023\/06\/08\/escape-a-los-andes\/#breadcrumb","itemListElement":[{"@type":"ListItem","position":1,"name":"Portada","item":"https:\/\/www.eldiario.net\/portal\/"},{"@type":"ListItem","position":2,"name":"\u201cEscape a los Andes\u201d"}]},{"@type":"WebSite","@id":"https:\/\/www.eldiario.net\/portal\/#website","url":"https:\/\/www.eldiario.net\/portal\/","name":"El Diario - Decano de la prensa nacional","description":"El Diario - Decano de la prensa nacional","publisher":{"@id":"https:\/\/www.eldiario.net\/portal\/#organization"},"potentialAction":[{"@type":"SearchAction","target":{"@type":"EntryPoint","urlTemplate":"https:\/\/www.eldiario.net\/portal\/?s={search_term_string}"},"query-input":{"@type":"PropertyValueSpecification","valueRequired":true,"valueName":"search_term_string"}}],"inLanguage":"es"},{"@type":"Organization","@id":"https:\/\/www.eldiario.net\/portal\/#organization","name":"El Diario - Decano de la prensa nacional","url":"https:\/\/www.eldiario.net\/portal\/","logo":{"@type":"ImageObject","inLanguage":"es","@id":"https:\/\/www.eldiario.net\/portal\/#\/schema\/logo\/image\/","url":"https:\/\/www.eldiario.net\/portal\/wp-content\/uploads\/2023\/07\/logo_ED.jpg","contentUrl":"https:\/\/www.eldiario.net\/portal\/wp-content\/uploads\/2023\/07\/logo_ED.jpg","width":272,"height":52,"caption":"El Diario - Decano de la prensa nacional"},"image":{"@id":"https:\/\/www.eldiario.net\/portal\/#\/schema\/logo\/image\/"},"sameAs":["https:\/\/www.facebook.com\/eldiario.bolivia\/","https:\/\/x.com\/eldiario_net"]},{"@type":"Person","@id":"https:\/\/www.eldiario.net\/portal\/#\/schema\/person\/f46445640444750d7d753ccd04ae01b7","name":"Jeanette","image":{"@type":"ImageObject","inLanguage":"es","@id":"https:\/\/secure.gravatar.com\/avatar\/3ea2118a5f7dad2b7138b1187a6b7ee55f160b9968b66013c3a3ef39dd7e5798?s=96&d=mm&r=g","url":"https:\/\/secure.gravatar.com\/avatar\/3ea2118a5f7dad2b7138b1187a6b7ee55f160b9968b66013c3a3ef39dd7e5798?s=96&d=mm&r=g","contentUrl":"https:\/\/secure.gravatar.com\/avatar\/3ea2118a5f7dad2b7138b1187a6b7ee55f160b9968b66013c3a3ef39dd7e5798?s=96&d=mm&r=g","caption":"Jeanette"},"sameAs":["https:\/\/www.eldiario.net\/portal"],"url":"https:\/\/www.eldiario.net\/portal\/author\/jeanette\/"}]}},"_links":{"self":[{"href":"https:\/\/www.eldiario.net\/portal\/wp-json\/wp\/v2\/posts\/158765","targetHints":{"allow":["GET"]}}],"collection":[{"href":"https:\/\/www.eldiario.net\/portal\/wp-json\/wp\/v2\/posts"}],"about":[{"href":"https:\/\/www.eldiario.net\/portal\/wp-json\/wp\/v2\/types\/post"}],"author":[{"embeddable":true,"href":"https:\/\/www.eldiario.net\/portal\/wp-json\/wp\/v2\/users\/1"}],"replies":[{"embeddable":true,"href":"https:\/\/www.eldiario.net\/portal\/wp-json\/wp\/v2\/comments?post=158765"}],"version-history":[{"count":0,"href":"https:\/\/www.eldiario.net\/portal\/wp-json\/wp\/v2\/posts\/158765\/revisions"}],"wp:featuredmedia":[{"embeddable":true,"href":"https:\/\/www.eldiario.net\/portal\/wp-json\/wp\/v2\/media\/157472"}],"wp:attachment":[{"href":"https:\/\/www.eldiario.net\/portal\/wp-json\/wp\/v2\/media?parent=158765"}],"wp:term":[{"taxonomy":"category","embeddable":true,"href":"https:\/\/www.eldiario.net\/portal\/wp-json\/wp\/v2\/categories?post=158765"},{"taxonomy":"post_tag","embeddable":true,"href":"https:\/\/www.eldiario.net\/portal\/wp-json\/wp\/v2\/tags?post=158765"}],"curies":[{"name":"wp","href":"https:\/\/api.w.org\/{rel}","templated":true}]}}