{"id":158761,"date":"2023-06-08T06:20:48","date_gmt":"2023-06-08T10:20:48","guid":{"rendered":"https:\/\/www.eldiario.net\/portal\/?p=158761"},"modified":"2023-06-08T06:20:48","modified_gmt":"2023-06-08T10:20:48","slug":"apostar-por-la-agricultura-clave-para-el-desarrollo","status":"publish","type":"post","link":"https:\/\/www.eldiario.net\/portal\/2023\/06\/08\/apostar-por-la-agricultura-clave-para-el-desarrollo\/","title":{"rendered":"Apostar por la agricultura,  clave para el desarrollo"},"content":{"rendered":"<p>Pocas actividades tienen tantos efectos multiplicadores como la agricultura, que, en su frondosa cadena de valor, genera empleos e ingresos para quienes la conforman. La pandemia del 2020 demostr\u00f3 que muchas actividades se pueden detener de un d\u00eda para otro &#8211;p. ej., miner\u00eda, hidrocarburos, turismo, diversi\u00f3n&#8211; pero no las que est\u00e1n vinculadas a la salud y la alimentaci\u00f3n, como la agricultura &#8211;por cierto&#8211; una de las tareas m\u00e1s nobles al tener que ver con la vida misma.<\/p>\n<p>Para entender c\u00f3mo se produce un alimento, digamos, un derivado de la soya, mire lo que hay que hacer: Preparar el terreno; comprar semilla nacional o importada; sembrar y cuidar el cultivo; cosechar el grano; ensilar, industrializar y comercializar; contratar ingenieros, t\u00e9cnicos,\u00a0 extensionistas, tractoristas y operadores de maquinaria; proveedores de fertilizantes, plaguicidas e insumos; en la industria, laboratoristas, obreros y oficinistas; personal para tratar la soya y almacenarla; comerciantes de aceites, torta, harina, lecitina y cascarilla para el mercado interno y la exportaci\u00f3n; agentes despachantes, banqueros, funcionarios de puertos y servidores p\u00fablicos en sanidad vegetal, Aduana y otros; surtidores de combustible y en cada eslab\u00f3n de la cadena, gente de seguridad, choferes y maquinistas para el transporte carretero, ferroviario y fluvial.<\/p>\n<p>De ah\u00ed que, no se puede entender c\u00f3mo se menosprecia la importancia de esta actividad, especialmente cuando algunos dicen que la agricultura es una \u201cactividad extractivista\u201d, irreverencia solo comparable con lo dicho por otro activista que, al acabar su exposici\u00f3n contra la agrobiotecnolog\u00eda, afirm\u00f3 que <em>la Tierra es plana\u2026<\/em><\/p>\n<p>Volviendo al tema, agradezco al Banco Interamericano de Desarrollo (BID) por invitarme a la entrega de su libro <em>\u201cApostar por la Agricultura para lograr una diversificaci\u00f3n productiva\u201d<\/em>, en La Paz (31.5.2023) y felicito esta iniciativa porque lo escuchado de los especialistas result\u00f3 <em>m\u00fasica para mis o\u00eddos.<\/em><\/p>\n<p>El estudio de 142 p\u00e1ginas fue presentado por la Representante del BID en Bolivia, Julia Johansen, secundada por Liliana Castilleja-Vargas, Economista del BID para Bolivia, quien se luci\u00f3 con un profundo an\u00e1lisis y riqueza de datos; Juana Jim\u00e9nez, Viceministra de Tesoro y Cr\u00e9dito P\u00fablico, dio el toque emocional al evento evocando un recuerdo familiar relacionado al tema; Osmel Manzano, Asesor Econ\u00f3mico Regional del BID, moder\u00f3 el Panel con los expertos Elizabeth Jim\u00e9nez, Investigadora CIDES\/UMSA; Javier Aliaga, Investigador INESAD y Danilo Velasco, Presidente CANEB.<\/p>\n<p>La tesis del estudio es que la agricultura puede jugar un gran papel en el desarrollo socioecon\u00f3mico de la regi\u00f3n andina, no solo en cuanto a la seguridad alimentaria, sino por su potencial para un crecimiento m\u00e1s inclusivo y sostenible.<\/p>\n<p>\u00a1A cu\u00e1l m\u00e1s interesante, las ocho tem\u00e1ticas del libro! A saber: La apuesta por la agricultura es ganadora; Cerrar brechas de infraestructura es una condici\u00f3n necesaria para impulsar la productividad del sector agr\u00edcola; La institucionalidad andina del sector agropecuario: espacios de oportunidad para su fortalecimiento; El sector agropecuario frente al cambio clim\u00e1tico, un llamado a ajustar prioridades y poner manos a la obra; Las mujeres en la agricultura andina: c\u00f3mo impulsar la equidad de g\u00e9nero y su empoderamiento; Los superalimentos andinos: apostar por nichos altamente valorados en el mercado mundial; Un potencial poco explotado: el sector forestal en los pa\u00edses andino-amaz\u00f3nicos; Agtechs andinas: ampliar la frontera de posibilidades comerciales agr\u00edcolas a trav\u00e9s de la tecnolog\u00eda; y, conclusiones.<\/p>\n<p>Insuperable, lo del desarrollo de oportunidades para materializar beneficios con temas transversales como g\u00e9nero y cambio clim\u00e1tico; los desaf\u00edos para el sector agr\u00edcola y c\u00f3mo superarlos; impacto de la inversi\u00f3n en energ\u00eda, riego e infraestructura y aspectos institucionales para mejorar la eficiencia, competitividad, sostenibilidad, esquemas productivos inclusivos y amigables con el medio ambiente, y el uso eficiente de recursos h\u00eddricos a fin de mejorar la calidad de vida de las personas del sector.<\/p>\n<p>Asimismo, dado que en los pa\u00edses andinos entre 40% y 60% de su territorio y bosques con gran biodiversidad est\u00e1n en la cuenca amaz\u00f3nica, su alto potencial de manejo sostenible y plantaciones forestales para mejorar la vida de la poblaci\u00f3n local, es magistralmente abordado en el libro.<\/p>\n<p>Finalmente, acorde a los tiempos que vivimos, encara la tem\u00e1tica de las Agritech para aumentar la eficiencia, productividad y sostenibilidad en la agricultura, en \u00e1mbitos como Big Data, Inteligencia Artificial, Internet de las Cosas y Blockchain.<\/p>\n<p><em>\u201cApostar por la Agricultura para lograr una diversificaci\u00f3n productiva\u201d<\/em>, es una acertada obra para entender esta estrat\u00e9gica actividad en el pa\u00eds, especialmente cuando la agricultura del Oriente, pese a la pandemia, las restricciones a la exportaci\u00f3n y la falta de biotecnolog\u00eda, no para de crecer, y sigue alimentando a decenas de millones de personas en Bolivia y el mundo.<\/p>\n<p><strong>\u00a0<\/strong><\/p>\n<p><em>El autor es Economista y Mag\u00edster en Comercio Internacional.<\/em><\/p>\n","protected":false},"excerpt":{"rendered":"<p>Pocas actividades tienen tantos efectos multiplicadores como la agricultura, que, en su frondosa cadena de valor, genera empleos e ingresos para quienes la conforman. La pandemia del 2020 demostr\u00f3 que muchas actividades se pueden detener de un d\u00eda para otro &#8211;p. ej., miner\u00eda, hidrocarburos, turismo, diversi\u00f3n&#8211; pero no las que est\u00e1n vinculadas a la salud [&hellip;]<\/p>\n","protected":false},"author":1,"featured_media":157466,"comment_status":"closed","ping_status":"closed","sticky":false,"template":"","format":"standard","meta":{"_acf_changed":false,"footnotes":""},"categories":[9],"tags":[],"class_list":["post-158761","post","type-post","status-publish","format-standard","has-post-thumbnail","category-opinion"],"acf":{"antetitulo":""},"yoast_head":"<!-- This site is optimized with the Yoast SEO plugin v28.4 - https:\/\/yoast.com\/product\/yoast-seo-wordpress\/ -->\n<title>Apostar por la agricultura, clave para el desarrollo - El Diario - Bolivia<\/title>\n<meta name=\"robots\" content=\"index, follow, max-snippet:-1, max-image-preview:large, max-video-preview:-1\" \/>\n<link rel=\"canonical\" href=\"https:\/\/www.eldiario.net\/portal\/2023\/06\/08\/apostar-por-la-agricultura-clave-para-el-desarrollo\/\" \/>\n<meta property=\"og:locale\" content=\"es_ES\" \/>\n<meta property=\"og:type\" content=\"article\" \/>\n<meta property=\"og:title\" content=\"Apostar por la agricultura, clave para el desarrollo - El Diario - Bolivia\" \/>\n<meta property=\"og:description\" content=\"Pocas actividades tienen tantos efectos multiplicadores como la agricultura, que, en su frondosa cadena de valor, genera empleos e ingresos para quienes la conforman. La pandemia del 2020 demostr\u00f3 que muchas actividades se pueden detener de un d\u00eda para otro &#8211;p. ej., miner\u00eda, hidrocarburos, turismo, diversi\u00f3n&#8211; pero no las que est\u00e1n vinculadas a la salud [&hellip;]\" \/>\n<meta property=\"og:url\" content=\"https:\/\/www.eldiario.net\/portal\/2023\/06\/08\/apostar-por-la-agricultura-clave-para-el-desarrollo\/\" \/>\n<meta property=\"og:site_name\" content=\"El Diario - Bolivia\" \/>\n<meta property=\"article:publisher\" content=\"https:\/\/www.facebook.com\/eldiario.bolivia\/\" \/>\n<meta property=\"article:published_time\" content=\"2023-06-08T10:20:48+00:00\" \/>\n<meta property=\"og:image\" content=\"https:\/\/www.eldiario.net\/portal\/wp-content\/uploads\/2023\/06\/Gary-Antonio-Rodriguez-Alvarez.jpg\" \/>\n\t<meta property=\"og:image:width\" content=\"1200\" \/>\n\t<meta property=\"og:image:height\" content=\"628\" \/>\n\t<meta property=\"og:image:type\" content=\"image\/jpeg\" \/>\n<meta name=\"author\" content=\"Jeanette\" \/>\n<meta name=\"twitter:card\" content=\"summary_large_image\" \/>\n<meta name=\"twitter:creator\" content=\"@eldiario_net\" \/>\n<meta name=\"twitter:site\" content=\"@eldiario_net\" \/>\n<meta name=\"twitter:label1\" content=\"Escrito por\" \/>\n\t<meta name=\"twitter:data1\" content=\"Jeanette\" \/>\n\t<meta name=\"twitter:label2\" content=\"Tiempo de lectura\" \/>\n\t<meta name=\"twitter:data2\" content=\"4 minutos\" \/>\n<script type=\"application\/ld+json\" class=\"yoast-schema-graph\">{\"@context\":\"https:\\\/\\\/schema.org\",\"@graph\":[{\"@type\":\"Article\",\"@id\":\"https:\\\/\\\/www.eldiario.net\\\/portal\\\/2023\\\/06\\\/08\\\/apostar-por-la-agricultura-clave-para-el-desarrollo\\\/#article\",\"isPartOf\":{\"@id\":\"https:\\\/\\\/www.eldiario.net\\\/portal\\\/2023\\\/06\\\/08\\\/apostar-por-la-agricultura-clave-para-el-desarrollo\\\/\"},\"author\":{\"name\":\"Jeanette\",\"@id\":\"https:\\\/\\\/www.eldiario.net\\\/portal\\\/#\\\/schema\\\/person\\\/f46445640444750d7d753ccd04ae01b7\"},\"headline\":\"Apostar por la agricultura, clave para el desarrollo\",\"datePublished\":\"2023-06-08T10:20:48+00:00\",\"mainEntityOfPage\":{\"@id\":\"https:\\\/\\\/www.eldiario.net\\\/portal\\\/2023\\\/06\\\/08\\\/apostar-por-la-agricultura-clave-para-el-desarrollo\\\/\"},\"wordCount\":820,\"publisher\":{\"@id\":\"https:\\\/\\\/www.eldiario.net\\\/portal\\\/#organization\"},\"image\":{\"@id\":\"https:\\\/\\\/www.eldiario.net\\\/portal\\\/2023\\\/06\\\/08\\\/apostar-por-la-agricultura-clave-para-el-desarrollo\\\/#primaryimage\"},\"thumbnailUrl\":\"https:\\\/\\\/www.eldiario.net\\\/portal\\\/wp-content\\\/uploads\\\/2023\\\/06\\\/Gary-Antonio-Rodriguez-Alvarez.jpg\",\"articleSection\":[\"Opini\u00f3n\"],\"inLanguage\":\"es\"},{\"@type\":\"WebPage\",\"@id\":\"https:\\\/\\\/www.eldiario.net\\\/portal\\\/2023\\\/06\\\/08\\\/apostar-por-la-agricultura-clave-para-el-desarrollo\\\/\",\"url\":\"https:\\\/\\\/www.eldiario.net\\\/portal\\\/2023\\\/06\\\/08\\\/apostar-por-la-agricultura-clave-para-el-desarrollo\\\/\",\"name\":\"Apostar por la agricultura, clave para el desarrollo - El Diario - Bolivia\",\"isPartOf\":{\"@id\":\"https:\\\/\\\/www.eldiario.net\\\/portal\\\/#website\"},\"primaryImageOfPage\":{\"@id\":\"https:\\\/\\\/www.eldiario.net\\\/portal\\\/2023\\\/06\\\/08\\\/apostar-por-la-agricultura-clave-para-el-desarrollo\\\/#primaryimage\"},\"image\":{\"@id\":\"https:\\\/\\\/www.eldiario.net\\\/portal\\\/2023\\\/06\\\/08\\\/apostar-por-la-agricultura-clave-para-el-desarrollo\\\/#primaryimage\"},\"thumbnailUrl\":\"https:\\\/\\\/www.eldiario.net\\\/portal\\\/wp-content\\\/uploads\\\/2023\\\/06\\\/Gary-Antonio-Rodriguez-Alvarez.jpg\",\"datePublished\":\"2023-06-08T10:20:48+00:00\",\"breadcrumb\":{\"@id\":\"https:\\\/\\\/www.eldiario.net\\\/portal\\\/2023\\\/06\\\/08\\\/apostar-por-la-agricultura-clave-para-el-desarrollo\\\/#breadcrumb\"},\"inLanguage\":\"es\",\"potentialAction\":[{\"@type\":\"ReadAction\",\"target\":[\"https:\\\/\\\/www.eldiario.net\\\/portal\\\/2023\\\/06\\\/08\\\/apostar-por-la-agricultura-clave-para-el-desarrollo\\\/\"]}]},{\"@type\":\"ImageObject\",\"inLanguage\":\"es\",\"@id\":\"https:\\\/\\\/www.eldiario.net\\\/portal\\\/2023\\\/06\\\/08\\\/apostar-por-la-agricultura-clave-para-el-desarrollo\\\/#primaryimage\",\"url\":\"https:\\\/\\\/www.eldiario.net\\\/portal\\\/wp-content\\\/uploads\\\/2023\\\/06\\\/Gary-Antonio-Rodriguez-Alvarez.jpg\",\"contentUrl\":\"https:\\\/\\\/www.eldiario.net\\\/portal\\\/wp-content\\\/uploads\\\/2023\\\/06\\\/Gary-Antonio-Rodriguez-Alvarez.jpg\",\"width\":1200,\"height\":628},{\"@type\":\"BreadcrumbList\",\"@id\":\"https:\\\/\\\/www.eldiario.net\\\/portal\\\/2023\\\/06\\\/08\\\/apostar-por-la-agricultura-clave-para-el-desarrollo\\\/#breadcrumb\",\"itemListElement\":[{\"@type\":\"ListItem\",\"position\":1,\"name\":\"Portada\",\"item\":\"https:\\\/\\\/www.eldiario.net\\\/portal\\\/\"},{\"@type\":\"ListItem\",\"position\":2,\"name\":\"Apostar por la agricultura, clave para el desarrollo\"}]},{\"@type\":\"WebSite\",\"@id\":\"https:\\\/\\\/www.eldiario.net\\\/portal\\\/#website\",\"url\":\"https:\\\/\\\/www.eldiario.net\\\/portal\\\/\",\"name\":\"El Diario - Decano de la prensa nacional\",\"description\":\"El Diario - Decano de la prensa nacional\",\"publisher\":{\"@id\":\"https:\\\/\\\/www.eldiario.net\\\/portal\\\/#organization\"},\"potentialAction\":[{\"@type\":\"SearchAction\",\"target\":{\"@type\":\"EntryPoint\",\"urlTemplate\":\"https:\\\/\\\/www.eldiario.net\\\/portal\\\/?s={search_term_string}\"},\"query-input\":{\"@type\":\"PropertyValueSpecification\",\"valueRequired\":true,\"valueName\":\"search_term_string\"}}],\"inLanguage\":\"es\"},{\"@type\":\"Organization\",\"@id\":\"https:\\\/\\\/www.eldiario.net\\\/portal\\\/#organization\",\"name\":\"El Diario - Decano de la prensa nacional\",\"url\":\"https:\\\/\\\/www.eldiario.net\\\/portal\\\/\",\"logo\":{\"@type\":\"ImageObject\",\"inLanguage\":\"es\",\"@id\":\"https:\\\/\\\/www.eldiario.net\\\/portal\\\/#\\\/schema\\\/logo\\\/image\\\/\",\"url\":\"https:\\\/\\\/www.eldiario.net\\\/portal\\\/wp-content\\\/uploads\\\/2023\\\/07\\\/logo_ED.jpg\",\"contentUrl\":\"https:\\\/\\\/www.eldiario.net\\\/portal\\\/wp-content\\\/uploads\\\/2023\\\/07\\\/logo_ED.jpg\",\"width\":272,\"height\":52,\"caption\":\"El Diario - Decano de la prensa nacional\"},\"image\":{\"@id\":\"https:\\\/\\\/www.eldiario.net\\\/portal\\\/#\\\/schema\\\/logo\\\/image\\\/\"},\"sameAs\":[\"https:\\\/\\\/www.facebook.com\\\/eldiario.bolivia\\\/\",\"https:\\\/\\\/x.com\\\/eldiario_net\"]},{\"@type\":\"Person\",\"@id\":\"https:\\\/\\\/www.eldiario.net\\\/portal\\\/#\\\/schema\\\/person\\\/f46445640444750d7d753ccd04ae01b7\",\"name\":\"Jeanette\",\"image\":{\"@type\":\"ImageObject\",\"inLanguage\":\"es\",\"@id\":\"https:\\\/\\\/secure.gravatar.com\\\/avatar\\\/3ea2118a5f7dad2b7138b1187a6b7ee55f160b9968b66013c3a3ef39dd7e5798?s=96&d=mm&r=g\",\"url\":\"https:\\\/\\\/secure.gravatar.com\\\/avatar\\\/3ea2118a5f7dad2b7138b1187a6b7ee55f160b9968b66013c3a3ef39dd7e5798?s=96&d=mm&r=g\",\"contentUrl\":\"https:\\\/\\\/secure.gravatar.com\\\/avatar\\\/3ea2118a5f7dad2b7138b1187a6b7ee55f160b9968b66013c3a3ef39dd7e5798?s=96&d=mm&r=g\",\"caption\":\"Jeanette\"},\"sameAs\":[\"https:\\\/\\\/www.eldiario.net\\\/portal\"],\"url\":\"https:\\\/\\\/www.eldiario.net\\\/portal\\\/author\\\/jeanette\\\/\"}]}<\/script>\n<!-- \/ Yoast SEO plugin. -->","yoast_head_json":{"title":"Apostar por la agricultura, clave para el desarrollo - El Diario - Bolivia","robots":{"index":"index","follow":"follow","max-snippet":"max-snippet:-1","max-image-preview":"max-image-preview:large","max-video-preview":"max-video-preview:-1"},"canonical":"https:\/\/www.eldiario.net\/portal\/2023\/06\/08\/apostar-por-la-agricultura-clave-para-el-desarrollo\/","og_locale":"es_ES","og_type":"article","og_title":"Apostar por la agricultura, clave para el desarrollo - El Diario - Bolivia","og_description":"Pocas actividades tienen tantos efectos multiplicadores como la agricultura, que, en su frondosa cadena de valor, genera empleos e ingresos para quienes la conforman. La pandemia del 2020 demostr\u00f3 que muchas actividades se pueden detener de un d\u00eda para otro &#8211;p. ej., miner\u00eda, hidrocarburos, turismo, diversi\u00f3n&#8211; pero no las que est\u00e1n vinculadas a la salud [&hellip;]","og_url":"https:\/\/www.eldiario.net\/portal\/2023\/06\/08\/apostar-por-la-agricultura-clave-para-el-desarrollo\/","og_site_name":"El Diario - Bolivia","article_publisher":"https:\/\/www.facebook.com\/eldiario.bolivia\/","article_published_time":"2023-06-08T10:20:48+00:00","og_image":[{"width":1200,"height":628,"url":"https:\/\/www.eldiario.net\/portal\/wp-content\/uploads\/2023\/06\/Gary-Antonio-Rodriguez-Alvarez.jpg","type":"image\/jpeg"}],"author":"Jeanette","twitter_card":"summary_large_image","twitter_creator":"@eldiario_net","twitter_site":"@eldiario_net","twitter_misc":{"Escrito por":"Jeanette","Tiempo de lectura":"4 minutos"},"schema":{"@context":"https:\/\/schema.org","@graph":[{"@type":"Article","@id":"https:\/\/www.eldiario.net\/portal\/2023\/06\/08\/apostar-por-la-agricultura-clave-para-el-desarrollo\/#article","isPartOf":{"@id":"https:\/\/www.eldiario.net\/portal\/2023\/06\/08\/apostar-por-la-agricultura-clave-para-el-desarrollo\/"},"author":{"name":"Jeanette","@id":"https:\/\/www.eldiario.net\/portal\/#\/schema\/person\/f46445640444750d7d753ccd04ae01b7"},"headline":"Apostar por la agricultura, clave para el desarrollo","datePublished":"2023-06-08T10:20:48+00:00","mainEntityOfPage":{"@id":"https:\/\/www.eldiario.net\/portal\/2023\/06\/08\/apostar-por-la-agricultura-clave-para-el-desarrollo\/"},"wordCount":820,"publisher":{"@id":"https:\/\/www.eldiario.net\/portal\/#organization"},"image":{"@id":"https:\/\/www.eldiario.net\/portal\/2023\/06\/08\/apostar-por-la-agricultura-clave-para-el-desarrollo\/#primaryimage"},"thumbnailUrl":"https:\/\/www.eldiario.net\/portal\/wp-content\/uploads\/2023\/06\/Gary-Antonio-Rodriguez-Alvarez.jpg","articleSection":["Opini\u00f3n"],"inLanguage":"es"},{"@type":"WebPage","@id":"https:\/\/www.eldiario.net\/portal\/2023\/06\/08\/apostar-por-la-agricultura-clave-para-el-desarrollo\/","url":"https:\/\/www.eldiario.net\/portal\/2023\/06\/08\/apostar-por-la-agricultura-clave-para-el-desarrollo\/","name":"Apostar por la agricultura, clave para el desarrollo - El Diario - Bolivia","isPartOf":{"@id":"https:\/\/www.eldiario.net\/portal\/#website"},"primaryImageOfPage":{"@id":"https:\/\/www.eldiario.net\/portal\/2023\/06\/08\/apostar-por-la-agricultura-clave-para-el-desarrollo\/#primaryimage"},"image":{"@id":"https:\/\/www.eldiario.net\/portal\/2023\/06\/08\/apostar-por-la-agricultura-clave-para-el-desarrollo\/#primaryimage"},"thumbnailUrl":"https:\/\/www.eldiario.net\/portal\/wp-content\/uploads\/2023\/06\/Gary-Antonio-Rodriguez-Alvarez.jpg","datePublished":"2023-06-08T10:20:48+00:00","breadcrumb":{"@id":"https:\/\/www.eldiario.net\/portal\/2023\/06\/08\/apostar-por-la-agricultura-clave-para-el-desarrollo\/#breadcrumb"},"inLanguage":"es","potentialAction":[{"@type":"ReadAction","target":["https:\/\/www.eldiario.net\/portal\/2023\/06\/08\/apostar-por-la-agricultura-clave-para-el-desarrollo\/"]}]},{"@type":"ImageObject","inLanguage":"es","@id":"https:\/\/www.eldiario.net\/portal\/2023\/06\/08\/apostar-por-la-agricultura-clave-para-el-desarrollo\/#primaryimage","url":"https:\/\/www.eldiario.net\/portal\/wp-content\/uploads\/2023\/06\/Gary-Antonio-Rodriguez-Alvarez.jpg","contentUrl":"https:\/\/www.eldiario.net\/portal\/wp-content\/uploads\/2023\/06\/Gary-Antonio-Rodriguez-Alvarez.jpg","width":1200,"height":628},{"@type":"BreadcrumbList","@id":"https:\/\/www.eldiario.net\/portal\/2023\/06\/08\/apostar-por-la-agricultura-clave-para-el-desarrollo\/#breadcrumb","itemListElement":[{"@type":"ListItem","position":1,"name":"Portada","item":"https:\/\/www.eldiario.net\/portal\/"},{"@type":"ListItem","position":2,"name":"Apostar por la agricultura, clave para el desarrollo"}]},{"@type":"WebSite","@id":"https:\/\/www.eldiario.net\/portal\/#website","url":"https:\/\/www.eldiario.net\/portal\/","name":"El Diario - Decano de la prensa nacional","description":"El Diario - Decano de la prensa nacional","publisher":{"@id":"https:\/\/www.eldiario.net\/portal\/#organization"},"potentialAction":[{"@type":"SearchAction","target":{"@type":"EntryPoint","urlTemplate":"https:\/\/www.eldiario.net\/portal\/?s={search_term_string}"},"query-input":{"@type":"PropertyValueSpecification","valueRequired":true,"valueName":"search_term_string"}}],"inLanguage":"es"},{"@type":"Organization","@id":"https:\/\/www.eldiario.net\/portal\/#organization","name":"El Diario - Decano de la prensa nacional","url":"https:\/\/www.eldiario.net\/portal\/","logo":{"@type":"ImageObject","inLanguage":"es","@id":"https:\/\/www.eldiario.net\/portal\/#\/schema\/logo\/image\/","url":"https:\/\/www.eldiario.net\/portal\/wp-content\/uploads\/2023\/07\/logo_ED.jpg","contentUrl":"https:\/\/www.eldiario.net\/portal\/wp-content\/uploads\/2023\/07\/logo_ED.jpg","width":272,"height":52,"caption":"El Diario - Decano de la prensa nacional"},"image":{"@id":"https:\/\/www.eldiario.net\/portal\/#\/schema\/logo\/image\/"},"sameAs":["https:\/\/www.facebook.com\/eldiario.bolivia\/","https:\/\/x.com\/eldiario_net"]},{"@type":"Person","@id":"https:\/\/www.eldiario.net\/portal\/#\/schema\/person\/f46445640444750d7d753ccd04ae01b7","name":"Jeanette","image":{"@type":"ImageObject","inLanguage":"es","@id":"https:\/\/secure.gravatar.com\/avatar\/3ea2118a5f7dad2b7138b1187a6b7ee55f160b9968b66013c3a3ef39dd7e5798?s=96&d=mm&r=g","url":"https:\/\/secure.gravatar.com\/avatar\/3ea2118a5f7dad2b7138b1187a6b7ee55f160b9968b66013c3a3ef39dd7e5798?s=96&d=mm&r=g","contentUrl":"https:\/\/secure.gravatar.com\/avatar\/3ea2118a5f7dad2b7138b1187a6b7ee55f160b9968b66013c3a3ef39dd7e5798?s=96&d=mm&r=g","caption":"Jeanette"},"sameAs":["https:\/\/www.eldiario.net\/portal"],"url":"https:\/\/www.eldiario.net\/portal\/author\/jeanette\/"}]}},"_links":{"self":[{"href":"https:\/\/www.eldiario.net\/portal\/wp-json\/wp\/v2\/posts\/158761","targetHints":{"allow":["GET"]}}],"collection":[{"href":"https:\/\/www.eldiario.net\/portal\/wp-json\/wp\/v2\/posts"}],"about":[{"href":"https:\/\/www.eldiario.net\/portal\/wp-json\/wp\/v2\/types\/post"}],"author":[{"embeddable":true,"href":"https:\/\/www.eldiario.net\/portal\/wp-json\/wp\/v2\/users\/1"}],"replies":[{"embeddable":true,"href":"https:\/\/www.eldiario.net\/portal\/wp-json\/wp\/v2\/comments?post=158761"}],"version-history":[{"count":0,"href":"https:\/\/www.eldiario.net\/portal\/wp-json\/wp\/v2\/posts\/158761\/revisions"}],"wp:featuredmedia":[{"embeddable":true,"href":"https:\/\/www.eldiario.net\/portal\/wp-json\/wp\/v2\/media\/157466"}],"wp:attachment":[{"href":"https:\/\/www.eldiario.net\/portal\/wp-json\/wp\/v2\/media?parent=158761"}],"wp:term":[{"taxonomy":"category","embeddable":true,"href":"https:\/\/www.eldiario.net\/portal\/wp-json\/wp\/v2\/categories?post=158761"},{"taxonomy":"post_tag","embeddable":true,"href":"https:\/\/www.eldiario.net\/portal\/wp-json\/wp\/v2\/tags?post=158761"}],"curies":[{"name":"wp","href":"https:\/\/api.w.org\/{rel}","templated":true}]}}