{"id":158715,"date":"2023-06-07T06:45:57","date_gmt":"2023-06-07T10:45:57","guid":{"rendered":"https:\/\/www.eldiario.net\/portal\/?p=158715"},"modified":"2023-06-07T06:45:57","modified_gmt":"2023-06-07T10:45:57","slug":"rollo-de-carne-picada","status":"publish","type":"post","link":"https:\/\/www.eldiario.net\/portal\/2023\/06\/07\/rollo-de-carne-picada\/","title":{"rendered":"ROLLO DE CARNE PICADA"},"content":{"rendered":"<p>Queridos lectores, comparto con ustedes en este art\u00edculo la fascinante historia de uno de los platos m\u00e1s vers\u00e1tiles y deliciosos de la gastronom\u00eda: el Rollo de Carne Picada. Prep\u00e1rense para embarcarse en un viaje culinario, descubriendo los or\u00edgenes y los secretos detr\u00e1s de este deleite para los sentidos.<\/p>\n<p>El Rollo de Carne Picada tiene sus ra\u00edces en la antig\u00fcedad, cuando nuestros antepasados descubrieron el poder transformador de la carne molida. Desde entonces, esta preparaci\u00f3n ha conquistado los paladares de culturas alrededor del mundo, adapt\u00e1ndose a distintas tradiciones culinarias y ganando un lugar privilegiado en la mesa de familias y banquetes.<\/p>\n<p>\u00bfSaben d\u00f3nde se origin\u00f3 la carne de res? Pues, el origen de la carne de res se sit\u00faa en las praderas y estepas de Asia y Europa, donde los antiguos cazadores recolectores descubrieron que el ganado salvaje era una fuente confiable de alimento. A medida que los seres humanos se volvieron m\u00e1s sedentarios y comenzaron a practicar la agricultura y la domesticaci\u00f3n de animales, el ganado bovino se convirti\u00f3 en una parte fundamental de su estilo de vida.<\/p>\n<p>El proceso de domesticaci\u00f3n de los bovinos se llev\u00f3 a cabo gradualmente a lo largo de los siglos, comenzando aproximadamente hace 10,000 a\u00f1os. Los primeros ganados se criaban principalmente por su leche y cuero, pero con el tiempo se descubri\u00f3 el valor de su carne como fuente de nutrientes y prote\u00ednas.<\/p>\n<p>Las civilizaciones antiguas, como los egipcios, los griegos y los romanos hicieron del consumo de carne de res una parte importante de su dieta. Estas culturas desarrollaron t\u00e9cnicas avanzadas de crianza y sacrificio de ganado, as\u00ed como m\u00e9todos de preparaci\u00f3n y cocci\u00f3n que maximizaban el sabor y la textura de la carne.<\/p>\n<p>Pero, el atractivo del Rollo de Carne Picada no reside solo en su sabor irresistible, sino tambi\u00e9n en sus beneficios para la salud. La carne picada, que puede ser de res, cerdo, pollo o una combinaci\u00f3n de estas, es una excelente fuente de prote\u00ednas, esenciales para el crecimiento y la reparaci\u00f3n de tejidos. Adem\u00e1s, est\u00e1 repleta de minerales como el hierro, el zinc y el f\u00f3sforo, que fortalecen los huesos y contribuyen al correcto funcionamiento del organismo.<\/p>\n<p>Queridos lectores, ya sea que est\u00e9n buscando una cena familiar reconfortante o sorprender a sus invitados con un plato lleno de estilo, el Rollo de Carne Picada siempre ser\u00e1 una elecci\u00f3n ganadora.<\/p>\n<p>\u00a1Buen provecho!<\/p>\n<p>&nbsp;<\/p>\n<p><strong>ROLLO DE CARNE PICADA<\/strong><\/p>\n<p>&nbsp;<\/p>\n<p>Para 6 personas<\/p>\n<p>&nbsp;<\/p>\n<p><strong>Ingredientes:<\/strong><\/p>\n<p><strong>\u00a0<\/strong><\/p>\n<p>1\/2 kg de carne de res picada<\/p>\n<p>2 u. huevo<\/p>\n<p>1 u. diente de ajo picado fino<\/p>\n<p>1 u. cebolla mediana roja picada<\/p>\n<p>1 pu\u00f1ado de miga de pan (125 gr. aprox)<\/p>\n<p>1 taza de leche caliente<\/p>\n<p>3 cucharadas de perejil picado fino<\/p>\n<p>8 cucharadas de aceite<\/p>\n<p>Sal<\/p>\n<p>Pimienta<\/p>\n<p>Nuez moscada<\/p>\n<p>&nbsp;<\/p>\n<p><strong>Preparaci\u00f3n:<\/strong><\/p>\n<p>En un sart\u00e9n poner la mitad, m\u00e1s o menos que cubra el fondo, de aceite. Calentar y echar la cebolla, hasta que comience a dorar y retirar la mitad.<\/p>\n<p>En un bowl poner la miga de pan con la leche caliente.<\/p>\n<p>En otro bowl mezclar la carne, el ajo, el perejil, la cebolla ya frita, raspar un poco de nuez moscada y la miga de pan remojada en la leche. Se podr\u00eda estrujar la miga si se ve que contiene mucha leche.<\/p>\n<p>Batir los huevos y a\u00f1adirlos. Mezclar todo muy bien.<\/p>\n<p>En una fuente de horno verter aceite de forma que cubra todo el fondo. Si la masa se observa que resulta muy blanda, se puede a\u00f1adir un poco de pan rallado.<\/p>\n<p>M\u00f3jese las manos y f\u00f3rmese un rollo con la carne como si fuese un asado. Con un cuchillo realizar una raya ligera, poco profunda, a lo largo del rollo y encima.<\/p>\n<p>Llevar al horno precalentado por 10 minutos a 170 \u00ba C, dejar cocer la preparaci\u00f3n por aproximadamente 45 minutos. Apague el horno y deje reposar la carne antes de cortarla.<\/p>\n<p>&nbsp;<\/p>\n<p><strong>Emplatado:<\/strong><\/p>\n<p>Colocar sobre la mesa de los comensales la bandeja del horno con el rollo de carne picada bien caliente y porcionar. Disfrute.<\/p>\n<ol>\n<li>Puede acompa\u00f1ar \u00e9sta deliciosa receta con una fresca ensalada de palmitos y lechuga.<\/li>\n<\/ol>\n<p>&nbsp;<\/p>\n<p>Queridos lectores nos vemos en una siguiente receta y no olviden que:<\/p>\n<p>\u201cLa comida hecha con amor, f\u00edsica, qu\u00edmica y biol\u00f3gicamente sabe mejor\u201d<\/p>\n<p>Chef Franz R. Arandia Belmonte<\/p>\n<p>Gastr\u00f3nomo Profesional e Investigador Gastron\u00f3mico<\/p>\n<p>&nbsp;<\/p>\n<p>&nbsp;<\/p>\n<p>Facebook Fan Page: Chef Ara\u00f1a<\/p>\n<p>Facebook: Ara\u00f1a del monte<\/p>\n<p>Facebook: Paladar Mundial Un Gusto Surreal<\/p>\n<p>Blog: Gastrobiologia.wordpress.com<\/p>\n<p>Instagram: Arana_del_monte<\/p>\n<p>Tik tok: chef.aranha<\/p>\n<div id='gallery-1' class='gallery galleryid-158715 gallery-columns-3 gallery-size-medium'><figure class='gallery-item'>\n\t\t\t<div class='gallery-icon landscape'>\n\t\t\t\t<a href='https:\/\/www.eldiario.net\/portal\/2023\/06\/07\/rollo-de-carne-picada\/nota-4-foto-1-33\/'><img loading=\"lazy\" decoding=\"async\" width=\"300\" height=\"300\" src=\"https:\/\/www.eldiario.net\/portal\/wp-content\/uploads\/2023\/06\/NOTA-4-FOTO-1-300x300.jpg\" class=\"attachment-medium size-medium\" alt=\"\" aria-describedby=\"gallery-1-158716\" srcset=\"https:\/\/www.eldiario.net\/portal\/wp-content\/uploads\/2023\/06\/NOTA-4-FOTO-1-300x300.jpg 300w, https:\/\/www.eldiario.net\/portal\/wp-content\/uploads\/2023\/06\/NOTA-4-FOTO-1-150x150.jpg 150w, https:\/\/www.eldiario.net\/portal\/wp-content\/uploads\/2023\/06\/NOTA-4-FOTO-1-768x768.jpg 768w, https:\/\/www.eldiario.net\/portal\/wp-content\/uploads\/2023\/06\/NOTA-4-FOTO-1-696x696.jpg 696w, https:\/\/www.eldiario.net\/portal\/wp-content\/uploads\/2023\/06\/NOTA-4-FOTO-1.jpg 800w\" sizes=\"auto, (max-width: 300px) 100vw, 300px\" \/><\/a>\n\t\t\t<\/div>\n\t\t\t\t<figcaption class='wp-caption-text gallery-caption' id='gallery-1-158716'>\n\t\t\t\tROLLO DE CARNE PICADA.\n\t\t\t\t<\/figcaption><\/figure><figure class='gallery-item'>\n\t\t\t<div class='gallery-icon landscape'>\n\t\t\t\t<a href='https:\/\/www.eldiario.net\/portal\/2023\/06\/07\/rollo-de-carne-picada\/nota-4-foto-2-30\/'><img loading=\"lazy\" decoding=\"async\" width=\"300\" height=\"300\" src=\"https:\/\/www.eldiario.net\/portal\/wp-content\/uploads\/2023\/06\/NOTA-4-FOTO-2-300x300.jpeg\" class=\"attachment-medium size-medium\" alt=\"\" aria-describedby=\"gallery-1-158717\" srcset=\"https:\/\/www.eldiario.net\/portal\/wp-content\/uploads\/2023\/06\/NOTA-4-FOTO-2-300x300.jpeg 300w, https:\/\/www.eldiario.net\/portal\/wp-content\/uploads\/2023\/06\/NOTA-4-FOTO-2-150x150.jpeg 150w, https:\/\/www.eldiario.net\/portal\/wp-content\/uploads\/2023\/06\/NOTA-4-FOTO-2.jpeg 612w\" sizes=\"auto, (max-width: 300px) 100vw, 300px\" \/><\/a>\n\t\t\t<\/div>\n\t\t\t\t<figcaption class='wp-caption-text gallery-caption' id='gallery-1-158717'>\n\t\t\t\tCHEF FRANZ ARANDIA.\n\t\t\t\t<\/figcaption><\/figure>\n\t\t<\/div>\n\n","protected":false},"excerpt":{"rendered":"<p>Queridos lectores, comparto con ustedes en este art\u00edculo la fascinante historia de uno de los platos m\u00e1s vers\u00e1tiles y deliciosos de la gastronom\u00eda: el Rollo de Carne Picada. Prep\u00e1rense para embarcarse en un viaje culinario, descubriendo los or\u00edgenes y los secretos detr\u00e1s de este deleite para los sentidos. El Rollo de Carne Picada tiene sus [&hellip;]<\/p>\n","protected":false},"author":1,"featured_media":158716,"comment_status":"closed","ping_status":"closed","sticky":false,"template":"","format":"standard","meta":{"_acf_changed":false,"footnotes":""},"categories":[42],"tags":[],"class_list":["post-158715","post","type-post","status-publish","format-standard","has-post-thumbnail","category-femenina"],"acf":{"antetitulo":""},"yoast_head":"<!-- This site is optimized with the Yoast SEO plugin v28.4 - https:\/\/yoast.com\/product\/yoast-seo-wordpress\/ -->\n<title>ROLLO DE CARNE PICADA - El Diario - Bolivia<\/title>\n<meta name=\"robots\" content=\"index, follow, max-snippet:-1, max-image-preview:large, max-video-preview:-1\" \/>\n<link rel=\"canonical\" href=\"https:\/\/www.eldiario.net\/portal\/2023\/06\/07\/rollo-de-carne-picada\/\" \/>\n<meta property=\"og:locale\" content=\"es_ES\" \/>\n<meta property=\"og:type\" content=\"article\" \/>\n<meta property=\"og:title\" content=\"ROLLO DE CARNE PICADA - El Diario - Bolivia\" \/>\n<meta property=\"og:description\" content=\"Queridos lectores, comparto con ustedes en este art\u00edculo la fascinante historia de uno de los platos m\u00e1s vers\u00e1tiles y deliciosos de la gastronom\u00eda: el Rollo de Carne Picada. Prep\u00e1rense para embarcarse en un viaje culinario, descubriendo los or\u00edgenes y los secretos detr\u00e1s de este deleite para los sentidos. El Rollo de Carne Picada tiene sus [&hellip;]\" \/>\n<meta property=\"og:url\" content=\"https:\/\/www.eldiario.net\/portal\/2023\/06\/07\/rollo-de-carne-picada\/\" \/>\n<meta property=\"og:site_name\" content=\"El Diario - Bolivia\" \/>\n<meta property=\"article:publisher\" content=\"https:\/\/www.facebook.com\/eldiario.bolivia\/\" \/>\n<meta property=\"article:published_time\" content=\"2023-06-07T10:45:57+00:00\" \/>\n<meta property=\"og:image\" content=\"https:\/\/www.eldiario.net\/portal\/wp-content\/uploads\/2023\/06\/NOTA-4-FOTO-1.jpg\" \/>\n\t<meta property=\"og:image:width\" content=\"800\" \/>\n\t<meta property=\"og:image:height\" content=\"800\" \/>\n\t<meta property=\"og:image:type\" content=\"image\/jpeg\" \/>\n<meta name=\"author\" content=\"Jeanette\" \/>\n<meta name=\"twitter:card\" content=\"summary_large_image\" \/>\n<meta name=\"twitter:creator\" content=\"@eldiario_net\" \/>\n<meta name=\"twitter:site\" content=\"@eldiario_net\" \/>\n<meta name=\"twitter:label1\" content=\"Escrito por\" \/>\n\t<meta name=\"twitter:data1\" content=\"Jeanette\" \/>\n\t<meta name=\"twitter:label2\" content=\"Tiempo de lectura\" \/>\n\t<meta name=\"twitter:data2\" content=\"4 minutos\" \/>\n<script type=\"application\/ld+json\" class=\"yoast-schema-graph\">{\"@context\":\"https:\\\/\\\/schema.org\",\"@graph\":[{\"@type\":\"Article\",\"@id\":\"https:\\\/\\\/www.eldiario.net\\\/portal\\\/2023\\\/06\\\/07\\\/rollo-de-carne-picada\\\/#article\",\"isPartOf\":{\"@id\":\"https:\\\/\\\/www.eldiario.net\\\/portal\\\/2023\\\/06\\\/07\\\/rollo-de-carne-picada\\\/\"},\"author\":{\"name\":\"Jeanette\",\"@id\":\"https:\\\/\\\/www.eldiario.net\\\/portal\\\/#\\\/schema\\\/person\\\/f46445640444750d7d753ccd04ae01b7\"},\"headline\":\"ROLLO DE CARNE PICADA\",\"datePublished\":\"2023-06-07T10:45:57+00:00\",\"mainEntityOfPage\":{\"@id\":\"https:\\\/\\\/www.eldiario.net\\\/portal\\\/2023\\\/06\\\/07\\\/rollo-de-carne-picada\\\/\"},\"wordCount\":780,\"publisher\":{\"@id\":\"https:\\\/\\\/www.eldiario.net\\\/portal\\\/#organization\"},\"image\":{\"@id\":\"https:\\\/\\\/www.eldiario.net\\\/portal\\\/2023\\\/06\\\/07\\\/rollo-de-carne-picada\\\/#primaryimage\"},\"thumbnailUrl\":\"https:\\\/\\\/www.eldiario.net\\\/portal\\\/wp-content\\\/uploads\\\/2023\\\/06\\\/NOTA-4-FOTO-1.jpg\",\"articleSection\":[\"Femenina\"],\"inLanguage\":\"es\"},{\"@type\":\"WebPage\",\"@id\":\"https:\\\/\\\/www.eldiario.net\\\/portal\\\/2023\\\/06\\\/07\\\/rollo-de-carne-picada\\\/\",\"url\":\"https:\\\/\\\/www.eldiario.net\\\/portal\\\/2023\\\/06\\\/07\\\/rollo-de-carne-picada\\\/\",\"name\":\"ROLLO DE CARNE PICADA - El Diario - Bolivia\",\"isPartOf\":{\"@id\":\"https:\\\/\\\/www.eldiario.net\\\/portal\\\/#website\"},\"primaryImageOfPage\":{\"@id\":\"https:\\\/\\\/www.eldiario.net\\\/portal\\\/2023\\\/06\\\/07\\\/rollo-de-carne-picada\\\/#primaryimage\"},\"image\":{\"@id\":\"https:\\\/\\\/www.eldiario.net\\\/portal\\\/2023\\\/06\\\/07\\\/rollo-de-carne-picada\\\/#primaryimage\"},\"thumbnailUrl\":\"https:\\\/\\\/www.eldiario.net\\\/portal\\\/wp-content\\\/uploads\\\/2023\\\/06\\\/NOTA-4-FOTO-1.jpg\",\"datePublished\":\"2023-06-07T10:45:57+00:00\",\"breadcrumb\":{\"@id\":\"https:\\\/\\\/www.eldiario.net\\\/portal\\\/2023\\\/06\\\/07\\\/rollo-de-carne-picada\\\/#breadcrumb\"},\"inLanguage\":\"es\",\"potentialAction\":[{\"@type\":\"ReadAction\",\"target\":[\"https:\\\/\\\/www.eldiario.net\\\/portal\\\/2023\\\/06\\\/07\\\/rollo-de-carne-picada\\\/\"]}]},{\"@type\":\"ImageObject\",\"inLanguage\":\"es\",\"@id\":\"https:\\\/\\\/www.eldiario.net\\\/portal\\\/2023\\\/06\\\/07\\\/rollo-de-carne-picada\\\/#primaryimage\",\"url\":\"https:\\\/\\\/www.eldiario.net\\\/portal\\\/wp-content\\\/uploads\\\/2023\\\/06\\\/NOTA-4-FOTO-1.jpg\",\"contentUrl\":\"https:\\\/\\\/www.eldiario.net\\\/portal\\\/wp-content\\\/uploads\\\/2023\\\/06\\\/NOTA-4-FOTO-1.jpg\",\"width\":800,\"height\":800,\"caption\":\"ROLLO DE CARNE PICADA.\"},{\"@type\":\"BreadcrumbList\",\"@id\":\"https:\\\/\\\/www.eldiario.net\\\/portal\\\/2023\\\/06\\\/07\\\/rollo-de-carne-picada\\\/#breadcrumb\",\"itemListElement\":[{\"@type\":\"ListItem\",\"position\":1,\"name\":\"Portada\",\"item\":\"https:\\\/\\\/www.eldiario.net\\\/portal\\\/\"},{\"@type\":\"ListItem\",\"position\":2,\"name\":\"ROLLO DE CARNE PICADA\"}]},{\"@type\":\"WebSite\",\"@id\":\"https:\\\/\\\/www.eldiario.net\\\/portal\\\/#website\",\"url\":\"https:\\\/\\\/www.eldiario.net\\\/portal\\\/\",\"name\":\"El Diario - Decano de la prensa nacional\",\"description\":\"El Diario - Decano de la prensa nacional\",\"publisher\":{\"@id\":\"https:\\\/\\\/www.eldiario.net\\\/portal\\\/#organization\"},\"potentialAction\":[{\"@type\":\"SearchAction\",\"target\":{\"@type\":\"EntryPoint\",\"urlTemplate\":\"https:\\\/\\\/www.eldiario.net\\\/portal\\\/?s={search_term_string}\"},\"query-input\":{\"@type\":\"PropertyValueSpecification\",\"valueRequired\":true,\"valueName\":\"search_term_string\"}}],\"inLanguage\":\"es\"},{\"@type\":\"Organization\",\"@id\":\"https:\\\/\\\/www.eldiario.net\\\/portal\\\/#organization\",\"name\":\"El Diario - Decano de la prensa nacional\",\"url\":\"https:\\\/\\\/www.eldiario.net\\\/portal\\\/\",\"logo\":{\"@type\":\"ImageObject\",\"inLanguage\":\"es\",\"@id\":\"https:\\\/\\\/www.eldiario.net\\\/portal\\\/#\\\/schema\\\/logo\\\/image\\\/\",\"url\":\"https:\\\/\\\/www.eldiario.net\\\/portal\\\/wp-content\\\/uploads\\\/2023\\\/07\\\/logo_ED.jpg\",\"contentUrl\":\"https:\\\/\\\/www.eldiario.net\\\/portal\\\/wp-content\\\/uploads\\\/2023\\\/07\\\/logo_ED.jpg\",\"width\":272,\"height\":52,\"caption\":\"El Diario - Decano de la prensa nacional\"},\"image\":{\"@id\":\"https:\\\/\\\/www.eldiario.net\\\/portal\\\/#\\\/schema\\\/logo\\\/image\\\/\"},\"sameAs\":[\"https:\\\/\\\/www.facebook.com\\\/eldiario.bolivia\\\/\",\"https:\\\/\\\/x.com\\\/eldiario_net\"]},{\"@type\":\"Person\",\"@id\":\"https:\\\/\\\/www.eldiario.net\\\/portal\\\/#\\\/schema\\\/person\\\/f46445640444750d7d753ccd04ae01b7\",\"name\":\"Jeanette\",\"image\":{\"@type\":\"ImageObject\",\"inLanguage\":\"es\",\"@id\":\"https:\\\/\\\/secure.gravatar.com\\\/avatar\\\/3ea2118a5f7dad2b7138b1187a6b7ee55f160b9968b66013c3a3ef39dd7e5798?s=96&d=mm&r=g\",\"url\":\"https:\\\/\\\/secure.gravatar.com\\\/avatar\\\/3ea2118a5f7dad2b7138b1187a6b7ee55f160b9968b66013c3a3ef39dd7e5798?s=96&d=mm&r=g\",\"contentUrl\":\"https:\\\/\\\/secure.gravatar.com\\\/avatar\\\/3ea2118a5f7dad2b7138b1187a6b7ee55f160b9968b66013c3a3ef39dd7e5798?s=96&d=mm&r=g\",\"caption\":\"Jeanette\"},\"sameAs\":[\"https:\\\/\\\/www.eldiario.net\\\/portal\"],\"url\":\"https:\\\/\\\/www.eldiario.net\\\/portal\\\/author\\\/jeanette\\\/\"}]}<\/script>\n<!-- \/ Yoast SEO plugin. -->","yoast_head_json":{"title":"ROLLO DE CARNE PICADA - El Diario - Bolivia","robots":{"index":"index","follow":"follow","max-snippet":"max-snippet:-1","max-image-preview":"max-image-preview:large","max-video-preview":"max-video-preview:-1"},"canonical":"https:\/\/www.eldiario.net\/portal\/2023\/06\/07\/rollo-de-carne-picada\/","og_locale":"es_ES","og_type":"article","og_title":"ROLLO DE CARNE PICADA - El Diario - Bolivia","og_description":"Queridos lectores, comparto con ustedes en este art\u00edculo la fascinante historia de uno de los platos m\u00e1s vers\u00e1tiles y deliciosos de la gastronom\u00eda: el Rollo de Carne Picada. Prep\u00e1rense para embarcarse en un viaje culinario, descubriendo los or\u00edgenes y los secretos detr\u00e1s de este deleite para los sentidos. El Rollo de Carne Picada tiene sus [&hellip;]","og_url":"https:\/\/www.eldiario.net\/portal\/2023\/06\/07\/rollo-de-carne-picada\/","og_site_name":"El Diario - Bolivia","article_publisher":"https:\/\/www.facebook.com\/eldiario.bolivia\/","article_published_time":"2023-06-07T10:45:57+00:00","og_image":[{"width":800,"height":800,"url":"https:\/\/www.eldiario.net\/portal\/wp-content\/uploads\/2023\/06\/NOTA-4-FOTO-1.jpg","type":"image\/jpeg"}],"author":"Jeanette","twitter_card":"summary_large_image","twitter_creator":"@eldiario_net","twitter_site":"@eldiario_net","twitter_misc":{"Escrito por":"Jeanette","Tiempo de lectura":"4 minutos"},"schema":{"@context":"https:\/\/schema.org","@graph":[{"@type":"Article","@id":"https:\/\/www.eldiario.net\/portal\/2023\/06\/07\/rollo-de-carne-picada\/#article","isPartOf":{"@id":"https:\/\/www.eldiario.net\/portal\/2023\/06\/07\/rollo-de-carne-picada\/"},"author":{"name":"Jeanette","@id":"https:\/\/www.eldiario.net\/portal\/#\/schema\/person\/f46445640444750d7d753ccd04ae01b7"},"headline":"ROLLO DE CARNE PICADA","datePublished":"2023-06-07T10:45:57+00:00","mainEntityOfPage":{"@id":"https:\/\/www.eldiario.net\/portal\/2023\/06\/07\/rollo-de-carne-picada\/"},"wordCount":780,"publisher":{"@id":"https:\/\/www.eldiario.net\/portal\/#organization"},"image":{"@id":"https:\/\/www.eldiario.net\/portal\/2023\/06\/07\/rollo-de-carne-picada\/#primaryimage"},"thumbnailUrl":"https:\/\/www.eldiario.net\/portal\/wp-content\/uploads\/2023\/06\/NOTA-4-FOTO-1.jpg","articleSection":["Femenina"],"inLanguage":"es"},{"@type":"WebPage","@id":"https:\/\/www.eldiario.net\/portal\/2023\/06\/07\/rollo-de-carne-picada\/","url":"https:\/\/www.eldiario.net\/portal\/2023\/06\/07\/rollo-de-carne-picada\/","name":"ROLLO DE CARNE PICADA - El Diario - Bolivia","isPartOf":{"@id":"https:\/\/www.eldiario.net\/portal\/#website"},"primaryImageOfPage":{"@id":"https:\/\/www.eldiario.net\/portal\/2023\/06\/07\/rollo-de-carne-picada\/#primaryimage"},"image":{"@id":"https:\/\/www.eldiario.net\/portal\/2023\/06\/07\/rollo-de-carne-picada\/#primaryimage"},"thumbnailUrl":"https:\/\/www.eldiario.net\/portal\/wp-content\/uploads\/2023\/06\/NOTA-4-FOTO-1.jpg","datePublished":"2023-06-07T10:45:57+00:00","breadcrumb":{"@id":"https:\/\/www.eldiario.net\/portal\/2023\/06\/07\/rollo-de-carne-picada\/#breadcrumb"},"inLanguage":"es","potentialAction":[{"@type":"ReadAction","target":["https:\/\/www.eldiario.net\/portal\/2023\/06\/07\/rollo-de-carne-picada\/"]}]},{"@type":"ImageObject","inLanguage":"es","@id":"https:\/\/www.eldiario.net\/portal\/2023\/06\/07\/rollo-de-carne-picada\/#primaryimage","url":"https:\/\/www.eldiario.net\/portal\/wp-content\/uploads\/2023\/06\/NOTA-4-FOTO-1.jpg","contentUrl":"https:\/\/www.eldiario.net\/portal\/wp-content\/uploads\/2023\/06\/NOTA-4-FOTO-1.jpg","width":800,"height":800,"caption":"ROLLO DE CARNE PICADA."},{"@type":"BreadcrumbList","@id":"https:\/\/www.eldiario.net\/portal\/2023\/06\/07\/rollo-de-carne-picada\/#breadcrumb","itemListElement":[{"@type":"ListItem","position":1,"name":"Portada","item":"https:\/\/www.eldiario.net\/portal\/"},{"@type":"ListItem","position":2,"name":"ROLLO DE CARNE PICADA"}]},{"@type":"WebSite","@id":"https:\/\/www.eldiario.net\/portal\/#website","url":"https:\/\/www.eldiario.net\/portal\/","name":"El Diario - Decano de la prensa nacional","description":"El Diario - Decano de la prensa nacional","publisher":{"@id":"https:\/\/www.eldiario.net\/portal\/#organization"},"potentialAction":[{"@type":"SearchAction","target":{"@type":"EntryPoint","urlTemplate":"https:\/\/www.eldiario.net\/portal\/?s={search_term_string}"},"query-input":{"@type":"PropertyValueSpecification","valueRequired":true,"valueName":"search_term_string"}}],"inLanguage":"es"},{"@type":"Organization","@id":"https:\/\/www.eldiario.net\/portal\/#organization","name":"El Diario - Decano de la prensa nacional","url":"https:\/\/www.eldiario.net\/portal\/","logo":{"@type":"ImageObject","inLanguage":"es","@id":"https:\/\/www.eldiario.net\/portal\/#\/schema\/logo\/image\/","url":"https:\/\/www.eldiario.net\/portal\/wp-content\/uploads\/2023\/07\/logo_ED.jpg","contentUrl":"https:\/\/www.eldiario.net\/portal\/wp-content\/uploads\/2023\/07\/logo_ED.jpg","width":272,"height":52,"caption":"El Diario - Decano de la prensa nacional"},"image":{"@id":"https:\/\/www.eldiario.net\/portal\/#\/schema\/logo\/image\/"},"sameAs":["https:\/\/www.facebook.com\/eldiario.bolivia\/","https:\/\/x.com\/eldiario_net"]},{"@type":"Person","@id":"https:\/\/www.eldiario.net\/portal\/#\/schema\/person\/f46445640444750d7d753ccd04ae01b7","name":"Jeanette","image":{"@type":"ImageObject","inLanguage":"es","@id":"https:\/\/secure.gravatar.com\/avatar\/3ea2118a5f7dad2b7138b1187a6b7ee55f160b9968b66013c3a3ef39dd7e5798?s=96&d=mm&r=g","url":"https:\/\/secure.gravatar.com\/avatar\/3ea2118a5f7dad2b7138b1187a6b7ee55f160b9968b66013c3a3ef39dd7e5798?s=96&d=mm&r=g","contentUrl":"https:\/\/secure.gravatar.com\/avatar\/3ea2118a5f7dad2b7138b1187a6b7ee55f160b9968b66013c3a3ef39dd7e5798?s=96&d=mm&r=g","caption":"Jeanette"},"sameAs":["https:\/\/www.eldiario.net\/portal"],"url":"https:\/\/www.eldiario.net\/portal\/author\/jeanette\/"}]}},"_links":{"self":[{"href":"https:\/\/www.eldiario.net\/portal\/wp-json\/wp\/v2\/posts\/158715","targetHints":{"allow":["GET"]}}],"collection":[{"href":"https:\/\/www.eldiario.net\/portal\/wp-json\/wp\/v2\/posts"}],"about":[{"href":"https:\/\/www.eldiario.net\/portal\/wp-json\/wp\/v2\/types\/post"}],"author":[{"embeddable":true,"href":"https:\/\/www.eldiario.net\/portal\/wp-json\/wp\/v2\/users\/1"}],"replies":[{"embeddable":true,"href":"https:\/\/www.eldiario.net\/portal\/wp-json\/wp\/v2\/comments?post=158715"}],"version-history":[{"count":0,"href":"https:\/\/www.eldiario.net\/portal\/wp-json\/wp\/v2\/posts\/158715\/revisions"}],"wp:featuredmedia":[{"embeddable":true,"href":"https:\/\/www.eldiario.net\/portal\/wp-json\/wp\/v2\/media\/158716"}],"wp:attachment":[{"href":"https:\/\/www.eldiario.net\/portal\/wp-json\/wp\/v2\/media?parent=158715"}],"wp:term":[{"taxonomy":"category","embeddable":true,"href":"https:\/\/www.eldiario.net\/portal\/wp-json\/wp\/v2\/categories?post=158715"},{"taxonomy":"post_tag","embeddable":true,"href":"https:\/\/www.eldiario.net\/portal\/wp-json\/wp\/v2\/tags?post=158715"}],"curies":[{"name":"wp","href":"https:\/\/api.w.org\/{rel}","templated":true}]}}