{"id":158710,"date":"2023-06-07T06:44:56","date_gmt":"2023-06-07T10:44:56","guid":{"rendered":"https:\/\/www.eldiario.net\/portal\/?p=158710"},"modified":"2023-06-07T06:44:56","modified_gmt":"2023-06-07T10:44:56","slug":"cbn-continua-con-la-campana-sembrando-vida","status":"publish","type":"post","link":"https:\/\/www.eldiario.net\/portal\/2023\/06\/07\/cbn-continua-con-la-campana-sembrando-vida\/","title":{"rendered":"CBN contin\u00faa con la campa\u00f1a \u201cSembrando Vida\u201d"},"content":{"rendered":"<p>El domingo pasado se realiz\u00f3 la primera visita de los voluntarios a los arbolitos plantados en la campa\u00f1a \u201cSembrando Vida\u201d, donde pudieron regar y abonar los plantines.<\/p>\n<p>En la oportunidad, \u00a0Cervecer\u00eda Boliviana Nacional moviliz\u00f3 a m\u00e1s de doscientos voluntarios en Cochabamba para dar continuidad a la campa\u00f1a, iniciativa que busca recuperar el \u00e1rea boscosa metropolitana del Parque Nacional Tunari.<\/p>\n<p>\u201cEstamos muy contentos por la enorme y comprometida participaci\u00f3n de la gente de Cochabamba en esta primera actividad, muy pronto veremos que el Parque Nacional Tunari recupera, poco a poco, su esplendor\u201d, explic\u00f3 la gerente de Sustentabilidad de CBN, Lilian Choque.<\/p>\n<p>La actividad del domingo es parte del plan que al ser una iniciativa de largo aliento prev\u00e9 que la gente acompa\u00f1e a los \u00e1rboles plantados con visitas constantes, para garantizar que los arbolitos logren adaptarse al entorno silvestre en condiciones adecuadas. A trav\u00e9s de la aplicaci\u00f3n tambi\u00e9n se busca que los voluntarios cuenten con una herramienta que los comprometa en el tiempo y a la vez les sirva para monitorear el desarrollo de los plantines que sembraron.<\/p>\n<p>Con su participaci\u00f3n en la primera jornada de mantenimiento, los asistentes pudieron regar y abonar los plantines, adem\u00e1s de sumar puntos en la aplicaci\u00f3n \u201cSembrando Vida Bolivia\u201d, para ser acreedores de uno de los 100 pasajes a\u00e9reos de BOA en sus rutas nacionales como reconocimiento a su compromiso con la campa\u00f1a.<\/p>\n<p>En la aplicaci\u00f3n para dispositivos m\u00f3viles, los voluntarios de la campa\u00f1a podr\u00e1n realizar el monitoreo de los \u00e1rboles plantados, as\u00ed como el registro de las actividades para sumar puntos en el conteo general. Adem\u00e1s, el aplicativo educa y concientiza a los voluntarios, de una manera l\u00fadica, sobre la importancia de la preservaci\u00f3n del cintur\u00f3n forestal de Cochabamba y permiten que los voluntarios est\u00e9n informados de las actividades de la campa\u00f1a.<\/p>\n<p><strong>Primer quiz \u201cMis Arboles\u201d<\/strong><\/p>\n<p>En la aplicaci\u00f3n \u201cSembrando Vida Bolivia\u201d ya est\u00e1 disponible el primer quiz que busca reforzar los conocimientos sobre las especies reforestadas a trav\u00e9s de un juego interactivo, donde el usuario deber\u00e1 elegir semillas de cinco especies de \u00e1rboles de su preferencia y a\u00f1adir agua, abono y preparar el terreno, esta actividad tambi\u00e9n les permitir\u00e1 sumar puntos.<\/p>\n<p><strong>Revitalizaci\u00f3n del Parque Nacional Tunari <\/strong><\/p>\n<p>En diciembre del a\u00f1o pasado CBN, junto a 12 de instituciones y empresas aliadas, presenta la campa\u00f1a \u00abSembrando Vida\u00bb que busca revitalizar el cintur\u00f3n boscoso de Cochabamba. La convocatoria fue respondida por m\u00e1s de 2 mil voluntarios que plantaron m\u00e1s de seis mil arbolitos de especies nativas de la zona, cuidando el equilibrio ecol\u00f3gico y se lanzaron 3 mil bombas de semilla para cubrir las quebradas de dif\u00edcil acceso. La iniciativa recuper\u00f3 al menos cinco hect\u00e1reas de manto boscoso en el Tunari.<\/p>\n<p>\u201cEste es un proyecto que busca generar prosperidad compartida a trav\u00e9s de acciones con las que la ciudadan\u00eda asume el compromiso colectivo y personal de preservar el ecosistema de este lugar, que alberga una diversidad de especies vegetales y es el hogar de animales en peligro de extinci\u00f3n y que ha sido afectada por la acci\u00f3n de los humanos\u201d, concluy\u00f3 la ejecutiva de la CBN.<\/p>\n<div id='gallery-1' class='gallery galleryid-158710 gallery-columns-3 gallery-size-medium'><figure class='gallery-item'>\n\t\t\t<div class='gallery-icon landscape'>\n\t\t\t\t<a href='https:\/\/www.eldiario.net\/portal\/2023\/06\/07\/cbn-continua-con-la-campana-sembrando-vida\/nota-5-foto-1-40\/'><img loading=\"lazy\" decoding=\"async\" width=\"300\" height=\"200\" src=\"https:\/\/www.eldiario.net\/portal\/wp-content\/uploads\/2023\/06\/NOTA-5-FOTO-1-300x200.jpg\" class=\"attachment-medium size-medium\" alt=\"\" aria-describedby=\"gallery-1-158711\" srcset=\"https:\/\/www.eldiario.net\/portal\/wp-content\/uploads\/2023\/06\/NOTA-5-FOTO-1-300x200.jpg 300w, https:\/\/www.eldiario.net\/portal\/wp-content\/uploads\/2023\/06\/NOTA-5-FOTO-1-1024x682.jpg 1024w, https:\/\/www.eldiario.net\/portal\/wp-content\/uploads\/2023\/06\/NOTA-5-FOTO-1-768x512.jpg 768w, https:\/\/www.eldiario.net\/portal\/wp-content\/uploads\/2023\/06\/NOTA-5-FOTO-1-1536x1023.jpg 1536w, https:\/\/www.eldiario.net\/portal\/wp-content\/uploads\/2023\/06\/NOTA-5-FOTO-1-696x464.jpg 696w, https:\/\/www.eldiario.net\/portal\/wp-content\/uploads\/2023\/06\/NOTA-5-FOTO-1-1068x712.jpg 1068w, https:\/\/www.eldiario.net\/portal\/wp-content\/uploads\/2023\/06\/NOTA-5-FOTO-1.jpg 1600w\" sizes=\"auto, (max-width: 300px) 100vw, 300px\" \/><\/a>\n\t\t\t<\/div>\n\t\t\t\t<figcaption class='wp-caption-text gallery-caption' id='gallery-1-158711'>\n\t\t\t\tLOS VOLUNTARIOS JUNTO A EJECUTIVOS DE CBN.\n\t\t\t\t<\/figcaption><\/figure><figure class='gallery-item'>\n\t\t\t<div class='gallery-icon landscape'>\n\t\t\t\t<a href='https:\/\/www.eldiario.net\/portal\/2023\/06\/07\/cbn-continua-con-la-campana-sembrando-vida\/nota-5-foto-2-38\/'><img loading=\"lazy\" decoding=\"async\" width=\"300\" height=\"200\" src=\"https:\/\/www.eldiario.net\/portal\/wp-content\/uploads\/2023\/06\/NOTA-5-FOTO-2-300x200.jpg\" class=\"attachment-medium size-medium\" alt=\"\" aria-describedby=\"gallery-1-158712\" srcset=\"https:\/\/www.eldiario.net\/portal\/wp-content\/uploads\/2023\/06\/NOTA-5-FOTO-2-300x200.jpg 300w, https:\/\/www.eldiario.net\/portal\/wp-content\/uploads\/2023\/06\/NOTA-5-FOTO-2-1024x682.jpg 1024w, https:\/\/www.eldiario.net\/portal\/wp-content\/uploads\/2023\/06\/NOTA-5-FOTO-2-768x512.jpg 768w, https:\/\/www.eldiario.net\/portal\/wp-content\/uploads\/2023\/06\/NOTA-5-FOTO-2-1536x1023.jpg 1536w, https:\/\/www.eldiario.net\/portal\/wp-content\/uploads\/2023\/06\/NOTA-5-FOTO-2-696x464.jpg 696w, https:\/\/www.eldiario.net\/portal\/wp-content\/uploads\/2023\/06\/NOTA-5-FOTO-2-1068x712.jpg 1068w, https:\/\/www.eldiario.net\/portal\/wp-content\/uploads\/2023\/06\/NOTA-5-FOTO-2.jpg 1600w\" sizes=\"auto, (max-width: 300px) 100vw, 300px\" \/><\/a>\n\t\t\t<\/div>\n\t\t\t\t<figcaption class='wp-caption-text gallery-caption' id='gallery-1-158712'>\n\t\t\t\tDOS J\u00d3VENES  PROCEDEN A REGAR LOS ARBOLITOS\n\t\t\t\t<\/figcaption><\/figure><figure class='gallery-item'>\n\t\t\t<div class='gallery-icon landscape'>\n\t\t\t\t<a href='https:\/\/www.eldiario.net\/portal\/2023\/06\/07\/cbn-continua-con-la-campana-sembrando-vida\/nota-5-foto-3-15\/'><img loading=\"lazy\" decoding=\"async\" width=\"300\" height=\"200\" src=\"https:\/\/www.eldiario.net\/portal\/wp-content\/uploads\/2023\/06\/NOTA-5-FOTO-3-300x200.jpg\" class=\"attachment-medium size-medium\" alt=\"\" aria-describedby=\"gallery-1-158713\" srcset=\"https:\/\/www.eldiario.net\/portal\/wp-content\/uploads\/2023\/06\/NOTA-5-FOTO-3-300x200.jpg 300w, https:\/\/www.eldiario.net\/portal\/wp-content\/uploads\/2023\/06\/NOTA-5-FOTO-3-1024x682.jpg 1024w, https:\/\/www.eldiario.net\/portal\/wp-content\/uploads\/2023\/06\/NOTA-5-FOTO-3-768x512.jpg 768w, https:\/\/www.eldiario.net\/portal\/wp-content\/uploads\/2023\/06\/NOTA-5-FOTO-3-1536x1023.jpg 1536w, https:\/\/www.eldiario.net\/portal\/wp-content\/uploads\/2023\/06\/NOTA-5-FOTO-3-696x464.jpg 696w, https:\/\/www.eldiario.net\/portal\/wp-content\/uploads\/2023\/06\/NOTA-5-FOTO-3-1068x712.jpg 1068w, https:\/\/www.eldiario.net\/portal\/wp-content\/uploads\/2023\/06\/NOTA-5-FOTO-3.jpg 1600w\" sizes=\"auto, (max-width: 300px) 100vw, 300px\" \/><\/a>\n\t\t\t<\/div>\n\t\t\t\t<figcaption class='wp-caption-text gallery-caption' id='gallery-1-158713'>\n\t\t\t\tLA JORNADA FUE PROPICIA PARA CONFRATERNIZAR Y PRESERVAR LA NATURALEZA.\n\t\t\t\t<\/figcaption><\/figure>\n\t\t<\/div>\n\n","protected":false},"excerpt":{"rendered":"<p>El domingo pasado se realiz\u00f3 la primera visita de los voluntarios a los arbolitos plantados en la campa\u00f1a \u201cSembrando Vida\u201d, donde pudieron regar y abonar los plantines. En la oportunidad, \u00a0Cervecer\u00eda Boliviana Nacional moviliz\u00f3 a m\u00e1s de doscientos voluntarios en Cochabamba para dar continuidad a la campa\u00f1a, iniciativa que busca recuperar el \u00e1rea boscosa metropolitana [&hellip;]<\/p>\n","protected":false},"author":1,"featured_media":158711,"comment_status":"closed","ping_status":"closed","sticky":false,"template":"","format":"standard","meta":{"_acf_changed":false,"footnotes":""},"categories":[42],"tags":[],"class_list":["post-158710","post","type-post","status-publish","format-standard","has-post-thumbnail","category-femenina"],"acf":{"antetitulo":""},"yoast_head":"<!-- This site is optimized with the Yoast SEO plugin v28.4 - https:\/\/yoast.com\/product\/yoast-seo-wordpress\/ -->\n<title>CBN contin\u00faa con la campa\u00f1a \u201cSembrando Vida\u201d - El Diario - Bolivia<\/title>\n<meta name=\"robots\" content=\"index, follow, max-snippet:-1, max-image-preview:large, max-video-preview:-1\" \/>\n<link rel=\"canonical\" href=\"https:\/\/www.eldiario.net\/portal\/2023\/06\/07\/cbn-continua-con-la-campana-sembrando-vida\/\" \/>\n<meta property=\"og:locale\" content=\"es_ES\" \/>\n<meta property=\"og:type\" content=\"article\" \/>\n<meta property=\"og:title\" content=\"CBN contin\u00faa con la campa\u00f1a \u201cSembrando Vida\u201d - El Diario - Bolivia\" \/>\n<meta property=\"og:description\" content=\"El domingo pasado se realiz\u00f3 la primera visita de los voluntarios a los arbolitos plantados en la campa\u00f1a \u201cSembrando Vida\u201d, donde pudieron regar y abonar los plantines. En la oportunidad, \u00a0Cervecer\u00eda Boliviana Nacional moviliz\u00f3 a m\u00e1s de doscientos voluntarios en Cochabamba para dar continuidad a la campa\u00f1a, iniciativa que busca recuperar el \u00e1rea boscosa metropolitana [&hellip;]\" \/>\n<meta property=\"og:url\" content=\"https:\/\/www.eldiario.net\/portal\/2023\/06\/07\/cbn-continua-con-la-campana-sembrando-vida\/\" \/>\n<meta property=\"og:site_name\" content=\"El Diario - Bolivia\" \/>\n<meta property=\"article:publisher\" content=\"https:\/\/www.facebook.com\/eldiario.bolivia\/\" \/>\n<meta property=\"article:published_time\" content=\"2023-06-07T10:44:56+00:00\" \/>\n<meta property=\"og:image\" content=\"https:\/\/www.eldiario.net\/portal\/wp-content\/uploads\/2023\/06\/NOTA-5-FOTO-1.jpg\" \/>\n\t<meta property=\"og:image:width\" content=\"1600\" \/>\n\t<meta property=\"og:image:height\" content=\"1066\" \/>\n\t<meta property=\"og:image:type\" content=\"image\/jpeg\" \/>\n<meta name=\"author\" content=\"Jeanette\" \/>\n<meta name=\"twitter:card\" content=\"summary_large_image\" \/>\n<meta name=\"twitter:creator\" content=\"@eldiario_net\" \/>\n<meta name=\"twitter:site\" content=\"@eldiario_net\" \/>\n<meta name=\"twitter:label1\" content=\"Escrito por\" \/>\n\t<meta name=\"twitter:data1\" content=\"Jeanette\" \/>\n\t<meta name=\"twitter:label2\" content=\"Tiempo de lectura\" \/>\n\t<meta name=\"twitter:data2\" content=\"3 minutos\" \/>\n<script type=\"application\/ld+json\" class=\"yoast-schema-graph\">{\"@context\":\"https:\\\/\\\/schema.org\",\"@graph\":[{\"@type\":\"Article\",\"@id\":\"https:\\\/\\\/www.eldiario.net\\\/portal\\\/2023\\\/06\\\/07\\\/cbn-continua-con-la-campana-sembrando-vida\\\/#article\",\"isPartOf\":{\"@id\":\"https:\\\/\\\/www.eldiario.net\\\/portal\\\/2023\\\/06\\\/07\\\/cbn-continua-con-la-campana-sembrando-vida\\\/\"},\"author\":{\"name\":\"Jeanette\",\"@id\":\"https:\\\/\\\/www.eldiario.net\\\/portal\\\/#\\\/schema\\\/person\\\/f46445640444750d7d753ccd04ae01b7\"},\"headline\":\"CBN contin\u00faa con la campa\u00f1a \u201cSembrando Vida\u201d\",\"datePublished\":\"2023-06-07T10:44:56+00:00\",\"mainEntityOfPage\":{\"@id\":\"https:\\\/\\\/www.eldiario.net\\\/portal\\\/2023\\\/06\\\/07\\\/cbn-continua-con-la-campana-sembrando-vida\\\/\"},\"wordCount\":560,\"publisher\":{\"@id\":\"https:\\\/\\\/www.eldiario.net\\\/portal\\\/#organization\"},\"image\":{\"@id\":\"https:\\\/\\\/www.eldiario.net\\\/portal\\\/2023\\\/06\\\/07\\\/cbn-continua-con-la-campana-sembrando-vida\\\/#primaryimage\"},\"thumbnailUrl\":\"https:\\\/\\\/www.eldiario.net\\\/portal\\\/wp-content\\\/uploads\\\/2023\\\/06\\\/NOTA-5-FOTO-1.jpg\",\"articleSection\":[\"Femenina\"],\"inLanguage\":\"es\"},{\"@type\":\"WebPage\",\"@id\":\"https:\\\/\\\/www.eldiario.net\\\/portal\\\/2023\\\/06\\\/07\\\/cbn-continua-con-la-campana-sembrando-vida\\\/\",\"url\":\"https:\\\/\\\/www.eldiario.net\\\/portal\\\/2023\\\/06\\\/07\\\/cbn-continua-con-la-campana-sembrando-vida\\\/\",\"name\":\"CBN contin\u00faa con la campa\u00f1a \u201cSembrando Vida\u201d - El Diario - Bolivia\",\"isPartOf\":{\"@id\":\"https:\\\/\\\/www.eldiario.net\\\/portal\\\/#website\"},\"primaryImageOfPage\":{\"@id\":\"https:\\\/\\\/www.eldiario.net\\\/portal\\\/2023\\\/06\\\/07\\\/cbn-continua-con-la-campana-sembrando-vida\\\/#primaryimage\"},\"image\":{\"@id\":\"https:\\\/\\\/www.eldiario.net\\\/portal\\\/2023\\\/06\\\/07\\\/cbn-continua-con-la-campana-sembrando-vida\\\/#primaryimage\"},\"thumbnailUrl\":\"https:\\\/\\\/www.eldiario.net\\\/portal\\\/wp-content\\\/uploads\\\/2023\\\/06\\\/NOTA-5-FOTO-1.jpg\",\"datePublished\":\"2023-06-07T10:44:56+00:00\",\"breadcrumb\":{\"@id\":\"https:\\\/\\\/www.eldiario.net\\\/portal\\\/2023\\\/06\\\/07\\\/cbn-continua-con-la-campana-sembrando-vida\\\/#breadcrumb\"},\"inLanguage\":\"es\",\"potentialAction\":[{\"@type\":\"ReadAction\",\"target\":[\"https:\\\/\\\/www.eldiario.net\\\/portal\\\/2023\\\/06\\\/07\\\/cbn-continua-con-la-campana-sembrando-vida\\\/\"]}]},{\"@type\":\"ImageObject\",\"inLanguage\":\"es\",\"@id\":\"https:\\\/\\\/www.eldiario.net\\\/portal\\\/2023\\\/06\\\/07\\\/cbn-continua-con-la-campana-sembrando-vida\\\/#primaryimage\",\"url\":\"https:\\\/\\\/www.eldiario.net\\\/portal\\\/wp-content\\\/uploads\\\/2023\\\/06\\\/NOTA-5-FOTO-1.jpg\",\"contentUrl\":\"https:\\\/\\\/www.eldiario.net\\\/portal\\\/wp-content\\\/uploads\\\/2023\\\/06\\\/NOTA-5-FOTO-1.jpg\",\"width\":1600,\"height\":1066,\"caption\":\"LOS VOLUNTARIOS JUNTO A EJECUTIVOS DE CBN.\"},{\"@type\":\"BreadcrumbList\",\"@id\":\"https:\\\/\\\/www.eldiario.net\\\/portal\\\/2023\\\/06\\\/07\\\/cbn-continua-con-la-campana-sembrando-vida\\\/#breadcrumb\",\"itemListElement\":[{\"@type\":\"ListItem\",\"position\":1,\"name\":\"Portada\",\"item\":\"https:\\\/\\\/www.eldiario.net\\\/portal\\\/\"},{\"@type\":\"ListItem\",\"position\":2,\"name\":\"CBN contin\u00faa con la campa\u00f1a \u201cSembrando Vida\u201d\"}]},{\"@type\":\"WebSite\",\"@id\":\"https:\\\/\\\/www.eldiario.net\\\/portal\\\/#website\",\"url\":\"https:\\\/\\\/www.eldiario.net\\\/portal\\\/\",\"name\":\"El Diario - Decano de la prensa nacional\",\"description\":\"El Diario - Decano de la prensa nacional\",\"publisher\":{\"@id\":\"https:\\\/\\\/www.eldiario.net\\\/portal\\\/#organization\"},\"potentialAction\":[{\"@type\":\"SearchAction\",\"target\":{\"@type\":\"EntryPoint\",\"urlTemplate\":\"https:\\\/\\\/www.eldiario.net\\\/portal\\\/?s={search_term_string}\"},\"query-input\":{\"@type\":\"PropertyValueSpecification\",\"valueRequired\":true,\"valueName\":\"search_term_string\"}}],\"inLanguage\":\"es\"},{\"@type\":\"Organization\",\"@id\":\"https:\\\/\\\/www.eldiario.net\\\/portal\\\/#organization\",\"name\":\"El Diario - Decano de la prensa nacional\",\"url\":\"https:\\\/\\\/www.eldiario.net\\\/portal\\\/\",\"logo\":{\"@type\":\"ImageObject\",\"inLanguage\":\"es\",\"@id\":\"https:\\\/\\\/www.eldiario.net\\\/portal\\\/#\\\/schema\\\/logo\\\/image\\\/\",\"url\":\"https:\\\/\\\/www.eldiario.net\\\/portal\\\/wp-content\\\/uploads\\\/2023\\\/07\\\/logo_ED.jpg\",\"contentUrl\":\"https:\\\/\\\/www.eldiario.net\\\/portal\\\/wp-content\\\/uploads\\\/2023\\\/07\\\/logo_ED.jpg\",\"width\":272,\"height\":52,\"caption\":\"El Diario - Decano de la prensa nacional\"},\"image\":{\"@id\":\"https:\\\/\\\/www.eldiario.net\\\/portal\\\/#\\\/schema\\\/logo\\\/image\\\/\"},\"sameAs\":[\"https:\\\/\\\/www.facebook.com\\\/eldiario.bolivia\\\/\",\"https:\\\/\\\/x.com\\\/eldiario_net\"]},{\"@type\":\"Person\",\"@id\":\"https:\\\/\\\/www.eldiario.net\\\/portal\\\/#\\\/schema\\\/person\\\/f46445640444750d7d753ccd04ae01b7\",\"name\":\"Jeanette\",\"image\":{\"@type\":\"ImageObject\",\"inLanguage\":\"es\",\"@id\":\"https:\\\/\\\/secure.gravatar.com\\\/avatar\\\/3ea2118a5f7dad2b7138b1187a6b7ee55f160b9968b66013c3a3ef39dd7e5798?s=96&d=mm&r=g\",\"url\":\"https:\\\/\\\/secure.gravatar.com\\\/avatar\\\/3ea2118a5f7dad2b7138b1187a6b7ee55f160b9968b66013c3a3ef39dd7e5798?s=96&d=mm&r=g\",\"contentUrl\":\"https:\\\/\\\/secure.gravatar.com\\\/avatar\\\/3ea2118a5f7dad2b7138b1187a6b7ee55f160b9968b66013c3a3ef39dd7e5798?s=96&d=mm&r=g\",\"caption\":\"Jeanette\"},\"sameAs\":[\"https:\\\/\\\/www.eldiario.net\\\/portal\"],\"url\":\"https:\\\/\\\/www.eldiario.net\\\/portal\\\/author\\\/jeanette\\\/\"}]}<\/script>\n<!-- \/ Yoast SEO plugin. -->","yoast_head_json":{"title":"CBN contin\u00faa con la campa\u00f1a \u201cSembrando Vida\u201d - El Diario - Bolivia","robots":{"index":"index","follow":"follow","max-snippet":"max-snippet:-1","max-image-preview":"max-image-preview:large","max-video-preview":"max-video-preview:-1"},"canonical":"https:\/\/www.eldiario.net\/portal\/2023\/06\/07\/cbn-continua-con-la-campana-sembrando-vida\/","og_locale":"es_ES","og_type":"article","og_title":"CBN contin\u00faa con la campa\u00f1a \u201cSembrando Vida\u201d - El Diario - Bolivia","og_description":"El domingo pasado se realiz\u00f3 la primera visita de los voluntarios a los arbolitos plantados en la campa\u00f1a \u201cSembrando Vida\u201d, donde pudieron regar y abonar los plantines. En la oportunidad, \u00a0Cervecer\u00eda Boliviana Nacional moviliz\u00f3 a m\u00e1s de doscientos voluntarios en Cochabamba para dar continuidad a la campa\u00f1a, iniciativa que busca recuperar el \u00e1rea boscosa metropolitana [&hellip;]","og_url":"https:\/\/www.eldiario.net\/portal\/2023\/06\/07\/cbn-continua-con-la-campana-sembrando-vida\/","og_site_name":"El Diario - Bolivia","article_publisher":"https:\/\/www.facebook.com\/eldiario.bolivia\/","article_published_time":"2023-06-07T10:44:56+00:00","og_image":[{"width":1600,"height":1066,"url":"https:\/\/www.eldiario.net\/portal\/wp-content\/uploads\/2023\/06\/NOTA-5-FOTO-1.jpg","type":"image\/jpeg"}],"author":"Jeanette","twitter_card":"summary_large_image","twitter_creator":"@eldiario_net","twitter_site":"@eldiario_net","twitter_misc":{"Escrito por":"Jeanette","Tiempo de lectura":"3 minutos"},"schema":{"@context":"https:\/\/schema.org","@graph":[{"@type":"Article","@id":"https:\/\/www.eldiario.net\/portal\/2023\/06\/07\/cbn-continua-con-la-campana-sembrando-vida\/#article","isPartOf":{"@id":"https:\/\/www.eldiario.net\/portal\/2023\/06\/07\/cbn-continua-con-la-campana-sembrando-vida\/"},"author":{"name":"Jeanette","@id":"https:\/\/www.eldiario.net\/portal\/#\/schema\/person\/f46445640444750d7d753ccd04ae01b7"},"headline":"CBN contin\u00faa con la campa\u00f1a \u201cSembrando Vida\u201d","datePublished":"2023-06-07T10:44:56+00:00","mainEntityOfPage":{"@id":"https:\/\/www.eldiario.net\/portal\/2023\/06\/07\/cbn-continua-con-la-campana-sembrando-vida\/"},"wordCount":560,"publisher":{"@id":"https:\/\/www.eldiario.net\/portal\/#organization"},"image":{"@id":"https:\/\/www.eldiario.net\/portal\/2023\/06\/07\/cbn-continua-con-la-campana-sembrando-vida\/#primaryimage"},"thumbnailUrl":"https:\/\/www.eldiario.net\/portal\/wp-content\/uploads\/2023\/06\/NOTA-5-FOTO-1.jpg","articleSection":["Femenina"],"inLanguage":"es"},{"@type":"WebPage","@id":"https:\/\/www.eldiario.net\/portal\/2023\/06\/07\/cbn-continua-con-la-campana-sembrando-vida\/","url":"https:\/\/www.eldiario.net\/portal\/2023\/06\/07\/cbn-continua-con-la-campana-sembrando-vida\/","name":"CBN contin\u00faa con la campa\u00f1a \u201cSembrando Vida\u201d - El Diario - Bolivia","isPartOf":{"@id":"https:\/\/www.eldiario.net\/portal\/#website"},"primaryImageOfPage":{"@id":"https:\/\/www.eldiario.net\/portal\/2023\/06\/07\/cbn-continua-con-la-campana-sembrando-vida\/#primaryimage"},"image":{"@id":"https:\/\/www.eldiario.net\/portal\/2023\/06\/07\/cbn-continua-con-la-campana-sembrando-vida\/#primaryimage"},"thumbnailUrl":"https:\/\/www.eldiario.net\/portal\/wp-content\/uploads\/2023\/06\/NOTA-5-FOTO-1.jpg","datePublished":"2023-06-07T10:44:56+00:00","breadcrumb":{"@id":"https:\/\/www.eldiario.net\/portal\/2023\/06\/07\/cbn-continua-con-la-campana-sembrando-vida\/#breadcrumb"},"inLanguage":"es","potentialAction":[{"@type":"ReadAction","target":["https:\/\/www.eldiario.net\/portal\/2023\/06\/07\/cbn-continua-con-la-campana-sembrando-vida\/"]}]},{"@type":"ImageObject","inLanguage":"es","@id":"https:\/\/www.eldiario.net\/portal\/2023\/06\/07\/cbn-continua-con-la-campana-sembrando-vida\/#primaryimage","url":"https:\/\/www.eldiario.net\/portal\/wp-content\/uploads\/2023\/06\/NOTA-5-FOTO-1.jpg","contentUrl":"https:\/\/www.eldiario.net\/portal\/wp-content\/uploads\/2023\/06\/NOTA-5-FOTO-1.jpg","width":1600,"height":1066,"caption":"LOS VOLUNTARIOS JUNTO A EJECUTIVOS DE CBN."},{"@type":"BreadcrumbList","@id":"https:\/\/www.eldiario.net\/portal\/2023\/06\/07\/cbn-continua-con-la-campana-sembrando-vida\/#breadcrumb","itemListElement":[{"@type":"ListItem","position":1,"name":"Portada","item":"https:\/\/www.eldiario.net\/portal\/"},{"@type":"ListItem","position":2,"name":"CBN contin\u00faa con la campa\u00f1a \u201cSembrando Vida\u201d"}]},{"@type":"WebSite","@id":"https:\/\/www.eldiario.net\/portal\/#website","url":"https:\/\/www.eldiario.net\/portal\/","name":"El Diario - Decano de la prensa nacional","description":"El Diario - Decano de la prensa nacional","publisher":{"@id":"https:\/\/www.eldiario.net\/portal\/#organization"},"potentialAction":[{"@type":"SearchAction","target":{"@type":"EntryPoint","urlTemplate":"https:\/\/www.eldiario.net\/portal\/?s={search_term_string}"},"query-input":{"@type":"PropertyValueSpecification","valueRequired":true,"valueName":"search_term_string"}}],"inLanguage":"es"},{"@type":"Organization","@id":"https:\/\/www.eldiario.net\/portal\/#organization","name":"El Diario - Decano de la prensa nacional","url":"https:\/\/www.eldiario.net\/portal\/","logo":{"@type":"ImageObject","inLanguage":"es","@id":"https:\/\/www.eldiario.net\/portal\/#\/schema\/logo\/image\/","url":"https:\/\/www.eldiario.net\/portal\/wp-content\/uploads\/2023\/07\/logo_ED.jpg","contentUrl":"https:\/\/www.eldiario.net\/portal\/wp-content\/uploads\/2023\/07\/logo_ED.jpg","width":272,"height":52,"caption":"El Diario - Decano de la prensa nacional"},"image":{"@id":"https:\/\/www.eldiario.net\/portal\/#\/schema\/logo\/image\/"},"sameAs":["https:\/\/www.facebook.com\/eldiario.bolivia\/","https:\/\/x.com\/eldiario_net"]},{"@type":"Person","@id":"https:\/\/www.eldiario.net\/portal\/#\/schema\/person\/f46445640444750d7d753ccd04ae01b7","name":"Jeanette","image":{"@type":"ImageObject","inLanguage":"es","@id":"https:\/\/secure.gravatar.com\/avatar\/3ea2118a5f7dad2b7138b1187a6b7ee55f160b9968b66013c3a3ef39dd7e5798?s=96&d=mm&r=g","url":"https:\/\/secure.gravatar.com\/avatar\/3ea2118a5f7dad2b7138b1187a6b7ee55f160b9968b66013c3a3ef39dd7e5798?s=96&d=mm&r=g","contentUrl":"https:\/\/secure.gravatar.com\/avatar\/3ea2118a5f7dad2b7138b1187a6b7ee55f160b9968b66013c3a3ef39dd7e5798?s=96&d=mm&r=g","caption":"Jeanette"},"sameAs":["https:\/\/www.eldiario.net\/portal"],"url":"https:\/\/www.eldiario.net\/portal\/author\/jeanette\/"}]}},"_links":{"self":[{"href":"https:\/\/www.eldiario.net\/portal\/wp-json\/wp\/v2\/posts\/158710","targetHints":{"allow":["GET"]}}],"collection":[{"href":"https:\/\/www.eldiario.net\/portal\/wp-json\/wp\/v2\/posts"}],"about":[{"href":"https:\/\/www.eldiario.net\/portal\/wp-json\/wp\/v2\/types\/post"}],"author":[{"embeddable":true,"href":"https:\/\/www.eldiario.net\/portal\/wp-json\/wp\/v2\/users\/1"}],"replies":[{"embeddable":true,"href":"https:\/\/www.eldiario.net\/portal\/wp-json\/wp\/v2\/comments?post=158710"}],"version-history":[{"count":0,"href":"https:\/\/www.eldiario.net\/portal\/wp-json\/wp\/v2\/posts\/158710\/revisions"}],"wp:featuredmedia":[{"embeddable":true,"href":"https:\/\/www.eldiario.net\/portal\/wp-json\/wp\/v2\/media\/158711"}],"wp:attachment":[{"href":"https:\/\/www.eldiario.net\/portal\/wp-json\/wp\/v2\/media?parent=158710"}],"wp:term":[{"taxonomy":"category","embeddable":true,"href":"https:\/\/www.eldiario.net\/portal\/wp-json\/wp\/v2\/categories?post=158710"},{"taxonomy":"post_tag","embeddable":true,"href":"https:\/\/www.eldiario.net\/portal\/wp-json\/wp\/v2\/tags?post=158710"}],"curies":[{"name":"wp","href":"https:\/\/api.w.org\/{rel}","templated":true}]}}