{"id":158703,"date":"2023-06-07T06:42:31","date_gmt":"2023-06-07T10:42:31","guid":{"rendered":"https:\/\/www.eldiario.net\/portal\/?p=158703"},"modified":"2023-06-07T06:42:31","modified_gmt":"2023-06-07T10:42:31","slug":"concierto-aniversario-del-instituto-de-musica-helios","status":"publish","type":"post","link":"https:\/\/www.eldiario.net\/portal\/2023\/06\/07\/concierto-aniversario-del-instituto-de-musica-helios\/","title":{"rendered":"Concierto aniversario del  Instituto de M\u00fasica \u201cHelios\u201d"},"content":{"rendered":"<p>El Instituto T\u00e9cnico Superior de M\u00fasica \u201cHelios\u201d presentar\u00e1 su \u201cConcierto XXXVII Aniversario\u201d este viernes 9 de junio, a horas 19:00, en el Teatro Modesta Sanjin\u00e9s de la Casa de la Cultura.<\/p>\n<p>El Instituto \u201cHelios\u201d cumple 37 a\u00f1os de actividad permanente en la ense\u00f1anza y promoci\u00f3n de nuevos valores en el arte musical, formando a ni\u00f1os, j\u00f3venes y personas mayores que acuden a sus aulas en los cursos para T\u00e9cnico Superior en M\u00fasica y los cursos de capacitaci\u00f3n en la ciudad de La Paz.<\/p>\n<p>\u201cParticipar\u00e1n en el concierto aniversario estudiantes y profesores; solistas de piano, \u00f3rgano, acorde\u00f3n, guitarra, charango, d\u00faos, ensambles y el coro de la instituci\u00f3n. Como artistas invitados estar\u00e1n la Orquesta de Charangos La Paz y el Tr\u00edo Dorado\u201d, anunci\u00f3 el maestro Eliodoro Nina, director de la entidad musical.<\/p>\n<p>En gestiones pasadas, el instituto fue reconocido y condecorado por la Alcald\u00eda Municipal de La Paz, la Asamblea Legislativa Plurinacional de Bolivia y varias otras instituciones pace\u00f1as.<\/p>\n<p>La instituci\u00f3n ha editado m\u00e1s de 45 textos y m\u00e9todos de ense\u00f1anza para diferentes instrumentos musicales con m\u00fasica nacional e internacional, los mismos que tienen amplia acogida. Asimismo, cuenta con la Radio \u201cHelios\u201d, una emisora online.<\/p>\n<p>El plantel docente est\u00e1 conformado por docentes normalistas y licenciados en m\u00fasica.<\/p>\n<p>El Instituto se encuentra ubicado en la calle Ingavi 657 Telf. 2281144 y Cel. 71555660.<\/p>\n<div id='gallery-1' class='gallery galleryid-158703 gallery-columns-3 gallery-size-medium'><figure class='gallery-item'>\n\t\t\t<div class='gallery-icon landscape'>\n\t\t\t\t<a href='https:\/\/www.eldiario.net\/portal\/2023\/06\/07\/concierto-aniversario-del-instituto-de-musica-helios\/helios-1\/'><img loading=\"lazy\" decoding=\"async\" width=\"300\" height=\"200\" src=\"https:\/\/www.eldiario.net\/portal\/wp-content\/uploads\/2023\/06\/helios-1-300x200.jpeg\" class=\"attachment-medium size-medium\" alt=\"\" srcset=\"https:\/\/www.eldiario.net\/portal\/wp-content\/uploads\/2023\/06\/helios-1-300x200.jpeg 300w, https:\/\/www.eldiario.net\/portal\/wp-content\/uploads\/2023\/06\/helios-1-1024x682.jpeg 1024w, https:\/\/www.eldiario.net\/portal\/wp-content\/uploads\/2023\/06\/helios-1-768x512.jpeg 768w, https:\/\/www.eldiario.net\/portal\/wp-content\/uploads\/2023\/06\/helios-1-1536x1023.jpeg 1536w, https:\/\/www.eldiario.net\/portal\/wp-content\/uploads\/2023\/06\/helios-1-696x464.jpeg 696w, https:\/\/www.eldiario.net\/portal\/wp-content\/uploads\/2023\/06\/helios-1-1068x712.jpeg 1068w, https:\/\/www.eldiario.net\/portal\/wp-content\/uploads\/2023\/06\/helios-1.jpeg 1600w\" sizes=\"auto, (max-width: 300px) 100vw, 300px\" \/><\/a>\n\t\t\t<\/div><\/figure><figure class='gallery-item'>\n\t\t\t<div class='gallery-icon landscape'>\n\t\t\t\t<a href='https:\/\/www.eldiario.net\/portal\/2023\/06\/07\/concierto-aniversario-del-instituto-de-musica-helios\/helios-2\/'><img loading=\"lazy\" decoding=\"async\" width=\"300\" height=\"199\" src=\"https:\/\/www.eldiario.net\/portal\/wp-content\/uploads\/2023\/06\/helios-2-300x199.jpeg\" class=\"attachment-medium size-medium\" alt=\"\" srcset=\"https:\/\/www.eldiario.net\/portal\/wp-content\/uploads\/2023\/06\/helios-2-300x199.jpeg 300w, https:\/\/www.eldiario.net\/portal\/wp-content\/uploads\/2023\/06\/helios-2-1024x680.jpeg 1024w, https:\/\/www.eldiario.net\/portal\/wp-content\/uploads\/2023\/06\/helios-2-768x510.jpeg 768w, https:\/\/www.eldiario.net\/portal\/wp-content\/uploads\/2023\/06\/helios-2-696x462.jpeg 696w, https:\/\/www.eldiario.net\/portal\/wp-content\/uploads\/2023\/06\/helios-2-1068x709.jpeg 1068w, https:\/\/www.eldiario.net\/portal\/wp-content\/uploads\/2023\/06\/helios-2.jpeg 1417w\" sizes=\"auto, (max-width: 300px) 100vw, 300px\" \/><\/a>\n\t\t\t<\/div><\/figure>\n\t\t<\/div>\n\n","protected":false},"excerpt":{"rendered":"<p>El Instituto T\u00e9cnico Superior de M\u00fasica \u201cHelios\u201d presentar\u00e1 su \u201cConcierto XXXVII Aniversario\u201d este viernes 9 de junio, a horas 19:00, en el Teatro Modesta Sanjin\u00e9s de la Casa de la Cultura. El Instituto \u201cHelios\u201d cumple 37 a\u00f1os de actividad permanente en la ense\u00f1anza y promoci\u00f3n de nuevos valores en el arte musical, formando a ni\u00f1os, [&hellip;]<\/p>\n","protected":false},"author":1,"featured_media":158704,"comment_status":"closed","ping_status":"closed","sticky":false,"template":"","format":"standard","meta":{"_acf_changed":false,"footnotes":""},"categories":[41],"tags":[],"class_list":["post-158703","post","type-post","status-publish","format-standard","has-post-thumbnail","category-la-guia"],"acf":{"antetitulo":""},"yoast_head":"<!-- This site is optimized with the Yoast SEO plugin v28.4 - https:\/\/yoast.com\/product\/yoast-seo-wordpress\/ -->\n<title>Concierto aniversario del Instituto de M\u00fasica \u201cHelios\u201d - El Diario - Bolivia<\/title>\n<meta name=\"robots\" content=\"index, follow, max-snippet:-1, max-image-preview:large, max-video-preview:-1\" \/>\n<link rel=\"canonical\" href=\"https:\/\/www.eldiario.net\/portal\/2023\/06\/07\/concierto-aniversario-del-instituto-de-musica-helios\/\" \/>\n<meta property=\"og:locale\" content=\"es_ES\" \/>\n<meta property=\"og:type\" content=\"article\" \/>\n<meta property=\"og:title\" content=\"Concierto aniversario del Instituto de M\u00fasica \u201cHelios\u201d - El Diario - Bolivia\" \/>\n<meta property=\"og:description\" content=\"El Instituto T\u00e9cnico Superior de M\u00fasica \u201cHelios\u201d presentar\u00e1 su \u201cConcierto XXXVII Aniversario\u201d este viernes 9 de junio, a horas 19:00, en el Teatro Modesta Sanjin\u00e9s de la Casa de la Cultura. El Instituto \u201cHelios\u201d cumple 37 a\u00f1os de actividad permanente en la ense\u00f1anza y promoci\u00f3n de nuevos valores en el arte musical, formando a ni\u00f1os, [&hellip;]\" \/>\n<meta property=\"og:url\" content=\"https:\/\/www.eldiario.net\/portal\/2023\/06\/07\/concierto-aniversario-del-instituto-de-musica-helios\/\" \/>\n<meta property=\"og:site_name\" content=\"El Diario - Bolivia\" \/>\n<meta property=\"article:publisher\" content=\"https:\/\/www.facebook.com\/eldiario.bolivia\/\" \/>\n<meta property=\"article:published_time\" content=\"2023-06-07T10:42:31+00:00\" \/>\n<meta property=\"og:image\" content=\"https:\/\/www.eldiario.net\/portal\/wp-content\/uploads\/2023\/06\/helios-1.jpeg\" \/>\n\t<meta property=\"og:image:width\" content=\"1600\" \/>\n\t<meta property=\"og:image:height\" content=\"1066\" \/>\n\t<meta property=\"og:image:type\" content=\"image\/jpeg\" \/>\n<meta name=\"author\" content=\"Jeanette\" \/>\n<meta name=\"twitter:card\" content=\"summary_large_image\" \/>\n<meta name=\"twitter:creator\" content=\"@eldiario_net\" \/>\n<meta name=\"twitter:site\" content=\"@eldiario_net\" \/>\n<meta name=\"twitter:label1\" content=\"Escrito por\" \/>\n\t<meta name=\"twitter:data1\" content=\"Jeanette\" \/>\n\t<meta name=\"twitter:label2\" content=\"Tiempo de lectura\" \/>\n\t<meta name=\"twitter:data2\" content=\"2 minutos\" \/>\n<script type=\"application\/ld+json\" class=\"yoast-schema-graph\">{\"@context\":\"https:\\\/\\\/schema.org\",\"@graph\":[{\"@type\":\"Article\",\"@id\":\"https:\\\/\\\/www.eldiario.net\\\/portal\\\/2023\\\/06\\\/07\\\/concierto-aniversario-del-instituto-de-musica-helios\\\/#article\",\"isPartOf\":{\"@id\":\"https:\\\/\\\/www.eldiario.net\\\/portal\\\/2023\\\/06\\\/07\\\/concierto-aniversario-del-instituto-de-musica-helios\\\/\"},\"author\":{\"name\":\"Jeanette\",\"@id\":\"https:\\\/\\\/www.eldiario.net\\\/portal\\\/#\\\/schema\\\/person\\\/f46445640444750d7d753ccd04ae01b7\"},\"headline\":\"Concierto aniversario del Instituto de M\u00fasica \u201cHelios\u201d\",\"datePublished\":\"2023-06-07T10:42:31+00:00\",\"mainEntityOfPage\":{\"@id\":\"https:\\\/\\\/www.eldiario.net\\\/portal\\\/2023\\\/06\\\/07\\\/concierto-aniversario-del-instituto-de-musica-helios\\\/\"},\"wordCount\":250,\"publisher\":{\"@id\":\"https:\\\/\\\/www.eldiario.net\\\/portal\\\/#organization\"},\"image\":{\"@id\":\"https:\\\/\\\/www.eldiario.net\\\/portal\\\/2023\\\/06\\\/07\\\/concierto-aniversario-del-instituto-de-musica-helios\\\/#primaryimage\"},\"thumbnailUrl\":\"https:\\\/\\\/www.eldiario.net\\\/portal\\\/wp-content\\\/uploads\\\/2023\\\/06\\\/helios-1.jpeg\",\"articleSection\":[\"La Gu\u00eda\"],\"inLanguage\":\"es\"},{\"@type\":\"WebPage\",\"@id\":\"https:\\\/\\\/www.eldiario.net\\\/portal\\\/2023\\\/06\\\/07\\\/concierto-aniversario-del-instituto-de-musica-helios\\\/\",\"url\":\"https:\\\/\\\/www.eldiario.net\\\/portal\\\/2023\\\/06\\\/07\\\/concierto-aniversario-del-instituto-de-musica-helios\\\/\",\"name\":\"Concierto aniversario del Instituto de M\u00fasica \u201cHelios\u201d - El Diario - Bolivia\",\"isPartOf\":{\"@id\":\"https:\\\/\\\/www.eldiario.net\\\/portal\\\/#website\"},\"primaryImageOfPage\":{\"@id\":\"https:\\\/\\\/www.eldiario.net\\\/portal\\\/2023\\\/06\\\/07\\\/concierto-aniversario-del-instituto-de-musica-helios\\\/#primaryimage\"},\"image\":{\"@id\":\"https:\\\/\\\/www.eldiario.net\\\/portal\\\/2023\\\/06\\\/07\\\/concierto-aniversario-del-instituto-de-musica-helios\\\/#primaryimage\"},\"thumbnailUrl\":\"https:\\\/\\\/www.eldiario.net\\\/portal\\\/wp-content\\\/uploads\\\/2023\\\/06\\\/helios-1.jpeg\",\"datePublished\":\"2023-06-07T10:42:31+00:00\",\"breadcrumb\":{\"@id\":\"https:\\\/\\\/www.eldiario.net\\\/portal\\\/2023\\\/06\\\/07\\\/concierto-aniversario-del-instituto-de-musica-helios\\\/#breadcrumb\"},\"inLanguage\":\"es\",\"potentialAction\":[{\"@type\":\"ReadAction\",\"target\":[\"https:\\\/\\\/www.eldiario.net\\\/portal\\\/2023\\\/06\\\/07\\\/concierto-aniversario-del-instituto-de-musica-helios\\\/\"]}]},{\"@type\":\"ImageObject\",\"inLanguage\":\"es\",\"@id\":\"https:\\\/\\\/www.eldiario.net\\\/portal\\\/2023\\\/06\\\/07\\\/concierto-aniversario-del-instituto-de-musica-helios\\\/#primaryimage\",\"url\":\"https:\\\/\\\/www.eldiario.net\\\/portal\\\/wp-content\\\/uploads\\\/2023\\\/06\\\/helios-1.jpeg\",\"contentUrl\":\"https:\\\/\\\/www.eldiario.net\\\/portal\\\/wp-content\\\/uploads\\\/2023\\\/06\\\/helios-1.jpeg\",\"width\":1600,\"height\":1066},{\"@type\":\"BreadcrumbList\",\"@id\":\"https:\\\/\\\/www.eldiario.net\\\/portal\\\/2023\\\/06\\\/07\\\/concierto-aniversario-del-instituto-de-musica-helios\\\/#breadcrumb\",\"itemListElement\":[{\"@type\":\"ListItem\",\"position\":1,\"name\":\"Portada\",\"item\":\"https:\\\/\\\/www.eldiario.net\\\/portal\\\/\"},{\"@type\":\"ListItem\",\"position\":2,\"name\":\"Concierto aniversario del Instituto de M\u00fasica \u201cHelios\u201d\"}]},{\"@type\":\"WebSite\",\"@id\":\"https:\\\/\\\/www.eldiario.net\\\/portal\\\/#website\",\"url\":\"https:\\\/\\\/www.eldiario.net\\\/portal\\\/\",\"name\":\"El Diario - Decano de la prensa nacional\",\"description\":\"El Diario - Decano de la prensa nacional\",\"publisher\":{\"@id\":\"https:\\\/\\\/www.eldiario.net\\\/portal\\\/#organization\"},\"potentialAction\":[{\"@type\":\"SearchAction\",\"target\":{\"@type\":\"EntryPoint\",\"urlTemplate\":\"https:\\\/\\\/www.eldiario.net\\\/portal\\\/?s={search_term_string}\"},\"query-input\":{\"@type\":\"PropertyValueSpecification\",\"valueRequired\":true,\"valueName\":\"search_term_string\"}}],\"inLanguage\":\"es\"},{\"@type\":\"Organization\",\"@id\":\"https:\\\/\\\/www.eldiario.net\\\/portal\\\/#organization\",\"name\":\"El Diario - Decano de la prensa nacional\",\"url\":\"https:\\\/\\\/www.eldiario.net\\\/portal\\\/\",\"logo\":{\"@type\":\"ImageObject\",\"inLanguage\":\"es\",\"@id\":\"https:\\\/\\\/www.eldiario.net\\\/portal\\\/#\\\/schema\\\/logo\\\/image\\\/\",\"url\":\"https:\\\/\\\/www.eldiario.net\\\/portal\\\/wp-content\\\/uploads\\\/2023\\\/07\\\/logo_ED.jpg\",\"contentUrl\":\"https:\\\/\\\/www.eldiario.net\\\/portal\\\/wp-content\\\/uploads\\\/2023\\\/07\\\/logo_ED.jpg\",\"width\":272,\"height\":52,\"caption\":\"El Diario - Decano de la prensa nacional\"},\"image\":{\"@id\":\"https:\\\/\\\/www.eldiario.net\\\/portal\\\/#\\\/schema\\\/logo\\\/image\\\/\"},\"sameAs\":[\"https:\\\/\\\/www.facebook.com\\\/eldiario.bolivia\\\/\",\"https:\\\/\\\/x.com\\\/eldiario_net\"]},{\"@type\":\"Person\",\"@id\":\"https:\\\/\\\/www.eldiario.net\\\/portal\\\/#\\\/schema\\\/person\\\/f46445640444750d7d753ccd04ae01b7\",\"name\":\"Jeanette\",\"image\":{\"@type\":\"ImageObject\",\"inLanguage\":\"es\",\"@id\":\"https:\\\/\\\/secure.gravatar.com\\\/avatar\\\/3ea2118a5f7dad2b7138b1187a6b7ee55f160b9968b66013c3a3ef39dd7e5798?s=96&d=mm&r=g\",\"url\":\"https:\\\/\\\/secure.gravatar.com\\\/avatar\\\/3ea2118a5f7dad2b7138b1187a6b7ee55f160b9968b66013c3a3ef39dd7e5798?s=96&d=mm&r=g\",\"contentUrl\":\"https:\\\/\\\/secure.gravatar.com\\\/avatar\\\/3ea2118a5f7dad2b7138b1187a6b7ee55f160b9968b66013c3a3ef39dd7e5798?s=96&d=mm&r=g\",\"caption\":\"Jeanette\"},\"sameAs\":[\"https:\\\/\\\/www.eldiario.net\\\/portal\"],\"url\":\"https:\\\/\\\/www.eldiario.net\\\/portal\\\/author\\\/jeanette\\\/\"}]}<\/script>\n<!-- \/ Yoast SEO plugin. -->","yoast_head_json":{"title":"Concierto aniversario del Instituto de M\u00fasica \u201cHelios\u201d - El Diario - Bolivia","robots":{"index":"index","follow":"follow","max-snippet":"max-snippet:-1","max-image-preview":"max-image-preview:large","max-video-preview":"max-video-preview:-1"},"canonical":"https:\/\/www.eldiario.net\/portal\/2023\/06\/07\/concierto-aniversario-del-instituto-de-musica-helios\/","og_locale":"es_ES","og_type":"article","og_title":"Concierto aniversario del Instituto de M\u00fasica \u201cHelios\u201d - El Diario - Bolivia","og_description":"El Instituto T\u00e9cnico Superior de M\u00fasica \u201cHelios\u201d presentar\u00e1 su \u201cConcierto XXXVII Aniversario\u201d este viernes 9 de junio, a horas 19:00, en el Teatro Modesta Sanjin\u00e9s de la Casa de la Cultura. El Instituto \u201cHelios\u201d cumple 37 a\u00f1os de actividad permanente en la ense\u00f1anza y promoci\u00f3n de nuevos valores en el arte musical, formando a ni\u00f1os, [&hellip;]","og_url":"https:\/\/www.eldiario.net\/portal\/2023\/06\/07\/concierto-aniversario-del-instituto-de-musica-helios\/","og_site_name":"El Diario - Bolivia","article_publisher":"https:\/\/www.facebook.com\/eldiario.bolivia\/","article_published_time":"2023-06-07T10:42:31+00:00","og_image":[{"width":1600,"height":1066,"url":"https:\/\/www.eldiario.net\/portal\/wp-content\/uploads\/2023\/06\/helios-1.jpeg","type":"image\/jpeg"}],"author":"Jeanette","twitter_card":"summary_large_image","twitter_creator":"@eldiario_net","twitter_site":"@eldiario_net","twitter_misc":{"Escrito por":"Jeanette","Tiempo de lectura":"2 minutos"},"schema":{"@context":"https:\/\/schema.org","@graph":[{"@type":"Article","@id":"https:\/\/www.eldiario.net\/portal\/2023\/06\/07\/concierto-aniversario-del-instituto-de-musica-helios\/#article","isPartOf":{"@id":"https:\/\/www.eldiario.net\/portal\/2023\/06\/07\/concierto-aniversario-del-instituto-de-musica-helios\/"},"author":{"name":"Jeanette","@id":"https:\/\/www.eldiario.net\/portal\/#\/schema\/person\/f46445640444750d7d753ccd04ae01b7"},"headline":"Concierto aniversario del Instituto de M\u00fasica \u201cHelios\u201d","datePublished":"2023-06-07T10:42:31+00:00","mainEntityOfPage":{"@id":"https:\/\/www.eldiario.net\/portal\/2023\/06\/07\/concierto-aniversario-del-instituto-de-musica-helios\/"},"wordCount":250,"publisher":{"@id":"https:\/\/www.eldiario.net\/portal\/#organization"},"image":{"@id":"https:\/\/www.eldiario.net\/portal\/2023\/06\/07\/concierto-aniversario-del-instituto-de-musica-helios\/#primaryimage"},"thumbnailUrl":"https:\/\/www.eldiario.net\/portal\/wp-content\/uploads\/2023\/06\/helios-1.jpeg","articleSection":["La Gu\u00eda"],"inLanguage":"es"},{"@type":"WebPage","@id":"https:\/\/www.eldiario.net\/portal\/2023\/06\/07\/concierto-aniversario-del-instituto-de-musica-helios\/","url":"https:\/\/www.eldiario.net\/portal\/2023\/06\/07\/concierto-aniversario-del-instituto-de-musica-helios\/","name":"Concierto aniversario del Instituto de M\u00fasica \u201cHelios\u201d - El Diario - Bolivia","isPartOf":{"@id":"https:\/\/www.eldiario.net\/portal\/#website"},"primaryImageOfPage":{"@id":"https:\/\/www.eldiario.net\/portal\/2023\/06\/07\/concierto-aniversario-del-instituto-de-musica-helios\/#primaryimage"},"image":{"@id":"https:\/\/www.eldiario.net\/portal\/2023\/06\/07\/concierto-aniversario-del-instituto-de-musica-helios\/#primaryimage"},"thumbnailUrl":"https:\/\/www.eldiario.net\/portal\/wp-content\/uploads\/2023\/06\/helios-1.jpeg","datePublished":"2023-06-07T10:42:31+00:00","breadcrumb":{"@id":"https:\/\/www.eldiario.net\/portal\/2023\/06\/07\/concierto-aniversario-del-instituto-de-musica-helios\/#breadcrumb"},"inLanguage":"es","potentialAction":[{"@type":"ReadAction","target":["https:\/\/www.eldiario.net\/portal\/2023\/06\/07\/concierto-aniversario-del-instituto-de-musica-helios\/"]}]},{"@type":"ImageObject","inLanguage":"es","@id":"https:\/\/www.eldiario.net\/portal\/2023\/06\/07\/concierto-aniversario-del-instituto-de-musica-helios\/#primaryimage","url":"https:\/\/www.eldiario.net\/portal\/wp-content\/uploads\/2023\/06\/helios-1.jpeg","contentUrl":"https:\/\/www.eldiario.net\/portal\/wp-content\/uploads\/2023\/06\/helios-1.jpeg","width":1600,"height":1066},{"@type":"BreadcrumbList","@id":"https:\/\/www.eldiario.net\/portal\/2023\/06\/07\/concierto-aniversario-del-instituto-de-musica-helios\/#breadcrumb","itemListElement":[{"@type":"ListItem","position":1,"name":"Portada","item":"https:\/\/www.eldiario.net\/portal\/"},{"@type":"ListItem","position":2,"name":"Concierto aniversario del Instituto de M\u00fasica \u201cHelios\u201d"}]},{"@type":"WebSite","@id":"https:\/\/www.eldiario.net\/portal\/#website","url":"https:\/\/www.eldiario.net\/portal\/","name":"El Diario - Decano de la prensa nacional","description":"El Diario - Decano de la prensa nacional","publisher":{"@id":"https:\/\/www.eldiario.net\/portal\/#organization"},"potentialAction":[{"@type":"SearchAction","target":{"@type":"EntryPoint","urlTemplate":"https:\/\/www.eldiario.net\/portal\/?s={search_term_string}"},"query-input":{"@type":"PropertyValueSpecification","valueRequired":true,"valueName":"search_term_string"}}],"inLanguage":"es"},{"@type":"Organization","@id":"https:\/\/www.eldiario.net\/portal\/#organization","name":"El Diario - Decano de la prensa nacional","url":"https:\/\/www.eldiario.net\/portal\/","logo":{"@type":"ImageObject","inLanguage":"es","@id":"https:\/\/www.eldiario.net\/portal\/#\/schema\/logo\/image\/","url":"https:\/\/www.eldiario.net\/portal\/wp-content\/uploads\/2023\/07\/logo_ED.jpg","contentUrl":"https:\/\/www.eldiario.net\/portal\/wp-content\/uploads\/2023\/07\/logo_ED.jpg","width":272,"height":52,"caption":"El Diario - Decano de la prensa nacional"},"image":{"@id":"https:\/\/www.eldiario.net\/portal\/#\/schema\/logo\/image\/"},"sameAs":["https:\/\/www.facebook.com\/eldiario.bolivia\/","https:\/\/x.com\/eldiario_net"]},{"@type":"Person","@id":"https:\/\/www.eldiario.net\/portal\/#\/schema\/person\/f46445640444750d7d753ccd04ae01b7","name":"Jeanette","image":{"@type":"ImageObject","inLanguage":"es","@id":"https:\/\/secure.gravatar.com\/avatar\/3ea2118a5f7dad2b7138b1187a6b7ee55f160b9968b66013c3a3ef39dd7e5798?s=96&d=mm&r=g","url":"https:\/\/secure.gravatar.com\/avatar\/3ea2118a5f7dad2b7138b1187a6b7ee55f160b9968b66013c3a3ef39dd7e5798?s=96&d=mm&r=g","contentUrl":"https:\/\/secure.gravatar.com\/avatar\/3ea2118a5f7dad2b7138b1187a6b7ee55f160b9968b66013c3a3ef39dd7e5798?s=96&d=mm&r=g","caption":"Jeanette"},"sameAs":["https:\/\/www.eldiario.net\/portal"],"url":"https:\/\/www.eldiario.net\/portal\/author\/jeanette\/"}]}},"_links":{"self":[{"href":"https:\/\/www.eldiario.net\/portal\/wp-json\/wp\/v2\/posts\/158703","targetHints":{"allow":["GET"]}}],"collection":[{"href":"https:\/\/www.eldiario.net\/portal\/wp-json\/wp\/v2\/posts"}],"about":[{"href":"https:\/\/www.eldiario.net\/portal\/wp-json\/wp\/v2\/types\/post"}],"author":[{"embeddable":true,"href":"https:\/\/www.eldiario.net\/portal\/wp-json\/wp\/v2\/users\/1"}],"replies":[{"embeddable":true,"href":"https:\/\/www.eldiario.net\/portal\/wp-json\/wp\/v2\/comments?post=158703"}],"version-history":[{"count":0,"href":"https:\/\/www.eldiario.net\/portal\/wp-json\/wp\/v2\/posts\/158703\/revisions"}],"wp:featuredmedia":[{"embeddable":true,"href":"https:\/\/www.eldiario.net\/portal\/wp-json\/wp\/v2\/media\/158704"}],"wp:attachment":[{"href":"https:\/\/www.eldiario.net\/portal\/wp-json\/wp\/v2\/media?parent=158703"}],"wp:term":[{"taxonomy":"category","embeddable":true,"href":"https:\/\/www.eldiario.net\/portal\/wp-json\/wp\/v2\/categories?post=158703"},{"taxonomy":"post_tag","embeddable":true,"href":"https:\/\/www.eldiario.net\/portal\/wp-json\/wp\/v2\/tags?post=158703"}],"curies":[{"name":"wp","href":"https:\/\/api.w.org\/{rel}","templated":true}]}}