{"id":158697,"date":"2023-06-07T06:41:32","date_gmt":"2023-06-07T10:41:32","guid":{"rendered":"https:\/\/www.eldiario.net\/portal\/?p=158697"},"modified":"2023-06-07T06:41:32","modified_gmt":"2023-06-07T10:41:32","slug":"cesar-bordon-me-siento-orgulloso-de-la-pelicula-los-de-abajo","status":"publish","type":"post","link":"https:\/\/www.eldiario.net\/portal\/2023\/06\/07\/cesar-bordon-me-siento-orgulloso-de-la-pelicula-los-de-abajo\/","title":{"rendered":"C\u00c9SAR BORD\u00d3N \u201cMe siento orgulloso de la pel\u00edcula Los de abajo\u201d"},"content":{"rendered":"<p>C\u00e9sar Bord\u00f3n es un reconocido actor argentino que cobr\u00f3 mayor popularidad por su participaci\u00f3n en la serie \u2018Luis Miguel\u2019 y a quien ahora se puede ver en la pel\u00edcula nacional \u201cLos de abajo\u201d.<\/p>\n<p>La cinta dirigida por Alejandro Quiroga y producida por \u00c1lvaro Olmos Torrico se estren\u00f3 en Bolivia el pasado jueves y, seg\u00fan Bord\u00f3n, \u201ces un filme para ver y disfrutar a pleno\u201d.<\/p>\n<p>Adem\u00e1s del argentino, la pel\u00edcula cuenta con la actuaci\u00f3n de los bolivianos Fernando Arze Echalar (en el papel protag\u00f3nico), Luis Bredow, Teresa Barriga, Ignacio Ruiz y Daniel Larraz\u00e1bal. Tambi\u00e9n se incluyen los colombianos Sonia Parada y Jos\u00e9 Acosta (protagonista de \u2018P\u00e1jaros de verano\u2019, de Ciro Guerra).<\/p>\n<p>Si bien Bord\u00f3n cuenta con un extenso listado de producciones cinematogr\u00e1ficas y televisivas, adem\u00e1s de teatrales, en su haber, el int\u00e9rprete gan\u00f3 popularidad con la serie de Netflix, en la que dio vida a Hugo L\u00f3pez, el exrepresentante de Luis Miguel. Anteriormente, en 2014, se lo vio en \u2018Relatos salvajes\u2019 de Dami\u00e1n Szifr\u00f3n, que fue nominada a los Oscar.<\/p>\n<p>Su llegada a \u201cLos de abajo\u201d se dio por parte de la coproducci\u00f3n argentina. \u201cLa historia comprende un personaje argentino por la cercan\u00eda con Tarija. Me enviaron propuestas y una de ellas era C\u00e9sar, que me pareci\u00f3 una persona id\u00f3nea para el personaje\u201d, dijo el director del filme, Alejandro Quiroga.<\/p>\n<p>\u201cEs una persona muy agradable, sincera, honesta, directa y de muy f\u00e1cil conversaci\u00f3n. Sent\u00ed que, por su accesibilidad, me ayud\u00f3 a romper el miedo de dirigir mi primera pel\u00edcula\u201d, agreg\u00f3.<\/p>\n<p>Mientras que Bord\u00f3n asegur\u00f3 que \u201cme siento siempre halagado cuando me hacen un llamado para filmar, pero me siento ahora mucho m\u00e1s orgulloso de la pel\u00edcula que hemos hecho. La verdad es que estoy muy contento\u201d.<\/p>\n<p>En \u201cLos de abajo\u201d, Bord\u00f3n interpreta al coronel Iglesias, un terrateniente argentino, aliado en complot con el alcalde del pueblo, que desv\u00eda las aguas para sus cultivos de vid.<\/p>\n<p>\u201cCreo que el trabajo del actor en cine es comprender lo que quiere el director. Trabajar con Alejandro Quiroga fue muy f\u00e1cil y creo que m\u00e1s o menos nos pusimos de acuerdo bastante r\u00e1pido con respecto a la historia y respecto a lo que quer\u00eda de mi personaje en esa historia\u201d, sostuvo.<\/p>\n<p>Sobre su personaje, Bord\u00f3n asegur\u00f3 que el coronel Iglesias le pareci\u00f3 \u201cdivino\u201d. \u201cQue sea un coronel del Ej\u00e9rcito argentino es algo muy interesante, como brazo ejecutor, que en definitiva tiene que ser asociado a algunos poderes reinantes dentro de la casta pol\u00edtica boliviana y un tipo que tambi\u00e9n busca su fortuna personal en ese lugar\u201d. Por ello, \u201clo que yo le quise dar es esa arrogancia, ese sello particular de que el se\u00f1or aun siendo extranjero y dem\u00e1s, tiene este perfil de due\u00f1o, de capataz, de jefe y que por medio del poder y su poder\u00edo econ\u00f3mico y pol\u00edtico social puede dominar y manipular determinadas circunstancias, lo cual es muy obsceno. Creo que es lo que cuenta el personaje y que seguramente ver\u00e1n reflejado en \u00e9l, pero como met\u00e1fora en muchos otros sectores de Bolivia\u201d.<\/p>\n<p>El actor argentino tambi\u00e9n hablo sobre c\u00f3mo ve la producci\u00f3n cinematogr\u00e1fica en el pa\u00eds. \u201cMe gustar\u00eda tambi\u00e9n que los compa\u00f1eros y hermanos bolivianos que tienen tanto talento pudieran hacer el cine con m\u00e1s fluidez y con m\u00e1s facilidades desde el Estado, desde las inversiones hacia el cine\u201d. Destac\u00f3 que Bolivia tiene muchas historias para contar, \u201cuna geograf\u00eda maravillosa, actores fant\u00e1sticos y un personal t\u00e9cnico muy capacitado. Me parece que tienen much\u00edsimas cosas a su favor y tienen una industria muy peque\u00f1a en relaci\u00f3n a eso\u201d. As\u00ed, pidi\u00f3 prestar \u201cun poco de atenci\u00f3n a este punto que est\u00e1 bastante dormido\u201d.<\/p>\n<p>En su perspectiva, el p\u00fablico boliviano se encontrar\u00e1 con muchos elementos. Entre ellos: \u201cun filme excelente, pero lo lindo de las pel\u00edculas es que uno tiene muchas lecturas\u201d.<\/p>\n<p>Opin\u00f3 que en \u201cLos de abajo\u201d habr\u00e1 gente que puede centrarse en la obsesi\u00f3n del personaje principal, \u201cque lo hace maravillosamente Fernando, pero tambi\u00e9n se puede centrar en la historia de amor que existe\u201d. Tambi\u00e9n podr\u00e1 indignarse por algunos mecanismos del poder o reparar en la belleza del paisaje y lo exquisito de los sonidos; adem\u00e1s de un gui\u00f3n que para Bord\u00f3n es impecable.<\/p>\n<div id='gallery-1' class='gallery galleryid-158697 gallery-columns-3 gallery-size-medium'><figure class='gallery-item'>\n\t\t\t<div class='gallery-icon landscape'>\n\t\t\t\t<a href='https:\/\/www.eldiario.net\/portal\/2023\/06\/07\/cesar-bordon-me-siento-orgulloso-de-la-pelicula-los-de-abajo\/cesar-1-principal\/'><img loading=\"lazy\" decoding=\"async\" width=\"300\" height=\"126\" src=\"https:\/\/www.eldiario.net\/portal\/wp-content\/uploads\/2023\/06\/cesar-1-PRINCIPAL-300x126.jpeg\" class=\"attachment-medium size-medium\" alt=\"\" srcset=\"https:\/\/www.eldiario.net\/portal\/wp-content\/uploads\/2023\/06\/cesar-1-PRINCIPAL-300x126.jpeg 300w, https:\/\/www.eldiario.net\/portal\/wp-content\/uploads\/2023\/06\/cesar-1-PRINCIPAL-1024x429.jpeg 1024w, https:\/\/www.eldiario.net\/portal\/wp-content\/uploads\/2023\/06\/cesar-1-PRINCIPAL-768x322.jpeg 768w, https:\/\/www.eldiario.net\/portal\/wp-content\/uploads\/2023\/06\/cesar-1-PRINCIPAL-1536x643.jpeg 1536w, https:\/\/www.eldiario.net\/portal\/wp-content\/uploads\/2023\/06\/cesar-1-PRINCIPAL-696x291.jpeg 696w, https:\/\/www.eldiario.net\/portal\/wp-content\/uploads\/2023\/06\/cesar-1-PRINCIPAL-1068x447.jpeg 1068w, https:\/\/www.eldiario.net\/portal\/wp-content\/uploads\/2023\/06\/cesar-1-PRINCIPAL.jpeg 1600w\" sizes=\"auto, (max-width: 300px) 100vw, 300px\" \/><\/a>\n\t\t\t<\/div><\/figure><figure class='gallery-item'>\n\t\t\t<div class='gallery-icon landscape'>\n\t\t\t\t<a href='https:\/\/www.eldiario.net\/portal\/2023\/06\/07\/cesar-bordon-me-siento-orgulloso-de-la-pelicula-los-de-abajo\/cesar-2\/'><img loading=\"lazy\" decoding=\"async\" width=\"300\" height=\"126\" src=\"https:\/\/www.eldiario.net\/portal\/wp-content\/uploads\/2023\/06\/cesar-2-300x126.jpeg\" class=\"attachment-medium size-medium\" alt=\"\" srcset=\"https:\/\/www.eldiario.net\/portal\/wp-content\/uploads\/2023\/06\/cesar-2-300x126.jpeg 300w, https:\/\/www.eldiario.net\/portal\/wp-content\/uploads\/2023\/06\/cesar-2-1024x429.jpeg 1024w, https:\/\/www.eldiario.net\/portal\/wp-content\/uploads\/2023\/06\/cesar-2-768x322.jpeg 768w, https:\/\/www.eldiario.net\/portal\/wp-content\/uploads\/2023\/06\/cesar-2-1536x643.jpeg 1536w, https:\/\/www.eldiario.net\/portal\/wp-content\/uploads\/2023\/06\/cesar-2-696x291.jpeg 696w, https:\/\/www.eldiario.net\/portal\/wp-content\/uploads\/2023\/06\/cesar-2-1068x447.jpeg 1068w, https:\/\/www.eldiario.net\/portal\/wp-content\/uploads\/2023\/06\/cesar-2.jpeg 1600w\" sizes=\"auto, (max-width: 300px) 100vw, 300px\" \/><\/a>\n\t\t\t<\/div><\/figure><figure class='gallery-item'>\n\t\t\t<div class='gallery-icon landscape'>\n\t\t\t\t<a href='https:\/\/www.eldiario.net\/portal\/2023\/06\/07\/cesar-bordon-me-siento-orgulloso-de-la-pelicula-los-de-abajo\/cesar-3\/'><img loading=\"lazy\" decoding=\"async\" width=\"300\" height=\"126\" src=\"https:\/\/www.eldiario.net\/portal\/wp-content\/uploads\/2023\/06\/cesar-3-300x126.jpeg\" class=\"attachment-medium size-medium\" alt=\"\" srcset=\"https:\/\/www.eldiario.net\/portal\/wp-content\/uploads\/2023\/06\/cesar-3-300x126.jpeg 300w, https:\/\/www.eldiario.net\/portal\/wp-content\/uploads\/2023\/06\/cesar-3-1024x429.jpeg 1024w, https:\/\/www.eldiario.net\/portal\/wp-content\/uploads\/2023\/06\/cesar-3-768x322.jpeg 768w, https:\/\/www.eldiario.net\/portal\/wp-content\/uploads\/2023\/06\/cesar-3-1536x643.jpeg 1536w, https:\/\/www.eldiario.net\/portal\/wp-content\/uploads\/2023\/06\/cesar-3-696x291.jpeg 696w, https:\/\/www.eldiario.net\/portal\/wp-content\/uploads\/2023\/06\/cesar-3-1068x447.jpeg 1068w, https:\/\/www.eldiario.net\/portal\/wp-content\/uploads\/2023\/06\/cesar-3.jpeg 1600w\" sizes=\"auto, (max-width: 300px) 100vw, 300px\" \/><\/a>\n\t\t\t<\/div><\/figure><figure class='gallery-item'>\n\t\t\t<div class='gallery-icon landscape'>\n\t\t\t\t<a href='https:\/\/www.eldiario.net\/portal\/2023\/06\/07\/cesar-bordon-me-siento-orgulloso-de-la-pelicula-los-de-abajo\/cesar-4\/'><img loading=\"lazy\" decoding=\"async\" width=\"300\" height=\"126\" src=\"https:\/\/www.eldiario.net\/portal\/wp-content\/uploads\/2023\/06\/cesar-4-300x126.jpeg\" class=\"attachment-medium size-medium\" alt=\"\" srcset=\"https:\/\/www.eldiario.net\/portal\/wp-content\/uploads\/2023\/06\/cesar-4-300x126.jpeg 300w, https:\/\/www.eldiario.net\/portal\/wp-content\/uploads\/2023\/06\/cesar-4-1024x429.jpeg 1024w, https:\/\/www.eldiario.net\/portal\/wp-content\/uploads\/2023\/06\/cesar-4-768x322.jpeg 768w, https:\/\/www.eldiario.net\/portal\/wp-content\/uploads\/2023\/06\/cesar-4-1536x643.jpeg 1536w, https:\/\/www.eldiario.net\/portal\/wp-content\/uploads\/2023\/06\/cesar-4-696x291.jpeg 696w, https:\/\/www.eldiario.net\/portal\/wp-content\/uploads\/2023\/06\/cesar-4-1068x447.jpeg 1068w, https:\/\/www.eldiario.net\/portal\/wp-content\/uploads\/2023\/06\/cesar-4.jpeg 1600w\" sizes=\"auto, (max-width: 300px) 100vw, 300px\" \/><\/a>\n\t\t\t<\/div><\/figure>\n\t\t<\/div>\n\n","protected":false},"excerpt":{"rendered":"<p>C\u00e9sar Bord\u00f3n es un reconocido actor argentino que cobr\u00f3 mayor popularidad por su participaci\u00f3n en la serie \u2018Luis Miguel\u2019 y a quien ahora se puede ver en la pel\u00edcula nacional \u201cLos de abajo\u201d. La cinta dirigida por Alejandro Quiroga y producida por \u00c1lvaro Olmos Torrico se estren\u00f3 en Bolivia el pasado jueves y, seg\u00fan Bord\u00f3n, [&hellip;]<\/p>\n","protected":false},"author":1,"featured_media":158698,"comment_status":"closed","ping_status":"closed","sticky":false,"template":"","format":"standard","meta":{"_acf_changed":false,"footnotes":""},"categories":[41],"tags":[],"class_list":["post-158697","post","type-post","status-publish","format-standard","has-post-thumbnail","category-la-guia"],"acf":{"antetitulo":""},"yoast_head":"<!-- This site is optimized with the Yoast SEO plugin v28.4 - https:\/\/yoast.com\/product\/yoast-seo-wordpress\/ -->\n<title>C\u00c9SAR BORD\u00d3N \u201cMe siento orgulloso de la pel\u00edcula Los de abajo\u201d - El Diario - Bolivia<\/title>\n<meta name=\"robots\" content=\"index, follow, max-snippet:-1, max-image-preview:large, max-video-preview:-1\" \/>\n<link rel=\"canonical\" href=\"https:\/\/www.eldiario.net\/portal\/2023\/06\/07\/cesar-bordon-me-siento-orgulloso-de-la-pelicula-los-de-abajo\/\" \/>\n<meta property=\"og:locale\" content=\"es_ES\" \/>\n<meta property=\"og:type\" content=\"article\" \/>\n<meta property=\"og:title\" content=\"C\u00c9SAR BORD\u00d3N \u201cMe siento orgulloso de la pel\u00edcula Los de abajo\u201d - El Diario - Bolivia\" \/>\n<meta property=\"og:description\" content=\"C\u00e9sar Bord\u00f3n es un reconocido actor argentino que cobr\u00f3 mayor popularidad por su participaci\u00f3n en la serie \u2018Luis Miguel\u2019 y a quien ahora se puede ver en la pel\u00edcula nacional \u201cLos de abajo\u201d. La cinta dirigida por Alejandro Quiroga y producida por \u00c1lvaro Olmos Torrico se estren\u00f3 en Bolivia el pasado jueves y, seg\u00fan Bord\u00f3n, [&hellip;]\" \/>\n<meta property=\"og:url\" content=\"https:\/\/www.eldiario.net\/portal\/2023\/06\/07\/cesar-bordon-me-siento-orgulloso-de-la-pelicula-los-de-abajo\/\" \/>\n<meta property=\"og:site_name\" content=\"El Diario - Bolivia\" \/>\n<meta property=\"article:publisher\" content=\"https:\/\/www.facebook.com\/eldiario.bolivia\/\" \/>\n<meta property=\"article:published_time\" content=\"2023-06-07T10:41:32+00:00\" \/>\n<meta property=\"og:image\" content=\"https:\/\/www.eldiario.net\/portal\/wp-content\/uploads\/2023\/06\/cesar-1-PRINCIPAL.jpeg\" \/>\n\t<meta property=\"og:image:width\" content=\"1600\" \/>\n\t<meta property=\"og:image:height\" content=\"670\" \/>\n\t<meta property=\"og:image:type\" content=\"image\/jpeg\" \/>\n<meta name=\"author\" content=\"Jeanette\" \/>\n<meta name=\"twitter:card\" content=\"summary_large_image\" \/>\n<meta name=\"twitter:creator\" content=\"@eldiario_net\" \/>\n<meta name=\"twitter:site\" content=\"@eldiario_net\" \/>\n<meta name=\"twitter:label1\" content=\"Escrito por\" \/>\n\t<meta name=\"twitter:data1\" content=\"Jeanette\" \/>\n\t<meta name=\"twitter:label2\" content=\"Tiempo de lectura\" \/>\n\t<meta name=\"twitter:data2\" content=\"4 minutos\" \/>\n<script type=\"application\/ld+json\" class=\"yoast-schema-graph\">{\"@context\":\"https:\\\/\\\/schema.org\",\"@graph\":[{\"@type\":\"Article\",\"@id\":\"https:\\\/\\\/www.eldiario.net\\\/portal\\\/2023\\\/06\\\/07\\\/cesar-bordon-me-siento-orgulloso-de-la-pelicula-los-de-abajo\\\/#article\",\"isPartOf\":{\"@id\":\"https:\\\/\\\/www.eldiario.net\\\/portal\\\/2023\\\/06\\\/07\\\/cesar-bordon-me-siento-orgulloso-de-la-pelicula-los-de-abajo\\\/\"},\"author\":{\"name\":\"Jeanette\",\"@id\":\"https:\\\/\\\/www.eldiario.net\\\/portal\\\/#\\\/schema\\\/person\\\/f46445640444750d7d753ccd04ae01b7\"},\"headline\":\"C\u00c9SAR BORD\u00d3N \u201cMe siento orgulloso de la pel\u00edcula Los de abajo\u201d\",\"datePublished\":\"2023-06-07T10:41:32+00:00\",\"mainEntityOfPage\":{\"@id\":\"https:\\\/\\\/www.eldiario.net\\\/portal\\\/2023\\\/06\\\/07\\\/cesar-bordon-me-siento-orgulloso-de-la-pelicula-los-de-abajo\\\/\"},\"wordCount\":782,\"publisher\":{\"@id\":\"https:\\\/\\\/www.eldiario.net\\\/portal\\\/#organization\"},\"image\":{\"@id\":\"https:\\\/\\\/www.eldiario.net\\\/portal\\\/2023\\\/06\\\/07\\\/cesar-bordon-me-siento-orgulloso-de-la-pelicula-los-de-abajo\\\/#primaryimage\"},\"thumbnailUrl\":\"https:\\\/\\\/www.eldiario.net\\\/portal\\\/wp-content\\\/uploads\\\/2023\\\/06\\\/cesar-1-PRINCIPAL.jpeg\",\"articleSection\":[\"La Gu\u00eda\"],\"inLanguage\":\"es\"},{\"@type\":\"WebPage\",\"@id\":\"https:\\\/\\\/www.eldiario.net\\\/portal\\\/2023\\\/06\\\/07\\\/cesar-bordon-me-siento-orgulloso-de-la-pelicula-los-de-abajo\\\/\",\"url\":\"https:\\\/\\\/www.eldiario.net\\\/portal\\\/2023\\\/06\\\/07\\\/cesar-bordon-me-siento-orgulloso-de-la-pelicula-los-de-abajo\\\/\",\"name\":\"C\u00c9SAR BORD\u00d3N \u201cMe siento orgulloso de la pel\u00edcula Los de abajo\u201d - El Diario - Bolivia\",\"isPartOf\":{\"@id\":\"https:\\\/\\\/www.eldiario.net\\\/portal\\\/#website\"},\"primaryImageOfPage\":{\"@id\":\"https:\\\/\\\/www.eldiario.net\\\/portal\\\/2023\\\/06\\\/07\\\/cesar-bordon-me-siento-orgulloso-de-la-pelicula-los-de-abajo\\\/#primaryimage\"},\"image\":{\"@id\":\"https:\\\/\\\/www.eldiario.net\\\/portal\\\/2023\\\/06\\\/07\\\/cesar-bordon-me-siento-orgulloso-de-la-pelicula-los-de-abajo\\\/#primaryimage\"},\"thumbnailUrl\":\"https:\\\/\\\/www.eldiario.net\\\/portal\\\/wp-content\\\/uploads\\\/2023\\\/06\\\/cesar-1-PRINCIPAL.jpeg\",\"datePublished\":\"2023-06-07T10:41:32+00:00\",\"breadcrumb\":{\"@id\":\"https:\\\/\\\/www.eldiario.net\\\/portal\\\/2023\\\/06\\\/07\\\/cesar-bordon-me-siento-orgulloso-de-la-pelicula-los-de-abajo\\\/#breadcrumb\"},\"inLanguage\":\"es\",\"potentialAction\":[{\"@type\":\"ReadAction\",\"target\":[\"https:\\\/\\\/www.eldiario.net\\\/portal\\\/2023\\\/06\\\/07\\\/cesar-bordon-me-siento-orgulloso-de-la-pelicula-los-de-abajo\\\/\"]}]},{\"@type\":\"ImageObject\",\"inLanguage\":\"es\",\"@id\":\"https:\\\/\\\/www.eldiario.net\\\/portal\\\/2023\\\/06\\\/07\\\/cesar-bordon-me-siento-orgulloso-de-la-pelicula-los-de-abajo\\\/#primaryimage\",\"url\":\"https:\\\/\\\/www.eldiario.net\\\/portal\\\/wp-content\\\/uploads\\\/2023\\\/06\\\/cesar-1-PRINCIPAL.jpeg\",\"contentUrl\":\"https:\\\/\\\/www.eldiario.net\\\/portal\\\/wp-content\\\/uploads\\\/2023\\\/06\\\/cesar-1-PRINCIPAL.jpeg\",\"width\":1600,\"height\":670},{\"@type\":\"BreadcrumbList\",\"@id\":\"https:\\\/\\\/www.eldiario.net\\\/portal\\\/2023\\\/06\\\/07\\\/cesar-bordon-me-siento-orgulloso-de-la-pelicula-los-de-abajo\\\/#breadcrumb\",\"itemListElement\":[{\"@type\":\"ListItem\",\"position\":1,\"name\":\"Portada\",\"item\":\"https:\\\/\\\/www.eldiario.net\\\/portal\\\/\"},{\"@type\":\"ListItem\",\"position\":2,\"name\":\"C\u00c9SAR BORD\u00d3N \u201cMe siento orgulloso de la pel\u00edcula Los de abajo\u201d\"}]},{\"@type\":\"WebSite\",\"@id\":\"https:\\\/\\\/www.eldiario.net\\\/portal\\\/#website\",\"url\":\"https:\\\/\\\/www.eldiario.net\\\/portal\\\/\",\"name\":\"El Diario - Decano de la prensa nacional\",\"description\":\"El Diario - Decano de la prensa nacional\",\"publisher\":{\"@id\":\"https:\\\/\\\/www.eldiario.net\\\/portal\\\/#organization\"},\"potentialAction\":[{\"@type\":\"SearchAction\",\"target\":{\"@type\":\"EntryPoint\",\"urlTemplate\":\"https:\\\/\\\/www.eldiario.net\\\/portal\\\/?s={search_term_string}\"},\"query-input\":{\"@type\":\"PropertyValueSpecification\",\"valueRequired\":true,\"valueName\":\"search_term_string\"}}],\"inLanguage\":\"es\"},{\"@type\":\"Organization\",\"@id\":\"https:\\\/\\\/www.eldiario.net\\\/portal\\\/#organization\",\"name\":\"El Diario - Decano de la prensa nacional\",\"url\":\"https:\\\/\\\/www.eldiario.net\\\/portal\\\/\",\"logo\":{\"@type\":\"ImageObject\",\"inLanguage\":\"es\",\"@id\":\"https:\\\/\\\/www.eldiario.net\\\/portal\\\/#\\\/schema\\\/logo\\\/image\\\/\",\"url\":\"https:\\\/\\\/www.eldiario.net\\\/portal\\\/wp-content\\\/uploads\\\/2023\\\/07\\\/logo_ED.jpg\",\"contentUrl\":\"https:\\\/\\\/www.eldiario.net\\\/portal\\\/wp-content\\\/uploads\\\/2023\\\/07\\\/logo_ED.jpg\",\"width\":272,\"height\":52,\"caption\":\"El Diario - Decano de la prensa nacional\"},\"image\":{\"@id\":\"https:\\\/\\\/www.eldiario.net\\\/portal\\\/#\\\/schema\\\/logo\\\/image\\\/\"},\"sameAs\":[\"https:\\\/\\\/www.facebook.com\\\/eldiario.bolivia\\\/\",\"https:\\\/\\\/x.com\\\/eldiario_net\"]},{\"@type\":\"Person\",\"@id\":\"https:\\\/\\\/www.eldiario.net\\\/portal\\\/#\\\/schema\\\/person\\\/f46445640444750d7d753ccd04ae01b7\",\"name\":\"Jeanette\",\"image\":{\"@type\":\"ImageObject\",\"inLanguage\":\"es\",\"@id\":\"https:\\\/\\\/secure.gravatar.com\\\/avatar\\\/3ea2118a5f7dad2b7138b1187a6b7ee55f160b9968b66013c3a3ef39dd7e5798?s=96&d=mm&r=g\",\"url\":\"https:\\\/\\\/secure.gravatar.com\\\/avatar\\\/3ea2118a5f7dad2b7138b1187a6b7ee55f160b9968b66013c3a3ef39dd7e5798?s=96&d=mm&r=g\",\"contentUrl\":\"https:\\\/\\\/secure.gravatar.com\\\/avatar\\\/3ea2118a5f7dad2b7138b1187a6b7ee55f160b9968b66013c3a3ef39dd7e5798?s=96&d=mm&r=g\",\"caption\":\"Jeanette\"},\"sameAs\":[\"https:\\\/\\\/www.eldiario.net\\\/portal\"],\"url\":\"https:\\\/\\\/www.eldiario.net\\\/portal\\\/author\\\/jeanette\\\/\"}]}<\/script>\n<!-- \/ Yoast SEO plugin. -->","yoast_head_json":{"title":"C\u00c9SAR BORD\u00d3N \u201cMe siento orgulloso de la pel\u00edcula Los de abajo\u201d - El Diario - Bolivia","robots":{"index":"index","follow":"follow","max-snippet":"max-snippet:-1","max-image-preview":"max-image-preview:large","max-video-preview":"max-video-preview:-1"},"canonical":"https:\/\/www.eldiario.net\/portal\/2023\/06\/07\/cesar-bordon-me-siento-orgulloso-de-la-pelicula-los-de-abajo\/","og_locale":"es_ES","og_type":"article","og_title":"C\u00c9SAR BORD\u00d3N \u201cMe siento orgulloso de la pel\u00edcula Los de abajo\u201d - El Diario - Bolivia","og_description":"C\u00e9sar Bord\u00f3n es un reconocido actor argentino que cobr\u00f3 mayor popularidad por su participaci\u00f3n en la serie \u2018Luis Miguel\u2019 y a quien ahora se puede ver en la pel\u00edcula nacional \u201cLos de abajo\u201d. La cinta dirigida por Alejandro Quiroga y producida por \u00c1lvaro Olmos Torrico se estren\u00f3 en Bolivia el pasado jueves y, seg\u00fan Bord\u00f3n, [&hellip;]","og_url":"https:\/\/www.eldiario.net\/portal\/2023\/06\/07\/cesar-bordon-me-siento-orgulloso-de-la-pelicula-los-de-abajo\/","og_site_name":"El Diario - Bolivia","article_publisher":"https:\/\/www.facebook.com\/eldiario.bolivia\/","article_published_time":"2023-06-07T10:41:32+00:00","og_image":[{"width":1600,"height":670,"url":"https:\/\/www.eldiario.net\/portal\/wp-content\/uploads\/2023\/06\/cesar-1-PRINCIPAL.jpeg","type":"image\/jpeg"}],"author":"Jeanette","twitter_card":"summary_large_image","twitter_creator":"@eldiario_net","twitter_site":"@eldiario_net","twitter_misc":{"Escrito por":"Jeanette","Tiempo de lectura":"4 minutos"},"schema":{"@context":"https:\/\/schema.org","@graph":[{"@type":"Article","@id":"https:\/\/www.eldiario.net\/portal\/2023\/06\/07\/cesar-bordon-me-siento-orgulloso-de-la-pelicula-los-de-abajo\/#article","isPartOf":{"@id":"https:\/\/www.eldiario.net\/portal\/2023\/06\/07\/cesar-bordon-me-siento-orgulloso-de-la-pelicula-los-de-abajo\/"},"author":{"name":"Jeanette","@id":"https:\/\/www.eldiario.net\/portal\/#\/schema\/person\/f46445640444750d7d753ccd04ae01b7"},"headline":"C\u00c9SAR BORD\u00d3N \u201cMe siento orgulloso de la pel\u00edcula Los de abajo\u201d","datePublished":"2023-06-07T10:41:32+00:00","mainEntityOfPage":{"@id":"https:\/\/www.eldiario.net\/portal\/2023\/06\/07\/cesar-bordon-me-siento-orgulloso-de-la-pelicula-los-de-abajo\/"},"wordCount":782,"publisher":{"@id":"https:\/\/www.eldiario.net\/portal\/#organization"},"image":{"@id":"https:\/\/www.eldiario.net\/portal\/2023\/06\/07\/cesar-bordon-me-siento-orgulloso-de-la-pelicula-los-de-abajo\/#primaryimage"},"thumbnailUrl":"https:\/\/www.eldiario.net\/portal\/wp-content\/uploads\/2023\/06\/cesar-1-PRINCIPAL.jpeg","articleSection":["La Gu\u00eda"],"inLanguage":"es"},{"@type":"WebPage","@id":"https:\/\/www.eldiario.net\/portal\/2023\/06\/07\/cesar-bordon-me-siento-orgulloso-de-la-pelicula-los-de-abajo\/","url":"https:\/\/www.eldiario.net\/portal\/2023\/06\/07\/cesar-bordon-me-siento-orgulloso-de-la-pelicula-los-de-abajo\/","name":"C\u00c9SAR BORD\u00d3N \u201cMe siento orgulloso de la pel\u00edcula Los de abajo\u201d - El Diario - Bolivia","isPartOf":{"@id":"https:\/\/www.eldiario.net\/portal\/#website"},"primaryImageOfPage":{"@id":"https:\/\/www.eldiario.net\/portal\/2023\/06\/07\/cesar-bordon-me-siento-orgulloso-de-la-pelicula-los-de-abajo\/#primaryimage"},"image":{"@id":"https:\/\/www.eldiario.net\/portal\/2023\/06\/07\/cesar-bordon-me-siento-orgulloso-de-la-pelicula-los-de-abajo\/#primaryimage"},"thumbnailUrl":"https:\/\/www.eldiario.net\/portal\/wp-content\/uploads\/2023\/06\/cesar-1-PRINCIPAL.jpeg","datePublished":"2023-06-07T10:41:32+00:00","breadcrumb":{"@id":"https:\/\/www.eldiario.net\/portal\/2023\/06\/07\/cesar-bordon-me-siento-orgulloso-de-la-pelicula-los-de-abajo\/#breadcrumb"},"inLanguage":"es","potentialAction":[{"@type":"ReadAction","target":["https:\/\/www.eldiario.net\/portal\/2023\/06\/07\/cesar-bordon-me-siento-orgulloso-de-la-pelicula-los-de-abajo\/"]}]},{"@type":"ImageObject","inLanguage":"es","@id":"https:\/\/www.eldiario.net\/portal\/2023\/06\/07\/cesar-bordon-me-siento-orgulloso-de-la-pelicula-los-de-abajo\/#primaryimage","url":"https:\/\/www.eldiario.net\/portal\/wp-content\/uploads\/2023\/06\/cesar-1-PRINCIPAL.jpeg","contentUrl":"https:\/\/www.eldiario.net\/portal\/wp-content\/uploads\/2023\/06\/cesar-1-PRINCIPAL.jpeg","width":1600,"height":670},{"@type":"BreadcrumbList","@id":"https:\/\/www.eldiario.net\/portal\/2023\/06\/07\/cesar-bordon-me-siento-orgulloso-de-la-pelicula-los-de-abajo\/#breadcrumb","itemListElement":[{"@type":"ListItem","position":1,"name":"Portada","item":"https:\/\/www.eldiario.net\/portal\/"},{"@type":"ListItem","position":2,"name":"C\u00c9SAR BORD\u00d3N \u201cMe siento orgulloso de la pel\u00edcula Los de abajo\u201d"}]},{"@type":"WebSite","@id":"https:\/\/www.eldiario.net\/portal\/#website","url":"https:\/\/www.eldiario.net\/portal\/","name":"El Diario - Decano de la prensa nacional","description":"El Diario - Decano de la prensa nacional","publisher":{"@id":"https:\/\/www.eldiario.net\/portal\/#organization"},"potentialAction":[{"@type":"SearchAction","target":{"@type":"EntryPoint","urlTemplate":"https:\/\/www.eldiario.net\/portal\/?s={search_term_string}"},"query-input":{"@type":"PropertyValueSpecification","valueRequired":true,"valueName":"search_term_string"}}],"inLanguage":"es"},{"@type":"Organization","@id":"https:\/\/www.eldiario.net\/portal\/#organization","name":"El Diario - Decano de la prensa nacional","url":"https:\/\/www.eldiario.net\/portal\/","logo":{"@type":"ImageObject","inLanguage":"es","@id":"https:\/\/www.eldiario.net\/portal\/#\/schema\/logo\/image\/","url":"https:\/\/www.eldiario.net\/portal\/wp-content\/uploads\/2023\/07\/logo_ED.jpg","contentUrl":"https:\/\/www.eldiario.net\/portal\/wp-content\/uploads\/2023\/07\/logo_ED.jpg","width":272,"height":52,"caption":"El Diario - Decano de la prensa nacional"},"image":{"@id":"https:\/\/www.eldiario.net\/portal\/#\/schema\/logo\/image\/"},"sameAs":["https:\/\/www.facebook.com\/eldiario.bolivia\/","https:\/\/x.com\/eldiario_net"]},{"@type":"Person","@id":"https:\/\/www.eldiario.net\/portal\/#\/schema\/person\/f46445640444750d7d753ccd04ae01b7","name":"Jeanette","image":{"@type":"ImageObject","inLanguage":"es","@id":"https:\/\/secure.gravatar.com\/avatar\/3ea2118a5f7dad2b7138b1187a6b7ee55f160b9968b66013c3a3ef39dd7e5798?s=96&d=mm&r=g","url":"https:\/\/secure.gravatar.com\/avatar\/3ea2118a5f7dad2b7138b1187a6b7ee55f160b9968b66013c3a3ef39dd7e5798?s=96&d=mm&r=g","contentUrl":"https:\/\/secure.gravatar.com\/avatar\/3ea2118a5f7dad2b7138b1187a6b7ee55f160b9968b66013c3a3ef39dd7e5798?s=96&d=mm&r=g","caption":"Jeanette"},"sameAs":["https:\/\/www.eldiario.net\/portal"],"url":"https:\/\/www.eldiario.net\/portal\/author\/jeanette\/"}]}},"_links":{"self":[{"href":"https:\/\/www.eldiario.net\/portal\/wp-json\/wp\/v2\/posts\/158697","targetHints":{"allow":["GET"]}}],"collection":[{"href":"https:\/\/www.eldiario.net\/portal\/wp-json\/wp\/v2\/posts"}],"about":[{"href":"https:\/\/www.eldiario.net\/portal\/wp-json\/wp\/v2\/types\/post"}],"author":[{"embeddable":true,"href":"https:\/\/www.eldiario.net\/portal\/wp-json\/wp\/v2\/users\/1"}],"replies":[{"embeddable":true,"href":"https:\/\/www.eldiario.net\/portal\/wp-json\/wp\/v2\/comments?post=158697"}],"version-history":[{"count":0,"href":"https:\/\/www.eldiario.net\/portal\/wp-json\/wp\/v2\/posts\/158697\/revisions"}],"wp:featuredmedia":[{"embeddable":true,"href":"https:\/\/www.eldiario.net\/portal\/wp-json\/wp\/v2\/media\/158698"}],"wp:attachment":[{"href":"https:\/\/www.eldiario.net\/portal\/wp-json\/wp\/v2\/media?parent=158697"}],"wp:term":[{"taxonomy":"category","embeddable":true,"href":"https:\/\/www.eldiario.net\/portal\/wp-json\/wp\/v2\/categories?post=158697"},{"taxonomy":"post_tag","embeddable":true,"href":"https:\/\/www.eldiario.net\/portal\/wp-json\/wp\/v2\/tags?post=158697"}],"curies":[{"name":"wp","href":"https:\/\/api.w.org\/{rel}","templated":true}]}}