{"id":158672,"date":"2023-06-07T06:33:55","date_gmt":"2023-06-07T10:33:55","guid":{"rendered":"https:\/\/www.eldiario.net\/portal\/?p=158672"},"modified":"2023-06-07T06:33:55","modified_gmt":"2023-06-07T10:33:55","slug":"bolivar-clasifica-a-octavos-con-nota-alta","status":"publish","type":"post","link":"https:\/\/www.eldiario.net\/portal\/2023\/06\/07\/bolivar-clasifica-a-octavos-con-nota-alta\/","title":{"rendered":"Bol\u00edvar clasifica a octavos con nota alta"},"content":{"rendered":"<p>Bol\u00edvar pas\u00f3 &#8211; con una calificaci\u00f3n sobresaliente de 12 puntos y con un partido por jugar a\u00fan- a los octavos de final de la Copa Libertadores CONMEBOL despu\u00e9s de haber conseguido una victoria indiscutible frente a \u00a0Cerro Porte\u00f1o de Paraguay, anoche, en estadio \u201cHernando Siles\u201d de La Paz, con dos goles \u00a0anotados Gabriel Villamil y Lucas Ch\u00e1vez.<\/p>\n<p>El equipo visitante present\u00f3 un rostro temeroso e irreconocible, que no hizo honor a sus antecedentes. Ya con un \u00e1nimo perdedor, no supo hacerle frente a la Academia boliviana, que ya semanas atr\u00e1s lo hab\u00eda goleado a domicilio.<\/p>\n<p>En cambio, Bol\u00edvar, fue fuerte, con determinaci\u00f3n en su ataque, bien plantado en el mediocampo y con una defensa, tal cual la quieren ver sus hinchas.<\/p>\n<p>Los tantos del desequilibrio num\u00e9rico que le dieron la victoria al local, llegaron al inicio de ambos parciales.<\/p>\n<p>A los seis minutos, Gabriel Villamil coloc\u00f3 el 1-0 con un remate de derecha con arco libre, luego de que el meta Jean Fernandes hizo un despeje corto ante un remate de cabeza de Ronnie Fern\u00e1ndez. El atacante chileno conect\u00f3 la pelota con total libertad a espaldas de un central.<\/p>\n<p>Las cifras pod\u00edan ampliarse en el primer tiempo, empero hubo ciertas desinteligencias, falta de punter\u00eda adem\u00e1s de juego fuerte de parte del visitante, que recurri\u00f3 a la marcaci\u00f3n torpe que extra\u00f1amente era ignorada por los jueces del encuentro; en cambio, los celestes fueron sancionados con tarjetas amarillas de manera puntual y exacta. Ronnie Fern\u00e1ndez, Bryan Bentaberry y Roberto Fern\u00e1ndez vieron la amarilla.<\/p>\n<p>A solo tres minutos del complemento lleg\u00f3 el gol tranquilizador para los locales, el segundo fue producto de una definici\u00f3n de cabeza de Ch\u00e1vez dentro del \u00e1rea cuando la resistencia paraguaya era casi nula.<\/p>\n<p>A los 65\u00b4 el defensor Bryan Bentaberry se descompens\u00f3 sin motivo aparente. Quien cumpl\u00eda una excelente participaci\u00f3n en el juego- hasta ese momento- fue reemplazado por precauci\u00f3n m\u00e9dica.<\/p>\n<p>En el minuto 80\u2019, Daniel Rivas tom\u00f3 de la camiseta a Carmelo Algara\u00f1az dentro del \u00e1rea y el \u00e1rbitro chileno Cristian Garay cobr\u00f3 penal, pero luego consult\u00f3 con al VAR y cambi\u00f3 de parecer.<\/p>\n<p>Si falt\u00f3 algo en el compromiso fue un gol de Ronnie Fern\u00e1ndez, que por justicia debi\u00f3 llegar; porque el chileno hizo sobrados m\u00e9ritos.<\/p>\n<p>Ya con la clasificaci\u00f3n en la bolsa, a Bol\u00edvar le toca visitar a Palmeiras en \u00a0Brasil a fin de mes.<\/p>\n<p>Queda tiempo para corregir errores y pulir bondades. Bol\u00edvar una vez m\u00e1s, demuestra que para contiendas internacionales\u00a0 m\u00e1s que un onceno de futbolistas es una gran instituci\u00f3n que representa a Bolivia con pundonor. (GHILKA SANABRIA PRADEL)<\/p>\n<p>&nbsp;<\/p>\n<p>S\u00cdNTESIS<\/p>\n<p>BOL\u00cdVAR (2): Carlos Lampe, Diego Bejarano (Miguel Villarroel), Bryan Bentaberry (Jes\u00fas Sagredo), Nicol\u00e1s Ferreyra, Jos\u00e9 Sagredo, Leonel Justiniano, Gabriel Villamil, Roberto Fern\u00e1ndez (Javier Uzeda), Patricio Rodr\u00edguez (Ramiro Vaca), Lucas Ch\u00e1vez (Carmelo Algara\u00f1az), Ronnie Fern\u00e1ndez. DT: Be\u00f1at San Jos\u00e9.<\/p>\n<p>GOLES: Gabriel Villamil (6), \u00a0Lucas Ch\u00e1vez (48\u00b4)<\/p>\n<p>CERRO PORTE\u00d1O (0): Jean Fernandes, Alberto Esp\u00ednola, Pedro \u00c1lvarez (Eduardo Brock), Robert Piris, Leonardo Rivas, Enzo Gim\u00e9nez (Antonio Galeano), Claudio Aquino (Roberto Morales), Wilder Viera (Dami\u00e1n Bobadilla), \u00c1ngel Carrdozo, Federico Carrizo, Diego Chur\u00edn. DT: Facundo Sava.<\/p>\n<p>CIUDAD: La Paz<\/p>\n<p>ESTADIO: Hernando Siles<\/p>\n<p>P\u00daBLICO: 15 mil personas aproximadamente<\/p>\n<p>\u00c1RBITRO: Cristian Garay (Chile)<\/p>\n<p>ASISTENTES: Jos\u00e9 Retamal y Miguel Rocha<\/p>\n<p>\u00c1RBITRO VAR: Fernando Vejar (Chile)<\/p>\n<p>ASISTENTE VAR: Leslie V\u00e1squez<\/p>\n<div id='gallery-1' class='gallery galleryid-158672 gallery-columns-3 gallery-size-medium'><figure class='gallery-item'>\n\t\t\t<div class='gallery-icon landscape'>\n\t\t\t\t<a href='https:\/\/www.eldiario.net\/portal\/2023\/06\/07\/bolivar-clasifica-a-octavos-con-nota-alta\/bolivar-2-cerro-0-1\/'><img loading=\"lazy\" decoding=\"async\" width=\"300\" height=\"200\" src=\"https:\/\/www.eldiario.net\/portal\/wp-content\/uploads\/2023\/06\/Bolivar-2-Cerro-0-1-300x200.jpg\" class=\"attachment-medium size-medium\" alt=\"\" srcset=\"https:\/\/www.eldiario.net\/portal\/wp-content\/uploads\/2023\/06\/Bolivar-2-Cerro-0-1-300x200.jpg 300w, https:\/\/www.eldiario.net\/portal\/wp-content\/uploads\/2023\/06\/Bolivar-2-Cerro-0-1-1024x683.jpg 1024w, https:\/\/www.eldiario.net\/portal\/wp-content\/uploads\/2023\/06\/Bolivar-2-Cerro-0-1-768x512.jpg 768w, https:\/\/www.eldiario.net\/portal\/wp-content\/uploads\/2023\/06\/Bolivar-2-Cerro-0-1-1536x1024.jpg 1536w, https:\/\/www.eldiario.net\/portal\/wp-content\/uploads\/2023\/06\/Bolivar-2-Cerro-0-1-696x464.jpg 696w, https:\/\/www.eldiario.net\/portal\/wp-content\/uploads\/2023\/06\/Bolivar-2-Cerro-0-1-1068x712.jpg 1068w, https:\/\/www.eldiario.net\/portal\/wp-content\/uploads\/2023\/06\/Bolivar-2-Cerro-0-1.jpg 1600w\" sizes=\"auto, (max-width: 300px) 100vw, 300px\" \/><\/a>\n\t\t\t<\/div><\/figure><figure class='gallery-item'>\n\t\t\t<div class='gallery-icon landscape'>\n\t\t\t\t<a href='https:\/\/www.eldiario.net\/portal\/2023\/06\/07\/bolivar-clasifica-a-octavos-con-nota-alta\/bolivar-2-cerro-0\/'><img loading=\"lazy\" decoding=\"async\" width=\"300\" height=\"200\" src=\"https:\/\/www.eldiario.net\/portal\/wp-content\/uploads\/2023\/06\/Bolivar-2-Cerro-0-300x200.jpg\" class=\"attachment-medium size-medium\" alt=\"\" srcset=\"https:\/\/www.eldiario.net\/portal\/wp-content\/uploads\/2023\/06\/Bolivar-2-Cerro-0-300x200.jpg 300w, https:\/\/www.eldiario.net\/portal\/wp-content\/uploads\/2023\/06\/Bolivar-2-Cerro-0-1024x683.jpg 1024w, https:\/\/www.eldiario.net\/portal\/wp-content\/uploads\/2023\/06\/Bolivar-2-Cerro-0-768x512.jpg 768w, https:\/\/www.eldiario.net\/portal\/wp-content\/uploads\/2023\/06\/Bolivar-2-Cerro-0-1536x1024.jpg 1536w, https:\/\/www.eldiario.net\/portal\/wp-content\/uploads\/2023\/06\/Bolivar-2-Cerro-0-696x464.jpg 696w, https:\/\/www.eldiario.net\/portal\/wp-content\/uploads\/2023\/06\/Bolivar-2-Cerro-0-1068x712.jpg 1068w, https:\/\/www.eldiario.net\/portal\/wp-content\/uploads\/2023\/06\/Bolivar-2-Cerro-0.jpg 1600w\" sizes=\"auto, (max-width: 300px) 100vw, 300px\" \/><\/a>\n\t\t\t<\/div><\/figure><figure class='gallery-item'>\n\t\t\t<div class='gallery-icon landscape'>\n\t\t\t\t<a href='https:\/\/www.eldiario.net\/portal\/2023\/06\/07\/bolivar-clasifica-a-octavos-con-nota-alta\/gol-de-bolivar-2\/'><img loading=\"lazy\" decoding=\"async\" width=\"300\" height=\"200\" src=\"https:\/\/www.eldiario.net\/portal\/wp-content\/uploads\/2023\/06\/GOL-DE-BOLIVAR-300x200.jpg\" class=\"attachment-medium size-medium\" alt=\"\" srcset=\"https:\/\/www.eldiario.net\/portal\/wp-content\/uploads\/2023\/06\/GOL-DE-BOLIVAR-300x200.jpg 300w, https:\/\/www.eldiario.net\/portal\/wp-content\/uploads\/2023\/06\/GOL-DE-BOLIVAR-1024x683.jpg 1024w, https:\/\/www.eldiario.net\/portal\/wp-content\/uploads\/2023\/06\/GOL-DE-BOLIVAR-768x512.jpg 768w, https:\/\/www.eldiario.net\/portal\/wp-content\/uploads\/2023\/06\/GOL-DE-BOLIVAR-1536x1024.jpg 1536w, https:\/\/www.eldiario.net\/portal\/wp-content\/uploads\/2023\/06\/GOL-DE-BOLIVAR-696x464.jpg 696w, https:\/\/www.eldiario.net\/portal\/wp-content\/uploads\/2023\/06\/GOL-DE-BOLIVAR-1068x712.jpg 1068w, https:\/\/www.eldiario.net\/portal\/wp-content\/uploads\/2023\/06\/GOL-DE-BOLIVAR.jpg 1600w\" sizes=\"auto, (max-width: 300px) 100vw, 300px\" \/><\/a>\n\t\t\t<\/div><\/figure><figure class='gallery-item'>\n\t\t\t<div class='gallery-icon landscape'>\n\t\t\t\t<a href='https:\/\/www.eldiario.net\/portal\/2023\/06\/07\/bolivar-clasifica-a-octavos-con-nota-alta\/gol-de-villamil\/'><img loading=\"lazy\" decoding=\"async\" width=\"300\" height=\"200\" src=\"https:\/\/www.eldiario.net\/portal\/wp-content\/uploads\/2023\/06\/GOL-DE-VILLAMIL-300x200.jpg\" class=\"attachment-medium size-medium\" alt=\"\" srcset=\"https:\/\/www.eldiario.net\/portal\/wp-content\/uploads\/2023\/06\/GOL-DE-VILLAMIL-300x200.jpg 300w, https:\/\/www.eldiario.net\/portal\/wp-content\/uploads\/2023\/06\/GOL-DE-VILLAMIL-1024x683.jpg 1024w, https:\/\/www.eldiario.net\/portal\/wp-content\/uploads\/2023\/06\/GOL-DE-VILLAMIL-768x512.jpg 768w, https:\/\/www.eldiario.net\/portal\/wp-content\/uploads\/2023\/06\/GOL-DE-VILLAMIL-1536x1024.jpg 1536w, https:\/\/www.eldiario.net\/portal\/wp-content\/uploads\/2023\/06\/GOL-DE-VILLAMIL-696x464.jpg 696w, https:\/\/www.eldiario.net\/portal\/wp-content\/uploads\/2023\/06\/GOL-DE-VILLAMIL-1068x712.jpg 1068w, https:\/\/www.eldiario.net\/portal\/wp-content\/uploads\/2023\/06\/GOL-DE-VILLAMIL.jpg 1600w\" sizes=\"auto, (max-width: 300px) 100vw, 300px\" \/><\/a>\n\t\t\t<\/div><\/figure>\n\t\t<\/div>\n\n","protected":false},"excerpt":{"rendered":"<p>Bol\u00edvar pas\u00f3 &#8211; con una calificaci\u00f3n sobresaliente de 12 puntos y con un partido por jugar a\u00fan- a los octavos de final de la Copa Libertadores CONMEBOL despu\u00e9s de haber conseguido una victoria indiscutible frente a \u00a0Cerro Porte\u00f1o de Paraguay, anoche, en estadio \u201cHernando Siles\u201d de La Paz, con dos goles \u00a0anotados Gabriel Villamil y [&hellip;]<\/p>\n","protected":false},"author":1,"featured_media":158675,"comment_status":"closed","ping_status":"closed","sticky":false,"template":"","format":"standard","meta":{"_acf_changed":false,"footnotes":""},"categories":[6],"tags":[],"class_list":["post-158672","post","type-post","status-publish","format-standard","has-post-thumbnail","category-deportes"],"acf":{"antetitulo":""},"yoast_head":"<!-- This site is optimized with the Yoast SEO plugin v28.4 - https:\/\/yoast.com\/product\/yoast-seo-wordpress\/ -->\n<title>Bol\u00edvar clasifica a octavos con nota alta - El Diario - Bolivia<\/title>\n<meta name=\"robots\" content=\"index, follow, max-snippet:-1, max-image-preview:large, max-video-preview:-1\" \/>\n<link rel=\"canonical\" href=\"https:\/\/www.eldiario.net\/portal\/2023\/06\/07\/bolivar-clasifica-a-octavos-con-nota-alta\/\" \/>\n<meta property=\"og:locale\" content=\"es_ES\" \/>\n<meta property=\"og:type\" content=\"article\" \/>\n<meta property=\"og:title\" content=\"Bol\u00edvar clasifica a octavos con nota alta - El Diario - Bolivia\" \/>\n<meta property=\"og:description\" content=\"Bol\u00edvar pas\u00f3 &#8211; con una calificaci\u00f3n sobresaliente de 12 puntos y con un partido por jugar a\u00fan- a los octavos de final de la Copa Libertadores CONMEBOL despu\u00e9s de haber conseguido una victoria indiscutible frente a \u00a0Cerro Porte\u00f1o de Paraguay, anoche, en estadio \u201cHernando Siles\u201d de La Paz, con dos goles \u00a0anotados Gabriel Villamil y [&hellip;]\" \/>\n<meta property=\"og:url\" content=\"https:\/\/www.eldiario.net\/portal\/2023\/06\/07\/bolivar-clasifica-a-octavos-con-nota-alta\/\" \/>\n<meta property=\"og:site_name\" content=\"El Diario - Bolivia\" \/>\n<meta property=\"article:publisher\" content=\"https:\/\/www.facebook.com\/eldiario.bolivia\/\" \/>\n<meta property=\"article:published_time\" content=\"2023-06-07T10:33:55+00:00\" \/>\n<meta property=\"og:image\" content=\"https:\/\/www.eldiario.net\/portal\/wp-content\/uploads\/2023\/06\/GOL-DE-BOLIVAR.jpg\" \/>\n\t<meta property=\"og:image:width\" content=\"1600\" \/>\n\t<meta property=\"og:image:height\" content=\"1067\" \/>\n\t<meta property=\"og:image:type\" content=\"image\/jpeg\" \/>\n<meta name=\"author\" content=\"Jeanette\" \/>\n<meta name=\"twitter:card\" content=\"summary_large_image\" \/>\n<meta name=\"twitter:creator\" content=\"@eldiario_net\" \/>\n<meta name=\"twitter:site\" content=\"@eldiario_net\" \/>\n<meta name=\"twitter:label1\" content=\"Escrito por\" \/>\n\t<meta name=\"twitter:data1\" content=\"Jeanette\" \/>\n\t<meta name=\"twitter:label2\" content=\"Tiempo de lectura\" \/>\n\t<meta name=\"twitter:data2\" content=\"3 minutos\" \/>\n<script type=\"application\/ld+json\" class=\"yoast-schema-graph\">{\"@context\":\"https:\\\/\\\/schema.org\",\"@graph\":[{\"@type\":\"Article\",\"@id\":\"https:\\\/\\\/www.eldiario.net\\\/portal\\\/2023\\\/06\\\/07\\\/bolivar-clasifica-a-octavos-con-nota-alta\\\/#article\",\"isPartOf\":{\"@id\":\"https:\\\/\\\/www.eldiario.net\\\/portal\\\/2023\\\/06\\\/07\\\/bolivar-clasifica-a-octavos-con-nota-alta\\\/\"},\"author\":{\"name\":\"Jeanette\",\"@id\":\"https:\\\/\\\/www.eldiario.net\\\/portal\\\/#\\\/schema\\\/person\\\/f46445640444750d7d753ccd04ae01b7\"},\"headline\":\"Bol\u00edvar clasifica a octavos con nota alta\",\"datePublished\":\"2023-06-07T10:33:55+00:00\",\"mainEntityOfPage\":{\"@id\":\"https:\\\/\\\/www.eldiario.net\\\/portal\\\/2023\\\/06\\\/07\\\/bolivar-clasifica-a-octavos-con-nota-alta\\\/\"},\"wordCount\":595,\"publisher\":{\"@id\":\"https:\\\/\\\/www.eldiario.net\\\/portal\\\/#organization\"},\"image\":{\"@id\":\"https:\\\/\\\/www.eldiario.net\\\/portal\\\/2023\\\/06\\\/07\\\/bolivar-clasifica-a-octavos-con-nota-alta\\\/#primaryimage\"},\"thumbnailUrl\":\"https:\\\/\\\/www.eldiario.net\\\/portal\\\/wp-content\\\/uploads\\\/2023\\\/06\\\/GOL-DE-BOLIVAR.jpg\",\"articleSection\":[\"Deportes\"],\"inLanguage\":\"es\"},{\"@type\":\"WebPage\",\"@id\":\"https:\\\/\\\/www.eldiario.net\\\/portal\\\/2023\\\/06\\\/07\\\/bolivar-clasifica-a-octavos-con-nota-alta\\\/\",\"url\":\"https:\\\/\\\/www.eldiario.net\\\/portal\\\/2023\\\/06\\\/07\\\/bolivar-clasifica-a-octavos-con-nota-alta\\\/\",\"name\":\"Bol\u00edvar clasifica a octavos con nota alta - El Diario - Bolivia\",\"isPartOf\":{\"@id\":\"https:\\\/\\\/www.eldiario.net\\\/portal\\\/#website\"},\"primaryImageOfPage\":{\"@id\":\"https:\\\/\\\/www.eldiario.net\\\/portal\\\/2023\\\/06\\\/07\\\/bolivar-clasifica-a-octavos-con-nota-alta\\\/#primaryimage\"},\"image\":{\"@id\":\"https:\\\/\\\/www.eldiario.net\\\/portal\\\/2023\\\/06\\\/07\\\/bolivar-clasifica-a-octavos-con-nota-alta\\\/#primaryimage\"},\"thumbnailUrl\":\"https:\\\/\\\/www.eldiario.net\\\/portal\\\/wp-content\\\/uploads\\\/2023\\\/06\\\/GOL-DE-BOLIVAR.jpg\",\"datePublished\":\"2023-06-07T10:33:55+00:00\",\"breadcrumb\":{\"@id\":\"https:\\\/\\\/www.eldiario.net\\\/portal\\\/2023\\\/06\\\/07\\\/bolivar-clasifica-a-octavos-con-nota-alta\\\/#breadcrumb\"},\"inLanguage\":\"es\",\"potentialAction\":[{\"@type\":\"ReadAction\",\"target\":[\"https:\\\/\\\/www.eldiario.net\\\/portal\\\/2023\\\/06\\\/07\\\/bolivar-clasifica-a-octavos-con-nota-alta\\\/\"]}]},{\"@type\":\"ImageObject\",\"inLanguage\":\"es\",\"@id\":\"https:\\\/\\\/www.eldiario.net\\\/portal\\\/2023\\\/06\\\/07\\\/bolivar-clasifica-a-octavos-con-nota-alta\\\/#primaryimage\",\"url\":\"https:\\\/\\\/www.eldiario.net\\\/portal\\\/wp-content\\\/uploads\\\/2023\\\/06\\\/GOL-DE-BOLIVAR.jpg\",\"contentUrl\":\"https:\\\/\\\/www.eldiario.net\\\/portal\\\/wp-content\\\/uploads\\\/2023\\\/06\\\/GOL-DE-BOLIVAR.jpg\",\"width\":1600,\"height\":1067},{\"@type\":\"BreadcrumbList\",\"@id\":\"https:\\\/\\\/www.eldiario.net\\\/portal\\\/2023\\\/06\\\/07\\\/bolivar-clasifica-a-octavos-con-nota-alta\\\/#breadcrumb\",\"itemListElement\":[{\"@type\":\"ListItem\",\"position\":1,\"name\":\"Portada\",\"item\":\"https:\\\/\\\/www.eldiario.net\\\/portal\\\/\"},{\"@type\":\"ListItem\",\"position\":2,\"name\":\"Bol\u00edvar clasifica a octavos con nota alta\"}]},{\"@type\":\"WebSite\",\"@id\":\"https:\\\/\\\/www.eldiario.net\\\/portal\\\/#website\",\"url\":\"https:\\\/\\\/www.eldiario.net\\\/portal\\\/\",\"name\":\"El Diario - Decano de la prensa nacional\",\"description\":\"El Diario - Decano de la prensa nacional\",\"publisher\":{\"@id\":\"https:\\\/\\\/www.eldiario.net\\\/portal\\\/#organization\"},\"potentialAction\":[{\"@type\":\"SearchAction\",\"target\":{\"@type\":\"EntryPoint\",\"urlTemplate\":\"https:\\\/\\\/www.eldiario.net\\\/portal\\\/?s={search_term_string}\"},\"query-input\":{\"@type\":\"PropertyValueSpecification\",\"valueRequired\":true,\"valueName\":\"search_term_string\"}}],\"inLanguage\":\"es\"},{\"@type\":\"Organization\",\"@id\":\"https:\\\/\\\/www.eldiario.net\\\/portal\\\/#organization\",\"name\":\"El Diario - Decano de la prensa nacional\",\"url\":\"https:\\\/\\\/www.eldiario.net\\\/portal\\\/\",\"logo\":{\"@type\":\"ImageObject\",\"inLanguage\":\"es\",\"@id\":\"https:\\\/\\\/www.eldiario.net\\\/portal\\\/#\\\/schema\\\/logo\\\/image\\\/\",\"url\":\"https:\\\/\\\/www.eldiario.net\\\/portal\\\/wp-content\\\/uploads\\\/2023\\\/07\\\/logo_ED.jpg\",\"contentUrl\":\"https:\\\/\\\/www.eldiario.net\\\/portal\\\/wp-content\\\/uploads\\\/2023\\\/07\\\/logo_ED.jpg\",\"width\":272,\"height\":52,\"caption\":\"El Diario - Decano de la prensa nacional\"},\"image\":{\"@id\":\"https:\\\/\\\/www.eldiario.net\\\/portal\\\/#\\\/schema\\\/logo\\\/image\\\/\"},\"sameAs\":[\"https:\\\/\\\/www.facebook.com\\\/eldiario.bolivia\\\/\",\"https:\\\/\\\/x.com\\\/eldiario_net\"]},{\"@type\":\"Person\",\"@id\":\"https:\\\/\\\/www.eldiario.net\\\/portal\\\/#\\\/schema\\\/person\\\/f46445640444750d7d753ccd04ae01b7\",\"name\":\"Jeanette\",\"image\":{\"@type\":\"ImageObject\",\"inLanguage\":\"es\",\"@id\":\"https:\\\/\\\/secure.gravatar.com\\\/avatar\\\/3ea2118a5f7dad2b7138b1187a6b7ee55f160b9968b66013c3a3ef39dd7e5798?s=96&d=mm&r=g\",\"url\":\"https:\\\/\\\/secure.gravatar.com\\\/avatar\\\/3ea2118a5f7dad2b7138b1187a6b7ee55f160b9968b66013c3a3ef39dd7e5798?s=96&d=mm&r=g\",\"contentUrl\":\"https:\\\/\\\/secure.gravatar.com\\\/avatar\\\/3ea2118a5f7dad2b7138b1187a6b7ee55f160b9968b66013c3a3ef39dd7e5798?s=96&d=mm&r=g\",\"caption\":\"Jeanette\"},\"sameAs\":[\"https:\\\/\\\/www.eldiario.net\\\/portal\"],\"url\":\"https:\\\/\\\/www.eldiario.net\\\/portal\\\/author\\\/jeanette\\\/\"}]}<\/script>\n<!-- \/ Yoast SEO plugin. -->","yoast_head_json":{"title":"Bol\u00edvar clasifica a octavos con nota alta - El Diario - Bolivia","robots":{"index":"index","follow":"follow","max-snippet":"max-snippet:-1","max-image-preview":"max-image-preview:large","max-video-preview":"max-video-preview:-1"},"canonical":"https:\/\/www.eldiario.net\/portal\/2023\/06\/07\/bolivar-clasifica-a-octavos-con-nota-alta\/","og_locale":"es_ES","og_type":"article","og_title":"Bol\u00edvar clasifica a octavos con nota alta - El Diario - Bolivia","og_description":"Bol\u00edvar pas\u00f3 &#8211; con una calificaci\u00f3n sobresaliente de 12 puntos y con un partido por jugar a\u00fan- a los octavos de final de la Copa Libertadores CONMEBOL despu\u00e9s de haber conseguido una victoria indiscutible frente a \u00a0Cerro Porte\u00f1o de Paraguay, anoche, en estadio \u201cHernando Siles\u201d de La Paz, con dos goles \u00a0anotados Gabriel Villamil y [&hellip;]","og_url":"https:\/\/www.eldiario.net\/portal\/2023\/06\/07\/bolivar-clasifica-a-octavos-con-nota-alta\/","og_site_name":"El Diario - Bolivia","article_publisher":"https:\/\/www.facebook.com\/eldiario.bolivia\/","article_published_time":"2023-06-07T10:33:55+00:00","og_image":[{"width":1600,"height":1067,"url":"https:\/\/www.eldiario.net\/portal\/wp-content\/uploads\/2023\/06\/GOL-DE-BOLIVAR.jpg","type":"image\/jpeg"}],"author":"Jeanette","twitter_card":"summary_large_image","twitter_creator":"@eldiario_net","twitter_site":"@eldiario_net","twitter_misc":{"Escrito por":"Jeanette","Tiempo de lectura":"3 minutos"},"schema":{"@context":"https:\/\/schema.org","@graph":[{"@type":"Article","@id":"https:\/\/www.eldiario.net\/portal\/2023\/06\/07\/bolivar-clasifica-a-octavos-con-nota-alta\/#article","isPartOf":{"@id":"https:\/\/www.eldiario.net\/portal\/2023\/06\/07\/bolivar-clasifica-a-octavos-con-nota-alta\/"},"author":{"name":"Jeanette","@id":"https:\/\/www.eldiario.net\/portal\/#\/schema\/person\/f46445640444750d7d753ccd04ae01b7"},"headline":"Bol\u00edvar clasifica a octavos con nota alta","datePublished":"2023-06-07T10:33:55+00:00","mainEntityOfPage":{"@id":"https:\/\/www.eldiario.net\/portal\/2023\/06\/07\/bolivar-clasifica-a-octavos-con-nota-alta\/"},"wordCount":595,"publisher":{"@id":"https:\/\/www.eldiario.net\/portal\/#organization"},"image":{"@id":"https:\/\/www.eldiario.net\/portal\/2023\/06\/07\/bolivar-clasifica-a-octavos-con-nota-alta\/#primaryimage"},"thumbnailUrl":"https:\/\/www.eldiario.net\/portal\/wp-content\/uploads\/2023\/06\/GOL-DE-BOLIVAR.jpg","articleSection":["Deportes"],"inLanguage":"es"},{"@type":"WebPage","@id":"https:\/\/www.eldiario.net\/portal\/2023\/06\/07\/bolivar-clasifica-a-octavos-con-nota-alta\/","url":"https:\/\/www.eldiario.net\/portal\/2023\/06\/07\/bolivar-clasifica-a-octavos-con-nota-alta\/","name":"Bol\u00edvar clasifica a octavos con nota alta - El Diario - Bolivia","isPartOf":{"@id":"https:\/\/www.eldiario.net\/portal\/#website"},"primaryImageOfPage":{"@id":"https:\/\/www.eldiario.net\/portal\/2023\/06\/07\/bolivar-clasifica-a-octavos-con-nota-alta\/#primaryimage"},"image":{"@id":"https:\/\/www.eldiario.net\/portal\/2023\/06\/07\/bolivar-clasifica-a-octavos-con-nota-alta\/#primaryimage"},"thumbnailUrl":"https:\/\/www.eldiario.net\/portal\/wp-content\/uploads\/2023\/06\/GOL-DE-BOLIVAR.jpg","datePublished":"2023-06-07T10:33:55+00:00","breadcrumb":{"@id":"https:\/\/www.eldiario.net\/portal\/2023\/06\/07\/bolivar-clasifica-a-octavos-con-nota-alta\/#breadcrumb"},"inLanguage":"es","potentialAction":[{"@type":"ReadAction","target":["https:\/\/www.eldiario.net\/portal\/2023\/06\/07\/bolivar-clasifica-a-octavos-con-nota-alta\/"]}]},{"@type":"ImageObject","inLanguage":"es","@id":"https:\/\/www.eldiario.net\/portal\/2023\/06\/07\/bolivar-clasifica-a-octavos-con-nota-alta\/#primaryimage","url":"https:\/\/www.eldiario.net\/portal\/wp-content\/uploads\/2023\/06\/GOL-DE-BOLIVAR.jpg","contentUrl":"https:\/\/www.eldiario.net\/portal\/wp-content\/uploads\/2023\/06\/GOL-DE-BOLIVAR.jpg","width":1600,"height":1067},{"@type":"BreadcrumbList","@id":"https:\/\/www.eldiario.net\/portal\/2023\/06\/07\/bolivar-clasifica-a-octavos-con-nota-alta\/#breadcrumb","itemListElement":[{"@type":"ListItem","position":1,"name":"Portada","item":"https:\/\/www.eldiario.net\/portal\/"},{"@type":"ListItem","position":2,"name":"Bol\u00edvar clasifica a octavos con nota alta"}]},{"@type":"WebSite","@id":"https:\/\/www.eldiario.net\/portal\/#website","url":"https:\/\/www.eldiario.net\/portal\/","name":"El Diario - Decano de la prensa nacional","description":"El Diario - Decano de la prensa nacional","publisher":{"@id":"https:\/\/www.eldiario.net\/portal\/#organization"},"potentialAction":[{"@type":"SearchAction","target":{"@type":"EntryPoint","urlTemplate":"https:\/\/www.eldiario.net\/portal\/?s={search_term_string}"},"query-input":{"@type":"PropertyValueSpecification","valueRequired":true,"valueName":"search_term_string"}}],"inLanguage":"es"},{"@type":"Organization","@id":"https:\/\/www.eldiario.net\/portal\/#organization","name":"El Diario - Decano de la prensa nacional","url":"https:\/\/www.eldiario.net\/portal\/","logo":{"@type":"ImageObject","inLanguage":"es","@id":"https:\/\/www.eldiario.net\/portal\/#\/schema\/logo\/image\/","url":"https:\/\/www.eldiario.net\/portal\/wp-content\/uploads\/2023\/07\/logo_ED.jpg","contentUrl":"https:\/\/www.eldiario.net\/portal\/wp-content\/uploads\/2023\/07\/logo_ED.jpg","width":272,"height":52,"caption":"El Diario - Decano de la prensa nacional"},"image":{"@id":"https:\/\/www.eldiario.net\/portal\/#\/schema\/logo\/image\/"},"sameAs":["https:\/\/www.facebook.com\/eldiario.bolivia\/","https:\/\/x.com\/eldiario_net"]},{"@type":"Person","@id":"https:\/\/www.eldiario.net\/portal\/#\/schema\/person\/f46445640444750d7d753ccd04ae01b7","name":"Jeanette","image":{"@type":"ImageObject","inLanguage":"es","@id":"https:\/\/secure.gravatar.com\/avatar\/3ea2118a5f7dad2b7138b1187a6b7ee55f160b9968b66013c3a3ef39dd7e5798?s=96&d=mm&r=g","url":"https:\/\/secure.gravatar.com\/avatar\/3ea2118a5f7dad2b7138b1187a6b7ee55f160b9968b66013c3a3ef39dd7e5798?s=96&d=mm&r=g","contentUrl":"https:\/\/secure.gravatar.com\/avatar\/3ea2118a5f7dad2b7138b1187a6b7ee55f160b9968b66013c3a3ef39dd7e5798?s=96&d=mm&r=g","caption":"Jeanette"},"sameAs":["https:\/\/www.eldiario.net\/portal"],"url":"https:\/\/www.eldiario.net\/portal\/author\/jeanette\/"}]}},"_links":{"self":[{"href":"https:\/\/www.eldiario.net\/portal\/wp-json\/wp\/v2\/posts\/158672","targetHints":{"allow":["GET"]}}],"collection":[{"href":"https:\/\/www.eldiario.net\/portal\/wp-json\/wp\/v2\/posts"}],"about":[{"href":"https:\/\/www.eldiario.net\/portal\/wp-json\/wp\/v2\/types\/post"}],"author":[{"embeddable":true,"href":"https:\/\/www.eldiario.net\/portal\/wp-json\/wp\/v2\/users\/1"}],"replies":[{"embeddable":true,"href":"https:\/\/www.eldiario.net\/portal\/wp-json\/wp\/v2\/comments?post=158672"}],"version-history":[{"count":0,"href":"https:\/\/www.eldiario.net\/portal\/wp-json\/wp\/v2\/posts\/158672\/revisions"}],"wp:featuredmedia":[{"embeddable":true,"href":"https:\/\/www.eldiario.net\/portal\/wp-json\/wp\/v2\/media\/158675"}],"wp:attachment":[{"href":"https:\/\/www.eldiario.net\/portal\/wp-json\/wp\/v2\/media?parent=158672"}],"wp:term":[{"taxonomy":"category","embeddable":true,"href":"https:\/\/www.eldiario.net\/portal\/wp-json\/wp\/v2\/categories?post=158672"},{"taxonomy":"post_tag","embeddable":true,"href":"https:\/\/www.eldiario.net\/portal\/wp-json\/wp\/v2\/tags?post=158672"}],"curies":[{"name":"wp","href":"https:\/\/api.w.org\/{rel}","templated":true}]}}