{"id":158669,"date":"2023-06-07T06:31:41","date_gmt":"2023-06-07T10:31:41","guid":{"rendered":"https:\/\/www.eldiario.net\/portal\/?p=158669"},"modified":"2023-06-07T06:31:41","modified_gmt":"2023-06-07T10:31:41","slug":"ganarsi-o-si","status":"publish","type":"post","link":"https:\/\/www.eldiario.net\/portal\/2023\/06\/07\/ganarsi-o-si\/","title":{"rendered":"GANAR,&#8217;S\u00ed O S\u00cd&#8217;"},"content":{"rendered":"<p>The Strongest tiene la consigna de ganar \u00abs\u00ed o s\u00ed\u00bb esta noche, desde horas 22:00 frente al elenco peruano de Sporting Cristal, por el Grupo \u00abD\u00bb de la Copa Libertadores.<br \/>\nEl \u00abatigrado\u00bb boliviano tambi\u00e9n est\u00e1 sujeto a lo que ocurra dos horas antes de su compromiso, en Argentina entre los elencos de River Plate y Fluminense. En caso que el local tenga un tropiezo, la victoria local llevar\u00eda a los stronguistas a octavos de final del campeonato internacional, ocupando el tercer puesto del grupo.<br \/>\nCon la esperanza intacta, el t\u00e9cnico Claudio Baggio continu\u00f3 con los entrenamientos durante toda la semana, en Achumani.<br \/>\nFueron delineados aspectos t\u00e9cnicos y t\u00e1cticos, sin que haya ning\u00fan movimiento fundamental en el plantel titular que por el momento es l\u00edder absoluto en el campeonato local.<br \/>\n\u201cQue nos vengan a apoyar porque el Tigre lo dar\u00e1 todo. A veces la gente se ilusiona con que el equipo va a golear, pero lo dar\u00e1 todo en el terreno de juego\u201c, anunci\u00f3 el entrenador Claudio Biaggio.<br \/>\nSeg\u00fan declar\u00f3 el DT nacional, lo ideal es pensar primero en Sporting Cristal y luego ver qu\u00e9 pasa en el partido River &#8211; Fluminense.<br \/>\n\u00abEllos saben c\u00f3mo jugar en la altura, ganaron todos los juegos en altitud en Per\u00fa, es un equipo complicado, pero estamos convencidos de lo que queremos\u201d, sostuvo Biaggio.<br \/>\nAunque es un \u00absecreto a voces\u00bb que el equipo que presentar\u00e1 The Strongest no variar\u00e1 mucho con relaci\u00f3n al de los \u00faltimos partidos: Viscarra, Torres, Castillo, Jusino, Roca, Ursino, Quiroga, Chura (o Arrascaita), Ortega, Sotomayor y Triverio, para el encuentro de esta noche, la duda est\u00e1 entre Chura o Arrascaita para cubrir la banda derecha del mediocampo.<br \/>\n\u00abMis jugadores est\u00e1n haciendo un gran campeonato, nosotros creemos que es un partido sumamente importante pero no nos da la clasificaci\u00f3n porque dependemos de otro resultado. Si vamos a buscar hacernos fuertes de local y conseguir los nueve puntos en La Paz, para nosotros es un partido clave y pensamos en sumar de a tres, el rival tambi\u00e9n viene con lo mismo no va a ser f\u00e1cil, nadie nos va a regalar nada pero nosotros tampoco se la haremos f\u00e1cil a ellos\u00bb, agreg\u00f3 Biaggio, en conferencia de prensa.<br \/>\nEn tanto, el equipo permanece concentrado esperando la hora del compromiso.<br \/>\nSPORTING CRISTAL<br \/>\nEn tanto, el representativo de Sporting Cristal, ayer anunci\u00f3 por redes sociales que tom\u00f3 un avi\u00f3n con destino a nuestro territorio para partido de esta noche.<br \/>\nEl plantel de Tiago Nunes lleg\u00f3 con la ilusi\u00f3n de sumar tres puntos, victoria que lo mantendr\u00eda con vida para clasificar a octavos de final.<br \/>\nEl probable equipo que presentar\u00e1n los peruanos es el siguiente: Soliz, Lora, Da Silva, Ch\u00e1vez, D\u00edaz, Yot\u00fan, Pretell, Castillo, Grimaldo, Hohnberg y Marlos.<br \/>\nLa idea de Sporting Cristal es llegar temprano a esta ciudad para \u201cadaptarse al clima y la altura\u201d porque el partido frente a The Strongest es considerado \u201cuna final\u201d.<\/p>\n<p><strong> Ghilka Sanabria<\/strong><\/p>\n","protected":false},"excerpt":{"rendered":"<p>The Strongest tiene la consigna de ganar \u00abs\u00ed o s\u00ed\u00bb esta noche, desde horas 22:00 frente al elenco peruano de Sporting Cristal, por el Grupo \u00abD\u00bb de la Copa Libertadores. El \u00abatigrado\u00bb boliviano tambi\u00e9n est\u00e1 sujeto a lo que ocurra dos horas antes de su compromiso, en Argentina entre los elencos de River Plate y [&hellip;]<\/p>\n","protected":false},"author":1,"featured_media":158670,"comment_status":"closed","ping_status":"closed","sticky":false,"template":"","format":"standard","meta":{"_acf_changed":false,"footnotes":""},"categories":[6],"tags":[],"class_list":["post-158669","post","type-post","status-publish","format-standard","has-post-thumbnail","category-deportes"],"acf":{"antetitulo":""},"yoast_head":"<!-- This site is optimized with the Yoast SEO plugin v28.4 - https:\/\/yoast.com\/product\/yoast-seo-wordpress\/ -->\n<title>GANAR,&#039;S\u00ed O S\u00cd&#039; - El Diario - Bolivia<\/title>\n<meta name=\"robots\" content=\"index, follow, max-snippet:-1, max-image-preview:large, max-video-preview:-1\" \/>\n<link rel=\"canonical\" href=\"https:\/\/www.eldiario.net\/portal\/2023\/06\/07\/ganarsi-o-si\/\" \/>\n<meta property=\"og:locale\" content=\"es_ES\" \/>\n<meta property=\"og:type\" content=\"article\" \/>\n<meta property=\"og:title\" content=\"GANAR,&#039;S\u00ed O S\u00cd&#039; - El Diario - Bolivia\" \/>\n<meta property=\"og:description\" content=\"The Strongest tiene la consigna de ganar \u00abs\u00ed o s\u00ed\u00bb esta noche, desde horas 22:00 frente al elenco peruano de Sporting Cristal, por el Grupo \u00abD\u00bb de la Copa Libertadores. El \u00abatigrado\u00bb boliviano tambi\u00e9n est\u00e1 sujeto a lo que ocurra dos horas antes de su compromiso, en Argentina entre los elencos de River Plate y [&hellip;]\" \/>\n<meta property=\"og:url\" content=\"https:\/\/www.eldiario.net\/portal\/2023\/06\/07\/ganarsi-o-si\/\" \/>\n<meta property=\"og:site_name\" content=\"El Diario - Bolivia\" \/>\n<meta property=\"article:publisher\" content=\"https:\/\/www.facebook.com\/eldiario.bolivia\/\" \/>\n<meta property=\"article:published_time\" content=\"2023-06-07T10:31:41+00:00\" \/>\n<meta property=\"og:image\" content=\"https:\/\/www.eldiario.net\/portal\/wp-content\/uploads\/2023\/06\/FOTO-70-1.jpg\" \/>\n\t<meta property=\"og:image:width\" content=\"1000\" \/>\n\t<meta property=\"og:image:height\" content=\"704\" \/>\n\t<meta property=\"og:image:type\" content=\"image\/jpeg\" \/>\n<meta name=\"author\" content=\"Jeanette\" \/>\n<meta name=\"twitter:card\" content=\"summary_large_image\" \/>\n<meta name=\"twitter:creator\" content=\"@eldiario_net\" \/>\n<meta name=\"twitter:site\" content=\"@eldiario_net\" \/>\n<meta name=\"twitter:label1\" content=\"Escrito por\" \/>\n\t<meta name=\"twitter:data1\" content=\"Jeanette\" \/>\n\t<meta name=\"twitter:label2\" content=\"Tiempo de lectura\" \/>\n\t<meta name=\"twitter:data2\" content=\"3 minutos\" \/>\n<script type=\"application\/ld+json\" class=\"yoast-schema-graph\">{\"@context\":\"https:\\\/\\\/schema.org\",\"@graph\":[{\"@type\":\"Article\",\"@id\":\"https:\\\/\\\/www.eldiario.net\\\/portal\\\/2023\\\/06\\\/07\\\/ganarsi-o-si\\\/#article\",\"isPartOf\":{\"@id\":\"https:\\\/\\\/www.eldiario.net\\\/portal\\\/2023\\\/06\\\/07\\\/ganarsi-o-si\\\/\"},\"author\":{\"name\":\"Jeanette\",\"@id\":\"https:\\\/\\\/www.eldiario.net\\\/portal\\\/#\\\/schema\\\/person\\\/f46445640444750d7d753ccd04ae01b7\"},\"headline\":\"GANAR,&#8217;S\u00ed O S\u00cd&#8217;\",\"datePublished\":\"2023-06-07T10:31:41+00:00\",\"mainEntityOfPage\":{\"@id\":\"https:\\\/\\\/www.eldiario.net\\\/portal\\\/2023\\\/06\\\/07\\\/ganarsi-o-si\\\/\"},\"wordCount\":507,\"publisher\":{\"@id\":\"https:\\\/\\\/www.eldiario.net\\\/portal\\\/#organization\"},\"image\":{\"@id\":\"https:\\\/\\\/www.eldiario.net\\\/portal\\\/2023\\\/06\\\/07\\\/ganarsi-o-si\\\/#primaryimage\"},\"thumbnailUrl\":\"https:\\\/\\\/www.eldiario.net\\\/portal\\\/wp-content\\\/uploads\\\/2023\\\/06\\\/FOTO-70-1.jpg\",\"articleSection\":[\"Deportes\"],\"inLanguage\":\"es\"},{\"@type\":\"WebPage\",\"@id\":\"https:\\\/\\\/www.eldiario.net\\\/portal\\\/2023\\\/06\\\/07\\\/ganarsi-o-si\\\/\",\"url\":\"https:\\\/\\\/www.eldiario.net\\\/portal\\\/2023\\\/06\\\/07\\\/ganarsi-o-si\\\/\",\"name\":\"GANAR,'S\u00ed O S\u00cd' - El Diario - Bolivia\",\"isPartOf\":{\"@id\":\"https:\\\/\\\/www.eldiario.net\\\/portal\\\/#website\"},\"primaryImageOfPage\":{\"@id\":\"https:\\\/\\\/www.eldiario.net\\\/portal\\\/2023\\\/06\\\/07\\\/ganarsi-o-si\\\/#primaryimage\"},\"image\":{\"@id\":\"https:\\\/\\\/www.eldiario.net\\\/portal\\\/2023\\\/06\\\/07\\\/ganarsi-o-si\\\/#primaryimage\"},\"thumbnailUrl\":\"https:\\\/\\\/www.eldiario.net\\\/portal\\\/wp-content\\\/uploads\\\/2023\\\/06\\\/FOTO-70-1.jpg\",\"datePublished\":\"2023-06-07T10:31:41+00:00\",\"breadcrumb\":{\"@id\":\"https:\\\/\\\/www.eldiario.net\\\/portal\\\/2023\\\/06\\\/07\\\/ganarsi-o-si\\\/#breadcrumb\"},\"inLanguage\":\"es\",\"potentialAction\":[{\"@type\":\"ReadAction\",\"target\":[\"https:\\\/\\\/www.eldiario.net\\\/portal\\\/2023\\\/06\\\/07\\\/ganarsi-o-si\\\/\"]}]},{\"@type\":\"ImageObject\",\"inLanguage\":\"es\",\"@id\":\"https:\\\/\\\/www.eldiario.net\\\/portal\\\/2023\\\/06\\\/07\\\/ganarsi-o-si\\\/#primaryimage\",\"url\":\"https:\\\/\\\/www.eldiario.net\\\/portal\\\/wp-content\\\/uploads\\\/2023\\\/06\\\/FOTO-70-1.jpg\",\"contentUrl\":\"https:\\\/\\\/www.eldiario.net\\\/portal\\\/wp-content\\\/uploads\\\/2023\\\/06\\\/FOTO-70-1.jpg\",\"width\":1000,\"height\":704},{\"@type\":\"BreadcrumbList\",\"@id\":\"https:\\\/\\\/www.eldiario.net\\\/portal\\\/2023\\\/06\\\/07\\\/ganarsi-o-si\\\/#breadcrumb\",\"itemListElement\":[{\"@type\":\"ListItem\",\"position\":1,\"name\":\"Portada\",\"item\":\"https:\\\/\\\/www.eldiario.net\\\/portal\\\/\"},{\"@type\":\"ListItem\",\"position\":2,\"name\":\"GANAR,&#8217;S\u00ed O S\u00cd&#8217;\"}]},{\"@type\":\"WebSite\",\"@id\":\"https:\\\/\\\/www.eldiario.net\\\/portal\\\/#website\",\"url\":\"https:\\\/\\\/www.eldiario.net\\\/portal\\\/\",\"name\":\"El Diario - Decano de la prensa nacional\",\"description\":\"El Diario - Decano de la prensa nacional\",\"publisher\":{\"@id\":\"https:\\\/\\\/www.eldiario.net\\\/portal\\\/#organization\"},\"potentialAction\":[{\"@type\":\"SearchAction\",\"target\":{\"@type\":\"EntryPoint\",\"urlTemplate\":\"https:\\\/\\\/www.eldiario.net\\\/portal\\\/?s={search_term_string}\"},\"query-input\":{\"@type\":\"PropertyValueSpecification\",\"valueRequired\":true,\"valueName\":\"search_term_string\"}}],\"inLanguage\":\"es\"},{\"@type\":\"Organization\",\"@id\":\"https:\\\/\\\/www.eldiario.net\\\/portal\\\/#organization\",\"name\":\"El Diario - Decano de la prensa nacional\",\"url\":\"https:\\\/\\\/www.eldiario.net\\\/portal\\\/\",\"logo\":{\"@type\":\"ImageObject\",\"inLanguage\":\"es\",\"@id\":\"https:\\\/\\\/www.eldiario.net\\\/portal\\\/#\\\/schema\\\/logo\\\/image\\\/\",\"url\":\"https:\\\/\\\/www.eldiario.net\\\/portal\\\/wp-content\\\/uploads\\\/2023\\\/07\\\/logo_ED.jpg\",\"contentUrl\":\"https:\\\/\\\/www.eldiario.net\\\/portal\\\/wp-content\\\/uploads\\\/2023\\\/07\\\/logo_ED.jpg\",\"width\":272,\"height\":52,\"caption\":\"El Diario - Decano de la prensa nacional\"},\"image\":{\"@id\":\"https:\\\/\\\/www.eldiario.net\\\/portal\\\/#\\\/schema\\\/logo\\\/image\\\/\"},\"sameAs\":[\"https:\\\/\\\/www.facebook.com\\\/eldiario.bolivia\\\/\",\"https:\\\/\\\/x.com\\\/eldiario_net\"]},{\"@type\":\"Person\",\"@id\":\"https:\\\/\\\/www.eldiario.net\\\/portal\\\/#\\\/schema\\\/person\\\/f46445640444750d7d753ccd04ae01b7\",\"name\":\"Jeanette\",\"image\":{\"@type\":\"ImageObject\",\"inLanguage\":\"es\",\"@id\":\"https:\\\/\\\/secure.gravatar.com\\\/avatar\\\/3ea2118a5f7dad2b7138b1187a6b7ee55f160b9968b66013c3a3ef39dd7e5798?s=96&d=mm&r=g\",\"url\":\"https:\\\/\\\/secure.gravatar.com\\\/avatar\\\/3ea2118a5f7dad2b7138b1187a6b7ee55f160b9968b66013c3a3ef39dd7e5798?s=96&d=mm&r=g\",\"contentUrl\":\"https:\\\/\\\/secure.gravatar.com\\\/avatar\\\/3ea2118a5f7dad2b7138b1187a6b7ee55f160b9968b66013c3a3ef39dd7e5798?s=96&d=mm&r=g\",\"caption\":\"Jeanette\"},\"sameAs\":[\"https:\\\/\\\/www.eldiario.net\\\/portal\"],\"url\":\"https:\\\/\\\/www.eldiario.net\\\/portal\\\/author\\\/jeanette\\\/\"}]}<\/script>\n<!-- \/ Yoast SEO plugin. -->","yoast_head_json":{"title":"GANAR,'S\u00ed O S\u00cd' - El Diario - Bolivia","robots":{"index":"index","follow":"follow","max-snippet":"max-snippet:-1","max-image-preview":"max-image-preview:large","max-video-preview":"max-video-preview:-1"},"canonical":"https:\/\/www.eldiario.net\/portal\/2023\/06\/07\/ganarsi-o-si\/","og_locale":"es_ES","og_type":"article","og_title":"GANAR,'S\u00ed O S\u00cd' - El Diario - Bolivia","og_description":"The Strongest tiene la consigna de ganar \u00abs\u00ed o s\u00ed\u00bb esta noche, desde horas 22:00 frente al elenco peruano de Sporting Cristal, por el Grupo \u00abD\u00bb de la Copa Libertadores. El \u00abatigrado\u00bb boliviano tambi\u00e9n est\u00e1 sujeto a lo que ocurra dos horas antes de su compromiso, en Argentina entre los elencos de River Plate y [&hellip;]","og_url":"https:\/\/www.eldiario.net\/portal\/2023\/06\/07\/ganarsi-o-si\/","og_site_name":"El Diario - Bolivia","article_publisher":"https:\/\/www.facebook.com\/eldiario.bolivia\/","article_published_time":"2023-06-07T10:31:41+00:00","og_image":[{"width":1000,"height":704,"url":"https:\/\/www.eldiario.net\/portal\/wp-content\/uploads\/2023\/06\/FOTO-70-1.jpg","type":"image\/jpeg"}],"author":"Jeanette","twitter_card":"summary_large_image","twitter_creator":"@eldiario_net","twitter_site":"@eldiario_net","twitter_misc":{"Escrito por":"Jeanette","Tiempo de lectura":"3 minutos"},"schema":{"@context":"https:\/\/schema.org","@graph":[{"@type":"Article","@id":"https:\/\/www.eldiario.net\/portal\/2023\/06\/07\/ganarsi-o-si\/#article","isPartOf":{"@id":"https:\/\/www.eldiario.net\/portal\/2023\/06\/07\/ganarsi-o-si\/"},"author":{"name":"Jeanette","@id":"https:\/\/www.eldiario.net\/portal\/#\/schema\/person\/f46445640444750d7d753ccd04ae01b7"},"headline":"GANAR,&#8217;S\u00ed O S\u00cd&#8217;","datePublished":"2023-06-07T10:31:41+00:00","mainEntityOfPage":{"@id":"https:\/\/www.eldiario.net\/portal\/2023\/06\/07\/ganarsi-o-si\/"},"wordCount":507,"publisher":{"@id":"https:\/\/www.eldiario.net\/portal\/#organization"},"image":{"@id":"https:\/\/www.eldiario.net\/portal\/2023\/06\/07\/ganarsi-o-si\/#primaryimage"},"thumbnailUrl":"https:\/\/www.eldiario.net\/portal\/wp-content\/uploads\/2023\/06\/FOTO-70-1.jpg","articleSection":["Deportes"],"inLanguage":"es"},{"@type":"WebPage","@id":"https:\/\/www.eldiario.net\/portal\/2023\/06\/07\/ganarsi-o-si\/","url":"https:\/\/www.eldiario.net\/portal\/2023\/06\/07\/ganarsi-o-si\/","name":"GANAR,'S\u00ed O S\u00cd' - El Diario - Bolivia","isPartOf":{"@id":"https:\/\/www.eldiario.net\/portal\/#website"},"primaryImageOfPage":{"@id":"https:\/\/www.eldiario.net\/portal\/2023\/06\/07\/ganarsi-o-si\/#primaryimage"},"image":{"@id":"https:\/\/www.eldiario.net\/portal\/2023\/06\/07\/ganarsi-o-si\/#primaryimage"},"thumbnailUrl":"https:\/\/www.eldiario.net\/portal\/wp-content\/uploads\/2023\/06\/FOTO-70-1.jpg","datePublished":"2023-06-07T10:31:41+00:00","breadcrumb":{"@id":"https:\/\/www.eldiario.net\/portal\/2023\/06\/07\/ganarsi-o-si\/#breadcrumb"},"inLanguage":"es","potentialAction":[{"@type":"ReadAction","target":["https:\/\/www.eldiario.net\/portal\/2023\/06\/07\/ganarsi-o-si\/"]}]},{"@type":"ImageObject","inLanguage":"es","@id":"https:\/\/www.eldiario.net\/portal\/2023\/06\/07\/ganarsi-o-si\/#primaryimage","url":"https:\/\/www.eldiario.net\/portal\/wp-content\/uploads\/2023\/06\/FOTO-70-1.jpg","contentUrl":"https:\/\/www.eldiario.net\/portal\/wp-content\/uploads\/2023\/06\/FOTO-70-1.jpg","width":1000,"height":704},{"@type":"BreadcrumbList","@id":"https:\/\/www.eldiario.net\/portal\/2023\/06\/07\/ganarsi-o-si\/#breadcrumb","itemListElement":[{"@type":"ListItem","position":1,"name":"Portada","item":"https:\/\/www.eldiario.net\/portal\/"},{"@type":"ListItem","position":2,"name":"GANAR,&#8217;S\u00ed O S\u00cd&#8217;"}]},{"@type":"WebSite","@id":"https:\/\/www.eldiario.net\/portal\/#website","url":"https:\/\/www.eldiario.net\/portal\/","name":"El Diario - Decano de la prensa nacional","description":"El Diario - Decano de la prensa nacional","publisher":{"@id":"https:\/\/www.eldiario.net\/portal\/#organization"},"potentialAction":[{"@type":"SearchAction","target":{"@type":"EntryPoint","urlTemplate":"https:\/\/www.eldiario.net\/portal\/?s={search_term_string}"},"query-input":{"@type":"PropertyValueSpecification","valueRequired":true,"valueName":"search_term_string"}}],"inLanguage":"es"},{"@type":"Organization","@id":"https:\/\/www.eldiario.net\/portal\/#organization","name":"El Diario - Decano de la prensa nacional","url":"https:\/\/www.eldiario.net\/portal\/","logo":{"@type":"ImageObject","inLanguage":"es","@id":"https:\/\/www.eldiario.net\/portal\/#\/schema\/logo\/image\/","url":"https:\/\/www.eldiario.net\/portal\/wp-content\/uploads\/2023\/07\/logo_ED.jpg","contentUrl":"https:\/\/www.eldiario.net\/portal\/wp-content\/uploads\/2023\/07\/logo_ED.jpg","width":272,"height":52,"caption":"El Diario - Decano de la prensa nacional"},"image":{"@id":"https:\/\/www.eldiario.net\/portal\/#\/schema\/logo\/image\/"},"sameAs":["https:\/\/www.facebook.com\/eldiario.bolivia\/","https:\/\/x.com\/eldiario_net"]},{"@type":"Person","@id":"https:\/\/www.eldiario.net\/portal\/#\/schema\/person\/f46445640444750d7d753ccd04ae01b7","name":"Jeanette","image":{"@type":"ImageObject","inLanguage":"es","@id":"https:\/\/secure.gravatar.com\/avatar\/3ea2118a5f7dad2b7138b1187a6b7ee55f160b9968b66013c3a3ef39dd7e5798?s=96&d=mm&r=g","url":"https:\/\/secure.gravatar.com\/avatar\/3ea2118a5f7dad2b7138b1187a6b7ee55f160b9968b66013c3a3ef39dd7e5798?s=96&d=mm&r=g","contentUrl":"https:\/\/secure.gravatar.com\/avatar\/3ea2118a5f7dad2b7138b1187a6b7ee55f160b9968b66013c3a3ef39dd7e5798?s=96&d=mm&r=g","caption":"Jeanette"},"sameAs":["https:\/\/www.eldiario.net\/portal"],"url":"https:\/\/www.eldiario.net\/portal\/author\/jeanette\/"}]}},"_links":{"self":[{"href":"https:\/\/www.eldiario.net\/portal\/wp-json\/wp\/v2\/posts\/158669","targetHints":{"allow":["GET"]}}],"collection":[{"href":"https:\/\/www.eldiario.net\/portal\/wp-json\/wp\/v2\/posts"}],"about":[{"href":"https:\/\/www.eldiario.net\/portal\/wp-json\/wp\/v2\/types\/post"}],"author":[{"embeddable":true,"href":"https:\/\/www.eldiario.net\/portal\/wp-json\/wp\/v2\/users\/1"}],"replies":[{"embeddable":true,"href":"https:\/\/www.eldiario.net\/portal\/wp-json\/wp\/v2\/comments?post=158669"}],"version-history":[{"count":0,"href":"https:\/\/www.eldiario.net\/portal\/wp-json\/wp\/v2\/posts\/158669\/revisions"}],"wp:featuredmedia":[{"embeddable":true,"href":"https:\/\/www.eldiario.net\/portal\/wp-json\/wp\/v2\/media\/158670"}],"wp:attachment":[{"href":"https:\/\/www.eldiario.net\/portal\/wp-json\/wp\/v2\/media?parent=158669"}],"wp:term":[{"taxonomy":"category","embeddable":true,"href":"https:\/\/www.eldiario.net\/portal\/wp-json\/wp\/v2\/categories?post=158669"},{"taxonomy":"post_tag","embeddable":true,"href":"https:\/\/www.eldiario.net\/portal\/wp-json\/wp\/v2\/tags?post=158669"}],"curies":[{"name":"wp","href":"https:\/\/api.w.org\/{rel}","templated":true}]}}