{"id":158663,"date":"2023-06-07T06:29:42","date_gmt":"2023-06-07T10:29:42","guid":{"rendered":"https:\/\/www.eldiario.net\/portal\/?p=158663"},"modified":"2023-06-07T06:29:42","modified_gmt":"2023-06-07T10:29:42","slug":"binomio-arce-y-t-selecto-en-la-copa-fei-challenge","status":"publish","type":"post","link":"https:\/\/www.eldiario.net\/portal\/2023\/06\/07\/binomio-arce-y-t-selecto-en-la-copa-fei-challenge\/","title":{"rendered":"Binomio Arce y T-Selecto  en la Copa FEI Challenge"},"content":{"rendered":"<p>&nbsp;<\/p>\n<p>El binomio cochabambino de Andrea Arce y su caballo T-Selecto se impuso en la categor\u00eda Senior II de la Copa FEI de Adiestramiento World Challenge que se llev\u00f3 adelante este martes en el picadero del Country Club Cochabamba.<br \/>\nUn total de 30 jinetes y amazonas fueron parte de esta competencia que cont\u00f3 con la presencia de cuatro jueces, uno de ellos de car\u00e1cter internacional, el chileno Max Piraino.<br \/>\nEl adiestramiento consiste en ejecutar figuras, c\u00edrculos, movimientos laterales, transiciones con el caballo. Es una armon\u00eda entre el jinete y el caballo y cada figura tiene una nota del cero al 10.<br \/>\nLa competencia consiste en tablas de figuras del 1 al 19 y el tiempo de participaci\u00f3n oscila entre los cinco y 10 minutos.<br \/>\nLos jueces calificaron el uso de las ayudas (las \u00f3rdenes al equino) y tambi\u00e9n vieron los movimientos de los caballos. La Copa FEI Challenge es a nivel mundial. Cada pa\u00eds realiza las mismas pruebas con id\u00e9nticos recorridos para luego ser comparados primero en los grupos regionales y despu\u00e9s a nivel global.<br \/>\nBolivia se encuentra en el Grupo 3 con: Ecuador, Venezuela, Panam\u00e1, El Salvador y Honduras. (DEP. EC.)<\/p>\n","protected":false},"excerpt":{"rendered":"<p>&nbsp; El binomio cochabambino de Andrea Arce y su caballo T-Selecto se impuso en la categor\u00eda Senior II de la Copa FEI de Adiestramiento World Challenge que se llev\u00f3 adelante este martes en el picadero del Country Club Cochabamba. Un total de 30 jinetes y amazonas fueron parte de esta competencia que cont\u00f3 con la [&hellip;]<\/p>\n","protected":false},"author":1,"featured_media":158664,"comment_status":"closed","ping_status":"closed","sticky":false,"template":"","format":"standard","meta":{"_acf_changed":false,"footnotes":""},"categories":[6],"tags":[],"class_list":["post-158663","post","type-post","status-publish","format-standard","has-post-thumbnail","category-deportes"],"acf":{"antetitulo":""},"yoast_head":"<!-- This site is optimized with the Yoast SEO plugin v28.4 - https:\/\/yoast.com\/product\/yoast-seo-wordpress\/ -->\n<title>Binomio Arce y T-Selecto en la Copa FEI Challenge - El Diario - Bolivia<\/title>\n<meta name=\"robots\" content=\"index, follow, max-snippet:-1, max-image-preview:large, max-video-preview:-1\" \/>\n<link rel=\"canonical\" href=\"https:\/\/www.eldiario.net\/portal\/2023\/06\/07\/binomio-arce-y-t-selecto-en-la-copa-fei-challenge\/\" \/>\n<meta property=\"og:locale\" content=\"es_ES\" \/>\n<meta property=\"og:type\" content=\"article\" \/>\n<meta property=\"og:title\" content=\"Binomio Arce y T-Selecto en la Copa FEI Challenge - El Diario - Bolivia\" \/>\n<meta property=\"og:description\" content=\"&nbsp; El binomio cochabambino de Andrea Arce y su caballo T-Selecto se impuso en la categor\u00eda Senior II de la Copa FEI de Adiestramiento World Challenge que se llev\u00f3 adelante este martes en el picadero del Country Club Cochabamba. Un total de 30 jinetes y amazonas fueron parte de esta competencia que cont\u00f3 con la [&hellip;]\" \/>\n<meta property=\"og:url\" content=\"https:\/\/www.eldiario.net\/portal\/2023\/06\/07\/binomio-arce-y-t-selecto-en-la-copa-fei-challenge\/\" \/>\n<meta property=\"og:site_name\" content=\"El Diario - Bolivia\" \/>\n<meta property=\"article:publisher\" content=\"https:\/\/www.facebook.com\/eldiario.bolivia\/\" \/>\n<meta property=\"article:published_time\" content=\"2023-06-07T10:29:42+00:00\" \/>\n<meta property=\"og:image\" content=\"https:\/\/www.eldiario.net\/portal\/wp-content\/uploads\/2023\/06\/FOTO-72-1.jpg\" \/>\n\t<meta property=\"og:image:width\" content=\"1000\" \/>\n\t<meta property=\"og:image:height\" content=\"1333\" \/>\n\t<meta property=\"og:image:type\" content=\"image\/jpeg\" \/>\n<meta name=\"author\" content=\"Jeanette\" \/>\n<meta name=\"twitter:card\" content=\"summary_large_image\" \/>\n<meta name=\"twitter:creator\" content=\"@eldiario_net\" \/>\n<meta name=\"twitter:site\" content=\"@eldiario_net\" \/>\n<meta name=\"twitter:label1\" content=\"Escrito por\" \/>\n\t<meta name=\"twitter:data1\" content=\"Jeanette\" \/>\n\t<meta name=\"twitter:label2\" content=\"Tiempo de lectura\" \/>\n\t<meta name=\"twitter:data2\" content=\"1 minuto\" \/>\n<script type=\"application\/ld+json\" class=\"yoast-schema-graph\">{\"@context\":\"https:\\\/\\\/schema.org\",\"@graph\":[{\"@type\":\"Article\",\"@id\":\"https:\\\/\\\/www.eldiario.net\\\/portal\\\/2023\\\/06\\\/07\\\/binomio-arce-y-t-selecto-en-la-copa-fei-challenge\\\/#article\",\"isPartOf\":{\"@id\":\"https:\\\/\\\/www.eldiario.net\\\/portal\\\/2023\\\/06\\\/07\\\/binomio-arce-y-t-selecto-en-la-copa-fei-challenge\\\/\"},\"author\":{\"name\":\"Jeanette\",\"@id\":\"https:\\\/\\\/www.eldiario.net\\\/portal\\\/#\\\/schema\\\/person\\\/f46445640444750d7d753ccd04ae01b7\"},\"headline\":\"Binomio Arce y T-Selecto en la Copa FEI Challenge\",\"datePublished\":\"2023-06-07T10:29:42+00:00\",\"mainEntityOfPage\":{\"@id\":\"https:\\\/\\\/www.eldiario.net\\\/portal\\\/2023\\\/06\\\/07\\\/binomio-arce-y-t-selecto-en-la-copa-fei-challenge\\\/\"},\"wordCount\":204,\"publisher\":{\"@id\":\"https:\\\/\\\/www.eldiario.net\\\/portal\\\/#organization\"},\"image\":{\"@id\":\"https:\\\/\\\/www.eldiario.net\\\/portal\\\/2023\\\/06\\\/07\\\/binomio-arce-y-t-selecto-en-la-copa-fei-challenge\\\/#primaryimage\"},\"thumbnailUrl\":\"https:\\\/\\\/www.eldiario.net\\\/portal\\\/wp-content\\\/uploads\\\/2023\\\/06\\\/FOTO-72-1.jpg\",\"articleSection\":[\"Deportes\"],\"inLanguage\":\"es\"},{\"@type\":\"WebPage\",\"@id\":\"https:\\\/\\\/www.eldiario.net\\\/portal\\\/2023\\\/06\\\/07\\\/binomio-arce-y-t-selecto-en-la-copa-fei-challenge\\\/\",\"url\":\"https:\\\/\\\/www.eldiario.net\\\/portal\\\/2023\\\/06\\\/07\\\/binomio-arce-y-t-selecto-en-la-copa-fei-challenge\\\/\",\"name\":\"Binomio Arce y T-Selecto en la Copa FEI Challenge - El Diario - Bolivia\",\"isPartOf\":{\"@id\":\"https:\\\/\\\/www.eldiario.net\\\/portal\\\/#website\"},\"primaryImageOfPage\":{\"@id\":\"https:\\\/\\\/www.eldiario.net\\\/portal\\\/2023\\\/06\\\/07\\\/binomio-arce-y-t-selecto-en-la-copa-fei-challenge\\\/#primaryimage\"},\"image\":{\"@id\":\"https:\\\/\\\/www.eldiario.net\\\/portal\\\/2023\\\/06\\\/07\\\/binomio-arce-y-t-selecto-en-la-copa-fei-challenge\\\/#primaryimage\"},\"thumbnailUrl\":\"https:\\\/\\\/www.eldiario.net\\\/portal\\\/wp-content\\\/uploads\\\/2023\\\/06\\\/FOTO-72-1.jpg\",\"datePublished\":\"2023-06-07T10:29:42+00:00\",\"breadcrumb\":{\"@id\":\"https:\\\/\\\/www.eldiario.net\\\/portal\\\/2023\\\/06\\\/07\\\/binomio-arce-y-t-selecto-en-la-copa-fei-challenge\\\/#breadcrumb\"},\"inLanguage\":\"es\",\"potentialAction\":[{\"@type\":\"ReadAction\",\"target\":[\"https:\\\/\\\/www.eldiario.net\\\/portal\\\/2023\\\/06\\\/07\\\/binomio-arce-y-t-selecto-en-la-copa-fei-challenge\\\/\"]}]},{\"@type\":\"ImageObject\",\"inLanguage\":\"es\",\"@id\":\"https:\\\/\\\/www.eldiario.net\\\/portal\\\/2023\\\/06\\\/07\\\/binomio-arce-y-t-selecto-en-la-copa-fei-challenge\\\/#primaryimage\",\"url\":\"https:\\\/\\\/www.eldiario.net\\\/portal\\\/wp-content\\\/uploads\\\/2023\\\/06\\\/FOTO-72-1.jpg\",\"contentUrl\":\"https:\\\/\\\/www.eldiario.net\\\/portal\\\/wp-content\\\/uploads\\\/2023\\\/06\\\/FOTO-72-1.jpg\",\"width\":1000,\"height\":1333},{\"@type\":\"BreadcrumbList\",\"@id\":\"https:\\\/\\\/www.eldiario.net\\\/portal\\\/2023\\\/06\\\/07\\\/binomio-arce-y-t-selecto-en-la-copa-fei-challenge\\\/#breadcrumb\",\"itemListElement\":[{\"@type\":\"ListItem\",\"position\":1,\"name\":\"Portada\",\"item\":\"https:\\\/\\\/www.eldiario.net\\\/portal\\\/\"},{\"@type\":\"ListItem\",\"position\":2,\"name\":\"Binomio Arce y T-Selecto en la Copa FEI Challenge\"}]},{\"@type\":\"WebSite\",\"@id\":\"https:\\\/\\\/www.eldiario.net\\\/portal\\\/#website\",\"url\":\"https:\\\/\\\/www.eldiario.net\\\/portal\\\/\",\"name\":\"El Diario - Decano de la prensa nacional\",\"description\":\"El Diario - Decano de la prensa nacional\",\"publisher\":{\"@id\":\"https:\\\/\\\/www.eldiario.net\\\/portal\\\/#organization\"},\"potentialAction\":[{\"@type\":\"SearchAction\",\"target\":{\"@type\":\"EntryPoint\",\"urlTemplate\":\"https:\\\/\\\/www.eldiario.net\\\/portal\\\/?s={search_term_string}\"},\"query-input\":{\"@type\":\"PropertyValueSpecification\",\"valueRequired\":true,\"valueName\":\"search_term_string\"}}],\"inLanguage\":\"es\"},{\"@type\":\"Organization\",\"@id\":\"https:\\\/\\\/www.eldiario.net\\\/portal\\\/#organization\",\"name\":\"El Diario - Decano de la prensa nacional\",\"url\":\"https:\\\/\\\/www.eldiario.net\\\/portal\\\/\",\"logo\":{\"@type\":\"ImageObject\",\"inLanguage\":\"es\",\"@id\":\"https:\\\/\\\/www.eldiario.net\\\/portal\\\/#\\\/schema\\\/logo\\\/image\\\/\",\"url\":\"https:\\\/\\\/www.eldiario.net\\\/portal\\\/wp-content\\\/uploads\\\/2023\\\/07\\\/logo_ED.jpg\",\"contentUrl\":\"https:\\\/\\\/www.eldiario.net\\\/portal\\\/wp-content\\\/uploads\\\/2023\\\/07\\\/logo_ED.jpg\",\"width\":272,\"height\":52,\"caption\":\"El Diario - Decano de la prensa nacional\"},\"image\":{\"@id\":\"https:\\\/\\\/www.eldiario.net\\\/portal\\\/#\\\/schema\\\/logo\\\/image\\\/\"},\"sameAs\":[\"https:\\\/\\\/www.facebook.com\\\/eldiario.bolivia\\\/\",\"https:\\\/\\\/x.com\\\/eldiario_net\"]},{\"@type\":\"Person\",\"@id\":\"https:\\\/\\\/www.eldiario.net\\\/portal\\\/#\\\/schema\\\/person\\\/f46445640444750d7d753ccd04ae01b7\",\"name\":\"Jeanette\",\"image\":{\"@type\":\"ImageObject\",\"inLanguage\":\"es\",\"@id\":\"https:\\\/\\\/secure.gravatar.com\\\/avatar\\\/3ea2118a5f7dad2b7138b1187a6b7ee55f160b9968b66013c3a3ef39dd7e5798?s=96&d=mm&r=g\",\"url\":\"https:\\\/\\\/secure.gravatar.com\\\/avatar\\\/3ea2118a5f7dad2b7138b1187a6b7ee55f160b9968b66013c3a3ef39dd7e5798?s=96&d=mm&r=g\",\"contentUrl\":\"https:\\\/\\\/secure.gravatar.com\\\/avatar\\\/3ea2118a5f7dad2b7138b1187a6b7ee55f160b9968b66013c3a3ef39dd7e5798?s=96&d=mm&r=g\",\"caption\":\"Jeanette\"},\"sameAs\":[\"https:\\\/\\\/www.eldiario.net\\\/portal\"],\"url\":\"https:\\\/\\\/www.eldiario.net\\\/portal\\\/author\\\/jeanette\\\/\"}]}<\/script>\n<!-- \/ Yoast SEO plugin. -->","yoast_head_json":{"title":"Binomio Arce y T-Selecto en la Copa FEI Challenge - El Diario - Bolivia","robots":{"index":"index","follow":"follow","max-snippet":"max-snippet:-1","max-image-preview":"max-image-preview:large","max-video-preview":"max-video-preview:-1"},"canonical":"https:\/\/www.eldiario.net\/portal\/2023\/06\/07\/binomio-arce-y-t-selecto-en-la-copa-fei-challenge\/","og_locale":"es_ES","og_type":"article","og_title":"Binomio Arce y T-Selecto en la Copa FEI Challenge - El Diario - Bolivia","og_description":"&nbsp; El binomio cochabambino de Andrea Arce y su caballo T-Selecto se impuso en la categor\u00eda Senior II de la Copa FEI de Adiestramiento World Challenge que se llev\u00f3 adelante este martes en el picadero del Country Club Cochabamba. Un total de 30 jinetes y amazonas fueron parte de esta competencia que cont\u00f3 con la [&hellip;]","og_url":"https:\/\/www.eldiario.net\/portal\/2023\/06\/07\/binomio-arce-y-t-selecto-en-la-copa-fei-challenge\/","og_site_name":"El Diario - Bolivia","article_publisher":"https:\/\/www.facebook.com\/eldiario.bolivia\/","article_published_time":"2023-06-07T10:29:42+00:00","og_image":[{"width":1000,"height":1333,"url":"https:\/\/www.eldiario.net\/portal\/wp-content\/uploads\/2023\/06\/FOTO-72-1.jpg","type":"image\/jpeg"}],"author":"Jeanette","twitter_card":"summary_large_image","twitter_creator":"@eldiario_net","twitter_site":"@eldiario_net","twitter_misc":{"Escrito por":"Jeanette","Tiempo de lectura":"1 minuto"},"schema":{"@context":"https:\/\/schema.org","@graph":[{"@type":"Article","@id":"https:\/\/www.eldiario.net\/portal\/2023\/06\/07\/binomio-arce-y-t-selecto-en-la-copa-fei-challenge\/#article","isPartOf":{"@id":"https:\/\/www.eldiario.net\/portal\/2023\/06\/07\/binomio-arce-y-t-selecto-en-la-copa-fei-challenge\/"},"author":{"name":"Jeanette","@id":"https:\/\/www.eldiario.net\/portal\/#\/schema\/person\/f46445640444750d7d753ccd04ae01b7"},"headline":"Binomio Arce y T-Selecto en la Copa FEI Challenge","datePublished":"2023-06-07T10:29:42+00:00","mainEntityOfPage":{"@id":"https:\/\/www.eldiario.net\/portal\/2023\/06\/07\/binomio-arce-y-t-selecto-en-la-copa-fei-challenge\/"},"wordCount":204,"publisher":{"@id":"https:\/\/www.eldiario.net\/portal\/#organization"},"image":{"@id":"https:\/\/www.eldiario.net\/portal\/2023\/06\/07\/binomio-arce-y-t-selecto-en-la-copa-fei-challenge\/#primaryimage"},"thumbnailUrl":"https:\/\/www.eldiario.net\/portal\/wp-content\/uploads\/2023\/06\/FOTO-72-1.jpg","articleSection":["Deportes"],"inLanguage":"es"},{"@type":"WebPage","@id":"https:\/\/www.eldiario.net\/portal\/2023\/06\/07\/binomio-arce-y-t-selecto-en-la-copa-fei-challenge\/","url":"https:\/\/www.eldiario.net\/portal\/2023\/06\/07\/binomio-arce-y-t-selecto-en-la-copa-fei-challenge\/","name":"Binomio Arce y T-Selecto en la Copa FEI Challenge - El Diario - Bolivia","isPartOf":{"@id":"https:\/\/www.eldiario.net\/portal\/#website"},"primaryImageOfPage":{"@id":"https:\/\/www.eldiario.net\/portal\/2023\/06\/07\/binomio-arce-y-t-selecto-en-la-copa-fei-challenge\/#primaryimage"},"image":{"@id":"https:\/\/www.eldiario.net\/portal\/2023\/06\/07\/binomio-arce-y-t-selecto-en-la-copa-fei-challenge\/#primaryimage"},"thumbnailUrl":"https:\/\/www.eldiario.net\/portal\/wp-content\/uploads\/2023\/06\/FOTO-72-1.jpg","datePublished":"2023-06-07T10:29:42+00:00","breadcrumb":{"@id":"https:\/\/www.eldiario.net\/portal\/2023\/06\/07\/binomio-arce-y-t-selecto-en-la-copa-fei-challenge\/#breadcrumb"},"inLanguage":"es","potentialAction":[{"@type":"ReadAction","target":["https:\/\/www.eldiario.net\/portal\/2023\/06\/07\/binomio-arce-y-t-selecto-en-la-copa-fei-challenge\/"]}]},{"@type":"ImageObject","inLanguage":"es","@id":"https:\/\/www.eldiario.net\/portal\/2023\/06\/07\/binomio-arce-y-t-selecto-en-la-copa-fei-challenge\/#primaryimage","url":"https:\/\/www.eldiario.net\/portal\/wp-content\/uploads\/2023\/06\/FOTO-72-1.jpg","contentUrl":"https:\/\/www.eldiario.net\/portal\/wp-content\/uploads\/2023\/06\/FOTO-72-1.jpg","width":1000,"height":1333},{"@type":"BreadcrumbList","@id":"https:\/\/www.eldiario.net\/portal\/2023\/06\/07\/binomio-arce-y-t-selecto-en-la-copa-fei-challenge\/#breadcrumb","itemListElement":[{"@type":"ListItem","position":1,"name":"Portada","item":"https:\/\/www.eldiario.net\/portal\/"},{"@type":"ListItem","position":2,"name":"Binomio Arce y T-Selecto en la Copa FEI Challenge"}]},{"@type":"WebSite","@id":"https:\/\/www.eldiario.net\/portal\/#website","url":"https:\/\/www.eldiario.net\/portal\/","name":"El Diario - Decano de la prensa nacional","description":"El Diario - Decano de la prensa nacional","publisher":{"@id":"https:\/\/www.eldiario.net\/portal\/#organization"},"potentialAction":[{"@type":"SearchAction","target":{"@type":"EntryPoint","urlTemplate":"https:\/\/www.eldiario.net\/portal\/?s={search_term_string}"},"query-input":{"@type":"PropertyValueSpecification","valueRequired":true,"valueName":"search_term_string"}}],"inLanguage":"es"},{"@type":"Organization","@id":"https:\/\/www.eldiario.net\/portal\/#organization","name":"El Diario - Decano de la prensa nacional","url":"https:\/\/www.eldiario.net\/portal\/","logo":{"@type":"ImageObject","inLanguage":"es","@id":"https:\/\/www.eldiario.net\/portal\/#\/schema\/logo\/image\/","url":"https:\/\/www.eldiario.net\/portal\/wp-content\/uploads\/2023\/07\/logo_ED.jpg","contentUrl":"https:\/\/www.eldiario.net\/portal\/wp-content\/uploads\/2023\/07\/logo_ED.jpg","width":272,"height":52,"caption":"El Diario - Decano de la prensa nacional"},"image":{"@id":"https:\/\/www.eldiario.net\/portal\/#\/schema\/logo\/image\/"},"sameAs":["https:\/\/www.facebook.com\/eldiario.bolivia\/","https:\/\/x.com\/eldiario_net"]},{"@type":"Person","@id":"https:\/\/www.eldiario.net\/portal\/#\/schema\/person\/f46445640444750d7d753ccd04ae01b7","name":"Jeanette","image":{"@type":"ImageObject","inLanguage":"es","@id":"https:\/\/secure.gravatar.com\/avatar\/3ea2118a5f7dad2b7138b1187a6b7ee55f160b9968b66013c3a3ef39dd7e5798?s=96&d=mm&r=g","url":"https:\/\/secure.gravatar.com\/avatar\/3ea2118a5f7dad2b7138b1187a6b7ee55f160b9968b66013c3a3ef39dd7e5798?s=96&d=mm&r=g","contentUrl":"https:\/\/secure.gravatar.com\/avatar\/3ea2118a5f7dad2b7138b1187a6b7ee55f160b9968b66013c3a3ef39dd7e5798?s=96&d=mm&r=g","caption":"Jeanette"},"sameAs":["https:\/\/www.eldiario.net\/portal"],"url":"https:\/\/www.eldiario.net\/portal\/author\/jeanette\/"}]}},"_links":{"self":[{"href":"https:\/\/www.eldiario.net\/portal\/wp-json\/wp\/v2\/posts\/158663","targetHints":{"allow":["GET"]}}],"collection":[{"href":"https:\/\/www.eldiario.net\/portal\/wp-json\/wp\/v2\/posts"}],"about":[{"href":"https:\/\/www.eldiario.net\/portal\/wp-json\/wp\/v2\/types\/post"}],"author":[{"embeddable":true,"href":"https:\/\/www.eldiario.net\/portal\/wp-json\/wp\/v2\/users\/1"}],"replies":[{"embeddable":true,"href":"https:\/\/www.eldiario.net\/portal\/wp-json\/wp\/v2\/comments?post=158663"}],"version-history":[{"count":0,"href":"https:\/\/www.eldiario.net\/portal\/wp-json\/wp\/v2\/posts\/158663\/revisions"}],"wp:featuredmedia":[{"embeddable":true,"href":"https:\/\/www.eldiario.net\/portal\/wp-json\/wp\/v2\/media\/158664"}],"wp:attachment":[{"href":"https:\/\/www.eldiario.net\/portal\/wp-json\/wp\/v2\/media?parent=158663"}],"wp:term":[{"taxonomy":"category","embeddable":true,"href":"https:\/\/www.eldiario.net\/portal\/wp-json\/wp\/v2\/categories?post=158663"},{"taxonomy":"post_tag","embeddable":true,"href":"https:\/\/www.eldiario.net\/portal\/wp-json\/wp\/v2\/tags?post=158663"}],"curies":[{"name":"wp","href":"https:\/\/api.w.org\/{rel}","templated":true}]}}