{"id":158659,"date":"2023-06-07T06:29:03","date_gmt":"2023-06-07T10:29:03","guid":{"rendered":"https:\/\/www.eldiario.net\/portal\/?p=158659"},"modified":"2023-06-07T06:29:03","modified_gmt":"2023-06-07T10:29:03","slug":"arranca-otra-jornada-de-la-lidepafac-lp","status":"publish","type":"post","link":"https:\/\/www.eldiario.net\/portal\/2023\/06\/07\/arranca-otra-jornada-de-la-lidepafac-lp\/","title":{"rendered":"ARRANCA OTRA JORNADA DE LA LIDEPAFAC-LP"},"content":{"rendered":"<p>La LIDEPAFAC-LP ya cuenta con una nueva fecha para sus campeonatos en diferentes ramas. Varios de los compromisos se disputaron con mucha emoci\u00f3n en todos sus participantes, donde adem\u00e1s pudieron celebrar a las madres con diferentes actos dentro del torneo de padres de familia. Para esta semana (del 7 al 11 de junio), se tienen previstos los duelos de Instituto Americano frente a Hugo D\u00e1vila; Don Bosco frente a San Antonio; Instituto Americano B vs. Santa Ana; Instituto Americano A frente a Franco Boliviano; La Salle contra Ingl\u00e9s Cat\u00f3lico; Instituto Ameriacno A contra Hugo D\u00e1vila, esto en la rama de wally damas. En b\u00e1squetbol damas: La Salle se medir\u00e1 contra Saint Andrews; Instituto Ameriacno contra Hugo D\u00e1vila; Santa Ana frente a San Ignacio A; Alem\u00e1n contra 6 de Junio y Franco Boliviano frente a San Ignacio B.<br \/>\nEn futsal damas, San Ignacio ser\u00e1 rival de Santa Ana; Los Pinos frente a Vida Nueva; Alem\u00e1n frente a Instituto Americano; en varones, Vida Nueva frente a Santa Ana B; Saint Andrews frente a Mar\u00eda Auxiliadora; Domingo Savio vs. Ingl\u00e9s Cat\u00f3lico; Santa Ana \u00abA\u00bb frente a San Francisco; La Salle frente a Amor de Dios. En Senior, Santa Ana vs. San Frncisco; Los Pinos frente a Ingl\u00e9s Cat\u00f3lico. En f\u00fatbol: Los Pinos frente a San Francisco; Saint Andrews vs. La Salle; Ingl\u00e9s Cat\u00f3lico vs. Alianza; Franco Boliviano vs. San Ignacio; Alem\u00e1n vs Mar\u00eda Auxiliadora.<\/p>\n<div id='gallery-1' class='gallery galleryid-158659 gallery-columns-3 gallery-size-medium'><figure class='gallery-item'>\n\t\t\t<div class='gallery-icon landscape'>\n\t\t\t\t<a href='https:\/\/www.eldiario.net\/portal\/2023\/06\/07\/arranca-otra-jornada-de-la-lidepafac-lp\/l-1-3\/'><img loading=\"lazy\" decoding=\"async\" width=\"300\" height=\"298\" src=\"https:\/\/www.eldiario.net\/portal\/wp-content\/uploads\/2023\/06\/L-1-1-300x298.jpg\" class=\"attachment-medium size-medium\" alt=\"\" srcset=\"https:\/\/www.eldiario.net\/portal\/wp-content\/uploads\/2023\/06\/L-1-1-300x298.jpg 300w, https:\/\/www.eldiario.net\/portal\/wp-content\/uploads\/2023\/06\/L-1-1-150x150.jpg 150w, https:\/\/www.eldiario.net\/portal\/wp-content\/uploads\/2023\/06\/L-1-1-768x763.jpg 768w, https:\/\/www.eldiario.net\/portal\/wp-content\/uploads\/2023\/06\/L-1-1-696x692.jpg 696w, https:\/\/www.eldiario.net\/portal\/wp-content\/uploads\/2023\/06\/L-1-1.jpg 1000w\" sizes=\"auto, (max-width: 300px) 100vw, 300px\" \/><\/a>\n\t\t\t<\/div><\/figure><figure class='gallery-item'>\n\t\t\t<div class='gallery-icon portrait'>\n\t\t\t\t<a href='https:\/\/www.eldiario.net\/portal\/2023\/06\/07\/arranca-otra-jornada-de-la-lidepafac-lp\/l-2-3\/'><img loading=\"lazy\" decoding=\"async\" width=\"148\" height=\"300\" src=\"https:\/\/www.eldiario.net\/portal\/wp-content\/uploads\/2023\/06\/L-2-1-148x300.jpg\" class=\"attachment-medium size-medium\" alt=\"\" srcset=\"https:\/\/www.eldiario.net\/portal\/wp-content\/uploads\/2023\/06\/L-2-1-148x300.jpg 148w, https:\/\/www.eldiario.net\/portal\/wp-content\/uploads\/2023\/06\/L-2-1-506x1024.jpg 506w, https:\/\/www.eldiario.net\/portal\/wp-content\/uploads\/2023\/06\/L-2-1-768x1554.jpg 768w, https:\/\/www.eldiario.net\/portal\/wp-content\/uploads\/2023\/06\/L-2-1-759x1536.jpg 759w, https:\/\/www.eldiario.net\/portal\/wp-content\/uploads\/2023\/06\/L-2-1-696x1408.jpg 696w, https:\/\/www.eldiario.net\/portal\/wp-content\/uploads\/2023\/06\/L-2-1.jpg 1000w\" sizes=\"auto, (max-width: 148px) 100vw, 148px\" \/><\/a>\n\t\t\t<\/div><\/figure>\n\t\t<\/div>\n\n","protected":false},"excerpt":{"rendered":"<p>La LIDEPAFAC-LP ya cuenta con una nueva fecha para sus campeonatos en diferentes ramas. Varios de los compromisos se disputaron con mucha emoci\u00f3n en todos sus participantes, donde adem\u00e1s pudieron celebrar a las madres con diferentes actos dentro del torneo de padres de familia. Para esta semana (del 7 al 11 de junio), se tienen [&hellip;]<\/p>\n","protected":false},"author":1,"featured_media":158660,"comment_status":"closed","ping_status":"closed","sticky":false,"template":"","format":"standard","meta":{"_acf_changed":false,"footnotes":""},"categories":[6],"tags":[],"class_list":["post-158659","post","type-post","status-publish","format-standard","has-post-thumbnail","category-deportes"],"acf":{"antetitulo":""},"yoast_head":"<!-- This site is optimized with the Yoast SEO plugin v28.4 - https:\/\/yoast.com\/product\/yoast-seo-wordpress\/ -->\n<title>ARRANCA OTRA JORNADA DE LA LIDEPAFAC-LP - El Diario - Bolivia<\/title>\n<meta name=\"robots\" content=\"index, follow, max-snippet:-1, max-image-preview:large, max-video-preview:-1\" \/>\n<link rel=\"canonical\" href=\"https:\/\/www.eldiario.net\/portal\/2023\/06\/07\/arranca-otra-jornada-de-la-lidepafac-lp\/\" \/>\n<meta property=\"og:locale\" content=\"es_ES\" \/>\n<meta property=\"og:type\" content=\"article\" \/>\n<meta property=\"og:title\" content=\"ARRANCA OTRA JORNADA DE LA LIDEPAFAC-LP - El Diario - Bolivia\" \/>\n<meta property=\"og:description\" content=\"La LIDEPAFAC-LP ya cuenta con una nueva fecha para sus campeonatos en diferentes ramas. Varios de los compromisos se disputaron con mucha emoci\u00f3n en todos sus participantes, donde adem\u00e1s pudieron celebrar a las madres con diferentes actos dentro del torneo de padres de familia. Para esta semana (del 7 al 11 de junio), se tienen [&hellip;]\" \/>\n<meta property=\"og:url\" content=\"https:\/\/www.eldiario.net\/portal\/2023\/06\/07\/arranca-otra-jornada-de-la-lidepafac-lp\/\" \/>\n<meta property=\"og:site_name\" content=\"El Diario - Bolivia\" \/>\n<meta property=\"article:publisher\" content=\"https:\/\/www.facebook.com\/eldiario.bolivia\/\" \/>\n<meta property=\"article:published_time\" content=\"2023-06-07T10:29:03+00:00\" \/>\n<meta property=\"og:image\" content=\"https:\/\/www.eldiario.net\/portal\/wp-content\/uploads\/2023\/06\/L-1-1.jpg\" \/>\n\t<meta property=\"og:image:width\" content=\"1000\" \/>\n\t<meta property=\"og:image:height\" content=\"994\" \/>\n\t<meta property=\"og:image:type\" content=\"image\/jpeg\" \/>\n<meta name=\"author\" content=\"Jeanette\" \/>\n<meta name=\"twitter:card\" content=\"summary_large_image\" \/>\n<meta name=\"twitter:creator\" content=\"@eldiario_net\" \/>\n<meta name=\"twitter:site\" content=\"@eldiario_net\" \/>\n<meta name=\"twitter:label1\" content=\"Escrito por\" \/>\n\t<meta name=\"twitter:data1\" content=\"Jeanette\" \/>\n\t<meta name=\"twitter:label2\" content=\"Tiempo de lectura\" \/>\n\t<meta name=\"twitter:data2\" content=\"2 minutos\" \/>\n<script type=\"application\/ld+json\" class=\"yoast-schema-graph\">{\"@context\":\"https:\\\/\\\/schema.org\",\"@graph\":[{\"@type\":\"Article\",\"@id\":\"https:\\\/\\\/www.eldiario.net\\\/portal\\\/2023\\\/06\\\/07\\\/arranca-otra-jornada-de-la-lidepafac-lp\\\/#article\",\"isPartOf\":{\"@id\":\"https:\\\/\\\/www.eldiario.net\\\/portal\\\/2023\\\/06\\\/07\\\/arranca-otra-jornada-de-la-lidepafac-lp\\\/\"},\"author\":{\"name\":\"Jeanette\",\"@id\":\"https:\\\/\\\/www.eldiario.net\\\/portal\\\/#\\\/schema\\\/person\\\/f46445640444750d7d753ccd04ae01b7\"},\"headline\":\"ARRANCA OTRA JORNADA DE LA LIDEPAFAC-LP\",\"datePublished\":\"2023-06-07T10:29:03+00:00\",\"mainEntityOfPage\":{\"@id\":\"https:\\\/\\\/www.eldiario.net\\\/portal\\\/2023\\\/06\\\/07\\\/arranca-otra-jornada-de-la-lidepafac-lp\\\/\"},\"wordCount\":258,\"publisher\":{\"@id\":\"https:\\\/\\\/www.eldiario.net\\\/portal\\\/#organization\"},\"image\":{\"@id\":\"https:\\\/\\\/www.eldiario.net\\\/portal\\\/2023\\\/06\\\/07\\\/arranca-otra-jornada-de-la-lidepafac-lp\\\/#primaryimage\"},\"thumbnailUrl\":\"https:\\\/\\\/www.eldiario.net\\\/portal\\\/wp-content\\\/uploads\\\/2023\\\/06\\\/L-1-1.jpg\",\"articleSection\":[\"Deportes\"],\"inLanguage\":\"es\"},{\"@type\":\"WebPage\",\"@id\":\"https:\\\/\\\/www.eldiario.net\\\/portal\\\/2023\\\/06\\\/07\\\/arranca-otra-jornada-de-la-lidepafac-lp\\\/\",\"url\":\"https:\\\/\\\/www.eldiario.net\\\/portal\\\/2023\\\/06\\\/07\\\/arranca-otra-jornada-de-la-lidepafac-lp\\\/\",\"name\":\"ARRANCA OTRA JORNADA DE LA LIDEPAFAC-LP - El Diario - Bolivia\",\"isPartOf\":{\"@id\":\"https:\\\/\\\/www.eldiario.net\\\/portal\\\/#website\"},\"primaryImageOfPage\":{\"@id\":\"https:\\\/\\\/www.eldiario.net\\\/portal\\\/2023\\\/06\\\/07\\\/arranca-otra-jornada-de-la-lidepafac-lp\\\/#primaryimage\"},\"image\":{\"@id\":\"https:\\\/\\\/www.eldiario.net\\\/portal\\\/2023\\\/06\\\/07\\\/arranca-otra-jornada-de-la-lidepafac-lp\\\/#primaryimage\"},\"thumbnailUrl\":\"https:\\\/\\\/www.eldiario.net\\\/portal\\\/wp-content\\\/uploads\\\/2023\\\/06\\\/L-1-1.jpg\",\"datePublished\":\"2023-06-07T10:29:03+00:00\",\"breadcrumb\":{\"@id\":\"https:\\\/\\\/www.eldiario.net\\\/portal\\\/2023\\\/06\\\/07\\\/arranca-otra-jornada-de-la-lidepafac-lp\\\/#breadcrumb\"},\"inLanguage\":\"es\",\"potentialAction\":[{\"@type\":\"ReadAction\",\"target\":[\"https:\\\/\\\/www.eldiario.net\\\/portal\\\/2023\\\/06\\\/07\\\/arranca-otra-jornada-de-la-lidepafac-lp\\\/\"]}]},{\"@type\":\"ImageObject\",\"inLanguage\":\"es\",\"@id\":\"https:\\\/\\\/www.eldiario.net\\\/portal\\\/2023\\\/06\\\/07\\\/arranca-otra-jornada-de-la-lidepafac-lp\\\/#primaryimage\",\"url\":\"https:\\\/\\\/www.eldiario.net\\\/portal\\\/wp-content\\\/uploads\\\/2023\\\/06\\\/L-1-1.jpg\",\"contentUrl\":\"https:\\\/\\\/www.eldiario.net\\\/portal\\\/wp-content\\\/uploads\\\/2023\\\/06\\\/L-1-1.jpg\",\"width\":1000,\"height\":994},{\"@type\":\"BreadcrumbList\",\"@id\":\"https:\\\/\\\/www.eldiario.net\\\/portal\\\/2023\\\/06\\\/07\\\/arranca-otra-jornada-de-la-lidepafac-lp\\\/#breadcrumb\",\"itemListElement\":[{\"@type\":\"ListItem\",\"position\":1,\"name\":\"Portada\",\"item\":\"https:\\\/\\\/www.eldiario.net\\\/portal\\\/\"},{\"@type\":\"ListItem\",\"position\":2,\"name\":\"ARRANCA OTRA JORNADA DE LA LIDEPAFAC-LP\"}]},{\"@type\":\"WebSite\",\"@id\":\"https:\\\/\\\/www.eldiario.net\\\/portal\\\/#website\",\"url\":\"https:\\\/\\\/www.eldiario.net\\\/portal\\\/\",\"name\":\"El Diario - Decano de la prensa nacional\",\"description\":\"El Diario - Decano de la prensa nacional\",\"publisher\":{\"@id\":\"https:\\\/\\\/www.eldiario.net\\\/portal\\\/#organization\"},\"potentialAction\":[{\"@type\":\"SearchAction\",\"target\":{\"@type\":\"EntryPoint\",\"urlTemplate\":\"https:\\\/\\\/www.eldiario.net\\\/portal\\\/?s={search_term_string}\"},\"query-input\":{\"@type\":\"PropertyValueSpecification\",\"valueRequired\":true,\"valueName\":\"search_term_string\"}}],\"inLanguage\":\"es\"},{\"@type\":\"Organization\",\"@id\":\"https:\\\/\\\/www.eldiario.net\\\/portal\\\/#organization\",\"name\":\"El Diario - Decano de la prensa nacional\",\"url\":\"https:\\\/\\\/www.eldiario.net\\\/portal\\\/\",\"logo\":{\"@type\":\"ImageObject\",\"inLanguage\":\"es\",\"@id\":\"https:\\\/\\\/www.eldiario.net\\\/portal\\\/#\\\/schema\\\/logo\\\/image\\\/\",\"url\":\"https:\\\/\\\/www.eldiario.net\\\/portal\\\/wp-content\\\/uploads\\\/2023\\\/07\\\/logo_ED.jpg\",\"contentUrl\":\"https:\\\/\\\/www.eldiario.net\\\/portal\\\/wp-content\\\/uploads\\\/2023\\\/07\\\/logo_ED.jpg\",\"width\":272,\"height\":52,\"caption\":\"El Diario - Decano de la prensa nacional\"},\"image\":{\"@id\":\"https:\\\/\\\/www.eldiario.net\\\/portal\\\/#\\\/schema\\\/logo\\\/image\\\/\"},\"sameAs\":[\"https:\\\/\\\/www.facebook.com\\\/eldiario.bolivia\\\/\",\"https:\\\/\\\/x.com\\\/eldiario_net\"]},{\"@type\":\"Person\",\"@id\":\"https:\\\/\\\/www.eldiario.net\\\/portal\\\/#\\\/schema\\\/person\\\/f46445640444750d7d753ccd04ae01b7\",\"name\":\"Jeanette\",\"image\":{\"@type\":\"ImageObject\",\"inLanguage\":\"es\",\"@id\":\"https:\\\/\\\/secure.gravatar.com\\\/avatar\\\/3ea2118a5f7dad2b7138b1187a6b7ee55f160b9968b66013c3a3ef39dd7e5798?s=96&d=mm&r=g\",\"url\":\"https:\\\/\\\/secure.gravatar.com\\\/avatar\\\/3ea2118a5f7dad2b7138b1187a6b7ee55f160b9968b66013c3a3ef39dd7e5798?s=96&d=mm&r=g\",\"contentUrl\":\"https:\\\/\\\/secure.gravatar.com\\\/avatar\\\/3ea2118a5f7dad2b7138b1187a6b7ee55f160b9968b66013c3a3ef39dd7e5798?s=96&d=mm&r=g\",\"caption\":\"Jeanette\"},\"sameAs\":[\"https:\\\/\\\/www.eldiario.net\\\/portal\"],\"url\":\"https:\\\/\\\/www.eldiario.net\\\/portal\\\/author\\\/jeanette\\\/\"}]}<\/script>\n<!-- \/ Yoast SEO plugin. -->","yoast_head_json":{"title":"ARRANCA OTRA JORNADA DE LA LIDEPAFAC-LP - El Diario - Bolivia","robots":{"index":"index","follow":"follow","max-snippet":"max-snippet:-1","max-image-preview":"max-image-preview:large","max-video-preview":"max-video-preview:-1"},"canonical":"https:\/\/www.eldiario.net\/portal\/2023\/06\/07\/arranca-otra-jornada-de-la-lidepafac-lp\/","og_locale":"es_ES","og_type":"article","og_title":"ARRANCA OTRA JORNADA DE LA LIDEPAFAC-LP - El Diario - Bolivia","og_description":"La LIDEPAFAC-LP ya cuenta con una nueva fecha para sus campeonatos en diferentes ramas. Varios de los compromisos se disputaron con mucha emoci\u00f3n en todos sus participantes, donde adem\u00e1s pudieron celebrar a las madres con diferentes actos dentro del torneo de padres de familia. Para esta semana (del 7 al 11 de junio), se tienen [&hellip;]","og_url":"https:\/\/www.eldiario.net\/portal\/2023\/06\/07\/arranca-otra-jornada-de-la-lidepafac-lp\/","og_site_name":"El Diario - Bolivia","article_publisher":"https:\/\/www.facebook.com\/eldiario.bolivia\/","article_published_time":"2023-06-07T10:29:03+00:00","og_image":[{"width":1000,"height":994,"url":"https:\/\/www.eldiario.net\/portal\/wp-content\/uploads\/2023\/06\/L-1-1.jpg","type":"image\/jpeg"}],"author":"Jeanette","twitter_card":"summary_large_image","twitter_creator":"@eldiario_net","twitter_site":"@eldiario_net","twitter_misc":{"Escrito por":"Jeanette","Tiempo de lectura":"2 minutos"},"schema":{"@context":"https:\/\/schema.org","@graph":[{"@type":"Article","@id":"https:\/\/www.eldiario.net\/portal\/2023\/06\/07\/arranca-otra-jornada-de-la-lidepafac-lp\/#article","isPartOf":{"@id":"https:\/\/www.eldiario.net\/portal\/2023\/06\/07\/arranca-otra-jornada-de-la-lidepafac-lp\/"},"author":{"name":"Jeanette","@id":"https:\/\/www.eldiario.net\/portal\/#\/schema\/person\/f46445640444750d7d753ccd04ae01b7"},"headline":"ARRANCA OTRA JORNADA DE LA LIDEPAFAC-LP","datePublished":"2023-06-07T10:29:03+00:00","mainEntityOfPage":{"@id":"https:\/\/www.eldiario.net\/portal\/2023\/06\/07\/arranca-otra-jornada-de-la-lidepafac-lp\/"},"wordCount":258,"publisher":{"@id":"https:\/\/www.eldiario.net\/portal\/#organization"},"image":{"@id":"https:\/\/www.eldiario.net\/portal\/2023\/06\/07\/arranca-otra-jornada-de-la-lidepafac-lp\/#primaryimage"},"thumbnailUrl":"https:\/\/www.eldiario.net\/portal\/wp-content\/uploads\/2023\/06\/L-1-1.jpg","articleSection":["Deportes"],"inLanguage":"es"},{"@type":"WebPage","@id":"https:\/\/www.eldiario.net\/portal\/2023\/06\/07\/arranca-otra-jornada-de-la-lidepafac-lp\/","url":"https:\/\/www.eldiario.net\/portal\/2023\/06\/07\/arranca-otra-jornada-de-la-lidepafac-lp\/","name":"ARRANCA OTRA JORNADA DE LA LIDEPAFAC-LP - El Diario - Bolivia","isPartOf":{"@id":"https:\/\/www.eldiario.net\/portal\/#website"},"primaryImageOfPage":{"@id":"https:\/\/www.eldiario.net\/portal\/2023\/06\/07\/arranca-otra-jornada-de-la-lidepafac-lp\/#primaryimage"},"image":{"@id":"https:\/\/www.eldiario.net\/portal\/2023\/06\/07\/arranca-otra-jornada-de-la-lidepafac-lp\/#primaryimage"},"thumbnailUrl":"https:\/\/www.eldiario.net\/portal\/wp-content\/uploads\/2023\/06\/L-1-1.jpg","datePublished":"2023-06-07T10:29:03+00:00","breadcrumb":{"@id":"https:\/\/www.eldiario.net\/portal\/2023\/06\/07\/arranca-otra-jornada-de-la-lidepafac-lp\/#breadcrumb"},"inLanguage":"es","potentialAction":[{"@type":"ReadAction","target":["https:\/\/www.eldiario.net\/portal\/2023\/06\/07\/arranca-otra-jornada-de-la-lidepafac-lp\/"]}]},{"@type":"ImageObject","inLanguage":"es","@id":"https:\/\/www.eldiario.net\/portal\/2023\/06\/07\/arranca-otra-jornada-de-la-lidepafac-lp\/#primaryimage","url":"https:\/\/www.eldiario.net\/portal\/wp-content\/uploads\/2023\/06\/L-1-1.jpg","contentUrl":"https:\/\/www.eldiario.net\/portal\/wp-content\/uploads\/2023\/06\/L-1-1.jpg","width":1000,"height":994},{"@type":"BreadcrumbList","@id":"https:\/\/www.eldiario.net\/portal\/2023\/06\/07\/arranca-otra-jornada-de-la-lidepafac-lp\/#breadcrumb","itemListElement":[{"@type":"ListItem","position":1,"name":"Portada","item":"https:\/\/www.eldiario.net\/portal\/"},{"@type":"ListItem","position":2,"name":"ARRANCA OTRA JORNADA DE LA LIDEPAFAC-LP"}]},{"@type":"WebSite","@id":"https:\/\/www.eldiario.net\/portal\/#website","url":"https:\/\/www.eldiario.net\/portal\/","name":"El Diario - Decano de la prensa nacional","description":"El Diario - Decano de la prensa nacional","publisher":{"@id":"https:\/\/www.eldiario.net\/portal\/#organization"},"potentialAction":[{"@type":"SearchAction","target":{"@type":"EntryPoint","urlTemplate":"https:\/\/www.eldiario.net\/portal\/?s={search_term_string}"},"query-input":{"@type":"PropertyValueSpecification","valueRequired":true,"valueName":"search_term_string"}}],"inLanguage":"es"},{"@type":"Organization","@id":"https:\/\/www.eldiario.net\/portal\/#organization","name":"El Diario - Decano de la prensa nacional","url":"https:\/\/www.eldiario.net\/portal\/","logo":{"@type":"ImageObject","inLanguage":"es","@id":"https:\/\/www.eldiario.net\/portal\/#\/schema\/logo\/image\/","url":"https:\/\/www.eldiario.net\/portal\/wp-content\/uploads\/2023\/07\/logo_ED.jpg","contentUrl":"https:\/\/www.eldiario.net\/portal\/wp-content\/uploads\/2023\/07\/logo_ED.jpg","width":272,"height":52,"caption":"El Diario - Decano de la prensa nacional"},"image":{"@id":"https:\/\/www.eldiario.net\/portal\/#\/schema\/logo\/image\/"},"sameAs":["https:\/\/www.facebook.com\/eldiario.bolivia\/","https:\/\/x.com\/eldiario_net"]},{"@type":"Person","@id":"https:\/\/www.eldiario.net\/portal\/#\/schema\/person\/f46445640444750d7d753ccd04ae01b7","name":"Jeanette","image":{"@type":"ImageObject","inLanguage":"es","@id":"https:\/\/secure.gravatar.com\/avatar\/3ea2118a5f7dad2b7138b1187a6b7ee55f160b9968b66013c3a3ef39dd7e5798?s=96&d=mm&r=g","url":"https:\/\/secure.gravatar.com\/avatar\/3ea2118a5f7dad2b7138b1187a6b7ee55f160b9968b66013c3a3ef39dd7e5798?s=96&d=mm&r=g","contentUrl":"https:\/\/secure.gravatar.com\/avatar\/3ea2118a5f7dad2b7138b1187a6b7ee55f160b9968b66013c3a3ef39dd7e5798?s=96&d=mm&r=g","caption":"Jeanette"},"sameAs":["https:\/\/www.eldiario.net\/portal"],"url":"https:\/\/www.eldiario.net\/portal\/author\/jeanette\/"}]}},"_links":{"self":[{"href":"https:\/\/www.eldiario.net\/portal\/wp-json\/wp\/v2\/posts\/158659","targetHints":{"allow":["GET"]}}],"collection":[{"href":"https:\/\/www.eldiario.net\/portal\/wp-json\/wp\/v2\/posts"}],"about":[{"href":"https:\/\/www.eldiario.net\/portal\/wp-json\/wp\/v2\/types\/post"}],"author":[{"embeddable":true,"href":"https:\/\/www.eldiario.net\/portal\/wp-json\/wp\/v2\/users\/1"}],"replies":[{"embeddable":true,"href":"https:\/\/www.eldiario.net\/portal\/wp-json\/wp\/v2\/comments?post=158659"}],"version-history":[{"count":0,"href":"https:\/\/www.eldiario.net\/portal\/wp-json\/wp\/v2\/posts\/158659\/revisions"}],"wp:featuredmedia":[{"embeddable":true,"href":"https:\/\/www.eldiario.net\/portal\/wp-json\/wp\/v2\/media\/158660"}],"wp:attachment":[{"href":"https:\/\/www.eldiario.net\/portal\/wp-json\/wp\/v2\/media?parent=158659"}],"wp:term":[{"taxonomy":"category","embeddable":true,"href":"https:\/\/www.eldiario.net\/portal\/wp-json\/wp\/v2\/categories?post=158659"},{"taxonomy":"post_tag","embeddable":true,"href":"https:\/\/www.eldiario.net\/portal\/wp-json\/wp\/v2\/tags?post=158659"}],"curies":[{"name":"wp","href":"https:\/\/api.w.org\/{rel}","templated":true}]}}