{"id":158643,"date":"2023-06-07T06:22:30","date_gmt":"2023-06-07T10:22:30","guid":{"rendered":"https:\/\/www.eldiario.net\/portal\/?p=158643"},"modified":"2023-06-07T06:22:30","modified_gmt":"2023-06-07T10:22:30","slug":"aprehenden-a-duenos-de-courier-y-alejan-a-jefes-de-boa-y-naabol","status":"publish","type":"post","link":"https:\/\/www.eldiario.net\/portal\/2023\/06\/07\/aprehenden-a-duenos-de-courier-y-alejan-a-jefes-de-boa-y-naabol\/","title":{"rendered":"Aprehenden a due\u00f1os de courier y alejan a jefes de BoA y Naabol"},"content":{"rendered":"<p>En medio del esc\u00e1ndalo y las investigaciones del \u201cnarcovuelo\u201d, el Ministerio P\u00fablico aprehendi\u00f3 a otras dos personas, se trata de los due\u00f1os de la empresa de servicio de courier por el caso env\u00edo de un cargamento de 478 kilos de coca\u00edna desde el aeropuerto Viru Viru en Santa Cruz a la terminal \u00e1rea de Barajas, Espa\u00f1a.<br \/>\nLos dos aprehendidos fueron identificados como Ronald C. y Maribel R., los que fueron detenidos y puestos a disposici\u00f3n de la justicia en el marco de las investigaciones por el caso \u201cnarcovuelo\u201d.<br \/>\nSeg\u00fan reportes preliminares, ambas personas est\u00e1n involucradas en el env\u00edo de la carga de droga desde el aeropuerto de Viru Viru hasta Barajas, Espa\u00f1a.<br \/>\nPor su lado, Mar\u00eda Bel\u00e9n Laguna, abogada de los acusados, en declaraciones a Unitel, asegur\u00f3 que sus clientes solo enviaron ropa y que en este caso est\u00e1n tratando de involucrar a cualquier persona y no a los verdaderos responsables del hecho.<br \/>\nEntretanto, ejecutivos de la Navegaci\u00f3n A\u00e9rea y Aeropuertos Bolivianos (Naabol) y Boliviana de Aviaci\u00f3n (BoA), instituciones involucradas en el env\u00edo de casi media tonelada de coca\u00edna a Espa\u00f1a, determinaron desvincular a altos mandos regionales.<br \/>\nEl gerente general de Naabol, Elmer Pozo, anunci\u00f3 que Joaqu\u00edn Hurtado dej\u00f3 el cargo de gerente regional en Santa Cruz \u201cpara que no entorpezca las investigaciones que se est\u00e1n realizando\u201d.<br \/>\nAsimismo, el gerente general de BoA, Ronald Casso, inform\u00f3 que la estatal decidi\u00f3 \u201cseparar\u201d al gerente regional, Carlos Moreno M\u00e9ndez, para evitar obst\u00e1culos en las investigaciones.<br \/>\nPor otro lado, el diputado de Creemos, Erwin Baz\u00e1n, sostuvo que el director nacional de la Fuerza Especial de Lucha Contra el Narcotr\u00e1fico ha hecho p\u00fablico que el Gobierno conoci\u00f3 en febrero la salida de los 478 kilos de coca\u00edna a Espa\u00f1a, por lo que fue \u201creprendido\u201d por el ministro de Gobierno, le orden\u00f3 \u201cque se calle\u201d.<br \/>\nEn este sentido, cuestion\u00f3 las dudas generadas por el Estado Plurinacional de Bolivia acerca de su estrategia de lucha contra las drogas, hecho que se refleja en el marginamiento de organismos internacionales como Europol, la Polic\u00eda Federal de Brasil, el Reino de Espa\u00f1a en las investigaciones y acciones antidroga.<\/p>\n","protected":false},"excerpt":{"rendered":"<p>En medio del esc\u00e1ndalo y las investigaciones del \u201cnarcovuelo\u201d, el Ministerio P\u00fablico aprehendi\u00f3 a otras dos personas, se trata de los due\u00f1os de la empresa de servicio de courier por el caso env\u00edo de un cargamento de 478 kilos de coca\u00edna desde el aeropuerto Viru Viru en Santa Cruz a la terminal \u00e1rea de Barajas, [&hellip;]<\/p>\n","protected":false},"author":1,"featured_media":158644,"comment_status":"closed","ping_status":"closed","sticky":false,"template":"","format":"standard","meta":{"_acf_changed":false,"footnotes":""},"categories":[17],"tags":[],"class_list":["post-158643","post","type-post","status-publish","format-standard","has-post-thumbnail","category-principal"],"acf":{"antetitulo":""},"yoast_head":"<!-- This site is optimized with the Yoast SEO plugin v28.4 - https:\/\/yoast.com\/product\/yoast-seo-wordpress\/ -->\n<title>Aprehenden a due\u00f1os de courier y alejan a jefes de BoA y Naabol - El Diario - Bolivia<\/title>\n<meta name=\"robots\" content=\"index, follow, max-snippet:-1, max-image-preview:large, max-video-preview:-1\" \/>\n<link rel=\"canonical\" href=\"https:\/\/www.eldiario.net\/portal\/2023\/06\/07\/aprehenden-a-duenos-de-courier-y-alejan-a-jefes-de-boa-y-naabol\/\" \/>\n<meta property=\"og:locale\" content=\"es_ES\" \/>\n<meta property=\"og:type\" content=\"article\" \/>\n<meta property=\"og:title\" content=\"Aprehenden a due\u00f1os de courier y alejan a jefes de BoA y Naabol - El Diario - Bolivia\" \/>\n<meta property=\"og:description\" content=\"En medio del esc\u00e1ndalo y las investigaciones del \u201cnarcovuelo\u201d, el Ministerio P\u00fablico aprehendi\u00f3 a otras dos personas, se trata de los due\u00f1os de la empresa de servicio de courier por el caso env\u00edo de un cargamento de 478 kilos de coca\u00edna desde el aeropuerto Viru Viru en Santa Cruz a la terminal \u00e1rea de Barajas, [&hellip;]\" \/>\n<meta property=\"og:url\" content=\"https:\/\/www.eldiario.net\/portal\/2023\/06\/07\/aprehenden-a-duenos-de-courier-y-alejan-a-jefes-de-boa-y-naabol\/\" \/>\n<meta property=\"og:site_name\" content=\"El Diario - Bolivia\" \/>\n<meta property=\"article:publisher\" content=\"https:\/\/www.facebook.com\/eldiario.bolivia\/\" \/>\n<meta property=\"article:published_time\" content=\"2023-06-07T10:22:30+00:00\" \/>\n<meta property=\"og:image\" content=\"https:\/\/www.eldiario.net\/portal\/wp-content\/uploads\/2023\/06\/P-1-15-cm-x-11-1-scaled-1.jpg\" \/>\n\t<meta property=\"og:image:width\" content=\"2560\" \/>\n\t<meta property=\"og:image:height\" content=\"2092\" \/>\n\t<meta property=\"og:image:type\" content=\"image\/jpeg\" \/>\n<meta name=\"author\" content=\"Jeanette\" \/>\n<meta name=\"twitter:card\" content=\"summary_large_image\" \/>\n<meta name=\"twitter:creator\" content=\"@eldiario_net\" \/>\n<meta name=\"twitter:site\" content=\"@eldiario_net\" \/>\n<meta name=\"twitter:label1\" content=\"Escrito por\" \/>\n\t<meta name=\"twitter:data1\" content=\"Jeanette\" \/>\n\t<meta name=\"twitter:label2\" content=\"Tiempo de lectura\" \/>\n\t<meta name=\"twitter:data2\" content=\"2 minutos\" \/>\n<script type=\"application\/ld+json\" class=\"yoast-schema-graph\">{\"@context\":\"https:\\\/\\\/schema.org\",\"@graph\":[{\"@type\":\"Article\",\"@id\":\"https:\\\/\\\/www.eldiario.net\\\/portal\\\/2023\\\/06\\\/07\\\/aprehenden-a-duenos-de-courier-y-alejan-a-jefes-de-boa-y-naabol\\\/#article\",\"isPartOf\":{\"@id\":\"https:\\\/\\\/www.eldiario.net\\\/portal\\\/2023\\\/06\\\/07\\\/aprehenden-a-duenos-de-courier-y-alejan-a-jefes-de-boa-y-naabol\\\/\"},\"author\":{\"name\":\"Jeanette\",\"@id\":\"https:\\\/\\\/www.eldiario.net\\\/portal\\\/#\\\/schema\\\/person\\\/f46445640444750d7d753ccd04ae01b7\"},\"headline\":\"Aprehenden a due\u00f1os de courier y alejan a jefes de BoA y Naabol\",\"datePublished\":\"2023-06-07T10:22:30+00:00\",\"mainEntityOfPage\":{\"@id\":\"https:\\\/\\\/www.eldiario.net\\\/portal\\\/2023\\\/06\\\/07\\\/aprehenden-a-duenos-de-courier-y-alejan-a-jefes-de-boa-y-naabol\\\/\"},\"wordCount\":392,\"publisher\":{\"@id\":\"https:\\\/\\\/www.eldiario.net\\\/portal\\\/#organization\"},\"image\":{\"@id\":\"https:\\\/\\\/www.eldiario.net\\\/portal\\\/2023\\\/06\\\/07\\\/aprehenden-a-duenos-de-courier-y-alejan-a-jefes-de-boa-y-naabol\\\/#primaryimage\"},\"thumbnailUrl\":\"https:\\\/\\\/www.eldiario.net\\\/portal\\\/wp-content\\\/uploads\\\/2023\\\/06\\\/P-1-15-cm-x-11-1-scaled-1.jpg\",\"articleSection\":[\"Principal\"],\"inLanguage\":\"es\"},{\"@type\":\"WebPage\",\"@id\":\"https:\\\/\\\/www.eldiario.net\\\/portal\\\/2023\\\/06\\\/07\\\/aprehenden-a-duenos-de-courier-y-alejan-a-jefes-de-boa-y-naabol\\\/\",\"url\":\"https:\\\/\\\/www.eldiario.net\\\/portal\\\/2023\\\/06\\\/07\\\/aprehenden-a-duenos-de-courier-y-alejan-a-jefes-de-boa-y-naabol\\\/\",\"name\":\"Aprehenden a due\u00f1os de courier y alejan a jefes de BoA y Naabol - El Diario - Bolivia\",\"isPartOf\":{\"@id\":\"https:\\\/\\\/www.eldiario.net\\\/portal\\\/#website\"},\"primaryImageOfPage\":{\"@id\":\"https:\\\/\\\/www.eldiario.net\\\/portal\\\/2023\\\/06\\\/07\\\/aprehenden-a-duenos-de-courier-y-alejan-a-jefes-de-boa-y-naabol\\\/#primaryimage\"},\"image\":{\"@id\":\"https:\\\/\\\/www.eldiario.net\\\/portal\\\/2023\\\/06\\\/07\\\/aprehenden-a-duenos-de-courier-y-alejan-a-jefes-de-boa-y-naabol\\\/#primaryimage\"},\"thumbnailUrl\":\"https:\\\/\\\/www.eldiario.net\\\/portal\\\/wp-content\\\/uploads\\\/2023\\\/06\\\/P-1-15-cm-x-11-1-scaled-1.jpg\",\"datePublished\":\"2023-06-07T10:22:30+00:00\",\"breadcrumb\":{\"@id\":\"https:\\\/\\\/www.eldiario.net\\\/portal\\\/2023\\\/06\\\/07\\\/aprehenden-a-duenos-de-courier-y-alejan-a-jefes-de-boa-y-naabol\\\/#breadcrumb\"},\"inLanguage\":\"es\",\"potentialAction\":[{\"@type\":\"ReadAction\",\"target\":[\"https:\\\/\\\/www.eldiario.net\\\/portal\\\/2023\\\/06\\\/07\\\/aprehenden-a-duenos-de-courier-y-alejan-a-jefes-de-boa-y-naabol\\\/\"]}]},{\"@type\":\"ImageObject\",\"inLanguage\":\"es\",\"@id\":\"https:\\\/\\\/www.eldiario.net\\\/portal\\\/2023\\\/06\\\/07\\\/aprehenden-a-duenos-de-courier-y-alejan-a-jefes-de-boa-y-naabol\\\/#primaryimage\",\"url\":\"https:\\\/\\\/www.eldiario.net\\\/portal\\\/wp-content\\\/uploads\\\/2023\\\/06\\\/P-1-15-cm-x-11-1-scaled-1.jpg\",\"contentUrl\":\"https:\\\/\\\/www.eldiario.net\\\/portal\\\/wp-content\\\/uploads\\\/2023\\\/06\\\/P-1-15-cm-x-11-1-scaled-1.jpg\",\"width\":2560,\"height\":2092,\"caption\":\"La Fuerza Especial de Lucha Contra el Narcotr\u00e1fico allan\u00f3 el aeropuerto de Viru Viru en Santa Cruz en el marco de las investigaciones por el env\u00edo de casi media tonelada de coca\u00edna.\"},{\"@type\":\"BreadcrumbList\",\"@id\":\"https:\\\/\\\/www.eldiario.net\\\/portal\\\/2023\\\/06\\\/07\\\/aprehenden-a-duenos-de-courier-y-alejan-a-jefes-de-boa-y-naabol\\\/#breadcrumb\",\"itemListElement\":[{\"@type\":\"ListItem\",\"position\":1,\"name\":\"Portada\",\"item\":\"https:\\\/\\\/www.eldiario.net\\\/portal\\\/\"},{\"@type\":\"ListItem\",\"position\":2,\"name\":\"Aprehenden a due\u00f1os de courier y alejan a jefes de BoA y Naabol\"}]},{\"@type\":\"WebSite\",\"@id\":\"https:\\\/\\\/www.eldiario.net\\\/portal\\\/#website\",\"url\":\"https:\\\/\\\/www.eldiario.net\\\/portal\\\/\",\"name\":\"El Diario - Decano de la prensa nacional\",\"description\":\"El Diario - Decano de la prensa nacional\",\"publisher\":{\"@id\":\"https:\\\/\\\/www.eldiario.net\\\/portal\\\/#organization\"},\"potentialAction\":[{\"@type\":\"SearchAction\",\"target\":{\"@type\":\"EntryPoint\",\"urlTemplate\":\"https:\\\/\\\/www.eldiario.net\\\/portal\\\/?s={search_term_string}\"},\"query-input\":{\"@type\":\"PropertyValueSpecification\",\"valueRequired\":true,\"valueName\":\"search_term_string\"}}],\"inLanguage\":\"es\"},{\"@type\":\"Organization\",\"@id\":\"https:\\\/\\\/www.eldiario.net\\\/portal\\\/#organization\",\"name\":\"El Diario - Decano de la prensa nacional\",\"url\":\"https:\\\/\\\/www.eldiario.net\\\/portal\\\/\",\"logo\":{\"@type\":\"ImageObject\",\"inLanguage\":\"es\",\"@id\":\"https:\\\/\\\/www.eldiario.net\\\/portal\\\/#\\\/schema\\\/logo\\\/image\\\/\",\"url\":\"https:\\\/\\\/www.eldiario.net\\\/portal\\\/wp-content\\\/uploads\\\/2023\\\/07\\\/logo_ED.jpg\",\"contentUrl\":\"https:\\\/\\\/www.eldiario.net\\\/portal\\\/wp-content\\\/uploads\\\/2023\\\/07\\\/logo_ED.jpg\",\"width\":272,\"height\":52,\"caption\":\"El Diario - Decano de la prensa nacional\"},\"image\":{\"@id\":\"https:\\\/\\\/www.eldiario.net\\\/portal\\\/#\\\/schema\\\/logo\\\/image\\\/\"},\"sameAs\":[\"https:\\\/\\\/www.facebook.com\\\/eldiario.bolivia\\\/\",\"https:\\\/\\\/x.com\\\/eldiario_net\"]},{\"@type\":\"Person\",\"@id\":\"https:\\\/\\\/www.eldiario.net\\\/portal\\\/#\\\/schema\\\/person\\\/f46445640444750d7d753ccd04ae01b7\",\"name\":\"Jeanette\",\"image\":{\"@type\":\"ImageObject\",\"inLanguage\":\"es\",\"@id\":\"https:\\\/\\\/secure.gravatar.com\\\/avatar\\\/3ea2118a5f7dad2b7138b1187a6b7ee55f160b9968b66013c3a3ef39dd7e5798?s=96&d=mm&r=g\",\"url\":\"https:\\\/\\\/secure.gravatar.com\\\/avatar\\\/3ea2118a5f7dad2b7138b1187a6b7ee55f160b9968b66013c3a3ef39dd7e5798?s=96&d=mm&r=g\",\"contentUrl\":\"https:\\\/\\\/secure.gravatar.com\\\/avatar\\\/3ea2118a5f7dad2b7138b1187a6b7ee55f160b9968b66013c3a3ef39dd7e5798?s=96&d=mm&r=g\",\"caption\":\"Jeanette\"},\"sameAs\":[\"https:\\\/\\\/www.eldiario.net\\\/portal\"],\"url\":\"https:\\\/\\\/www.eldiario.net\\\/portal\\\/author\\\/jeanette\\\/\"}]}<\/script>\n<!-- \/ Yoast SEO plugin. -->","yoast_head_json":{"title":"Aprehenden a due\u00f1os de courier y alejan a jefes de BoA y Naabol - El Diario - Bolivia","robots":{"index":"index","follow":"follow","max-snippet":"max-snippet:-1","max-image-preview":"max-image-preview:large","max-video-preview":"max-video-preview:-1"},"canonical":"https:\/\/www.eldiario.net\/portal\/2023\/06\/07\/aprehenden-a-duenos-de-courier-y-alejan-a-jefes-de-boa-y-naabol\/","og_locale":"es_ES","og_type":"article","og_title":"Aprehenden a due\u00f1os de courier y alejan a jefes de BoA y Naabol - El Diario - Bolivia","og_description":"En medio del esc\u00e1ndalo y las investigaciones del \u201cnarcovuelo\u201d, el Ministerio P\u00fablico aprehendi\u00f3 a otras dos personas, se trata de los due\u00f1os de la empresa de servicio de courier por el caso env\u00edo de un cargamento de 478 kilos de coca\u00edna desde el aeropuerto Viru Viru en Santa Cruz a la terminal \u00e1rea de Barajas, [&hellip;]","og_url":"https:\/\/www.eldiario.net\/portal\/2023\/06\/07\/aprehenden-a-duenos-de-courier-y-alejan-a-jefes-de-boa-y-naabol\/","og_site_name":"El Diario - Bolivia","article_publisher":"https:\/\/www.facebook.com\/eldiario.bolivia\/","article_published_time":"2023-06-07T10:22:30+00:00","og_image":[{"width":2560,"height":2092,"url":"https:\/\/www.eldiario.net\/portal\/wp-content\/uploads\/2023\/06\/P-1-15-cm-x-11-1-scaled-1.jpg","type":"image\/jpeg"}],"author":"Jeanette","twitter_card":"summary_large_image","twitter_creator":"@eldiario_net","twitter_site":"@eldiario_net","twitter_misc":{"Escrito por":"Jeanette","Tiempo de lectura":"2 minutos"},"schema":{"@context":"https:\/\/schema.org","@graph":[{"@type":"Article","@id":"https:\/\/www.eldiario.net\/portal\/2023\/06\/07\/aprehenden-a-duenos-de-courier-y-alejan-a-jefes-de-boa-y-naabol\/#article","isPartOf":{"@id":"https:\/\/www.eldiario.net\/portal\/2023\/06\/07\/aprehenden-a-duenos-de-courier-y-alejan-a-jefes-de-boa-y-naabol\/"},"author":{"name":"Jeanette","@id":"https:\/\/www.eldiario.net\/portal\/#\/schema\/person\/f46445640444750d7d753ccd04ae01b7"},"headline":"Aprehenden a due\u00f1os de courier y alejan a jefes de BoA y Naabol","datePublished":"2023-06-07T10:22:30+00:00","mainEntityOfPage":{"@id":"https:\/\/www.eldiario.net\/portal\/2023\/06\/07\/aprehenden-a-duenos-de-courier-y-alejan-a-jefes-de-boa-y-naabol\/"},"wordCount":392,"publisher":{"@id":"https:\/\/www.eldiario.net\/portal\/#organization"},"image":{"@id":"https:\/\/www.eldiario.net\/portal\/2023\/06\/07\/aprehenden-a-duenos-de-courier-y-alejan-a-jefes-de-boa-y-naabol\/#primaryimage"},"thumbnailUrl":"https:\/\/www.eldiario.net\/portal\/wp-content\/uploads\/2023\/06\/P-1-15-cm-x-11-1-scaled-1.jpg","articleSection":["Principal"],"inLanguage":"es"},{"@type":"WebPage","@id":"https:\/\/www.eldiario.net\/portal\/2023\/06\/07\/aprehenden-a-duenos-de-courier-y-alejan-a-jefes-de-boa-y-naabol\/","url":"https:\/\/www.eldiario.net\/portal\/2023\/06\/07\/aprehenden-a-duenos-de-courier-y-alejan-a-jefes-de-boa-y-naabol\/","name":"Aprehenden a due\u00f1os de courier y alejan a jefes de BoA y Naabol - El Diario - Bolivia","isPartOf":{"@id":"https:\/\/www.eldiario.net\/portal\/#website"},"primaryImageOfPage":{"@id":"https:\/\/www.eldiario.net\/portal\/2023\/06\/07\/aprehenden-a-duenos-de-courier-y-alejan-a-jefes-de-boa-y-naabol\/#primaryimage"},"image":{"@id":"https:\/\/www.eldiario.net\/portal\/2023\/06\/07\/aprehenden-a-duenos-de-courier-y-alejan-a-jefes-de-boa-y-naabol\/#primaryimage"},"thumbnailUrl":"https:\/\/www.eldiario.net\/portal\/wp-content\/uploads\/2023\/06\/P-1-15-cm-x-11-1-scaled-1.jpg","datePublished":"2023-06-07T10:22:30+00:00","breadcrumb":{"@id":"https:\/\/www.eldiario.net\/portal\/2023\/06\/07\/aprehenden-a-duenos-de-courier-y-alejan-a-jefes-de-boa-y-naabol\/#breadcrumb"},"inLanguage":"es","potentialAction":[{"@type":"ReadAction","target":["https:\/\/www.eldiario.net\/portal\/2023\/06\/07\/aprehenden-a-duenos-de-courier-y-alejan-a-jefes-de-boa-y-naabol\/"]}]},{"@type":"ImageObject","inLanguage":"es","@id":"https:\/\/www.eldiario.net\/portal\/2023\/06\/07\/aprehenden-a-duenos-de-courier-y-alejan-a-jefes-de-boa-y-naabol\/#primaryimage","url":"https:\/\/www.eldiario.net\/portal\/wp-content\/uploads\/2023\/06\/P-1-15-cm-x-11-1-scaled-1.jpg","contentUrl":"https:\/\/www.eldiario.net\/portal\/wp-content\/uploads\/2023\/06\/P-1-15-cm-x-11-1-scaled-1.jpg","width":2560,"height":2092,"caption":"La Fuerza Especial de Lucha Contra el Narcotr\u00e1fico allan\u00f3 el aeropuerto de Viru Viru en Santa Cruz en el marco de las investigaciones por el env\u00edo de casi media tonelada de coca\u00edna."},{"@type":"BreadcrumbList","@id":"https:\/\/www.eldiario.net\/portal\/2023\/06\/07\/aprehenden-a-duenos-de-courier-y-alejan-a-jefes-de-boa-y-naabol\/#breadcrumb","itemListElement":[{"@type":"ListItem","position":1,"name":"Portada","item":"https:\/\/www.eldiario.net\/portal\/"},{"@type":"ListItem","position":2,"name":"Aprehenden a due\u00f1os de courier y alejan a jefes de BoA y Naabol"}]},{"@type":"WebSite","@id":"https:\/\/www.eldiario.net\/portal\/#website","url":"https:\/\/www.eldiario.net\/portal\/","name":"El Diario - Decano de la prensa nacional","description":"El Diario - Decano de la prensa nacional","publisher":{"@id":"https:\/\/www.eldiario.net\/portal\/#organization"},"potentialAction":[{"@type":"SearchAction","target":{"@type":"EntryPoint","urlTemplate":"https:\/\/www.eldiario.net\/portal\/?s={search_term_string}"},"query-input":{"@type":"PropertyValueSpecification","valueRequired":true,"valueName":"search_term_string"}}],"inLanguage":"es"},{"@type":"Organization","@id":"https:\/\/www.eldiario.net\/portal\/#organization","name":"El Diario - Decano de la prensa nacional","url":"https:\/\/www.eldiario.net\/portal\/","logo":{"@type":"ImageObject","inLanguage":"es","@id":"https:\/\/www.eldiario.net\/portal\/#\/schema\/logo\/image\/","url":"https:\/\/www.eldiario.net\/portal\/wp-content\/uploads\/2023\/07\/logo_ED.jpg","contentUrl":"https:\/\/www.eldiario.net\/portal\/wp-content\/uploads\/2023\/07\/logo_ED.jpg","width":272,"height":52,"caption":"El Diario - Decano de la prensa nacional"},"image":{"@id":"https:\/\/www.eldiario.net\/portal\/#\/schema\/logo\/image\/"},"sameAs":["https:\/\/www.facebook.com\/eldiario.bolivia\/","https:\/\/x.com\/eldiario_net"]},{"@type":"Person","@id":"https:\/\/www.eldiario.net\/portal\/#\/schema\/person\/f46445640444750d7d753ccd04ae01b7","name":"Jeanette","image":{"@type":"ImageObject","inLanguage":"es","@id":"https:\/\/secure.gravatar.com\/avatar\/3ea2118a5f7dad2b7138b1187a6b7ee55f160b9968b66013c3a3ef39dd7e5798?s=96&d=mm&r=g","url":"https:\/\/secure.gravatar.com\/avatar\/3ea2118a5f7dad2b7138b1187a6b7ee55f160b9968b66013c3a3ef39dd7e5798?s=96&d=mm&r=g","contentUrl":"https:\/\/secure.gravatar.com\/avatar\/3ea2118a5f7dad2b7138b1187a6b7ee55f160b9968b66013c3a3ef39dd7e5798?s=96&d=mm&r=g","caption":"Jeanette"},"sameAs":["https:\/\/www.eldiario.net\/portal"],"url":"https:\/\/www.eldiario.net\/portal\/author\/jeanette\/"}]}},"_links":{"self":[{"href":"https:\/\/www.eldiario.net\/portal\/wp-json\/wp\/v2\/posts\/158643","targetHints":{"allow":["GET"]}}],"collection":[{"href":"https:\/\/www.eldiario.net\/portal\/wp-json\/wp\/v2\/posts"}],"about":[{"href":"https:\/\/www.eldiario.net\/portal\/wp-json\/wp\/v2\/types\/post"}],"author":[{"embeddable":true,"href":"https:\/\/www.eldiario.net\/portal\/wp-json\/wp\/v2\/users\/1"}],"replies":[{"embeddable":true,"href":"https:\/\/www.eldiario.net\/portal\/wp-json\/wp\/v2\/comments?post=158643"}],"version-history":[{"count":0,"href":"https:\/\/www.eldiario.net\/portal\/wp-json\/wp\/v2\/posts\/158643\/revisions"}],"wp:featuredmedia":[{"embeddable":true,"href":"https:\/\/www.eldiario.net\/portal\/wp-json\/wp\/v2\/media\/158644"}],"wp:attachment":[{"href":"https:\/\/www.eldiario.net\/portal\/wp-json\/wp\/v2\/media?parent=158643"}],"wp:term":[{"taxonomy":"category","embeddable":true,"href":"https:\/\/www.eldiario.net\/portal\/wp-json\/wp\/v2\/categories?post=158643"},{"taxonomy":"post_tag","embeddable":true,"href":"https:\/\/www.eldiario.net\/portal\/wp-json\/wp\/v2\/tags?post=158643"}],"curies":[{"name":"wp","href":"https:\/\/api.w.org\/{rel}","templated":true}]}}