{"id":158623,"date":"2023-06-07T06:11:45","date_gmt":"2023-06-07T10:11:45","guid":{"rendered":"https:\/\/www.eldiario.net\/portal\/?p=158623"},"modified":"2023-06-07T06:11:45","modified_gmt":"2023-06-07T10:11:45","slug":"retrocesos-y-avance-para-nuevos-magistrados","status":"publish","type":"post","link":"https:\/\/www.eldiario.net\/portal\/2023\/06\/07\/retrocesos-y-avance-para-nuevos-magistrados\/","title":{"rendered":"Retrocesos y avance  para nuevos magistrados"},"content":{"rendered":"<p><em><span class=\"dropcap \" style=\"background-color: #ffffff; color: #000000; border-color: #ffffff;\">S<\/span>e puede considerar que la marcha &#8211;en medio de escollos visibles e invisibles&#8211; hacia la selecci\u00f3n y elecciones de 94 magistrados para cuatro \u00f3rganos del sistema judicial boliviano, finalmente est\u00e1 avanzando hacia el objetivo final de realizar elecciones populares para elegir a los candidatos ya elegidos con anterioridad.<\/em><br \/>\n<em>En efecto, la C\u00e1mara de Senadores sancion\u00f3 un proyecto de ley remitido por la C\u00e1mara Baja disminuyendo a\u00fan m\u00e1s los plazos para las elecciones judiciales que, posiblemente, se realicen a principios de diciembre, siempre que se sobrepase una serie de obst\u00e1culos visibles e invisibles que a\u00fan se presentan en el recorrido.<\/em><br \/>\n<em>El nuevo Proyecto de Ley establece nuevos plazos en el proceso de preselecci\u00f3n de candidatos a magistrados para la conformaci\u00f3n del Tribunal Constitucional, Tribunal Supremo de Justicia, Tribunal Agroambiental y Consejo de la Magistratura. <\/em><br \/>\n<em>Al mismo tiempo, el proyecto se refiere a la organizaci\u00f3n y realizaci\u00f3n de la votaci\u00f3n popular en la gesti\u00f3n 2025, punto que origin\u00f3 candente debate entre los senadores. Ese punto admite que el Tribunal Legislativo garantizar\u00e1 que, del total de personas preseleccionadas, el 50 por ciento sean mujeres y se incluya candidatas y candidatos con identificaci\u00f3n ind\u00edgena originaria campesina.<\/em><br \/>\n<em>Por otro lado, la ley sancionada retrocede de 80 a 70 d\u00edas para la postulaci\u00f3n y preselecci\u00f3n de postulantes y de 150 hasta 120 d\u00edas el plazo para la organizaci\u00f3n y realizaci\u00f3n de las elecciones que estar\u00e1n a cargo del Tribunal Supremo Electoral.<\/em><br \/>\n<em>Como es de observar, la ya morosa preparaci\u00f3n y realizaci\u00f3n de la elecci\u00f3n de magistrados por voto popular, no solo es dif\u00edcil, sino tambi\u00e9n lenta y con dificultades de todo g\u00e9nero. Es m\u00e1s, para llegar a su culminaci\u00f3n, el Proyecto de Ley y otras varias etapas de decisi\u00f3n, todav\u00eda tendr\u00e1n que pasar por las horcas caudinas e inclusive sobrepasar dificultades de consideraci\u00f3n, a tal extremo que, en caso de no llegarse a soluciones definitivas, la decisi\u00f3n final de elecci\u00f3n de los 94 magistrados, tendr\u00eda que realizarse por v\u00eda de un decreto supremo, \u00faltima palabra para construir el edificio judicial hasta en sus detalles.<\/em><br \/>\n<em>En ese sentido, se tiene la impresi\u00f3n de que la nominaci\u00f3n de magistrados por v\u00eda de la elecci\u00f3n popular, establecida por la Constituci\u00f3n del a\u00f1o 2009, encuentra en su realizaci\u00f3n tal cantidad de problemas que originan la desconfianza general y permiten vislumbrar que la reforma judicial resultar\u00eda cada vez m\u00e1s remota. Al mismo tiempo, no se dejar\u00eda de pensar que la elecci\u00f3n de magistrados \u201cdesde arriba\u201d no es la correcta y que, para el futuro, se debe pensar en la elecci\u00f3n de esas altas autoridades judiciales, por un sistema que venga de \u201cabajo hacia arriba\u201d, que ser\u00eda el \u00fanico que garantice que la justicia act\u00faa independiente de otros poderes. El hecho de que la elecci\u00f3n popular de magistrados sea resultado de selecci\u00f3n previa de candidatos, por \u00f3rganos ajenos, podr\u00eda originar nuevos conflictos y que la receta resulte peor que la enfermedad.<\/em><\/p>\n","protected":false},"excerpt":{"rendered":"<p>Se puede considerar que la marcha &#8211;en medio de escollos visibles e invisibles&#8211; hacia la selecci\u00f3n y elecciones de 94 magistrados para cuatro \u00f3rganos del sistema judicial boliviano, finalmente est\u00e1 avanzando hacia el objetivo final de realizar elecciones populares para elegir a los candidatos ya elegidos con anterioridad. En efecto, la C\u00e1mara de Senadores sancion\u00f3 [&hellip;]<\/p>\n","protected":false},"author":1,"featured_media":0,"comment_status":"closed","ping_status":"closed","sticky":false,"template":"","format":"standard","meta":{"_acf_changed":false,"footnotes":""},"categories":[4],"tags":[],"class_list":["post-158623","post","type-post","status-publish","format-standard","category-editorial"],"acf":{"antetitulo":""},"yoast_head":"<!-- This site is optimized with the Yoast SEO plugin v28.4 - https:\/\/yoast.com\/product\/yoast-seo-wordpress\/ -->\n<title>Retrocesos y avance para nuevos magistrados - El Diario - Bolivia<\/title>\n<meta name=\"robots\" content=\"index, follow, max-snippet:-1, max-image-preview:large, max-video-preview:-1\" \/>\n<link rel=\"canonical\" href=\"https:\/\/www.eldiario.net\/portal\/2023\/06\/07\/retrocesos-y-avance-para-nuevos-magistrados\/\" \/>\n<meta property=\"og:locale\" content=\"es_ES\" \/>\n<meta property=\"og:type\" content=\"article\" \/>\n<meta property=\"og:title\" content=\"Retrocesos y avance para nuevos magistrados - El Diario - Bolivia\" \/>\n<meta property=\"og:description\" content=\"Se puede considerar que la marcha &#8211;en medio de escollos visibles e invisibles&#8211; hacia la selecci\u00f3n y elecciones de 94 magistrados para cuatro \u00f3rganos del sistema judicial boliviano, finalmente est\u00e1 avanzando hacia el objetivo final de realizar elecciones populares para elegir a los candidatos ya elegidos con anterioridad. En efecto, la C\u00e1mara de Senadores sancion\u00f3 [&hellip;]\" \/>\n<meta property=\"og:url\" content=\"https:\/\/www.eldiario.net\/portal\/2023\/06\/07\/retrocesos-y-avance-para-nuevos-magistrados\/\" \/>\n<meta property=\"og:site_name\" content=\"El Diario - Bolivia\" \/>\n<meta property=\"article:publisher\" content=\"https:\/\/www.facebook.com\/eldiario.bolivia\/\" \/>\n<meta property=\"article:published_time\" content=\"2023-06-07T10:11:45+00:00\" \/>\n<meta name=\"author\" content=\"Jeanette\" \/>\n<meta name=\"twitter:card\" content=\"summary_large_image\" \/>\n<meta name=\"twitter:creator\" content=\"@eldiario_net\" \/>\n<meta name=\"twitter:site\" content=\"@eldiario_net\" \/>\n<meta name=\"twitter:label1\" content=\"Escrito por\" \/>\n\t<meta name=\"twitter:data1\" content=\"Jeanette\" \/>\n\t<meta name=\"twitter:label2\" content=\"Tiempo de lectura\" \/>\n\t<meta name=\"twitter:data2\" content=\"3 minutos\" \/>\n<script type=\"application\/ld+json\" class=\"yoast-schema-graph\">{\"@context\":\"https:\\\/\\\/schema.org\",\"@graph\":[{\"@type\":\"Article\",\"@id\":\"https:\\\/\\\/www.eldiario.net\\\/portal\\\/2023\\\/06\\\/07\\\/retrocesos-y-avance-para-nuevos-magistrados\\\/#article\",\"isPartOf\":{\"@id\":\"https:\\\/\\\/www.eldiario.net\\\/portal\\\/2023\\\/06\\\/07\\\/retrocesos-y-avance-para-nuevos-magistrados\\\/\"},\"author\":{\"name\":\"Jeanette\",\"@id\":\"https:\\\/\\\/www.eldiario.net\\\/portal\\\/#\\\/schema\\\/person\\\/f46445640444750d7d753ccd04ae01b7\"},\"headline\":\"Retrocesos y avance para nuevos magistrados\",\"datePublished\":\"2023-06-07T10:11:45+00:00\",\"mainEntityOfPage\":{\"@id\":\"https:\\\/\\\/www.eldiario.net\\\/portal\\\/2023\\\/06\\\/07\\\/retrocesos-y-avance-para-nuevos-magistrados\\\/\"},\"wordCount\":531,\"publisher\":{\"@id\":\"https:\\\/\\\/www.eldiario.net\\\/portal\\\/#organization\"},\"articleSection\":[\"Editorial\"],\"inLanguage\":\"es\"},{\"@type\":\"WebPage\",\"@id\":\"https:\\\/\\\/www.eldiario.net\\\/portal\\\/2023\\\/06\\\/07\\\/retrocesos-y-avance-para-nuevos-magistrados\\\/\",\"url\":\"https:\\\/\\\/www.eldiario.net\\\/portal\\\/2023\\\/06\\\/07\\\/retrocesos-y-avance-para-nuevos-magistrados\\\/\",\"name\":\"Retrocesos y avance para nuevos magistrados - El Diario - Bolivia\",\"isPartOf\":{\"@id\":\"https:\\\/\\\/www.eldiario.net\\\/portal\\\/#website\"},\"datePublished\":\"2023-06-07T10:11:45+00:00\",\"breadcrumb\":{\"@id\":\"https:\\\/\\\/www.eldiario.net\\\/portal\\\/2023\\\/06\\\/07\\\/retrocesos-y-avance-para-nuevos-magistrados\\\/#breadcrumb\"},\"inLanguage\":\"es\",\"potentialAction\":[{\"@type\":\"ReadAction\",\"target\":[\"https:\\\/\\\/www.eldiario.net\\\/portal\\\/2023\\\/06\\\/07\\\/retrocesos-y-avance-para-nuevos-magistrados\\\/\"]}]},{\"@type\":\"BreadcrumbList\",\"@id\":\"https:\\\/\\\/www.eldiario.net\\\/portal\\\/2023\\\/06\\\/07\\\/retrocesos-y-avance-para-nuevos-magistrados\\\/#breadcrumb\",\"itemListElement\":[{\"@type\":\"ListItem\",\"position\":1,\"name\":\"Portada\",\"item\":\"https:\\\/\\\/www.eldiario.net\\\/portal\\\/\"},{\"@type\":\"ListItem\",\"position\":2,\"name\":\"Retrocesos y avance para nuevos magistrados\"}]},{\"@type\":\"WebSite\",\"@id\":\"https:\\\/\\\/www.eldiario.net\\\/portal\\\/#website\",\"url\":\"https:\\\/\\\/www.eldiario.net\\\/portal\\\/\",\"name\":\"El Diario - Decano de la prensa nacional\",\"description\":\"El Diario - Decano de la prensa nacional\",\"publisher\":{\"@id\":\"https:\\\/\\\/www.eldiario.net\\\/portal\\\/#organization\"},\"potentialAction\":[{\"@type\":\"SearchAction\",\"target\":{\"@type\":\"EntryPoint\",\"urlTemplate\":\"https:\\\/\\\/www.eldiario.net\\\/portal\\\/?s={search_term_string}\"},\"query-input\":{\"@type\":\"PropertyValueSpecification\",\"valueRequired\":true,\"valueName\":\"search_term_string\"}}],\"inLanguage\":\"es\"},{\"@type\":\"Organization\",\"@id\":\"https:\\\/\\\/www.eldiario.net\\\/portal\\\/#organization\",\"name\":\"El Diario - Decano de la prensa nacional\",\"url\":\"https:\\\/\\\/www.eldiario.net\\\/portal\\\/\",\"logo\":{\"@type\":\"ImageObject\",\"inLanguage\":\"es\",\"@id\":\"https:\\\/\\\/www.eldiario.net\\\/portal\\\/#\\\/schema\\\/logo\\\/image\\\/\",\"url\":\"https:\\\/\\\/www.eldiario.net\\\/portal\\\/wp-content\\\/uploads\\\/2023\\\/07\\\/logo_ED.jpg\",\"contentUrl\":\"https:\\\/\\\/www.eldiario.net\\\/portal\\\/wp-content\\\/uploads\\\/2023\\\/07\\\/logo_ED.jpg\",\"width\":272,\"height\":52,\"caption\":\"El Diario - Decano de la prensa nacional\"},\"image\":{\"@id\":\"https:\\\/\\\/www.eldiario.net\\\/portal\\\/#\\\/schema\\\/logo\\\/image\\\/\"},\"sameAs\":[\"https:\\\/\\\/www.facebook.com\\\/eldiario.bolivia\\\/\",\"https:\\\/\\\/x.com\\\/eldiario_net\"]},{\"@type\":\"Person\",\"@id\":\"https:\\\/\\\/www.eldiario.net\\\/portal\\\/#\\\/schema\\\/person\\\/f46445640444750d7d753ccd04ae01b7\",\"name\":\"Jeanette\",\"image\":{\"@type\":\"ImageObject\",\"inLanguage\":\"es\",\"@id\":\"https:\\\/\\\/secure.gravatar.com\\\/avatar\\\/3ea2118a5f7dad2b7138b1187a6b7ee55f160b9968b66013c3a3ef39dd7e5798?s=96&d=mm&r=g\",\"url\":\"https:\\\/\\\/secure.gravatar.com\\\/avatar\\\/3ea2118a5f7dad2b7138b1187a6b7ee55f160b9968b66013c3a3ef39dd7e5798?s=96&d=mm&r=g\",\"contentUrl\":\"https:\\\/\\\/secure.gravatar.com\\\/avatar\\\/3ea2118a5f7dad2b7138b1187a6b7ee55f160b9968b66013c3a3ef39dd7e5798?s=96&d=mm&r=g\",\"caption\":\"Jeanette\"},\"sameAs\":[\"https:\\\/\\\/www.eldiario.net\\\/portal\"],\"url\":\"https:\\\/\\\/www.eldiario.net\\\/portal\\\/author\\\/jeanette\\\/\"}]}<\/script>\n<!-- \/ Yoast SEO plugin. -->","yoast_head_json":{"title":"Retrocesos y avance para nuevos magistrados - El Diario - Bolivia","robots":{"index":"index","follow":"follow","max-snippet":"max-snippet:-1","max-image-preview":"max-image-preview:large","max-video-preview":"max-video-preview:-1"},"canonical":"https:\/\/www.eldiario.net\/portal\/2023\/06\/07\/retrocesos-y-avance-para-nuevos-magistrados\/","og_locale":"es_ES","og_type":"article","og_title":"Retrocesos y avance para nuevos magistrados - El Diario - Bolivia","og_description":"Se puede considerar que la marcha &#8211;en medio de escollos visibles e invisibles&#8211; hacia la selecci\u00f3n y elecciones de 94 magistrados para cuatro \u00f3rganos del sistema judicial boliviano, finalmente est\u00e1 avanzando hacia el objetivo final de realizar elecciones populares para elegir a los candidatos ya elegidos con anterioridad. En efecto, la C\u00e1mara de Senadores sancion\u00f3 [&hellip;]","og_url":"https:\/\/www.eldiario.net\/portal\/2023\/06\/07\/retrocesos-y-avance-para-nuevos-magistrados\/","og_site_name":"El Diario - Bolivia","article_publisher":"https:\/\/www.facebook.com\/eldiario.bolivia\/","article_published_time":"2023-06-07T10:11:45+00:00","author":"Jeanette","twitter_card":"summary_large_image","twitter_creator":"@eldiario_net","twitter_site":"@eldiario_net","twitter_misc":{"Escrito por":"Jeanette","Tiempo de lectura":"3 minutos"},"schema":{"@context":"https:\/\/schema.org","@graph":[{"@type":"Article","@id":"https:\/\/www.eldiario.net\/portal\/2023\/06\/07\/retrocesos-y-avance-para-nuevos-magistrados\/#article","isPartOf":{"@id":"https:\/\/www.eldiario.net\/portal\/2023\/06\/07\/retrocesos-y-avance-para-nuevos-magistrados\/"},"author":{"name":"Jeanette","@id":"https:\/\/www.eldiario.net\/portal\/#\/schema\/person\/f46445640444750d7d753ccd04ae01b7"},"headline":"Retrocesos y avance para nuevos magistrados","datePublished":"2023-06-07T10:11:45+00:00","mainEntityOfPage":{"@id":"https:\/\/www.eldiario.net\/portal\/2023\/06\/07\/retrocesos-y-avance-para-nuevos-magistrados\/"},"wordCount":531,"publisher":{"@id":"https:\/\/www.eldiario.net\/portal\/#organization"},"articleSection":["Editorial"],"inLanguage":"es"},{"@type":"WebPage","@id":"https:\/\/www.eldiario.net\/portal\/2023\/06\/07\/retrocesos-y-avance-para-nuevos-magistrados\/","url":"https:\/\/www.eldiario.net\/portal\/2023\/06\/07\/retrocesos-y-avance-para-nuevos-magistrados\/","name":"Retrocesos y avance para nuevos magistrados - El Diario - Bolivia","isPartOf":{"@id":"https:\/\/www.eldiario.net\/portal\/#website"},"datePublished":"2023-06-07T10:11:45+00:00","breadcrumb":{"@id":"https:\/\/www.eldiario.net\/portal\/2023\/06\/07\/retrocesos-y-avance-para-nuevos-magistrados\/#breadcrumb"},"inLanguage":"es","potentialAction":[{"@type":"ReadAction","target":["https:\/\/www.eldiario.net\/portal\/2023\/06\/07\/retrocesos-y-avance-para-nuevos-magistrados\/"]}]},{"@type":"BreadcrumbList","@id":"https:\/\/www.eldiario.net\/portal\/2023\/06\/07\/retrocesos-y-avance-para-nuevos-magistrados\/#breadcrumb","itemListElement":[{"@type":"ListItem","position":1,"name":"Portada","item":"https:\/\/www.eldiario.net\/portal\/"},{"@type":"ListItem","position":2,"name":"Retrocesos y avance para nuevos magistrados"}]},{"@type":"WebSite","@id":"https:\/\/www.eldiario.net\/portal\/#website","url":"https:\/\/www.eldiario.net\/portal\/","name":"El Diario - Decano de la prensa nacional","description":"El Diario - Decano de la prensa nacional","publisher":{"@id":"https:\/\/www.eldiario.net\/portal\/#organization"},"potentialAction":[{"@type":"SearchAction","target":{"@type":"EntryPoint","urlTemplate":"https:\/\/www.eldiario.net\/portal\/?s={search_term_string}"},"query-input":{"@type":"PropertyValueSpecification","valueRequired":true,"valueName":"search_term_string"}}],"inLanguage":"es"},{"@type":"Organization","@id":"https:\/\/www.eldiario.net\/portal\/#organization","name":"El Diario - Decano de la prensa nacional","url":"https:\/\/www.eldiario.net\/portal\/","logo":{"@type":"ImageObject","inLanguage":"es","@id":"https:\/\/www.eldiario.net\/portal\/#\/schema\/logo\/image\/","url":"https:\/\/www.eldiario.net\/portal\/wp-content\/uploads\/2023\/07\/logo_ED.jpg","contentUrl":"https:\/\/www.eldiario.net\/portal\/wp-content\/uploads\/2023\/07\/logo_ED.jpg","width":272,"height":52,"caption":"El Diario - Decano de la prensa nacional"},"image":{"@id":"https:\/\/www.eldiario.net\/portal\/#\/schema\/logo\/image\/"},"sameAs":["https:\/\/www.facebook.com\/eldiario.bolivia\/","https:\/\/x.com\/eldiario_net"]},{"@type":"Person","@id":"https:\/\/www.eldiario.net\/portal\/#\/schema\/person\/f46445640444750d7d753ccd04ae01b7","name":"Jeanette","image":{"@type":"ImageObject","inLanguage":"es","@id":"https:\/\/secure.gravatar.com\/avatar\/3ea2118a5f7dad2b7138b1187a6b7ee55f160b9968b66013c3a3ef39dd7e5798?s=96&d=mm&r=g","url":"https:\/\/secure.gravatar.com\/avatar\/3ea2118a5f7dad2b7138b1187a6b7ee55f160b9968b66013c3a3ef39dd7e5798?s=96&d=mm&r=g","contentUrl":"https:\/\/secure.gravatar.com\/avatar\/3ea2118a5f7dad2b7138b1187a6b7ee55f160b9968b66013c3a3ef39dd7e5798?s=96&d=mm&r=g","caption":"Jeanette"},"sameAs":["https:\/\/www.eldiario.net\/portal"],"url":"https:\/\/www.eldiario.net\/portal\/author\/jeanette\/"}]}},"_links":{"self":[{"href":"https:\/\/www.eldiario.net\/portal\/wp-json\/wp\/v2\/posts\/158623","targetHints":{"allow":["GET"]}}],"collection":[{"href":"https:\/\/www.eldiario.net\/portal\/wp-json\/wp\/v2\/posts"}],"about":[{"href":"https:\/\/www.eldiario.net\/portal\/wp-json\/wp\/v2\/types\/post"}],"author":[{"embeddable":true,"href":"https:\/\/www.eldiario.net\/portal\/wp-json\/wp\/v2\/users\/1"}],"replies":[{"embeddable":true,"href":"https:\/\/www.eldiario.net\/portal\/wp-json\/wp\/v2\/comments?post=158623"}],"version-history":[{"count":0,"href":"https:\/\/www.eldiario.net\/portal\/wp-json\/wp\/v2\/posts\/158623\/revisions"}],"wp:attachment":[{"href":"https:\/\/www.eldiario.net\/portal\/wp-json\/wp\/v2\/media?parent=158623"}],"wp:term":[{"taxonomy":"category","embeddable":true,"href":"https:\/\/www.eldiario.net\/portal\/wp-json\/wp\/v2\/categories?post=158623"},{"taxonomy":"post_tag","embeddable":true,"href":"https:\/\/www.eldiario.net\/portal\/wp-json\/wp\/v2\/tags?post=158623"}],"curies":[{"name":"wp","href":"https:\/\/api.w.org\/{rel}","templated":true}]}}