{"id":158620,"date":"2023-06-07T06:11:15","date_gmt":"2023-06-07T10:11:15","guid":{"rendered":"https:\/\/www.eldiario.net\/portal\/?p=158620"},"modified":"2023-06-07T06:11:15","modified_gmt":"2023-06-07T10:11:15","slug":"que-nos-tengan-en-cuenta","status":"publish","type":"post","link":"https:\/\/www.eldiario.net\/portal\/2023\/06\/07\/que-nos-tengan-en-cuenta\/","title":{"rendered":"Que nos tengan en cuenta"},"content":{"rendered":"<p>Muchas personas tienen el sentimiento de que su infelicidad es demasiado grande y de que el poder est\u00e1 demasiado lejos; no tienen la sensaci\u00f3n de saberse reconocidas y escuchadas por los que poseen los medios para tomar decisiones. Los ciudadanos aspiran a un papel m\u00e1s activo, m\u00e1s inmediato y ligado a su marco de vida. Hay un desfase entre las instituciones existentes y las preocupaciones de los ciudadanos. A pesar de las apariencias, las conquistas sociales de un Estado de bienestar est\u00e1n en peligro y, con ellas, la democracia.<br \/>\nLa ambici\u00f3n principal de la democracia es luchar contra la pobreza, la injusticia y la iniquidad: denunciar sin descanso a los falsos profetas. Los medios de comunicaci\u00f3n tienen que explicar, analizar y favorecer el civismo de los ciudadanos; de ah\u00ed que sea preciso trabajar en ese campo con profesionalidad y rigor intelectual.<br \/>\n\u00bfCu\u00e1l es el verdadero papel de los medios de comunicaci\u00f3n y de los grupos de presi\u00f3n, de las universidades y de los centros de formaci\u00f3n? Las grandes migraciones provocadas por la pobreza son un grito ante la injusticia que tenemos que escuchar para actuar sin contemplaciones. Que nos muevan a la acci\u00f3n apoyada en un pensamiento cr\u00edtico frente a la inercia de un pensamiento \u00fanico que nos domina en todos los \u00e1mbitos de la vida.<br \/>\nLa mundializaci\u00f3n convierte a las econom\u00edas en dependientes unas de otras mientras los mercados financieros establecen una red f\u00e9rrea e invisible que atrapa a los pa\u00edses y controla a los gobiernos. El hombre contempor\u00e1neo, no contento con extender la l\u00f3gica mercantil al conjunto de las actividades sociales, integra dicha l\u00f3gica a la propia vida y nos amenaza con convertirnos en un mercado de materias primas gen\u00e9ticas.<br \/>\nLas sociedades occidentales ya no se ven con claridad en el espejo del futuro: parecen atormentadas por el paro, desconcertadas por la incertidumbre, asustadas ante las nuevas tecnolog\u00edas, conmocionadas por la globalizaci\u00f3n de la econom\u00eda, preocupadas por la degradaci\u00f3n del medio ambiente y desmoralizadas por la corrupci\u00f3n de los dirigentes.<br \/>\nControlado por los comerciantes, el modelo cultural se ha deslizado hacia lo insignificante, lo sensacional a lo vulgar. Es preciso alzarse en rebeld\u00eda para evitar que la civilizaci\u00f3n se hunda en la fascinaci\u00f3n del caos.<br \/>\nLa incertidumbre se ha convertido en la \u00fanica certeza. Estamos en una nueva Era. En medio de un largo y penoso proceso que, bajo una forma u otra, conduce a una sociedad global de la que a\u00fan no es posible imaginar su estructura probable. La era de los h\u00e9roes ha terminado; hoy se sabe ya que todo es solidario y conflictivo. Que el nuevo orden debe englobar todo en su campo de acci\u00f3n: la pol\u00edtica, la econom\u00eda, lo social, lo cultural y lo ecol\u00f3gico.<br \/>\nEl enemigo principal ha dejado de ser un\u00edvoco, escrib\u00eda Ignacio Ramonet. Se trata de un monstruo de mil caras que puede adoptar sucesivamente las apariencias de la explosi\u00f3n demogr\u00e1fica, la droga, el SIDA, las mafias criminales, los fanatismos \u00e9tnicos, el integrismo religioso, el efecto invernadero, la desertificaci\u00f3n, las grandes migraciones, las nubes radioactivas.<br \/>\nEn un planeta que cuenta con quinientos millones de ricos contra cinco mil millones de pobres, habr\u00e1 siempre razones para rebelarse. Y el economista Andr\u00e9 Gortz se\u00f1ala \u201cFrente a esta sociedad, convertida en extra\u00f1a para ella misma, tenemos dos tipos de rebeliones. Por un lado, las personas con capacidad cultural para asumir su autonom\u00eda exigen la creaci\u00f3n y la protecci\u00f3n de nuevos espacios de solidaridades autogestionadas y de actividades autodeterminadas contra el poder del Estado y el poder del dinero. Por otro, tenemos la reacci\u00f3n regresiva de aquellos que desear\u00edan volver a encontrar la seguridad de un orden premoderno, estable, jerarquizado, integrador, en el que desde el nacimiento cada cual tuviera su sitio asegurado y asignado por su pertenencia a su naci\u00f3n, religi\u00f3n o raza\u201d.<br \/>\nEs un hecho asumido por las mentes m\u00e1s sensibles de nuestro mundo que a la sociedad del consumo ha de sucederle la sociedad del reparto solidario. Despu\u00e9s de a\u00f1os de euforia financiera y de mentiras propagadas por el control que tienen en los medios, los ciudadanos vuelven a sentir un fuerte deseo de retorno a actividades virtuosas: la \u00e9tica, el trabajo bien hecho, la competencia que no la competitividad, la excelencia, la honestidad&#8230; Se trata del \u00fanico camino que permite preservar el planeta, proteger la naturaleza y salvar al hombre.<\/p>\n<p>El autor es Profesor Em\u00e9rito UCM.<\/p>\n","protected":false},"excerpt":{"rendered":"<p>Muchas personas tienen el sentimiento de que su infelicidad es demasiado grande y de que el poder est\u00e1 demasiado lejos; no tienen la sensaci\u00f3n de saberse reconocidas y escuchadas por los que poseen los medios para tomar decisiones. Los ciudadanos aspiran a un papel m\u00e1s activo, m\u00e1s inmediato y ligado a su marco de vida. [&hellip;]<\/p>\n","protected":false},"author":1,"featured_media":158621,"comment_status":"closed","ping_status":"closed","sticky":false,"template":"","format":"standard","meta":{"_acf_changed":false,"footnotes":""},"categories":[9],"tags":[],"class_list":["post-158620","post","type-post","status-publish","format-standard","has-post-thumbnail","category-opinion"],"acf":{"antetitulo":""},"yoast_head":"<!-- This site is optimized with the Yoast SEO plugin v28.4 - https:\/\/yoast.com\/product\/yoast-seo-wordpress\/ -->\n<title>Que nos tengan en cuenta - El Diario - Bolivia<\/title>\n<meta name=\"robots\" content=\"index, follow, max-snippet:-1, max-image-preview:large, max-video-preview:-1\" \/>\n<link rel=\"canonical\" href=\"https:\/\/www.eldiario.net\/portal\/2023\/06\/07\/que-nos-tengan-en-cuenta\/\" \/>\n<meta property=\"og:locale\" content=\"es_ES\" \/>\n<meta property=\"og:type\" content=\"article\" \/>\n<meta property=\"og:title\" content=\"Que nos tengan en cuenta - El Diario - Bolivia\" \/>\n<meta property=\"og:description\" content=\"Muchas personas tienen el sentimiento de que su infelicidad es demasiado grande y de que el poder est\u00e1 demasiado lejos; no tienen la sensaci\u00f3n de saberse reconocidas y escuchadas por los que poseen los medios para tomar decisiones. Los ciudadanos aspiran a un papel m\u00e1s activo, m\u00e1s inmediato y ligado a su marco de vida. [&hellip;]\" \/>\n<meta property=\"og:url\" content=\"https:\/\/www.eldiario.net\/portal\/2023\/06\/07\/que-nos-tengan-en-cuenta\/\" \/>\n<meta property=\"og:site_name\" content=\"El Diario - Bolivia\" \/>\n<meta property=\"article:publisher\" content=\"https:\/\/www.facebook.com\/eldiario.bolivia\/\" \/>\n<meta property=\"article:published_time\" content=\"2023-06-07T10:11:15+00:00\" \/>\n<meta property=\"og:image\" content=\"https:\/\/www.eldiario.net\/portal\/wp-content\/uploads\/2023\/06\/Jose-Carlos-Garcia-Fajardo.jpg\" \/>\n\t<meta property=\"og:image:width\" content=\"1200\" \/>\n\t<meta property=\"og:image:height\" content=\"628\" \/>\n\t<meta property=\"og:image:type\" content=\"image\/jpeg\" \/>\n<meta name=\"author\" content=\"Jeanette\" \/>\n<meta name=\"twitter:card\" content=\"summary_large_image\" \/>\n<meta name=\"twitter:creator\" content=\"@eldiario_net\" \/>\n<meta name=\"twitter:site\" content=\"@eldiario_net\" \/>\n<meta name=\"twitter:label1\" content=\"Escrito por\" \/>\n\t<meta name=\"twitter:data1\" content=\"Jeanette\" \/>\n\t<meta name=\"twitter:label2\" content=\"Tiempo de lectura\" \/>\n\t<meta name=\"twitter:data2\" content=\"4 minutos\" \/>\n<script type=\"application\/ld+json\" class=\"yoast-schema-graph\">{\"@context\":\"https:\\\/\\\/schema.org\",\"@graph\":[{\"@type\":\"Article\",\"@id\":\"https:\\\/\\\/www.eldiario.net\\\/portal\\\/2023\\\/06\\\/07\\\/que-nos-tengan-en-cuenta\\\/#article\",\"isPartOf\":{\"@id\":\"https:\\\/\\\/www.eldiario.net\\\/portal\\\/2023\\\/06\\\/07\\\/que-nos-tengan-en-cuenta\\\/\"},\"author\":{\"name\":\"Jeanette\",\"@id\":\"https:\\\/\\\/www.eldiario.net\\\/portal\\\/#\\\/schema\\\/person\\\/f46445640444750d7d753ccd04ae01b7\"},\"headline\":\"Que nos tengan en cuenta\",\"datePublished\":\"2023-06-07T10:11:15+00:00\",\"mainEntityOfPage\":{\"@id\":\"https:\\\/\\\/www.eldiario.net\\\/portal\\\/2023\\\/06\\\/07\\\/que-nos-tengan-en-cuenta\\\/\"},\"wordCount\":782,\"publisher\":{\"@id\":\"https:\\\/\\\/www.eldiario.net\\\/portal\\\/#organization\"},\"image\":{\"@id\":\"https:\\\/\\\/www.eldiario.net\\\/portal\\\/2023\\\/06\\\/07\\\/que-nos-tengan-en-cuenta\\\/#primaryimage\"},\"thumbnailUrl\":\"https:\\\/\\\/www.eldiario.net\\\/portal\\\/wp-content\\\/uploads\\\/2023\\\/06\\\/Jose-Carlos-Garcia-Fajardo.jpg\",\"articleSection\":[\"Opini\u00f3n\"],\"inLanguage\":\"es\"},{\"@type\":\"WebPage\",\"@id\":\"https:\\\/\\\/www.eldiario.net\\\/portal\\\/2023\\\/06\\\/07\\\/que-nos-tengan-en-cuenta\\\/\",\"url\":\"https:\\\/\\\/www.eldiario.net\\\/portal\\\/2023\\\/06\\\/07\\\/que-nos-tengan-en-cuenta\\\/\",\"name\":\"Que nos tengan en cuenta - El Diario - Bolivia\",\"isPartOf\":{\"@id\":\"https:\\\/\\\/www.eldiario.net\\\/portal\\\/#website\"},\"primaryImageOfPage\":{\"@id\":\"https:\\\/\\\/www.eldiario.net\\\/portal\\\/2023\\\/06\\\/07\\\/que-nos-tengan-en-cuenta\\\/#primaryimage\"},\"image\":{\"@id\":\"https:\\\/\\\/www.eldiario.net\\\/portal\\\/2023\\\/06\\\/07\\\/que-nos-tengan-en-cuenta\\\/#primaryimage\"},\"thumbnailUrl\":\"https:\\\/\\\/www.eldiario.net\\\/portal\\\/wp-content\\\/uploads\\\/2023\\\/06\\\/Jose-Carlos-Garcia-Fajardo.jpg\",\"datePublished\":\"2023-06-07T10:11:15+00:00\",\"breadcrumb\":{\"@id\":\"https:\\\/\\\/www.eldiario.net\\\/portal\\\/2023\\\/06\\\/07\\\/que-nos-tengan-en-cuenta\\\/#breadcrumb\"},\"inLanguage\":\"es\",\"potentialAction\":[{\"@type\":\"ReadAction\",\"target\":[\"https:\\\/\\\/www.eldiario.net\\\/portal\\\/2023\\\/06\\\/07\\\/que-nos-tengan-en-cuenta\\\/\"]}]},{\"@type\":\"ImageObject\",\"inLanguage\":\"es\",\"@id\":\"https:\\\/\\\/www.eldiario.net\\\/portal\\\/2023\\\/06\\\/07\\\/que-nos-tengan-en-cuenta\\\/#primaryimage\",\"url\":\"https:\\\/\\\/www.eldiario.net\\\/portal\\\/wp-content\\\/uploads\\\/2023\\\/06\\\/Jose-Carlos-Garcia-Fajardo.jpg\",\"contentUrl\":\"https:\\\/\\\/www.eldiario.net\\\/portal\\\/wp-content\\\/uploads\\\/2023\\\/06\\\/Jose-Carlos-Garcia-Fajardo.jpg\",\"width\":1200,\"height\":628,\"caption\":\"Jos\u00e9 Carlos Garc\u00eda Fajardo\"},{\"@type\":\"BreadcrumbList\",\"@id\":\"https:\\\/\\\/www.eldiario.net\\\/portal\\\/2023\\\/06\\\/07\\\/que-nos-tengan-en-cuenta\\\/#breadcrumb\",\"itemListElement\":[{\"@type\":\"ListItem\",\"position\":1,\"name\":\"Portada\",\"item\":\"https:\\\/\\\/www.eldiario.net\\\/portal\\\/\"},{\"@type\":\"ListItem\",\"position\":2,\"name\":\"Que nos tengan en cuenta\"}]},{\"@type\":\"WebSite\",\"@id\":\"https:\\\/\\\/www.eldiario.net\\\/portal\\\/#website\",\"url\":\"https:\\\/\\\/www.eldiario.net\\\/portal\\\/\",\"name\":\"El Diario - Decano de la prensa nacional\",\"description\":\"El Diario - Decano de la prensa nacional\",\"publisher\":{\"@id\":\"https:\\\/\\\/www.eldiario.net\\\/portal\\\/#organization\"},\"potentialAction\":[{\"@type\":\"SearchAction\",\"target\":{\"@type\":\"EntryPoint\",\"urlTemplate\":\"https:\\\/\\\/www.eldiario.net\\\/portal\\\/?s={search_term_string}\"},\"query-input\":{\"@type\":\"PropertyValueSpecification\",\"valueRequired\":true,\"valueName\":\"search_term_string\"}}],\"inLanguage\":\"es\"},{\"@type\":\"Organization\",\"@id\":\"https:\\\/\\\/www.eldiario.net\\\/portal\\\/#organization\",\"name\":\"El Diario - Decano de la prensa nacional\",\"url\":\"https:\\\/\\\/www.eldiario.net\\\/portal\\\/\",\"logo\":{\"@type\":\"ImageObject\",\"inLanguage\":\"es\",\"@id\":\"https:\\\/\\\/www.eldiario.net\\\/portal\\\/#\\\/schema\\\/logo\\\/image\\\/\",\"url\":\"https:\\\/\\\/www.eldiario.net\\\/portal\\\/wp-content\\\/uploads\\\/2023\\\/07\\\/logo_ED.jpg\",\"contentUrl\":\"https:\\\/\\\/www.eldiario.net\\\/portal\\\/wp-content\\\/uploads\\\/2023\\\/07\\\/logo_ED.jpg\",\"width\":272,\"height\":52,\"caption\":\"El Diario - Decano de la prensa nacional\"},\"image\":{\"@id\":\"https:\\\/\\\/www.eldiario.net\\\/portal\\\/#\\\/schema\\\/logo\\\/image\\\/\"},\"sameAs\":[\"https:\\\/\\\/www.facebook.com\\\/eldiario.bolivia\\\/\",\"https:\\\/\\\/x.com\\\/eldiario_net\"]},{\"@type\":\"Person\",\"@id\":\"https:\\\/\\\/www.eldiario.net\\\/portal\\\/#\\\/schema\\\/person\\\/f46445640444750d7d753ccd04ae01b7\",\"name\":\"Jeanette\",\"image\":{\"@type\":\"ImageObject\",\"inLanguage\":\"es\",\"@id\":\"https:\\\/\\\/secure.gravatar.com\\\/avatar\\\/3ea2118a5f7dad2b7138b1187a6b7ee55f160b9968b66013c3a3ef39dd7e5798?s=96&d=mm&r=g\",\"url\":\"https:\\\/\\\/secure.gravatar.com\\\/avatar\\\/3ea2118a5f7dad2b7138b1187a6b7ee55f160b9968b66013c3a3ef39dd7e5798?s=96&d=mm&r=g\",\"contentUrl\":\"https:\\\/\\\/secure.gravatar.com\\\/avatar\\\/3ea2118a5f7dad2b7138b1187a6b7ee55f160b9968b66013c3a3ef39dd7e5798?s=96&d=mm&r=g\",\"caption\":\"Jeanette\"},\"sameAs\":[\"https:\\\/\\\/www.eldiario.net\\\/portal\"],\"url\":\"https:\\\/\\\/www.eldiario.net\\\/portal\\\/author\\\/jeanette\\\/\"}]}<\/script>\n<!-- \/ Yoast SEO plugin. -->","yoast_head_json":{"title":"Que nos tengan en cuenta - El Diario - Bolivia","robots":{"index":"index","follow":"follow","max-snippet":"max-snippet:-1","max-image-preview":"max-image-preview:large","max-video-preview":"max-video-preview:-1"},"canonical":"https:\/\/www.eldiario.net\/portal\/2023\/06\/07\/que-nos-tengan-en-cuenta\/","og_locale":"es_ES","og_type":"article","og_title":"Que nos tengan en cuenta - El Diario - Bolivia","og_description":"Muchas personas tienen el sentimiento de que su infelicidad es demasiado grande y de que el poder est\u00e1 demasiado lejos; no tienen la sensaci\u00f3n de saberse reconocidas y escuchadas por los que poseen los medios para tomar decisiones. Los ciudadanos aspiran a un papel m\u00e1s activo, m\u00e1s inmediato y ligado a su marco de vida. [&hellip;]","og_url":"https:\/\/www.eldiario.net\/portal\/2023\/06\/07\/que-nos-tengan-en-cuenta\/","og_site_name":"El Diario - Bolivia","article_publisher":"https:\/\/www.facebook.com\/eldiario.bolivia\/","article_published_time":"2023-06-07T10:11:15+00:00","og_image":[{"width":1200,"height":628,"url":"https:\/\/www.eldiario.net\/portal\/wp-content\/uploads\/2023\/06\/Jose-Carlos-Garcia-Fajardo.jpg","type":"image\/jpeg"}],"author":"Jeanette","twitter_card":"summary_large_image","twitter_creator":"@eldiario_net","twitter_site":"@eldiario_net","twitter_misc":{"Escrito por":"Jeanette","Tiempo de lectura":"4 minutos"},"schema":{"@context":"https:\/\/schema.org","@graph":[{"@type":"Article","@id":"https:\/\/www.eldiario.net\/portal\/2023\/06\/07\/que-nos-tengan-en-cuenta\/#article","isPartOf":{"@id":"https:\/\/www.eldiario.net\/portal\/2023\/06\/07\/que-nos-tengan-en-cuenta\/"},"author":{"name":"Jeanette","@id":"https:\/\/www.eldiario.net\/portal\/#\/schema\/person\/f46445640444750d7d753ccd04ae01b7"},"headline":"Que nos tengan en cuenta","datePublished":"2023-06-07T10:11:15+00:00","mainEntityOfPage":{"@id":"https:\/\/www.eldiario.net\/portal\/2023\/06\/07\/que-nos-tengan-en-cuenta\/"},"wordCount":782,"publisher":{"@id":"https:\/\/www.eldiario.net\/portal\/#organization"},"image":{"@id":"https:\/\/www.eldiario.net\/portal\/2023\/06\/07\/que-nos-tengan-en-cuenta\/#primaryimage"},"thumbnailUrl":"https:\/\/www.eldiario.net\/portal\/wp-content\/uploads\/2023\/06\/Jose-Carlos-Garcia-Fajardo.jpg","articleSection":["Opini\u00f3n"],"inLanguage":"es"},{"@type":"WebPage","@id":"https:\/\/www.eldiario.net\/portal\/2023\/06\/07\/que-nos-tengan-en-cuenta\/","url":"https:\/\/www.eldiario.net\/portal\/2023\/06\/07\/que-nos-tengan-en-cuenta\/","name":"Que nos tengan en cuenta - El Diario - Bolivia","isPartOf":{"@id":"https:\/\/www.eldiario.net\/portal\/#website"},"primaryImageOfPage":{"@id":"https:\/\/www.eldiario.net\/portal\/2023\/06\/07\/que-nos-tengan-en-cuenta\/#primaryimage"},"image":{"@id":"https:\/\/www.eldiario.net\/portal\/2023\/06\/07\/que-nos-tengan-en-cuenta\/#primaryimage"},"thumbnailUrl":"https:\/\/www.eldiario.net\/portal\/wp-content\/uploads\/2023\/06\/Jose-Carlos-Garcia-Fajardo.jpg","datePublished":"2023-06-07T10:11:15+00:00","breadcrumb":{"@id":"https:\/\/www.eldiario.net\/portal\/2023\/06\/07\/que-nos-tengan-en-cuenta\/#breadcrumb"},"inLanguage":"es","potentialAction":[{"@type":"ReadAction","target":["https:\/\/www.eldiario.net\/portal\/2023\/06\/07\/que-nos-tengan-en-cuenta\/"]}]},{"@type":"ImageObject","inLanguage":"es","@id":"https:\/\/www.eldiario.net\/portal\/2023\/06\/07\/que-nos-tengan-en-cuenta\/#primaryimage","url":"https:\/\/www.eldiario.net\/portal\/wp-content\/uploads\/2023\/06\/Jose-Carlos-Garcia-Fajardo.jpg","contentUrl":"https:\/\/www.eldiario.net\/portal\/wp-content\/uploads\/2023\/06\/Jose-Carlos-Garcia-Fajardo.jpg","width":1200,"height":628,"caption":"Jos\u00e9 Carlos Garc\u00eda Fajardo"},{"@type":"BreadcrumbList","@id":"https:\/\/www.eldiario.net\/portal\/2023\/06\/07\/que-nos-tengan-en-cuenta\/#breadcrumb","itemListElement":[{"@type":"ListItem","position":1,"name":"Portada","item":"https:\/\/www.eldiario.net\/portal\/"},{"@type":"ListItem","position":2,"name":"Que nos tengan en cuenta"}]},{"@type":"WebSite","@id":"https:\/\/www.eldiario.net\/portal\/#website","url":"https:\/\/www.eldiario.net\/portal\/","name":"El Diario - Decano de la prensa nacional","description":"El Diario - Decano de la prensa nacional","publisher":{"@id":"https:\/\/www.eldiario.net\/portal\/#organization"},"potentialAction":[{"@type":"SearchAction","target":{"@type":"EntryPoint","urlTemplate":"https:\/\/www.eldiario.net\/portal\/?s={search_term_string}"},"query-input":{"@type":"PropertyValueSpecification","valueRequired":true,"valueName":"search_term_string"}}],"inLanguage":"es"},{"@type":"Organization","@id":"https:\/\/www.eldiario.net\/portal\/#organization","name":"El Diario - Decano de la prensa nacional","url":"https:\/\/www.eldiario.net\/portal\/","logo":{"@type":"ImageObject","inLanguage":"es","@id":"https:\/\/www.eldiario.net\/portal\/#\/schema\/logo\/image\/","url":"https:\/\/www.eldiario.net\/portal\/wp-content\/uploads\/2023\/07\/logo_ED.jpg","contentUrl":"https:\/\/www.eldiario.net\/portal\/wp-content\/uploads\/2023\/07\/logo_ED.jpg","width":272,"height":52,"caption":"El Diario - Decano de la prensa nacional"},"image":{"@id":"https:\/\/www.eldiario.net\/portal\/#\/schema\/logo\/image\/"},"sameAs":["https:\/\/www.facebook.com\/eldiario.bolivia\/","https:\/\/x.com\/eldiario_net"]},{"@type":"Person","@id":"https:\/\/www.eldiario.net\/portal\/#\/schema\/person\/f46445640444750d7d753ccd04ae01b7","name":"Jeanette","image":{"@type":"ImageObject","inLanguage":"es","@id":"https:\/\/secure.gravatar.com\/avatar\/3ea2118a5f7dad2b7138b1187a6b7ee55f160b9968b66013c3a3ef39dd7e5798?s=96&d=mm&r=g","url":"https:\/\/secure.gravatar.com\/avatar\/3ea2118a5f7dad2b7138b1187a6b7ee55f160b9968b66013c3a3ef39dd7e5798?s=96&d=mm&r=g","contentUrl":"https:\/\/secure.gravatar.com\/avatar\/3ea2118a5f7dad2b7138b1187a6b7ee55f160b9968b66013c3a3ef39dd7e5798?s=96&d=mm&r=g","caption":"Jeanette"},"sameAs":["https:\/\/www.eldiario.net\/portal"],"url":"https:\/\/www.eldiario.net\/portal\/author\/jeanette\/"}]}},"_links":{"self":[{"href":"https:\/\/www.eldiario.net\/portal\/wp-json\/wp\/v2\/posts\/158620","targetHints":{"allow":["GET"]}}],"collection":[{"href":"https:\/\/www.eldiario.net\/portal\/wp-json\/wp\/v2\/posts"}],"about":[{"href":"https:\/\/www.eldiario.net\/portal\/wp-json\/wp\/v2\/types\/post"}],"author":[{"embeddable":true,"href":"https:\/\/www.eldiario.net\/portal\/wp-json\/wp\/v2\/users\/1"}],"replies":[{"embeddable":true,"href":"https:\/\/www.eldiario.net\/portal\/wp-json\/wp\/v2\/comments?post=158620"}],"version-history":[{"count":0,"href":"https:\/\/www.eldiario.net\/portal\/wp-json\/wp\/v2\/posts\/158620\/revisions"}],"wp:featuredmedia":[{"embeddable":true,"href":"https:\/\/www.eldiario.net\/portal\/wp-json\/wp\/v2\/media\/158621"}],"wp:attachment":[{"href":"https:\/\/www.eldiario.net\/portal\/wp-json\/wp\/v2\/media?parent=158620"}],"wp:term":[{"taxonomy":"category","embeddable":true,"href":"https:\/\/www.eldiario.net\/portal\/wp-json\/wp\/v2\/categories?post=158620"},{"taxonomy":"post_tag","embeddable":true,"href":"https:\/\/www.eldiario.net\/portal\/wp-json\/wp\/v2\/tags?post=158620"}],"curies":[{"name":"wp","href":"https:\/\/api.w.org\/{rel}","templated":true}]}}