{"id":158612,"date":"2023-06-07T06:08:36","date_gmt":"2023-06-07T10:08:36","guid":{"rendered":"https:\/\/www.eldiario.net\/portal\/?p=158612"},"modified":"2023-06-07T06:08:36","modified_gmt":"2023-06-07T10:08:36","slug":"dia-mundial-del-medio-ambiente-una-oportunidad-para-la-salud","status":"publish","type":"post","link":"https:\/\/www.eldiario.net\/portal\/2023\/06\/07\/dia-mundial-del-medio-ambiente-una-oportunidad-para-la-salud\/","title":{"rendered":"D\u00eda mundial del medio ambiente, una oportunidad para la salud"},"content":{"rendered":"<p><em><strong>Blas Gonz\u00e1les<\/strong><\/em><\/p>\n<p>\u201cEl cambio clim\u00e1tico supone la mayor amenaza para la salud humana y la del planeta\u201d. Es el llamamiento urgente de los m\u00e9dicos a los agentes clave sanitarios y a la ciudadan\u00eda. Del mismo modo que lo hiciera la OMS en 2021, es una llamada a la acci\u00f3n para un cambio radical: la inmediata reducci\u00f3n de emisiones. En juego se encuentra la salud planetaria y, por ende, la nuestra.<br \/>\nLas causas y los efectos son inequ\u00edvocos. Por ejemplo, las tormentas de polen hacen que las personas con alergias inunden las consultas de los alerg\u00f3logos. El aumento de los niveles de contaminaci\u00f3n atmosf\u00e9rica incrementa el riesgo de enfermedades obstructivas de las v\u00edas respiratorias, complicaciones cardiopulmonares y c\u00e1ncer de pulm\u00f3n de c\u00e9lulas no peque\u00f1as.<br \/>\nAsimismo, en una declaraci\u00f3n sobre los efectos del cambio clim\u00e1tico en la salud respiratoria, la Asociaci\u00f3n Estadounidense de Salud P\u00fablica resumi\u00f3 sucintamente el problema: Las temperaturas m\u00e1s c\u00e1lidas provocan una mala calidad del aire y esto reduce la funci\u00f3n pulmonar.<br \/>\nEn las estrategias del sector salud para reducir su propio impacto sobre la huella de carbono, los f\u00e1rmacos tienen una importancia capital. Se estima que un 25% de las emisiones de los sistemas sanitarios son imputables a ellos. Por tanto, toda la cadena &#8211;desde la producci\u00f3n, distribuci\u00f3n, prescripci\u00f3n y el reciclaje del medicamento&#8211; tiene su parte de responsabilidad en la lucha contra el cambio clim\u00e1tico. En ese sentido, todas las iniciativas por un medicamento verde, con el m\u00e1ximo respeto por el medio ambiente, son bienvenidas. por un medicamento lo m\u00e1s verde posible.<br \/>\nLos acuerdos internacionales, como la Agenda 2030 y los Objetivos de Desarrollo Sostenible (ODS) hacen especial referencia al mundo sanitario, prioriz\u00e1ndolos en tercer lugar. Por su parte, la UE ha publicado una amplia serie de normativas al respecto. Y en Espa\u00f1a, bajo la ley 7\/2021 de Cambio Clim\u00e1tico y Transici\u00f3n Energ\u00e9tica, se generado toda una red de organismos de estudio, evaluaci\u00f3n y control del cambio clim\u00e1tico.<br \/>\nLa agresi\u00f3n que el sector de la salud supone para el medio ambiente aumenta su papel en el cambio clim\u00e1tico, con especial atenci\u00f3n a la producci\u00f3n de gases de efecto invernadero y la generaci\u00f3n de residuos.<br \/>\nEl papel benefactor que la sociedad reconoce al sector sanitario est\u00e1 enmascarando su papel como agresor del medio ambiente. Para hacer una aproximaci\u00f3n a esta amenaza bastan dos ejemplos: 1) considerado en su globalidad, el sector sanitario, ser\u00eda el quinto pa\u00eds con mayor agresi\u00f3n clim\u00e1tica y 2) dentro del sector, tan solo la industria farmac\u00e9utica vierte al medio ambiente m\u00e1s gases de efecto invernadero que la industria de la automoci\u00f3n.<br \/>\nLa reciente Ley de Cambio Clim\u00e1tico, en su art\u00edculo 17.1, define el Plan Nacional de Adaptaci\u00f3n al Cambio Clim\u00e1tico como el instrumento b\u00e1sico de planificaci\u00f3n y coordinaci\u00f3n. Hay que profundizar en el tema de salud, m\u00e1s indicadores, m\u00e1s coordinaci\u00f3n con los organismos responsables del Sistema Nacional de la Salud y con los agentes clave de los sectores para poder determinar hojas de ruta claras.<br \/>\nTodas estas recomendaciones apuntan a la imperiosa necesidad de que las autoridades sanitarias se apoyen en las organizaciones m\u00e9dicas para afrontar las m\u00faltiples interrelaciones entre la salud y el cambio clim\u00e1tico. En este sentido, el Consejo General de Colegios Oficiales de M\u00e9dicos de Espa\u00f1a y las Sociedades Cient\u00edfico-Medicas, a trav\u00e9s de la Alianza M\u00e9dica contra el cambio clim\u00e1tico, representando al conjunto de profesionales de la medicina del pa\u00eds, por puro profesionalismo y responsabilidad \u00e9tica, han ofertado su colaboraci\u00f3n conjunta y altruista al Ministerio de Sanidad.<br \/>\nComo m\u00e9dicos tenemos tantas posibilidades de incidir en la poblaci\u00f3n general como compromiso en la reducci\u00f3n de la huella de carbono generada por el sector salud. Como ciudadanos tenemos tanta responsabilidad en el cambio clim\u00e1tico como talento para luchar contra sus efectos. Celebrar el D\u00eda Mundial del Medio Ambiente es una gran oportunidad para nuestra salud.<\/p>\n<p>Dr. Blas Gonz\u00e1les, presidente del Colegio de M\u00e9dicos de Albacete, Espa\u00f1a.<\/p>\n<p>medicosypacientes.com<\/p>\n","protected":false},"excerpt":{"rendered":"<p>Blas Gonz\u00e1les \u201cEl cambio clim\u00e1tico supone la mayor amenaza para la salud humana y la del planeta\u201d. Es el llamamiento urgente de los m\u00e9dicos a los agentes clave sanitarios y a la ciudadan\u00eda. Del mismo modo que lo hiciera la OMS en 2021, es una llamada a la acci\u00f3n para un cambio radical: la inmediata [&hellip;]<\/p>\n","protected":false},"author":1,"featured_media":0,"comment_status":"closed","ping_status":"closed","sticky":false,"template":"","format":"standard","meta":{"_acf_changed":false,"footnotes":""},"categories":[9],"tags":[],"class_list":["post-158612","post","type-post","status-publish","format-standard","category-opinion"],"acf":{"antetitulo":""},"yoast_head":"<!-- This site is optimized with the Yoast SEO plugin v28.4 - https:\/\/yoast.com\/product\/yoast-seo-wordpress\/ -->\n<title>D\u00eda mundial del medio ambiente, una oportunidad para la salud - El Diario - Bolivia<\/title>\n<meta name=\"robots\" content=\"index, follow, max-snippet:-1, max-image-preview:large, max-video-preview:-1\" \/>\n<link rel=\"canonical\" href=\"https:\/\/www.eldiario.net\/portal\/2023\/06\/07\/dia-mundial-del-medio-ambiente-una-oportunidad-para-la-salud\/\" \/>\n<meta property=\"og:locale\" content=\"es_ES\" \/>\n<meta property=\"og:type\" content=\"article\" \/>\n<meta property=\"og:title\" content=\"D\u00eda mundial del medio ambiente, una oportunidad para la salud - El Diario - Bolivia\" \/>\n<meta property=\"og:description\" content=\"Blas Gonz\u00e1les \u201cEl cambio clim\u00e1tico supone la mayor amenaza para la salud humana y la del planeta\u201d. Es el llamamiento urgente de los m\u00e9dicos a los agentes clave sanitarios y a la ciudadan\u00eda. Del mismo modo que lo hiciera la OMS en 2021, es una llamada a la acci\u00f3n para un cambio radical: la inmediata [&hellip;]\" \/>\n<meta property=\"og:url\" content=\"https:\/\/www.eldiario.net\/portal\/2023\/06\/07\/dia-mundial-del-medio-ambiente-una-oportunidad-para-la-salud\/\" \/>\n<meta property=\"og:site_name\" content=\"El Diario - Bolivia\" \/>\n<meta property=\"article:publisher\" content=\"https:\/\/www.facebook.com\/eldiario.bolivia\/\" \/>\n<meta property=\"article:published_time\" content=\"2023-06-07T10:08:36+00:00\" \/>\n<meta name=\"author\" content=\"Jeanette\" \/>\n<meta name=\"twitter:card\" content=\"summary_large_image\" \/>\n<meta name=\"twitter:creator\" content=\"@eldiario_net\" \/>\n<meta name=\"twitter:site\" content=\"@eldiario_net\" \/>\n<meta name=\"twitter:label1\" content=\"Escrito por\" \/>\n\t<meta name=\"twitter:data1\" content=\"Jeanette\" \/>\n\t<meta name=\"twitter:label2\" content=\"Tiempo de lectura\" \/>\n\t<meta name=\"twitter:data2\" content=\"3 minutos\" \/>\n<script type=\"application\/ld+json\" class=\"yoast-schema-graph\">{\"@context\":\"https:\\\/\\\/schema.org\",\"@graph\":[{\"@type\":\"Article\",\"@id\":\"https:\\\/\\\/www.eldiario.net\\\/portal\\\/2023\\\/06\\\/07\\\/dia-mundial-del-medio-ambiente-una-oportunidad-para-la-salud\\\/#article\",\"isPartOf\":{\"@id\":\"https:\\\/\\\/www.eldiario.net\\\/portal\\\/2023\\\/06\\\/07\\\/dia-mundial-del-medio-ambiente-una-oportunidad-para-la-salud\\\/\"},\"author\":{\"name\":\"Jeanette\",\"@id\":\"https:\\\/\\\/www.eldiario.net\\\/portal\\\/#\\\/schema\\\/person\\\/f46445640444750d7d753ccd04ae01b7\"},\"headline\":\"D\u00eda mundial del medio ambiente, una oportunidad para la salud\",\"datePublished\":\"2023-06-07T10:08:36+00:00\",\"mainEntityOfPage\":{\"@id\":\"https:\\\/\\\/www.eldiario.net\\\/portal\\\/2023\\\/06\\\/07\\\/dia-mundial-del-medio-ambiente-una-oportunidad-para-la-salud\\\/\"},\"wordCount\":727,\"publisher\":{\"@id\":\"https:\\\/\\\/www.eldiario.net\\\/portal\\\/#organization\"},\"articleSection\":[\"Opini\u00f3n\"],\"inLanguage\":\"es\"},{\"@type\":\"WebPage\",\"@id\":\"https:\\\/\\\/www.eldiario.net\\\/portal\\\/2023\\\/06\\\/07\\\/dia-mundial-del-medio-ambiente-una-oportunidad-para-la-salud\\\/\",\"url\":\"https:\\\/\\\/www.eldiario.net\\\/portal\\\/2023\\\/06\\\/07\\\/dia-mundial-del-medio-ambiente-una-oportunidad-para-la-salud\\\/\",\"name\":\"D\u00eda mundial del medio ambiente, una oportunidad para la salud - El Diario - Bolivia\",\"isPartOf\":{\"@id\":\"https:\\\/\\\/www.eldiario.net\\\/portal\\\/#website\"},\"datePublished\":\"2023-06-07T10:08:36+00:00\",\"breadcrumb\":{\"@id\":\"https:\\\/\\\/www.eldiario.net\\\/portal\\\/2023\\\/06\\\/07\\\/dia-mundial-del-medio-ambiente-una-oportunidad-para-la-salud\\\/#breadcrumb\"},\"inLanguage\":\"es\",\"potentialAction\":[{\"@type\":\"ReadAction\",\"target\":[\"https:\\\/\\\/www.eldiario.net\\\/portal\\\/2023\\\/06\\\/07\\\/dia-mundial-del-medio-ambiente-una-oportunidad-para-la-salud\\\/\"]}]},{\"@type\":\"BreadcrumbList\",\"@id\":\"https:\\\/\\\/www.eldiario.net\\\/portal\\\/2023\\\/06\\\/07\\\/dia-mundial-del-medio-ambiente-una-oportunidad-para-la-salud\\\/#breadcrumb\",\"itemListElement\":[{\"@type\":\"ListItem\",\"position\":1,\"name\":\"Portada\",\"item\":\"https:\\\/\\\/www.eldiario.net\\\/portal\\\/\"},{\"@type\":\"ListItem\",\"position\":2,\"name\":\"D\u00eda mundial del medio ambiente, una oportunidad para la salud\"}]},{\"@type\":\"WebSite\",\"@id\":\"https:\\\/\\\/www.eldiario.net\\\/portal\\\/#website\",\"url\":\"https:\\\/\\\/www.eldiario.net\\\/portal\\\/\",\"name\":\"El Diario - Decano de la prensa nacional\",\"description\":\"El Diario - Decano de la prensa nacional\",\"publisher\":{\"@id\":\"https:\\\/\\\/www.eldiario.net\\\/portal\\\/#organization\"},\"potentialAction\":[{\"@type\":\"SearchAction\",\"target\":{\"@type\":\"EntryPoint\",\"urlTemplate\":\"https:\\\/\\\/www.eldiario.net\\\/portal\\\/?s={search_term_string}\"},\"query-input\":{\"@type\":\"PropertyValueSpecification\",\"valueRequired\":true,\"valueName\":\"search_term_string\"}}],\"inLanguage\":\"es\"},{\"@type\":\"Organization\",\"@id\":\"https:\\\/\\\/www.eldiario.net\\\/portal\\\/#organization\",\"name\":\"El Diario - Decano de la prensa nacional\",\"url\":\"https:\\\/\\\/www.eldiario.net\\\/portal\\\/\",\"logo\":{\"@type\":\"ImageObject\",\"inLanguage\":\"es\",\"@id\":\"https:\\\/\\\/www.eldiario.net\\\/portal\\\/#\\\/schema\\\/logo\\\/image\\\/\",\"url\":\"https:\\\/\\\/www.eldiario.net\\\/portal\\\/wp-content\\\/uploads\\\/2023\\\/07\\\/logo_ED.jpg\",\"contentUrl\":\"https:\\\/\\\/www.eldiario.net\\\/portal\\\/wp-content\\\/uploads\\\/2023\\\/07\\\/logo_ED.jpg\",\"width\":272,\"height\":52,\"caption\":\"El Diario - Decano de la prensa nacional\"},\"image\":{\"@id\":\"https:\\\/\\\/www.eldiario.net\\\/portal\\\/#\\\/schema\\\/logo\\\/image\\\/\"},\"sameAs\":[\"https:\\\/\\\/www.facebook.com\\\/eldiario.bolivia\\\/\",\"https:\\\/\\\/x.com\\\/eldiario_net\"]},{\"@type\":\"Person\",\"@id\":\"https:\\\/\\\/www.eldiario.net\\\/portal\\\/#\\\/schema\\\/person\\\/f46445640444750d7d753ccd04ae01b7\",\"name\":\"Jeanette\",\"image\":{\"@type\":\"ImageObject\",\"inLanguage\":\"es\",\"@id\":\"https:\\\/\\\/secure.gravatar.com\\\/avatar\\\/3ea2118a5f7dad2b7138b1187a6b7ee55f160b9968b66013c3a3ef39dd7e5798?s=96&d=mm&r=g\",\"url\":\"https:\\\/\\\/secure.gravatar.com\\\/avatar\\\/3ea2118a5f7dad2b7138b1187a6b7ee55f160b9968b66013c3a3ef39dd7e5798?s=96&d=mm&r=g\",\"contentUrl\":\"https:\\\/\\\/secure.gravatar.com\\\/avatar\\\/3ea2118a5f7dad2b7138b1187a6b7ee55f160b9968b66013c3a3ef39dd7e5798?s=96&d=mm&r=g\",\"caption\":\"Jeanette\"},\"sameAs\":[\"https:\\\/\\\/www.eldiario.net\\\/portal\"],\"url\":\"https:\\\/\\\/www.eldiario.net\\\/portal\\\/author\\\/jeanette\\\/\"}]}<\/script>\n<!-- \/ Yoast SEO plugin. -->","yoast_head_json":{"title":"D\u00eda mundial del medio ambiente, una oportunidad para la salud - El Diario - Bolivia","robots":{"index":"index","follow":"follow","max-snippet":"max-snippet:-1","max-image-preview":"max-image-preview:large","max-video-preview":"max-video-preview:-1"},"canonical":"https:\/\/www.eldiario.net\/portal\/2023\/06\/07\/dia-mundial-del-medio-ambiente-una-oportunidad-para-la-salud\/","og_locale":"es_ES","og_type":"article","og_title":"D\u00eda mundial del medio ambiente, una oportunidad para la salud - El Diario - Bolivia","og_description":"Blas Gonz\u00e1les \u201cEl cambio clim\u00e1tico supone la mayor amenaza para la salud humana y la del planeta\u201d. Es el llamamiento urgente de los m\u00e9dicos a los agentes clave sanitarios y a la ciudadan\u00eda. Del mismo modo que lo hiciera la OMS en 2021, es una llamada a la acci\u00f3n para un cambio radical: la inmediata [&hellip;]","og_url":"https:\/\/www.eldiario.net\/portal\/2023\/06\/07\/dia-mundial-del-medio-ambiente-una-oportunidad-para-la-salud\/","og_site_name":"El Diario - Bolivia","article_publisher":"https:\/\/www.facebook.com\/eldiario.bolivia\/","article_published_time":"2023-06-07T10:08:36+00:00","author":"Jeanette","twitter_card":"summary_large_image","twitter_creator":"@eldiario_net","twitter_site":"@eldiario_net","twitter_misc":{"Escrito por":"Jeanette","Tiempo de lectura":"3 minutos"},"schema":{"@context":"https:\/\/schema.org","@graph":[{"@type":"Article","@id":"https:\/\/www.eldiario.net\/portal\/2023\/06\/07\/dia-mundial-del-medio-ambiente-una-oportunidad-para-la-salud\/#article","isPartOf":{"@id":"https:\/\/www.eldiario.net\/portal\/2023\/06\/07\/dia-mundial-del-medio-ambiente-una-oportunidad-para-la-salud\/"},"author":{"name":"Jeanette","@id":"https:\/\/www.eldiario.net\/portal\/#\/schema\/person\/f46445640444750d7d753ccd04ae01b7"},"headline":"D\u00eda mundial del medio ambiente, una oportunidad para la salud","datePublished":"2023-06-07T10:08:36+00:00","mainEntityOfPage":{"@id":"https:\/\/www.eldiario.net\/portal\/2023\/06\/07\/dia-mundial-del-medio-ambiente-una-oportunidad-para-la-salud\/"},"wordCount":727,"publisher":{"@id":"https:\/\/www.eldiario.net\/portal\/#organization"},"articleSection":["Opini\u00f3n"],"inLanguage":"es"},{"@type":"WebPage","@id":"https:\/\/www.eldiario.net\/portal\/2023\/06\/07\/dia-mundial-del-medio-ambiente-una-oportunidad-para-la-salud\/","url":"https:\/\/www.eldiario.net\/portal\/2023\/06\/07\/dia-mundial-del-medio-ambiente-una-oportunidad-para-la-salud\/","name":"D\u00eda mundial del medio ambiente, una oportunidad para la salud - El Diario - Bolivia","isPartOf":{"@id":"https:\/\/www.eldiario.net\/portal\/#website"},"datePublished":"2023-06-07T10:08:36+00:00","breadcrumb":{"@id":"https:\/\/www.eldiario.net\/portal\/2023\/06\/07\/dia-mundial-del-medio-ambiente-una-oportunidad-para-la-salud\/#breadcrumb"},"inLanguage":"es","potentialAction":[{"@type":"ReadAction","target":["https:\/\/www.eldiario.net\/portal\/2023\/06\/07\/dia-mundial-del-medio-ambiente-una-oportunidad-para-la-salud\/"]}]},{"@type":"BreadcrumbList","@id":"https:\/\/www.eldiario.net\/portal\/2023\/06\/07\/dia-mundial-del-medio-ambiente-una-oportunidad-para-la-salud\/#breadcrumb","itemListElement":[{"@type":"ListItem","position":1,"name":"Portada","item":"https:\/\/www.eldiario.net\/portal\/"},{"@type":"ListItem","position":2,"name":"D\u00eda mundial del medio ambiente, una oportunidad para la salud"}]},{"@type":"WebSite","@id":"https:\/\/www.eldiario.net\/portal\/#website","url":"https:\/\/www.eldiario.net\/portal\/","name":"El Diario - Decano de la prensa nacional","description":"El Diario - Decano de la prensa nacional","publisher":{"@id":"https:\/\/www.eldiario.net\/portal\/#organization"},"potentialAction":[{"@type":"SearchAction","target":{"@type":"EntryPoint","urlTemplate":"https:\/\/www.eldiario.net\/portal\/?s={search_term_string}"},"query-input":{"@type":"PropertyValueSpecification","valueRequired":true,"valueName":"search_term_string"}}],"inLanguage":"es"},{"@type":"Organization","@id":"https:\/\/www.eldiario.net\/portal\/#organization","name":"El Diario - Decano de la prensa nacional","url":"https:\/\/www.eldiario.net\/portal\/","logo":{"@type":"ImageObject","inLanguage":"es","@id":"https:\/\/www.eldiario.net\/portal\/#\/schema\/logo\/image\/","url":"https:\/\/www.eldiario.net\/portal\/wp-content\/uploads\/2023\/07\/logo_ED.jpg","contentUrl":"https:\/\/www.eldiario.net\/portal\/wp-content\/uploads\/2023\/07\/logo_ED.jpg","width":272,"height":52,"caption":"El Diario - Decano de la prensa nacional"},"image":{"@id":"https:\/\/www.eldiario.net\/portal\/#\/schema\/logo\/image\/"},"sameAs":["https:\/\/www.facebook.com\/eldiario.bolivia\/","https:\/\/x.com\/eldiario_net"]},{"@type":"Person","@id":"https:\/\/www.eldiario.net\/portal\/#\/schema\/person\/f46445640444750d7d753ccd04ae01b7","name":"Jeanette","image":{"@type":"ImageObject","inLanguage":"es","@id":"https:\/\/secure.gravatar.com\/avatar\/3ea2118a5f7dad2b7138b1187a6b7ee55f160b9968b66013c3a3ef39dd7e5798?s=96&d=mm&r=g","url":"https:\/\/secure.gravatar.com\/avatar\/3ea2118a5f7dad2b7138b1187a6b7ee55f160b9968b66013c3a3ef39dd7e5798?s=96&d=mm&r=g","contentUrl":"https:\/\/secure.gravatar.com\/avatar\/3ea2118a5f7dad2b7138b1187a6b7ee55f160b9968b66013c3a3ef39dd7e5798?s=96&d=mm&r=g","caption":"Jeanette"},"sameAs":["https:\/\/www.eldiario.net\/portal"],"url":"https:\/\/www.eldiario.net\/portal\/author\/jeanette\/"}]}},"_links":{"self":[{"href":"https:\/\/www.eldiario.net\/portal\/wp-json\/wp\/v2\/posts\/158612","targetHints":{"allow":["GET"]}}],"collection":[{"href":"https:\/\/www.eldiario.net\/portal\/wp-json\/wp\/v2\/posts"}],"about":[{"href":"https:\/\/www.eldiario.net\/portal\/wp-json\/wp\/v2\/types\/post"}],"author":[{"embeddable":true,"href":"https:\/\/www.eldiario.net\/portal\/wp-json\/wp\/v2\/users\/1"}],"replies":[{"embeddable":true,"href":"https:\/\/www.eldiario.net\/portal\/wp-json\/wp\/v2\/comments?post=158612"}],"version-history":[{"count":0,"href":"https:\/\/www.eldiario.net\/portal\/wp-json\/wp\/v2\/posts\/158612\/revisions"}],"wp:attachment":[{"href":"https:\/\/www.eldiario.net\/portal\/wp-json\/wp\/v2\/media?parent=158612"}],"wp:term":[{"taxonomy":"category","embeddable":true,"href":"https:\/\/www.eldiario.net\/portal\/wp-json\/wp\/v2\/categories?post=158612"},{"taxonomy":"post_tag","embeddable":true,"href":"https:\/\/www.eldiario.net\/portal\/wp-json\/wp\/v2\/tags?post=158612"}],"curies":[{"name":"wp","href":"https:\/\/api.w.org\/{rel}","templated":true}]}}