{"id":158609,"date":"2023-06-07T06:07:59","date_gmt":"2023-06-07T10:07:59","guid":{"rendered":"https:\/\/www.eldiario.net\/portal\/?p=158609"},"modified":"2023-06-07T06:07:59","modified_gmt":"2023-06-07T10:07:59","slug":"vita-nuova-purgatorio","status":"publish","type":"post","link":"https:\/\/www.eldiario.net\/portal\/2023\/06\/07\/vita-nuova-purgatorio\/","title":{"rendered":"Vita nuova (Purgatorio)"},"content":{"rendered":"<p>Tributo a Dante Alighieri<\/p>\n<p>Al apartarme de mi costado sombr\u00edo experiment\u00e9 una mejor\u00eda elocuente, pues sent\u00ed que hab\u00eda avanzado bastante despu\u00e9s de tan arduo peregrinaje; sin embargo, la odisea deb\u00eda continuar hasta alcanzar la plenitud de un ser equilibrado. Nos acercamos a un gigantesco oc\u00e9ano que, en el medio de sus aguas feroces, se encontraba una isla \u00e1rida con un pico prominente, muy parecido al que hay en la Muela del Diablo.<br \/>\nPara llegar ah\u00ed abordamos el barco de los penitentes, conducido por un \u00e1ngel gris de gallard\u00eda inigualable; las almas que viajaban con nosotros eran extremamente diferentes a las que vi en el averno, ya que \u00e9stas no se lamentaban, m\u00e1s bien cantaban melod\u00edas esperanzadoras. \u2014Bienvenido al segundo reino, donde se purifica el esp\u00edritu humano, y se hace digno de comprender el cielo \u2014recit\u00f3 Dante, mientras nos acerc\u00e1bamos a la orilla del Monte Purgatorio.<br \/>\nLa parte m\u00e1s baja de la monta\u00f1a era conocida como el Ante Purgatorio, donde habitaban los exiliados, estas personas no pertenec\u00edan al infierno, mucho menos al para\u00edso, pues en vida se olvidaron de su crecimiento espiritual. Luego recorrimos el Valle de los Pr\u00edncipes, hasta llegar a los tres escalones que conducen en direcci\u00f3n a las puertas del Purgatorio, el primer escal\u00f3n representaba la pureza del alma, el segundo el duelo, y el \u00faltimo evocaba la restauraci\u00f3n.<br \/>\nEncima de estos escalones aguardaba un arc\u00e1ngel, al verme subir pidi\u00f3 por mi aquiescencia para tatuarme en la frente siete pecados, en representaci\u00f3n a las terrazas y los vicios que deb\u00eda superar en ellas. Aquel centinela me explic\u00f3 que, por cada prueba superada, se me conceder\u00eda el derecho a borrarme un tatuaje, si lograba superar todas las pruebas y no sucumb\u00eda al deseo de permanecer, al final quedar\u00eda sin ninguna marca, permiti\u00e9ndome ingresar al para\u00edso.<br \/>\nDespu\u00e9s de aceptar sus reglas, el \u00e1ngel me abri\u00f3 las puertas concedi\u00e9ndome el beneficio de la duda; la primera terraza que visitamos fue la del orgullo, ah\u00ed pude ver a muchos personajes c\u00e9lebres que caminaban con dificultad, debido a la carga que acarreaban, algunos llevaban esculturas, pinturas, libros; otros levantaban trofeos, diplomas, inmediatamente el bardo me mir\u00f3 y dijo: \u2014Si no se modera tu orgullo, \u00e9l ser\u00e1 tu mayor castigo.<br \/>\nAl llegar a la terraza de la envidia, vi un mont\u00f3n de personas colmadas de \u00e9xito, su felicidad me contagi\u00f3 de alegr\u00eda, y pude pasar a la tercera terraza, donde un mont\u00f3n de gente sin escr\u00fapulos me insultaba, intentando hacer que en mi coraz\u00f3n brote la ira, al ignorarlos por completo fueron ellos los que terminaron iracundos. En la terraza de la pereza, la comodidad me brind\u00f3 placeres y en la terraza de la avaricia, la fama me ofreci\u00f3 todo tipo de riquezas, rechac\u00e9 todo porque jam\u00e1s fueron mi prioridad.<br \/>\nAl encontrarme en la terraza de la gula, naci\u00f3 en m\u00ed un hambre voraz y una sed insaciable, las cuales pude controlar con moderaci\u00f3n. En la \u00faltima terraza, fui recibido por hermosas f\u00e9minas que danzaban al ritmo de mis poemas, invit\u00e1ndome a yacer con ellas en perpetuidad, al desatender mi lujuria sent\u00ed por primera vez un Ealivio absoluto, porque ya no cargaba con todo ese peso; exento de manchas atraves\u00e9 el umbral de la sagrada armon\u00eda, del otro lado me esperaba la maravilla m\u00e1s fascinante del universo: libertad.<\/p>\n<p>El autor es Comunicador, poeta, artista.<\/p>\n","protected":false},"excerpt":{"rendered":"<p>Tributo a Dante Alighieri Al apartarme de mi costado sombr\u00edo experiment\u00e9 una mejor\u00eda elocuente, pues sent\u00ed que hab\u00eda avanzado bastante despu\u00e9s de tan arduo peregrinaje; sin embargo, la odisea deb\u00eda continuar hasta alcanzar la plenitud de un ser equilibrado. Nos acercamos a un gigantesco oc\u00e9ano que, en el medio de sus aguas feroces, se encontraba [&hellip;]<\/p>\n","protected":false},"author":1,"featured_media":158610,"comment_status":"closed","ping_status":"closed","sticky":false,"template":"","format":"standard","meta":{"_acf_changed":false,"footnotes":""},"categories":[9],"tags":[],"class_list":["post-158609","post","type-post","status-publish","format-standard","has-post-thumbnail","category-opinion"],"acf":{"antetitulo":""},"yoast_head":"<!-- This site is optimized with the Yoast SEO plugin v28.4 - https:\/\/yoast.com\/product\/yoast-seo-wordpress\/ -->\n<title>Vita nuova (Purgatorio) - El Diario - Bolivia<\/title>\n<meta name=\"robots\" content=\"index, follow, max-snippet:-1, max-image-preview:large, max-video-preview:-1\" \/>\n<link rel=\"canonical\" href=\"https:\/\/www.eldiario.net\/portal\/2023\/06\/07\/vita-nuova-purgatorio\/\" \/>\n<meta property=\"og:locale\" content=\"es_ES\" \/>\n<meta property=\"og:type\" content=\"article\" \/>\n<meta property=\"og:title\" content=\"Vita nuova (Purgatorio) - El Diario - Bolivia\" \/>\n<meta property=\"og:description\" content=\"Tributo a Dante Alighieri Al apartarme de mi costado sombr\u00edo experiment\u00e9 una mejor\u00eda elocuente, pues sent\u00ed que hab\u00eda avanzado bastante despu\u00e9s de tan arduo peregrinaje; sin embargo, la odisea deb\u00eda continuar hasta alcanzar la plenitud de un ser equilibrado. Nos acercamos a un gigantesco oc\u00e9ano que, en el medio de sus aguas feroces, se encontraba [&hellip;]\" \/>\n<meta property=\"og:url\" content=\"https:\/\/www.eldiario.net\/portal\/2023\/06\/07\/vita-nuova-purgatorio\/\" \/>\n<meta property=\"og:site_name\" content=\"El Diario - Bolivia\" \/>\n<meta property=\"article:publisher\" content=\"https:\/\/www.facebook.com\/eldiario.bolivia\/\" \/>\n<meta property=\"article:published_time\" content=\"2023-06-07T10:07:59+00:00\" \/>\n<meta property=\"og:image\" content=\"https:\/\/www.eldiario.net\/portal\/wp-content\/uploads\/2023\/06\/Ernesto-Julian-Bedregal-Patino.jpg\" \/>\n\t<meta property=\"og:image:width\" content=\"1200\" \/>\n\t<meta property=\"og:image:height\" content=\"628\" \/>\n\t<meta property=\"og:image:type\" content=\"image\/jpeg\" \/>\n<meta name=\"author\" content=\"Jeanette\" \/>\n<meta name=\"twitter:card\" content=\"summary_large_image\" \/>\n<meta name=\"twitter:creator\" content=\"@eldiario_net\" \/>\n<meta name=\"twitter:site\" content=\"@eldiario_net\" \/>\n<meta name=\"twitter:label1\" content=\"Escrito por\" \/>\n\t<meta name=\"twitter:data1\" content=\"Jeanette\" \/>\n\t<meta name=\"twitter:label2\" content=\"Tiempo de lectura\" \/>\n\t<meta name=\"twitter:data2\" content=\"3 minutos\" \/>\n<script type=\"application\/ld+json\" class=\"yoast-schema-graph\">{\"@context\":\"https:\\\/\\\/schema.org\",\"@graph\":[{\"@type\":\"Article\",\"@id\":\"https:\\\/\\\/www.eldiario.net\\\/portal\\\/2023\\\/06\\\/07\\\/vita-nuova-purgatorio\\\/#article\",\"isPartOf\":{\"@id\":\"https:\\\/\\\/www.eldiario.net\\\/portal\\\/2023\\\/06\\\/07\\\/vita-nuova-purgatorio\\\/\"},\"author\":{\"name\":\"Jeanette\",\"@id\":\"https:\\\/\\\/www.eldiario.net\\\/portal\\\/#\\\/schema\\\/person\\\/f46445640444750d7d753ccd04ae01b7\"},\"headline\":\"Vita nuova (Purgatorio)\",\"datePublished\":\"2023-06-07T10:07:59+00:00\",\"mainEntityOfPage\":{\"@id\":\"https:\\\/\\\/www.eldiario.net\\\/portal\\\/2023\\\/06\\\/07\\\/vita-nuova-purgatorio\\\/\"},\"wordCount\":594,\"publisher\":{\"@id\":\"https:\\\/\\\/www.eldiario.net\\\/portal\\\/#organization\"},\"image\":{\"@id\":\"https:\\\/\\\/www.eldiario.net\\\/portal\\\/2023\\\/06\\\/07\\\/vita-nuova-purgatorio\\\/#primaryimage\"},\"thumbnailUrl\":\"https:\\\/\\\/www.eldiario.net\\\/portal\\\/wp-content\\\/uploads\\\/2023\\\/06\\\/Ernesto-Julian-Bedregal-Patino.jpg\",\"articleSection\":[\"Opini\u00f3n\"],\"inLanguage\":\"es\"},{\"@type\":\"WebPage\",\"@id\":\"https:\\\/\\\/www.eldiario.net\\\/portal\\\/2023\\\/06\\\/07\\\/vita-nuova-purgatorio\\\/\",\"url\":\"https:\\\/\\\/www.eldiario.net\\\/portal\\\/2023\\\/06\\\/07\\\/vita-nuova-purgatorio\\\/\",\"name\":\"Vita nuova (Purgatorio) - El Diario - Bolivia\",\"isPartOf\":{\"@id\":\"https:\\\/\\\/www.eldiario.net\\\/portal\\\/#website\"},\"primaryImageOfPage\":{\"@id\":\"https:\\\/\\\/www.eldiario.net\\\/portal\\\/2023\\\/06\\\/07\\\/vita-nuova-purgatorio\\\/#primaryimage\"},\"image\":{\"@id\":\"https:\\\/\\\/www.eldiario.net\\\/portal\\\/2023\\\/06\\\/07\\\/vita-nuova-purgatorio\\\/#primaryimage\"},\"thumbnailUrl\":\"https:\\\/\\\/www.eldiario.net\\\/portal\\\/wp-content\\\/uploads\\\/2023\\\/06\\\/Ernesto-Julian-Bedregal-Patino.jpg\",\"datePublished\":\"2023-06-07T10:07:59+00:00\",\"breadcrumb\":{\"@id\":\"https:\\\/\\\/www.eldiario.net\\\/portal\\\/2023\\\/06\\\/07\\\/vita-nuova-purgatorio\\\/#breadcrumb\"},\"inLanguage\":\"es\",\"potentialAction\":[{\"@type\":\"ReadAction\",\"target\":[\"https:\\\/\\\/www.eldiario.net\\\/portal\\\/2023\\\/06\\\/07\\\/vita-nuova-purgatorio\\\/\"]}]},{\"@type\":\"ImageObject\",\"inLanguage\":\"es\",\"@id\":\"https:\\\/\\\/www.eldiario.net\\\/portal\\\/2023\\\/06\\\/07\\\/vita-nuova-purgatorio\\\/#primaryimage\",\"url\":\"https:\\\/\\\/www.eldiario.net\\\/portal\\\/wp-content\\\/uploads\\\/2023\\\/06\\\/Ernesto-Julian-Bedregal-Patino.jpg\",\"contentUrl\":\"https:\\\/\\\/www.eldiario.net\\\/portal\\\/wp-content\\\/uploads\\\/2023\\\/06\\\/Ernesto-Julian-Bedregal-Patino.jpg\",\"width\":1200,\"height\":628,\"caption\":\"Ernesto Juli\u00e1n Bedregal Pati\u00f1o\"},{\"@type\":\"BreadcrumbList\",\"@id\":\"https:\\\/\\\/www.eldiario.net\\\/portal\\\/2023\\\/06\\\/07\\\/vita-nuova-purgatorio\\\/#breadcrumb\",\"itemListElement\":[{\"@type\":\"ListItem\",\"position\":1,\"name\":\"Portada\",\"item\":\"https:\\\/\\\/www.eldiario.net\\\/portal\\\/\"},{\"@type\":\"ListItem\",\"position\":2,\"name\":\"Vita nuova (Purgatorio)\"}]},{\"@type\":\"WebSite\",\"@id\":\"https:\\\/\\\/www.eldiario.net\\\/portal\\\/#website\",\"url\":\"https:\\\/\\\/www.eldiario.net\\\/portal\\\/\",\"name\":\"El Diario - Decano de la prensa nacional\",\"description\":\"El Diario - Decano de la prensa nacional\",\"publisher\":{\"@id\":\"https:\\\/\\\/www.eldiario.net\\\/portal\\\/#organization\"},\"potentialAction\":[{\"@type\":\"SearchAction\",\"target\":{\"@type\":\"EntryPoint\",\"urlTemplate\":\"https:\\\/\\\/www.eldiario.net\\\/portal\\\/?s={search_term_string}\"},\"query-input\":{\"@type\":\"PropertyValueSpecification\",\"valueRequired\":true,\"valueName\":\"search_term_string\"}}],\"inLanguage\":\"es\"},{\"@type\":\"Organization\",\"@id\":\"https:\\\/\\\/www.eldiario.net\\\/portal\\\/#organization\",\"name\":\"El Diario - Decano de la prensa nacional\",\"url\":\"https:\\\/\\\/www.eldiario.net\\\/portal\\\/\",\"logo\":{\"@type\":\"ImageObject\",\"inLanguage\":\"es\",\"@id\":\"https:\\\/\\\/www.eldiario.net\\\/portal\\\/#\\\/schema\\\/logo\\\/image\\\/\",\"url\":\"https:\\\/\\\/www.eldiario.net\\\/portal\\\/wp-content\\\/uploads\\\/2023\\\/07\\\/logo_ED.jpg\",\"contentUrl\":\"https:\\\/\\\/www.eldiario.net\\\/portal\\\/wp-content\\\/uploads\\\/2023\\\/07\\\/logo_ED.jpg\",\"width\":272,\"height\":52,\"caption\":\"El Diario - Decano de la prensa nacional\"},\"image\":{\"@id\":\"https:\\\/\\\/www.eldiario.net\\\/portal\\\/#\\\/schema\\\/logo\\\/image\\\/\"},\"sameAs\":[\"https:\\\/\\\/www.facebook.com\\\/eldiario.bolivia\\\/\",\"https:\\\/\\\/x.com\\\/eldiario_net\"]},{\"@type\":\"Person\",\"@id\":\"https:\\\/\\\/www.eldiario.net\\\/portal\\\/#\\\/schema\\\/person\\\/f46445640444750d7d753ccd04ae01b7\",\"name\":\"Jeanette\",\"image\":{\"@type\":\"ImageObject\",\"inLanguage\":\"es\",\"@id\":\"https:\\\/\\\/secure.gravatar.com\\\/avatar\\\/3ea2118a5f7dad2b7138b1187a6b7ee55f160b9968b66013c3a3ef39dd7e5798?s=96&d=mm&r=g\",\"url\":\"https:\\\/\\\/secure.gravatar.com\\\/avatar\\\/3ea2118a5f7dad2b7138b1187a6b7ee55f160b9968b66013c3a3ef39dd7e5798?s=96&d=mm&r=g\",\"contentUrl\":\"https:\\\/\\\/secure.gravatar.com\\\/avatar\\\/3ea2118a5f7dad2b7138b1187a6b7ee55f160b9968b66013c3a3ef39dd7e5798?s=96&d=mm&r=g\",\"caption\":\"Jeanette\"},\"sameAs\":[\"https:\\\/\\\/www.eldiario.net\\\/portal\"],\"url\":\"https:\\\/\\\/www.eldiario.net\\\/portal\\\/author\\\/jeanette\\\/\"}]}<\/script>\n<!-- \/ Yoast SEO plugin. -->","yoast_head_json":{"title":"Vita nuova (Purgatorio) - El Diario - Bolivia","robots":{"index":"index","follow":"follow","max-snippet":"max-snippet:-1","max-image-preview":"max-image-preview:large","max-video-preview":"max-video-preview:-1"},"canonical":"https:\/\/www.eldiario.net\/portal\/2023\/06\/07\/vita-nuova-purgatorio\/","og_locale":"es_ES","og_type":"article","og_title":"Vita nuova (Purgatorio) - El Diario - Bolivia","og_description":"Tributo a Dante Alighieri Al apartarme de mi costado sombr\u00edo experiment\u00e9 una mejor\u00eda elocuente, pues sent\u00ed que hab\u00eda avanzado bastante despu\u00e9s de tan arduo peregrinaje; sin embargo, la odisea deb\u00eda continuar hasta alcanzar la plenitud de un ser equilibrado. Nos acercamos a un gigantesco oc\u00e9ano que, en el medio de sus aguas feroces, se encontraba [&hellip;]","og_url":"https:\/\/www.eldiario.net\/portal\/2023\/06\/07\/vita-nuova-purgatorio\/","og_site_name":"El Diario - Bolivia","article_publisher":"https:\/\/www.facebook.com\/eldiario.bolivia\/","article_published_time":"2023-06-07T10:07:59+00:00","og_image":[{"width":1200,"height":628,"url":"https:\/\/www.eldiario.net\/portal\/wp-content\/uploads\/2023\/06\/Ernesto-Julian-Bedregal-Patino.jpg","type":"image\/jpeg"}],"author":"Jeanette","twitter_card":"summary_large_image","twitter_creator":"@eldiario_net","twitter_site":"@eldiario_net","twitter_misc":{"Escrito por":"Jeanette","Tiempo de lectura":"3 minutos"},"schema":{"@context":"https:\/\/schema.org","@graph":[{"@type":"Article","@id":"https:\/\/www.eldiario.net\/portal\/2023\/06\/07\/vita-nuova-purgatorio\/#article","isPartOf":{"@id":"https:\/\/www.eldiario.net\/portal\/2023\/06\/07\/vita-nuova-purgatorio\/"},"author":{"name":"Jeanette","@id":"https:\/\/www.eldiario.net\/portal\/#\/schema\/person\/f46445640444750d7d753ccd04ae01b7"},"headline":"Vita nuova (Purgatorio)","datePublished":"2023-06-07T10:07:59+00:00","mainEntityOfPage":{"@id":"https:\/\/www.eldiario.net\/portal\/2023\/06\/07\/vita-nuova-purgatorio\/"},"wordCount":594,"publisher":{"@id":"https:\/\/www.eldiario.net\/portal\/#organization"},"image":{"@id":"https:\/\/www.eldiario.net\/portal\/2023\/06\/07\/vita-nuova-purgatorio\/#primaryimage"},"thumbnailUrl":"https:\/\/www.eldiario.net\/portal\/wp-content\/uploads\/2023\/06\/Ernesto-Julian-Bedregal-Patino.jpg","articleSection":["Opini\u00f3n"],"inLanguage":"es"},{"@type":"WebPage","@id":"https:\/\/www.eldiario.net\/portal\/2023\/06\/07\/vita-nuova-purgatorio\/","url":"https:\/\/www.eldiario.net\/portal\/2023\/06\/07\/vita-nuova-purgatorio\/","name":"Vita nuova (Purgatorio) - El Diario - Bolivia","isPartOf":{"@id":"https:\/\/www.eldiario.net\/portal\/#website"},"primaryImageOfPage":{"@id":"https:\/\/www.eldiario.net\/portal\/2023\/06\/07\/vita-nuova-purgatorio\/#primaryimage"},"image":{"@id":"https:\/\/www.eldiario.net\/portal\/2023\/06\/07\/vita-nuova-purgatorio\/#primaryimage"},"thumbnailUrl":"https:\/\/www.eldiario.net\/portal\/wp-content\/uploads\/2023\/06\/Ernesto-Julian-Bedregal-Patino.jpg","datePublished":"2023-06-07T10:07:59+00:00","breadcrumb":{"@id":"https:\/\/www.eldiario.net\/portal\/2023\/06\/07\/vita-nuova-purgatorio\/#breadcrumb"},"inLanguage":"es","potentialAction":[{"@type":"ReadAction","target":["https:\/\/www.eldiario.net\/portal\/2023\/06\/07\/vita-nuova-purgatorio\/"]}]},{"@type":"ImageObject","inLanguage":"es","@id":"https:\/\/www.eldiario.net\/portal\/2023\/06\/07\/vita-nuova-purgatorio\/#primaryimage","url":"https:\/\/www.eldiario.net\/portal\/wp-content\/uploads\/2023\/06\/Ernesto-Julian-Bedregal-Patino.jpg","contentUrl":"https:\/\/www.eldiario.net\/portal\/wp-content\/uploads\/2023\/06\/Ernesto-Julian-Bedregal-Patino.jpg","width":1200,"height":628,"caption":"Ernesto Juli\u00e1n Bedregal Pati\u00f1o"},{"@type":"BreadcrumbList","@id":"https:\/\/www.eldiario.net\/portal\/2023\/06\/07\/vita-nuova-purgatorio\/#breadcrumb","itemListElement":[{"@type":"ListItem","position":1,"name":"Portada","item":"https:\/\/www.eldiario.net\/portal\/"},{"@type":"ListItem","position":2,"name":"Vita nuova (Purgatorio)"}]},{"@type":"WebSite","@id":"https:\/\/www.eldiario.net\/portal\/#website","url":"https:\/\/www.eldiario.net\/portal\/","name":"El Diario - Decano de la prensa nacional","description":"El Diario - Decano de la prensa nacional","publisher":{"@id":"https:\/\/www.eldiario.net\/portal\/#organization"},"potentialAction":[{"@type":"SearchAction","target":{"@type":"EntryPoint","urlTemplate":"https:\/\/www.eldiario.net\/portal\/?s={search_term_string}"},"query-input":{"@type":"PropertyValueSpecification","valueRequired":true,"valueName":"search_term_string"}}],"inLanguage":"es"},{"@type":"Organization","@id":"https:\/\/www.eldiario.net\/portal\/#organization","name":"El Diario - Decano de la prensa nacional","url":"https:\/\/www.eldiario.net\/portal\/","logo":{"@type":"ImageObject","inLanguage":"es","@id":"https:\/\/www.eldiario.net\/portal\/#\/schema\/logo\/image\/","url":"https:\/\/www.eldiario.net\/portal\/wp-content\/uploads\/2023\/07\/logo_ED.jpg","contentUrl":"https:\/\/www.eldiario.net\/portal\/wp-content\/uploads\/2023\/07\/logo_ED.jpg","width":272,"height":52,"caption":"El Diario - Decano de la prensa nacional"},"image":{"@id":"https:\/\/www.eldiario.net\/portal\/#\/schema\/logo\/image\/"},"sameAs":["https:\/\/www.facebook.com\/eldiario.bolivia\/","https:\/\/x.com\/eldiario_net"]},{"@type":"Person","@id":"https:\/\/www.eldiario.net\/portal\/#\/schema\/person\/f46445640444750d7d753ccd04ae01b7","name":"Jeanette","image":{"@type":"ImageObject","inLanguage":"es","@id":"https:\/\/secure.gravatar.com\/avatar\/3ea2118a5f7dad2b7138b1187a6b7ee55f160b9968b66013c3a3ef39dd7e5798?s=96&d=mm&r=g","url":"https:\/\/secure.gravatar.com\/avatar\/3ea2118a5f7dad2b7138b1187a6b7ee55f160b9968b66013c3a3ef39dd7e5798?s=96&d=mm&r=g","contentUrl":"https:\/\/secure.gravatar.com\/avatar\/3ea2118a5f7dad2b7138b1187a6b7ee55f160b9968b66013c3a3ef39dd7e5798?s=96&d=mm&r=g","caption":"Jeanette"},"sameAs":["https:\/\/www.eldiario.net\/portal"],"url":"https:\/\/www.eldiario.net\/portal\/author\/jeanette\/"}]}},"_links":{"self":[{"href":"https:\/\/www.eldiario.net\/portal\/wp-json\/wp\/v2\/posts\/158609","targetHints":{"allow":["GET"]}}],"collection":[{"href":"https:\/\/www.eldiario.net\/portal\/wp-json\/wp\/v2\/posts"}],"about":[{"href":"https:\/\/www.eldiario.net\/portal\/wp-json\/wp\/v2\/types\/post"}],"author":[{"embeddable":true,"href":"https:\/\/www.eldiario.net\/portal\/wp-json\/wp\/v2\/users\/1"}],"replies":[{"embeddable":true,"href":"https:\/\/www.eldiario.net\/portal\/wp-json\/wp\/v2\/comments?post=158609"}],"version-history":[{"count":0,"href":"https:\/\/www.eldiario.net\/portal\/wp-json\/wp\/v2\/posts\/158609\/revisions"}],"wp:featuredmedia":[{"embeddable":true,"href":"https:\/\/www.eldiario.net\/portal\/wp-json\/wp\/v2\/media\/158610"}],"wp:attachment":[{"href":"https:\/\/www.eldiario.net\/portal\/wp-json\/wp\/v2\/media?parent=158609"}],"wp:term":[{"taxonomy":"category","embeddable":true,"href":"https:\/\/www.eldiario.net\/portal\/wp-json\/wp\/v2\/categories?post=158609"},{"taxonomy":"post_tag","embeddable":true,"href":"https:\/\/www.eldiario.net\/portal\/wp-json\/wp\/v2\/tags?post=158609"}],"curies":[{"name":"wp","href":"https:\/\/api.w.org\/{rel}","templated":true}]}}