{"id":158592,"date":"2023-06-07T06:01:24","date_gmt":"2023-06-07T10:01:24","guid":{"rendered":"https:\/\/www.eldiario.net\/portal\/?p=158592"},"modified":"2023-06-07T06:01:24","modified_gmt":"2023-06-07T10:01:24","slug":"centro-de-adiestramiento-de-canes-cumple-58-anos","status":"publish","type":"post","link":"https:\/\/www.eldiario.net\/portal\/2023\/06\/07\/centro-de-adiestramiento-de-canes-cumple-58-anos\/","title":{"rendered":"Centro de Adiestramiento de Canes cumple 58 a\u00f1os"},"content":{"rendered":"<p>El Centro de Adiestramiento de Canes de la Polic\u00eda Boliviana conmemor\u00f3 su 58 aniversario de creaci\u00f3n y en la oportunidad se distingui\u00f3 a personal que apoya en esa instituci\u00f3n, adem\u00e1s, se ascendi\u00f3 al grado de sargentos a seis canes que fueron adiestrados por instructores y se envi\u00f3 a la reserva a otros cinco perros que sirvieron en las fuerzas del orden.<br \/>\nEl ministro de Gobierno, Eduardo Del Castillo, hizo entrega del monumento al cabo Villanuevo S\u00e1nchez Cerro y destac\u00f3 el trabajo realizado durante a\u00f1os de canes polic\u00edas que ingresaron a la jubilaci\u00f3n.<br \/>\n\u201cEste centro de Adiestramiento tiene la misi\u00f3n de capacitar a polic\u00edas como Gu\u00edas de Caninos, para el adiestramiento de canes con la finalidad de cumplir tareas policiales y de apoyo operativo a otras unidades en el territorio nacional\u201d, se\u00f1al\u00f3.<br \/>\nEn la ocasi\u00f3n, se impuso grados a los nuevos canes de la Polic\u00eda Boliviana que prestar\u00e1n sus servicios a las fuerzas del orden, tras haber concluido con la etapa de selecci\u00f3n y capacitaci\u00f3n.<br \/>\nBarak, Bairon, Blondi, Daisha, Bricher y Blaky, son los canes que se especializaron en b\u00fasqueda y localizaci\u00f3n de explosivos; reconocen olores de nitroglicerina, TNT en p\u00f3lvora, cord\u00f3n detonante y dinamita, entre otros detonantes; otros se formaron en b\u00fasqueda de personas vivas y de cad\u00e1veres en estructuras colapsadas y p\u00e9rdidas; tambi\u00e9n participar\u00e1n del Plan Carpeta que se realiza en unidades educativas, y en planes operativos de seguridad ciudadana.<br \/>\nAs\u00ed como en su momento lo hicieron los tenientes: Max, Mike, Duke, Dulce y la sargento Hana que, desde ayer, pasaron a la reserva pasiva por haber culminado su vida laboral y a los que se otorg\u00f3 el medall\u00f3n de reconocimiento por su aporte a las operaciones policiales. Tras el acto, los cinco canes ser\u00e1n adoptados por distintas familias.<br \/>\n\u201cEmpleamos a los servidores policiales caninos en patrullaje preventivo y disuasi\u00f3n de la delincuencia, control de multitudes e intervenci\u00f3n en conflictos sociales, interacci\u00f3n ciudadana con espect\u00e1culos, habilidad, destrezas y las canoterapias, b\u00fasqueda y localizaci\u00f3n de explosivos y, recientemente, detecci\u00f3n de algunas enfermedades como el covid (\u2026). Reconocemos al can polic\u00eda como un servidor m\u00e1s\u201d, sostuvo el comandante Nacional de la Polic\u00eda, \u00c1lvaro Jos\u00e9 \u00c1lvarez Griffiths.<br \/>\nAdem\u00e1s de las especialidades de b\u00fasqueda y rastro de personas vivas en estructuras colapsadas, b\u00fasqueda de restos humanos, b\u00fasqueda de fauna silvestre, b\u00fasqueda de divisa y canes de relaciones p\u00fablicas.<br \/>\nAsimismo, se confiri\u00f3 el Emblema de Oro para seis servidores p\u00fablicos destacados de esa unidad policial.<br \/>\nEl Centro Nacional de Adiestramiento de Canes fue creado un 23 de mayo de 1965 y concret\u00f3 su funcionamiento bajo resoluci\u00f3n del Comando General de la Polic\u00eda Boliviana el 19 de junio de 1965 iniciando operaciones con 12 canes.<\/p>\n","protected":false},"excerpt":{"rendered":"<p>El Centro de Adiestramiento de Canes de la Polic\u00eda Boliviana conmemor\u00f3 su 58 aniversario de creaci\u00f3n y en la oportunidad se distingui\u00f3 a personal que apoya en esa instituci\u00f3n, adem\u00e1s, se ascendi\u00f3 al grado de sargentos a seis canes que fueron adiestrados por instructores y se envi\u00f3 a la reserva a otros cinco perros que [&hellip;]<\/p>\n","protected":false},"author":1,"featured_media":158593,"comment_status":"closed","ping_status":"closed","sticky":false,"template":"","format":"standard","meta":{"_acf_changed":false,"footnotes":""},"categories":[12],"tags":[],"class_list":["post-158592","post","type-post","status-publish","format-standard","has-post-thumbnail","category-nacional"],"acf":{"antetitulo":""},"yoast_head":"<!-- This site is optimized with the Yoast SEO plugin v28.4 - https:\/\/yoast.com\/product\/yoast-seo-wordpress\/ -->\n<title>Centro de Adiestramiento de Canes cumple 58 a\u00f1os - El Diario - Bolivia<\/title>\n<meta name=\"robots\" content=\"index, follow, max-snippet:-1, max-image-preview:large, max-video-preview:-1\" \/>\n<link rel=\"canonical\" href=\"https:\/\/www.eldiario.net\/portal\/2023\/06\/07\/centro-de-adiestramiento-de-canes-cumple-58-anos\/\" \/>\n<meta property=\"og:locale\" content=\"es_ES\" \/>\n<meta property=\"og:type\" content=\"article\" \/>\n<meta property=\"og:title\" content=\"Centro de Adiestramiento de Canes cumple 58 a\u00f1os - El Diario - Bolivia\" \/>\n<meta property=\"og:description\" content=\"El Centro de Adiestramiento de Canes de la Polic\u00eda Boliviana conmemor\u00f3 su 58 aniversario de creaci\u00f3n y en la oportunidad se distingui\u00f3 a personal que apoya en esa instituci\u00f3n, adem\u00e1s, se ascendi\u00f3 al grado de sargentos a seis canes que fueron adiestrados por instructores y se envi\u00f3 a la reserva a otros cinco perros que [&hellip;]\" \/>\n<meta property=\"og:url\" content=\"https:\/\/www.eldiario.net\/portal\/2023\/06\/07\/centro-de-adiestramiento-de-canes-cumple-58-anos\/\" \/>\n<meta property=\"og:site_name\" content=\"El Diario - Bolivia\" \/>\n<meta property=\"article:publisher\" content=\"https:\/\/www.facebook.com\/eldiario.bolivia\/\" \/>\n<meta property=\"article:published_time\" content=\"2023-06-07T10:01:24+00:00\" \/>\n<meta property=\"og:image\" content=\"https:\/\/www.eldiario.net\/portal\/wp-content\/uploads\/2023\/06\/F-1-canes.jpg\" \/>\n\t<meta property=\"og:image:width\" content=\"1600\" \/>\n\t<meta property=\"og:image:height\" content=\"1067\" \/>\n\t<meta property=\"og:image:type\" content=\"image\/jpeg\" \/>\n<meta name=\"author\" content=\"Jeanette\" \/>\n<meta name=\"twitter:card\" content=\"summary_large_image\" \/>\n<meta name=\"twitter:creator\" content=\"@eldiario_net\" \/>\n<meta name=\"twitter:site\" content=\"@eldiario_net\" \/>\n<meta name=\"twitter:label1\" content=\"Escrito por\" \/>\n\t<meta name=\"twitter:data1\" content=\"Jeanette\" \/>\n\t<meta name=\"twitter:label2\" content=\"Tiempo de lectura\" \/>\n\t<meta name=\"twitter:data2\" content=\"3 minutos\" \/>\n<script type=\"application\/ld+json\" class=\"yoast-schema-graph\">{\"@context\":\"https:\\\/\\\/schema.org\",\"@graph\":[{\"@type\":\"Article\",\"@id\":\"https:\\\/\\\/www.eldiario.net\\\/portal\\\/2023\\\/06\\\/07\\\/centro-de-adiestramiento-de-canes-cumple-58-anos\\\/#article\",\"isPartOf\":{\"@id\":\"https:\\\/\\\/www.eldiario.net\\\/portal\\\/2023\\\/06\\\/07\\\/centro-de-adiestramiento-de-canes-cumple-58-anos\\\/\"},\"author\":{\"name\":\"Jeanette\",\"@id\":\"https:\\\/\\\/www.eldiario.net\\\/portal\\\/#\\\/schema\\\/person\\\/f46445640444750d7d753ccd04ae01b7\"},\"headline\":\"Centro de Adiestramiento de Canes cumple 58 a\u00f1os\",\"datePublished\":\"2023-06-07T10:01:24+00:00\",\"mainEntityOfPage\":{\"@id\":\"https:\\\/\\\/www.eldiario.net\\\/portal\\\/2023\\\/06\\\/07\\\/centro-de-adiestramiento-de-canes-cumple-58-anos\\\/\"},\"wordCount\":488,\"publisher\":{\"@id\":\"https:\\\/\\\/www.eldiario.net\\\/portal\\\/#organization\"},\"image\":{\"@id\":\"https:\\\/\\\/www.eldiario.net\\\/portal\\\/2023\\\/06\\\/07\\\/centro-de-adiestramiento-de-canes-cumple-58-anos\\\/#primaryimage\"},\"thumbnailUrl\":\"https:\\\/\\\/www.eldiario.net\\\/portal\\\/wp-content\\\/uploads\\\/2023\\\/06\\\/F-1-canes.jpg\",\"articleSection\":[\"Nacional\"],\"inLanguage\":\"es\"},{\"@type\":\"WebPage\",\"@id\":\"https:\\\/\\\/www.eldiario.net\\\/portal\\\/2023\\\/06\\\/07\\\/centro-de-adiestramiento-de-canes-cumple-58-anos\\\/\",\"url\":\"https:\\\/\\\/www.eldiario.net\\\/portal\\\/2023\\\/06\\\/07\\\/centro-de-adiestramiento-de-canes-cumple-58-anos\\\/\",\"name\":\"Centro de Adiestramiento de Canes cumple 58 a\u00f1os - El Diario - Bolivia\",\"isPartOf\":{\"@id\":\"https:\\\/\\\/www.eldiario.net\\\/portal\\\/#website\"},\"primaryImageOfPage\":{\"@id\":\"https:\\\/\\\/www.eldiario.net\\\/portal\\\/2023\\\/06\\\/07\\\/centro-de-adiestramiento-de-canes-cumple-58-anos\\\/#primaryimage\"},\"image\":{\"@id\":\"https:\\\/\\\/www.eldiario.net\\\/portal\\\/2023\\\/06\\\/07\\\/centro-de-adiestramiento-de-canes-cumple-58-anos\\\/#primaryimage\"},\"thumbnailUrl\":\"https:\\\/\\\/www.eldiario.net\\\/portal\\\/wp-content\\\/uploads\\\/2023\\\/06\\\/F-1-canes.jpg\",\"datePublished\":\"2023-06-07T10:01:24+00:00\",\"breadcrumb\":{\"@id\":\"https:\\\/\\\/www.eldiario.net\\\/portal\\\/2023\\\/06\\\/07\\\/centro-de-adiestramiento-de-canes-cumple-58-anos\\\/#breadcrumb\"},\"inLanguage\":\"es\",\"potentialAction\":[{\"@type\":\"ReadAction\",\"target\":[\"https:\\\/\\\/www.eldiario.net\\\/portal\\\/2023\\\/06\\\/07\\\/centro-de-adiestramiento-de-canes-cumple-58-anos\\\/\"]}]},{\"@type\":\"ImageObject\",\"inLanguage\":\"es\",\"@id\":\"https:\\\/\\\/www.eldiario.net\\\/portal\\\/2023\\\/06\\\/07\\\/centro-de-adiestramiento-de-canes-cumple-58-anos\\\/#primaryimage\",\"url\":\"https:\\\/\\\/www.eldiario.net\\\/portal\\\/wp-content\\\/uploads\\\/2023\\\/06\\\/F-1-canes.jpg\",\"contentUrl\":\"https:\\\/\\\/www.eldiario.net\\\/portal\\\/wp-content\\\/uploads\\\/2023\\\/06\\\/F-1-canes.jpg\",\"width\":1600,\"height\":1067,\"caption\":\"Algunos de los canes que forman parte del centro policial.\"},{\"@type\":\"BreadcrumbList\",\"@id\":\"https:\\\/\\\/www.eldiario.net\\\/portal\\\/2023\\\/06\\\/07\\\/centro-de-adiestramiento-de-canes-cumple-58-anos\\\/#breadcrumb\",\"itemListElement\":[{\"@type\":\"ListItem\",\"position\":1,\"name\":\"Portada\",\"item\":\"https:\\\/\\\/www.eldiario.net\\\/portal\\\/\"},{\"@type\":\"ListItem\",\"position\":2,\"name\":\"Centro de Adiestramiento de Canes cumple 58 a\u00f1os\"}]},{\"@type\":\"WebSite\",\"@id\":\"https:\\\/\\\/www.eldiario.net\\\/portal\\\/#website\",\"url\":\"https:\\\/\\\/www.eldiario.net\\\/portal\\\/\",\"name\":\"El Diario - Decano de la prensa nacional\",\"description\":\"El Diario - Decano de la prensa nacional\",\"publisher\":{\"@id\":\"https:\\\/\\\/www.eldiario.net\\\/portal\\\/#organization\"},\"potentialAction\":[{\"@type\":\"SearchAction\",\"target\":{\"@type\":\"EntryPoint\",\"urlTemplate\":\"https:\\\/\\\/www.eldiario.net\\\/portal\\\/?s={search_term_string}\"},\"query-input\":{\"@type\":\"PropertyValueSpecification\",\"valueRequired\":true,\"valueName\":\"search_term_string\"}}],\"inLanguage\":\"es\"},{\"@type\":\"Organization\",\"@id\":\"https:\\\/\\\/www.eldiario.net\\\/portal\\\/#organization\",\"name\":\"El Diario - Decano de la prensa nacional\",\"url\":\"https:\\\/\\\/www.eldiario.net\\\/portal\\\/\",\"logo\":{\"@type\":\"ImageObject\",\"inLanguage\":\"es\",\"@id\":\"https:\\\/\\\/www.eldiario.net\\\/portal\\\/#\\\/schema\\\/logo\\\/image\\\/\",\"url\":\"https:\\\/\\\/www.eldiario.net\\\/portal\\\/wp-content\\\/uploads\\\/2023\\\/07\\\/logo_ED.jpg\",\"contentUrl\":\"https:\\\/\\\/www.eldiario.net\\\/portal\\\/wp-content\\\/uploads\\\/2023\\\/07\\\/logo_ED.jpg\",\"width\":272,\"height\":52,\"caption\":\"El Diario - Decano de la prensa nacional\"},\"image\":{\"@id\":\"https:\\\/\\\/www.eldiario.net\\\/portal\\\/#\\\/schema\\\/logo\\\/image\\\/\"},\"sameAs\":[\"https:\\\/\\\/www.facebook.com\\\/eldiario.bolivia\\\/\",\"https:\\\/\\\/x.com\\\/eldiario_net\"]},{\"@type\":\"Person\",\"@id\":\"https:\\\/\\\/www.eldiario.net\\\/portal\\\/#\\\/schema\\\/person\\\/f46445640444750d7d753ccd04ae01b7\",\"name\":\"Jeanette\",\"image\":{\"@type\":\"ImageObject\",\"inLanguage\":\"es\",\"@id\":\"https:\\\/\\\/secure.gravatar.com\\\/avatar\\\/3ea2118a5f7dad2b7138b1187a6b7ee55f160b9968b66013c3a3ef39dd7e5798?s=96&d=mm&r=g\",\"url\":\"https:\\\/\\\/secure.gravatar.com\\\/avatar\\\/3ea2118a5f7dad2b7138b1187a6b7ee55f160b9968b66013c3a3ef39dd7e5798?s=96&d=mm&r=g\",\"contentUrl\":\"https:\\\/\\\/secure.gravatar.com\\\/avatar\\\/3ea2118a5f7dad2b7138b1187a6b7ee55f160b9968b66013c3a3ef39dd7e5798?s=96&d=mm&r=g\",\"caption\":\"Jeanette\"},\"sameAs\":[\"https:\\\/\\\/www.eldiario.net\\\/portal\"],\"url\":\"https:\\\/\\\/www.eldiario.net\\\/portal\\\/author\\\/jeanette\\\/\"}]}<\/script>\n<!-- \/ Yoast SEO plugin. -->","yoast_head_json":{"title":"Centro de Adiestramiento de Canes cumple 58 a\u00f1os - El Diario - Bolivia","robots":{"index":"index","follow":"follow","max-snippet":"max-snippet:-1","max-image-preview":"max-image-preview:large","max-video-preview":"max-video-preview:-1"},"canonical":"https:\/\/www.eldiario.net\/portal\/2023\/06\/07\/centro-de-adiestramiento-de-canes-cumple-58-anos\/","og_locale":"es_ES","og_type":"article","og_title":"Centro de Adiestramiento de Canes cumple 58 a\u00f1os - El Diario - Bolivia","og_description":"El Centro de Adiestramiento de Canes de la Polic\u00eda Boliviana conmemor\u00f3 su 58 aniversario de creaci\u00f3n y en la oportunidad se distingui\u00f3 a personal que apoya en esa instituci\u00f3n, adem\u00e1s, se ascendi\u00f3 al grado de sargentos a seis canes que fueron adiestrados por instructores y se envi\u00f3 a la reserva a otros cinco perros que [&hellip;]","og_url":"https:\/\/www.eldiario.net\/portal\/2023\/06\/07\/centro-de-adiestramiento-de-canes-cumple-58-anos\/","og_site_name":"El Diario - Bolivia","article_publisher":"https:\/\/www.facebook.com\/eldiario.bolivia\/","article_published_time":"2023-06-07T10:01:24+00:00","og_image":[{"width":1600,"height":1067,"url":"https:\/\/www.eldiario.net\/portal\/wp-content\/uploads\/2023\/06\/F-1-canes.jpg","type":"image\/jpeg"}],"author":"Jeanette","twitter_card":"summary_large_image","twitter_creator":"@eldiario_net","twitter_site":"@eldiario_net","twitter_misc":{"Escrito por":"Jeanette","Tiempo de lectura":"3 minutos"},"schema":{"@context":"https:\/\/schema.org","@graph":[{"@type":"Article","@id":"https:\/\/www.eldiario.net\/portal\/2023\/06\/07\/centro-de-adiestramiento-de-canes-cumple-58-anos\/#article","isPartOf":{"@id":"https:\/\/www.eldiario.net\/portal\/2023\/06\/07\/centro-de-adiestramiento-de-canes-cumple-58-anos\/"},"author":{"name":"Jeanette","@id":"https:\/\/www.eldiario.net\/portal\/#\/schema\/person\/f46445640444750d7d753ccd04ae01b7"},"headline":"Centro de Adiestramiento de Canes cumple 58 a\u00f1os","datePublished":"2023-06-07T10:01:24+00:00","mainEntityOfPage":{"@id":"https:\/\/www.eldiario.net\/portal\/2023\/06\/07\/centro-de-adiestramiento-de-canes-cumple-58-anos\/"},"wordCount":488,"publisher":{"@id":"https:\/\/www.eldiario.net\/portal\/#organization"},"image":{"@id":"https:\/\/www.eldiario.net\/portal\/2023\/06\/07\/centro-de-adiestramiento-de-canes-cumple-58-anos\/#primaryimage"},"thumbnailUrl":"https:\/\/www.eldiario.net\/portal\/wp-content\/uploads\/2023\/06\/F-1-canes.jpg","articleSection":["Nacional"],"inLanguage":"es"},{"@type":"WebPage","@id":"https:\/\/www.eldiario.net\/portal\/2023\/06\/07\/centro-de-adiestramiento-de-canes-cumple-58-anos\/","url":"https:\/\/www.eldiario.net\/portal\/2023\/06\/07\/centro-de-adiestramiento-de-canes-cumple-58-anos\/","name":"Centro de Adiestramiento de Canes cumple 58 a\u00f1os - El Diario - Bolivia","isPartOf":{"@id":"https:\/\/www.eldiario.net\/portal\/#website"},"primaryImageOfPage":{"@id":"https:\/\/www.eldiario.net\/portal\/2023\/06\/07\/centro-de-adiestramiento-de-canes-cumple-58-anos\/#primaryimage"},"image":{"@id":"https:\/\/www.eldiario.net\/portal\/2023\/06\/07\/centro-de-adiestramiento-de-canes-cumple-58-anos\/#primaryimage"},"thumbnailUrl":"https:\/\/www.eldiario.net\/portal\/wp-content\/uploads\/2023\/06\/F-1-canes.jpg","datePublished":"2023-06-07T10:01:24+00:00","breadcrumb":{"@id":"https:\/\/www.eldiario.net\/portal\/2023\/06\/07\/centro-de-adiestramiento-de-canes-cumple-58-anos\/#breadcrumb"},"inLanguage":"es","potentialAction":[{"@type":"ReadAction","target":["https:\/\/www.eldiario.net\/portal\/2023\/06\/07\/centro-de-adiestramiento-de-canes-cumple-58-anos\/"]}]},{"@type":"ImageObject","inLanguage":"es","@id":"https:\/\/www.eldiario.net\/portal\/2023\/06\/07\/centro-de-adiestramiento-de-canes-cumple-58-anos\/#primaryimage","url":"https:\/\/www.eldiario.net\/portal\/wp-content\/uploads\/2023\/06\/F-1-canes.jpg","contentUrl":"https:\/\/www.eldiario.net\/portal\/wp-content\/uploads\/2023\/06\/F-1-canes.jpg","width":1600,"height":1067,"caption":"Algunos de los canes que forman parte del centro policial."},{"@type":"BreadcrumbList","@id":"https:\/\/www.eldiario.net\/portal\/2023\/06\/07\/centro-de-adiestramiento-de-canes-cumple-58-anos\/#breadcrumb","itemListElement":[{"@type":"ListItem","position":1,"name":"Portada","item":"https:\/\/www.eldiario.net\/portal\/"},{"@type":"ListItem","position":2,"name":"Centro de Adiestramiento de Canes cumple 58 a\u00f1os"}]},{"@type":"WebSite","@id":"https:\/\/www.eldiario.net\/portal\/#website","url":"https:\/\/www.eldiario.net\/portal\/","name":"El Diario - Decano de la prensa nacional","description":"El Diario - Decano de la prensa nacional","publisher":{"@id":"https:\/\/www.eldiario.net\/portal\/#organization"},"potentialAction":[{"@type":"SearchAction","target":{"@type":"EntryPoint","urlTemplate":"https:\/\/www.eldiario.net\/portal\/?s={search_term_string}"},"query-input":{"@type":"PropertyValueSpecification","valueRequired":true,"valueName":"search_term_string"}}],"inLanguage":"es"},{"@type":"Organization","@id":"https:\/\/www.eldiario.net\/portal\/#organization","name":"El Diario - Decano de la prensa nacional","url":"https:\/\/www.eldiario.net\/portal\/","logo":{"@type":"ImageObject","inLanguage":"es","@id":"https:\/\/www.eldiario.net\/portal\/#\/schema\/logo\/image\/","url":"https:\/\/www.eldiario.net\/portal\/wp-content\/uploads\/2023\/07\/logo_ED.jpg","contentUrl":"https:\/\/www.eldiario.net\/portal\/wp-content\/uploads\/2023\/07\/logo_ED.jpg","width":272,"height":52,"caption":"El Diario - Decano de la prensa nacional"},"image":{"@id":"https:\/\/www.eldiario.net\/portal\/#\/schema\/logo\/image\/"},"sameAs":["https:\/\/www.facebook.com\/eldiario.bolivia\/","https:\/\/x.com\/eldiario_net"]},{"@type":"Person","@id":"https:\/\/www.eldiario.net\/portal\/#\/schema\/person\/f46445640444750d7d753ccd04ae01b7","name":"Jeanette","image":{"@type":"ImageObject","inLanguage":"es","@id":"https:\/\/secure.gravatar.com\/avatar\/3ea2118a5f7dad2b7138b1187a6b7ee55f160b9968b66013c3a3ef39dd7e5798?s=96&d=mm&r=g","url":"https:\/\/secure.gravatar.com\/avatar\/3ea2118a5f7dad2b7138b1187a6b7ee55f160b9968b66013c3a3ef39dd7e5798?s=96&d=mm&r=g","contentUrl":"https:\/\/secure.gravatar.com\/avatar\/3ea2118a5f7dad2b7138b1187a6b7ee55f160b9968b66013c3a3ef39dd7e5798?s=96&d=mm&r=g","caption":"Jeanette"},"sameAs":["https:\/\/www.eldiario.net\/portal"],"url":"https:\/\/www.eldiario.net\/portal\/author\/jeanette\/"}]}},"_links":{"self":[{"href":"https:\/\/www.eldiario.net\/portal\/wp-json\/wp\/v2\/posts\/158592","targetHints":{"allow":["GET"]}}],"collection":[{"href":"https:\/\/www.eldiario.net\/portal\/wp-json\/wp\/v2\/posts"}],"about":[{"href":"https:\/\/www.eldiario.net\/portal\/wp-json\/wp\/v2\/types\/post"}],"author":[{"embeddable":true,"href":"https:\/\/www.eldiario.net\/portal\/wp-json\/wp\/v2\/users\/1"}],"replies":[{"embeddable":true,"href":"https:\/\/www.eldiario.net\/portal\/wp-json\/wp\/v2\/comments?post=158592"}],"version-history":[{"count":0,"href":"https:\/\/www.eldiario.net\/portal\/wp-json\/wp\/v2\/posts\/158592\/revisions"}],"wp:featuredmedia":[{"embeddable":true,"href":"https:\/\/www.eldiario.net\/portal\/wp-json\/wp\/v2\/media\/158593"}],"wp:attachment":[{"href":"https:\/\/www.eldiario.net\/portal\/wp-json\/wp\/v2\/media?parent=158592"}],"wp:term":[{"taxonomy":"category","embeddable":true,"href":"https:\/\/www.eldiario.net\/portal\/wp-json\/wp\/v2\/categories?post=158592"},{"taxonomy":"post_tag","embeddable":true,"href":"https:\/\/www.eldiario.net\/portal\/wp-json\/wp\/v2\/tags?post=158592"}],"curies":[{"name":"wp","href":"https:\/\/api.w.org\/{rel}","templated":true}]}}