{"id":158590,"date":"2023-06-07T06:00:45","date_gmt":"2023-06-07T10:00:45","guid":{"rendered":"https:\/\/www.eldiario.net\/portal\/?p=158590"},"modified":"2023-06-07T06:00:45","modified_gmt":"2023-06-07T10:00:45","slug":"distinguen-a-23-maestros-del-pais-y-educadores-rurales-piden-bono-de-riesgo","status":"publish","type":"post","link":"https:\/\/www.eldiario.net\/portal\/2023\/06\/07\/distinguen-a-23-maestros-del-pais-y-educadores-rurales-piden-bono-de-riesgo\/","title":{"rendered":"Distinguen a 23 maestros del pa\u00eds y educadores rurales piden bono de riesgo"},"content":{"rendered":"<p>En conmemoraci\u00f3n al D\u00eda del Maestro, el Ministerio de Educaci\u00f3n distingui\u00f3 a 23 maestros y maestras meritorios de Bolivia con la estatuilla Avelino Si\u00f1ani, m\u00e1ximo galard\u00f3n de la educaci\u00f3n boliviana. Por otra parte, ante recientes accidentes que cegaron la vida de profesores, el sector rural pide bono de riesgo.<br \/>\n\u201cEmpec\u00e9 como profesora de Matem\u00e1ticas, Ciencias Sociales, es mi especialidad, por los Yungas, norte, Sud Yungas y Alto Beni, luego volv\u00ed a La Paz de mucho tiempo, al colegio Ballivian como profesora de Lenguaje-Sociales y, en 2008, fundamos un centro de educaci\u00f3n de adultos en Huatajata, con los abuelitos\u201d, relat\u00f3 la maestra Lidia Guti\u00e9rrez.<br \/>\nElla fue una de las educadoras que recibi\u00f3 el reconocimiento del Ministerio de Educaci\u00f3n y cont\u00f3 que siempre realiz\u00f3 su labor con agrado. \u201cCuando iniciamos en Huatajata (poblaci\u00f3n pace\u00f1a), con los abuelitos, empezamos ad honorem, no goz\u00e1bamos de sueldo hasta conseguir el \u00edtem\u201d, asegur\u00f3.<br \/>\nSeg\u00fan el ministro de Educaci\u00f3n, Edgar Pary, en el pa\u00eds hay m\u00e1s de 170 mil educadores, quienes dan clases en colegios del Sistema de Educaci\u00f3n Regular, en Centros de Educaci\u00f3n Especial y Alternativa, en institutos, en universidades; adem\u00e1s de espacios como hospitales, c\u00e1rceles, y unidades militares, entre otros.<br \/>\nPor su parte, el secretario ejecutivo de la Confederaci\u00f3n de Maestros de Educaci\u00f3n Rural de Bolivia (Conmerb), Ruddy Callisaya, rindi\u00f3 homenaje a educadores que perdieron la vida al dirigirse a su unidad educativa tras sufrir accidentes de tr\u00e1nsito y pidi\u00f3 se otorgue un bono de riesgo profesional.<br \/>\n\u201cInicialmente hab\u00edamos planteado que haga un estudio nuestras autoridades de Gobierno, por lo menos, sea sobre la base de un salario m\u00ednimo del bono de riesgo profesional para todos los trabajadores no solo para el magisterio rural\u201d, indic\u00f3.<\/p>\n","protected":false},"excerpt":{"rendered":"<p>En conmemoraci\u00f3n al D\u00eda del Maestro, el Ministerio de Educaci\u00f3n distingui\u00f3 a 23 maestros y maestras meritorios de Bolivia con la estatuilla Avelino Si\u00f1ani, m\u00e1ximo galard\u00f3n de la educaci\u00f3n boliviana. Por otra parte, ante recientes accidentes que cegaron la vida de profesores, el sector rural pide bono de riesgo. \u201cEmpec\u00e9 como profesora de Matem\u00e1ticas, Ciencias [&hellip;]<\/p>\n","protected":false},"author":1,"featured_media":0,"comment_status":"closed","ping_status":"closed","sticky":false,"template":"","format":"standard","meta":{"_acf_changed":false,"footnotes":""},"categories":[12],"tags":[],"class_list":["post-158590","post","type-post","status-publish","format-standard","category-nacional"],"acf":{"antetitulo":""},"yoast_head":"<!-- This site is optimized with the Yoast SEO plugin v28.4 - https:\/\/yoast.com\/product\/yoast-seo-wordpress\/ -->\n<title>Distinguen a 23 maestros del pa\u00eds y educadores rurales piden bono de riesgo - El Diario - Bolivia<\/title>\n<meta name=\"robots\" content=\"index, follow, max-snippet:-1, max-image-preview:large, max-video-preview:-1\" \/>\n<link rel=\"canonical\" href=\"https:\/\/www.eldiario.net\/portal\/2023\/06\/07\/distinguen-a-23-maestros-del-pais-y-educadores-rurales-piden-bono-de-riesgo\/\" \/>\n<meta property=\"og:locale\" content=\"es_ES\" \/>\n<meta property=\"og:type\" content=\"article\" \/>\n<meta property=\"og:title\" content=\"Distinguen a 23 maestros del pa\u00eds y educadores rurales piden bono de riesgo - El Diario - Bolivia\" \/>\n<meta property=\"og:description\" content=\"En conmemoraci\u00f3n al D\u00eda del Maestro, el Ministerio de Educaci\u00f3n distingui\u00f3 a 23 maestros y maestras meritorios de Bolivia con la estatuilla Avelino Si\u00f1ani, m\u00e1ximo galard\u00f3n de la educaci\u00f3n boliviana. Por otra parte, ante recientes accidentes que cegaron la vida de profesores, el sector rural pide bono de riesgo. \u201cEmpec\u00e9 como profesora de Matem\u00e1ticas, Ciencias [&hellip;]\" \/>\n<meta property=\"og:url\" content=\"https:\/\/www.eldiario.net\/portal\/2023\/06\/07\/distinguen-a-23-maestros-del-pais-y-educadores-rurales-piden-bono-de-riesgo\/\" \/>\n<meta property=\"og:site_name\" content=\"El Diario - Bolivia\" \/>\n<meta property=\"article:publisher\" content=\"https:\/\/www.facebook.com\/eldiario.bolivia\/\" \/>\n<meta property=\"article:published_time\" content=\"2023-06-07T10:00:45+00:00\" \/>\n<meta name=\"author\" content=\"Jeanette\" \/>\n<meta name=\"twitter:card\" content=\"summary_large_image\" \/>\n<meta name=\"twitter:creator\" content=\"@eldiario_net\" \/>\n<meta name=\"twitter:site\" content=\"@eldiario_net\" \/>\n<meta name=\"twitter:label1\" content=\"Escrito por\" \/>\n\t<meta name=\"twitter:data1\" content=\"Jeanette\" \/>\n\t<meta name=\"twitter:label2\" content=\"Tiempo de lectura\" \/>\n\t<meta name=\"twitter:data2\" content=\"2 minutos\" \/>\n<script type=\"application\/ld+json\" class=\"yoast-schema-graph\">{\"@context\":\"https:\\\/\\\/schema.org\",\"@graph\":[{\"@type\":\"Article\",\"@id\":\"https:\\\/\\\/www.eldiario.net\\\/portal\\\/2023\\\/06\\\/07\\\/distinguen-a-23-maestros-del-pais-y-educadores-rurales-piden-bono-de-riesgo\\\/#article\",\"isPartOf\":{\"@id\":\"https:\\\/\\\/www.eldiario.net\\\/portal\\\/2023\\\/06\\\/07\\\/distinguen-a-23-maestros-del-pais-y-educadores-rurales-piden-bono-de-riesgo\\\/\"},\"author\":{\"name\":\"Jeanette\",\"@id\":\"https:\\\/\\\/www.eldiario.net\\\/portal\\\/#\\\/schema\\\/person\\\/f46445640444750d7d753ccd04ae01b7\"},\"headline\":\"Distinguen a 23 maestros del pa\u00eds y educadores rurales piden bono de riesgo\",\"datePublished\":\"2023-06-07T10:00:45+00:00\",\"mainEntityOfPage\":{\"@id\":\"https:\\\/\\\/www.eldiario.net\\\/portal\\\/2023\\\/06\\\/07\\\/distinguen-a-23-maestros-del-pais-y-educadores-rurales-piden-bono-de-riesgo\\\/\"},\"wordCount\":317,\"publisher\":{\"@id\":\"https:\\\/\\\/www.eldiario.net\\\/portal\\\/#organization\"},\"articleSection\":[\"Nacional\"],\"inLanguage\":\"es\"},{\"@type\":\"WebPage\",\"@id\":\"https:\\\/\\\/www.eldiario.net\\\/portal\\\/2023\\\/06\\\/07\\\/distinguen-a-23-maestros-del-pais-y-educadores-rurales-piden-bono-de-riesgo\\\/\",\"url\":\"https:\\\/\\\/www.eldiario.net\\\/portal\\\/2023\\\/06\\\/07\\\/distinguen-a-23-maestros-del-pais-y-educadores-rurales-piden-bono-de-riesgo\\\/\",\"name\":\"Distinguen a 23 maestros del pa\u00eds y educadores rurales piden bono de riesgo - El Diario - Bolivia\",\"isPartOf\":{\"@id\":\"https:\\\/\\\/www.eldiario.net\\\/portal\\\/#website\"},\"datePublished\":\"2023-06-07T10:00:45+00:00\",\"breadcrumb\":{\"@id\":\"https:\\\/\\\/www.eldiario.net\\\/portal\\\/2023\\\/06\\\/07\\\/distinguen-a-23-maestros-del-pais-y-educadores-rurales-piden-bono-de-riesgo\\\/#breadcrumb\"},\"inLanguage\":\"es\",\"potentialAction\":[{\"@type\":\"ReadAction\",\"target\":[\"https:\\\/\\\/www.eldiario.net\\\/portal\\\/2023\\\/06\\\/07\\\/distinguen-a-23-maestros-del-pais-y-educadores-rurales-piden-bono-de-riesgo\\\/\"]}]},{\"@type\":\"BreadcrumbList\",\"@id\":\"https:\\\/\\\/www.eldiario.net\\\/portal\\\/2023\\\/06\\\/07\\\/distinguen-a-23-maestros-del-pais-y-educadores-rurales-piden-bono-de-riesgo\\\/#breadcrumb\",\"itemListElement\":[{\"@type\":\"ListItem\",\"position\":1,\"name\":\"Portada\",\"item\":\"https:\\\/\\\/www.eldiario.net\\\/portal\\\/\"},{\"@type\":\"ListItem\",\"position\":2,\"name\":\"Distinguen a 23 maestros del pa\u00eds y educadores rurales piden bono de riesgo\"}]},{\"@type\":\"WebSite\",\"@id\":\"https:\\\/\\\/www.eldiario.net\\\/portal\\\/#website\",\"url\":\"https:\\\/\\\/www.eldiario.net\\\/portal\\\/\",\"name\":\"El Diario - Decano de la prensa nacional\",\"description\":\"El Diario - Decano de la prensa nacional\",\"publisher\":{\"@id\":\"https:\\\/\\\/www.eldiario.net\\\/portal\\\/#organization\"},\"potentialAction\":[{\"@type\":\"SearchAction\",\"target\":{\"@type\":\"EntryPoint\",\"urlTemplate\":\"https:\\\/\\\/www.eldiario.net\\\/portal\\\/?s={search_term_string}\"},\"query-input\":{\"@type\":\"PropertyValueSpecification\",\"valueRequired\":true,\"valueName\":\"search_term_string\"}}],\"inLanguage\":\"es\"},{\"@type\":\"Organization\",\"@id\":\"https:\\\/\\\/www.eldiario.net\\\/portal\\\/#organization\",\"name\":\"El Diario - Decano de la prensa nacional\",\"url\":\"https:\\\/\\\/www.eldiario.net\\\/portal\\\/\",\"logo\":{\"@type\":\"ImageObject\",\"inLanguage\":\"es\",\"@id\":\"https:\\\/\\\/www.eldiario.net\\\/portal\\\/#\\\/schema\\\/logo\\\/image\\\/\",\"url\":\"https:\\\/\\\/www.eldiario.net\\\/portal\\\/wp-content\\\/uploads\\\/2023\\\/07\\\/logo_ED.jpg\",\"contentUrl\":\"https:\\\/\\\/www.eldiario.net\\\/portal\\\/wp-content\\\/uploads\\\/2023\\\/07\\\/logo_ED.jpg\",\"width\":272,\"height\":52,\"caption\":\"El Diario - Decano de la prensa nacional\"},\"image\":{\"@id\":\"https:\\\/\\\/www.eldiario.net\\\/portal\\\/#\\\/schema\\\/logo\\\/image\\\/\"},\"sameAs\":[\"https:\\\/\\\/www.facebook.com\\\/eldiario.bolivia\\\/\",\"https:\\\/\\\/x.com\\\/eldiario_net\"]},{\"@type\":\"Person\",\"@id\":\"https:\\\/\\\/www.eldiario.net\\\/portal\\\/#\\\/schema\\\/person\\\/f46445640444750d7d753ccd04ae01b7\",\"name\":\"Jeanette\",\"image\":{\"@type\":\"ImageObject\",\"inLanguage\":\"es\",\"@id\":\"https:\\\/\\\/secure.gravatar.com\\\/avatar\\\/3ea2118a5f7dad2b7138b1187a6b7ee55f160b9968b66013c3a3ef39dd7e5798?s=96&d=mm&r=g\",\"url\":\"https:\\\/\\\/secure.gravatar.com\\\/avatar\\\/3ea2118a5f7dad2b7138b1187a6b7ee55f160b9968b66013c3a3ef39dd7e5798?s=96&d=mm&r=g\",\"contentUrl\":\"https:\\\/\\\/secure.gravatar.com\\\/avatar\\\/3ea2118a5f7dad2b7138b1187a6b7ee55f160b9968b66013c3a3ef39dd7e5798?s=96&d=mm&r=g\",\"caption\":\"Jeanette\"},\"sameAs\":[\"https:\\\/\\\/www.eldiario.net\\\/portal\"],\"url\":\"https:\\\/\\\/www.eldiario.net\\\/portal\\\/author\\\/jeanette\\\/\"}]}<\/script>\n<!-- \/ Yoast SEO plugin. -->","yoast_head_json":{"title":"Distinguen a 23 maestros del pa\u00eds y educadores rurales piden bono de riesgo - El Diario - Bolivia","robots":{"index":"index","follow":"follow","max-snippet":"max-snippet:-1","max-image-preview":"max-image-preview:large","max-video-preview":"max-video-preview:-1"},"canonical":"https:\/\/www.eldiario.net\/portal\/2023\/06\/07\/distinguen-a-23-maestros-del-pais-y-educadores-rurales-piden-bono-de-riesgo\/","og_locale":"es_ES","og_type":"article","og_title":"Distinguen a 23 maestros del pa\u00eds y educadores rurales piden bono de riesgo - El Diario - Bolivia","og_description":"En conmemoraci\u00f3n al D\u00eda del Maestro, el Ministerio de Educaci\u00f3n distingui\u00f3 a 23 maestros y maestras meritorios de Bolivia con la estatuilla Avelino Si\u00f1ani, m\u00e1ximo galard\u00f3n de la educaci\u00f3n boliviana. Por otra parte, ante recientes accidentes que cegaron la vida de profesores, el sector rural pide bono de riesgo. \u201cEmpec\u00e9 como profesora de Matem\u00e1ticas, Ciencias [&hellip;]","og_url":"https:\/\/www.eldiario.net\/portal\/2023\/06\/07\/distinguen-a-23-maestros-del-pais-y-educadores-rurales-piden-bono-de-riesgo\/","og_site_name":"El Diario - Bolivia","article_publisher":"https:\/\/www.facebook.com\/eldiario.bolivia\/","article_published_time":"2023-06-07T10:00:45+00:00","author":"Jeanette","twitter_card":"summary_large_image","twitter_creator":"@eldiario_net","twitter_site":"@eldiario_net","twitter_misc":{"Escrito por":"Jeanette","Tiempo de lectura":"2 minutos"},"schema":{"@context":"https:\/\/schema.org","@graph":[{"@type":"Article","@id":"https:\/\/www.eldiario.net\/portal\/2023\/06\/07\/distinguen-a-23-maestros-del-pais-y-educadores-rurales-piden-bono-de-riesgo\/#article","isPartOf":{"@id":"https:\/\/www.eldiario.net\/portal\/2023\/06\/07\/distinguen-a-23-maestros-del-pais-y-educadores-rurales-piden-bono-de-riesgo\/"},"author":{"name":"Jeanette","@id":"https:\/\/www.eldiario.net\/portal\/#\/schema\/person\/f46445640444750d7d753ccd04ae01b7"},"headline":"Distinguen a 23 maestros del pa\u00eds y educadores rurales piden bono de riesgo","datePublished":"2023-06-07T10:00:45+00:00","mainEntityOfPage":{"@id":"https:\/\/www.eldiario.net\/portal\/2023\/06\/07\/distinguen-a-23-maestros-del-pais-y-educadores-rurales-piden-bono-de-riesgo\/"},"wordCount":317,"publisher":{"@id":"https:\/\/www.eldiario.net\/portal\/#organization"},"articleSection":["Nacional"],"inLanguage":"es"},{"@type":"WebPage","@id":"https:\/\/www.eldiario.net\/portal\/2023\/06\/07\/distinguen-a-23-maestros-del-pais-y-educadores-rurales-piden-bono-de-riesgo\/","url":"https:\/\/www.eldiario.net\/portal\/2023\/06\/07\/distinguen-a-23-maestros-del-pais-y-educadores-rurales-piden-bono-de-riesgo\/","name":"Distinguen a 23 maestros del pa\u00eds y educadores rurales piden bono de riesgo - El Diario - Bolivia","isPartOf":{"@id":"https:\/\/www.eldiario.net\/portal\/#website"},"datePublished":"2023-06-07T10:00:45+00:00","breadcrumb":{"@id":"https:\/\/www.eldiario.net\/portal\/2023\/06\/07\/distinguen-a-23-maestros-del-pais-y-educadores-rurales-piden-bono-de-riesgo\/#breadcrumb"},"inLanguage":"es","potentialAction":[{"@type":"ReadAction","target":["https:\/\/www.eldiario.net\/portal\/2023\/06\/07\/distinguen-a-23-maestros-del-pais-y-educadores-rurales-piden-bono-de-riesgo\/"]}]},{"@type":"BreadcrumbList","@id":"https:\/\/www.eldiario.net\/portal\/2023\/06\/07\/distinguen-a-23-maestros-del-pais-y-educadores-rurales-piden-bono-de-riesgo\/#breadcrumb","itemListElement":[{"@type":"ListItem","position":1,"name":"Portada","item":"https:\/\/www.eldiario.net\/portal\/"},{"@type":"ListItem","position":2,"name":"Distinguen a 23 maestros del pa\u00eds y educadores rurales piden bono de riesgo"}]},{"@type":"WebSite","@id":"https:\/\/www.eldiario.net\/portal\/#website","url":"https:\/\/www.eldiario.net\/portal\/","name":"El Diario - Decano de la prensa nacional","description":"El Diario - Decano de la prensa nacional","publisher":{"@id":"https:\/\/www.eldiario.net\/portal\/#organization"},"potentialAction":[{"@type":"SearchAction","target":{"@type":"EntryPoint","urlTemplate":"https:\/\/www.eldiario.net\/portal\/?s={search_term_string}"},"query-input":{"@type":"PropertyValueSpecification","valueRequired":true,"valueName":"search_term_string"}}],"inLanguage":"es"},{"@type":"Organization","@id":"https:\/\/www.eldiario.net\/portal\/#organization","name":"El Diario - Decano de la prensa nacional","url":"https:\/\/www.eldiario.net\/portal\/","logo":{"@type":"ImageObject","inLanguage":"es","@id":"https:\/\/www.eldiario.net\/portal\/#\/schema\/logo\/image\/","url":"https:\/\/www.eldiario.net\/portal\/wp-content\/uploads\/2023\/07\/logo_ED.jpg","contentUrl":"https:\/\/www.eldiario.net\/portal\/wp-content\/uploads\/2023\/07\/logo_ED.jpg","width":272,"height":52,"caption":"El Diario - Decano de la prensa nacional"},"image":{"@id":"https:\/\/www.eldiario.net\/portal\/#\/schema\/logo\/image\/"},"sameAs":["https:\/\/www.facebook.com\/eldiario.bolivia\/","https:\/\/x.com\/eldiario_net"]},{"@type":"Person","@id":"https:\/\/www.eldiario.net\/portal\/#\/schema\/person\/f46445640444750d7d753ccd04ae01b7","name":"Jeanette","image":{"@type":"ImageObject","inLanguage":"es","@id":"https:\/\/secure.gravatar.com\/avatar\/3ea2118a5f7dad2b7138b1187a6b7ee55f160b9968b66013c3a3ef39dd7e5798?s=96&d=mm&r=g","url":"https:\/\/secure.gravatar.com\/avatar\/3ea2118a5f7dad2b7138b1187a6b7ee55f160b9968b66013c3a3ef39dd7e5798?s=96&d=mm&r=g","contentUrl":"https:\/\/secure.gravatar.com\/avatar\/3ea2118a5f7dad2b7138b1187a6b7ee55f160b9968b66013c3a3ef39dd7e5798?s=96&d=mm&r=g","caption":"Jeanette"},"sameAs":["https:\/\/www.eldiario.net\/portal"],"url":"https:\/\/www.eldiario.net\/portal\/author\/jeanette\/"}]}},"_links":{"self":[{"href":"https:\/\/www.eldiario.net\/portal\/wp-json\/wp\/v2\/posts\/158590","targetHints":{"allow":["GET"]}}],"collection":[{"href":"https:\/\/www.eldiario.net\/portal\/wp-json\/wp\/v2\/posts"}],"about":[{"href":"https:\/\/www.eldiario.net\/portal\/wp-json\/wp\/v2\/types\/post"}],"author":[{"embeddable":true,"href":"https:\/\/www.eldiario.net\/portal\/wp-json\/wp\/v2\/users\/1"}],"replies":[{"embeddable":true,"href":"https:\/\/www.eldiario.net\/portal\/wp-json\/wp\/v2\/comments?post=158590"}],"version-history":[{"count":0,"href":"https:\/\/www.eldiario.net\/portal\/wp-json\/wp\/v2\/posts\/158590\/revisions"}],"wp:attachment":[{"href":"https:\/\/www.eldiario.net\/portal\/wp-json\/wp\/v2\/media?parent=158590"}],"wp:term":[{"taxonomy":"category","embeddable":true,"href":"https:\/\/www.eldiario.net\/portal\/wp-json\/wp\/v2\/categories?post=158590"},{"taxonomy":"post_tag","embeddable":true,"href":"https:\/\/www.eldiario.net\/portal\/wp-json\/wp\/v2\/tags?post=158590"}],"curies":[{"name":"wp","href":"https:\/\/api.w.org\/{rel}","templated":true}]}}