{"id":158583,"date":"2023-06-07T05:59:09","date_gmt":"2023-06-07T09:59:09","guid":{"rendered":"https:\/\/www.eldiario.net\/portal\/?p=158583"},"modified":"2023-06-07T05:59:09","modified_gmt":"2023-06-07T09:59:09","slug":"ven-que-gobierno-esconde-pruebas-del-traslado-de-cocaina-hasta-espana","status":"publish","type":"post","link":"https:\/\/www.eldiario.net\/portal\/2023\/06\/07\/ven-que-gobierno-esconde-pruebas-del-traslado-de-cocaina-hasta-espana\/","title":{"rendered":"Ven que Gobierno esconde pruebas  del traslado de coca\u00edna hasta Espa\u00f1a"},"content":{"rendered":"<p>El diputado Erwin Baz\u00e1n, de Creemos, afirm\u00f3 que desde el Ministerio de Gobierno se esconde informaci\u00f3n e im\u00e1genes relacionadas al traslado y embarque de los 478 kilos de coca\u00edna descubiertos en Espa\u00f1a procedentes de Bolivia, por lo que el titular de esa cartera deber\u00e1 responder este y otros cuestionamientos en la interpelaci\u00f3n formulada por la bancada de diputados de esta organizaci\u00f3n pol\u00edtica.<br \/>\n\u201cEl Ministro de Gobierno muestra s\u00f3lo la violaci\u00f3n de los precintos de seguridad por parte de los dos empleados de BoA y no as\u00ed toda la secuencia de la cadena de acontecimientos (\u2026). Tiene que haber im\u00e1genes del ingreso del veh\u00edculo, del conductor, el lugar donde se produjo la descarga y momentos del dispositivo del traslado a la aeronave. Ministro, ese ocultamiento se llama protecci\u00f3n\u201d, enfatiz\u00f3 el legislador.<br \/>\nAnunciando una nueva interpelaci\u00f3n a Del Castillo por este tema, Baz\u00e1n se\u00f1al\u00f3 que una autoridad de gobierno no puede ocultar informaci\u00f3n de esa naturaleza, por lo que exigi\u00f3 a la presidencia de la Asamblea Legislativa Plurinacional fijar una pronta fecha para el cumplimiento de esta acci\u00f3n de fiscalizaci\u00f3n con la que cuentan los asamble\u00edstas nacionales.<br \/>\nSobre este tema, la senadora cruce\u00f1a Centa Rek, lament\u00f3 el hecho que agencias y organismos internacionales hayan decidido apartar al Gobierno y a la Polic\u00eda Boliviana de todas las investigaciones, bajo el argumento de la supuesta penetraci\u00f3n del narcotr\u00e1fico en estos \u00e1mbitos, \u201cno podemos permitir ser considerados como un Estado narcotraficante o que protege esta actividad\u201d, sostuvo.<br \/>\nA la solicitud de interpelaci\u00f3n se suman otras Peticiones de Informe Escrito cursadas a los ministerios de Gobierno, Obras P\u00fablicas, Felcn y el Servicio de Migraci\u00f3n, como instituciones responsables por la salida desde el aeropuerto de Viru Viru de un avi\u00f3n de la aerol\u00ednea BOA con casi media tonelada de droga con destino Espa\u00f1a.<br \/>\n\u201cHabiendo tomado conocimiento de la incautaci\u00f3n de 478 kg de coca\u00edna en Espa\u00f1a, profundamente preocupados por esta situaci\u00f3n que hace un da\u00f1o muy grande a la imagen de nuestro pa\u00eds en el exterior y en los organismos internacionales, senadores y diputados de la alianza Creemos estamos procediendo a enviar peticiones de informe escrito a diferentes ministerios, principalmente al de Gobierno, ministerio de Obras P\u00fablicas, y tambi\u00e9n oficinas de la FELCN, implicados con una investigaci\u00f3n que se debe hacer de manera exhaustiva; adem\u00e1s hemos generado un Pliego Interpelatorio, petitorio para para interpelar al ministro de gobierno, Eduardo del Castillo\u201d, inform\u00f3 Rek.<br \/>\nLa legisladora por Santa Cruz a\u00f1adi\u00f3 que genera tremenda preocupaci\u00f3n el hecho que varios ministerios e instituciones dependientes como la Naabol, Felcn, Aduana Nacional, Migraciones hayan sido perforadas por el narcotr\u00e1fico, motivo por el cual el Estado boliviano ha dejado de tener credibilidad ante organismos internacionales en su lucha contra las drogas, por lo que instituciones como la Europol dejaron de coordinar con el pa\u00eds.<br \/>\nRek agreg\u00f3 que la investigaci\u00f3n en Bolivia de esa media tonelada de droga a Espa\u00f1a y otros casos de narcotr\u00e1fico deben ser transparentes, con la m\u00e1xima dedicaci\u00f3n y esfuerzo de las autoridades llamadas por ley para atender este il\u00edcito \u201cpara poder esclarecer la verdad y dar con los culpables, caso contrario, tendremos una situaci\u00f3n oscura dentro del gobierno y dentro de todo lo que corresponde a la pol\u00edtica interna y externa de nuestro pa\u00eds, que no podemos tolerar que se genere una sombra de esta magnitud\u201d.<br \/>\nEn criterio de la parlamentaria de oposici\u00f3n, de no ser por los controles en el exterior, en este caso Espa\u00f1a, nunca se habr\u00eda conocido sobre la magnitud de la droga que sale impunemente del territorio nacional, donde los presos son solo empleados, mandos inferiores que act\u00faan por encargo y que, en ning\u00fan caso los cabecillas son detenidos.<br \/>\nEl pliego interpelatorio presentado por Creemos, consta de m\u00e1s de 30 preguntas mediante las cuales se exige al titular de Gobierno explicar los motivos por los que no oper\u00f3 el sistema de control antidroga en esa fecha, desde cu\u00e1ndo dejaron de operar, si tomaron medidas oportunas, la vigencia y actuaci\u00f3n de Bolivia en los convenios internacionales relativos a la Estrategia de Lucha Contra el Narcotr\u00e1fico.<\/p>\n","protected":false},"excerpt":{"rendered":"<p>El diputado Erwin Baz\u00e1n, de Creemos, afirm\u00f3 que desde el Ministerio de Gobierno se esconde informaci\u00f3n e im\u00e1genes relacionadas al traslado y embarque de los 478 kilos de coca\u00edna descubiertos en Espa\u00f1a procedentes de Bolivia, por lo que el titular de esa cartera deber\u00e1 responder este y otros cuestionamientos en la interpelaci\u00f3n formulada por la [&hellip;]<\/p>\n","protected":false},"author":1,"featured_media":158584,"comment_status":"closed","ping_status":"closed","sticky":false,"template":"","format":"standard","meta":{"_acf_changed":false,"footnotes":""},"categories":[14],"tags":[],"class_list":["post-158583","post","type-post","status-publish","format-standard","has-post-thumbnail","category-politica"],"acf":{"antetitulo":""},"yoast_head":"<!-- This site is optimized with the Yoast SEO plugin v28.4 - https:\/\/yoast.com\/product\/yoast-seo-wordpress\/ -->\n<title>Ven que Gobierno esconde pruebas del traslado de coca\u00edna hasta Espa\u00f1a - El Diario - Bolivia<\/title>\n<meta name=\"robots\" content=\"index, follow, max-snippet:-1, max-image-preview:large, max-video-preview:-1\" \/>\n<link rel=\"canonical\" href=\"https:\/\/www.eldiario.net\/portal\/2023\/06\/07\/ven-que-gobierno-esconde-pruebas-del-traslado-de-cocaina-hasta-espana\/\" \/>\n<meta property=\"og:locale\" content=\"es_ES\" \/>\n<meta property=\"og:type\" content=\"article\" \/>\n<meta property=\"og:title\" content=\"Ven que Gobierno esconde pruebas del traslado de coca\u00edna hasta Espa\u00f1a - El Diario - Bolivia\" \/>\n<meta property=\"og:description\" content=\"El diputado Erwin Baz\u00e1n, de Creemos, afirm\u00f3 que desde el Ministerio de Gobierno se esconde informaci\u00f3n e im\u00e1genes relacionadas al traslado y embarque de los 478 kilos de coca\u00edna descubiertos en Espa\u00f1a procedentes de Bolivia, por lo que el titular de esa cartera deber\u00e1 responder este y otros cuestionamientos en la interpelaci\u00f3n formulada por la [&hellip;]\" \/>\n<meta property=\"og:url\" content=\"https:\/\/www.eldiario.net\/portal\/2023\/06\/07\/ven-que-gobierno-esconde-pruebas-del-traslado-de-cocaina-hasta-espana\/\" \/>\n<meta property=\"og:site_name\" content=\"El Diario - Bolivia\" \/>\n<meta property=\"article:publisher\" content=\"https:\/\/www.facebook.com\/eldiario.bolivia\/\" \/>\n<meta property=\"article:published_time\" content=\"2023-06-07T09:59:09+00:00\" \/>\n<meta property=\"og:image\" content=\"https:\/\/www.eldiario.net\/portal\/wp-content\/uploads\/2023\/06\/40-POL-3.jpg\" \/>\n\t<meta property=\"og:image:width\" content=\"1600\" \/>\n\t<meta property=\"og:image:height\" content=\"1064\" \/>\n\t<meta property=\"og:image:type\" content=\"image\/jpeg\" \/>\n<meta name=\"author\" content=\"Jeanette\" \/>\n<meta name=\"twitter:card\" content=\"summary_large_image\" \/>\n<meta name=\"twitter:creator\" content=\"@eldiario_net\" \/>\n<meta name=\"twitter:site\" content=\"@eldiario_net\" \/>\n<meta name=\"twitter:label1\" content=\"Escrito por\" \/>\n\t<meta name=\"twitter:data1\" content=\"Jeanette\" \/>\n\t<meta name=\"twitter:label2\" content=\"Tiempo de lectura\" \/>\n\t<meta name=\"twitter:data2\" content=\"4 minutos\" \/>\n<script type=\"application\/ld+json\" class=\"yoast-schema-graph\">{\"@context\":\"https:\\\/\\\/schema.org\",\"@graph\":[{\"@type\":\"Article\",\"@id\":\"https:\\\/\\\/www.eldiario.net\\\/portal\\\/2023\\\/06\\\/07\\\/ven-que-gobierno-esconde-pruebas-del-traslado-de-cocaina-hasta-espana\\\/#article\",\"isPartOf\":{\"@id\":\"https:\\\/\\\/www.eldiario.net\\\/portal\\\/2023\\\/06\\\/07\\\/ven-que-gobierno-esconde-pruebas-del-traslado-de-cocaina-hasta-espana\\\/\"},\"author\":{\"name\":\"Jeanette\",\"@id\":\"https:\\\/\\\/www.eldiario.net\\\/portal\\\/#\\\/schema\\\/person\\\/f46445640444750d7d753ccd04ae01b7\"},\"headline\":\"Ven que Gobierno esconde pruebas del traslado de coca\u00edna hasta Espa\u00f1a\",\"datePublished\":\"2023-06-07T09:59:09+00:00\",\"mainEntityOfPage\":{\"@id\":\"https:\\\/\\\/www.eldiario.net\\\/portal\\\/2023\\\/06\\\/07\\\/ven-que-gobierno-esconde-pruebas-del-traslado-de-cocaina-hasta-espana\\\/\"},\"wordCount\":740,\"publisher\":{\"@id\":\"https:\\\/\\\/www.eldiario.net\\\/portal\\\/#organization\"},\"image\":{\"@id\":\"https:\\\/\\\/www.eldiario.net\\\/portal\\\/2023\\\/06\\\/07\\\/ven-que-gobierno-esconde-pruebas-del-traslado-de-cocaina-hasta-espana\\\/#primaryimage\"},\"thumbnailUrl\":\"https:\\\/\\\/www.eldiario.net\\\/portal\\\/wp-content\\\/uploads\\\/2023\\\/06\\\/40-POL-3.jpg\",\"articleSection\":[\"Pol\u00edtica\"],\"inLanguage\":\"es\"},{\"@type\":\"WebPage\",\"@id\":\"https:\\\/\\\/www.eldiario.net\\\/portal\\\/2023\\\/06\\\/07\\\/ven-que-gobierno-esconde-pruebas-del-traslado-de-cocaina-hasta-espana\\\/\",\"url\":\"https:\\\/\\\/www.eldiario.net\\\/portal\\\/2023\\\/06\\\/07\\\/ven-que-gobierno-esconde-pruebas-del-traslado-de-cocaina-hasta-espana\\\/\",\"name\":\"Ven que Gobierno esconde pruebas del traslado de coca\u00edna hasta Espa\u00f1a - El Diario - Bolivia\",\"isPartOf\":{\"@id\":\"https:\\\/\\\/www.eldiario.net\\\/portal\\\/#website\"},\"primaryImageOfPage\":{\"@id\":\"https:\\\/\\\/www.eldiario.net\\\/portal\\\/2023\\\/06\\\/07\\\/ven-que-gobierno-esconde-pruebas-del-traslado-de-cocaina-hasta-espana\\\/#primaryimage\"},\"image\":{\"@id\":\"https:\\\/\\\/www.eldiario.net\\\/portal\\\/2023\\\/06\\\/07\\\/ven-que-gobierno-esconde-pruebas-del-traslado-de-cocaina-hasta-espana\\\/#primaryimage\"},\"thumbnailUrl\":\"https:\\\/\\\/www.eldiario.net\\\/portal\\\/wp-content\\\/uploads\\\/2023\\\/06\\\/40-POL-3.jpg\",\"datePublished\":\"2023-06-07T09:59:09+00:00\",\"breadcrumb\":{\"@id\":\"https:\\\/\\\/www.eldiario.net\\\/portal\\\/2023\\\/06\\\/07\\\/ven-que-gobierno-esconde-pruebas-del-traslado-de-cocaina-hasta-espana\\\/#breadcrumb\"},\"inLanguage\":\"es\",\"potentialAction\":[{\"@type\":\"ReadAction\",\"target\":[\"https:\\\/\\\/www.eldiario.net\\\/portal\\\/2023\\\/06\\\/07\\\/ven-que-gobierno-esconde-pruebas-del-traslado-de-cocaina-hasta-espana\\\/\"]}]},{\"@type\":\"ImageObject\",\"inLanguage\":\"es\",\"@id\":\"https:\\\/\\\/www.eldiario.net\\\/portal\\\/2023\\\/06\\\/07\\\/ven-que-gobierno-esconde-pruebas-del-traslado-de-cocaina-hasta-espana\\\/#primaryimage\",\"url\":\"https:\\\/\\\/www.eldiario.net\\\/portal\\\/wp-content\\\/uploads\\\/2023\\\/06\\\/40-POL-3.jpg\",\"contentUrl\":\"https:\\\/\\\/www.eldiario.net\\\/portal\\\/wp-content\\\/uploads\\\/2023\\\/06\\\/40-POL-3.jpg\",\"width\":1600,\"height\":1064,\"caption\":\"Aeropuerto Viru Viru (referencial).\"},{\"@type\":\"BreadcrumbList\",\"@id\":\"https:\\\/\\\/www.eldiario.net\\\/portal\\\/2023\\\/06\\\/07\\\/ven-que-gobierno-esconde-pruebas-del-traslado-de-cocaina-hasta-espana\\\/#breadcrumb\",\"itemListElement\":[{\"@type\":\"ListItem\",\"position\":1,\"name\":\"Portada\",\"item\":\"https:\\\/\\\/www.eldiario.net\\\/portal\\\/\"},{\"@type\":\"ListItem\",\"position\":2,\"name\":\"Ven que Gobierno esconde pruebas del traslado de coca\u00edna hasta Espa\u00f1a\"}]},{\"@type\":\"WebSite\",\"@id\":\"https:\\\/\\\/www.eldiario.net\\\/portal\\\/#website\",\"url\":\"https:\\\/\\\/www.eldiario.net\\\/portal\\\/\",\"name\":\"El Diario - Decano de la prensa nacional\",\"description\":\"El Diario - Decano de la prensa nacional\",\"publisher\":{\"@id\":\"https:\\\/\\\/www.eldiario.net\\\/portal\\\/#organization\"},\"potentialAction\":[{\"@type\":\"SearchAction\",\"target\":{\"@type\":\"EntryPoint\",\"urlTemplate\":\"https:\\\/\\\/www.eldiario.net\\\/portal\\\/?s={search_term_string}\"},\"query-input\":{\"@type\":\"PropertyValueSpecification\",\"valueRequired\":true,\"valueName\":\"search_term_string\"}}],\"inLanguage\":\"es\"},{\"@type\":\"Organization\",\"@id\":\"https:\\\/\\\/www.eldiario.net\\\/portal\\\/#organization\",\"name\":\"El Diario - Decano de la prensa nacional\",\"url\":\"https:\\\/\\\/www.eldiario.net\\\/portal\\\/\",\"logo\":{\"@type\":\"ImageObject\",\"inLanguage\":\"es\",\"@id\":\"https:\\\/\\\/www.eldiario.net\\\/portal\\\/#\\\/schema\\\/logo\\\/image\\\/\",\"url\":\"https:\\\/\\\/www.eldiario.net\\\/portal\\\/wp-content\\\/uploads\\\/2023\\\/07\\\/logo_ED.jpg\",\"contentUrl\":\"https:\\\/\\\/www.eldiario.net\\\/portal\\\/wp-content\\\/uploads\\\/2023\\\/07\\\/logo_ED.jpg\",\"width\":272,\"height\":52,\"caption\":\"El Diario - Decano de la prensa nacional\"},\"image\":{\"@id\":\"https:\\\/\\\/www.eldiario.net\\\/portal\\\/#\\\/schema\\\/logo\\\/image\\\/\"},\"sameAs\":[\"https:\\\/\\\/www.facebook.com\\\/eldiario.bolivia\\\/\",\"https:\\\/\\\/x.com\\\/eldiario_net\"]},{\"@type\":\"Person\",\"@id\":\"https:\\\/\\\/www.eldiario.net\\\/portal\\\/#\\\/schema\\\/person\\\/f46445640444750d7d753ccd04ae01b7\",\"name\":\"Jeanette\",\"image\":{\"@type\":\"ImageObject\",\"inLanguage\":\"es\",\"@id\":\"https:\\\/\\\/secure.gravatar.com\\\/avatar\\\/3ea2118a5f7dad2b7138b1187a6b7ee55f160b9968b66013c3a3ef39dd7e5798?s=96&d=mm&r=g\",\"url\":\"https:\\\/\\\/secure.gravatar.com\\\/avatar\\\/3ea2118a5f7dad2b7138b1187a6b7ee55f160b9968b66013c3a3ef39dd7e5798?s=96&d=mm&r=g\",\"contentUrl\":\"https:\\\/\\\/secure.gravatar.com\\\/avatar\\\/3ea2118a5f7dad2b7138b1187a6b7ee55f160b9968b66013c3a3ef39dd7e5798?s=96&d=mm&r=g\",\"caption\":\"Jeanette\"},\"sameAs\":[\"https:\\\/\\\/www.eldiario.net\\\/portal\"],\"url\":\"https:\\\/\\\/www.eldiario.net\\\/portal\\\/author\\\/jeanette\\\/\"}]}<\/script>\n<!-- \/ Yoast SEO plugin. -->","yoast_head_json":{"title":"Ven que Gobierno esconde pruebas del traslado de coca\u00edna hasta Espa\u00f1a - El Diario - Bolivia","robots":{"index":"index","follow":"follow","max-snippet":"max-snippet:-1","max-image-preview":"max-image-preview:large","max-video-preview":"max-video-preview:-1"},"canonical":"https:\/\/www.eldiario.net\/portal\/2023\/06\/07\/ven-que-gobierno-esconde-pruebas-del-traslado-de-cocaina-hasta-espana\/","og_locale":"es_ES","og_type":"article","og_title":"Ven que Gobierno esconde pruebas del traslado de coca\u00edna hasta Espa\u00f1a - El Diario - Bolivia","og_description":"El diputado Erwin Baz\u00e1n, de Creemos, afirm\u00f3 que desde el Ministerio de Gobierno se esconde informaci\u00f3n e im\u00e1genes relacionadas al traslado y embarque de los 478 kilos de coca\u00edna descubiertos en Espa\u00f1a procedentes de Bolivia, por lo que el titular de esa cartera deber\u00e1 responder este y otros cuestionamientos en la interpelaci\u00f3n formulada por la [&hellip;]","og_url":"https:\/\/www.eldiario.net\/portal\/2023\/06\/07\/ven-que-gobierno-esconde-pruebas-del-traslado-de-cocaina-hasta-espana\/","og_site_name":"El Diario - Bolivia","article_publisher":"https:\/\/www.facebook.com\/eldiario.bolivia\/","article_published_time":"2023-06-07T09:59:09+00:00","og_image":[{"width":1600,"height":1064,"url":"https:\/\/www.eldiario.net\/portal\/wp-content\/uploads\/2023\/06\/40-POL-3.jpg","type":"image\/jpeg"}],"author":"Jeanette","twitter_card":"summary_large_image","twitter_creator":"@eldiario_net","twitter_site":"@eldiario_net","twitter_misc":{"Escrito por":"Jeanette","Tiempo de lectura":"4 minutos"},"schema":{"@context":"https:\/\/schema.org","@graph":[{"@type":"Article","@id":"https:\/\/www.eldiario.net\/portal\/2023\/06\/07\/ven-que-gobierno-esconde-pruebas-del-traslado-de-cocaina-hasta-espana\/#article","isPartOf":{"@id":"https:\/\/www.eldiario.net\/portal\/2023\/06\/07\/ven-que-gobierno-esconde-pruebas-del-traslado-de-cocaina-hasta-espana\/"},"author":{"name":"Jeanette","@id":"https:\/\/www.eldiario.net\/portal\/#\/schema\/person\/f46445640444750d7d753ccd04ae01b7"},"headline":"Ven que Gobierno esconde pruebas del traslado de coca\u00edna hasta Espa\u00f1a","datePublished":"2023-06-07T09:59:09+00:00","mainEntityOfPage":{"@id":"https:\/\/www.eldiario.net\/portal\/2023\/06\/07\/ven-que-gobierno-esconde-pruebas-del-traslado-de-cocaina-hasta-espana\/"},"wordCount":740,"publisher":{"@id":"https:\/\/www.eldiario.net\/portal\/#organization"},"image":{"@id":"https:\/\/www.eldiario.net\/portal\/2023\/06\/07\/ven-que-gobierno-esconde-pruebas-del-traslado-de-cocaina-hasta-espana\/#primaryimage"},"thumbnailUrl":"https:\/\/www.eldiario.net\/portal\/wp-content\/uploads\/2023\/06\/40-POL-3.jpg","articleSection":["Pol\u00edtica"],"inLanguage":"es"},{"@type":"WebPage","@id":"https:\/\/www.eldiario.net\/portal\/2023\/06\/07\/ven-que-gobierno-esconde-pruebas-del-traslado-de-cocaina-hasta-espana\/","url":"https:\/\/www.eldiario.net\/portal\/2023\/06\/07\/ven-que-gobierno-esconde-pruebas-del-traslado-de-cocaina-hasta-espana\/","name":"Ven que Gobierno esconde pruebas del traslado de coca\u00edna hasta Espa\u00f1a - El Diario - Bolivia","isPartOf":{"@id":"https:\/\/www.eldiario.net\/portal\/#website"},"primaryImageOfPage":{"@id":"https:\/\/www.eldiario.net\/portal\/2023\/06\/07\/ven-que-gobierno-esconde-pruebas-del-traslado-de-cocaina-hasta-espana\/#primaryimage"},"image":{"@id":"https:\/\/www.eldiario.net\/portal\/2023\/06\/07\/ven-que-gobierno-esconde-pruebas-del-traslado-de-cocaina-hasta-espana\/#primaryimage"},"thumbnailUrl":"https:\/\/www.eldiario.net\/portal\/wp-content\/uploads\/2023\/06\/40-POL-3.jpg","datePublished":"2023-06-07T09:59:09+00:00","breadcrumb":{"@id":"https:\/\/www.eldiario.net\/portal\/2023\/06\/07\/ven-que-gobierno-esconde-pruebas-del-traslado-de-cocaina-hasta-espana\/#breadcrumb"},"inLanguage":"es","potentialAction":[{"@type":"ReadAction","target":["https:\/\/www.eldiario.net\/portal\/2023\/06\/07\/ven-que-gobierno-esconde-pruebas-del-traslado-de-cocaina-hasta-espana\/"]}]},{"@type":"ImageObject","inLanguage":"es","@id":"https:\/\/www.eldiario.net\/portal\/2023\/06\/07\/ven-que-gobierno-esconde-pruebas-del-traslado-de-cocaina-hasta-espana\/#primaryimage","url":"https:\/\/www.eldiario.net\/portal\/wp-content\/uploads\/2023\/06\/40-POL-3.jpg","contentUrl":"https:\/\/www.eldiario.net\/portal\/wp-content\/uploads\/2023\/06\/40-POL-3.jpg","width":1600,"height":1064,"caption":"Aeropuerto Viru Viru (referencial)."},{"@type":"BreadcrumbList","@id":"https:\/\/www.eldiario.net\/portal\/2023\/06\/07\/ven-que-gobierno-esconde-pruebas-del-traslado-de-cocaina-hasta-espana\/#breadcrumb","itemListElement":[{"@type":"ListItem","position":1,"name":"Portada","item":"https:\/\/www.eldiario.net\/portal\/"},{"@type":"ListItem","position":2,"name":"Ven que Gobierno esconde pruebas del traslado de coca\u00edna hasta Espa\u00f1a"}]},{"@type":"WebSite","@id":"https:\/\/www.eldiario.net\/portal\/#website","url":"https:\/\/www.eldiario.net\/portal\/","name":"El Diario - Decano de la prensa nacional","description":"El Diario - Decano de la prensa nacional","publisher":{"@id":"https:\/\/www.eldiario.net\/portal\/#organization"},"potentialAction":[{"@type":"SearchAction","target":{"@type":"EntryPoint","urlTemplate":"https:\/\/www.eldiario.net\/portal\/?s={search_term_string}"},"query-input":{"@type":"PropertyValueSpecification","valueRequired":true,"valueName":"search_term_string"}}],"inLanguage":"es"},{"@type":"Organization","@id":"https:\/\/www.eldiario.net\/portal\/#organization","name":"El Diario - Decano de la prensa nacional","url":"https:\/\/www.eldiario.net\/portal\/","logo":{"@type":"ImageObject","inLanguage":"es","@id":"https:\/\/www.eldiario.net\/portal\/#\/schema\/logo\/image\/","url":"https:\/\/www.eldiario.net\/portal\/wp-content\/uploads\/2023\/07\/logo_ED.jpg","contentUrl":"https:\/\/www.eldiario.net\/portal\/wp-content\/uploads\/2023\/07\/logo_ED.jpg","width":272,"height":52,"caption":"El Diario - Decano de la prensa nacional"},"image":{"@id":"https:\/\/www.eldiario.net\/portal\/#\/schema\/logo\/image\/"},"sameAs":["https:\/\/www.facebook.com\/eldiario.bolivia\/","https:\/\/x.com\/eldiario_net"]},{"@type":"Person","@id":"https:\/\/www.eldiario.net\/portal\/#\/schema\/person\/f46445640444750d7d753ccd04ae01b7","name":"Jeanette","image":{"@type":"ImageObject","inLanguage":"es","@id":"https:\/\/secure.gravatar.com\/avatar\/3ea2118a5f7dad2b7138b1187a6b7ee55f160b9968b66013c3a3ef39dd7e5798?s=96&d=mm&r=g","url":"https:\/\/secure.gravatar.com\/avatar\/3ea2118a5f7dad2b7138b1187a6b7ee55f160b9968b66013c3a3ef39dd7e5798?s=96&d=mm&r=g","contentUrl":"https:\/\/secure.gravatar.com\/avatar\/3ea2118a5f7dad2b7138b1187a6b7ee55f160b9968b66013c3a3ef39dd7e5798?s=96&d=mm&r=g","caption":"Jeanette"},"sameAs":["https:\/\/www.eldiario.net\/portal"],"url":"https:\/\/www.eldiario.net\/portal\/author\/jeanette\/"}]}},"_links":{"self":[{"href":"https:\/\/www.eldiario.net\/portal\/wp-json\/wp\/v2\/posts\/158583","targetHints":{"allow":["GET"]}}],"collection":[{"href":"https:\/\/www.eldiario.net\/portal\/wp-json\/wp\/v2\/posts"}],"about":[{"href":"https:\/\/www.eldiario.net\/portal\/wp-json\/wp\/v2\/types\/post"}],"author":[{"embeddable":true,"href":"https:\/\/www.eldiario.net\/portal\/wp-json\/wp\/v2\/users\/1"}],"replies":[{"embeddable":true,"href":"https:\/\/www.eldiario.net\/portal\/wp-json\/wp\/v2\/comments?post=158583"}],"version-history":[{"count":0,"href":"https:\/\/www.eldiario.net\/portal\/wp-json\/wp\/v2\/posts\/158583\/revisions"}],"wp:featuredmedia":[{"embeddable":true,"href":"https:\/\/www.eldiario.net\/portal\/wp-json\/wp\/v2\/media\/158584"}],"wp:attachment":[{"href":"https:\/\/www.eldiario.net\/portal\/wp-json\/wp\/v2\/media?parent=158583"}],"wp:term":[{"taxonomy":"category","embeddable":true,"href":"https:\/\/www.eldiario.net\/portal\/wp-json\/wp\/v2\/categories?post=158583"},{"taxonomy":"post_tag","embeddable":true,"href":"https:\/\/www.eldiario.net\/portal\/wp-json\/wp\/v2\/tags?post=158583"}],"curies":[{"name":"wp","href":"https:\/\/api.w.org\/{rel}","templated":true}]}}