{"id":158578,"date":"2023-06-07T05:57:12","date_gmt":"2023-06-07T09:57:12","guid":{"rendered":"https:\/\/www.eldiario.net\/portal\/?p=158578"},"modified":"2023-06-07T05:57:12","modified_gmt":"2023-06-07T09:57:12","slug":"plantean-mayor-transparencia-y-control-en-procesos-electorales","status":"publish","type":"post","link":"https:\/\/www.eldiario.net\/portal\/2023\/06\/07\/plantean-mayor-transparencia-y-control-en-procesos-electorales\/","title":{"rendered":"Plantean mayor transparencia  y control en procesos electorales"},"content":{"rendered":"<p>Afirmando que las experiencias \u201cdram\u00e1ticas\u201d vividas en las dos \u00faltimas elecciones generales evidenciaron fallas en el sistema electoral boliviano, el diputado por Comunidad Ciudadana (CC), Carlos Alarc\u00f3n, present\u00f3 un Proyecto de Ley que plantea contrastar bases de datos, garantizar la difusi\u00f3n de resultados preliminares y la anulaci\u00f3n del proceso ante manipulaci\u00f3n o fraude.<br \/>\nEn conferencia de prensa, Alarc\u00f3n expres\u00f3 la preocupaci\u00f3n de la principal fuerza de oposici\u00f3n en el parlamento, por la realizaci\u00f3n y los resultados que emanen de los pr\u00f3ximos comicios generales, programados para el a\u00f1o 2025.<br \/>\nAnunciando la presentaci\u00f3n de una iniciativa denominada \u201cProyecto de Ley de Transparencia y Control Electoral\u201d, el asamble\u00edsta pace\u00f1o sostuvo que se espera solucionar las fallas estructurales que aquejan a sistema electoral boliviano y as\u00ed evitar lo acontecido en los comicios de 2019 y 2020.<br \/>\n\u201cEstas fallas deben ser solucionadas antes de las elecciones generales del 2025 para evitar una cat\u00e1strofe electoral\u201d, dijo.<br \/>\nEn este sentido, detall\u00f3 que el proyecto de norma presentado la jornada pasada, identifica tres temas estructurales que se constituyen en fallas a ser atendidas para garantizar la transparencia y confianza en los resultados de los pr\u00f3ximos procesos electorales.<br \/>\nPrimeramente, se plantea hacer un cotejo y contraste de datos entre los tres principales registros de la poblaci\u00f3n, los nacimientos y defunciones que son formalizados por el Servicio de Registro C\u00edvico, los datos de cedulas de identidad levantados por el Servicio General de Identificaci\u00f3n Personal y los registros de votantes que levanta el Tribunal Supremo Electoral mediante el Padr\u00f3n Electoral Biom\u00e9trico.<br \/>\n\u201cTendr\u00eda que haber una coincidencia total y absoluta, y todos aquellos casos donde no haya coincidencias, dependiendo de la cantidad y la magnitud de las divergencias, se tendr\u00e1 que determinar un saneamiento del Padr\u00f3n o la confecci\u00f3n de uno nuevo\u201d, afirm\u00f3 Alarc\u00f3n.<br \/>\nComo segunda propuesta, est\u00e1 el garantizar la transmisi\u00f3n r\u00e1pida de los resultados preliminares, tomando en cuenta que el 2019 la paralizaci\u00f3n de este conteo dio paso al fraude electoral y en 2020 se opt\u00f3 por no contar con este servicio, por determinaci\u00f3n del ente electoral.<br \/>\n\u201cComo mayor garant\u00eda de transparencia, estamos planteando que tiene que haber en todos los procesos el funcionamiento del conteo r\u00e1pido en cada una delas mesas de votaci\u00f3n, sobre la base de la primera copia del acta de mesa. Ese servicio de conteo no tiene que ser interrumpido por ninguna causa\u201d, sostuvo.<br \/>\nEn tercer lugar, se plantea declarar la nulidad de todo el proceso en caso de fraude, existencia de servidores ocultos, manipulaci\u00f3n de sistemas inform\u00e1ticos, adulteraci\u00f3n o falsificaci\u00f3n de actas de votaci\u00f3n y la interrupci\u00f3n en la transmisi\u00f3n r\u00e1pida de datos electorales que pongan en duda la transparencia de los comicios.<br \/>\n\u201cEl concepto de fraude electoral no es un delito espec\u00edfico pero si es un concepto electoral muy importante que permite esto como \u00fanica excepci\u00f3n al principio de preclusi\u00f3n, ya lo vivimos en la historia del pa\u00eds\u201d, sostuvo Alarc\u00f3n.<br \/>\nAs\u00ed mismo se pide que cada certificado de sufragio, entregado a los ciudadanos que emitieron su voto, especifique el n\u00famero de mesa en la que se efectu\u00f3 la votaci\u00f3n, esto para que el ciudadano pueda controlar y hacer seguimiento del conteo en su respectivo recinto.<br \/>\nEl legislador de oposici\u00f3n finaliz\u00f3 se\u00f1alando que esto se trata de un primer paso para avanzar en la b\u00fasqueda de garant\u00edas para que el voto de los ciudadanos sea respetado y se eviten nuevos escenarios de desconfianza generalizada sobre un proceso electoral.<br \/>\n\u201cEl no desactivar este campo minado significar\u00e1 que vamos a llegar al 2025 a unas elecciones generales que se pueden convertir en una cat\u00e1strofe electoral, eso es lo que tenemos que evitar\u201d concluy\u00f3.<\/p>\n<p>&nbsp;<\/p>\n","protected":false},"excerpt":{"rendered":"<p>Afirmando que las experiencias \u201cdram\u00e1ticas\u201d vividas en las dos \u00faltimas elecciones generales evidenciaron fallas en el sistema electoral boliviano, el diputado por Comunidad Ciudadana (CC), Carlos Alarc\u00f3n, present\u00f3 un Proyecto de Ley que plantea contrastar bases de datos, garantizar la difusi\u00f3n de resultados preliminares y la anulaci\u00f3n del proceso ante manipulaci\u00f3n o fraude. En conferencia [&hellip;]<\/p>\n","protected":false},"author":1,"featured_media":0,"comment_status":"closed","ping_status":"closed","sticky":false,"template":"","format":"standard","meta":{"_acf_changed":false,"footnotes":""},"categories":[14],"tags":[],"class_list":["post-158578","post","type-post","status-publish","format-standard","category-politica"],"acf":{"antetitulo":""},"yoast_head":"<!-- This site is optimized with the Yoast SEO plugin v28.4 - https:\/\/yoast.com\/product\/yoast-seo-wordpress\/ -->\n<title>Plantean mayor transparencia y control en procesos electorales - El Diario - Bolivia<\/title>\n<meta name=\"robots\" content=\"index, follow, max-snippet:-1, max-image-preview:large, max-video-preview:-1\" \/>\n<link rel=\"canonical\" href=\"https:\/\/www.eldiario.net\/portal\/2023\/06\/07\/plantean-mayor-transparencia-y-control-en-procesos-electorales\/\" \/>\n<meta property=\"og:locale\" content=\"es_ES\" \/>\n<meta property=\"og:type\" content=\"article\" \/>\n<meta property=\"og:title\" content=\"Plantean mayor transparencia y control en procesos electorales - El Diario - Bolivia\" \/>\n<meta property=\"og:description\" content=\"Afirmando que las experiencias \u201cdram\u00e1ticas\u201d vividas en las dos \u00faltimas elecciones generales evidenciaron fallas en el sistema electoral boliviano, el diputado por Comunidad Ciudadana (CC), Carlos Alarc\u00f3n, present\u00f3 un Proyecto de Ley que plantea contrastar bases de datos, garantizar la difusi\u00f3n de resultados preliminares y la anulaci\u00f3n del proceso ante manipulaci\u00f3n o fraude. En conferencia [&hellip;]\" \/>\n<meta property=\"og:url\" content=\"https:\/\/www.eldiario.net\/portal\/2023\/06\/07\/plantean-mayor-transparencia-y-control-en-procesos-electorales\/\" \/>\n<meta property=\"og:site_name\" content=\"El Diario - Bolivia\" \/>\n<meta property=\"article:publisher\" content=\"https:\/\/www.facebook.com\/eldiario.bolivia\/\" \/>\n<meta property=\"article:published_time\" content=\"2023-06-07T09:57:12+00:00\" \/>\n<meta name=\"author\" content=\"Jeanette\" \/>\n<meta name=\"twitter:card\" content=\"summary_large_image\" \/>\n<meta name=\"twitter:creator\" content=\"@eldiario_net\" \/>\n<meta name=\"twitter:site\" content=\"@eldiario_net\" \/>\n<meta name=\"twitter:label1\" content=\"Escrito por\" \/>\n\t<meta name=\"twitter:data1\" content=\"Jeanette\" \/>\n\t<meta name=\"twitter:label2\" content=\"Tiempo de lectura\" \/>\n\t<meta name=\"twitter:data2\" content=\"3 minutos\" \/>\n<script type=\"application\/ld+json\" class=\"yoast-schema-graph\">{\"@context\":\"https:\\\/\\\/schema.org\",\"@graph\":[{\"@type\":\"Article\",\"@id\":\"https:\\\/\\\/www.eldiario.net\\\/portal\\\/2023\\\/06\\\/07\\\/plantean-mayor-transparencia-y-control-en-procesos-electorales\\\/#article\",\"isPartOf\":{\"@id\":\"https:\\\/\\\/www.eldiario.net\\\/portal\\\/2023\\\/06\\\/07\\\/plantean-mayor-transparencia-y-control-en-procesos-electorales\\\/\"},\"author\":{\"name\":\"Jeanette\",\"@id\":\"https:\\\/\\\/www.eldiario.net\\\/portal\\\/#\\\/schema\\\/person\\\/f46445640444750d7d753ccd04ae01b7\"},\"headline\":\"Plantean mayor transparencia y control en procesos electorales\",\"datePublished\":\"2023-06-07T09:57:12+00:00\",\"mainEntityOfPage\":{\"@id\":\"https:\\\/\\\/www.eldiario.net\\\/portal\\\/2023\\\/06\\\/07\\\/plantean-mayor-transparencia-y-control-en-procesos-electorales\\\/\"},\"wordCount\":650,\"publisher\":{\"@id\":\"https:\\\/\\\/www.eldiario.net\\\/portal\\\/#organization\"},\"articleSection\":[\"Pol\u00edtica\"],\"inLanguage\":\"es\"},{\"@type\":\"WebPage\",\"@id\":\"https:\\\/\\\/www.eldiario.net\\\/portal\\\/2023\\\/06\\\/07\\\/plantean-mayor-transparencia-y-control-en-procesos-electorales\\\/\",\"url\":\"https:\\\/\\\/www.eldiario.net\\\/portal\\\/2023\\\/06\\\/07\\\/plantean-mayor-transparencia-y-control-en-procesos-electorales\\\/\",\"name\":\"Plantean mayor transparencia y control en procesos electorales - El Diario - Bolivia\",\"isPartOf\":{\"@id\":\"https:\\\/\\\/www.eldiario.net\\\/portal\\\/#website\"},\"datePublished\":\"2023-06-07T09:57:12+00:00\",\"breadcrumb\":{\"@id\":\"https:\\\/\\\/www.eldiario.net\\\/portal\\\/2023\\\/06\\\/07\\\/plantean-mayor-transparencia-y-control-en-procesos-electorales\\\/#breadcrumb\"},\"inLanguage\":\"es\",\"potentialAction\":[{\"@type\":\"ReadAction\",\"target\":[\"https:\\\/\\\/www.eldiario.net\\\/portal\\\/2023\\\/06\\\/07\\\/plantean-mayor-transparencia-y-control-en-procesos-electorales\\\/\"]}]},{\"@type\":\"BreadcrumbList\",\"@id\":\"https:\\\/\\\/www.eldiario.net\\\/portal\\\/2023\\\/06\\\/07\\\/plantean-mayor-transparencia-y-control-en-procesos-electorales\\\/#breadcrumb\",\"itemListElement\":[{\"@type\":\"ListItem\",\"position\":1,\"name\":\"Portada\",\"item\":\"https:\\\/\\\/www.eldiario.net\\\/portal\\\/\"},{\"@type\":\"ListItem\",\"position\":2,\"name\":\"Plantean mayor transparencia y control en procesos electorales\"}]},{\"@type\":\"WebSite\",\"@id\":\"https:\\\/\\\/www.eldiario.net\\\/portal\\\/#website\",\"url\":\"https:\\\/\\\/www.eldiario.net\\\/portal\\\/\",\"name\":\"El Diario - Decano de la prensa nacional\",\"description\":\"El Diario - Decano de la prensa nacional\",\"publisher\":{\"@id\":\"https:\\\/\\\/www.eldiario.net\\\/portal\\\/#organization\"},\"potentialAction\":[{\"@type\":\"SearchAction\",\"target\":{\"@type\":\"EntryPoint\",\"urlTemplate\":\"https:\\\/\\\/www.eldiario.net\\\/portal\\\/?s={search_term_string}\"},\"query-input\":{\"@type\":\"PropertyValueSpecification\",\"valueRequired\":true,\"valueName\":\"search_term_string\"}}],\"inLanguage\":\"es\"},{\"@type\":\"Organization\",\"@id\":\"https:\\\/\\\/www.eldiario.net\\\/portal\\\/#organization\",\"name\":\"El Diario - Decano de la prensa nacional\",\"url\":\"https:\\\/\\\/www.eldiario.net\\\/portal\\\/\",\"logo\":{\"@type\":\"ImageObject\",\"inLanguage\":\"es\",\"@id\":\"https:\\\/\\\/www.eldiario.net\\\/portal\\\/#\\\/schema\\\/logo\\\/image\\\/\",\"url\":\"https:\\\/\\\/www.eldiario.net\\\/portal\\\/wp-content\\\/uploads\\\/2023\\\/07\\\/logo_ED.jpg\",\"contentUrl\":\"https:\\\/\\\/www.eldiario.net\\\/portal\\\/wp-content\\\/uploads\\\/2023\\\/07\\\/logo_ED.jpg\",\"width\":272,\"height\":52,\"caption\":\"El Diario - Decano de la prensa nacional\"},\"image\":{\"@id\":\"https:\\\/\\\/www.eldiario.net\\\/portal\\\/#\\\/schema\\\/logo\\\/image\\\/\"},\"sameAs\":[\"https:\\\/\\\/www.facebook.com\\\/eldiario.bolivia\\\/\",\"https:\\\/\\\/x.com\\\/eldiario_net\"]},{\"@type\":\"Person\",\"@id\":\"https:\\\/\\\/www.eldiario.net\\\/portal\\\/#\\\/schema\\\/person\\\/f46445640444750d7d753ccd04ae01b7\",\"name\":\"Jeanette\",\"image\":{\"@type\":\"ImageObject\",\"inLanguage\":\"es\",\"@id\":\"https:\\\/\\\/secure.gravatar.com\\\/avatar\\\/3ea2118a5f7dad2b7138b1187a6b7ee55f160b9968b66013c3a3ef39dd7e5798?s=96&d=mm&r=g\",\"url\":\"https:\\\/\\\/secure.gravatar.com\\\/avatar\\\/3ea2118a5f7dad2b7138b1187a6b7ee55f160b9968b66013c3a3ef39dd7e5798?s=96&d=mm&r=g\",\"contentUrl\":\"https:\\\/\\\/secure.gravatar.com\\\/avatar\\\/3ea2118a5f7dad2b7138b1187a6b7ee55f160b9968b66013c3a3ef39dd7e5798?s=96&d=mm&r=g\",\"caption\":\"Jeanette\"},\"sameAs\":[\"https:\\\/\\\/www.eldiario.net\\\/portal\"],\"url\":\"https:\\\/\\\/www.eldiario.net\\\/portal\\\/author\\\/jeanette\\\/\"}]}<\/script>\n<!-- \/ Yoast SEO plugin. -->","yoast_head_json":{"title":"Plantean mayor transparencia y control en procesos electorales - El Diario - Bolivia","robots":{"index":"index","follow":"follow","max-snippet":"max-snippet:-1","max-image-preview":"max-image-preview:large","max-video-preview":"max-video-preview:-1"},"canonical":"https:\/\/www.eldiario.net\/portal\/2023\/06\/07\/plantean-mayor-transparencia-y-control-en-procesos-electorales\/","og_locale":"es_ES","og_type":"article","og_title":"Plantean mayor transparencia y control en procesos electorales - El Diario - Bolivia","og_description":"Afirmando que las experiencias \u201cdram\u00e1ticas\u201d vividas en las dos \u00faltimas elecciones generales evidenciaron fallas en el sistema electoral boliviano, el diputado por Comunidad Ciudadana (CC), Carlos Alarc\u00f3n, present\u00f3 un Proyecto de Ley que plantea contrastar bases de datos, garantizar la difusi\u00f3n de resultados preliminares y la anulaci\u00f3n del proceso ante manipulaci\u00f3n o fraude. En conferencia [&hellip;]","og_url":"https:\/\/www.eldiario.net\/portal\/2023\/06\/07\/plantean-mayor-transparencia-y-control-en-procesos-electorales\/","og_site_name":"El Diario - Bolivia","article_publisher":"https:\/\/www.facebook.com\/eldiario.bolivia\/","article_published_time":"2023-06-07T09:57:12+00:00","author":"Jeanette","twitter_card":"summary_large_image","twitter_creator":"@eldiario_net","twitter_site":"@eldiario_net","twitter_misc":{"Escrito por":"Jeanette","Tiempo de lectura":"3 minutos"},"schema":{"@context":"https:\/\/schema.org","@graph":[{"@type":"Article","@id":"https:\/\/www.eldiario.net\/portal\/2023\/06\/07\/plantean-mayor-transparencia-y-control-en-procesos-electorales\/#article","isPartOf":{"@id":"https:\/\/www.eldiario.net\/portal\/2023\/06\/07\/plantean-mayor-transparencia-y-control-en-procesos-electorales\/"},"author":{"name":"Jeanette","@id":"https:\/\/www.eldiario.net\/portal\/#\/schema\/person\/f46445640444750d7d753ccd04ae01b7"},"headline":"Plantean mayor transparencia y control en procesos electorales","datePublished":"2023-06-07T09:57:12+00:00","mainEntityOfPage":{"@id":"https:\/\/www.eldiario.net\/portal\/2023\/06\/07\/plantean-mayor-transparencia-y-control-en-procesos-electorales\/"},"wordCount":650,"publisher":{"@id":"https:\/\/www.eldiario.net\/portal\/#organization"},"articleSection":["Pol\u00edtica"],"inLanguage":"es"},{"@type":"WebPage","@id":"https:\/\/www.eldiario.net\/portal\/2023\/06\/07\/plantean-mayor-transparencia-y-control-en-procesos-electorales\/","url":"https:\/\/www.eldiario.net\/portal\/2023\/06\/07\/plantean-mayor-transparencia-y-control-en-procesos-electorales\/","name":"Plantean mayor transparencia y control en procesos electorales - El Diario - Bolivia","isPartOf":{"@id":"https:\/\/www.eldiario.net\/portal\/#website"},"datePublished":"2023-06-07T09:57:12+00:00","breadcrumb":{"@id":"https:\/\/www.eldiario.net\/portal\/2023\/06\/07\/plantean-mayor-transparencia-y-control-en-procesos-electorales\/#breadcrumb"},"inLanguage":"es","potentialAction":[{"@type":"ReadAction","target":["https:\/\/www.eldiario.net\/portal\/2023\/06\/07\/plantean-mayor-transparencia-y-control-en-procesos-electorales\/"]}]},{"@type":"BreadcrumbList","@id":"https:\/\/www.eldiario.net\/portal\/2023\/06\/07\/plantean-mayor-transparencia-y-control-en-procesos-electorales\/#breadcrumb","itemListElement":[{"@type":"ListItem","position":1,"name":"Portada","item":"https:\/\/www.eldiario.net\/portal\/"},{"@type":"ListItem","position":2,"name":"Plantean mayor transparencia y control en procesos electorales"}]},{"@type":"WebSite","@id":"https:\/\/www.eldiario.net\/portal\/#website","url":"https:\/\/www.eldiario.net\/portal\/","name":"El Diario - Decano de la prensa nacional","description":"El Diario - Decano de la prensa nacional","publisher":{"@id":"https:\/\/www.eldiario.net\/portal\/#organization"},"potentialAction":[{"@type":"SearchAction","target":{"@type":"EntryPoint","urlTemplate":"https:\/\/www.eldiario.net\/portal\/?s={search_term_string}"},"query-input":{"@type":"PropertyValueSpecification","valueRequired":true,"valueName":"search_term_string"}}],"inLanguage":"es"},{"@type":"Organization","@id":"https:\/\/www.eldiario.net\/portal\/#organization","name":"El Diario - Decano de la prensa nacional","url":"https:\/\/www.eldiario.net\/portal\/","logo":{"@type":"ImageObject","inLanguage":"es","@id":"https:\/\/www.eldiario.net\/portal\/#\/schema\/logo\/image\/","url":"https:\/\/www.eldiario.net\/portal\/wp-content\/uploads\/2023\/07\/logo_ED.jpg","contentUrl":"https:\/\/www.eldiario.net\/portal\/wp-content\/uploads\/2023\/07\/logo_ED.jpg","width":272,"height":52,"caption":"El Diario - Decano de la prensa nacional"},"image":{"@id":"https:\/\/www.eldiario.net\/portal\/#\/schema\/logo\/image\/"},"sameAs":["https:\/\/www.facebook.com\/eldiario.bolivia\/","https:\/\/x.com\/eldiario_net"]},{"@type":"Person","@id":"https:\/\/www.eldiario.net\/portal\/#\/schema\/person\/f46445640444750d7d753ccd04ae01b7","name":"Jeanette","image":{"@type":"ImageObject","inLanguage":"es","@id":"https:\/\/secure.gravatar.com\/avatar\/3ea2118a5f7dad2b7138b1187a6b7ee55f160b9968b66013c3a3ef39dd7e5798?s=96&d=mm&r=g","url":"https:\/\/secure.gravatar.com\/avatar\/3ea2118a5f7dad2b7138b1187a6b7ee55f160b9968b66013c3a3ef39dd7e5798?s=96&d=mm&r=g","contentUrl":"https:\/\/secure.gravatar.com\/avatar\/3ea2118a5f7dad2b7138b1187a6b7ee55f160b9968b66013c3a3ef39dd7e5798?s=96&d=mm&r=g","caption":"Jeanette"},"sameAs":["https:\/\/www.eldiario.net\/portal"],"url":"https:\/\/www.eldiario.net\/portal\/author\/jeanette\/"}]}},"_links":{"self":[{"href":"https:\/\/www.eldiario.net\/portal\/wp-json\/wp\/v2\/posts\/158578","targetHints":{"allow":["GET"]}}],"collection":[{"href":"https:\/\/www.eldiario.net\/portal\/wp-json\/wp\/v2\/posts"}],"about":[{"href":"https:\/\/www.eldiario.net\/portal\/wp-json\/wp\/v2\/types\/post"}],"author":[{"embeddable":true,"href":"https:\/\/www.eldiario.net\/portal\/wp-json\/wp\/v2\/users\/1"}],"replies":[{"embeddable":true,"href":"https:\/\/www.eldiario.net\/portal\/wp-json\/wp\/v2\/comments?post=158578"}],"version-history":[{"count":0,"href":"https:\/\/www.eldiario.net\/portal\/wp-json\/wp\/v2\/posts\/158578\/revisions"}],"wp:attachment":[{"href":"https:\/\/www.eldiario.net\/portal\/wp-json\/wp\/v2\/media?parent=158578"}],"wp:term":[{"taxonomy":"category","embeddable":true,"href":"https:\/\/www.eldiario.net\/portal\/wp-json\/wp\/v2\/categories?post=158578"},{"taxonomy":"post_tag","embeddable":true,"href":"https:\/\/www.eldiario.net\/portal\/wp-json\/wp\/v2\/tags?post=158578"}],"curies":[{"name":"wp","href":"https:\/\/api.w.org\/{rel}","templated":true}]}}