{"id":158574,"date":"2023-06-07T05:56:11","date_gmt":"2023-06-07T09:56:11","guid":{"rendered":"https:\/\/www.eldiario.net\/portal\/?p=158574"},"modified":"2023-06-07T05:56:11","modified_gmt":"2023-06-07T09:56:11","slug":"actualizacion-cartografica-esta-a-punto-de-finalizar-segun-el-ine","status":"publish","type":"post","link":"https:\/\/www.eldiario.net\/portal\/2023\/06\/07\/actualizacion-cartografica-esta-a-punto-de-finalizar-segun-el-ine\/","title":{"rendered":"Actualizaci\u00f3n Cartogr\u00e1fica est\u00e1 a punto de finalizar seg\u00fan el INE"},"content":{"rendered":"<p>El Instituto Nacional de Estad\u00edsticas (INE) afirm\u00f3 a trav\u00e9s de su director ejecutivo, Humberto Arandia, un avance de m\u00e1s del 90% en la Actualizaci\u00f3n Cartogr\u00e1fica Estad\u00edstica (ACE) en los nueve departamentos de Bolivia, con lo cual se llega a la recta final.<br \/>\n\u201cA nivel departamental, Pando, Beni, Oruro y Chuquisaca concluyeron la ACE al 100%, Potos\u00ed y Tarija con un 99,9% se encuentran a punto de completar el operativo, en tanto que La Paz se encuentra con el 97%, Cochabamba con el 91% y Santa Cruz con el 90% de avance\u201d, detall\u00f3 en conferencia de prensa.<br \/>\nA nivel nacional dijo que la ACE, a la fecha alcanza el 95,6%, es decir que solo falta un 4,4% para concluir este operativo de campo en el pa\u00eds.<br \/>\nEl avance de la Actualizaci\u00f3n Cartogr\u00e1fica Estad\u00edstica en centros poblados y ciudades intermedias avanza ha registrado un avance en Potos\u00ed y Tarija del 99,8%, La Paz alcanz\u00f3 el 95,8%, Cochabamba 86,7% y Santa Cruz 83,6%.<br \/>\nEn las \u00e1reas dispersas la ACE reporta un avance en Potos\u00ed del 99,8%, en Tarija del 99,7%, en La Paz del 88,1%, en Cochabamba del 76,5% y en Santa Cruz del 41,8% de avance.<br \/>\n\u201cLos actualizadores avanzan en el trabajo de campo organizados en brigadas, cada una se compone de un supervisor y tres actualizadores quienes visitan las viviendas recabando informaci\u00f3n sobre el nombre de la o el jefe de hogar y la cantidad de personas que habitan en cada una\u201d, explic\u00f3.<br \/>\nCon esta informaci\u00f3n dijo que, el INE podr\u00e1 definir el n\u00famero de cuestionarios censales y censistas voluntarios y determinar el lugar donde el censista har\u00e1 su trabajo, datos \u00fatiles para organizar el Censo de Poblaci\u00f3n y Vivienda (CPV) a realizarse el 23 de marzo de 2024.<br \/>\nA trav\u00e9s de este trabajo de campo tambi\u00e9n se actualiza el n\u00famero de viviendas ocupadas, desocupadas y colectivas, tambi\u00e9n de los nombres propios de lugares de la cartograf\u00eda existente, georreferenciando (colocando coordenadas) todas las viviendas.<br \/>\nVarios l\u00edderes cruce\u00f1os son procesados a pedido del Gobierno, por encabezar un paro de 36 d\u00edas en demanda del Censo de Poblaci\u00f3n y Vivienda el 2023. El proceso censal debi\u00f3 realizarse el 16 de noviembre de 2022 de acuerdo al compromiso asumido por el propio presidente Luis Arce. (Br\u00fajula Digital).<\/p>\n","protected":false},"excerpt":{"rendered":"<p>El Instituto Nacional de Estad\u00edsticas (INE) afirm\u00f3 a trav\u00e9s de su director ejecutivo, Humberto Arandia, un avance de m\u00e1s del 90% en la Actualizaci\u00f3n Cartogr\u00e1fica Estad\u00edstica (ACE) en los nueve departamentos de Bolivia, con lo cual se llega a la recta final. \u201cA nivel departamental, Pando, Beni, Oruro y Chuquisaca concluyeron la ACE al 100%, [&hellip;]<\/p>\n","protected":false},"author":1,"featured_media":0,"comment_status":"closed","ping_status":"closed","sticky":false,"template":"","format":"standard","meta":{"_acf_changed":false,"footnotes":""},"categories":[14],"tags":[],"class_list":["post-158574","post","type-post","status-publish","format-standard","category-politica"],"acf":{"antetitulo":""},"yoast_head":"<!-- This site is optimized with the Yoast SEO plugin v28.4 - https:\/\/yoast.com\/product\/yoast-seo-wordpress\/ -->\n<title>Actualizaci\u00f3n Cartogr\u00e1fica est\u00e1 a punto de finalizar seg\u00fan el INE - El Diario - Bolivia<\/title>\n<meta name=\"robots\" content=\"index, follow, max-snippet:-1, max-image-preview:large, max-video-preview:-1\" \/>\n<link rel=\"canonical\" href=\"https:\/\/www.eldiario.net\/portal\/2023\/06\/07\/actualizacion-cartografica-esta-a-punto-de-finalizar-segun-el-ine\/\" \/>\n<meta property=\"og:locale\" content=\"es_ES\" \/>\n<meta property=\"og:type\" content=\"article\" \/>\n<meta property=\"og:title\" content=\"Actualizaci\u00f3n Cartogr\u00e1fica est\u00e1 a punto de finalizar seg\u00fan el INE - El Diario - Bolivia\" \/>\n<meta property=\"og:description\" content=\"El Instituto Nacional de Estad\u00edsticas (INE) afirm\u00f3 a trav\u00e9s de su director ejecutivo, Humberto Arandia, un avance de m\u00e1s del 90% en la Actualizaci\u00f3n Cartogr\u00e1fica Estad\u00edstica (ACE) en los nueve departamentos de Bolivia, con lo cual se llega a la recta final. \u201cA nivel departamental, Pando, Beni, Oruro y Chuquisaca concluyeron la ACE al 100%, [&hellip;]\" \/>\n<meta property=\"og:url\" content=\"https:\/\/www.eldiario.net\/portal\/2023\/06\/07\/actualizacion-cartografica-esta-a-punto-de-finalizar-segun-el-ine\/\" \/>\n<meta property=\"og:site_name\" content=\"El Diario - Bolivia\" \/>\n<meta property=\"article:publisher\" content=\"https:\/\/www.facebook.com\/eldiario.bolivia\/\" \/>\n<meta property=\"article:published_time\" content=\"2023-06-07T09:56:11+00:00\" \/>\n<meta name=\"author\" content=\"Jeanette\" \/>\n<meta name=\"twitter:card\" content=\"summary_large_image\" \/>\n<meta name=\"twitter:creator\" content=\"@eldiario_net\" \/>\n<meta name=\"twitter:site\" content=\"@eldiario_net\" \/>\n<meta name=\"twitter:label1\" content=\"Escrito por\" \/>\n\t<meta name=\"twitter:data1\" content=\"Jeanette\" \/>\n\t<meta name=\"twitter:label2\" content=\"Tiempo de lectura\" \/>\n\t<meta name=\"twitter:data2\" content=\"2 minutos\" \/>\n<script type=\"application\/ld+json\" class=\"yoast-schema-graph\">{\"@context\":\"https:\\\/\\\/schema.org\",\"@graph\":[{\"@type\":\"Article\",\"@id\":\"https:\\\/\\\/www.eldiario.net\\\/portal\\\/2023\\\/06\\\/07\\\/actualizacion-cartografica-esta-a-punto-de-finalizar-segun-el-ine\\\/#article\",\"isPartOf\":{\"@id\":\"https:\\\/\\\/www.eldiario.net\\\/portal\\\/2023\\\/06\\\/07\\\/actualizacion-cartografica-esta-a-punto-de-finalizar-segun-el-ine\\\/\"},\"author\":{\"name\":\"Jeanette\",\"@id\":\"https:\\\/\\\/www.eldiario.net\\\/portal\\\/#\\\/schema\\\/person\\\/f46445640444750d7d753ccd04ae01b7\"},\"headline\":\"Actualizaci\u00f3n Cartogr\u00e1fica est\u00e1 a punto de finalizar seg\u00fan el INE\",\"datePublished\":\"2023-06-07T09:56:11+00:00\",\"mainEntityOfPage\":{\"@id\":\"https:\\\/\\\/www.eldiario.net\\\/portal\\\/2023\\\/06\\\/07\\\/actualizacion-cartografica-esta-a-punto-de-finalizar-segun-el-ine\\\/\"},\"wordCount\":387,\"publisher\":{\"@id\":\"https:\\\/\\\/www.eldiario.net\\\/portal\\\/#organization\"},\"articleSection\":[\"Pol\u00edtica\"],\"inLanguage\":\"es\"},{\"@type\":\"WebPage\",\"@id\":\"https:\\\/\\\/www.eldiario.net\\\/portal\\\/2023\\\/06\\\/07\\\/actualizacion-cartografica-esta-a-punto-de-finalizar-segun-el-ine\\\/\",\"url\":\"https:\\\/\\\/www.eldiario.net\\\/portal\\\/2023\\\/06\\\/07\\\/actualizacion-cartografica-esta-a-punto-de-finalizar-segun-el-ine\\\/\",\"name\":\"Actualizaci\u00f3n Cartogr\u00e1fica est\u00e1 a punto de finalizar seg\u00fan el INE - El Diario - Bolivia\",\"isPartOf\":{\"@id\":\"https:\\\/\\\/www.eldiario.net\\\/portal\\\/#website\"},\"datePublished\":\"2023-06-07T09:56:11+00:00\",\"breadcrumb\":{\"@id\":\"https:\\\/\\\/www.eldiario.net\\\/portal\\\/2023\\\/06\\\/07\\\/actualizacion-cartografica-esta-a-punto-de-finalizar-segun-el-ine\\\/#breadcrumb\"},\"inLanguage\":\"es\",\"potentialAction\":[{\"@type\":\"ReadAction\",\"target\":[\"https:\\\/\\\/www.eldiario.net\\\/portal\\\/2023\\\/06\\\/07\\\/actualizacion-cartografica-esta-a-punto-de-finalizar-segun-el-ine\\\/\"]}]},{\"@type\":\"BreadcrumbList\",\"@id\":\"https:\\\/\\\/www.eldiario.net\\\/portal\\\/2023\\\/06\\\/07\\\/actualizacion-cartografica-esta-a-punto-de-finalizar-segun-el-ine\\\/#breadcrumb\",\"itemListElement\":[{\"@type\":\"ListItem\",\"position\":1,\"name\":\"Portada\",\"item\":\"https:\\\/\\\/www.eldiario.net\\\/portal\\\/\"},{\"@type\":\"ListItem\",\"position\":2,\"name\":\"Actualizaci\u00f3n Cartogr\u00e1fica est\u00e1 a punto de finalizar seg\u00fan el INE\"}]},{\"@type\":\"WebSite\",\"@id\":\"https:\\\/\\\/www.eldiario.net\\\/portal\\\/#website\",\"url\":\"https:\\\/\\\/www.eldiario.net\\\/portal\\\/\",\"name\":\"El Diario - Decano de la prensa nacional\",\"description\":\"El Diario - Decano de la prensa nacional\",\"publisher\":{\"@id\":\"https:\\\/\\\/www.eldiario.net\\\/portal\\\/#organization\"},\"potentialAction\":[{\"@type\":\"SearchAction\",\"target\":{\"@type\":\"EntryPoint\",\"urlTemplate\":\"https:\\\/\\\/www.eldiario.net\\\/portal\\\/?s={search_term_string}\"},\"query-input\":{\"@type\":\"PropertyValueSpecification\",\"valueRequired\":true,\"valueName\":\"search_term_string\"}}],\"inLanguage\":\"es\"},{\"@type\":\"Organization\",\"@id\":\"https:\\\/\\\/www.eldiario.net\\\/portal\\\/#organization\",\"name\":\"El Diario - Decano de la prensa nacional\",\"url\":\"https:\\\/\\\/www.eldiario.net\\\/portal\\\/\",\"logo\":{\"@type\":\"ImageObject\",\"inLanguage\":\"es\",\"@id\":\"https:\\\/\\\/www.eldiario.net\\\/portal\\\/#\\\/schema\\\/logo\\\/image\\\/\",\"url\":\"https:\\\/\\\/www.eldiario.net\\\/portal\\\/wp-content\\\/uploads\\\/2023\\\/07\\\/logo_ED.jpg\",\"contentUrl\":\"https:\\\/\\\/www.eldiario.net\\\/portal\\\/wp-content\\\/uploads\\\/2023\\\/07\\\/logo_ED.jpg\",\"width\":272,\"height\":52,\"caption\":\"El Diario - Decano de la prensa nacional\"},\"image\":{\"@id\":\"https:\\\/\\\/www.eldiario.net\\\/portal\\\/#\\\/schema\\\/logo\\\/image\\\/\"},\"sameAs\":[\"https:\\\/\\\/www.facebook.com\\\/eldiario.bolivia\\\/\",\"https:\\\/\\\/x.com\\\/eldiario_net\"]},{\"@type\":\"Person\",\"@id\":\"https:\\\/\\\/www.eldiario.net\\\/portal\\\/#\\\/schema\\\/person\\\/f46445640444750d7d753ccd04ae01b7\",\"name\":\"Jeanette\",\"image\":{\"@type\":\"ImageObject\",\"inLanguage\":\"es\",\"@id\":\"https:\\\/\\\/secure.gravatar.com\\\/avatar\\\/3ea2118a5f7dad2b7138b1187a6b7ee55f160b9968b66013c3a3ef39dd7e5798?s=96&d=mm&r=g\",\"url\":\"https:\\\/\\\/secure.gravatar.com\\\/avatar\\\/3ea2118a5f7dad2b7138b1187a6b7ee55f160b9968b66013c3a3ef39dd7e5798?s=96&d=mm&r=g\",\"contentUrl\":\"https:\\\/\\\/secure.gravatar.com\\\/avatar\\\/3ea2118a5f7dad2b7138b1187a6b7ee55f160b9968b66013c3a3ef39dd7e5798?s=96&d=mm&r=g\",\"caption\":\"Jeanette\"},\"sameAs\":[\"https:\\\/\\\/www.eldiario.net\\\/portal\"],\"url\":\"https:\\\/\\\/www.eldiario.net\\\/portal\\\/author\\\/jeanette\\\/\"}]}<\/script>\n<!-- \/ Yoast SEO plugin. -->","yoast_head_json":{"title":"Actualizaci\u00f3n Cartogr\u00e1fica est\u00e1 a punto de finalizar seg\u00fan el INE - El Diario - Bolivia","robots":{"index":"index","follow":"follow","max-snippet":"max-snippet:-1","max-image-preview":"max-image-preview:large","max-video-preview":"max-video-preview:-1"},"canonical":"https:\/\/www.eldiario.net\/portal\/2023\/06\/07\/actualizacion-cartografica-esta-a-punto-de-finalizar-segun-el-ine\/","og_locale":"es_ES","og_type":"article","og_title":"Actualizaci\u00f3n Cartogr\u00e1fica est\u00e1 a punto de finalizar seg\u00fan el INE - El Diario - Bolivia","og_description":"El Instituto Nacional de Estad\u00edsticas (INE) afirm\u00f3 a trav\u00e9s de su director ejecutivo, Humberto Arandia, un avance de m\u00e1s del 90% en la Actualizaci\u00f3n Cartogr\u00e1fica Estad\u00edstica (ACE) en los nueve departamentos de Bolivia, con lo cual se llega a la recta final. \u201cA nivel departamental, Pando, Beni, Oruro y Chuquisaca concluyeron la ACE al 100%, [&hellip;]","og_url":"https:\/\/www.eldiario.net\/portal\/2023\/06\/07\/actualizacion-cartografica-esta-a-punto-de-finalizar-segun-el-ine\/","og_site_name":"El Diario - Bolivia","article_publisher":"https:\/\/www.facebook.com\/eldiario.bolivia\/","article_published_time":"2023-06-07T09:56:11+00:00","author":"Jeanette","twitter_card":"summary_large_image","twitter_creator":"@eldiario_net","twitter_site":"@eldiario_net","twitter_misc":{"Escrito por":"Jeanette","Tiempo de lectura":"2 minutos"},"schema":{"@context":"https:\/\/schema.org","@graph":[{"@type":"Article","@id":"https:\/\/www.eldiario.net\/portal\/2023\/06\/07\/actualizacion-cartografica-esta-a-punto-de-finalizar-segun-el-ine\/#article","isPartOf":{"@id":"https:\/\/www.eldiario.net\/portal\/2023\/06\/07\/actualizacion-cartografica-esta-a-punto-de-finalizar-segun-el-ine\/"},"author":{"name":"Jeanette","@id":"https:\/\/www.eldiario.net\/portal\/#\/schema\/person\/f46445640444750d7d753ccd04ae01b7"},"headline":"Actualizaci\u00f3n Cartogr\u00e1fica est\u00e1 a punto de finalizar seg\u00fan el INE","datePublished":"2023-06-07T09:56:11+00:00","mainEntityOfPage":{"@id":"https:\/\/www.eldiario.net\/portal\/2023\/06\/07\/actualizacion-cartografica-esta-a-punto-de-finalizar-segun-el-ine\/"},"wordCount":387,"publisher":{"@id":"https:\/\/www.eldiario.net\/portal\/#organization"},"articleSection":["Pol\u00edtica"],"inLanguage":"es"},{"@type":"WebPage","@id":"https:\/\/www.eldiario.net\/portal\/2023\/06\/07\/actualizacion-cartografica-esta-a-punto-de-finalizar-segun-el-ine\/","url":"https:\/\/www.eldiario.net\/portal\/2023\/06\/07\/actualizacion-cartografica-esta-a-punto-de-finalizar-segun-el-ine\/","name":"Actualizaci\u00f3n Cartogr\u00e1fica est\u00e1 a punto de finalizar seg\u00fan el INE - El Diario - Bolivia","isPartOf":{"@id":"https:\/\/www.eldiario.net\/portal\/#website"},"datePublished":"2023-06-07T09:56:11+00:00","breadcrumb":{"@id":"https:\/\/www.eldiario.net\/portal\/2023\/06\/07\/actualizacion-cartografica-esta-a-punto-de-finalizar-segun-el-ine\/#breadcrumb"},"inLanguage":"es","potentialAction":[{"@type":"ReadAction","target":["https:\/\/www.eldiario.net\/portal\/2023\/06\/07\/actualizacion-cartografica-esta-a-punto-de-finalizar-segun-el-ine\/"]}]},{"@type":"BreadcrumbList","@id":"https:\/\/www.eldiario.net\/portal\/2023\/06\/07\/actualizacion-cartografica-esta-a-punto-de-finalizar-segun-el-ine\/#breadcrumb","itemListElement":[{"@type":"ListItem","position":1,"name":"Portada","item":"https:\/\/www.eldiario.net\/portal\/"},{"@type":"ListItem","position":2,"name":"Actualizaci\u00f3n Cartogr\u00e1fica est\u00e1 a punto de finalizar seg\u00fan el INE"}]},{"@type":"WebSite","@id":"https:\/\/www.eldiario.net\/portal\/#website","url":"https:\/\/www.eldiario.net\/portal\/","name":"El Diario - Decano de la prensa nacional","description":"El Diario - Decano de la prensa nacional","publisher":{"@id":"https:\/\/www.eldiario.net\/portal\/#organization"},"potentialAction":[{"@type":"SearchAction","target":{"@type":"EntryPoint","urlTemplate":"https:\/\/www.eldiario.net\/portal\/?s={search_term_string}"},"query-input":{"@type":"PropertyValueSpecification","valueRequired":true,"valueName":"search_term_string"}}],"inLanguage":"es"},{"@type":"Organization","@id":"https:\/\/www.eldiario.net\/portal\/#organization","name":"El Diario - Decano de la prensa nacional","url":"https:\/\/www.eldiario.net\/portal\/","logo":{"@type":"ImageObject","inLanguage":"es","@id":"https:\/\/www.eldiario.net\/portal\/#\/schema\/logo\/image\/","url":"https:\/\/www.eldiario.net\/portal\/wp-content\/uploads\/2023\/07\/logo_ED.jpg","contentUrl":"https:\/\/www.eldiario.net\/portal\/wp-content\/uploads\/2023\/07\/logo_ED.jpg","width":272,"height":52,"caption":"El Diario - Decano de la prensa nacional"},"image":{"@id":"https:\/\/www.eldiario.net\/portal\/#\/schema\/logo\/image\/"},"sameAs":["https:\/\/www.facebook.com\/eldiario.bolivia\/","https:\/\/x.com\/eldiario_net"]},{"@type":"Person","@id":"https:\/\/www.eldiario.net\/portal\/#\/schema\/person\/f46445640444750d7d753ccd04ae01b7","name":"Jeanette","image":{"@type":"ImageObject","inLanguage":"es","@id":"https:\/\/secure.gravatar.com\/avatar\/3ea2118a5f7dad2b7138b1187a6b7ee55f160b9968b66013c3a3ef39dd7e5798?s=96&d=mm&r=g","url":"https:\/\/secure.gravatar.com\/avatar\/3ea2118a5f7dad2b7138b1187a6b7ee55f160b9968b66013c3a3ef39dd7e5798?s=96&d=mm&r=g","contentUrl":"https:\/\/secure.gravatar.com\/avatar\/3ea2118a5f7dad2b7138b1187a6b7ee55f160b9968b66013c3a3ef39dd7e5798?s=96&d=mm&r=g","caption":"Jeanette"},"sameAs":["https:\/\/www.eldiario.net\/portal"],"url":"https:\/\/www.eldiario.net\/portal\/author\/jeanette\/"}]}},"_links":{"self":[{"href":"https:\/\/www.eldiario.net\/portal\/wp-json\/wp\/v2\/posts\/158574","targetHints":{"allow":["GET"]}}],"collection":[{"href":"https:\/\/www.eldiario.net\/portal\/wp-json\/wp\/v2\/posts"}],"about":[{"href":"https:\/\/www.eldiario.net\/portal\/wp-json\/wp\/v2\/types\/post"}],"author":[{"embeddable":true,"href":"https:\/\/www.eldiario.net\/portal\/wp-json\/wp\/v2\/users\/1"}],"replies":[{"embeddable":true,"href":"https:\/\/www.eldiario.net\/portal\/wp-json\/wp\/v2\/comments?post=158574"}],"version-history":[{"count":0,"href":"https:\/\/www.eldiario.net\/portal\/wp-json\/wp\/v2\/posts\/158574\/revisions"}],"wp:attachment":[{"href":"https:\/\/www.eldiario.net\/portal\/wp-json\/wp\/v2\/media?parent=158574"}],"wp:term":[{"taxonomy":"category","embeddable":true,"href":"https:\/\/www.eldiario.net\/portal\/wp-json\/wp\/v2\/categories?post=158574"},{"taxonomy":"post_tag","embeddable":true,"href":"https:\/\/www.eldiario.net\/portal\/wp-json\/wp\/v2\/tags?post=158574"}],"curies":[{"name":"wp","href":"https:\/\/api.w.org\/{rel}","templated":true}]}}