{"id":158571,"date":"2023-06-07T05:55:48","date_gmt":"2023-06-07T09:55:48","guid":{"rendered":"https:\/\/www.eldiario.net\/portal\/?p=158571"},"modified":"2023-06-07T05:55:48","modified_gmt":"2023-06-07T09:55:48","slug":"banco-mundial-baja-crecimiento-a-25-para-la-presente-gestion","status":"publish","type":"post","link":"https:\/\/www.eldiario.net\/portal\/2023\/06\/07\/banco-mundial-baja-crecimiento-a-25-para-la-presente-gestion\/","title":{"rendered":"Banco Mundial baja crecimiento  a 2,5% para la presente gesti\u00f3n"},"content":{"rendered":"<p>El crecimiento estimado por el Banco Mundial para Bolivia en abril de la presente gesti\u00f3n fue de 2,7%, pero ahora nuevamente baja a 2,5%, as\u00ed como para el 2024 y 2025, que proyecta s\u00f3lo 2%. La desaceleraci\u00f3n de la econom\u00eda es evidente, a pesar de los anuncios del Gobierno.<br \/>\nEn enero, la entidad internacional proyect\u00f3 para el pa\u00eds un crecimiento de 3,1% para la presente gesti\u00f3n, en sus perspectivas econ\u00f3micas, pero en abril baj\u00f3 la estimaci\u00f3n a 2,7%, ahora nuevamente la cifra disminuye a 2,5%, seg\u00fan la edici\u00f3n m\u00e1s reciente del informe Perspectivas econ\u00f3micas mundiales del Banco Mundial.<br \/>\nEn opini\u00f3n del presidente del Colegio de Economistas de Tarija, Fernando Romero, ser\u00eda el reflejo de lo que pasa en el pa\u00eds con la escasez de d\u00f3lares en el mercado nacional, a pesar de que el Banco Central de Bolivia (BCB) se\u00f1ala que la venta se normaliz\u00f3.<br \/>\n\u201cClaro, sin d\u00f3lares no hay crecimiento econ\u00f3mico\u201d, se\u00f1al\u00f3 y adem\u00e1s, en otra oportunidad, indic\u00f3 que la inflaci\u00f3n no ceder\u00e1 en el pa\u00eds, pues el tema de los d\u00f3lares puso en evidencia la fr\u00e1gil estructura de la econom\u00eda nacional.<br \/>\nLa escasez de d\u00f3lares se mantiene en el mercado nacional, a pesar de lo que diga el BCB, pues las fuertes cantidades que requieren importadores, son cubiertos con mayor plazo de tiempo, por lo que deben acudir a un mercado paralelo, que fue creado por el ente emisor al fijar un valor para los exportadores de 6,95 por divisa estadounidense.<br \/>\nDe acuerdo a informaci\u00f3n del Instituto Nacional de Estad\u00edstica (INE), el \u00cdndice de Precios al Consumidor (IPC) registr\u00f3 un aumento en mayo a 0,57%, el director de la entidad estatal, Humberto Arandia, dijo que obedeci\u00f3 a un aumento del valor del pollo y el huevo, pero tambi\u00e9n se observ\u00f3 una disminuci\u00f3n en el precio de la papa; pero las amas de casa se\u00f1alan que no significativamente.<br \/>\nEl gobierno tiene un falso optimismo, y m\u00e1s confiable es el dato del Banco Mundial, en opini\u00f3n de Romero, que el pasado fin de semana present\u00f3 informaci\u00f3n sobre la econom\u00eda nacional con cuadros estad\u00edsticos.<br \/>\nPero no s\u00f3lo Bolivia reducir\u00e1 su crecimiento sino toda la regi\u00f3n de Am\u00e9rica Latina, pues el Banco prev\u00e9 que se reducir\u00e1 al 1,5\u00a0% en\u00a02023 y luego se recuperar\u00e1 hasta alcanzar el 2\u00a0% en\u00a02024, cosa que no pasa con la econom\u00eda nacional, pues en vez de subir se reduce m\u00e1s.<br \/>\nSeg\u00fan las proyecciones, el crecimiento en la regi\u00f3n de Am\u00e9rica Latina y el Caribe se desacelerar\u00e1 a\u00fan m\u00e1s en 2023 hasta un 1,5 %. Se prev\u00e9 que el escaso crecimiento en las econom\u00edas avanzadas incidir\u00e1 en la demanda de exportaciones, mientras que es probable que las pol\u00edticas monetarias restrictivas, se sigan aplicando en esas econom\u00edas y la inflaci\u00f3n interna persistentemente alta impidan cualquier mejora sustancial de las condiciones financieras a corto plazo.<br \/>\nSe prev\u00e9 que el crecimiento de Brasil se desacelerar\u00e1 al 1,2 % en 2023, con un ligero aumento al 1,4 % en 2024. Seg\u00fan las proyecciones, la tasa de crecimiento de M\u00e9xico ser\u00e1 moderada, del 2,5 % (en 2023) y que seguir\u00e1 creciendo un 1,9 % en 2024. Seg\u00fan las proyecciones, en 2023 la producci\u00f3n de Argentina caer\u00e1 a -2 % y en 2024 crecer\u00e1 un 2,3 %, a medida que la econom\u00eda se recupere de la grave sequ\u00eda que ha afectado su producci\u00f3n agr\u00edcola este a\u00f1o.<br \/>\nSe prev\u00e9 que el crecimiento de Colombia se reducir\u00e1 al 1,7 % en 2023, con un aumento al 2 % en 2024. Es probable que Chile experimente una contracci\u00f3n del 0,4 % en 2023 y del 1,8 % en 2024. Las perspectivas de crecimiento en Per\u00fa son de un 2,2 % en 2023, con un ligero aumento al 2,6 % en 2024.<br \/>\nRiesgos<br \/>\nLas perspectivas est\u00e1n expuestas a varios riesgos de deterioro. Debido a la inflaci\u00f3n persistente en las econom\u00edas avanzadas, es posible que sus bancos centrales deban mantener pol\u00edticas monetarias m\u00e1s restrictivas que las supuestas al principio. En especial, puede ocurrir que las monedas de la regi\u00f3n de Am\u00e9rica Latina y el Caribe se deprecien con respecto a las dem\u00e1s econom\u00edas avanzadas, lo que aumentar\u00eda los costos del servicio de la deuda e incrementar\u00eda a\u00fan m\u00e1s la inflaci\u00f3n local.<br \/>\nAdem\u00e1s, existe el riesgo de que el sector inmobiliario de China se debilite todav\u00eda m\u00e1s, lo que afectar\u00eda los precios de los metales (principalmente, del cobre y del hierro) y representar\u00eda un riesgo de deterioro para Brasil, Chile y Per\u00fa. Por \u00faltimo, el cambio clim\u00e1tico sigue planteando riesgos para la regi\u00f3n. Por ejemplo, las sequ\u00edas en la Argentina o las excesivas precipitaciones en Colombia podr\u00edan aumentar nuevamente las probabilidades de que se experimenten los fen\u00f3menos extremos de \u201cLa Ni\u00f1a\u201d o \u201cEl Ni\u00f1o\u201d.<br \/>\nBCB<br \/>\nMientras, un comunicado de la entidad emisora se\u00f1ala que el Banco Central de Bolivia (BCB), con la implementaci\u00f3n de un conjunto de medidas de pol\u00edtica monetaria y desembolsos a casas de cambio, as\u00ed como la venta directa al p\u00fablico, se viene regularizando la provisi\u00f3n de d\u00f3lares estadounidenses y de satisfacer la demanda de la econom\u00eda.<br \/>\nComo se recordar\u00e1, el BCB adopt\u00f3 medidas de pol\u00edtica monetaria y administrativas, como: i) la modificaci\u00f3n del Reglamento de Encaje Legal en d\u00f3lares, con la que los bancos del sistema financiero llegaron a disponer de aproximadamente 254 millones de d\u00f3lares; ii) el expendio de d\u00f3lares a las casas de cambio a trav\u00e9s del Banco Uni\u00f3n S.A., por 10 millones; y iii) desembolsos a los bancos del sistema financiero, en coordinaci\u00f3n con la Asociaci\u00f3n de Banco Privados de Bolivia (Asoban), que permiti\u00f3 la asignaci\u00f3n, desde febrero de este a\u00f1o, de 252 millones.<\/p>\n","protected":false},"excerpt":{"rendered":"<p>El crecimiento estimado por el Banco Mundial para Bolivia en abril de la presente gesti\u00f3n fue de 2,7%, pero ahora nuevamente baja a 2,5%, as\u00ed como para el 2024 y 2025, que proyecta s\u00f3lo 2%. La desaceleraci\u00f3n de la econom\u00eda es evidente, a pesar de los anuncios del Gobierno. En enero, la entidad internacional proyect\u00f3 [&hellip;]<\/p>\n","protected":false},"author":1,"featured_media":158572,"comment_status":"closed","ping_status":"closed","sticky":false,"template":"","format":"standard","meta":{"_acf_changed":false,"footnotes":""},"categories":[7],"tags":[],"class_list":["post-158571","post","type-post","status-publish","format-standard","has-post-thumbnail","category-economia"],"acf":{"antetitulo":""},"yoast_head":"<!-- This site is optimized with the Yoast SEO plugin v28.3 - https:\/\/yoast.com\/product\/yoast-seo-wordpress\/ -->\n<title>Banco Mundial baja crecimiento a 2,5% para la presente gesti\u00f3n - El Diario - Bolivia<\/title>\n<meta name=\"robots\" content=\"index, follow, max-snippet:-1, max-image-preview:large, max-video-preview:-1\" \/>\n<link rel=\"canonical\" href=\"https:\/\/www.eldiario.net\/portal\/2023\/06\/07\/banco-mundial-baja-crecimiento-a-25-para-la-presente-gestion\/\" \/>\n<meta property=\"og:locale\" content=\"es_ES\" \/>\n<meta property=\"og:type\" content=\"article\" \/>\n<meta property=\"og:title\" content=\"Banco Mundial baja crecimiento a 2,5% para la presente gesti\u00f3n - El Diario - Bolivia\" \/>\n<meta property=\"og:description\" content=\"El crecimiento estimado por el Banco Mundial para Bolivia en abril de la presente gesti\u00f3n fue de 2,7%, pero ahora nuevamente baja a 2,5%, as\u00ed como para el 2024 y 2025, que proyecta s\u00f3lo 2%. La desaceleraci\u00f3n de la econom\u00eda es evidente, a pesar de los anuncios del Gobierno. En enero, la entidad internacional proyect\u00f3 [&hellip;]\" \/>\n<meta property=\"og:url\" content=\"https:\/\/www.eldiario.net\/portal\/2023\/06\/07\/banco-mundial-baja-crecimiento-a-25-para-la-presente-gestion\/\" \/>\n<meta property=\"og:site_name\" content=\"El Diario - Bolivia\" \/>\n<meta property=\"article:publisher\" content=\"https:\/\/www.facebook.com\/eldiario.bolivia\/\" \/>\n<meta property=\"article:published_time\" content=\"2023-06-07T09:55:48+00:00\" \/>\n<meta property=\"og:image\" content=\"https:\/\/www.eldiario.net\/portal\/wp-content\/uploads\/2023\/06\/creci.jpg\" \/>\n\t<meta property=\"og:image:width\" content=\"578\" \/>\n\t<meta property=\"og:image:height\" content=\"510\" \/>\n\t<meta property=\"og:image:type\" content=\"image\/jpeg\" \/>\n<meta name=\"author\" content=\"Jeanette\" \/>\n<meta name=\"twitter:card\" content=\"summary_large_image\" \/>\n<meta name=\"twitter:creator\" content=\"@eldiario_net\" \/>\n<meta name=\"twitter:site\" content=\"@eldiario_net\" \/>\n<meta name=\"twitter:label1\" content=\"Escrito por\" \/>\n\t<meta name=\"twitter:data1\" content=\"Jeanette\" \/>\n\t<meta name=\"twitter:label2\" content=\"Tiempo de lectura\" \/>\n\t<meta name=\"twitter:data2\" content=\"5 minutos\" \/>\n<script type=\"application\/ld+json\" class=\"yoast-schema-graph\">{\"@context\":\"https:\\\/\\\/schema.org\",\"@graph\":[{\"@type\":\"Article\",\"@id\":\"https:\\\/\\\/www.eldiario.net\\\/portal\\\/2023\\\/06\\\/07\\\/banco-mundial-baja-crecimiento-a-25-para-la-presente-gestion\\\/#article\",\"isPartOf\":{\"@id\":\"https:\\\/\\\/www.eldiario.net\\\/portal\\\/2023\\\/06\\\/07\\\/banco-mundial-baja-crecimiento-a-25-para-la-presente-gestion\\\/\"},\"author\":{\"name\":\"Jeanette\",\"@id\":\"https:\\\/\\\/www.eldiario.net\\\/portal\\\/#\\\/schema\\\/person\\\/f46445640444750d7d753ccd04ae01b7\"},\"headline\":\"Banco Mundial baja crecimiento a 2,5% para la presente gesti\u00f3n\",\"datePublished\":\"2023-06-07T09:55:48+00:00\",\"mainEntityOfPage\":{\"@id\":\"https:\\\/\\\/www.eldiario.net\\\/portal\\\/2023\\\/06\\\/07\\\/banco-mundial-baja-crecimiento-a-25-para-la-presente-gestion\\\/\"},\"wordCount\":983,\"publisher\":{\"@id\":\"https:\\\/\\\/www.eldiario.net\\\/portal\\\/#organization\"},\"image\":{\"@id\":\"https:\\\/\\\/www.eldiario.net\\\/portal\\\/2023\\\/06\\\/07\\\/banco-mundial-baja-crecimiento-a-25-para-la-presente-gestion\\\/#primaryimage\"},\"thumbnailUrl\":\"https:\\\/\\\/www.eldiario.net\\\/portal\\\/wp-content\\\/uploads\\\/2023\\\/06\\\/creci.jpg\",\"articleSection\":[\"Econom\u00eda\"],\"inLanguage\":\"es\"},{\"@type\":\"WebPage\",\"@id\":\"https:\\\/\\\/www.eldiario.net\\\/portal\\\/2023\\\/06\\\/07\\\/banco-mundial-baja-crecimiento-a-25-para-la-presente-gestion\\\/\",\"url\":\"https:\\\/\\\/www.eldiario.net\\\/portal\\\/2023\\\/06\\\/07\\\/banco-mundial-baja-crecimiento-a-25-para-la-presente-gestion\\\/\",\"name\":\"Banco Mundial baja crecimiento a 2,5% para la presente gesti\u00f3n - El Diario - Bolivia\",\"isPartOf\":{\"@id\":\"https:\\\/\\\/www.eldiario.net\\\/portal\\\/#website\"},\"primaryImageOfPage\":{\"@id\":\"https:\\\/\\\/www.eldiario.net\\\/portal\\\/2023\\\/06\\\/07\\\/banco-mundial-baja-crecimiento-a-25-para-la-presente-gestion\\\/#primaryimage\"},\"image\":{\"@id\":\"https:\\\/\\\/www.eldiario.net\\\/portal\\\/2023\\\/06\\\/07\\\/banco-mundial-baja-crecimiento-a-25-para-la-presente-gestion\\\/#primaryimage\"},\"thumbnailUrl\":\"https:\\\/\\\/www.eldiario.net\\\/portal\\\/wp-content\\\/uploads\\\/2023\\\/06\\\/creci.jpg\",\"datePublished\":\"2023-06-07T09:55:48+00:00\",\"breadcrumb\":{\"@id\":\"https:\\\/\\\/www.eldiario.net\\\/portal\\\/2023\\\/06\\\/07\\\/banco-mundial-baja-crecimiento-a-25-para-la-presente-gestion\\\/#breadcrumb\"},\"inLanguage\":\"es\",\"potentialAction\":[{\"@type\":\"ReadAction\",\"target\":[\"https:\\\/\\\/www.eldiario.net\\\/portal\\\/2023\\\/06\\\/07\\\/banco-mundial-baja-crecimiento-a-25-para-la-presente-gestion\\\/\"]}]},{\"@type\":\"ImageObject\",\"inLanguage\":\"es\",\"@id\":\"https:\\\/\\\/www.eldiario.net\\\/portal\\\/2023\\\/06\\\/07\\\/banco-mundial-baja-crecimiento-a-25-para-la-presente-gestion\\\/#primaryimage\",\"url\":\"https:\\\/\\\/www.eldiario.net\\\/portal\\\/wp-content\\\/uploads\\\/2023\\\/06\\\/creci.jpg\",\"contentUrl\":\"https:\\\/\\\/www.eldiario.net\\\/portal\\\/wp-content\\\/uploads\\\/2023\\\/06\\\/creci.jpg\",\"width\":578,\"height\":510},{\"@type\":\"BreadcrumbList\",\"@id\":\"https:\\\/\\\/www.eldiario.net\\\/portal\\\/2023\\\/06\\\/07\\\/banco-mundial-baja-crecimiento-a-25-para-la-presente-gestion\\\/#breadcrumb\",\"itemListElement\":[{\"@type\":\"ListItem\",\"position\":1,\"name\":\"Portada\",\"item\":\"https:\\\/\\\/www.eldiario.net\\\/portal\\\/\"},{\"@type\":\"ListItem\",\"position\":2,\"name\":\"Banco Mundial baja crecimiento a 2,5% para la presente gesti\u00f3n\"}]},{\"@type\":\"WebSite\",\"@id\":\"https:\\\/\\\/www.eldiario.net\\\/portal\\\/#website\",\"url\":\"https:\\\/\\\/www.eldiario.net\\\/portal\\\/\",\"name\":\"El Diario - Decano de la prensa nacional\",\"description\":\"El Diario - Decano de la prensa nacional\",\"publisher\":{\"@id\":\"https:\\\/\\\/www.eldiario.net\\\/portal\\\/#organization\"},\"potentialAction\":[{\"@type\":\"SearchAction\",\"target\":{\"@type\":\"EntryPoint\",\"urlTemplate\":\"https:\\\/\\\/www.eldiario.net\\\/portal\\\/?s={search_term_string}\"},\"query-input\":{\"@type\":\"PropertyValueSpecification\",\"valueRequired\":true,\"valueName\":\"search_term_string\"}}],\"inLanguage\":\"es\"},{\"@type\":\"Organization\",\"@id\":\"https:\\\/\\\/www.eldiario.net\\\/portal\\\/#organization\",\"name\":\"El Diario - Decano de la prensa nacional\",\"url\":\"https:\\\/\\\/www.eldiario.net\\\/portal\\\/\",\"logo\":{\"@type\":\"ImageObject\",\"inLanguage\":\"es\",\"@id\":\"https:\\\/\\\/www.eldiario.net\\\/portal\\\/#\\\/schema\\\/logo\\\/image\\\/\",\"url\":\"https:\\\/\\\/www.eldiario.net\\\/portal\\\/wp-content\\\/uploads\\\/2023\\\/07\\\/logo_ED.jpg\",\"contentUrl\":\"https:\\\/\\\/www.eldiario.net\\\/portal\\\/wp-content\\\/uploads\\\/2023\\\/07\\\/logo_ED.jpg\",\"width\":272,\"height\":52,\"caption\":\"El Diario - Decano de la prensa nacional\"},\"image\":{\"@id\":\"https:\\\/\\\/www.eldiario.net\\\/portal\\\/#\\\/schema\\\/logo\\\/image\\\/\"},\"sameAs\":[\"https:\\\/\\\/www.facebook.com\\\/eldiario.bolivia\\\/\",\"https:\\\/\\\/x.com\\\/eldiario_net\"]},{\"@type\":\"Person\",\"@id\":\"https:\\\/\\\/www.eldiario.net\\\/portal\\\/#\\\/schema\\\/person\\\/f46445640444750d7d753ccd04ae01b7\",\"name\":\"Jeanette\",\"image\":{\"@type\":\"ImageObject\",\"inLanguage\":\"es\",\"@id\":\"https:\\\/\\\/secure.gravatar.com\\\/avatar\\\/3ea2118a5f7dad2b7138b1187a6b7ee55f160b9968b66013c3a3ef39dd7e5798?s=96&d=mm&r=g\",\"url\":\"https:\\\/\\\/secure.gravatar.com\\\/avatar\\\/3ea2118a5f7dad2b7138b1187a6b7ee55f160b9968b66013c3a3ef39dd7e5798?s=96&d=mm&r=g\",\"contentUrl\":\"https:\\\/\\\/secure.gravatar.com\\\/avatar\\\/3ea2118a5f7dad2b7138b1187a6b7ee55f160b9968b66013c3a3ef39dd7e5798?s=96&d=mm&r=g\",\"caption\":\"Jeanette\"},\"sameAs\":[\"https:\\\/\\\/www.eldiario.net\\\/portal\"],\"url\":\"https:\\\/\\\/www.eldiario.net\\\/portal\\\/author\\\/jeanette\\\/\"}]}<\/script>\n<!-- \/ Yoast SEO plugin. -->","yoast_head_json":{"title":"Banco Mundial baja crecimiento a 2,5% para la presente gesti\u00f3n - El Diario - Bolivia","robots":{"index":"index","follow":"follow","max-snippet":"max-snippet:-1","max-image-preview":"max-image-preview:large","max-video-preview":"max-video-preview:-1"},"canonical":"https:\/\/www.eldiario.net\/portal\/2023\/06\/07\/banco-mundial-baja-crecimiento-a-25-para-la-presente-gestion\/","og_locale":"es_ES","og_type":"article","og_title":"Banco Mundial baja crecimiento a 2,5% para la presente gesti\u00f3n - El Diario - Bolivia","og_description":"El crecimiento estimado por el Banco Mundial para Bolivia en abril de la presente gesti\u00f3n fue de 2,7%, pero ahora nuevamente baja a 2,5%, as\u00ed como para el 2024 y 2025, que proyecta s\u00f3lo 2%. La desaceleraci\u00f3n de la econom\u00eda es evidente, a pesar de los anuncios del Gobierno. En enero, la entidad internacional proyect\u00f3 [&hellip;]","og_url":"https:\/\/www.eldiario.net\/portal\/2023\/06\/07\/banco-mundial-baja-crecimiento-a-25-para-la-presente-gestion\/","og_site_name":"El Diario - Bolivia","article_publisher":"https:\/\/www.facebook.com\/eldiario.bolivia\/","article_published_time":"2023-06-07T09:55:48+00:00","og_image":[{"width":578,"height":510,"url":"https:\/\/www.eldiario.net\/portal\/wp-content\/uploads\/2023\/06\/creci.jpg","type":"image\/jpeg"}],"author":"Jeanette","twitter_card":"summary_large_image","twitter_creator":"@eldiario_net","twitter_site":"@eldiario_net","twitter_misc":{"Escrito por":"Jeanette","Tiempo de lectura":"5 minutos"},"schema":{"@context":"https:\/\/schema.org","@graph":[{"@type":"Article","@id":"https:\/\/www.eldiario.net\/portal\/2023\/06\/07\/banco-mundial-baja-crecimiento-a-25-para-la-presente-gestion\/#article","isPartOf":{"@id":"https:\/\/www.eldiario.net\/portal\/2023\/06\/07\/banco-mundial-baja-crecimiento-a-25-para-la-presente-gestion\/"},"author":{"name":"Jeanette","@id":"https:\/\/www.eldiario.net\/portal\/#\/schema\/person\/f46445640444750d7d753ccd04ae01b7"},"headline":"Banco Mundial baja crecimiento a 2,5% para la presente gesti\u00f3n","datePublished":"2023-06-07T09:55:48+00:00","mainEntityOfPage":{"@id":"https:\/\/www.eldiario.net\/portal\/2023\/06\/07\/banco-mundial-baja-crecimiento-a-25-para-la-presente-gestion\/"},"wordCount":983,"publisher":{"@id":"https:\/\/www.eldiario.net\/portal\/#organization"},"image":{"@id":"https:\/\/www.eldiario.net\/portal\/2023\/06\/07\/banco-mundial-baja-crecimiento-a-25-para-la-presente-gestion\/#primaryimage"},"thumbnailUrl":"https:\/\/www.eldiario.net\/portal\/wp-content\/uploads\/2023\/06\/creci.jpg","articleSection":["Econom\u00eda"],"inLanguage":"es"},{"@type":"WebPage","@id":"https:\/\/www.eldiario.net\/portal\/2023\/06\/07\/banco-mundial-baja-crecimiento-a-25-para-la-presente-gestion\/","url":"https:\/\/www.eldiario.net\/portal\/2023\/06\/07\/banco-mundial-baja-crecimiento-a-25-para-la-presente-gestion\/","name":"Banco Mundial baja crecimiento a 2,5% para la presente gesti\u00f3n - El Diario - Bolivia","isPartOf":{"@id":"https:\/\/www.eldiario.net\/portal\/#website"},"primaryImageOfPage":{"@id":"https:\/\/www.eldiario.net\/portal\/2023\/06\/07\/banco-mundial-baja-crecimiento-a-25-para-la-presente-gestion\/#primaryimage"},"image":{"@id":"https:\/\/www.eldiario.net\/portal\/2023\/06\/07\/banco-mundial-baja-crecimiento-a-25-para-la-presente-gestion\/#primaryimage"},"thumbnailUrl":"https:\/\/www.eldiario.net\/portal\/wp-content\/uploads\/2023\/06\/creci.jpg","datePublished":"2023-06-07T09:55:48+00:00","breadcrumb":{"@id":"https:\/\/www.eldiario.net\/portal\/2023\/06\/07\/banco-mundial-baja-crecimiento-a-25-para-la-presente-gestion\/#breadcrumb"},"inLanguage":"es","potentialAction":[{"@type":"ReadAction","target":["https:\/\/www.eldiario.net\/portal\/2023\/06\/07\/banco-mundial-baja-crecimiento-a-25-para-la-presente-gestion\/"]}]},{"@type":"ImageObject","inLanguage":"es","@id":"https:\/\/www.eldiario.net\/portal\/2023\/06\/07\/banco-mundial-baja-crecimiento-a-25-para-la-presente-gestion\/#primaryimage","url":"https:\/\/www.eldiario.net\/portal\/wp-content\/uploads\/2023\/06\/creci.jpg","contentUrl":"https:\/\/www.eldiario.net\/portal\/wp-content\/uploads\/2023\/06\/creci.jpg","width":578,"height":510},{"@type":"BreadcrumbList","@id":"https:\/\/www.eldiario.net\/portal\/2023\/06\/07\/banco-mundial-baja-crecimiento-a-25-para-la-presente-gestion\/#breadcrumb","itemListElement":[{"@type":"ListItem","position":1,"name":"Portada","item":"https:\/\/www.eldiario.net\/portal\/"},{"@type":"ListItem","position":2,"name":"Banco Mundial baja crecimiento a 2,5% para la presente gesti\u00f3n"}]},{"@type":"WebSite","@id":"https:\/\/www.eldiario.net\/portal\/#website","url":"https:\/\/www.eldiario.net\/portal\/","name":"El Diario - Decano de la prensa nacional","description":"El Diario - Decano de la prensa nacional","publisher":{"@id":"https:\/\/www.eldiario.net\/portal\/#organization"},"potentialAction":[{"@type":"SearchAction","target":{"@type":"EntryPoint","urlTemplate":"https:\/\/www.eldiario.net\/portal\/?s={search_term_string}"},"query-input":{"@type":"PropertyValueSpecification","valueRequired":true,"valueName":"search_term_string"}}],"inLanguage":"es"},{"@type":"Organization","@id":"https:\/\/www.eldiario.net\/portal\/#organization","name":"El Diario - Decano de la prensa nacional","url":"https:\/\/www.eldiario.net\/portal\/","logo":{"@type":"ImageObject","inLanguage":"es","@id":"https:\/\/www.eldiario.net\/portal\/#\/schema\/logo\/image\/","url":"https:\/\/www.eldiario.net\/portal\/wp-content\/uploads\/2023\/07\/logo_ED.jpg","contentUrl":"https:\/\/www.eldiario.net\/portal\/wp-content\/uploads\/2023\/07\/logo_ED.jpg","width":272,"height":52,"caption":"El Diario - Decano de la prensa nacional"},"image":{"@id":"https:\/\/www.eldiario.net\/portal\/#\/schema\/logo\/image\/"},"sameAs":["https:\/\/www.facebook.com\/eldiario.bolivia\/","https:\/\/x.com\/eldiario_net"]},{"@type":"Person","@id":"https:\/\/www.eldiario.net\/portal\/#\/schema\/person\/f46445640444750d7d753ccd04ae01b7","name":"Jeanette","image":{"@type":"ImageObject","inLanguage":"es","@id":"https:\/\/secure.gravatar.com\/avatar\/3ea2118a5f7dad2b7138b1187a6b7ee55f160b9968b66013c3a3ef39dd7e5798?s=96&d=mm&r=g","url":"https:\/\/secure.gravatar.com\/avatar\/3ea2118a5f7dad2b7138b1187a6b7ee55f160b9968b66013c3a3ef39dd7e5798?s=96&d=mm&r=g","contentUrl":"https:\/\/secure.gravatar.com\/avatar\/3ea2118a5f7dad2b7138b1187a6b7ee55f160b9968b66013c3a3ef39dd7e5798?s=96&d=mm&r=g","caption":"Jeanette"},"sameAs":["https:\/\/www.eldiario.net\/portal"],"url":"https:\/\/www.eldiario.net\/portal\/author\/jeanette\/"}]}},"_links":{"self":[{"href":"https:\/\/www.eldiario.net\/portal\/wp-json\/wp\/v2\/posts\/158571","targetHints":{"allow":["GET"]}}],"collection":[{"href":"https:\/\/www.eldiario.net\/portal\/wp-json\/wp\/v2\/posts"}],"about":[{"href":"https:\/\/www.eldiario.net\/portal\/wp-json\/wp\/v2\/types\/post"}],"author":[{"embeddable":true,"href":"https:\/\/www.eldiario.net\/portal\/wp-json\/wp\/v2\/users\/1"}],"replies":[{"embeddable":true,"href":"https:\/\/www.eldiario.net\/portal\/wp-json\/wp\/v2\/comments?post=158571"}],"version-history":[{"count":0,"href":"https:\/\/www.eldiario.net\/portal\/wp-json\/wp\/v2\/posts\/158571\/revisions"}],"wp:featuredmedia":[{"embeddable":true,"href":"https:\/\/www.eldiario.net\/portal\/wp-json\/wp\/v2\/media\/158572"}],"wp:attachment":[{"href":"https:\/\/www.eldiario.net\/portal\/wp-json\/wp\/v2\/media?parent=158571"}],"wp:term":[{"taxonomy":"category","embeddable":true,"href":"https:\/\/www.eldiario.net\/portal\/wp-json\/wp\/v2\/categories?post=158571"},{"taxonomy":"post_tag","embeddable":true,"href":"https:\/\/www.eldiario.net\/portal\/wp-json\/wp\/v2\/tags?post=158571"}],"curies":[{"name":"wp","href":"https:\/\/api.w.org\/{rel}","templated":true}]}}