{"id":158568,"date":"2023-06-07T05:55:10","date_gmt":"2023-06-07T09:55:10","guid":{"rendered":"https:\/\/www.eldiario.net\/portal\/?p=158568"},"modified":"2023-06-07T05:55:10","modified_gmt":"2023-06-07T09:55:10","slug":"omg-a-7-de-cada-10-bolivianos-les-preocupa-el-desempleo-y-alza-de-precios-de-la-canasta-basica","status":"publish","type":"post","link":"https:\/\/www.eldiario.net\/portal\/2023\/06\/07\/omg-a-7-de-cada-10-bolivianos-les-preocupa-el-desempleo-y-alza-de-precios-de-la-canasta-basica\/","title":{"rendered":"OMG: A 7 de cada 10 bolivianos, les preocupa el  desempleo y alza de precios de la canasta b\u00e1sica"},"content":{"rendered":"<p>Los bolivianos viven, por un lado, entre la preocupaci\u00f3n por la falta de trabajo (68%) y el incremento de precios de la canasta b\u00e1sica (66%); y por otro, con dificultades para cubrir sus necesidades mensuales (52%), de acuerdo al estudio de Omnicom Media Group (OMG) \u00abIII Ola: 1000 Bolivianos Dicen\u00bb.<br \/>\nIdentific\u00f3 las principales razones a las que los habitantes locales atribuyeron su situaci\u00f3n econ\u00f3mica personal: la crisis econ\u00f3mica (50%) y el contexto pol\u00edtico (39%); siendo la primera una variable constante. La encuesta muestra representatividad de 1000 bolivianos a nivel nacional, realizada entre marzo y abril del 2023.<br \/>\nEntre los primeros hallazgos, se identificaron las principales preocupaciones que aquejan a los encuestados. Los dos principales asuntos que m\u00e1s les quitan el sue\u00f1o: la falta de trabajo y el alza de precios de la canasta b\u00e1sica; le sigue la pobreza (46%), la inseguridad ciudadana (45%), los constantes paros sociales (42%), la pol\u00edtica interna (40%), etc.<br \/>\nEn cuanto a la capacidad de subsistencia mensual, OMG encontr\u00f3 que a la mayor\u00eda le resulta dif\u00edcil llegar a fin de mes por lo que mientras algunos redujeron sus gastos (33%), otros tuvieron que usar parte de sus ahorros (19%). Del otro lado est\u00e1n quienes llegaron a las justas a fin de mes (27%), los que ahorraron un poco de dinero mensualmente (19%) y los que lograron ahorrar bastante (2%).<br \/>\n\u00ab1000 Bolivianos Dicen\u00bb, tambi\u00e9n encontr\u00f3 que priman los sentimientos negativos por parte de los participantes. Por ejemplo, un alto porcentaje manifest\u00f3 sentirse preocupado (73%), estresado (70%), cansado emocionalmente (63%), ansioso (58%), desesperado (53%), triste (52%) y abrumado (49%); mientras que la minor\u00eda afirm\u00f3 sentirse de muy buen humor (33%), contento (33%), tranquilo (27%) y relajado (22%).<br \/>\nAl ser consultados sobre sus perspectivas de cara a los pr\u00f3ximos seis meses, la mayor\u00eda de los habitantes de Bolivia creen que la situaci\u00f3n pol\u00edtica y econ\u00f3mica del pa\u00eds ser\u00e1 peor e igual. Mas, cuando se aborda contextos personales, ellos se muestran menos pesimistas. Por ejemplo, predominan quienes piensan que la situaci\u00f3n en Bolivia para encontrar o mejorar el puesto de trabajo ser\u00e1 igual, as\u00ed como, los que conf\u00edan en que la econom\u00eda de su hogar mantendr\u00e1 el mismo comportamiento.<br \/>\nPara Juan Esteban Pacheco, director de Planificaci\u00f3n Estrat\u00e9gica de OMG, pese a que las perspectivas en torno a contextos pol\u00edticos y econ\u00f3micos generales y personales no son tan alentadoras, los bolivianos empiezan a sentirse m\u00e1s confiados y sienten como si lo peor ya hubiera pasado.<br \/>\nEl an\u00e1lisis evidencia que despu\u00e9s de la pandemia y las crisis suscitadas el boliviano ha aprendido a superar estos escollos, aislando el \u00e1mbito personal del local. Es decir, se enfoca en controlar la econom\u00eda propia y la de su hogar, aunque no pueda manejar el contexto en el que vive.<br \/>\nCanasta b\u00e1sica: \u00bfqu\u00e9 priorizan los bolivianos en su consumo?<br \/>\nEl estudio de OMG explor\u00f3 los h\u00e1bitos de consumo de los bolivianos en cuanto a su canasta b\u00e1sica, encontr\u00e1ndose que el factor econ\u00f3mico impera en su decisi\u00f3n de compra. As\u00ed se identific\u00f3 que sus tres principales prioridades a la hora de comprar en el per\u00edodo analizado fueron: precio (65%), calidad (43%) y promoci\u00f3n 2&#215;1 (43%).<br \/>\nAsimismo, se analiz\u00f3 qu\u00e9 productos y servicios compraron los consultados el \u00faltimo mes en canales offline, online y ambos. Siendo que en el primer caso, destacaron aseo personal (48%), alimentos perecederos (49%) y no perecederos (47%), aseo del hogar (45%), medicamentos en general (40%). En el segundo caso, resaltan los servicios de streaming (31%), clases y cursos (23%), cuentas bancarias (21%), restaurantes-delivery (20%) y videojuegos (14%).<\/p>\n","protected":false},"excerpt":{"rendered":"<p>Los bolivianos viven, por un lado, entre la preocupaci\u00f3n por la falta de trabajo (68%) y el incremento de precios de la canasta b\u00e1sica (66%); y por otro, con dificultades para cubrir sus necesidades mensuales (52%), de acuerdo al estudio de Omnicom Media Group (OMG) \u00abIII Ola: 1000 Bolivianos Dicen\u00bb. Identific\u00f3 las principales razones a [&hellip;]<\/p>\n","protected":false},"author":1,"featured_media":158569,"comment_status":"closed","ping_status":"closed","sticky":false,"template":"","format":"standard","meta":{"_acf_changed":false,"footnotes":""},"categories":[7],"tags":[],"class_list":["post-158568","post","type-post","status-publish","format-standard","has-post-thumbnail","category-economia"],"acf":{"antetitulo":""},"yoast_head":"<!-- This site is optimized with the Yoast SEO plugin v28.3 - https:\/\/yoast.com\/product\/yoast-seo-wordpress\/ -->\n<title>OMG: A 7 de cada 10 bolivianos, les preocupa el desempleo y alza de precios de la canasta b\u00e1sica - El Diario - Bolivia<\/title>\n<meta name=\"robots\" content=\"index, follow, max-snippet:-1, max-image-preview:large, max-video-preview:-1\" \/>\n<link rel=\"canonical\" href=\"https:\/\/www.eldiario.net\/portal\/2023\/06\/07\/omg-a-7-de-cada-10-bolivianos-les-preocupa-el-desempleo-y-alza-de-precios-de-la-canasta-basica\/\" \/>\n<meta property=\"og:locale\" content=\"es_ES\" \/>\n<meta property=\"og:type\" content=\"article\" \/>\n<meta property=\"og:title\" content=\"OMG: A 7 de cada 10 bolivianos, les preocupa el desempleo y alza de precios de la canasta b\u00e1sica - El Diario - Bolivia\" \/>\n<meta property=\"og:description\" content=\"Los bolivianos viven, por un lado, entre la preocupaci\u00f3n por la falta de trabajo (68%) y el incremento de precios de la canasta b\u00e1sica (66%); y por otro, con dificultades para cubrir sus necesidades mensuales (52%), de acuerdo al estudio de Omnicom Media Group (OMG) \u00abIII Ola: 1000 Bolivianos Dicen\u00bb. Identific\u00f3 las principales razones a [&hellip;]\" \/>\n<meta property=\"og:url\" content=\"https:\/\/www.eldiario.net\/portal\/2023\/06\/07\/omg-a-7-de-cada-10-bolivianos-les-preocupa-el-desempleo-y-alza-de-precios-de-la-canasta-basica\/\" \/>\n<meta property=\"og:site_name\" content=\"El Diario - Bolivia\" \/>\n<meta property=\"article:publisher\" content=\"https:\/\/www.facebook.com\/eldiario.bolivia\/\" \/>\n<meta property=\"article:published_time\" content=\"2023-06-07T09:55:10+00:00\" \/>\n<meta property=\"og:image\" content=\"https:\/\/www.eldiario.net\/portal\/wp-content\/uploads\/2023\/06\/OMG.jpg\" \/>\n\t<meta property=\"og:image:width\" content=\"641\" \/>\n\t<meta property=\"og:image:height\" content=\"594\" \/>\n\t<meta property=\"og:image:type\" content=\"image\/jpeg\" \/>\n<meta name=\"author\" content=\"Jeanette\" \/>\n<meta name=\"twitter:card\" content=\"summary_large_image\" \/>\n<meta name=\"twitter:creator\" content=\"@eldiario_net\" \/>\n<meta name=\"twitter:site\" content=\"@eldiario_net\" \/>\n<meta name=\"twitter:label1\" content=\"Escrito por\" \/>\n\t<meta name=\"twitter:data1\" content=\"Jeanette\" \/>\n\t<meta name=\"twitter:label2\" content=\"Tiempo de lectura\" \/>\n\t<meta name=\"twitter:data2\" content=\"3 minutos\" \/>\n<script type=\"application\/ld+json\" class=\"yoast-schema-graph\">{\"@context\":\"https:\\\/\\\/schema.org\",\"@graph\":[{\"@type\":\"Article\",\"@id\":\"https:\\\/\\\/www.eldiario.net\\\/portal\\\/2023\\\/06\\\/07\\\/omg-a-7-de-cada-10-bolivianos-les-preocupa-el-desempleo-y-alza-de-precios-de-la-canasta-basica\\\/#article\",\"isPartOf\":{\"@id\":\"https:\\\/\\\/www.eldiario.net\\\/portal\\\/2023\\\/06\\\/07\\\/omg-a-7-de-cada-10-bolivianos-les-preocupa-el-desempleo-y-alza-de-precios-de-la-canasta-basica\\\/\"},\"author\":{\"name\":\"Jeanette\",\"@id\":\"https:\\\/\\\/www.eldiario.net\\\/portal\\\/#\\\/schema\\\/person\\\/f46445640444750d7d753ccd04ae01b7\"},\"headline\":\"OMG: A 7 de cada 10 bolivianos, les preocupa el desempleo y alza de precios de la canasta b\u00e1sica\",\"datePublished\":\"2023-06-07T09:55:10+00:00\",\"mainEntityOfPage\":{\"@id\":\"https:\\\/\\\/www.eldiario.net\\\/portal\\\/2023\\\/06\\\/07\\\/omg-a-7-de-cada-10-bolivianos-les-preocupa-el-desempleo-y-alza-de-precios-de-la-canasta-basica\\\/\"},\"wordCount\":600,\"publisher\":{\"@id\":\"https:\\\/\\\/www.eldiario.net\\\/portal\\\/#organization\"},\"image\":{\"@id\":\"https:\\\/\\\/www.eldiario.net\\\/portal\\\/2023\\\/06\\\/07\\\/omg-a-7-de-cada-10-bolivianos-les-preocupa-el-desempleo-y-alza-de-precios-de-la-canasta-basica\\\/#primaryimage\"},\"thumbnailUrl\":\"https:\\\/\\\/www.eldiario.net\\\/portal\\\/wp-content\\\/uploads\\\/2023\\\/06\\\/OMG.jpg\",\"articleSection\":[\"Econom\u00eda\"],\"inLanguage\":\"es\"},{\"@type\":\"WebPage\",\"@id\":\"https:\\\/\\\/www.eldiario.net\\\/portal\\\/2023\\\/06\\\/07\\\/omg-a-7-de-cada-10-bolivianos-les-preocupa-el-desempleo-y-alza-de-precios-de-la-canasta-basica\\\/\",\"url\":\"https:\\\/\\\/www.eldiario.net\\\/portal\\\/2023\\\/06\\\/07\\\/omg-a-7-de-cada-10-bolivianos-les-preocupa-el-desempleo-y-alza-de-precios-de-la-canasta-basica\\\/\",\"name\":\"OMG: A 7 de cada 10 bolivianos, les preocupa el desempleo y alza de precios de la canasta b\u00e1sica - El Diario - Bolivia\",\"isPartOf\":{\"@id\":\"https:\\\/\\\/www.eldiario.net\\\/portal\\\/#website\"},\"primaryImageOfPage\":{\"@id\":\"https:\\\/\\\/www.eldiario.net\\\/portal\\\/2023\\\/06\\\/07\\\/omg-a-7-de-cada-10-bolivianos-les-preocupa-el-desempleo-y-alza-de-precios-de-la-canasta-basica\\\/#primaryimage\"},\"image\":{\"@id\":\"https:\\\/\\\/www.eldiario.net\\\/portal\\\/2023\\\/06\\\/07\\\/omg-a-7-de-cada-10-bolivianos-les-preocupa-el-desempleo-y-alza-de-precios-de-la-canasta-basica\\\/#primaryimage\"},\"thumbnailUrl\":\"https:\\\/\\\/www.eldiario.net\\\/portal\\\/wp-content\\\/uploads\\\/2023\\\/06\\\/OMG.jpg\",\"datePublished\":\"2023-06-07T09:55:10+00:00\",\"breadcrumb\":{\"@id\":\"https:\\\/\\\/www.eldiario.net\\\/portal\\\/2023\\\/06\\\/07\\\/omg-a-7-de-cada-10-bolivianos-les-preocupa-el-desempleo-y-alza-de-precios-de-la-canasta-basica\\\/#breadcrumb\"},\"inLanguage\":\"es\",\"potentialAction\":[{\"@type\":\"ReadAction\",\"target\":[\"https:\\\/\\\/www.eldiario.net\\\/portal\\\/2023\\\/06\\\/07\\\/omg-a-7-de-cada-10-bolivianos-les-preocupa-el-desempleo-y-alza-de-precios-de-la-canasta-basica\\\/\"]}]},{\"@type\":\"ImageObject\",\"inLanguage\":\"es\",\"@id\":\"https:\\\/\\\/www.eldiario.net\\\/portal\\\/2023\\\/06\\\/07\\\/omg-a-7-de-cada-10-bolivianos-les-preocupa-el-desempleo-y-alza-de-precios-de-la-canasta-basica\\\/#primaryimage\",\"url\":\"https:\\\/\\\/www.eldiario.net\\\/portal\\\/wp-content\\\/uploads\\\/2023\\\/06\\\/OMG.jpg\",\"contentUrl\":\"https:\\\/\\\/www.eldiario.net\\\/portal\\\/wp-content\\\/uploads\\\/2023\\\/06\\\/OMG.jpg\",\"width\":641,\"height\":594},{\"@type\":\"BreadcrumbList\",\"@id\":\"https:\\\/\\\/www.eldiario.net\\\/portal\\\/2023\\\/06\\\/07\\\/omg-a-7-de-cada-10-bolivianos-les-preocupa-el-desempleo-y-alza-de-precios-de-la-canasta-basica\\\/#breadcrumb\",\"itemListElement\":[{\"@type\":\"ListItem\",\"position\":1,\"name\":\"Portada\",\"item\":\"https:\\\/\\\/www.eldiario.net\\\/portal\\\/\"},{\"@type\":\"ListItem\",\"position\":2,\"name\":\"OMG: A 7 de cada 10 bolivianos, les preocupa el desempleo y alza de precios de la canasta b\u00e1sica\"}]},{\"@type\":\"WebSite\",\"@id\":\"https:\\\/\\\/www.eldiario.net\\\/portal\\\/#website\",\"url\":\"https:\\\/\\\/www.eldiario.net\\\/portal\\\/\",\"name\":\"El Diario - Decano de la prensa nacional\",\"description\":\"El Diario - Decano de la prensa nacional\",\"publisher\":{\"@id\":\"https:\\\/\\\/www.eldiario.net\\\/portal\\\/#organization\"},\"potentialAction\":[{\"@type\":\"SearchAction\",\"target\":{\"@type\":\"EntryPoint\",\"urlTemplate\":\"https:\\\/\\\/www.eldiario.net\\\/portal\\\/?s={search_term_string}\"},\"query-input\":{\"@type\":\"PropertyValueSpecification\",\"valueRequired\":true,\"valueName\":\"search_term_string\"}}],\"inLanguage\":\"es\"},{\"@type\":\"Organization\",\"@id\":\"https:\\\/\\\/www.eldiario.net\\\/portal\\\/#organization\",\"name\":\"El Diario - Decano de la prensa nacional\",\"url\":\"https:\\\/\\\/www.eldiario.net\\\/portal\\\/\",\"logo\":{\"@type\":\"ImageObject\",\"inLanguage\":\"es\",\"@id\":\"https:\\\/\\\/www.eldiario.net\\\/portal\\\/#\\\/schema\\\/logo\\\/image\\\/\",\"url\":\"https:\\\/\\\/www.eldiario.net\\\/portal\\\/wp-content\\\/uploads\\\/2023\\\/07\\\/logo_ED.jpg\",\"contentUrl\":\"https:\\\/\\\/www.eldiario.net\\\/portal\\\/wp-content\\\/uploads\\\/2023\\\/07\\\/logo_ED.jpg\",\"width\":272,\"height\":52,\"caption\":\"El Diario - Decano de la prensa nacional\"},\"image\":{\"@id\":\"https:\\\/\\\/www.eldiario.net\\\/portal\\\/#\\\/schema\\\/logo\\\/image\\\/\"},\"sameAs\":[\"https:\\\/\\\/www.facebook.com\\\/eldiario.bolivia\\\/\",\"https:\\\/\\\/x.com\\\/eldiario_net\"]},{\"@type\":\"Person\",\"@id\":\"https:\\\/\\\/www.eldiario.net\\\/portal\\\/#\\\/schema\\\/person\\\/f46445640444750d7d753ccd04ae01b7\",\"name\":\"Jeanette\",\"image\":{\"@type\":\"ImageObject\",\"inLanguage\":\"es\",\"@id\":\"https:\\\/\\\/secure.gravatar.com\\\/avatar\\\/3ea2118a5f7dad2b7138b1187a6b7ee55f160b9968b66013c3a3ef39dd7e5798?s=96&d=mm&r=g\",\"url\":\"https:\\\/\\\/secure.gravatar.com\\\/avatar\\\/3ea2118a5f7dad2b7138b1187a6b7ee55f160b9968b66013c3a3ef39dd7e5798?s=96&d=mm&r=g\",\"contentUrl\":\"https:\\\/\\\/secure.gravatar.com\\\/avatar\\\/3ea2118a5f7dad2b7138b1187a6b7ee55f160b9968b66013c3a3ef39dd7e5798?s=96&d=mm&r=g\",\"caption\":\"Jeanette\"},\"sameAs\":[\"https:\\\/\\\/www.eldiario.net\\\/portal\"],\"url\":\"https:\\\/\\\/www.eldiario.net\\\/portal\\\/author\\\/jeanette\\\/\"}]}<\/script>\n<!-- \/ Yoast SEO plugin. -->","yoast_head_json":{"title":"OMG: A 7 de cada 10 bolivianos, les preocupa el desempleo y alza de precios de la canasta b\u00e1sica - El Diario - Bolivia","robots":{"index":"index","follow":"follow","max-snippet":"max-snippet:-1","max-image-preview":"max-image-preview:large","max-video-preview":"max-video-preview:-1"},"canonical":"https:\/\/www.eldiario.net\/portal\/2023\/06\/07\/omg-a-7-de-cada-10-bolivianos-les-preocupa-el-desempleo-y-alza-de-precios-de-la-canasta-basica\/","og_locale":"es_ES","og_type":"article","og_title":"OMG: A 7 de cada 10 bolivianos, les preocupa el desempleo y alza de precios de la canasta b\u00e1sica - El Diario - Bolivia","og_description":"Los bolivianos viven, por un lado, entre la preocupaci\u00f3n por la falta de trabajo (68%) y el incremento de precios de la canasta b\u00e1sica (66%); y por otro, con dificultades para cubrir sus necesidades mensuales (52%), de acuerdo al estudio de Omnicom Media Group (OMG) \u00abIII Ola: 1000 Bolivianos Dicen\u00bb. Identific\u00f3 las principales razones a [&hellip;]","og_url":"https:\/\/www.eldiario.net\/portal\/2023\/06\/07\/omg-a-7-de-cada-10-bolivianos-les-preocupa-el-desempleo-y-alza-de-precios-de-la-canasta-basica\/","og_site_name":"El Diario - Bolivia","article_publisher":"https:\/\/www.facebook.com\/eldiario.bolivia\/","article_published_time":"2023-06-07T09:55:10+00:00","og_image":[{"width":641,"height":594,"url":"https:\/\/www.eldiario.net\/portal\/wp-content\/uploads\/2023\/06\/OMG.jpg","type":"image\/jpeg"}],"author":"Jeanette","twitter_card":"summary_large_image","twitter_creator":"@eldiario_net","twitter_site":"@eldiario_net","twitter_misc":{"Escrito por":"Jeanette","Tiempo de lectura":"3 minutos"},"schema":{"@context":"https:\/\/schema.org","@graph":[{"@type":"Article","@id":"https:\/\/www.eldiario.net\/portal\/2023\/06\/07\/omg-a-7-de-cada-10-bolivianos-les-preocupa-el-desempleo-y-alza-de-precios-de-la-canasta-basica\/#article","isPartOf":{"@id":"https:\/\/www.eldiario.net\/portal\/2023\/06\/07\/omg-a-7-de-cada-10-bolivianos-les-preocupa-el-desempleo-y-alza-de-precios-de-la-canasta-basica\/"},"author":{"name":"Jeanette","@id":"https:\/\/www.eldiario.net\/portal\/#\/schema\/person\/f46445640444750d7d753ccd04ae01b7"},"headline":"OMG: A 7 de cada 10 bolivianos, les preocupa el desempleo y alza de precios de la canasta b\u00e1sica","datePublished":"2023-06-07T09:55:10+00:00","mainEntityOfPage":{"@id":"https:\/\/www.eldiario.net\/portal\/2023\/06\/07\/omg-a-7-de-cada-10-bolivianos-les-preocupa-el-desempleo-y-alza-de-precios-de-la-canasta-basica\/"},"wordCount":600,"publisher":{"@id":"https:\/\/www.eldiario.net\/portal\/#organization"},"image":{"@id":"https:\/\/www.eldiario.net\/portal\/2023\/06\/07\/omg-a-7-de-cada-10-bolivianos-les-preocupa-el-desempleo-y-alza-de-precios-de-la-canasta-basica\/#primaryimage"},"thumbnailUrl":"https:\/\/www.eldiario.net\/portal\/wp-content\/uploads\/2023\/06\/OMG.jpg","articleSection":["Econom\u00eda"],"inLanguage":"es"},{"@type":"WebPage","@id":"https:\/\/www.eldiario.net\/portal\/2023\/06\/07\/omg-a-7-de-cada-10-bolivianos-les-preocupa-el-desempleo-y-alza-de-precios-de-la-canasta-basica\/","url":"https:\/\/www.eldiario.net\/portal\/2023\/06\/07\/omg-a-7-de-cada-10-bolivianos-les-preocupa-el-desempleo-y-alza-de-precios-de-la-canasta-basica\/","name":"OMG: A 7 de cada 10 bolivianos, les preocupa el desempleo y alza de precios de la canasta b\u00e1sica - El Diario - Bolivia","isPartOf":{"@id":"https:\/\/www.eldiario.net\/portal\/#website"},"primaryImageOfPage":{"@id":"https:\/\/www.eldiario.net\/portal\/2023\/06\/07\/omg-a-7-de-cada-10-bolivianos-les-preocupa-el-desempleo-y-alza-de-precios-de-la-canasta-basica\/#primaryimage"},"image":{"@id":"https:\/\/www.eldiario.net\/portal\/2023\/06\/07\/omg-a-7-de-cada-10-bolivianos-les-preocupa-el-desempleo-y-alza-de-precios-de-la-canasta-basica\/#primaryimage"},"thumbnailUrl":"https:\/\/www.eldiario.net\/portal\/wp-content\/uploads\/2023\/06\/OMG.jpg","datePublished":"2023-06-07T09:55:10+00:00","breadcrumb":{"@id":"https:\/\/www.eldiario.net\/portal\/2023\/06\/07\/omg-a-7-de-cada-10-bolivianos-les-preocupa-el-desempleo-y-alza-de-precios-de-la-canasta-basica\/#breadcrumb"},"inLanguage":"es","potentialAction":[{"@type":"ReadAction","target":["https:\/\/www.eldiario.net\/portal\/2023\/06\/07\/omg-a-7-de-cada-10-bolivianos-les-preocupa-el-desempleo-y-alza-de-precios-de-la-canasta-basica\/"]}]},{"@type":"ImageObject","inLanguage":"es","@id":"https:\/\/www.eldiario.net\/portal\/2023\/06\/07\/omg-a-7-de-cada-10-bolivianos-les-preocupa-el-desempleo-y-alza-de-precios-de-la-canasta-basica\/#primaryimage","url":"https:\/\/www.eldiario.net\/portal\/wp-content\/uploads\/2023\/06\/OMG.jpg","contentUrl":"https:\/\/www.eldiario.net\/portal\/wp-content\/uploads\/2023\/06\/OMG.jpg","width":641,"height":594},{"@type":"BreadcrumbList","@id":"https:\/\/www.eldiario.net\/portal\/2023\/06\/07\/omg-a-7-de-cada-10-bolivianos-les-preocupa-el-desempleo-y-alza-de-precios-de-la-canasta-basica\/#breadcrumb","itemListElement":[{"@type":"ListItem","position":1,"name":"Portada","item":"https:\/\/www.eldiario.net\/portal\/"},{"@type":"ListItem","position":2,"name":"OMG: A 7 de cada 10 bolivianos, les preocupa el desempleo y alza de precios de la canasta b\u00e1sica"}]},{"@type":"WebSite","@id":"https:\/\/www.eldiario.net\/portal\/#website","url":"https:\/\/www.eldiario.net\/portal\/","name":"El Diario - Decano de la prensa nacional","description":"El Diario - Decano de la prensa nacional","publisher":{"@id":"https:\/\/www.eldiario.net\/portal\/#organization"},"potentialAction":[{"@type":"SearchAction","target":{"@type":"EntryPoint","urlTemplate":"https:\/\/www.eldiario.net\/portal\/?s={search_term_string}"},"query-input":{"@type":"PropertyValueSpecification","valueRequired":true,"valueName":"search_term_string"}}],"inLanguage":"es"},{"@type":"Organization","@id":"https:\/\/www.eldiario.net\/portal\/#organization","name":"El Diario - Decano de la prensa nacional","url":"https:\/\/www.eldiario.net\/portal\/","logo":{"@type":"ImageObject","inLanguage":"es","@id":"https:\/\/www.eldiario.net\/portal\/#\/schema\/logo\/image\/","url":"https:\/\/www.eldiario.net\/portal\/wp-content\/uploads\/2023\/07\/logo_ED.jpg","contentUrl":"https:\/\/www.eldiario.net\/portal\/wp-content\/uploads\/2023\/07\/logo_ED.jpg","width":272,"height":52,"caption":"El Diario - Decano de la prensa nacional"},"image":{"@id":"https:\/\/www.eldiario.net\/portal\/#\/schema\/logo\/image\/"},"sameAs":["https:\/\/www.facebook.com\/eldiario.bolivia\/","https:\/\/x.com\/eldiario_net"]},{"@type":"Person","@id":"https:\/\/www.eldiario.net\/portal\/#\/schema\/person\/f46445640444750d7d753ccd04ae01b7","name":"Jeanette","image":{"@type":"ImageObject","inLanguage":"es","@id":"https:\/\/secure.gravatar.com\/avatar\/3ea2118a5f7dad2b7138b1187a6b7ee55f160b9968b66013c3a3ef39dd7e5798?s=96&d=mm&r=g","url":"https:\/\/secure.gravatar.com\/avatar\/3ea2118a5f7dad2b7138b1187a6b7ee55f160b9968b66013c3a3ef39dd7e5798?s=96&d=mm&r=g","contentUrl":"https:\/\/secure.gravatar.com\/avatar\/3ea2118a5f7dad2b7138b1187a6b7ee55f160b9968b66013c3a3ef39dd7e5798?s=96&d=mm&r=g","caption":"Jeanette"},"sameAs":["https:\/\/www.eldiario.net\/portal"],"url":"https:\/\/www.eldiario.net\/portal\/author\/jeanette\/"}]}},"_links":{"self":[{"href":"https:\/\/www.eldiario.net\/portal\/wp-json\/wp\/v2\/posts\/158568","targetHints":{"allow":["GET"]}}],"collection":[{"href":"https:\/\/www.eldiario.net\/portal\/wp-json\/wp\/v2\/posts"}],"about":[{"href":"https:\/\/www.eldiario.net\/portal\/wp-json\/wp\/v2\/types\/post"}],"author":[{"embeddable":true,"href":"https:\/\/www.eldiario.net\/portal\/wp-json\/wp\/v2\/users\/1"}],"replies":[{"embeddable":true,"href":"https:\/\/www.eldiario.net\/portal\/wp-json\/wp\/v2\/comments?post=158568"}],"version-history":[{"count":0,"href":"https:\/\/www.eldiario.net\/portal\/wp-json\/wp\/v2\/posts\/158568\/revisions"}],"wp:featuredmedia":[{"embeddable":true,"href":"https:\/\/www.eldiario.net\/portal\/wp-json\/wp\/v2\/media\/158569"}],"wp:attachment":[{"href":"https:\/\/www.eldiario.net\/portal\/wp-json\/wp\/v2\/media?parent=158568"}],"wp:term":[{"taxonomy":"category","embeddable":true,"href":"https:\/\/www.eldiario.net\/portal\/wp-json\/wp\/v2\/categories?post=158568"},{"taxonomy":"post_tag","embeddable":true,"href":"https:\/\/www.eldiario.net\/portal\/wp-json\/wp\/v2\/tags?post=158568"}],"curies":[{"name":"wp","href":"https:\/\/api.w.org\/{rel}","templated":true}]}}